{"id":103481,"date":"2024-04-10T14:29:02","date_gmt":"2024-04-10T17:29:02","guid":{"rendered":"https:\/\/regiaonews.net.br\/2022\/?p=103481"},"modified":"2024-04-10T14:29:02","modified_gmt":"2024-04-10T17:29:02","slug":"saae-barretos-lanca-segunda-temporada-do-programa-super-conscientes-na-tv-camara-barretos-na-proxima-segunda-feira-dia-15","status":"publish","type":"post","link":"https:\/\/regiaonews.net.br\/2022\/2024\/04\/10\/saae-barretos-lanca-segunda-temporada-do-programa-super-conscientes-na-tv-camara-barretos-na-proxima-segunda-feira-dia-15\/","title":{"rendered":"SAAE Barretos lan\u00e7a segunda temporada do programa &#8220;Super Conscientes&#8221; na TV C\u00e2mara Barretos na pr\u00f3xima segunda-feira, dia 15"},"content":{"rendered":"<h3 style=\"text-align: center;\">A nova temporada do programa de educa\u00e7\u00e3o ambiental do SAAE Barretos adota o formato de game show<\/h3>\n<p>A Prefeitura da Est\u00e2ncia Tur\u00edstica de Barretos, atrav\u00e9s do Servi\u00e7o Aut\u00f4nomo de \u00c1gua e Esgoto (SAAEB), em parceria com a Secretaria Municipal de Educa\u00e7\u00e3o, lan\u00e7a a segunda temporada do programa &#8220;Super Conscientes&#8221; na pr\u00f3xima segunda-feira, dia 15 de abril, \u00e0s 18h30, na TV C\u00e2mara Barretos 31.3. Ap\u00f3s o sucesso da primeira temporada, que introduziu conceitos de sustentabilidade e pr\u00e1ticas ambientais de forma l\u00fadica, o programa retorna com novidades que prometem engajar ainda mais o p\u00fablico infantil.<\/p>\n<p>Na primeira temporada, o programa destacou-se por sua abordagem teatral e educativa, conduzida pela personagem Hidrogirl, que trouxe ensinamentos ambientais de maneira divertida e acess\u00edvel. Agora, em sua segunda temporada, o &#8220;Super Conscientes&#8221; adota um formato de game show, onde Hidrogirl, interpretada por Samyra Gon\u00e7alves, envolver\u00e1 estudantes do 3\u00ba ano do ensino fundamental em um ambiente de aprendizado e divers\u00e3o na busca de libertar os recicl\u00f3ides da Cocol\u00e2ndia.<\/p>\n<p>O novo formato ser\u00e1 mais din\u00e2mico e interativo, com participa\u00e7\u00e3o direta dos alunos das escolas municipais. As grava\u00e7\u00f5es iniciaram na tarde do dia 9 de abril, com alunos das escolas municipais Matilde Gitay e An\u00e1lia Franco.<\/p>\n<p>A parceria com a Secretaria Municipal de Educa\u00e7\u00e3o \u00e9 fundamental para o sucesso do &#8216;Super Conscientes&#8217;, um programa de educa\u00e7\u00e3o ambiental que mistura em uma competi\u00e7\u00e3o a fantasia, o entretenimento e conscientiza\u00e7\u00e3o. Juntos, estamos comprometidos em promover uma educa\u00e7\u00e3o ambiental de qualidade, que n\u00e3o s\u00f3 informa, mas tamb\u00e9m inspira nossas crian\u00e7as a se tornarem agentes de mudan\u00e7a para um futuro sustent\u00e1vel&#8221;, destaca o superintendente do SAAEB, Marcelo Borges.<\/p>\n<p>A segunda temporada de &#8220;Super Conscientes&#8221; vai ao ar todas as segundas-feiras, \u00e0s 18h30, na TV C\u00e2mara Barretos (31.3), consolidando o compromisso do SAAEB e da Secretaria Municipal de Educa\u00e7\u00e3o em promover a conscientiza\u00e7\u00e3o ambiental na comunidade de Barretos. E a emissora continuar\u00e1 reprisando em sua programa\u00e7\u00e3o os epis\u00f3dios da primeira temporada.<\/p>\n<p>Legenda 1: Superintendente Marcelo Borges &#8211; Hidrogirl e alunos das E.M. Matilde Gitay e An\u00e1lia Franco<\/p>\n<p>Legenda 2: Ravi, Enzo e Henrique da E.M. Matilde Gitay<\/p>\n<p>SAAE Barretos \u2013 10 de abril de 2024<br \/>\nAssessoria de Imprensa<br \/>\nwww.saaeb.com.br<\/p>\n","protected":false},"excerpt":{"rendered":"<p>A nova temporada do programa de educa\u00e7\u00e3o ambiental do SAAE<\/p>\n","protected":false},"author":2,"featured_media":103482,"comment_status":"open","ping_status":"open","sticky":false,"template":"","format":"standard","meta":{"footnotes":""},"categories":[14,3],"tags":[],"class_list":["post-103481","post","type-post","status-publish","format-standard","has-post-thumbnail","hentry","category-barretos","category-geral"],"yoast_head":"<!-- This site is optimized with the Yoast SEO plugin v27.4 - https:\/\/yoast.com\/product\/yoast-seo-wordpress\/ -->\n<title>SAAE Barretos lan\u00e7a segunda temporada do programa &quot;Super Conscientes&quot; na TV C\u00e2mara Barretos na pr\u00f3xima segunda-feira, dia 15 - Regi\u00e3o News<\/title>\n<meta name=\"robots\" content=\"index, follow, max-snippet:-1, max-image-preview:large, max-video-preview:-1\" \/>\n<link rel=\"canonical\" href=\"https:\/\/regiaonews.net.br\/2022\/2024\/04\/10\/saae-barretos-lanca-segunda-temporada-do-programa-super-conscientes-na-tv-camara-barretos-na-proxima-segunda-feira-dia-15\/\" \/>\n<meta property=\"og:locale\" content=\"pt_BR\" \/>\n<meta property=\"og:type\" content=\"article\" \/>\n<meta property=\"og:title\" content=\"SAAE Barretos lan\u00e7a segunda temporada do programa &quot;Super Conscientes&quot; na TV C\u00e2mara Barretos na pr\u00f3xima segunda-feira, dia 15 - Regi\u00e3o News\" \/>\n<meta property=\"og:description\" content=\"A nova temporada do programa de educa\u00e7\u00e3o ambiental do SAAE\" \/>\n<meta property=\"og:url\" content=\"https:\/\/regiaonews.net.br\/2022\/2024\/04\/10\/saae-barretos-lanca-segunda-temporada-do-programa-super-conscientes-na-tv-camara-barretos-na-proxima-segunda-feira-dia-15\/\" \/>\n<meta property=\"og:site_name\" content=\"Regi\u00e3o News\" \/>\n<meta property=\"article:published_time\" content=\"2024-04-10T17:29:02+00:00\" \/>\n<meta property=\"og:image\" content=\"https:\/\/regiaonews.net.br\/2022\/wp-content\/uploads\/2024\/04\/Imagem-do-WhatsApp-de-2024-04-10-as-11.33.23_227c9e98.jpg\" \/>\n\t<meta property=\"og:image:width\" content=\"1600\" \/>\n\t<meta property=\"og:image:height\" content=\"1066\" \/>\n\t<meta property=\"og:image:type\" content=\"image\/jpeg\" \/>\n<meta name=\"author\" content=\"Roberto\" \/>\n<meta name=\"twitter:card\" content=\"summary_large_image\" \/>\n<meta name=\"twitter:label1\" content=\"Escrito por\" \/>\n\t<meta name=\"twitter:data1\" content=\"Roberto\" \/>\n\t<meta name=\"twitter:label2\" content=\"Est. tempo de leitura\" \/>\n\t<meta name=\"twitter:data2\" content=\"2 minutos\" \/>\n<script type=\"application\/ld+json\" class=\"yoast-schema-graph\">{\"@context\":\"https:\\\/\\\/schema.org\",\"@graph\":[{\"@type\":\"Article\",\"@id\":\"https:\\\/\\\/regiaonews.net.br\\\/2022\\\/2024\\\/04\\\/10\\\/saae-barretos-lanca-segunda-temporada-do-programa-super-conscientes-na-tv-camara-barretos-na-proxima-segunda-feira-dia-15\\\/#article\",\"isPartOf\":{\"@id\":\"https:\\\/\\\/regiaonews.net.br\\\/2022\\\/2024\\\/04\\\/10\\\/saae-barretos-lanca-segunda-temporada-do-programa-super-conscientes-na-tv-camara-barretos-na-proxima-segunda-feira-dia-15\\\/\"},\"author\":{\"name\":\"Roberto\",\"@id\":\"https:\\\/\\\/regiaonews.net.br\\\/2022\\\/#\\\/schema\\\/person\\\/2d205a608a5aa97ac279d7a5e6d89ad8\"},\"headline\":\"SAAE Barretos lan\u00e7a segunda temporada do programa &#8220;Super Conscientes&#8221; na TV C\u00e2mara Barretos na pr\u00f3xima segunda-feira, dia 15\",\"datePublished\":\"2024-04-10T17:29:02+00:00\",\"mainEntityOfPage\":{\"@id\":\"https:\\\/\\\/regiaonews.net.br\\\/2022\\\/2024\\\/04\\\/10\\\/saae-barretos-lanca-segunda-temporada-do-programa-super-conscientes-na-tv-camara-barretos-na-proxima-segunda-feira-dia-15\\\/\"},\"wordCount\":408,\"commentCount\":0,\"publisher\":{\"@id\":\"https:\\\/\\\/regiaonews.net.br\\\/2022\\\/#organization\"},\"image\":{\"@id\":\"https:\\\/\\\/regiaonews.net.br\\\/2022\\\/2024\\\/04\\\/10\\\/saae-barretos-lanca-segunda-temporada-do-programa-super-conscientes-na-tv-camara-barretos-na-proxima-segunda-feira-dia-15\\\/#primaryimage\"},\"thumbnailUrl\":\"https:\\\/\\\/regiaonews.net.br\\\/2022\\\/wp-content\\\/uploads\\\/2024\\\/04\\\/Imagem-do-WhatsApp-de-2024-04-10-as-11.33.23_227c9e98.jpg\",\"articleSection\":[\"Barretos\",\"Geral\"],\"inLanguage\":\"pt-BR\",\"potentialAction\":[{\"@type\":\"CommentAction\",\"name\":\"Comment\",\"target\":[\"https:\\\/\\\/regiaonews.net.br\\\/2022\\\/2024\\\/04\\\/10\\\/saae-barretos-lanca-segunda-temporada-do-programa-super-conscientes-na-tv-camara-barretos-na-proxima-segunda-feira-dia-15\\\/#respond\"]}]},{\"@type\":\"WebPage\",\"@id\":\"https:\\\/\\\/regiaonews.net.br\\\/2022\\\/2024\\\/04\\\/10\\\/saae-barretos-lanca-segunda-temporada-do-programa-super-conscientes-na-tv-camara-barretos-na-proxima-segunda-feira-dia-15\\\/\",\"url\":\"https:\\\/\\\/regiaonews.net.br\\\/2022\\\/2024\\\/04\\\/10\\\/saae-barretos-lanca-segunda-temporada-do-programa-super-conscientes-na-tv-camara-barretos-na-proxima-segunda-feira-dia-15\\\/\",\"name\":\"SAAE Barretos lan\u00e7a segunda temporada do programa \\\"Super Conscientes\\\" na TV C\u00e2mara Barretos na pr\u00f3xima segunda-feira, dia 15 - Regi\u00e3o News\",\"isPartOf\":{\"@id\":\"https:\\\/\\\/regiaonews.net.br\\\/2022\\\/#website\"},\"primaryImageOfPage\":{\"@id\":\"https:\\\/\\\/regiaonews.net.br\\\/2022\\\/2024\\\/04\\\/10\\\/saae-barretos-lanca-segunda-temporada-do-programa-super-conscientes-na-tv-camara-barretos-na-proxima-segunda-feira-dia-15\\\/#primaryimage\"},\"image\":{\"@id\":\"https:\\\/\\\/regiaonews.net.br\\\/2022\\\/2024\\\/04\\\/10\\\/saae-barretos-lanca-segunda-temporada-do-programa-super-conscientes-na-tv-camara-barretos-na-proxima-segunda-feira-dia-15\\\/#primaryimage\"},\"thumbnailUrl\":\"https:\\\/\\\/regiaonews.net.br\\\/2022\\\/wp-content\\\/uploads\\\/2024\\\/04\\\/Imagem-do-WhatsApp-de-2024-04-10-as-11.33.23_227c9e98.jpg\",\"datePublished\":\"2024-04-10T17:29:02+00:00\",\"breadcrumb\":{\"@id\":\"https:\\\/\\\/regiaonews.net.br\\\/2022\\\/2024\\\/04\\\/10\\\/saae-barretos-lanca-segunda-temporada-do-programa-super-conscientes-na-tv-camara-barretos-na-proxima-segunda-feira-dia-15\\\/#breadcrumb\"},\"inLanguage\":\"pt-BR\",\"potentialAction\":[{\"@type\":\"ReadAction\",\"target\":[\"https:\\\/\\\/regiaonews.net.br\\\/2022\\\/2024\\\/04\\\/10\\\/saae-barretos-lanca-segunda-temporada-do-programa-super-conscientes-na-tv-camara-barretos-na-proxima-segunda-feira-dia-15\\\/\"]}]},{\"@type\":\"ImageObject\",\"inLanguage\":\"pt-BR\",\"@id\":\"https:\\\/\\\/regiaonews.net.br\\\/2022\\\/2024\\\/04\\\/10\\\/saae-barretos-lanca-segunda-temporada-do-programa-super-conscientes-na-tv-camara-barretos-na-proxima-segunda-feira-dia-15\\\/#primaryimage\",\"url\":\"https:\\\/\\\/regiaonews.net.br\\\/2022\\\/wp-content\\\/uploads\\\/2024\\\/04\\\/Imagem-do-WhatsApp-de-2024-04-10-as-11.33.23_227c9e98.jpg\",\"contentUrl\":\"https:\\\/\\\/regiaonews.net.br\\\/2022\\\/wp-content\\\/uploads\\\/2024\\\/04\\\/Imagem-do-WhatsApp-de-2024-04-10-as-11.33.23_227c9e98.jpg\",\"width\":1600,\"height\":1066},{\"@type\":\"BreadcrumbList\",\"@id\":\"https:\\\/\\\/regiaonews.net.br\\\/2022\\\/2024\\\/04\\\/10\\\/saae-barretos-lanca-segunda-temporada-do-programa-super-conscientes-na-tv-camara-barretos-na-proxima-segunda-feira-dia-15\\\/#breadcrumb\",\"itemListElement\":[{\"@type\":\"ListItem\",\"position\":1,\"name\":\"In\u00edcio\",\"item\":\"https:\\\/\\\/regiaonews.net.br\\\/2022\\\/\"},{\"@type\":\"ListItem\",\"position\":2,\"name\":\"SAAE Barretos lan\u00e7a segunda temporada do programa &#8220;Super Conscientes&#8221; na TV C\u00e2mara Barretos na pr\u00f3xima segunda-feira, dia 15\"}]},{\"@type\":\"WebSite\",\"@id\":\"https:\\\/\\\/regiaonews.net.br\\\/2022\\\/#website\",\"url\":\"https:\\\/\\\/regiaonews.net.br\\\/2022\\\/\",\"name\":\"Regi\u00e3o News\",\"description\":\"Site de Not\u00edcias de Barretos e regi\u00e3o\",\"publisher\":{\"@id\":\"https:\\\/\\\/regiaonews.net.br\\\/2022\\\/#organization\"},\"potentialAction\":[{\"@type\":\"SearchAction\",\"target\":{\"@type\":\"EntryPoint\",\"urlTemplate\":\"https:\\\/\\\/regiaonews.net.br\\\/2022\\\/?s={search_term_string}\"},\"query-input\":{\"@type\":\"PropertyValueSpecification\",\"valueRequired\":true,\"valueName\":\"search_term_string\"}}],\"inLanguage\":\"pt-BR\"},{\"@type\":\"Organization\",\"@id\":\"https:\\\/\\\/regiaonews.net.br\\\/2022\\\/#organization\",\"name\":\"Regi\u00e3o News\",\"url\":\"https:\\\/\\\/regiaonews.net.br\\\/2022\\\/\",\"logo\":{\"@type\":\"ImageObject\",\"inLanguage\":\"pt-BR\",\"@id\":\"https:\\\/\\\/regiaonews.net.br\\\/2022\\\/#\\\/schema\\\/logo\\\/image\\\/\",\"url\":\"https:\\\/\\\/regiaonews.net.br\\\/2022\\\/wp-content\\\/uploads\\\/2026\\\/03\\\/regiao-13-anos-scaled.jpg\",\"contentUrl\":\"https:\\\/\\\/regiaonews.net.br\\\/2022\\\/wp-content\\\/uploads\\\/2026\\\/03\\\/regiao-13-anos-scaled.jpg\",\"width\":2560,\"height\":635,\"caption\":\"Regi\u00e3o News\"},\"image\":{\"@id\":\"https:\\\/\\\/regiaonews.net.br\\\/2022\\\/#\\\/schema\\\/logo\\\/image\\\/\"}},{\"@type\":\"Person\",\"@id\":\"https:\\\/\\\/regiaonews.net.br\\\/2022\\\/#\\\/schema\\\/person\\\/2d205a608a5aa97ac279d7a5e6d89ad8\",\"name\":\"Roberto\",\"image\":{\"@type\":\"ImageObject\",\"inLanguage\":\"pt-BR\",\"@id\":\"https:\\\/\\\/secure.gravatar.com\\\/avatar\\\/42749d8b712ff9d59ca93dc150494e5b55a44134482993f5baeb97e61b7ecc89?s=96&d=mm&r=g\",\"url\":\"https:\\\/\\\/secure.gravatar.com\\\/avatar\\\/42749d8b712ff9d59ca93dc150494e5b55a44134482993f5baeb97e61b7ecc89?s=96&d=mm&r=g\",\"contentUrl\":\"https:\\\/\\\/secure.gravatar.com\\\/avatar\\\/42749d8b712ff9d59ca93dc150494e5b55a44134482993f5baeb97e61b7ecc89?s=96&d=mm&r=g\",\"caption\":\"Roberto\"},\"url\":\"https:\\\/\\\/regiaonews.net.br\\\/2022\\\/author\\\/roberto\\\/\"}]}<\/script>\n<!-- \/ Yoast SEO plugin. -->","yoast_head_json":{"title":"SAAE Barretos lan\u00e7a segunda temporada do programa \"Super Conscientes\" na TV C\u00e2mara Barretos na pr\u00f3xima segunda-feira, dia 15 - Regi\u00e3o News","robots":{"index":"index","follow":"follow","max-snippet":"max-snippet:-1","max-image-preview":"max-image-preview:large","max-video-preview":"max-video-preview:-1"},"canonical":"https:\/\/regiaonews.net.br\/2022\/2024\/04\/10\/saae-barretos-lanca-segunda-temporada-do-programa-super-conscientes-na-tv-camara-barretos-na-proxima-segunda-feira-dia-15\/","og_locale":"pt_BR","og_type":"article","og_title":"SAAE Barretos lan\u00e7a segunda temporada do programa \"Super Conscientes\" na TV C\u00e2mara Barretos na pr\u00f3xima segunda-feira, dia 15 - Regi\u00e3o News","og_description":"A nova temporada do programa de educa\u00e7\u00e3o ambiental do SAAE","og_url":"https:\/\/regiaonews.net.br\/2022\/2024\/04\/10\/saae-barretos-lanca-segunda-temporada-do-programa-super-conscientes-na-tv-camara-barretos-na-proxima-segunda-feira-dia-15\/","og_site_name":"Regi\u00e3o News","article_published_time":"2024-04-10T17:29:02+00:00","og_image":[{"width":1600,"height":1066,"url":"https:\/\/regiaonews.net.br\/2022\/wp-content\/uploads\/2024\/04\/Imagem-do-WhatsApp-de-2024-04-10-as-11.33.23_227c9e98.jpg","type":"image\/jpeg"}],"author":"Roberto","twitter_card":"summary_large_image","twitter_misc":{"Escrito por":"Roberto","Est. tempo de leitura":"2 minutos"},"schema":{"@context":"https:\/\/schema.org","@graph":[{"@type":"Article","@id":"https:\/\/regiaonews.net.br\/2022\/2024\/04\/10\/saae-barretos-lanca-segunda-temporada-do-programa-super-conscientes-na-tv-camara-barretos-na-proxima-segunda-feira-dia-15\/#article","isPartOf":{"@id":"https:\/\/regiaonews.net.br\/2022\/2024\/04\/10\/saae-barretos-lanca-segunda-temporada-do-programa-super-conscientes-na-tv-camara-barretos-na-proxima-segunda-feira-dia-15\/"},"author":{"name":"Roberto","@id":"https:\/\/regiaonews.net.br\/2022\/#\/schema\/person\/2d205a608a5aa97ac279d7a5e6d89ad8"},"headline":"SAAE Barretos lan\u00e7a segunda temporada do programa &#8220;Super Conscientes&#8221; na TV C\u00e2mara Barretos na pr\u00f3xima segunda-feira, dia 15","datePublished":"2024-04-10T17:29:02+00:00","mainEntityOfPage":{"@id":"https:\/\/regiaonews.net.br\/2022\/2024\/04\/10\/saae-barretos-lanca-segunda-temporada-do-programa-super-conscientes-na-tv-camara-barretos-na-proxima-segunda-feira-dia-15\/"},"wordCount":408,"commentCount":0,"publisher":{"@id":"https:\/\/regiaonews.net.br\/2022\/#organization"},"image":{"@id":"https:\/\/regiaonews.net.br\/2022\/2024\/04\/10\/saae-barretos-lanca-segunda-temporada-do-programa-super-conscientes-na-tv-camara-barretos-na-proxima-segunda-feira-dia-15\/#primaryimage"},"thumbnailUrl":"https:\/\/regiaonews.net.br\/2022\/wp-content\/uploads\/2024\/04\/Imagem-do-WhatsApp-de-2024-04-10-as-11.33.23_227c9e98.jpg","articleSection":["Barretos","Geral"],"inLanguage":"pt-BR","potentialAction":[{"@type":"CommentAction","name":"Comment","target":["https:\/\/regiaonews.net.br\/2022\/2024\/04\/10\/saae-barretos-lanca-segunda-temporada-do-programa-super-conscientes-na-tv-camara-barretos-na-proxima-segunda-feira-dia-15\/#respond"]}]},{"@type":"WebPage","@id":"https:\/\/regiaonews.net.br\/2022\/2024\/04\/10\/saae-barretos-lanca-segunda-temporada-do-programa-super-conscientes-na-tv-camara-barretos-na-proxima-segunda-feira-dia-15\/","url":"https:\/\/regiaonews.net.br\/2022\/2024\/04\/10\/saae-barretos-lanca-segunda-temporada-do-programa-super-conscientes-na-tv-camara-barretos-na-proxima-segunda-feira-dia-15\/","name":"SAAE Barretos lan\u00e7a segunda temporada do programa \"Super Conscientes\" na TV C\u00e2mara Barretos na pr\u00f3xima segunda-feira, dia 15 - Regi\u00e3o News","isPartOf":{"@id":"https:\/\/regiaonews.net.br\/2022\/#website"},"primaryImageOfPage":{"@id":"https:\/\/regiaonews.net.br\/2022\/2024\/04\/10\/saae-barretos-lanca-segunda-temporada-do-programa-super-conscientes-na-tv-camara-barretos-na-proxima-segunda-feira-dia-15\/#primaryimage"},"image":{"@id":"https:\/\/regiaonews.net.br\/2022\/2024\/04\/10\/saae-barretos-lanca-segunda-temporada-do-programa-super-conscientes-na-tv-camara-barretos-na-proxima-segunda-feira-dia-15\/#primaryimage"},"thumbnailUrl":"https:\/\/regiaonews.net.br\/2022\/wp-content\/uploads\/2024\/04\/Imagem-do-WhatsApp-de-2024-04-10-as-11.33.23_227c9e98.jpg","datePublished":"2024-04-10T17:29:02+00:00","breadcrumb":{"@id":"https:\/\/regiaonews.net.br\/2022\/2024\/04\/10\/saae-barretos-lanca-segunda-temporada-do-programa-super-conscientes-na-tv-camara-barretos-na-proxima-segunda-feira-dia-15\/#breadcrumb"},"inLanguage":"pt-BR","potentialAction":[{"@type":"ReadAction","target":["https:\/\/regiaonews.net.br\/2022\/2024\/04\/10\/saae-barretos-lanca-segunda-temporada-do-programa-super-conscientes-na-tv-camara-barretos-na-proxima-segunda-feira-dia-15\/"]}]},{"@type":"ImageObject","inLanguage":"pt-BR","@id":"https:\/\/regiaonews.net.br\/2022\/2024\/04\/10\/saae-barretos-lanca-segunda-temporada-do-programa-super-conscientes-na-tv-camara-barretos-na-proxima-segunda-feira-dia-15\/#primaryimage","url":"https:\/\/regiaonews.net.br\/2022\/wp-content\/uploads\/2024\/04\/Imagem-do-WhatsApp-de-2024-04-10-as-11.33.23_227c9e98.jpg","contentUrl":"https:\/\/regiaonews.net.br\/2022\/wp-content\/uploads\/2024\/04\/Imagem-do-WhatsApp-de-2024-04-10-as-11.33.23_227c9e98.jpg","width":1600,"height":1066},{"@type":"BreadcrumbList","@id":"https:\/\/regiaonews.net.br\/2022\/2024\/04\/10\/saae-barretos-lanca-segunda-temporada-do-programa-super-conscientes-na-tv-camara-barretos-na-proxima-segunda-feira-dia-15\/#breadcrumb","itemListElement":[{"@type":"ListItem","position":1,"name":"In\u00edcio","item":"https:\/\/regiaonews.net.br\/2022\/"},{"@type":"ListItem","position":2,"name":"SAAE Barretos lan\u00e7a segunda temporada do programa &#8220;Super Conscientes&#8221; na TV C\u00e2mara Barretos na pr\u00f3xima segunda-feira, dia 15"}]},{"@type":"WebSite","@id":"https:\/\/regiaonews.net.br\/2022\/#website","url":"https:\/\/regiaonews.net.br\/2022\/","name":"Regi\u00e3o News","description":"Site de Not\u00edcias de Barretos e regi\u00e3o","publisher":{"@id":"https:\/\/regiaonews.net.br\/2022\/#organization"},"potentialAction":[{"@type":"SearchAction","target":{"@type":"EntryPoint","urlTemplate":"https:\/\/regiaonews.net.br\/2022\/?s={search_term_string}"},"query-input":{"@type":"PropertyValueSpecification","valueRequired":true,"valueName":"search_term_string"}}],"inLanguage":"pt-BR"},{"@type":"Organization","@id":"https:\/\/regiaonews.net.br\/2022\/#organization","name":"Regi\u00e3o News","url":"https:\/\/regiaonews.net.br\/2022\/","logo":{"@type":"ImageObject","inLanguage":"pt-BR","@id":"https:\/\/regiaonews.net.br\/2022\/#\/schema\/logo\/image\/","url":"https:\/\/regiaonews.net.br\/2022\/wp-content\/uploads\/2026\/03\/regiao-13-anos-scaled.jpg","contentUrl":"https:\/\/regiaonews.net.br\/2022\/wp-content\/uploads\/2026\/03\/regiao-13-anos-scaled.jpg","width":2560,"height":635,"caption":"Regi\u00e3o News"},"image":{"@id":"https:\/\/regiaonews.net.br\/2022\/#\/schema\/logo\/image\/"}},{"@type":"Person","@id":"https:\/\/regiaonews.net.br\/2022\/#\/schema\/person\/2d205a608a5aa97ac279d7a5e6d89ad8","name":"Roberto","image":{"@type":"ImageObject","inLanguage":"pt-BR","@id":"https:\/\/secure.gravatar.com\/avatar\/42749d8b712ff9d59ca93dc150494e5b55a44134482993f5baeb97e61b7ecc89?s=96&d=mm&r=g","url":"https:\/\/secure.gravatar.com\/avatar\/42749d8b712ff9d59ca93dc150494e5b55a44134482993f5baeb97e61b7ecc89?s=96&d=mm&r=g","contentUrl":"https:\/\/secure.gravatar.com\/avatar\/42749d8b712ff9d59ca93dc150494e5b55a44134482993f5baeb97e61b7ecc89?s=96&d=mm&r=g","caption":"Roberto"},"url":"https:\/\/regiaonews.net.br\/2022\/author\/roberto\/"}]}},"publishpress_future_action":{"enabled":false,"date":"2026-05-03 16:07:27","action":"change-status","newStatus":"draft","terms":[],"taxonomy":"category","extraData":[]},"publishpress_future_workflow_manual_trigger":{"enabledWorkflows":[]},"_links":{"self":[{"href":"https:\/\/regiaonews.net.br\/2022\/wp-json\/wp\/v2\/posts\/103481","targetHints":{"allow":["GET"]}}],"collection":[{"href":"https:\/\/regiaonews.net.br\/2022\/wp-json\/wp\/v2\/posts"}],"about":[{"href":"https:\/\/regiaonews.net.br\/2022\/wp-json\/wp\/v2\/types\/post"}],"author":[{"embeddable":true,"href":"https:\/\/regiaonews.net.br\/2022\/wp-json\/wp\/v2\/users\/2"}],"replies":[{"embeddable":true,"href":"https:\/\/regiaonews.net.br\/2022\/wp-json\/wp\/v2\/comments?post=103481"}],"version-history":[{"count":1,"href":"https:\/\/regiaonews.net.br\/2022\/wp-json\/wp\/v2\/posts\/103481\/revisions"}],"predecessor-version":[{"id":103483,"href":"https:\/\/regiaonews.net.br\/2022\/wp-json\/wp\/v2\/posts\/103481\/revisions\/103483"}],"wp:featuredmedia":[{"embeddable":true,"href":"https:\/\/regiaonews.net.br\/2022\/wp-json\/wp\/v2\/media\/103482"}],"wp:attachment":[{"href":"https:\/\/regiaonews.net.br\/2022\/wp-json\/wp\/v2\/media?parent=103481"}],"wp:term":[{"taxonomy":"category","embeddable":true,"href":"https:\/\/regiaonews.net.br\/2022\/wp-json\/wp\/v2\/categories?post=103481"},{"taxonomy":"post_tag","embeddable":true,"href":"https:\/\/regiaonews.net.br\/2022\/wp-json\/wp\/v2\/tags?post=103481"}],"curies":[{"name":"wp","href":"https:\/\/api.w.org\/{rel}","templated":true}]}}