{"id":103469,"date":"2024-04-10T14:26:38","date_gmt":"2024-04-10T17:26:38","guid":{"rendered":"https:\/\/regiaonews.net.br\/2022\/?p=103469"},"modified":"2024-04-10T14:26:38","modified_gmt":"2024-04-10T17:26:38","slug":"minerva-foods-distribui-mais-de-10-700-kits-em-5a-edicao-do-educar-para-transformar","status":"publish","type":"post","link":"https:\/\/regiaonews.net.br\/2022\/2024\/04\/10\/minerva-foods-distribui-mais-de-10-700-kits-em-5a-edicao-do-educar-para-transformar\/","title":{"rendered":"Minerva Foods distribui mais de 10.700 kits em 5\u00aa edi\u00e7\u00e3o do Educar Para Transformar"},"content":{"rendered":"<h3 style=\"text-align: center;\">Projeto tem o objetivo de fomentar a educa\u00e7\u00e3o, por meio da distribui\u00e7\u00e3o de kits escolares aos filhos de seus colaboradores e crian\u00e7as da rede p\u00fablica de ensino, nas comunidades nos pa\u00edses da Am\u00e9rica do Sul onde a Companhia possui opera\u00e7\u00e3o<\/h3>\n<p>A Minerva Foods, l\u00edder em exporta\u00e7\u00e3o de carne bovina na Am\u00e9rica do Sul e uma das maiores empresas na produ\u00e7\u00e3o e comercializa\u00e7\u00e3o de carne in natura e seus derivados na regi\u00e3o, realizou a distribui\u00e7\u00e3o de mais de 10.700 kits escolares aos filhos de seus colaboradores nas opera\u00e7\u00f5es do Brasil, Argentina, Chile, Col\u00f4mbia, Paraguai e Uruguai.<\/p>\n<p>O projeto que tem como foco o fomento \u00e0 educa\u00e7\u00e3o, apoiando os filhos dos colaboradores e alunos da rede p\u00fablica de ensino, nas comunidades onde suas unidades est\u00e3o inseridas na Am\u00e9rica do Sul, por meio do fornecimento de kits escolares, compostos por mochila e mais de 20 materiais referenciados de acordo com cada faixa et\u00e1ria.<\/p>\n<p>\u201cAcreditamos que a educa\u00e7\u00e3o tem o poder de mudar o mundo. Sentimos orgulho em promover o \u2018Educar Para Transformar\u2019 pelo quinto ano consecutivo, expandindo ano ap\u00f3s ano, o n\u00famero de crian\u00e7as beneficiadas. Ao realiz\u00e1-lo, andamos em linha com a ODS da ONU de Educa\u00e7\u00e3o de Qualidade e contribu\u00edmos para gerar valor para as comunidades onde est\u00e3o localizadas as nossas opera\u00e7\u00f5es,\u201d &#8211; explica Tamara Lopes, Gerente Executiva de Sustentabilidade da Minerva Foods.<\/p>\n<p>Em 2024, o projeto distribui mais de 10.700 kits, sendo 3.852 no Brasil; 1.390 na Argentina; 17 no Chile; 686 na Col\u00f4mbia; 2.555 no Paraguai e 2.234 no Uruguai. Ao longo de suas quatro edi\u00e7\u00f5es, o Projeto Educar Para Transformar j\u00e1 beneficiou mais de 36.300 crian\u00e7as.<\/p>\n<p><strong>Sobre a Minerva Foods<\/strong><\/p>\n<p>A Minerva Foods \u00e9 l\u00edder em exporta\u00e7\u00e3o de carne bovina na Am\u00e9rica do Sul e atua tamb\u00e9m no segmento de industrializados, comercializando seus produtos para mais de 100 pa\u00edses. Al\u00e9m do Brasil, a Minerva Foods est\u00e1 presente no Paraguai, na Argentina, no Uruguai, na Col\u00f4mbia, e possui plantas especializadas em ovinos na Austr\u00e1lia, somando mais de 23 mil colaboradores. A empresa atende a cinco continentes com carne bovina, ovina e seus derivados e opera, hoje, 33 unidades industriais, 17 escrit\u00f3rios internacionais e 14 centros de distribui\u00e7\u00e3o.<\/p>\n<p>&nbsp;<\/p>\n<p><strong>Contato assessoria: <\/strong><\/p>\n<p>Paola Souza<\/p>\n<p>55 11 96995-0110<\/p>\n<p>paola.souza@giusticom.com.br<\/p>\n","protected":false},"excerpt":{"rendered":"<p>Projeto tem o objetivo de fomentar a educa\u00e7\u00e3o, por meio<\/p>\n","protected":false},"author":2,"featured_media":103470,"comment_status":"open","ping_status":"open","sticky":false,"template":"","format":"standard","meta":{"footnotes":""},"categories":[14,3],"tags":[],"class_list":["post-103469","post","type-post","status-publish","format-standard","has-post-thumbnail","hentry","category-barretos","category-geral"],"yoast_head":"<!-- This site is optimized with the Yoast SEO plugin v27.4 - https:\/\/yoast.com\/product\/yoast-seo-wordpress\/ -->\n<title>Minerva Foods distribui mais de 10.700 kits em 5\u00aa edi\u00e7\u00e3o do Educar Para Transformar - Regi\u00e3o News<\/title>\n<meta name=\"robots\" content=\"index, follow, max-snippet:-1, max-image-preview:large, max-video-preview:-1\" \/>\n<link rel=\"canonical\" href=\"https:\/\/regiaonews.net.br\/2022\/2024\/04\/10\/minerva-foods-distribui-mais-de-10-700-kits-em-5a-edicao-do-educar-para-transformar\/\" \/>\n<meta property=\"og:locale\" content=\"pt_BR\" \/>\n<meta property=\"og:type\" content=\"article\" \/>\n<meta property=\"og:title\" content=\"Minerva Foods distribui mais de 10.700 kits em 5\u00aa edi\u00e7\u00e3o do Educar Para Transformar - Regi\u00e3o News\" \/>\n<meta property=\"og:description\" content=\"Projeto tem o objetivo de fomentar a educa\u00e7\u00e3o, por meio\" \/>\n<meta property=\"og:url\" content=\"https:\/\/regiaonews.net.br\/2022\/2024\/04\/10\/minerva-foods-distribui-mais-de-10-700-kits-em-5a-edicao-do-educar-para-transformar\/\" \/>\n<meta property=\"og:site_name\" content=\"Regi\u00e3o News\" \/>\n<meta property=\"article:published_time\" content=\"2024-04-10T17:26:38+00:00\" \/>\n<meta property=\"og:image\" content=\"https:\/\/regiaonews.net.br\/2022\/wp-content\/uploads\/2024\/04\/1.jpg\" \/>\n\t<meta property=\"og:image:width\" content=\"1600\" \/>\n\t<meta property=\"og:image:height\" content=\"1032\" \/>\n\t<meta property=\"og:image:type\" content=\"image\/jpeg\" \/>\n<meta name=\"author\" content=\"Roberto\" \/>\n<meta name=\"twitter:card\" content=\"summary_large_image\" \/>\n<meta name=\"twitter:label1\" content=\"Escrito por\" \/>\n\t<meta name=\"twitter:data1\" content=\"Roberto\" \/>\n\t<meta name=\"twitter:label2\" content=\"Est. tempo de leitura\" \/>\n\t<meta name=\"twitter:data2\" content=\"3 minutos\" \/>\n<script type=\"application\/ld+json\" class=\"yoast-schema-graph\">{\"@context\":\"https:\\\/\\\/schema.org\",\"@graph\":[{\"@type\":\"Article\",\"@id\":\"https:\\\/\\\/regiaonews.net.br\\\/2022\\\/2024\\\/04\\\/10\\\/minerva-foods-distribui-mais-de-10-700-kits-em-5a-edicao-do-educar-para-transformar\\\/#article\",\"isPartOf\":{\"@id\":\"https:\\\/\\\/regiaonews.net.br\\\/2022\\\/2024\\\/04\\\/10\\\/minerva-foods-distribui-mais-de-10-700-kits-em-5a-edicao-do-educar-para-transformar\\\/\"},\"author\":{\"name\":\"Roberto\",\"@id\":\"https:\\\/\\\/regiaonews.net.br\\\/2022\\\/#\\\/schema\\\/person\\\/2d205a608a5aa97ac279d7a5e6d89ad8\"},\"headline\":\"Minerva Foods distribui mais de 10.700 kits em 5\u00aa edi\u00e7\u00e3o do Educar Para Transformar\",\"datePublished\":\"2024-04-10T17:26:38+00:00\",\"mainEntityOfPage\":{\"@id\":\"https:\\\/\\\/regiaonews.net.br\\\/2022\\\/2024\\\/04\\\/10\\\/minerva-foods-distribui-mais-de-10-700-kits-em-5a-edicao-do-educar-para-transformar\\\/\"},\"wordCount\":406,\"commentCount\":0,\"publisher\":{\"@id\":\"https:\\\/\\\/regiaonews.net.br\\\/2022\\\/#organization\"},\"image\":{\"@id\":\"https:\\\/\\\/regiaonews.net.br\\\/2022\\\/2024\\\/04\\\/10\\\/minerva-foods-distribui-mais-de-10-700-kits-em-5a-edicao-do-educar-para-transformar\\\/#primaryimage\"},\"thumbnailUrl\":\"https:\\\/\\\/regiaonews.net.br\\\/2022\\\/wp-content\\\/uploads\\\/2024\\\/04\\\/1.jpg\",\"articleSection\":[\"Barretos\",\"Geral\"],\"inLanguage\":\"pt-BR\",\"potentialAction\":[{\"@type\":\"CommentAction\",\"name\":\"Comment\",\"target\":[\"https:\\\/\\\/regiaonews.net.br\\\/2022\\\/2024\\\/04\\\/10\\\/minerva-foods-distribui-mais-de-10-700-kits-em-5a-edicao-do-educar-para-transformar\\\/#respond\"]}]},{\"@type\":\"WebPage\",\"@id\":\"https:\\\/\\\/regiaonews.net.br\\\/2022\\\/2024\\\/04\\\/10\\\/minerva-foods-distribui-mais-de-10-700-kits-em-5a-edicao-do-educar-para-transformar\\\/\",\"url\":\"https:\\\/\\\/regiaonews.net.br\\\/2022\\\/2024\\\/04\\\/10\\\/minerva-foods-distribui-mais-de-10-700-kits-em-5a-edicao-do-educar-para-transformar\\\/\",\"name\":\"Minerva Foods distribui mais de 10.700 kits em 5\u00aa edi\u00e7\u00e3o do Educar Para Transformar - Regi\u00e3o News\",\"isPartOf\":{\"@id\":\"https:\\\/\\\/regiaonews.net.br\\\/2022\\\/#website\"},\"primaryImageOfPage\":{\"@id\":\"https:\\\/\\\/regiaonews.net.br\\\/2022\\\/2024\\\/04\\\/10\\\/minerva-foods-distribui-mais-de-10-700-kits-em-5a-edicao-do-educar-para-transformar\\\/#primaryimage\"},\"image\":{\"@id\":\"https:\\\/\\\/regiaonews.net.br\\\/2022\\\/2024\\\/04\\\/10\\\/minerva-foods-distribui-mais-de-10-700-kits-em-5a-edicao-do-educar-para-transformar\\\/#primaryimage\"},\"thumbnailUrl\":\"https:\\\/\\\/regiaonews.net.br\\\/2022\\\/wp-content\\\/uploads\\\/2024\\\/04\\\/1.jpg\",\"datePublished\":\"2024-04-10T17:26:38+00:00\",\"breadcrumb\":{\"@id\":\"https:\\\/\\\/regiaonews.net.br\\\/2022\\\/2024\\\/04\\\/10\\\/minerva-foods-distribui-mais-de-10-700-kits-em-5a-edicao-do-educar-para-transformar\\\/#breadcrumb\"},\"inLanguage\":\"pt-BR\",\"potentialAction\":[{\"@type\":\"ReadAction\",\"target\":[\"https:\\\/\\\/regiaonews.net.br\\\/2022\\\/2024\\\/04\\\/10\\\/minerva-foods-distribui-mais-de-10-700-kits-em-5a-edicao-do-educar-para-transformar\\\/\"]}]},{\"@type\":\"ImageObject\",\"inLanguage\":\"pt-BR\",\"@id\":\"https:\\\/\\\/regiaonews.net.br\\\/2022\\\/2024\\\/04\\\/10\\\/minerva-foods-distribui-mais-de-10-700-kits-em-5a-edicao-do-educar-para-transformar\\\/#primaryimage\",\"url\":\"https:\\\/\\\/regiaonews.net.br\\\/2022\\\/wp-content\\\/uploads\\\/2024\\\/04\\\/1.jpg\",\"contentUrl\":\"https:\\\/\\\/regiaonews.net.br\\\/2022\\\/wp-content\\\/uploads\\\/2024\\\/04\\\/1.jpg\",\"width\":1600,\"height\":1032},{\"@type\":\"BreadcrumbList\",\"@id\":\"https:\\\/\\\/regiaonews.net.br\\\/2022\\\/2024\\\/04\\\/10\\\/minerva-foods-distribui-mais-de-10-700-kits-em-5a-edicao-do-educar-para-transformar\\\/#breadcrumb\",\"itemListElement\":[{\"@type\":\"ListItem\",\"position\":1,\"name\":\"In\u00edcio\",\"item\":\"https:\\\/\\\/regiaonews.net.br\\\/2022\\\/\"},{\"@type\":\"ListItem\",\"position\":2,\"name\":\"Minerva Foods distribui mais de 10.700 kits em 5\u00aa edi\u00e7\u00e3o do Educar Para Transformar\"}]},{\"@type\":\"WebSite\",\"@id\":\"https:\\\/\\\/regiaonews.net.br\\\/2022\\\/#website\",\"url\":\"https:\\\/\\\/regiaonews.net.br\\\/2022\\\/\",\"name\":\"Regi\u00e3o News\",\"description\":\"Site de Not\u00edcias de Barretos e regi\u00e3o\",\"publisher\":{\"@id\":\"https:\\\/\\\/regiaonews.net.br\\\/2022\\\/#organization\"},\"potentialAction\":[{\"@type\":\"SearchAction\",\"target\":{\"@type\":\"EntryPoint\",\"urlTemplate\":\"https:\\\/\\\/regiaonews.net.br\\\/2022\\\/?s={search_term_string}\"},\"query-input\":{\"@type\":\"PropertyValueSpecification\",\"valueRequired\":true,\"valueName\":\"search_term_string\"}}],\"inLanguage\":\"pt-BR\"},{\"@type\":\"Organization\",\"@id\":\"https:\\\/\\\/regiaonews.net.br\\\/2022\\\/#organization\",\"name\":\"Regi\u00e3o News\",\"url\":\"https:\\\/\\\/regiaonews.net.br\\\/2022\\\/\",\"logo\":{\"@type\":\"ImageObject\",\"inLanguage\":\"pt-BR\",\"@id\":\"https:\\\/\\\/regiaonews.net.br\\\/2022\\\/#\\\/schema\\\/logo\\\/image\\\/\",\"url\":\"https:\\\/\\\/regiaonews.net.br\\\/2022\\\/wp-content\\\/uploads\\\/2026\\\/03\\\/regiao-13-anos-scaled.jpg\",\"contentUrl\":\"https:\\\/\\\/regiaonews.net.br\\\/2022\\\/wp-content\\\/uploads\\\/2026\\\/03\\\/regiao-13-anos-scaled.jpg\",\"width\":2560,\"height\":635,\"caption\":\"Regi\u00e3o News\"},\"image\":{\"@id\":\"https:\\\/\\\/regiaonews.net.br\\\/2022\\\/#\\\/schema\\\/logo\\\/image\\\/\"}},{\"@type\":\"Person\",\"@id\":\"https:\\\/\\\/regiaonews.net.br\\\/2022\\\/#\\\/schema\\\/person\\\/2d205a608a5aa97ac279d7a5e6d89ad8\",\"name\":\"Roberto\",\"image\":{\"@type\":\"ImageObject\",\"inLanguage\":\"pt-BR\",\"@id\":\"https:\\\/\\\/secure.gravatar.com\\\/avatar\\\/42749d8b712ff9d59ca93dc150494e5b55a44134482993f5baeb97e61b7ecc89?s=96&d=mm&r=g\",\"url\":\"https:\\\/\\\/secure.gravatar.com\\\/avatar\\\/42749d8b712ff9d59ca93dc150494e5b55a44134482993f5baeb97e61b7ecc89?s=96&d=mm&r=g\",\"contentUrl\":\"https:\\\/\\\/secure.gravatar.com\\\/avatar\\\/42749d8b712ff9d59ca93dc150494e5b55a44134482993f5baeb97e61b7ecc89?s=96&d=mm&r=g\",\"caption\":\"Roberto\"},\"url\":\"https:\\\/\\\/regiaonews.net.br\\\/2022\\\/author\\\/roberto\\\/\"}]}<\/script>\n<!-- \/ Yoast SEO plugin. -->","yoast_head_json":{"title":"Minerva Foods distribui mais de 10.700 kits em 5\u00aa edi\u00e7\u00e3o do Educar Para Transformar - Regi\u00e3o News","robots":{"index":"index","follow":"follow","max-snippet":"max-snippet:-1","max-image-preview":"max-image-preview:large","max-video-preview":"max-video-preview:-1"},"canonical":"https:\/\/regiaonews.net.br\/2022\/2024\/04\/10\/minerva-foods-distribui-mais-de-10-700-kits-em-5a-edicao-do-educar-para-transformar\/","og_locale":"pt_BR","og_type":"article","og_title":"Minerva Foods distribui mais de 10.700 kits em 5\u00aa edi\u00e7\u00e3o do Educar Para Transformar - Regi\u00e3o News","og_description":"Projeto tem o objetivo de fomentar a educa\u00e7\u00e3o, por meio","og_url":"https:\/\/regiaonews.net.br\/2022\/2024\/04\/10\/minerva-foods-distribui-mais-de-10-700-kits-em-5a-edicao-do-educar-para-transformar\/","og_site_name":"Regi\u00e3o News","article_published_time":"2024-04-10T17:26:38+00:00","og_image":[{"width":1600,"height":1032,"url":"https:\/\/regiaonews.net.br\/2022\/wp-content\/uploads\/2024\/04\/1.jpg","type":"image\/jpeg"}],"author":"Roberto","twitter_card":"summary_large_image","twitter_misc":{"Escrito por":"Roberto","Est. tempo de leitura":"3 minutos"},"schema":{"@context":"https:\/\/schema.org","@graph":[{"@type":"Article","@id":"https:\/\/regiaonews.net.br\/2022\/2024\/04\/10\/minerva-foods-distribui-mais-de-10-700-kits-em-5a-edicao-do-educar-para-transformar\/#article","isPartOf":{"@id":"https:\/\/regiaonews.net.br\/2022\/2024\/04\/10\/minerva-foods-distribui-mais-de-10-700-kits-em-5a-edicao-do-educar-para-transformar\/"},"author":{"name":"Roberto","@id":"https:\/\/regiaonews.net.br\/2022\/#\/schema\/person\/2d205a608a5aa97ac279d7a5e6d89ad8"},"headline":"Minerva Foods distribui mais de 10.700 kits em 5\u00aa edi\u00e7\u00e3o do Educar Para Transformar","datePublished":"2024-04-10T17:26:38+00:00","mainEntityOfPage":{"@id":"https:\/\/regiaonews.net.br\/2022\/2024\/04\/10\/minerva-foods-distribui-mais-de-10-700-kits-em-5a-edicao-do-educar-para-transformar\/"},"wordCount":406,"commentCount":0,"publisher":{"@id":"https:\/\/regiaonews.net.br\/2022\/#organization"},"image":{"@id":"https:\/\/regiaonews.net.br\/2022\/2024\/04\/10\/minerva-foods-distribui-mais-de-10-700-kits-em-5a-edicao-do-educar-para-transformar\/#primaryimage"},"thumbnailUrl":"https:\/\/regiaonews.net.br\/2022\/wp-content\/uploads\/2024\/04\/1.jpg","articleSection":["Barretos","Geral"],"inLanguage":"pt-BR","potentialAction":[{"@type":"CommentAction","name":"Comment","target":["https:\/\/regiaonews.net.br\/2022\/2024\/04\/10\/minerva-foods-distribui-mais-de-10-700-kits-em-5a-edicao-do-educar-para-transformar\/#respond"]}]},{"@type":"WebPage","@id":"https:\/\/regiaonews.net.br\/2022\/2024\/04\/10\/minerva-foods-distribui-mais-de-10-700-kits-em-5a-edicao-do-educar-para-transformar\/","url":"https:\/\/regiaonews.net.br\/2022\/2024\/04\/10\/minerva-foods-distribui-mais-de-10-700-kits-em-5a-edicao-do-educar-para-transformar\/","name":"Minerva Foods distribui mais de 10.700 kits em 5\u00aa edi\u00e7\u00e3o do Educar Para Transformar - Regi\u00e3o News","isPartOf":{"@id":"https:\/\/regiaonews.net.br\/2022\/#website"},"primaryImageOfPage":{"@id":"https:\/\/regiaonews.net.br\/2022\/2024\/04\/10\/minerva-foods-distribui-mais-de-10-700-kits-em-5a-edicao-do-educar-para-transformar\/#primaryimage"},"image":{"@id":"https:\/\/regiaonews.net.br\/2022\/2024\/04\/10\/minerva-foods-distribui-mais-de-10-700-kits-em-5a-edicao-do-educar-para-transformar\/#primaryimage"},"thumbnailUrl":"https:\/\/regiaonews.net.br\/2022\/wp-content\/uploads\/2024\/04\/1.jpg","datePublished":"2024-04-10T17:26:38+00:00","breadcrumb":{"@id":"https:\/\/regiaonews.net.br\/2022\/2024\/04\/10\/minerva-foods-distribui-mais-de-10-700-kits-em-5a-edicao-do-educar-para-transformar\/#breadcrumb"},"inLanguage":"pt-BR","potentialAction":[{"@type":"ReadAction","target":["https:\/\/regiaonews.net.br\/2022\/2024\/04\/10\/minerva-foods-distribui-mais-de-10-700-kits-em-5a-edicao-do-educar-para-transformar\/"]}]},{"@type":"ImageObject","inLanguage":"pt-BR","@id":"https:\/\/regiaonews.net.br\/2022\/2024\/04\/10\/minerva-foods-distribui-mais-de-10-700-kits-em-5a-edicao-do-educar-para-transformar\/#primaryimage","url":"https:\/\/regiaonews.net.br\/2022\/wp-content\/uploads\/2024\/04\/1.jpg","contentUrl":"https:\/\/regiaonews.net.br\/2022\/wp-content\/uploads\/2024\/04\/1.jpg","width":1600,"height":1032},{"@type":"BreadcrumbList","@id":"https:\/\/regiaonews.net.br\/2022\/2024\/04\/10\/minerva-foods-distribui-mais-de-10-700-kits-em-5a-edicao-do-educar-para-transformar\/#breadcrumb","itemListElement":[{"@type":"ListItem","position":1,"name":"In\u00edcio","item":"https:\/\/regiaonews.net.br\/2022\/"},{"@type":"ListItem","position":2,"name":"Minerva Foods distribui mais de 10.700 kits em 5\u00aa edi\u00e7\u00e3o do Educar Para Transformar"}]},{"@type":"WebSite","@id":"https:\/\/regiaonews.net.br\/2022\/#website","url":"https:\/\/regiaonews.net.br\/2022\/","name":"Regi\u00e3o News","description":"Site de Not\u00edcias de Barretos e regi\u00e3o","publisher":{"@id":"https:\/\/regiaonews.net.br\/2022\/#organization"},"potentialAction":[{"@type":"SearchAction","target":{"@type":"EntryPoint","urlTemplate":"https:\/\/regiaonews.net.br\/2022\/?s={search_term_string}"},"query-input":{"@type":"PropertyValueSpecification","valueRequired":true,"valueName":"search_term_string"}}],"inLanguage":"pt-BR"},{"@type":"Organization","@id":"https:\/\/regiaonews.net.br\/2022\/#organization","name":"Regi\u00e3o News","url":"https:\/\/regiaonews.net.br\/2022\/","logo":{"@type":"ImageObject","inLanguage":"pt-BR","@id":"https:\/\/regiaonews.net.br\/2022\/#\/schema\/logo\/image\/","url":"https:\/\/regiaonews.net.br\/2022\/wp-content\/uploads\/2026\/03\/regiao-13-anos-scaled.jpg","contentUrl":"https:\/\/regiaonews.net.br\/2022\/wp-content\/uploads\/2026\/03\/regiao-13-anos-scaled.jpg","width":2560,"height":635,"caption":"Regi\u00e3o News"},"image":{"@id":"https:\/\/regiaonews.net.br\/2022\/#\/schema\/logo\/image\/"}},{"@type":"Person","@id":"https:\/\/regiaonews.net.br\/2022\/#\/schema\/person\/2d205a608a5aa97ac279d7a5e6d89ad8","name":"Roberto","image":{"@type":"ImageObject","inLanguage":"pt-BR","@id":"https:\/\/secure.gravatar.com\/avatar\/42749d8b712ff9d59ca93dc150494e5b55a44134482993f5baeb97e61b7ecc89?s=96&d=mm&r=g","url":"https:\/\/secure.gravatar.com\/avatar\/42749d8b712ff9d59ca93dc150494e5b55a44134482993f5baeb97e61b7ecc89?s=96&d=mm&r=g","contentUrl":"https:\/\/secure.gravatar.com\/avatar\/42749d8b712ff9d59ca93dc150494e5b55a44134482993f5baeb97e61b7ecc89?s=96&d=mm&r=g","caption":"Roberto"},"url":"https:\/\/regiaonews.net.br\/2022\/author\/roberto\/"}]}},"publishpress_future_action":{"enabled":false,"date":"2026-05-03 14:21:45","action":"change-status","newStatus":"draft","terms":[],"taxonomy":"category","extraData":[]},"publishpress_future_workflow_manual_trigger":{"enabledWorkflows":[]},"_links":{"self":[{"href":"https:\/\/regiaonews.net.br\/2022\/wp-json\/wp\/v2\/posts\/103469","targetHints":{"allow":["GET"]}}],"collection":[{"href":"https:\/\/regiaonews.net.br\/2022\/wp-json\/wp\/v2\/posts"}],"about":[{"href":"https:\/\/regiaonews.net.br\/2022\/wp-json\/wp\/v2\/types\/post"}],"author":[{"embeddable":true,"href":"https:\/\/regiaonews.net.br\/2022\/wp-json\/wp\/v2\/users\/2"}],"replies":[{"embeddable":true,"href":"https:\/\/regiaonews.net.br\/2022\/wp-json\/wp\/v2\/comments?post=103469"}],"version-history":[{"count":1,"href":"https:\/\/regiaonews.net.br\/2022\/wp-json\/wp\/v2\/posts\/103469\/revisions"}],"predecessor-version":[{"id":103471,"href":"https:\/\/regiaonews.net.br\/2022\/wp-json\/wp\/v2\/posts\/103469\/revisions\/103471"}],"wp:featuredmedia":[{"embeddable":true,"href":"https:\/\/regiaonews.net.br\/2022\/wp-json\/wp\/v2\/media\/103470"}],"wp:attachment":[{"href":"https:\/\/regiaonews.net.br\/2022\/wp-json\/wp\/v2\/media?parent=103469"}],"wp:term":[{"taxonomy":"category","embeddable":true,"href":"https:\/\/regiaonews.net.br\/2022\/wp-json\/wp\/v2\/categories?post=103469"},{"taxonomy":"post_tag","embeddable":true,"href":"https:\/\/regiaonews.net.br\/2022\/wp-json\/wp\/v2\/tags?post=103469"}],"curies":[{"name":"wp","href":"https:\/\/api.w.org\/{rel}","templated":true}]}}