{"id":103439,"date":"2024-04-09T19:20:44","date_gmt":"2024-04-09T22:20:44","guid":{"rendered":"https:\/\/regiaonews.net.br\/2022\/?p=103439"},"modified":"2024-04-09T19:20:44","modified_gmt":"2024-04-09T22:20:44","slug":"atleta-barretense-conquista-medalha-de-ouro-em-torneio-mundial-de-wushu-virtual","status":"publish","type":"post","link":"https:\/\/regiaonews.net.br\/2022\/2024\/04\/09\/atleta-barretense-conquista-medalha-de-ouro-em-torneio-mundial-de-wushu-virtual\/","title":{"rendered":"Atleta barretense conquista medalha de ouro em torneio mundial de wushu virtual"},"content":{"rendered":"<p>Competi\u00e7\u00e3o teve participa\u00e7\u00e3o de artistas marciais de mais de 20 pa\u00edses<\/p>\n<p>O Gr\u00e3o-Mestre de Kung Fu Elam de Oliveira conquistou uma medalha de ouro no Mundial Virtual 2024 de Wushu Kung Fu, no \u00faltimo domingo, 7 de abril. O evento foi promovido pelo Clube Argentino de Wushu (CAWS), com apoio da Federa\u00e7\u00e3o Argentina de Wushu (FAWU) e participa\u00e7\u00e3o de artistas marciais de pa\u00edses como China, Guatemala, Jap\u00e3o, It\u00e1lia, M\u00e9xico, Brasil, Egito, Argentina, Per\u00fa, Canad\u00e1, Estados Unidos, Cuba, Costa do Marfim, R\u00fassia, Col\u00f4mbia, Espanha, Mal\u00ed, Eslov\u00e1quia, Equador, Chile, Bol\u00edvia e Uruguai.<br \/>\nCompetindo na modalidade Gunshu, a \u201carte do bast\u00e3o\u201d, o barretense de 66 anos teve a maior pontua\u00e7\u00e3o, ficando \u00e0 frente do peruano Juan Kelvin Toledo Garcia e do italiano Costa Alessandro. \u201cFiquei muito feliz por colocar Barretos e o Brasil na parte mais alta do p\u00f3dio\u201d, afirmou. A participa\u00e7\u00e3o no torneio virtual se deu por meio do envio de v\u00eddeos onde os atletas apresentaram t\u00e9cnicas da arte marcial.<br \/>\nO secret\u00e1rio municipal de Esportes e Lazer, Tony Vieira Carvalho, parabenizou o atleta. \u201cO Mestre Elam \u00e9 um profissional extremamente qualificado, que se dedica ao kung fu h\u00e1 muitos anos e desenvolve um belo trabalho na nossa cidade. Este pr\u00eamio \u00e9 mais uma prova disso\u201d, disse.<br \/>\nA \u00edntegra da competi\u00e7\u00e3o est\u00e1 dispon\u00edvel no canal do CAWS (link abaixo) e a apresenta\u00e7\u00e3o do Mestre Elam pode ser vista 2 horas, 28 minutos e 50 segundos ap\u00f3s o in\u00edcio da transmiss\u00e3o.<\/p>\n","protected":false},"excerpt":{"rendered":"<p>Competi\u00e7\u00e3o teve participa\u00e7\u00e3o de artistas marciais de mais de 20<\/p>\n","protected":false},"author":2,"featured_media":103440,"comment_status":"open","ping_status":"open","sticky":false,"template":"","format":"standard","meta":{"footnotes":""},"categories":[14,25],"tags":[],"class_list":["post-103439","post","type-post","status-publish","format-standard","has-post-thumbnail","hentry","category-barretos","category-cidades"],"yoast_head":"<!-- This site is optimized with the Yoast SEO plugin v27.4 - https:\/\/yoast.com\/product\/yoast-seo-wordpress\/ -->\n<title>Atleta barretense conquista medalha de ouro em torneio mundial de wushu virtual - Regi\u00e3o News<\/title>\n<meta name=\"robots\" content=\"index, follow, max-snippet:-1, max-image-preview:large, max-video-preview:-1\" \/>\n<link rel=\"canonical\" href=\"https:\/\/regiaonews.net.br\/2022\/2024\/04\/09\/atleta-barretense-conquista-medalha-de-ouro-em-torneio-mundial-de-wushu-virtual\/\" \/>\n<meta property=\"og:locale\" content=\"pt_BR\" \/>\n<meta property=\"og:type\" content=\"article\" \/>\n<meta property=\"og:title\" content=\"Atleta barretense conquista medalha de ouro em torneio mundial de wushu virtual - Regi\u00e3o News\" \/>\n<meta property=\"og:description\" content=\"Competi\u00e7\u00e3o teve participa\u00e7\u00e3o de artistas marciais de mais de 20\" \/>\n<meta property=\"og:url\" content=\"https:\/\/regiaonews.net.br\/2022\/2024\/04\/09\/atleta-barretense-conquista-medalha-de-ouro-em-torneio-mundial-de-wushu-virtual\/\" \/>\n<meta property=\"og:site_name\" content=\"Regi\u00e3o News\" \/>\n<meta property=\"article:published_time\" content=\"2024-04-09T22:20:44+00:00\" \/>\n<meta property=\"og:image\" content=\"https:\/\/regiaonews.net.br\/2022\/wp-content\/uploads\/2024\/04\/WhatsApp-Image-2024-04-09-at-17.06.53.jpeg\" \/>\n\t<meta property=\"og:image:width\" content=\"1366\" \/>\n\t<meta property=\"og:image:height\" content=\"768\" \/>\n\t<meta property=\"og:image:type\" content=\"image\/jpeg\" \/>\n<meta name=\"author\" content=\"Roberto\" \/>\n<meta name=\"twitter:card\" content=\"summary_large_image\" \/>\n<meta name=\"twitter:label1\" content=\"Escrito por\" \/>\n\t<meta name=\"twitter:data1\" content=\"Roberto\" \/>\n\t<meta name=\"twitter:label2\" content=\"Est. tempo de leitura\" \/>\n\t<meta name=\"twitter:data2\" content=\"2 minutos\" \/>\n<script type=\"application\/ld+json\" class=\"yoast-schema-graph\">{\"@context\":\"https:\\\/\\\/schema.org\",\"@graph\":[{\"@type\":\"Article\",\"@id\":\"https:\\\/\\\/regiaonews.net.br\\\/2022\\\/2024\\\/04\\\/09\\\/atleta-barretense-conquista-medalha-de-ouro-em-torneio-mundial-de-wushu-virtual\\\/#article\",\"isPartOf\":{\"@id\":\"https:\\\/\\\/regiaonews.net.br\\\/2022\\\/2024\\\/04\\\/09\\\/atleta-barretense-conquista-medalha-de-ouro-em-torneio-mundial-de-wushu-virtual\\\/\"},\"author\":{\"name\":\"Roberto\",\"@id\":\"https:\\\/\\\/regiaonews.net.br\\\/2022\\\/#\\\/schema\\\/person\\\/2d205a608a5aa97ac279d7a5e6d89ad8\"},\"headline\":\"Atleta barretense conquista medalha de ouro em torneio mundial de wushu virtual\",\"datePublished\":\"2024-04-09T22:20:44+00:00\",\"mainEntityOfPage\":{\"@id\":\"https:\\\/\\\/regiaonews.net.br\\\/2022\\\/2024\\\/04\\\/09\\\/atleta-barretense-conquista-medalha-de-ouro-em-torneio-mundial-de-wushu-virtual\\\/\"},\"wordCount\":267,\"commentCount\":0,\"publisher\":{\"@id\":\"https:\\\/\\\/regiaonews.net.br\\\/2022\\\/#organization\"},\"image\":{\"@id\":\"https:\\\/\\\/regiaonews.net.br\\\/2022\\\/2024\\\/04\\\/09\\\/atleta-barretense-conquista-medalha-de-ouro-em-torneio-mundial-de-wushu-virtual\\\/#primaryimage\"},\"thumbnailUrl\":\"https:\\\/\\\/regiaonews.net.br\\\/2022\\\/wp-content\\\/uploads\\\/2024\\\/04\\\/WhatsApp-Image-2024-04-09-at-17.06.53.jpeg\",\"articleSection\":[\"Barretos\",\"Cidades\"],\"inLanguage\":\"pt-BR\",\"potentialAction\":[{\"@type\":\"CommentAction\",\"name\":\"Comment\",\"target\":[\"https:\\\/\\\/regiaonews.net.br\\\/2022\\\/2024\\\/04\\\/09\\\/atleta-barretense-conquista-medalha-de-ouro-em-torneio-mundial-de-wushu-virtual\\\/#respond\"]}]},{\"@type\":\"WebPage\",\"@id\":\"https:\\\/\\\/regiaonews.net.br\\\/2022\\\/2024\\\/04\\\/09\\\/atleta-barretense-conquista-medalha-de-ouro-em-torneio-mundial-de-wushu-virtual\\\/\",\"url\":\"https:\\\/\\\/regiaonews.net.br\\\/2022\\\/2024\\\/04\\\/09\\\/atleta-barretense-conquista-medalha-de-ouro-em-torneio-mundial-de-wushu-virtual\\\/\",\"name\":\"Atleta barretense conquista medalha de ouro em torneio mundial de wushu virtual - Regi\u00e3o News\",\"isPartOf\":{\"@id\":\"https:\\\/\\\/regiaonews.net.br\\\/2022\\\/#website\"},\"primaryImageOfPage\":{\"@id\":\"https:\\\/\\\/regiaonews.net.br\\\/2022\\\/2024\\\/04\\\/09\\\/atleta-barretense-conquista-medalha-de-ouro-em-torneio-mundial-de-wushu-virtual\\\/#primaryimage\"},\"image\":{\"@id\":\"https:\\\/\\\/regiaonews.net.br\\\/2022\\\/2024\\\/04\\\/09\\\/atleta-barretense-conquista-medalha-de-ouro-em-torneio-mundial-de-wushu-virtual\\\/#primaryimage\"},\"thumbnailUrl\":\"https:\\\/\\\/regiaonews.net.br\\\/2022\\\/wp-content\\\/uploads\\\/2024\\\/04\\\/WhatsApp-Image-2024-04-09-at-17.06.53.jpeg\",\"datePublished\":\"2024-04-09T22:20:44+00:00\",\"breadcrumb\":{\"@id\":\"https:\\\/\\\/regiaonews.net.br\\\/2022\\\/2024\\\/04\\\/09\\\/atleta-barretense-conquista-medalha-de-ouro-em-torneio-mundial-de-wushu-virtual\\\/#breadcrumb\"},\"inLanguage\":\"pt-BR\",\"potentialAction\":[{\"@type\":\"ReadAction\",\"target\":[\"https:\\\/\\\/regiaonews.net.br\\\/2022\\\/2024\\\/04\\\/09\\\/atleta-barretense-conquista-medalha-de-ouro-em-torneio-mundial-de-wushu-virtual\\\/\"]}]},{\"@type\":\"ImageObject\",\"inLanguage\":\"pt-BR\",\"@id\":\"https:\\\/\\\/regiaonews.net.br\\\/2022\\\/2024\\\/04\\\/09\\\/atleta-barretense-conquista-medalha-de-ouro-em-torneio-mundial-de-wushu-virtual\\\/#primaryimage\",\"url\":\"https:\\\/\\\/regiaonews.net.br\\\/2022\\\/wp-content\\\/uploads\\\/2024\\\/04\\\/WhatsApp-Image-2024-04-09-at-17.06.53.jpeg\",\"contentUrl\":\"https:\\\/\\\/regiaonews.net.br\\\/2022\\\/wp-content\\\/uploads\\\/2024\\\/04\\\/WhatsApp-Image-2024-04-09-at-17.06.53.jpeg\",\"width\":1366,\"height\":768},{\"@type\":\"BreadcrumbList\",\"@id\":\"https:\\\/\\\/regiaonews.net.br\\\/2022\\\/2024\\\/04\\\/09\\\/atleta-barretense-conquista-medalha-de-ouro-em-torneio-mundial-de-wushu-virtual\\\/#breadcrumb\",\"itemListElement\":[{\"@type\":\"ListItem\",\"position\":1,\"name\":\"In\u00edcio\",\"item\":\"https:\\\/\\\/regiaonews.net.br\\\/2022\\\/\"},{\"@type\":\"ListItem\",\"position\":2,\"name\":\"Atleta barretense conquista medalha de ouro em torneio mundial de wushu virtual\"}]},{\"@type\":\"WebSite\",\"@id\":\"https:\\\/\\\/regiaonews.net.br\\\/2022\\\/#website\",\"url\":\"https:\\\/\\\/regiaonews.net.br\\\/2022\\\/\",\"name\":\"Regi\u00e3o News\",\"description\":\"Site de Not\u00edcias de Barretos e regi\u00e3o\",\"publisher\":{\"@id\":\"https:\\\/\\\/regiaonews.net.br\\\/2022\\\/#organization\"},\"potentialAction\":[{\"@type\":\"SearchAction\",\"target\":{\"@type\":\"EntryPoint\",\"urlTemplate\":\"https:\\\/\\\/regiaonews.net.br\\\/2022\\\/?s={search_term_string}\"},\"query-input\":{\"@type\":\"PropertyValueSpecification\",\"valueRequired\":true,\"valueName\":\"search_term_string\"}}],\"inLanguage\":\"pt-BR\"},{\"@type\":\"Organization\",\"@id\":\"https:\\\/\\\/regiaonews.net.br\\\/2022\\\/#organization\",\"name\":\"Regi\u00e3o News\",\"url\":\"https:\\\/\\\/regiaonews.net.br\\\/2022\\\/\",\"logo\":{\"@type\":\"ImageObject\",\"inLanguage\":\"pt-BR\",\"@id\":\"https:\\\/\\\/regiaonews.net.br\\\/2022\\\/#\\\/schema\\\/logo\\\/image\\\/\",\"url\":\"https:\\\/\\\/regiaonews.net.br\\\/2022\\\/wp-content\\\/uploads\\\/2026\\\/03\\\/regiao-13-anos-scaled.jpg\",\"contentUrl\":\"https:\\\/\\\/regiaonews.net.br\\\/2022\\\/wp-content\\\/uploads\\\/2026\\\/03\\\/regiao-13-anos-scaled.jpg\",\"width\":2560,\"height\":635,\"caption\":\"Regi\u00e3o News\"},\"image\":{\"@id\":\"https:\\\/\\\/regiaonews.net.br\\\/2022\\\/#\\\/schema\\\/logo\\\/image\\\/\"}},{\"@type\":\"Person\",\"@id\":\"https:\\\/\\\/regiaonews.net.br\\\/2022\\\/#\\\/schema\\\/person\\\/2d205a608a5aa97ac279d7a5e6d89ad8\",\"name\":\"Roberto\",\"image\":{\"@type\":\"ImageObject\",\"inLanguage\":\"pt-BR\",\"@id\":\"https:\\\/\\\/secure.gravatar.com\\\/avatar\\\/42749d8b712ff9d59ca93dc150494e5b55a44134482993f5baeb97e61b7ecc89?s=96&d=mm&r=g\",\"url\":\"https:\\\/\\\/secure.gravatar.com\\\/avatar\\\/42749d8b712ff9d59ca93dc150494e5b55a44134482993f5baeb97e61b7ecc89?s=96&d=mm&r=g\",\"contentUrl\":\"https:\\\/\\\/secure.gravatar.com\\\/avatar\\\/42749d8b712ff9d59ca93dc150494e5b55a44134482993f5baeb97e61b7ecc89?s=96&d=mm&r=g\",\"caption\":\"Roberto\"},\"url\":\"https:\\\/\\\/regiaonews.net.br\\\/2022\\\/author\\\/roberto\\\/\"}]}<\/script>\n<!-- \/ Yoast SEO plugin. -->","yoast_head_json":{"title":"Atleta barretense conquista medalha de ouro em torneio mundial de wushu virtual - Regi\u00e3o News","robots":{"index":"index","follow":"follow","max-snippet":"max-snippet:-1","max-image-preview":"max-image-preview:large","max-video-preview":"max-video-preview:-1"},"canonical":"https:\/\/regiaonews.net.br\/2022\/2024\/04\/09\/atleta-barretense-conquista-medalha-de-ouro-em-torneio-mundial-de-wushu-virtual\/","og_locale":"pt_BR","og_type":"article","og_title":"Atleta barretense conquista medalha de ouro em torneio mundial de wushu virtual - Regi\u00e3o News","og_description":"Competi\u00e7\u00e3o teve participa\u00e7\u00e3o de artistas marciais de mais de 20","og_url":"https:\/\/regiaonews.net.br\/2022\/2024\/04\/09\/atleta-barretense-conquista-medalha-de-ouro-em-torneio-mundial-de-wushu-virtual\/","og_site_name":"Regi\u00e3o News","article_published_time":"2024-04-09T22:20:44+00:00","og_image":[{"width":1366,"height":768,"url":"https:\/\/regiaonews.net.br\/2022\/wp-content\/uploads\/2024\/04\/WhatsApp-Image-2024-04-09-at-17.06.53.jpeg","type":"image\/jpeg"}],"author":"Roberto","twitter_card":"summary_large_image","twitter_misc":{"Escrito por":"Roberto","Est. tempo de leitura":"2 minutos"},"schema":{"@context":"https:\/\/schema.org","@graph":[{"@type":"Article","@id":"https:\/\/regiaonews.net.br\/2022\/2024\/04\/09\/atleta-barretense-conquista-medalha-de-ouro-em-torneio-mundial-de-wushu-virtual\/#article","isPartOf":{"@id":"https:\/\/regiaonews.net.br\/2022\/2024\/04\/09\/atleta-barretense-conquista-medalha-de-ouro-em-torneio-mundial-de-wushu-virtual\/"},"author":{"name":"Roberto","@id":"https:\/\/regiaonews.net.br\/2022\/#\/schema\/person\/2d205a608a5aa97ac279d7a5e6d89ad8"},"headline":"Atleta barretense conquista medalha de ouro em torneio mundial de wushu virtual","datePublished":"2024-04-09T22:20:44+00:00","mainEntityOfPage":{"@id":"https:\/\/regiaonews.net.br\/2022\/2024\/04\/09\/atleta-barretense-conquista-medalha-de-ouro-em-torneio-mundial-de-wushu-virtual\/"},"wordCount":267,"commentCount":0,"publisher":{"@id":"https:\/\/regiaonews.net.br\/2022\/#organization"},"image":{"@id":"https:\/\/regiaonews.net.br\/2022\/2024\/04\/09\/atleta-barretense-conquista-medalha-de-ouro-em-torneio-mundial-de-wushu-virtual\/#primaryimage"},"thumbnailUrl":"https:\/\/regiaonews.net.br\/2022\/wp-content\/uploads\/2024\/04\/WhatsApp-Image-2024-04-09-at-17.06.53.jpeg","articleSection":["Barretos","Cidades"],"inLanguage":"pt-BR","potentialAction":[{"@type":"CommentAction","name":"Comment","target":["https:\/\/regiaonews.net.br\/2022\/2024\/04\/09\/atleta-barretense-conquista-medalha-de-ouro-em-torneio-mundial-de-wushu-virtual\/#respond"]}]},{"@type":"WebPage","@id":"https:\/\/regiaonews.net.br\/2022\/2024\/04\/09\/atleta-barretense-conquista-medalha-de-ouro-em-torneio-mundial-de-wushu-virtual\/","url":"https:\/\/regiaonews.net.br\/2022\/2024\/04\/09\/atleta-barretense-conquista-medalha-de-ouro-em-torneio-mundial-de-wushu-virtual\/","name":"Atleta barretense conquista medalha de ouro em torneio mundial de wushu virtual - Regi\u00e3o News","isPartOf":{"@id":"https:\/\/regiaonews.net.br\/2022\/#website"},"primaryImageOfPage":{"@id":"https:\/\/regiaonews.net.br\/2022\/2024\/04\/09\/atleta-barretense-conquista-medalha-de-ouro-em-torneio-mundial-de-wushu-virtual\/#primaryimage"},"image":{"@id":"https:\/\/regiaonews.net.br\/2022\/2024\/04\/09\/atleta-barretense-conquista-medalha-de-ouro-em-torneio-mundial-de-wushu-virtual\/#primaryimage"},"thumbnailUrl":"https:\/\/regiaonews.net.br\/2022\/wp-content\/uploads\/2024\/04\/WhatsApp-Image-2024-04-09-at-17.06.53.jpeg","datePublished":"2024-04-09T22:20:44+00:00","breadcrumb":{"@id":"https:\/\/regiaonews.net.br\/2022\/2024\/04\/09\/atleta-barretense-conquista-medalha-de-ouro-em-torneio-mundial-de-wushu-virtual\/#breadcrumb"},"inLanguage":"pt-BR","potentialAction":[{"@type":"ReadAction","target":["https:\/\/regiaonews.net.br\/2022\/2024\/04\/09\/atleta-barretense-conquista-medalha-de-ouro-em-torneio-mundial-de-wushu-virtual\/"]}]},{"@type":"ImageObject","inLanguage":"pt-BR","@id":"https:\/\/regiaonews.net.br\/2022\/2024\/04\/09\/atleta-barretense-conquista-medalha-de-ouro-em-torneio-mundial-de-wushu-virtual\/#primaryimage","url":"https:\/\/regiaonews.net.br\/2022\/wp-content\/uploads\/2024\/04\/WhatsApp-Image-2024-04-09-at-17.06.53.jpeg","contentUrl":"https:\/\/regiaonews.net.br\/2022\/wp-content\/uploads\/2024\/04\/WhatsApp-Image-2024-04-09-at-17.06.53.jpeg","width":1366,"height":768},{"@type":"BreadcrumbList","@id":"https:\/\/regiaonews.net.br\/2022\/2024\/04\/09\/atleta-barretense-conquista-medalha-de-ouro-em-torneio-mundial-de-wushu-virtual\/#breadcrumb","itemListElement":[{"@type":"ListItem","position":1,"name":"In\u00edcio","item":"https:\/\/regiaonews.net.br\/2022\/"},{"@type":"ListItem","position":2,"name":"Atleta barretense conquista medalha de ouro em torneio mundial de wushu virtual"}]},{"@type":"WebSite","@id":"https:\/\/regiaonews.net.br\/2022\/#website","url":"https:\/\/regiaonews.net.br\/2022\/","name":"Regi\u00e3o News","description":"Site de Not\u00edcias de Barretos e regi\u00e3o","publisher":{"@id":"https:\/\/regiaonews.net.br\/2022\/#organization"},"potentialAction":[{"@type":"SearchAction","target":{"@type":"EntryPoint","urlTemplate":"https:\/\/regiaonews.net.br\/2022\/?s={search_term_string}"},"query-input":{"@type":"PropertyValueSpecification","valueRequired":true,"valueName":"search_term_string"}}],"inLanguage":"pt-BR"},{"@type":"Organization","@id":"https:\/\/regiaonews.net.br\/2022\/#organization","name":"Regi\u00e3o News","url":"https:\/\/regiaonews.net.br\/2022\/","logo":{"@type":"ImageObject","inLanguage":"pt-BR","@id":"https:\/\/regiaonews.net.br\/2022\/#\/schema\/logo\/image\/","url":"https:\/\/regiaonews.net.br\/2022\/wp-content\/uploads\/2026\/03\/regiao-13-anos-scaled.jpg","contentUrl":"https:\/\/regiaonews.net.br\/2022\/wp-content\/uploads\/2026\/03\/regiao-13-anos-scaled.jpg","width":2560,"height":635,"caption":"Regi\u00e3o News"},"image":{"@id":"https:\/\/regiaonews.net.br\/2022\/#\/schema\/logo\/image\/"}},{"@type":"Person","@id":"https:\/\/regiaonews.net.br\/2022\/#\/schema\/person\/2d205a608a5aa97ac279d7a5e6d89ad8","name":"Roberto","image":{"@type":"ImageObject","inLanguage":"pt-BR","@id":"https:\/\/secure.gravatar.com\/avatar\/42749d8b712ff9d59ca93dc150494e5b55a44134482993f5baeb97e61b7ecc89?s=96&d=mm&r=g","url":"https:\/\/secure.gravatar.com\/avatar\/42749d8b712ff9d59ca93dc150494e5b55a44134482993f5baeb97e61b7ecc89?s=96&d=mm&r=g","contentUrl":"https:\/\/secure.gravatar.com\/avatar\/42749d8b712ff9d59ca93dc150494e5b55a44134482993f5baeb97e61b7ecc89?s=96&d=mm&r=g","caption":"Roberto"},"url":"https:\/\/regiaonews.net.br\/2022\/author\/roberto\/"}]}},"publishpress_future_action":{"enabled":false,"date":"2026-05-03 18:58:13","action":"change-status","newStatus":"draft","terms":[],"taxonomy":"category","extraData":[]},"publishpress_future_workflow_manual_trigger":{"enabledWorkflows":[]},"_links":{"self":[{"href":"https:\/\/regiaonews.net.br\/2022\/wp-json\/wp\/v2\/posts\/103439","targetHints":{"allow":["GET"]}}],"collection":[{"href":"https:\/\/regiaonews.net.br\/2022\/wp-json\/wp\/v2\/posts"}],"about":[{"href":"https:\/\/regiaonews.net.br\/2022\/wp-json\/wp\/v2\/types\/post"}],"author":[{"embeddable":true,"href":"https:\/\/regiaonews.net.br\/2022\/wp-json\/wp\/v2\/users\/2"}],"replies":[{"embeddable":true,"href":"https:\/\/regiaonews.net.br\/2022\/wp-json\/wp\/v2\/comments?post=103439"}],"version-history":[{"count":1,"href":"https:\/\/regiaonews.net.br\/2022\/wp-json\/wp\/v2\/posts\/103439\/revisions"}],"predecessor-version":[{"id":103441,"href":"https:\/\/regiaonews.net.br\/2022\/wp-json\/wp\/v2\/posts\/103439\/revisions\/103441"}],"wp:featuredmedia":[{"embeddable":true,"href":"https:\/\/regiaonews.net.br\/2022\/wp-json\/wp\/v2\/media\/103440"}],"wp:attachment":[{"href":"https:\/\/regiaonews.net.br\/2022\/wp-json\/wp\/v2\/media?parent=103439"}],"wp:term":[{"taxonomy":"category","embeddable":true,"href":"https:\/\/regiaonews.net.br\/2022\/wp-json\/wp\/v2\/categories?post=103439"},{"taxonomy":"post_tag","embeddable":true,"href":"https:\/\/regiaonews.net.br\/2022\/wp-json\/wp\/v2\/tags?post=103439"}],"curies":[{"name":"wp","href":"https:\/\/api.w.org\/{rel}","templated":true}]}}