{"id":103413,"date":"2024-04-08T22:31:35","date_gmt":"2024-04-09T01:31:35","guid":{"rendered":"https:\/\/regiaonews.net.br\/2022\/?p=103413"},"modified":"2024-04-08T22:34:54","modified_gmt":"2024-04-09T01:34:54","slug":"veja-como-ficou-a-composicao-da-camara-de-barretos-apos-o-periodo-de-janela-partidaria","status":"publish","type":"post","link":"https:\/\/regiaonews.net.br\/2022\/2024\/04\/08\/veja-como-ficou-a-composicao-da-camara-de-barretos-apos-o-periodo-de-janela-partidaria\/","title":{"rendered":"Veja como ficou a composi\u00e7\u00e3o da C\u00e2mara de Barretos ap\u00f3s o per\u00edodo de janela partid\u00e1ria"},"content":{"rendered":"<h1 class=\"mb-4\"><\/h1>\n<h3 class=\"mb-4\">Oito vereadores trocaram de legenda; PP agora tem a maior bancada<\/h3>\n<p><strong>Oito vereadores mudaram de partido\u00a0<\/strong>durante a\u00a0\u00a0&#8220;janela partid\u00e1ria&#8221;, per\u00edodo de 30 dias em que \u00e9 permitida a mudan\u00e7a de legenda pelos ocupantes de cargos eletivos sem a perda do mandato. O prazo para a troca terminou na \u00faltima sexta-feira (05\/abril).<\/p>\n<p>O vereador\u00a0<strong>Prof. Adilson<\/strong>\u00a0deixou o PL e<strong>\u00a0filiou-se no MDB<\/strong>.<\/p>\n<p><strong>Dr. Chafei<\/strong>\u00a0saiu do MDB e\u00a0<strong>foi para o UNI\u00c3O BRASIL<\/strong>.<\/p>\n<p><strong>Fabr\u00edcio Lemos<\/strong>\u00a0deixou o UNI\u00c3O e\u00a0<strong>filiou-se no PL.<\/strong><\/p>\n<p><strong>Angelo Tegami\u00a0<\/strong>saiu do PV para<strong>\u00a0filiar-se no PP.<\/strong><\/p>\n<p><strong>Dr. Rodrigo Malaman<\/strong>\u00a0tamb\u00e9m\u00a0<strong>foi para o PP<\/strong>, ap\u00f3s deixar o PSDB.<\/p>\n<p><strong>Prof. Raphael Silv\u00e9rio<\/strong>, que era do PSDB\u00a0<strong>filiou-se no PSD<\/strong>.<\/p>\n<p>J\u00e1\u00a0<strong>Carl\u00e3o do Basquete<\/strong>\u00a0deixou o PSD e\u00a0<strong>foi para o SOLIDARIEDADE<\/strong>.<\/p>\n<p>Por fim, o Presidente da Casa, vereador\u00a0<strong>Lu\u00eds Paulo Vieira &#8211; Lupa<\/strong>, saiu do PRTB e\u00a0<strong>foi para o\u00a0 REPUBLICANOS<\/strong>.<\/p>\n<p>Ap\u00f3s as mudan\u00e7as, a maior bancada da C\u00e2mara passou a ser do\u00a0<strong>PP (Partido Progressistas), com 4 vereadores<\/strong>, seguido pelo\u00a0<strong>PL (Partido Liberal), REPUBLICANOS e UNI\u00c3O BRASIL, com 3 vereadores cada<\/strong>. O\u00a0<strong>SOLIDARIEDADE passou a ter 2 vereadores<\/strong>. J\u00e1 o\u00a0<strong>MDB (Movimento Democr\u00e1tico Brasileiro) e o PSD (Partido Social Democr\u00e1tico) ficou com 01 vereador cada.\u00a0<\/strong><\/p>\n<p>Os partidos PSDB, PRTB e PV ficaram sem representantes na Casa.<\/p>\n<hr \/>\n<p><strong>LIDERAN\u00c7AS PARTID\u00c1RIAS<\/strong><\/p>\n<p>Al\u00e9m das mudan\u00e7as de partidos, foram atualizadas tamb\u00e9m algumas\u00a0<strong>lideran\u00e7as partid\u00e1rias para as Sess\u00f5es da C\u00e2mara<\/strong>.\u00a0 Veja abaixo como ficou a composi\u00e7\u00e3o de cada partido com o respectivo l\u00edder partid\u00e1rio.<\/p>\n<p><strong>PP:<\/strong>\u00a0Dr. Raphael Oliveira<strong>\u00a0(l\u00edder)<\/strong>, Angelo Tegami, Ricardo Bodinho e Dr. Rodrigo Malaman<\/p>\n<p><strong>REPUBLICANOS:\u00a0<\/strong>Dr. Vagner Chiapetti\u00a0<strong>(l\u00edder)<\/strong>,\u00a0 Elson Santos e Lu\u00eds Paulo Vieira &#8220;Lupa&#8221;<\/p>\n<p><strong>PL:<\/strong>\u00a0Paulo Correa\u00a0<strong>(l\u00edder)<\/strong>, Juninho Bandeira e Fabr\u00edcio Lemos<\/p>\n<p><strong>UNI\u00c3O BRASIL:<\/strong>\u00a0Nestor Leonel\u00a0<strong>(l\u00edder)<\/strong>, Dr. Chafei Amsei e Gabriel Uchida;<\/p>\n<p><strong>SOLIDARIEDADE:\u00a0<\/strong>Pa\u00e7oca\u00a0<strong>(l\u00edder)<\/strong>\u00a0e Carl\u00e3o do Basquete. O vereador Pa\u00e7oca j\u00e1 anunciou que dever\u00e1 passar a lideran\u00e7a do partido na C\u00e2mara ao vereador Carl\u00e3o do Basquete nos pr\u00f3ximos dias.<\/p>\n<p><strong>MDB:<\/strong>\u00a0Prof. Adilson\u00a0<strong>(l\u00edder)<\/strong><\/p>\n<p><strong>PSD:<\/strong>\u00a0Prof. Raphael Silv\u00e9rio<strong>\u00a0(l\u00edder)<\/strong>.<\/p>\n","protected":false},"excerpt":{"rendered":"<p>Oito vereadores trocaram de legenda; PP agora tem a maior<\/p>\n","protected":false},"author":2,"featured_media":103415,"comment_status":"open","ping_status":"open","sticky":false,"template":"","format":"standard","meta":{"footnotes":""},"categories":[14,22],"tags":[],"class_list":["post-103413","post","type-post","status-publish","format-standard","has-post-thumbnail","hentry","category-barretos","category-politica"],"yoast_head":"<!-- This site is optimized with the Yoast SEO plugin v27.4 - https:\/\/yoast.com\/product\/yoast-seo-wordpress\/ -->\n<title>Veja como ficou a composi\u00e7\u00e3o da C\u00e2mara de Barretos ap\u00f3s o per\u00edodo de janela partid\u00e1ria - Regi\u00e3o News<\/title>\n<meta name=\"robots\" content=\"index, follow, max-snippet:-1, max-image-preview:large, max-video-preview:-1\" \/>\n<link rel=\"canonical\" href=\"https:\/\/regiaonews.net.br\/2022\/2024\/04\/08\/veja-como-ficou-a-composicao-da-camara-de-barretos-apos-o-periodo-de-janela-partidaria\/\" \/>\n<meta property=\"og:locale\" content=\"pt_BR\" \/>\n<meta property=\"og:type\" content=\"article\" \/>\n<meta property=\"og:title\" content=\"Veja como ficou a composi\u00e7\u00e3o da C\u00e2mara de Barretos ap\u00f3s o per\u00edodo de janela partid\u00e1ria - Regi\u00e3o News\" \/>\n<meta property=\"og:description\" content=\"Oito vereadores trocaram de legenda; PP agora tem a maior\" \/>\n<meta property=\"og:url\" content=\"https:\/\/regiaonews.net.br\/2022\/2024\/04\/08\/veja-como-ficou-a-composicao-da-camara-de-barretos-apos-o-periodo-de-janela-partidaria\/\" \/>\n<meta property=\"og:site_name\" content=\"Regi\u00e3o News\" \/>\n<meta property=\"article:published_time\" content=\"2024-04-09T01:31:35+00:00\" \/>\n<meta property=\"article:modified_time\" content=\"2024-04-09T01:34:54+00:00\" \/>\n<meta property=\"og:image\" content=\"https:\/\/regiaonews.net.br\/2022\/wp-content\/uploads\/2024\/04\/alta_17126131326614670c0d701.jpg\" \/>\n\t<meta property=\"og:image:width\" content=\"2005\" \/>\n\t<meta property=\"og:image:height\" content=\"1125\" \/>\n\t<meta property=\"og:image:type\" content=\"image\/jpeg\" \/>\n<meta name=\"author\" content=\"Roberto\" \/>\n<meta name=\"twitter:card\" content=\"summary_large_image\" \/>\n<meta name=\"twitter:label1\" content=\"Escrito por\" \/>\n\t<meta name=\"twitter:data1\" content=\"Roberto\" \/>\n\t<meta name=\"twitter:label2\" content=\"Est. tempo de leitura\" \/>\n\t<meta name=\"twitter:data2\" content=\"3 minutos\" \/>\n<script type=\"application\/ld+json\" class=\"yoast-schema-graph\">{\"@context\":\"https:\\\/\\\/schema.org\",\"@graph\":[{\"@type\":\"Article\",\"@id\":\"https:\\\/\\\/regiaonews.net.br\\\/2022\\\/2024\\\/04\\\/08\\\/veja-como-ficou-a-composicao-da-camara-de-barretos-apos-o-periodo-de-janela-partidaria\\\/#article\",\"isPartOf\":{\"@id\":\"https:\\\/\\\/regiaonews.net.br\\\/2022\\\/2024\\\/04\\\/08\\\/veja-como-ficou-a-composicao-da-camara-de-barretos-apos-o-periodo-de-janela-partidaria\\\/\"},\"author\":{\"name\":\"Roberto\",\"@id\":\"https:\\\/\\\/regiaonews.net.br\\\/2022\\\/#\\\/schema\\\/person\\\/2d205a608a5aa97ac279d7a5e6d89ad8\"},\"headline\":\"Veja como ficou a composi\u00e7\u00e3o da C\u00e2mara de Barretos ap\u00f3s o per\u00edodo de janela partid\u00e1ria\",\"datePublished\":\"2024-04-09T01:31:35+00:00\",\"dateModified\":\"2024-04-09T01:34:54+00:00\",\"mainEntityOfPage\":{\"@id\":\"https:\\\/\\\/regiaonews.net.br\\\/2022\\\/2024\\\/04\\\/08\\\/veja-como-ficou-a-composicao-da-camara-de-barretos-apos-o-periodo-de-janela-partidaria\\\/\"},\"wordCount\":388,\"commentCount\":0,\"publisher\":{\"@id\":\"https:\\\/\\\/regiaonews.net.br\\\/2022\\\/#organization\"},\"image\":{\"@id\":\"https:\\\/\\\/regiaonews.net.br\\\/2022\\\/2024\\\/04\\\/08\\\/veja-como-ficou-a-composicao-da-camara-de-barretos-apos-o-periodo-de-janela-partidaria\\\/#primaryimage\"},\"thumbnailUrl\":\"https:\\\/\\\/regiaonews.net.br\\\/2022\\\/wp-content\\\/uploads\\\/2024\\\/04\\\/alta_17126131326614670c0d701.jpg\",\"articleSection\":[\"Barretos\",\"Pol\u00edtica\"],\"inLanguage\":\"pt-BR\",\"potentialAction\":[{\"@type\":\"CommentAction\",\"name\":\"Comment\",\"target\":[\"https:\\\/\\\/regiaonews.net.br\\\/2022\\\/2024\\\/04\\\/08\\\/veja-como-ficou-a-composicao-da-camara-de-barretos-apos-o-periodo-de-janela-partidaria\\\/#respond\"]}]},{\"@type\":\"WebPage\",\"@id\":\"https:\\\/\\\/regiaonews.net.br\\\/2022\\\/2024\\\/04\\\/08\\\/veja-como-ficou-a-composicao-da-camara-de-barretos-apos-o-periodo-de-janela-partidaria\\\/\",\"url\":\"https:\\\/\\\/regiaonews.net.br\\\/2022\\\/2024\\\/04\\\/08\\\/veja-como-ficou-a-composicao-da-camara-de-barretos-apos-o-periodo-de-janela-partidaria\\\/\",\"name\":\"Veja como ficou a composi\u00e7\u00e3o da C\u00e2mara de Barretos ap\u00f3s o per\u00edodo de janela partid\u00e1ria - Regi\u00e3o News\",\"isPartOf\":{\"@id\":\"https:\\\/\\\/regiaonews.net.br\\\/2022\\\/#website\"},\"primaryImageOfPage\":{\"@id\":\"https:\\\/\\\/regiaonews.net.br\\\/2022\\\/2024\\\/04\\\/08\\\/veja-como-ficou-a-composicao-da-camara-de-barretos-apos-o-periodo-de-janela-partidaria\\\/#primaryimage\"},\"image\":{\"@id\":\"https:\\\/\\\/regiaonews.net.br\\\/2022\\\/2024\\\/04\\\/08\\\/veja-como-ficou-a-composicao-da-camara-de-barretos-apos-o-periodo-de-janela-partidaria\\\/#primaryimage\"},\"thumbnailUrl\":\"https:\\\/\\\/regiaonews.net.br\\\/2022\\\/wp-content\\\/uploads\\\/2024\\\/04\\\/alta_17126131326614670c0d701.jpg\",\"datePublished\":\"2024-04-09T01:31:35+00:00\",\"dateModified\":\"2024-04-09T01:34:54+00:00\",\"breadcrumb\":{\"@id\":\"https:\\\/\\\/regiaonews.net.br\\\/2022\\\/2024\\\/04\\\/08\\\/veja-como-ficou-a-composicao-da-camara-de-barretos-apos-o-periodo-de-janela-partidaria\\\/#breadcrumb\"},\"inLanguage\":\"pt-BR\",\"potentialAction\":[{\"@type\":\"ReadAction\",\"target\":[\"https:\\\/\\\/regiaonews.net.br\\\/2022\\\/2024\\\/04\\\/08\\\/veja-como-ficou-a-composicao-da-camara-de-barretos-apos-o-periodo-de-janela-partidaria\\\/\"]}]},{\"@type\":\"ImageObject\",\"inLanguage\":\"pt-BR\",\"@id\":\"https:\\\/\\\/regiaonews.net.br\\\/2022\\\/2024\\\/04\\\/08\\\/veja-como-ficou-a-composicao-da-camara-de-barretos-apos-o-periodo-de-janela-partidaria\\\/#primaryimage\",\"url\":\"https:\\\/\\\/regiaonews.net.br\\\/2022\\\/wp-content\\\/uploads\\\/2024\\\/04\\\/alta_17126131326614670c0d701.jpg\",\"contentUrl\":\"https:\\\/\\\/regiaonews.net.br\\\/2022\\\/wp-content\\\/uploads\\\/2024\\\/04\\\/alta_17126131326614670c0d701.jpg\",\"width\":2005,\"height\":1125},{\"@type\":\"BreadcrumbList\",\"@id\":\"https:\\\/\\\/regiaonews.net.br\\\/2022\\\/2024\\\/04\\\/08\\\/veja-como-ficou-a-composicao-da-camara-de-barretos-apos-o-periodo-de-janela-partidaria\\\/#breadcrumb\",\"itemListElement\":[{\"@type\":\"ListItem\",\"position\":1,\"name\":\"In\u00edcio\",\"item\":\"https:\\\/\\\/regiaonews.net.br\\\/2022\\\/\"},{\"@type\":\"ListItem\",\"position\":2,\"name\":\"Veja como ficou a composi\u00e7\u00e3o da C\u00e2mara de Barretos ap\u00f3s o per\u00edodo de janela partid\u00e1ria\"}]},{\"@type\":\"WebSite\",\"@id\":\"https:\\\/\\\/regiaonews.net.br\\\/2022\\\/#website\",\"url\":\"https:\\\/\\\/regiaonews.net.br\\\/2022\\\/\",\"name\":\"Regi\u00e3o News\",\"description\":\"Site de Not\u00edcias de Barretos e regi\u00e3o\",\"publisher\":{\"@id\":\"https:\\\/\\\/regiaonews.net.br\\\/2022\\\/#organization\"},\"potentialAction\":[{\"@type\":\"SearchAction\",\"target\":{\"@type\":\"EntryPoint\",\"urlTemplate\":\"https:\\\/\\\/regiaonews.net.br\\\/2022\\\/?s={search_term_string}\"},\"query-input\":{\"@type\":\"PropertyValueSpecification\",\"valueRequired\":true,\"valueName\":\"search_term_string\"}}],\"inLanguage\":\"pt-BR\"},{\"@type\":\"Organization\",\"@id\":\"https:\\\/\\\/regiaonews.net.br\\\/2022\\\/#organization\",\"name\":\"Regi\u00e3o News\",\"url\":\"https:\\\/\\\/regiaonews.net.br\\\/2022\\\/\",\"logo\":{\"@type\":\"ImageObject\",\"inLanguage\":\"pt-BR\",\"@id\":\"https:\\\/\\\/regiaonews.net.br\\\/2022\\\/#\\\/schema\\\/logo\\\/image\\\/\",\"url\":\"https:\\\/\\\/regiaonews.net.br\\\/2022\\\/wp-content\\\/uploads\\\/2026\\\/03\\\/regiao-13-anos-scaled.jpg\",\"contentUrl\":\"https:\\\/\\\/regiaonews.net.br\\\/2022\\\/wp-content\\\/uploads\\\/2026\\\/03\\\/regiao-13-anos-scaled.jpg\",\"width\":2560,\"height\":635,\"caption\":\"Regi\u00e3o News\"},\"image\":{\"@id\":\"https:\\\/\\\/regiaonews.net.br\\\/2022\\\/#\\\/schema\\\/logo\\\/image\\\/\"}},{\"@type\":\"Person\",\"@id\":\"https:\\\/\\\/regiaonews.net.br\\\/2022\\\/#\\\/schema\\\/person\\\/2d205a608a5aa97ac279d7a5e6d89ad8\",\"name\":\"Roberto\",\"image\":{\"@type\":\"ImageObject\",\"inLanguage\":\"pt-BR\",\"@id\":\"https:\\\/\\\/secure.gravatar.com\\\/avatar\\\/42749d8b712ff9d59ca93dc150494e5b55a44134482993f5baeb97e61b7ecc89?s=96&d=mm&r=g\",\"url\":\"https:\\\/\\\/secure.gravatar.com\\\/avatar\\\/42749d8b712ff9d59ca93dc150494e5b55a44134482993f5baeb97e61b7ecc89?s=96&d=mm&r=g\",\"contentUrl\":\"https:\\\/\\\/secure.gravatar.com\\\/avatar\\\/42749d8b712ff9d59ca93dc150494e5b55a44134482993f5baeb97e61b7ecc89?s=96&d=mm&r=g\",\"caption\":\"Roberto\"},\"url\":\"https:\\\/\\\/regiaonews.net.br\\\/2022\\\/author\\\/roberto\\\/\"}]}<\/script>\n<!-- \/ Yoast SEO plugin. -->","yoast_head_json":{"title":"Veja como ficou a composi\u00e7\u00e3o da C\u00e2mara de Barretos ap\u00f3s o per\u00edodo de janela partid\u00e1ria - Regi\u00e3o News","robots":{"index":"index","follow":"follow","max-snippet":"max-snippet:-1","max-image-preview":"max-image-preview:large","max-video-preview":"max-video-preview:-1"},"canonical":"https:\/\/regiaonews.net.br\/2022\/2024\/04\/08\/veja-como-ficou-a-composicao-da-camara-de-barretos-apos-o-periodo-de-janela-partidaria\/","og_locale":"pt_BR","og_type":"article","og_title":"Veja como ficou a composi\u00e7\u00e3o da C\u00e2mara de Barretos ap\u00f3s o per\u00edodo de janela partid\u00e1ria - Regi\u00e3o News","og_description":"Oito vereadores trocaram de legenda; PP agora tem a maior","og_url":"https:\/\/regiaonews.net.br\/2022\/2024\/04\/08\/veja-como-ficou-a-composicao-da-camara-de-barretos-apos-o-periodo-de-janela-partidaria\/","og_site_name":"Regi\u00e3o News","article_published_time":"2024-04-09T01:31:35+00:00","article_modified_time":"2024-04-09T01:34:54+00:00","og_image":[{"width":2005,"height":1125,"url":"https:\/\/regiaonews.net.br\/2022\/wp-content\/uploads\/2024\/04\/alta_17126131326614670c0d701.jpg","type":"image\/jpeg"}],"author":"Roberto","twitter_card":"summary_large_image","twitter_misc":{"Escrito por":"Roberto","Est. tempo de leitura":"3 minutos"},"schema":{"@context":"https:\/\/schema.org","@graph":[{"@type":"Article","@id":"https:\/\/regiaonews.net.br\/2022\/2024\/04\/08\/veja-como-ficou-a-composicao-da-camara-de-barretos-apos-o-periodo-de-janela-partidaria\/#article","isPartOf":{"@id":"https:\/\/regiaonews.net.br\/2022\/2024\/04\/08\/veja-como-ficou-a-composicao-da-camara-de-barretos-apos-o-periodo-de-janela-partidaria\/"},"author":{"name":"Roberto","@id":"https:\/\/regiaonews.net.br\/2022\/#\/schema\/person\/2d205a608a5aa97ac279d7a5e6d89ad8"},"headline":"Veja como ficou a composi\u00e7\u00e3o da C\u00e2mara de Barretos ap\u00f3s o per\u00edodo de janela partid\u00e1ria","datePublished":"2024-04-09T01:31:35+00:00","dateModified":"2024-04-09T01:34:54+00:00","mainEntityOfPage":{"@id":"https:\/\/regiaonews.net.br\/2022\/2024\/04\/08\/veja-como-ficou-a-composicao-da-camara-de-barretos-apos-o-periodo-de-janela-partidaria\/"},"wordCount":388,"commentCount":0,"publisher":{"@id":"https:\/\/regiaonews.net.br\/2022\/#organization"},"image":{"@id":"https:\/\/regiaonews.net.br\/2022\/2024\/04\/08\/veja-como-ficou-a-composicao-da-camara-de-barretos-apos-o-periodo-de-janela-partidaria\/#primaryimage"},"thumbnailUrl":"https:\/\/regiaonews.net.br\/2022\/wp-content\/uploads\/2024\/04\/alta_17126131326614670c0d701.jpg","articleSection":["Barretos","Pol\u00edtica"],"inLanguage":"pt-BR","potentialAction":[{"@type":"CommentAction","name":"Comment","target":["https:\/\/regiaonews.net.br\/2022\/2024\/04\/08\/veja-como-ficou-a-composicao-da-camara-de-barretos-apos-o-periodo-de-janela-partidaria\/#respond"]}]},{"@type":"WebPage","@id":"https:\/\/regiaonews.net.br\/2022\/2024\/04\/08\/veja-como-ficou-a-composicao-da-camara-de-barretos-apos-o-periodo-de-janela-partidaria\/","url":"https:\/\/regiaonews.net.br\/2022\/2024\/04\/08\/veja-como-ficou-a-composicao-da-camara-de-barretos-apos-o-periodo-de-janela-partidaria\/","name":"Veja como ficou a composi\u00e7\u00e3o da C\u00e2mara de Barretos ap\u00f3s o per\u00edodo de janela partid\u00e1ria - Regi\u00e3o News","isPartOf":{"@id":"https:\/\/regiaonews.net.br\/2022\/#website"},"primaryImageOfPage":{"@id":"https:\/\/regiaonews.net.br\/2022\/2024\/04\/08\/veja-como-ficou-a-composicao-da-camara-de-barretos-apos-o-periodo-de-janela-partidaria\/#primaryimage"},"image":{"@id":"https:\/\/regiaonews.net.br\/2022\/2024\/04\/08\/veja-como-ficou-a-composicao-da-camara-de-barretos-apos-o-periodo-de-janela-partidaria\/#primaryimage"},"thumbnailUrl":"https:\/\/regiaonews.net.br\/2022\/wp-content\/uploads\/2024\/04\/alta_17126131326614670c0d701.jpg","datePublished":"2024-04-09T01:31:35+00:00","dateModified":"2024-04-09T01:34:54+00:00","breadcrumb":{"@id":"https:\/\/regiaonews.net.br\/2022\/2024\/04\/08\/veja-como-ficou-a-composicao-da-camara-de-barretos-apos-o-periodo-de-janela-partidaria\/#breadcrumb"},"inLanguage":"pt-BR","potentialAction":[{"@type":"ReadAction","target":["https:\/\/regiaonews.net.br\/2022\/2024\/04\/08\/veja-como-ficou-a-composicao-da-camara-de-barretos-apos-o-periodo-de-janela-partidaria\/"]}]},{"@type":"ImageObject","inLanguage":"pt-BR","@id":"https:\/\/regiaonews.net.br\/2022\/2024\/04\/08\/veja-como-ficou-a-composicao-da-camara-de-barretos-apos-o-periodo-de-janela-partidaria\/#primaryimage","url":"https:\/\/regiaonews.net.br\/2022\/wp-content\/uploads\/2024\/04\/alta_17126131326614670c0d701.jpg","contentUrl":"https:\/\/regiaonews.net.br\/2022\/wp-content\/uploads\/2024\/04\/alta_17126131326614670c0d701.jpg","width":2005,"height":1125},{"@type":"BreadcrumbList","@id":"https:\/\/regiaonews.net.br\/2022\/2024\/04\/08\/veja-como-ficou-a-composicao-da-camara-de-barretos-apos-o-periodo-de-janela-partidaria\/#breadcrumb","itemListElement":[{"@type":"ListItem","position":1,"name":"In\u00edcio","item":"https:\/\/regiaonews.net.br\/2022\/"},{"@type":"ListItem","position":2,"name":"Veja como ficou a composi\u00e7\u00e3o da C\u00e2mara de Barretos ap\u00f3s o per\u00edodo de janela partid\u00e1ria"}]},{"@type":"WebSite","@id":"https:\/\/regiaonews.net.br\/2022\/#website","url":"https:\/\/regiaonews.net.br\/2022\/","name":"Regi\u00e3o News","description":"Site de Not\u00edcias de Barretos e regi\u00e3o","publisher":{"@id":"https:\/\/regiaonews.net.br\/2022\/#organization"},"potentialAction":[{"@type":"SearchAction","target":{"@type":"EntryPoint","urlTemplate":"https:\/\/regiaonews.net.br\/2022\/?s={search_term_string}"},"query-input":{"@type":"PropertyValueSpecification","valueRequired":true,"valueName":"search_term_string"}}],"inLanguage":"pt-BR"},{"@type":"Organization","@id":"https:\/\/regiaonews.net.br\/2022\/#organization","name":"Regi\u00e3o News","url":"https:\/\/regiaonews.net.br\/2022\/","logo":{"@type":"ImageObject","inLanguage":"pt-BR","@id":"https:\/\/regiaonews.net.br\/2022\/#\/schema\/logo\/image\/","url":"https:\/\/regiaonews.net.br\/2022\/wp-content\/uploads\/2026\/03\/regiao-13-anos-scaled.jpg","contentUrl":"https:\/\/regiaonews.net.br\/2022\/wp-content\/uploads\/2026\/03\/regiao-13-anos-scaled.jpg","width":2560,"height":635,"caption":"Regi\u00e3o News"},"image":{"@id":"https:\/\/regiaonews.net.br\/2022\/#\/schema\/logo\/image\/"}},{"@type":"Person","@id":"https:\/\/regiaonews.net.br\/2022\/#\/schema\/person\/2d205a608a5aa97ac279d7a5e6d89ad8","name":"Roberto","image":{"@type":"ImageObject","inLanguage":"pt-BR","@id":"https:\/\/secure.gravatar.com\/avatar\/42749d8b712ff9d59ca93dc150494e5b55a44134482993f5baeb97e61b7ecc89?s=96&d=mm&r=g","url":"https:\/\/secure.gravatar.com\/avatar\/42749d8b712ff9d59ca93dc150494e5b55a44134482993f5baeb97e61b7ecc89?s=96&d=mm&r=g","contentUrl":"https:\/\/secure.gravatar.com\/avatar\/42749d8b712ff9d59ca93dc150494e5b55a44134482993f5baeb97e61b7ecc89?s=96&d=mm&r=g","caption":"Roberto"},"url":"https:\/\/regiaonews.net.br\/2022\/author\/roberto\/"}]}},"publishpress_future_action":{"enabled":false,"date":"2026-05-04 04:34:28","action":"change-status","newStatus":"draft","terms":[],"taxonomy":"category","extraData":[]},"publishpress_future_workflow_manual_trigger":{"enabledWorkflows":[]},"_links":{"self":[{"href":"https:\/\/regiaonews.net.br\/2022\/wp-json\/wp\/v2\/posts\/103413","targetHints":{"allow":["GET"]}}],"collection":[{"href":"https:\/\/regiaonews.net.br\/2022\/wp-json\/wp\/v2\/posts"}],"about":[{"href":"https:\/\/regiaonews.net.br\/2022\/wp-json\/wp\/v2\/types\/post"}],"author":[{"embeddable":true,"href":"https:\/\/regiaonews.net.br\/2022\/wp-json\/wp\/v2\/users\/2"}],"replies":[{"embeddable":true,"href":"https:\/\/regiaonews.net.br\/2022\/wp-json\/wp\/v2\/comments?post=103413"}],"version-history":[{"count":1,"href":"https:\/\/regiaonews.net.br\/2022\/wp-json\/wp\/v2\/posts\/103413\/revisions"}],"predecessor-version":[{"id":103414,"href":"https:\/\/regiaonews.net.br\/2022\/wp-json\/wp\/v2\/posts\/103413\/revisions\/103414"}],"wp:featuredmedia":[{"embeddable":true,"href":"https:\/\/regiaonews.net.br\/2022\/wp-json\/wp\/v2\/media\/103415"}],"wp:attachment":[{"href":"https:\/\/regiaonews.net.br\/2022\/wp-json\/wp\/v2\/media?parent=103413"}],"wp:term":[{"taxonomy":"category","embeddable":true,"href":"https:\/\/regiaonews.net.br\/2022\/wp-json\/wp\/v2\/categories?post=103413"},{"taxonomy":"post_tag","embeddable":true,"href":"https:\/\/regiaonews.net.br\/2022\/wp-json\/wp\/v2\/tags?post=103413"}],"curies":[{"name":"wp","href":"https:\/\/api.w.org\/{rel}","templated":true}]}}