{"id":103405,"date":"2024-04-08T21:40:56","date_gmt":"2024-04-09T00:40:56","guid":{"rendered":"https:\/\/regiaonews.net.br\/2022\/?p=103405"},"modified":"2024-04-09T10:36:16","modified_gmt":"2024-04-09T13:36:16","slug":"reuniao-debate-saude-e-defensoria-registra-crescimento-das-acoes","status":"publish","type":"post","link":"https:\/\/regiaonews.net.br\/2022\/2024\/04\/08\/reuniao-debate-saude-e-defensoria-registra-crescimento-das-acoes\/","title":{"rendered":"Reuni\u00e3o debate Sa\u00fade e Defensoria registra crescimento das a\u00e7\u00f5es"},"content":{"rendered":"<p>&nbsp;<\/p>\n<p>Foto \u2013\u00a0 Rosangela, Dr. Gustavo, Ana Paula e Cl\u00e1udio durante reuni\u00e3o<\/p>\n<p>Foto \u2013 Roberto Jos\u00e9<\/p>\n<p>&nbsp;<\/p>\n<p>O Dia Mundial da Sa\u00fade foi comemorado neste domingo dia 7 de abril, e em Barretos aconteceu um debate sobre o tema, na sede da Delegacia Regional do Sinsprev, promovido pelo Sindicato dos Previdenci\u00e1rios e o F\u00f3rum Popular de Sa\u00fade, com a presen\u00e7a do defensor p\u00fablico Gustavo Samuel e da coordenadora da Casa da Mulher Paulista, Ana Paula Ferreira. O debate reuniu profissionais da sa\u00fade, membros do Conselho Municipal de Sa\u00fade e usu\u00e1rios do SUS de Barretos, Mar\u00edlia, Ituverava, Ribeir\u00e3o Preto, Bebedouro e Franca, onde fizeram uma ampla discuss\u00e3o sobre o sistema desde o or\u00e7amento at\u00e9 o atendimento da popula\u00e7\u00e3o. \u201c\u00c9 uma data que a gente sempre debate para discutir a realidade da popula\u00e7\u00e3o e a sa\u00fade p\u00fablica, entre elas, as condi\u00e7\u00f5es pol\u00edticas, econ\u00f4micas e sociais do pa\u00eds, al\u00e9m de tudo o que influencia no atendimento. Sa\u00fade \u00e9 bem-estar social, mental e humano. Aqui estamos discutindo o que est\u00e1 previsto em lei e o seu cumprimento\u201d, destacou um dos organizadores do debate, Cl\u00e1udio Jos\u00e9 Machado.<\/p>\n<p>O defensor p\u00fablico, Dr. Gustavo Samuel, afirmou que a sa\u00fade \u00e9 um direito fundamental e garantido de forma universal para todas as pessoas. \u201cO Estado tem que garantir que as pessoas tenham um m\u00ednimo de dignidade. Com o sucateamento do SUS nos \u00faltimos anos, temos visto um aumento nas medidas judiciais para prover alguns pedidos\u201d, afirmou o defensor. Segundo ele, uma boa parte das a\u00e7\u00f5es que tramitam hoje na Defensoria de Barretos pedem medicamentos, tratamentos de sa\u00fade espec\u00edfico e uma grande demanda em todo estado \u00e9 da\u00a0 sa\u00fade mental. \u201c\u00c9 importante estar conversando com a comunidade e tamb\u00e9m saber os problemas para defensoria responder a contento. A solu\u00e7\u00e3o precisa ser constru\u00edda por quem usa e trabalha na sa\u00fade\u201d, destacou o defensor.<\/p>\n<p>A coordenadora da Casa da Mulher Paulista, Ana Paula Ferreira, destacou que o debate foi importante para discutir a sa\u00fade, ressaltando que o tema vai muito al\u00e9m do pr\u00f3prio bem-estar. \u201cN\u00f3s s\u00f3 somos cidad\u00e3os quando temos os nossos direitos contemplados. \u00c9 uma honra estar aqui, porque n\u00f3s como sociedade civil, a gente aprende com essas discuss\u00f5es\u201d, opinou.<\/p>\n<p>&nbsp;<\/p>\n","protected":false},"excerpt":{"rendered":"<p>&nbsp; Foto \u2013\u00a0 Rosangela, Dr. Gustavo, Ana Paula e Cl\u00e1udio<\/p>\n","protected":false},"author":2,"featured_media":103417,"comment_status":"open","ping_status":"open","sticky":false,"template":"","format":"standard","meta":{"footnotes":""},"categories":[14,25],"tags":[],"class_list":["post-103405","post","type-post","status-publish","format-standard","has-post-thumbnail","hentry","category-barretos","category-cidades"],"yoast_head":"<!-- This site is optimized with the Yoast SEO plugin v27.4 - https:\/\/yoast.com\/product\/yoast-seo-wordpress\/ -->\n<title>Reuni\u00e3o debate Sa\u00fade e Defensoria registra crescimento das a\u00e7\u00f5es - Regi\u00e3o News<\/title>\n<meta name=\"robots\" content=\"index, follow, max-snippet:-1, max-image-preview:large, max-video-preview:-1\" \/>\n<link rel=\"canonical\" href=\"https:\/\/regiaonews.net.br\/2022\/2024\/04\/08\/reuniao-debate-saude-e-defensoria-registra-crescimento-das-acoes\/\" \/>\n<meta property=\"og:locale\" content=\"pt_BR\" \/>\n<meta property=\"og:type\" content=\"article\" \/>\n<meta property=\"og:title\" content=\"Reuni\u00e3o debate Sa\u00fade e Defensoria registra crescimento das a\u00e7\u00f5es - Regi\u00e3o News\" \/>\n<meta property=\"og:description\" content=\"&nbsp; Foto \u2013\u00a0 Rosangela, Dr. Gustavo, Ana Paula e Cl\u00e1udio\" \/>\n<meta property=\"og:url\" content=\"https:\/\/regiaonews.net.br\/2022\/2024\/04\/08\/reuniao-debate-saude-e-defensoria-registra-crescimento-das-acoes\/\" \/>\n<meta property=\"og:site_name\" content=\"Regi\u00e3o News\" \/>\n<meta property=\"article:published_time\" content=\"2024-04-09T00:40:56+00:00\" \/>\n<meta property=\"article:modified_time\" content=\"2024-04-09T13:36:16+00:00\" \/>\n<meta property=\"og:image\" content=\"https:\/\/regiaonews.net.br\/2022\/wp-content\/uploads\/2024\/04\/20240406_175603-scaled.jpg\" \/>\n\t<meta property=\"og:image:width\" content=\"2560\" \/>\n\t<meta property=\"og:image:height\" content=\"1920\" \/>\n\t<meta property=\"og:image:type\" content=\"image\/jpeg\" \/>\n<meta name=\"author\" content=\"Roberto\" \/>\n<meta name=\"twitter:card\" content=\"summary_large_image\" \/>\n<meta name=\"twitter:label1\" content=\"Escrito por\" \/>\n\t<meta name=\"twitter:data1\" content=\"Roberto\" \/>\n\t<meta name=\"twitter:label2\" content=\"Est. tempo de leitura\" \/>\n\t<meta name=\"twitter:data2\" content=\"3 minutos\" \/>\n<script type=\"application\/ld+json\" class=\"yoast-schema-graph\">{\"@context\":\"https:\\\/\\\/schema.org\",\"@graph\":[{\"@type\":\"Article\",\"@id\":\"https:\\\/\\\/regiaonews.net.br\\\/2022\\\/2024\\\/04\\\/08\\\/reuniao-debate-saude-e-defensoria-registra-crescimento-das-acoes\\\/#article\",\"isPartOf\":{\"@id\":\"https:\\\/\\\/regiaonews.net.br\\\/2022\\\/2024\\\/04\\\/08\\\/reuniao-debate-saude-e-defensoria-registra-crescimento-das-acoes\\\/\"},\"author\":{\"name\":\"Roberto\",\"@id\":\"https:\\\/\\\/regiaonews.net.br\\\/2022\\\/#\\\/schema\\\/person\\\/2d205a608a5aa97ac279d7a5e6d89ad8\"},\"headline\":\"Reuni\u00e3o debate Sa\u00fade e Defensoria registra crescimento das a\u00e7\u00f5es\",\"datePublished\":\"2024-04-09T00:40:56+00:00\",\"dateModified\":\"2024-04-09T13:36:16+00:00\",\"mainEntityOfPage\":{\"@id\":\"https:\\\/\\\/regiaonews.net.br\\\/2022\\\/2024\\\/04\\\/08\\\/reuniao-debate-saude-e-defensoria-registra-crescimento-das-acoes\\\/\"},\"wordCount\":408,\"commentCount\":0,\"publisher\":{\"@id\":\"https:\\\/\\\/regiaonews.net.br\\\/2022\\\/#organization\"},\"image\":{\"@id\":\"https:\\\/\\\/regiaonews.net.br\\\/2022\\\/2024\\\/04\\\/08\\\/reuniao-debate-saude-e-defensoria-registra-crescimento-das-acoes\\\/#primaryimage\"},\"thumbnailUrl\":\"https:\\\/\\\/regiaonews.net.br\\\/2022\\\/wp-content\\\/uploads\\\/2024\\\/04\\\/20240406_175603-scaled.jpg\",\"articleSection\":[\"Barretos\",\"Cidades\"],\"inLanguage\":\"pt-BR\",\"potentialAction\":[{\"@type\":\"CommentAction\",\"name\":\"Comment\",\"target\":[\"https:\\\/\\\/regiaonews.net.br\\\/2022\\\/2024\\\/04\\\/08\\\/reuniao-debate-saude-e-defensoria-registra-crescimento-das-acoes\\\/#respond\"]}]},{\"@type\":\"WebPage\",\"@id\":\"https:\\\/\\\/regiaonews.net.br\\\/2022\\\/2024\\\/04\\\/08\\\/reuniao-debate-saude-e-defensoria-registra-crescimento-das-acoes\\\/\",\"url\":\"https:\\\/\\\/regiaonews.net.br\\\/2022\\\/2024\\\/04\\\/08\\\/reuniao-debate-saude-e-defensoria-registra-crescimento-das-acoes\\\/\",\"name\":\"Reuni\u00e3o debate Sa\u00fade e Defensoria registra crescimento das a\u00e7\u00f5es - Regi\u00e3o News\",\"isPartOf\":{\"@id\":\"https:\\\/\\\/regiaonews.net.br\\\/2022\\\/#website\"},\"primaryImageOfPage\":{\"@id\":\"https:\\\/\\\/regiaonews.net.br\\\/2022\\\/2024\\\/04\\\/08\\\/reuniao-debate-saude-e-defensoria-registra-crescimento-das-acoes\\\/#primaryimage\"},\"image\":{\"@id\":\"https:\\\/\\\/regiaonews.net.br\\\/2022\\\/2024\\\/04\\\/08\\\/reuniao-debate-saude-e-defensoria-registra-crescimento-das-acoes\\\/#primaryimage\"},\"thumbnailUrl\":\"https:\\\/\\\/regiaonews.net.br\\\/2022\\\/wp-content\\\/uploads\\\/2024\\\/04\\\/20240406_175603-scaled.jpg\",\"datePublished\":\"2024-04-09T00:40:56+00:00\",\"dateModified\":\"2024-04-09T13:36:16+00:00\",\"breadcrumb\":{\"@id\":\"https:\\\/\\\/regiaonews.net.br\\\/2022\\\/2024\\\/04\\\/08\\\/reuniao-debate-saude-e-defensoria-registra-crescimento-das-acoes\\\/#breadcrumb\"},\"inLanguage\":\"pt-BR\",\"potentialAction\":[{\"@type\":\"ReadAction\",\"target\":[\"https:\\\/\\\/regiaonews.net.br\\\/2022\\\/2024\\\/04\\\/08\\\/reuniao-debate-saude-e-defensoria-registra-crescimento-das-acoes\\\/\"]}]},{\"@type\":\"ImageObject\",\"inLanguage\":\"pt-BR\",\"@id\":\"https:\\\/\\\/regiaonews.net.br\\\/2022\\\/2024\\\/04\\\/08\\\/reuniao-debate-saude-e-defensoria-registra-crescimento-das-acoes\\\/#primaryimage\",\"url\":\"https:\\\/\\\/regiaonews.net.br\\\/2022\\\/wp-content\\\/uploads\\\/2024\\\/04\\\/20240406_175603-scaled.jpg\",\"contentUrl\":\"https:\\\/\\\/regiaonews.net.br\\\/2022\\\/wp-content\\\/uploads\\\/2024\\\/04\\\/20240406_175603-scaled.jpg\",\"width\":2560,\"height\":1920},{\"@type\":\"BreadcrumbList\",\"@id\":\"https:\\\/\\\/regiaonews.net.br\\\/2022\\\/2024\\\/04\\\/08\\\/reuniao-debate-saude-e-defensoria-registra-crescimento-das-acoes\\\/#breadcrumb\",\"itemListElement\":[{\"@type\":\"ListItem\",\"position\":1,\"name\":\"In\u00edcio\",\"item\":\"https:\\\/\\\/regiaonews.net.br\\\/2022\\\/\"},{\"@type\":\"ListItem\",\"position\":2,\"name\":\"Reuni\u00e3o debate Sa\u00fade e Defensoria registra crescimento das a\u00e7\u00f5es\"}]},{\"@type\":\"WebSite\",\"@id\":\"https:\\\/\\\/regiaonews.net.br\\\/2022\\\/#website\",\"url\":\"https:\\\/\\\/regiaonews.net.br\\\/2022\\\/\",\"name\":\"Regi\u00e3o News\",\"description\":\"Site de Not\u00edcias de Barretos e regi\u00e3o\",\"publisher\":{\"@id\":\"https:\\\/\\\/regiaonews.net.br\\\/2022\\\/#organization\"},\"potentialAction\":[{\"@type\":\"SearchAction\",\"target\":{\"@type\":\"EntryPoint\",\"urlTemplate\":\"https:\\\/\\\/regiaonews.net.br\\\/2022\\\/?s={search_term_string}\"},\"query-input\":{\"@type\":\"PropertyValueSpecification\",\"valueRequired\":true,\"valueName\":\"search_term_string\"}}],\"inLanguage\":\"pt-BR\"},{\"@type\":\"Organization\",\"@id\":\"https:\\\/\\\/regiaonews.net.br\\\/2022\\\/#organization\",\"name\":\"Regi\u00e3o News\",\"url\":\"https:\\\/\\\/regiaonews.net.br\\\/2022\\\/\",\"logo\":{\"@type\":\"ImageObject\",\"inLanguage\":\"pt-BR\",\"@id\":\"https:\\\/\\\/regiaonews.net.br\\\/2022\\\/#\\\/schema\\\/logo\\\/image\\\/\",\"url\":\"https:\\\/\\\/regiaonews.net.br\\\/2022\\\/wp-content\\\/uploads\\\/2026\\\/03\\\/regiao-13-anos-scaled.jpg\",\"contentUrl\":\"https:\\\/\\\/regiaonews.net.br\\\/2022\\\/wp-content\\\/uploads\\\/2026\\\/03\\\/regiao-13-anos-scaled.jpg\",\"width\":2560,\"height\":635,\"caption\":\"Regi\u00e3o News\"},\"image\":{\"@id\":\"https:\\\/\\\/regiaonews.net.br\\\/2022\\\/#\\\/schema\\\/logo\\\/image\\\/\"}},{\"@type\":\"Person\",\"@id\":\"https:\\\/\\\/regiaonews.net.br\\\/2022\\\/#\\\/schema\\\/person\\\/2d205a608a5aa97ac279d7a5e6d89ad8\",\"name\":\"Roberto\",\"image\":{\"@type\":\"ImageObject\",\"inLanguage\":\"pt-BR\",\"@id\":\"https:\\\/\\\/secure.gravatar.com\\\/avatar\\\/42749d8b712ff9d59ca93dc150494e5b55a44134482993f5baeb97e61b7ecc89?s=96&d=mm&r=g\",\"url\":\"https:\\\/\\\/secure.gravatar.com\\\/avatar\\\/42749d8b712ff9d59ca93dc150494e5b55a44134482993f5baeb97e61b7ecc89?s=96&d=mm&r=g\",\"contentUrl\":\"https:\\\/\\\/secure.gravatar.com\\\/avatar\\\/42749d8b712ff9d59ca93dc150494e5b55a44134482993f5baeb97e61b7ecc89?s=96&d=mm&r=g\",\"caption\":\"Roberto\"},\"url\":\"https:\\\/\\\/regiaonews.net.br\\\/2022\\\/author\\\/roberto\\\/\"}]}<\/script>\n<!-- \/ Yoast SEO plugin. -->","yoast_head_json":{"title":"Reuni\u00e3o debate Sa\u00fade e Defensoria registra crescimento das a\u00e7\u00f5es - Regi\u00e3o News","robots":{"index":"index","follow":"follow","max-snippet":"max-snippet:-1","max-image-preview":"max-image-preview:large","max-video-preview":"max-video-preview:-1"},"canonical":"https:\/\/regiaonews.net.br\/2022\/2024\/04\/08\/reuniao-debate-saude-e-defensoria-registra-crescimento-das-acoes\/","og_locale":"pt_BR","og_type":"article","og_title":"Reuni\u00e3o debate Sa\u00fade e Defensoria registra crescimento das a\u00e7\u00f5es - Regi\u00e3o News","og_description":"&nbsp; Foto \u2013\u00a0 Rosangela, Dr. Gustavo, Ana Paula e Cl\u00e1udio","og_url":"https:\/\/regiaonews.net.br\/2022\/2024\/04\/08\/reuniao-debate-saude-e-defensoria-registra-crescimento-das-acoes\/","og_site_name":"Regi\u00e3o News","article_published_time":"2024-04-09T00:40:56+00:00","article_modified_time":"2024-04-09T13:36:16+00:00","og_image":[{"width":2560,"height":1920,"url":"https:\/\/regiaonews.net.br\/2022\/wp-content\/uploads\/2024\/04\/20240406_175603-scaled.jpg","type":"image\/jpeg"}],"author":"Roberto","twitter_card":"summary_large_image","twitter_misc":{"Escrito por":"Roberto","Est. tempo de leitura":"3 minutos"},"schema":{"@context":"https:\/\/schema.org","@graph":[{"@type":"Article","@id":"https:\/\/regiaonews.net.br\/2022\/2024\/04\/08\/reuniao-debate-saude-e-defensoria-registra-crescimento-das-acoes\/#article","isPartOf":{"@id":"https:\/\/regiaonews.net.br\/2022\/2024\/04\/08\/reuniao-debate-saude-e-defensoria-registra-crescimento-das-acoes\/"},"author":{"name":"Roberto","@id":"https:\/\/regiaonews.net.br\/2022\/#\/schema\/person\/2d205a608a5aa97ac279d7a5e6d89ad8"},"headline":"Reuni\u00e3o debate Sa\u00fade e Defensoria registra crescimento das a\u00e7\u00f5es","datePublished":"2024-04-09T00:40:56+00:00","dateModified":"2024-04-09T13:36:16+00:00","mainEntityOfPage":{"@id":"https:\/\/regiaonews.net.br\/2022\/2024\/04\/08\/reuniao-debate-saude-e-defensoria-registra-crescimento-das-acoes\/"},"wordCount":408,"commentCount":0,"publisher":{"@id":"https:\/\/regiaonews.net.br\/2022\/#organization"},"image":{"@id":"https:\/\/regiaonews.net.br\/2022\/2024\/04\/08\/reuniao-debate-saude-e-defensoria-registra-crescimento-das-acoes\/#primaryimage"},"thumbnailUrl":"https:\/\/regiaonews.net.br\/2022\/wp-content\/uploads\/2024\/04\/20240406_175603-scaled.jpg","articleSection":["Barretos","Cidades"],"inLanguage":"pt-BR","potentialAction":[{"@type":"CommentAction","name":"Comment","target":["https:\/\/regiaonews.net.br\/2022\/2024\/04\/08\/reuniao-debate-saude-e-defensoria-registra-crescimento-das-acoes\/#respond"]}]},{"@type":"WebPage","@id":"https:\/\/regiaonews.net.br\/2022\/2024\/04\/08\/reuniao-debate-saude-e-defensoria-registra-crescimento-das-acoes\/","url":"https:\/\/regiaonews.net.br\/2022\/2024\/04\/08\/reuniao-debate-saude-e-defensoria-registra-crescimento-das-acoes\/","name":"Reuni\u00e3o debate Sa\u00fade e Defensoria registra crescimento das a\u00e7\u00f5es - Regi\u00e3o News","isPartOf":{"@id":"https:\/\/regiaonews.net.br\/2022\/#website"},"primaryImageOfPage":{"@id":"https:\/\/regiaonews.net.br\/2022\/2024\/04\/08\/reuniao-debate-saude-e-defensoria-registra-crescimento-das-acoes\/#primaryimage"},"image":{"@id":"https:\/\/regiaonews.net.br\/2022\/2024\/04\/08\/reuniao-debate-saude-e-defensoria-registra-crescimento-das-acoes\/#primaryimage"},"thumbnailUrl":"https:\/\/regiaonews.net.br\/2022\/wp-content\/uploads\/2024\/04\/20240406_175603-scaled.jpg","datePublished":"2024-04-09T00:40:56+00:00","dateModified":"2024-04-09T13:36:16+00:00","breadcrumb":{"@id":"https:\/\/regiaonews.net.br\/2022\/2024\/04\/08\/reuniao-debate-saude-e-defensoria-registra-crescimento-das-acoes\/#breadcrumb"},"inLanguage":"pt-BR","potentialAction":[{"@type":"ReadAction","target":["https:\/\/regiaonews.net.br\/2022\/2024\/04\/08\/reuniao-debate-saude-e-defensoria-registra-crescimento-das-acoes\/"]}]},{"@type":"ImageObject","inLanguage":"pt-BR","@id":"https:\/\/regiaonews.net.br\/2022\/2024\/04\/08\/reuniao-debate-saude-e-defensoria-registra-crescimento-das-acoes\/#primaryimage","url":"https:\/\/regiaonews.net.br\/2022\/wp-content\/uploads\/2024\/04\/20240406_175603-scaled.jpg","contentUrl":"https:\/\/regiaonews.net.br\/2022\/wp-content\/uploads\/2024\/04\/20240406_175603-scaled.jpg","width":2560,"height":1920},{"@type":"BreadcrumbList","@id":"https:\/\/regiaonews.net.br\/2022\/2024\/04\/08\/reuniao-debate-saude-e-defensoria-registra-crescimento-das-acoes\/#breadcrumb","itemListElement":[{"@type":"ListItem","position":1,"name":"In\u00edcio","item":"https:\/\/regiaonews.net.br\/2022\/"},{"@type":"ListItem","position":2,"name":"Reuni\u00e3o debate Sa\u00fade e Defensoria registra crescimento das a\u00e7\u00f5es"}]},{"@type":"WebSite","@id":"https:\/\/regiaonews.net.br\/2022\/#website","url":"https:\/\/regiaonews.net.br\/2022\/","name":"Regi\u00e3o News","description":"Site de Not\u00edcias de Barretos e regi\u00e3o","publisher":{"@id":"https:\/\/regiaonews.net.br\/2022\/#organization"},"potentialAction":[{"@type":"SearchAction","target":{"@type":"EntryPoint","urlTemplate":"https:\/\/regiaonews.net.br\/2022\/?s={search_term_string}"},"query-input":{"@type":"PropertyValueSpecification","valueRequired":true,"valueName":"search_term_string"}}],"inLanguage":"pt-BR"},{"@type":"Organization","@id":"https:\/\/regiaonews.net.br\/2022\/#organization","name":"Regi\u00e3o News","url":"https:\/\/regiaonews.net.br\/2022\/","logo":{"@type":"ImageObject","inLanguage":"pt-BR","@id":"https:\/\/regiaonews.net.br\/2022\/#\/schema\/logo\/image\/","url":"https:\/\/regiaonews.net.br\/2022\/wp-content\/uploads\/2026\/03\/regiao-13-anos-scaled.jpg","contentUrl":"https:\/\/regiaonews.net.br\/2022\/wp-content\/uploads\/2026\/03\/regiao-13-anos-scaled.jpg","width":2560,"height":635,"caption":"Regi\u00e3o News"},"image":{"@id":"https:\/\/regiaonews.net.br\/2022\/#\/schema\/logo\/image\/"}},{"@type":"Person","@id":"https:\/\/regiaonews.net.br\/2022\/#\/schema\/person\/2d205a608a5aa97ac279d7a5e6d89ad8","name":"Roberto","image":{"@type":"ImageObject","inLanguage":"pt-BR","@id":"https:\/\/secure.gravatar.com\/avatar\/42749d8b712ff9d59ca93dc150494e5b55a44134482993f5baeb97e61b7ecc89?s=96&d=mm&r=g","url":"https:\/\/secure.gravatar.com\/avatar\/42749d8b712ff9d59ca93dc150494e5b55a44134482993f5baeb97e61b7ecc89?s=96&d=mm&r=g","contentUrl":"https:\/\/secure.gravatar.com\/avatar\/42749d8b712ff9d59ca93dc150494e5b55a44134482993f5baeb97e61b7ecc89?s=96&d=mm&r=g","caption":"Roberto"},"url":"https:\/\/regiaonews.net.br\/2022\/author\/roberto\/"}]}},"publishpress_future_action":{"enabled":false,"date":"2026-05-04 03:53:49","action":"change-status","newStatus":"draft","terms":[],"taxonomy":"category","extraData":[]},"publishpress_future_workflow_manual_trigger":{"enabledWorkflows":[]},"_links":{"self":[{"href":"https:\/\/regiaonews.net.br\/2022\/wp-json\/wp\/v2\/posts\/103405","targetHints":{"allow":["GET"]}}],"collection":[{"href":"https:\/\/regiaonews.net.br\/2022\/wp-json\/wp\/v2\/posts"}],"about":[{"href":"https:\/\/regiaonews.net.br\/2022\/wp-json\/wp\/v2\/types\/post"}],"author":[{"embeddable":true,"href":"https:\/\/regiaonews.net.br\/2022\/wp-json\/wp\/v2\/users\/2"}],"replies":[{"embeddable":true,"href":"https:\/\/regiaonews.net.br\/2022\/wp-json\/wp\/v2\/comments?post=103405"}],"version-history":[{"count":4,"href":"https:\/\/regiaonews.net.br\/2022\/wp-json\/wp\/v2\/posts\/103405\/revisions"}],"predecessor-version":[{"id":103429,"href":"https:\/\/regiaonews.net.br\/2022\/wp-json\/wp\/v2\/posts\/103405\/revisions\/103429"}],"wp:featuredmedia":[{"embeddable":true,"href":"https:\/\/regiaonews.net.br\/2022\/wp-json\/wp\/v2\/media\/103417"}],"wp:attachment":[{"href":"https:\/\/regiaonews.net.br\/2022\/wp-json\/wp\/v2\/media?parent=103405"}],"wp:term":[{"taxonomy":"category","embeddable":true,"href":"https:\/\/regiaonews.net.br\/2022\/wp-json\/wp\/v2\/categories?post=103405"},{"taxonomy":"post_tag","embeddable":true,"href":"https:\/\/regiaonews.net.br\/2022\/wp-json\/wp\/v2\/tags?post=103405"}],"curies":[{"name":"wp","href":"https:\/\/api.w.org\/{rel}","templated":true}]}}