{"id":103393,"date":"2024-04-08T19:02:38","date_gmt":"2024-04-08T22:02:38","guid":{"rendered":"https:\/\/regiaonews.net.br\/2022\/?p=103393"},"modified":"2024-04-08T19:02:38","modified_gmt":"2024-04-08T22:02:38","slug":"prefeitura-amplia-o-programa-adote-uma-praca","status":"publish","type":"post","link":"https:\/\/regiaonews.net.br\/2022\/2024\/04\/08\/prefeitura-amplia-o-programa-adote-uma-praca\/","title":{"rendered":"Prefeitura amplia o \u201cPrograma Adote Uma Pra\u00e7a\u201d"},"content":{"rendered":"<p>Objetivo \u00e9 promover a manuten\u00e7\u00e3o e a conserva\u00e7\u00e3o dos espa\u00e7os p\u00fablicos, por meio de parceria com a sociedade civil e setor privado<\/p>\n<p>O \u201cPrograma Adote Uma Pra\u00e7a\u201d foi ampliado pela Prefeitura de Barretos e agora permite a instala\u00e7\u00e3o de uma s\u00e9rie de equipamentos nos espa\u00e7os p\u00fablicos adotados por meio de parceria com a sociedade civil e com o setor privado.<br \/>\nPara o secret\u00e1rio de Finan\u00e7as, Fernando Soares, a nova lei \u00e9 mais completa, visando garantir a qualidade desses espa\u00e7os e fortalecer o di\u00e1logo entre o poder p\u00fablico e a sociedade civil, tendo como base o conceito ESG (Ambiental, Social e Governan\u00e7a). \u201cExistia uma lei anterior, mas que s\u00f3 falava da ado\u00e7\u00e3o de pra\u00e7as e de canteiros centrais para fins de corte de grama, ro\u00e7ada. Por isso, n\u00f3s mudamos a lei para ampliar as possibilidades da parceria p\u00fablico-privada e beneficiar ainda mais estes locais\u201d, disse.<br \/>\nCom a nova legisla\u00e7\u00e3o, as pra\u00e7as adotadas poder\u00e3o ter equipamentos e mobili\u00e1rio urbano como lixeiras para coleta seletiva; parque infantil; ponto para liga\u00e7\u00e3o de \u00e1gua e luz, bem como para sinal de internet sem fio; horta comunit\u00e1ria org\u00e2nica, de car\u00e1ter educativo; quiosques para piquenique; palco para manifesta\u00e7\u00f5es art\u00edsticas; espa\u00e7o da melhor idade, com atividades e equipamentos espec\u00edficos para pessoas idosas; entre outros.<br \/>\nEm contrapartida, os adotantes podem implantar placas indicativas do termo de coopera\u00e7\u00e3o no local. A quantidade e a dimens\u00e3o das placas, bem como a forma de inser\u00e7\u00e3o na paisagem, s\u00e3o definidas de acordo com crit\u00e9rios estabelecidos pelo Poder Executivo.<br \/>\nEspa\u00e7o adotado<br \/>\nNa sexta-feira, 5 de abril, a Prefeita Paula Lemos recebeu o empres\u00e1rio Guido Nunes Filho, que apresentou um projeto para manuten\u00e7\u00e3o do canteiro central e do sistema de lazer localizado na Avenida C-1, entre C-28 e C-29, no Christiano Carvalho. \u201cO Guido est\u00e1 sendo um grande cidad\u00e3o, um empres\u00e1rio respons\u00e1vel que est\u00e1 adotando uma pra\u00e7a. Uma colabora\u00e7\u00e3o do cidad\u00e3o com a prefeitura e que traz benef\u00edcios a quem adota\u201d, disse a Chefe do Executivo.<br \/>\nO \u201cPrograma Adote Uma Pra\u00e7a\u201d \u00e9 coordenado conjuntamente pelas secretarias municipais de Planejamento e Desenvolvimento F\u00edsico Territorial e de Agricultura e Meio Ambiente.<\/p>\n<p>Est\u00e1 interessado em adotar uma pra\u00e7a? Veja na \u00edntegra a nova legisla\u00e7\u00e3o e os documentos para solicitar a ado\u00e7\u00e3o aqui:<br \/>\nhttps:\/\/agricultura-e-meio-ambiente.barretos.sp.gov.br\/adote-uma-praca<\/p>\n","protected":false},"excerpt":{"rendered":"<p>Objetivo \u00e9 promover a manuten\u00e7\u00e3o e a conserva\u00e7\u00e3o dos espa\u00e7os<\/p>\n","protected":false},"author":2,"featured_media":103394,"comment_status":"open","ping_status":"open","sticky":false,"template":"","format":"standard","meta":{"footnotes":""},"categories":[14,25],"tags":[],"class_list":["post-103393","post","type-post","status-publish","format-standard","has-post-thumbnail","hentry","category-barretos","category-cidades"],"yoast_head":"<!-- This site is optimized with the Yoast SEO plugin v27.4 - https:\/\/yoast.com\/product\/yoast-seo-wordpress\/ -->\n<title>Prefeitura amplia o \u201cPrograma Adote Uma Pra\u00e7a\u201d - Regi\u00e3o News<\/title>\n<meta name=\"robots\" content=\"index, follow, max-snippet:-1, max-image-preview:large, max-video-preview:-1\" \/>\n<link rel=\"canonical\" href=\"https:\/\/regiaonews.net.br\/2022\/2024\/04\/08\/prefeitura-amplia-o-programa-adote-uma-praca\/\" \/>\n<meta property=\"og:locale\" content=\"pt_BR\" \/>\n<meta property=\"og:type\" content=\"article\" \/>\n<meta property=\"og:title\" content=\"Prefeitura amplia o \u201cPrograma Adote Uma Pra\u00e7a\u201d - Regi\u00e3o News\" \/>\n<meta property=\"og:description\" content=\"Objetivo \u00e9 promover a manuten\u00e7\u00e3o e a conserva\u00e7\u00e3o dos espa\u00e7os\" \/>\n<meta property=\"og:url\" content=\"https:\/\/regiaonews.net.br\/2022\/2024\/04\/08\/prefeitura-amplia-o-programa-adote-uma-praca\/\" \/>\n<meta property=\"og:site_name\" content=\"Regi\u00e3o News\" \/>\n<meta property=\"article:published_time\" content=\"2024-04-08T22:02:38+00:00\" \/>\n<meta property=\"og:image\" content=\"https:\/\/regiaonews.net.br\/2022\/wp-content\/uploads\/2024\/04\/WhatsApp-Image-2024-04-08-at-17.41.09.jpeg\" \/>\n\t<meta property=\"og:image:width\" content=\"502\" \/>\n\t<meta property=\"og:image:height\" content=\"420\" \/>\n\t<meta property=\"og:image:type\" content=\"image\/jpeg\" \/>\n<meta name=\"author\" content=\"Roberto\" \/>\n<meta name=\"twitter:card\" content=\"summary_large_image\" \/>\n<meta name=\"twitter:label1\" content=\"Escrito por\" \/>\n\t<meta name=\"twitter:data1\" content=\"Roberto\" \/>\n\t<meta name=\"twitter:label2\" content=\"Est. tempo de leitura\" \/>\n\t<meta name=\"twitter:data2\" content=\"3 minutos\" \/>\n<script type=\"application\/ld+json\" class=\"yoast-schema-graph\">{\"@context\":\"https:\\\/\\\/schema.org\",\"@graph\":[{\"@type\":\"Article\",\"@id\":\"https:\\\/\\\/regiaonews.net.br\\\/2022\\\/2024\\\/04\\\/08\\\/prefeitura-amplia-o-programa-adote-uma-praca\\\/#article\",\"isPartOf\":{\"@id\":\"https:\\\/\\\/regiaonews.net.br\\\/2022\\\/2024\\\/04\\\/08\\\/prefeitura-amplia-o-programa-adote-uma-praca\\\/\"},\"author\":{\"name\":\"Roberto\",\"@id\":\"https:\\\/\\\/regiaonews.net.br\\\/2022\\\/#\\\/schema\\\/person\\\/2d205a608a5aa97ac279d7a5e6d89ad8\"},\"headline\":\"Prefeitura amplia o \u201cPrograma Adote Uma Pra\u00e7a\u201d\",\"datePublished\":\"2024-04-08T22:02:38+00:00\",\"mainEntityOfPage\":{\"@id\":\"https:\\\/\\\/regiaonews.net.br\\\/2022\\\/2024\\\/04\\\/08\\\/prefeitura-amplia-o-programa-adote-uma-praca\\\/\"},\"wordCount\":427,\"commentCount\":0,\"publisher\":{\"@id\":\"https:\\\/\\\/regiaonews.net.br\\\/2022\\\/#organization\"},\"image\":{\"@id\":\"https:\\\/\\\/regiaonews.net.br\\\/2022\\\/2024\\\/04\\\/08\\\/prefeitura-amplia-o-programa-adote-uma-praca\\\/#primaryimage\"},\"thumbnailUrl\":\"https:\\\/\\\/regiaonews.net.br\\\/2022\\\/wp-content\\\/uploads\\\/2024\\\/04\\\/WhatsApp-Image-2024-04-08-at-17.41.09.jpeg\",\"articleSection\":[\"Barretos\",\"Cidades\"],\"inLanguage\":\"pt-BR\",\"potentialAction\":[{\"@type\":\"CommentAction\",\"name\":\"Comment\",\"target\":[\"https:\\\/\\\/regiaonews.net.br\\\/2022\\\/2024\\\/04\\\/08\\\/prefeitura-amplia-o-programa-adote-uma-praca\\\/#respond\"]}]},{\"@type\":\"WebPage\",\"@id\":\"https:\\\/\\\/regiaonews.net.br\\\/2022\\\/2024\\\/04\\\/08\\\/prefeitura-amplia-o-programa-adote-uma-praca\\\/\",\"url\":\"https:\\\/\\\/regiaonews.net.br\\\/2022\\\/2024\\\/04\\\/08\\\/prefeitura-amplia-o-programa-adote-uma-praca\\\/\",\"name\":\"Prefeitura amplia o \u201cPrograma Adote Uma Pra\u00e7a\u201d - Regi\u00e3o News\",\"isPartOf\":{\"@id\":\"https:\\\/\\\/regiaonews.net.br\\\/2022\\\/#website\"},\"primaryImageOfPage\":{\"@id\":\"https:\\\/\\\/regiaonews.net.br\\\/2022\\\/2024\\\/04\\\/08\\\/prefeitura-amplia-o-programa-adote-uma-praca\\\/#primaryimage\"},\"image\":{\"@id\":\"https:\\\/\\\/regiaonews.net.br\\\/2022\\\/2024\\\/04\\\/08\\\/prefeitura-amplia-o-programa-adote-uma-praca\\\/#primaryimage\"},\"thumbnailUrl\":\"https:\\\/\\\/regiaonews.net.br\\\/2022\\\/wp-content\\\/uploads\\\/2024\\\/04\\\/WhatsApp-Image-2024-04-08-at-17.41.09.jpeg\",\"datePublished\":\"2024-04-08T22:02:38+00:00\",\"breadcrumb\":{\"@id\":\"https:\\\/\\\/regiaonews.net.br\\\/2022\\\/2024\\\/04\\\/08\\\/prefeitura-amplia-o-programa-adote-uma-praca\\\/#breadcrumb\"},\"inLanguage\":\"pt-BR\",\"potentialAction\":[{\"@type\":\"ReadAction\",\"target\":[\"https:\\\/\\\/regiaonews.net.br\\\/2022\\\/2024\\\/04\\\/08\\\/prefeitura-amplia-o-programa-adote-uma-praca\\\/\"]}]},{\"@type\":\"ImageObject\",\"inLanguage\":\"pt-BR\",\"@id\":\"https:\\\/\\\/regiaonews.net.br\\\/2022\\\/2024\\\/04\\\/08\\\/prefeitura-amplia-o-programa-adote-uma-praca\\\/#primaryimage\",\"url\":\"https:\\\/\\\/regiaonews.net.br\\\/2022\\\/wp-content\\\/uploads\\\/2024\\\/04\\\/WhatsApp-Image-2024-04-08-at-17.41.09.jpeg\",\"contentUrl\":\"https:\\\/\\\/regiaonews.net.br\\\/2022\\\/wp-content\\\/uploads\\\/2024\\\/04\\\/WhatsApp-Image-2024-04-08-at-17.41.09.jpeg\",\"width\":502,\"height\":420},{\"@type\":\"BreadcrumbList\",\"@id\":\"https:\\\/\\\/regiaonews.net.br\\\/2022\\\/2024\\\/04\\\/08\\\/prefeitura-amplia-o-programa-adote-uma-praca\\\/#breadcrumb\",\"itemListElement\":[{\"@type\":\"ListItem\",\"position\":1,\"name\":\"In\u00edcio\",\"item\":\"https:\\\/\\\/regiaonews.net.br\\\/2022\\\/\"},{\"@type\":\"ListItem\",\"position\":2,\"name\":\"Prefeitura amplia o \u201cPrograma Adote Uma Pra\u00e7a\u201d\"}]},{\"@type\":\"WebSite\",\"@id\":\"https:\\\/\\\/regiaonews.net.br\\\/2022\\\/#website\",\"url\":\"https:\\\/\\\/regiaonews.net.br\\\/2022\\\/\",\"name\":\"Regi\u00e3o News\",\"description\":\"Site de Not\u00edcias de Barretos e regi\u00e3o\",\"publisher\":{\"@id\":\"https:\\\/\\\/regiaonews.net.br\\\/2022\\\/#organization\"},\"potentialAction\":[{\"@type\":\"SearchAction\",\"target\":{\"@type\":\"EntryPoint\",\"urlTemplate\":\"https:\\\/\\\/regiaonews.net.br\\\/2022\\\/?s={search_term_string}\"},\"query-input\":{\"@type\":\"PropertyValueSpecification\",\"valueRequired\":true,\"valueName\":\"search_term_string\"}}],\"inLanguage\":\"pt-BR\"},{\"@type\":\"Organization\",\"@id\":\"https:\\\/\\\/regiaonews.net.br\\\/2022\\\/#organization\",\"name\":\"Regi\u00e3o News\",\"url\":\"https:\\\/\\\/regiaonews.net.br\\\/2022\\\/\",\"logo\":{\"@type\":\"ImageObject\",\"inLanguage\":\"pt-BR\",\"@id\":\"https:\\\/\\\/regiaonews.net.br\\\/2022\\\/#\\\/schema\\\/logo\\\/image\\\/\",\"url\":\"https:\\\/\\\/regiaonews.net.br\\\/2022\\\/wp-content\\\/uploads\\\/2026\\\/03\\\/regiao-13-anos-scaled.jpg\",\"contentUrl\":\"https:\\\/\\\/regiaonews.net.br\\\/2022\\\/wp-content\\\/uploads\\\/2026\\\/03\\\/regiao-13-anos-scaled.jpg\",\"width\":2560,\"height\":635,\"caption\":\"Regi\u00e3o News\"},\"image\":{\"@id\":\"https:\\\/\\\/regiaonews.net.br\\\/2022\\\/#\\\/schema\\\/logo\\\/image\\\/\"}},{\"@type\":\"Person\",\"@id\":\"https:\\\/\\\/regiaonews.net.br\\\/2022\\\/#\\\/schema\\\/person\\\/2d205a608a5aa97ac279d7a5e6d89ad8\",\"name\":\"Roberto\",\"image\":{\"@type\":\"ImageObject\",\"inLanguage\":\"pt-BR\",\"@id\":\"https:\\\/\\\/secure.gravatar.com\\\/avatar\\\/42749d8b712ff9d59ca93dc150494e5b55a44134482993f5baeb97e61b7ecc89?s=96&d=mm&r=g\",\"url\":\"https:\\\/\\\/secure.gravatar.com\\\/avatar\\\/42749d8b712ff9d59ca93dc150494e5b55a44134482993f5baeb97e61b7ecc89?s=96&d=mm&r=g\",\"contentUrl\":\"https:\\\/\\\/secure.gravatar.com\\\/avatar\\\/42749d8b712ff9d59ca93dc150494e5b55a44134482993f5baeb97e61b7ecc89?s=96&d=mm&r=g\",\"caption\":\"Roberto\"},\"url\":\"https:\\\/\\\/regiaonews.net.br\\\/2022\\\/author\\\/roberto\\\/\"}]}<\/script>\n<!-- \/ Yoast SEO plugin. -->","yoast_head_json":{"title":"Prefeitura amplia o \u201cPrograma Adote Uma Pra\u00e7a\u201d - Regi\u00e3o News","robots":{"index":"index","follow":"follow","max-snippet":"max-snippet:-1","max-image-preview":"max-image-preview:large","max-video-preview":"max-video-preview:-1"},"canonical":"https:\/\/regiaonews.net.br\/2022\/2024\/04\/08\/prefeitura-amplia-o-programa-adote-uma-praca\/","og_locale":"pt_BR","og_type":"article","og_title":"Prefeitura amplia o \u201cPrograma Adote Uma Pra\u00e7a\u201d - Regi\u00e3o News","og_description":"Objetivo \u00e9 promover a manuten\u00e7\u00e3o e a conserva\u00e7\u00e3o dos espa\u00e7os","og_url":"https:\/\/regiaonews.net.br\/2022\/2024\/04\/08\/prefeitura-amplia-o-programa-adote-uma-praca\/","og_site_name":"Regi\u00e3o News","article_published_time":"2024-04-08T22:02:38+00:00","og_image":[{"width":502,"height":420,"url":"https:\/\/regiaonews.net.br\/2022\/wp-content\/uploads\/2024\/04\/WhatsApp-Image-2024-04-08-at-17.41.09.jpeg","type":"image\/jpeg"}],"author":"Roberto","twitter_card":"summary_large_image","twitter_misc":{"Escrito por":"Roberto","Est. tempo de leitura":"3 minutos"},"schema":{"@context":"https:\/\/schema.org","@graph":[{"@type":"Article","@id":"https:\/\/regiaonews.net.br\/2022\/2024\/04\/08\/prefeitura-amplia-o-programa-adote-uma-praca\/#article","isPartOf":{"@id":"https:\/\/regiaonews.net.br\/2022\/2024\/04\/08\/prefeitura-amplia-o-programa-adote-uma-praca\/"},"author":{"name":"Roberto","@id":"https:\/\/regiaonews.net.br\/2022\/#\/schema\/person\/2d205a608a5aa97ac279d7a5e6d89ad8"},"headline":"Prefeitura amplia o \u201cPrograma Adote Uma Pra\u00e7a\u201d","datePublished":"2024-04-08T22:02:38+00:00","mainEntityOfPage":{"@id":"https:\/\/regiaonews.net.br\/2022\/2024\/04\/08\/prefeitura-amplia-o-programa-adote-uma-praca\/"},"wordCount":427,"commentCount":0,"publisher":{"@id":"https:\/\/regiaonews.net.br\/2022\/#organization"},"image":{"@id":"https:\/\/regiaonews.net.br\/2022\/2024\/04\/08\/prefeitura-amplia-o-programa-adote-uma-praca\/#primaryimage"},"thumbnailUrl":"https:\/\/regiaonews.net.br\/2022\/wp-content\/uploads\/2024\/04\/WhatsApp-Image-2024-04-08-at-17.41.09.jpeg","articleSection":["Barretos","Cidades"],"inLanguage":"pt-BR","potentialAction":[{"@type":"CommentAction","name":"Comment","target":["https:\/\/regiaonews.net.br\/2022\/2024\/04\/08\/prefeitura-amplia-o-programa-adote-uma-praca\/#respond"]}]},{"@type":"WebPage","@id":"https:\/\/regiaonews.net.br\/2022\/2024\/04\/08\/prefeitura-amplia-o-programa-adote-uma-praca\/","url":"https:\/\/regiaonews.net.br\/2022\/2024\/04\/08\/prefeitura-amplia-o-programa-adote-uma-praca\/","name":"Prefeitura amplia o \u201cPrograma Adote Uma Pra\u00e7a\u201d - Regi\u00e3o News","isPartOf":{"@id":"https:\/\/regiaonews.net.br\/2022\/#website"},"primaryImageOfPage":{"@id":"https:\/\/regiaonews.net.br\/2022\/2024\/04\/08\/prefeitura-amplia-o-programa-adote-uma-praca\/#primaryimage"},"image":{"@id":"https:\/\/regiaonews.net.br\/2022\/2024\/04\/08\/prefeitura-amplia-o-programa-adote-uma-praca\/#primaryimage"},"thumbnailUrl":"https:\/\/regiaonews.net.br\/2022\/wp-content\/uploads\/2024\/04\/WhatsApp-Image-2024-04-08-at-17.41.09.jpeg","datePublished":"2024-04-08T22:02:38+00:00","breadcrumb":{"@id":"https:\/\/regiaonews.net.br\/2022\/2024\/04\/08\/prefeitura-amplia-o-programa-adote-uma-praca\/#breadcrumb"},"inLanguage":"pt-BR","potentialAction":[{"@type":"ReadAction","target":["https:\/\/regiaonews.net.br\/2022\/2024\/04\/08\/prefeitura-amplia-o-programa-adote-uma-praca\/"]}]},{"@type":"ImageObject","inLanguage":"pt-BR","@id":"https:\/\/regiaonews.net.br\/2022\/2024\/04\/08\/prefeitura-amplia-o-programa-adote-uma-praca\/#primaryimage","url":"https:\/\/regiaonews.net.br\/2022\/wp-content\/uploads\/2024\/04\/WhatsApp-Image-2024-04-08-at-17.41.09.jpeg","contentUrl":"https:\/\/regiaonews.net.br\/2022\/wp-content\/uploads\/2024\/04\/WhatsApp-Image-2024-04-08-at-17.41.09.jpeg","width":502,"height":420},{"@type":"BreadcrumbList","@id":"https:\/\/regiaonews.net.br\/2022\/2024\/04\/08\/prefeitura-amplia-o-programa-adote-uma-praca\/#breadcrumb","itemListElement":[{"@type":"ListItem","position":1,"name":"In\u00edcio","item":"https:\/\/regiaonews.net.br\/2022\/"},{"@type":"ListItem","position":2,"name":"Prefeitura amplia o \u201cPrograma Adote Uma Pra\u00e7a\u201d"}]},{"@type":"WebSite","@id":"https:\/\/regiaonews.net.br\/2022\/#website","url":"https:\/\/regiaonews.net.br\/2022\/","name":"Regi\u00e3o News","description":"Site de Not\u00edcias de Barretos e regi\u00e3o","publisher":{"@id":"https:\/\/regiaonews.net.br\/2022\/#organization"},"potentialAction":[{"@type":"SearchAction","target":{"@type":"EntryPoint","urlTemplate":"https:\/\/regiaonews.net.br\/2022\/?s={search_term_string}"},"query-input":{"@type":"PropertyValueSpecification","valueRequired":true,"valueName":"search_term_string"}}],"inLanguage":"pt-BR"},{"@type":"Organization","@id":"https:\/\/regiaonews.net.br\/2022\/#organization","name":"Regi\u00e3o News","url":"https:\/\/regiaonews.net.br\/2022\/","logo":{"@type":"ImageObject","inLanguage":"pt-BR","@id":"https:\/\/regiaonews.net.br\/2022\/#\/schema\/logo\/image\/","url":"https:\/\/regiaonews.net.br\/2022\/wp-content\/uploads\/2026\/03\/regiao-13-anos-scaled.jpg","contentUrl":"https:\/\/regiaonews.net.br\/2022\/wp-content\/uploads\/2026\/03\/regiao-13-anos-scaled.jpg","width":2560,"height":635,"caption":"Regi\u00e3o News"},"image":{"@id":"https:\/\/regiaonews.net.br\/2022\/#\/schema\/logo\/image\/"}},{"@type":"Person","@id":"https:\/\/regiaonews.net.br\/2022\/#\/schema\/person\/2d205a608a5aa97ac279d7a5e6d89ad8","name":"Roberto","image":{"@type":"ImageObject","inLanguage":"pt-BR","@id":"https:\/\/secure.gravatar.com\/avatar\/42749d8b712ff9d59ca93dc150494e5b55a44134482993f5baeb97e61b7ecc89?s=96&d=mm&r=g","url":"https:\/\/secure.gravatar.com\/avatar\/42749d8b712ff9d59ca93dc150494e5b55a44134482993f5baeb97e61b7ecc89?s=96&d=mm&r=g","contentUrl":"https:\/\/secure.gravatar.com\/avatar\/42749d8b712ff9d59ca93dc150494e5b55a44134482993f5baeb97e61b7ecc89?s=96&d=mm&r=g","caption":"Roberto"},"url":"https:\/\/regiaonews.net.br\/2022\/author\/roberto\/"}]}},"publishpress_future_action":{"enabled":false,"date":"2026-05-03 21:26:42","action":"change-status","newStatus":"draft","terms":[],"taxonomy":"category","extraData":[]},"publishpress_future_workflow_manual_trigger":{"enabledWorkflows":[]},"_links":{"self":[{"href":"https:\/\/regiaonews.net.br\/2022\/wp-json\/wp\/v2\/posts\/103393","targetHints":{"allow":["GET"]}}],"collection":[{"href":"https:\/\/regiaonews.net.br\/2022\/wp-json\/wp\/v2\/posts"}],"about":[{"href":"https:\/\/regiaonews.net.br\/2022\/wp-json\/wp\/v2\/types\/post"}],"author":[{"embeddable":true,"href":"https:\/\/regiaonews.net.br\/2022\/wp-json\/wp\/v2\/users\/2"}],"replies":[{"embeddable":true,"href":"https:\/\/regiaonews.net.br\/2022\/wp-json\/wp\/v2\/comments?post=103393"}],"version-history":[{"count":1,"href":"https:\/\/regiaonews.net.br\/2022\/wp-json\/wp\/v2\/posts\/103393\/revisions"}],"predecessor-version":[{"id":103395,"href":"https:\/\/regiaonews.net.br\/2022\/wp-json\/wp\/v2\/posts\/103393\/revisions\/103395"}],"wp:featuredmedia":[{"embeddable":true,"href":"https:\/\/regiaonews.net.br\/2022\/wp-json\/wp\/v2\/media\/103394"}],"wp:attachment":[{"href":"https:\/\/regiaonews.net.br\/2022\/wp-json\/wp\/v2\/media?parent=103393"}],"wp:term":[{"taxonomy":"category","embeddable":true,"href":"https:\/\/regiaonews.net.br\/2022\/wp-json\/wp\/v2\/categories?post=103393"},{"taxonomy":"post_tag","embeddable":true,"href":"https:\/\/regiaonews.net.br\/2022\/wp-json\/wp\/v2\/tags?post=103393"}],"curies":[{"name":"wp","href":"https:\/\/api.w.org\/{rel}","templated":true}]}}