{"id":103370,"date":"2024-04-08T11:52:02","date_gmt":"2024-04-08T14:52:02","guid":{"rendered":"https:\/\/regiaonews.net.br\/2022\/?p=103370"},"modified":"2024-04-08T11:52:02","modified_gmt":"2024-04-08T14:52:02","slug":"acusado-contrata-caminhao-para-furtar-moveis-de-residencia-em-barretos","status":"publish","type":"post","link":"https:\/\/regiaonews.net.br\/2022\/2024\/04\/08\/acusado-contrata-caminhao-para-furtar-moveis-de-residencia-em-barretos\/","title":{"rendered":"Acusado contrata caminh\u00e3o para furtar m\u00f3veis de resid\u00eancia em Barretos"},"content":{"rendered":"<p>A Pol\u00edcia Militar atendeu uma ocorr\u00eancia de furto em resid\u00eancia na avenida 1 n\u00ba 5, por volta das 13h30 do \u00faltimo s\u00e1bado, dia 6. Segundo os policiais militares, ao chegaram no local,\u00a0 se depararam com um caminh\u00e3o e o motorista G. carregando todos os m\u00f3veis da resid\u00eancia. Ao fazer contato com vizinhos, os policias foram informados que a propriet\u00e1ria da resid\u00eancia estava viajando e que o caminhoneiro e outro rapaz estariam furtando os m\u00f3veis da resid\u00eancia. Ao indagar o motorista, ele informou que havia sido contratado para fazer uma mudan\u00e7a at\u00e9 o condom\u00ednio MRV, no bairro Christiano Carvalho. Em patrulhamento pela Avenida MP 17, altura do n\u00famero 582, os policiais militares abordaram o acusado M, conduzindo uma bicicleta, onde foi lhe dado voz de pris\u00e3o, e ao ser indagado sobre a proced\u00eancia da bicicleta ele informou que havia acabado de furtar do interior do condom\u00ednio MRV. Conduzimos o indiv\u00edduo at\u00e9 a presen\u00e7a da autoridade policial que ratificou a voz de pris\u00e3o, sendo que o acusado j\u00e1 tinha passagens pelos crimes nos artigos <strong>Art. e 33, <\/strong><\/p>\n<p>Art 147 e 129. Foram recuperados sof\u00e1, geladeira, fog\u00e3o, botij\u00e3o de g\u00e1s, ventilador, cadeiras, jogo de travessas, R$ 200,00 em dinheiro, bijuterias variadas, um anel de brilhante, uma bicicleta e v\u00e1rios produtos de beleza.<\/p>\n<p><a href=\"https:\/\/regiaonews.net.br\/2022\/wp-content\/uploads\/2024\/04\/WhatsApp-Image-2024-04-07-at-12.21.04.jpeg\"><img loading=\"lazy\" decoding=\"async\" class=\"alignnone size-medium wp-image-103372\" src=\"https:\/\/regiaonews.net.br\/2022\/wp-content\/uploads\/2024\/04\/WhatsApp-Image-2024-04-07-at-12.21.04-300x169.jpeg\" alt=\"\" width=\"300\" height=\"169\" srcset=\"https:\/\/regiaonews.net.br\/2022\/wp-content\/uploads\/2024\/04\/WhatsApp-Image-2024-04-07-at-12.21.04-300x169.jpeg 300w, https:\/\/regiaonews.net.br\/2022\/wp-content\/uploads\/2024\/04\/WhatsApp-Image-2024-04-07-at-12.21.04-1024x576.jpeg 1024w, https:\/\/regiaonews.net.br\/2022\/wp-content\/uploads\/2024\/04\/WhatsApp-Image-2024-04-07-at-12.21.04-768x432.jpeg 768w, https:\/\/regiaonews.net.br\/2022\/wp-content\/uploads\/2024\/04\/WhatsApp-Image-2024-04-07-at-12.21.04-250x141.jpeg 250w, https:\/\/regiaonews.net.br\/2022\/wp-content\/uploads\/2024\/04\/WhatsApp-Image-2024-04-07-at-12.21.04.jpeg 1280w\" sizes=\"auto, (max-width: 300px) 100vw, 300px\" \/><\/a><a href=\"https:\/\/regiaonews.net.br\/2022\/wp-content\/uploads\/2024\/04\/WhatsApp-Image-2024-04-07-at-12.21.05.jpeg\"><img loading=\"lazy\" decoding=\"async\" class=\"alignnone size-medium wp-image-103373\" src=\"https:\/\/regiaonews.net.br\/2022\/wp-content\/uploads\/2024\/04\/WhatsApp-Image-2024-04-07-at-12.21.05-169x300.jpeg\" alt=\"\" width=\"169\" height=\"300\" srcset=\"https:\/\/regiaonews.net.br\/2022\/wp-content\/uploads\/2024\/04\/WhatsApp-Image-2024-04-07-at-12.21.05-169x300.jpeg 169w, https:\/\/regiaonews.net.br\/2022\/wp-content\/uploads\/2024\/04\/WhatsApp-Image-2024-04-07-at-12.21.05-576x1024.jpeg 576w, https:\/\/regiaonews.net.br\/2022\/wp-content\/uploads\/2024\/04\/WhatsApp-Image-2024-04-07-at-12.21.05-768x1365.jpeg 768w, https:\/\/regiaonews.net.br\/2022\/wp-content\/uploads\/2024\/04\/WhatsApp-Image-2024-04-07-at-12.21.05-864x1536.jpeg 864w, https:\/\/regiaonews.net.br\/2022\/wp-content\/uploads\/2024\/04\/WhatsApp-Image-2024-04-07-at-12.21.05-250x444.jpeg 250w, https:\/\/regiaonews.net.br\/2022\/wp-content\/uploads\/2024\/04\/WhatsApp-Image-2024-04-07-at-12.21.05.jpeg 900w\" sizes=\"auto, (max-width: 169px) 100vw, 169px\" \/><\/a><\/p>\n","protected":false},"excerpt":{"rendered":"<p>A Pol\u00edcia Militar atendeu uma ocorr\u00eancia de furto em resid\u00eancia<\/p>\n","protected":false},"author":2,"featured_media":103371,"comment_status":"open","ping_status":"open","sticky":false,"template":"","format":"standard","meta":{"footnotes":""},"categories":[14,23],"tags":[],"class_list":["post-103370","post","type-post","status-publish","format-standard","has-post-thumbnail","hentry","category-barretos","category-policia"],"yoast_head":"<!-- This site is optimized with the Yoast SEO plugin v27.4 - https:\/\/yoast.com\/product\/yoast-seo-wordpress\/ -->\n<title>Acusado contrata caminh\u00e3o para furtar m\u00f3veis de resid\u00eancia em Barretos - Regi\u00e3o News<\/title>\n<meta name=\"robots\" content=\"index, follow, max-snippet:-1, max-image-preview:large, max-video-preview:-1\" \/>\n<link rel=\"canonical\" href=\"https:\/\/regiaonews.net.br\/2022\/2024\/04\/08\/acusado-contrata-caminhao-para-furtar-moveis-de-residencia-em-barretos\/\" \/>\n<meta property=\"og:locale\" content=\"pt_BR\" \/>\n<meta property=\"og:type\" content=\"article\" \/>\n<meta property=\"og:title\" content=\"Acusado contrata caminh\u00e3o para furtar m\u00f3veis de resid\u00eancia em Barretos - Regi\u00e3o News\" \/>\n<meta property=\"og:description\" content=\"A Pol\u00edcia Militar atendeu uma ocorr\u00eancia de furto em resid\u00eancia\" \/>\n<meta property=\"og:url\" content=\"https:\/\/regiaonews.net.br\/2022\/2024\/04\/08\/acusado-contrata-caminhao-para-furtar-moveis-de-residencia-em-barretos\/\" \/>\n<meta property=\"og:site_name\" content=\"Regi\u00e3o News\" \/>\n<meta property=\"article:published_time\" content=\"2024-04-08T14:52:02+00:00\" \/>\n<meta property=\"og:image\" content=\"https:\/\/regiaonews.net.br\/2022\/wp-content\/uploads\/2024\/04\/WhatsApp-Image-2024-04-07-at-12.21.04-1.jpeg\" \/>\n\t<meta property=\"og:image:width\" content=\"900\" \/>\n\t<meta property=\"og:image:height\" content=\"1600\" \/>\n\t<meta property=\"og:image:type\" content=\"image\/jpeg\" \/>\n<meta name=\"author\" content=\"Roberto\" \/>\n<meta name=\"twitter:card\" content=\"summary_large_image\" \/>\n<meta name=\"twitter:label1\" content=\"Escrito por\" \/>\n\t<meta name=\"twitter:data1\" content=\"Roberto\" \/>\n\t<meta name=\"twitter:label2\" content=\"Est. tempo de leitura\" \/>\n\t<meta name=\"twitter:data2\" content=\"2 minutos\" \/>\n<script type=\"application\/ld+json\" class=\"yoast-schema-graph\">{\"@context\":\"https:\\\/\\\/schema.org\",\"@graph\":[{\"@type\":\"Article\",\"@id\":\"https:\\\/\\\/regiaonews.net.br\\\/2022\\\/2024\\\/04\\\/08\\\/acusado-contrata-caminhao-para-furtar-moveis-de-residencia-em-barretos\\\/#article\",\"isPartOf\":{\"@id\":\"https:\\\/\\\/regiaonews.net.br\\\/2022\\\/2024\\\/04\\\/08\\\/acusado-contrata-caminhao-para-furtar-moveis-de-residencia-em-barretos\\\/\"},\"author\":{\"name\":\"Roberto\",\"@id\":\"https:\\\/\\\/regiaonews.net.br\\\/2022\\\/#\\\/schema\\\/person\\\/2d205a608a5aa97ac279d7a5e6d89ad8\"},\"headline\":\"Acusado contrata caminh\u00e3o para furtar m\u00f3veis de resid\u00eancia em Barretos\",\"datePublished\":\"2024-04-08T14:52:02+00:00\",\"mainEntityOfPage\":{\"@id\":\"https:\\\/\\\/regiaonews.net.br\\\/2022\\\/2024\\\/04\\\/08\\\/acusado-contrata-caminhao-para-furtar-moveis-de-residencia-em-barretos\\\/\"},\"wordCount\":237,\"commentCount\":0,\"publisher\":{\"@id\":\"https:\\\/\\\/regiaonews.net.br\\\/2022\\\/#organization\"},\"image\":{\"@id\":\"https:\\\/\\\/regiaonews.net.br\\\/2022\\\/2024\\\/04\\\/08\\\/acusado-contrata-caminhao-para-furtar-moveis-de-residencia-em-barretos\\\/#primaryimage\"},\"thumbnailUrl\":\"https:\\\/\\\/regiaonews.net.br\\\/2022\\\/wp-content\\\/uploads\\\/2024\\\/04\\\/WhatsApp-Image-2024-04-07-at-12.21.04-1.jpeg\",\"articleSection\":[\"Barretos\",\"Policia\"],\"inLanguage\":\"pt-BR\",\"potentialAction\":[{\"@type\":\"CommentAction\",\"name\":\"Comment\",\"target\":[\"https:\\\/\\\/regiaonews.net.br\\\/2022\\\/2024\\\/04\\\/08\\\/acusado-contrata-caminhao-para-furtar-moveis-de-residencia-em-barretos\\\/#respond\"]}]},{\"@type\":\"WebPage\",\"@id\":\"https:\\\/\\\/regiaonews.net.br\\\/2022\\\/2024\\\/04\\\/08\\\/acusado-contrata-caminhao-para-furtar-moveis-de-residencia-em-barretos\\\/\",\"url\":\"https:\\\/\\\/regiaonews.net.br\\\/2022\\\/2024\\\/04\\\/08\\\/acusado-contrata-caminhao-para-furtar-moveis-de-residencia-em-barretos\\\/\",\"name\":\"Acusado contrata caminh\u00e3o para furtar m\u00f3veis de resid\u00eancia em Barretos - Regi\u00e3o News\",\"isPartOf\":{\"@id\":\"https:\\\/\\\/regiaonews.net.br\\\/2022\\\/#website\"},\"primaryImageOfPage\":{\"@id\":\"https:\\\/\\\/regiaonews.net.br\\\/2022\\\/2024\\\/04\\\/08\\\/acusado-contrata-caminhao-para-furtar-moveis-de-residencia-em-barretos\\\/#primaryimage\"},\"image\":{\"@id\":\"https:\\\/\\\/regiaonews.net.br\\\/2022\\\/2024\\\/04\\\/08\\\/acusado-contrata-caminhao-para-furtar-moveis-de-residencia-em-barretos\\\/#primaryimage\"},\"thumbnailUrl\":\"https:\\\/\\\/regiaonews.net.br\\\/2022\\\/wp-content\\\/uploads\\\/2024\\\/04\\\/WhatsApp-Image-2024-04-07-at-12.21.04-1.jpeg\",\"datePublished\":\"2024-04-08T14:52:02+00:00\",\"breadcrumb\":{\"@id\":\"https:\\\/\\\/regiaonews.net.br\\\/2022\\\/2024\\\/04\\\/08\\\/acusado-contrata-caminhao-para-furtar-moveis-de-residencia-em-barretos\\\/#breadcrumb\"},\"inLanguage\":\"pt-BR\",\"potentialAction\":[{\"@type\":\"ReadAction\",\"target\":[\"https:\\\/\\\/regiaonews.net.br\\\/2022\\\/2024\\\/04\\\/08\\\/acusado-contrata-caminhao-para-furtar-moveis-de-residencia-em-barretos\\\/\"]}]},{\"@type\":\"ImageObject\",\"inLanguage\":\"pt-BR\",\"@id\":\"https:\\\/\\\/regiaonews.net.br\\\/2022\\\/2024\\\/04\\\/08\\\/acusado-contrata-caminhao-para-furtar-moveis-de-residencia-em-barretos\\\/#primaryimage\",\"url\":\"https:\\\/\\\/regiaonews.net.br\\\/2022\\\/wp-content\\\/uploads\\\/2024\\\/04\\\/WhatsApp-Image-2024-04-07-at-12.21.04-1.jpeg\",\"contentUrl\":\"https:\\\/\\\/regiaonews.net.br\\\/2022\\\/wp-content\\\/uploads\\\/2024\\\/04\\\/WhatsApp-Image-2024-04-07-at-12.21.04-1.jpeg\",\"width\":900,\"height\":1600},{\"@type\":\"BreadcrumbList\",\"@id\":\"https:\\\/\\\/regiaonews.net.br\\\/2022\\\/2024\\\/04\\\/08\\\/acusado-contrata-caminhao-para-furtar-moveis-de-residencia-em-barretos\\\/#breadcrumb\",\"itemListElement\":[{\"@type\":\"ListItem\",\"position\":1,\"name\":\"In\u00edcio\",\"item\":\"https:\\\/\\\/regiaonews.net.br\\\/2022\\\/\"},{\"@type\":\"ListItem\",\"position\":2,\"name\":\"Acusado contrata caminh\u00e3o para furtar m\u00f3veis de resid\u00eancia em Barretos\"}]},{\"@type\":\"WebSite\",\"@id\":\"https:\\\/\\\/regiaonews.net.br\\\/2022\\\/#website\",\"url\":\"https:\\\/\\\/regiaonews.net.br\\\/2022\\\/\",\"name\":\"Regi\u00e3o News\",\"description\":\"Site de Not\u00edcias de Barretos e regi\u00e3o\",\"publisher\":{\"@id\":\"https:\\\/\\\/regiaonews.net.br\\\/2022\\\/#organization\"},\"potentialAction\":[{\"@type\":\"SearchAction\",\"target\":{\"@type\":\"EntryPoint\",\"urlTemplate\":\"https:\\\/\\\/regiaonews.net.br\\\/2022\\\/?s={search_term_string}\"},\"query-input\":{\"@type\":\"PropertyValueSpecification\",\"valueRequired\":true,\"valueName\":\"search_term_string\"}}],\"inLanguage\":\"pt-BR\"},{\"@type\":\"Organization\",\"@id\":\"https:\\\/\\\/regiaonews.net.br\\\/2022\\\/#organization\",\"name\":\"Regi\u00e3o News\",\"url\":\"https:\\\/\\\/regiaonews.net.br\\\/2022\\\/\",\"logo\":{\"@type\":\"ImageObject\",\"inLanguage\":\"pt-BR\",\"@id\":\"https:\\\/\\\/regiaonews.net.br\\\/2022\\\/#\\\/schema\\\/logo\\\/image\\\/\",\"url\":\"https:\\\/\\\/regiaonews.net.br\\\/2022\\\/wp-content\\\/uploads\\\/2026\\\/03\\\/regiao-13-anos-scaled.jpg\",\"contentUrl\":\"https:\\\/\\\/regiaonews.net.br\\\/2022\\\/wp-content\\\/uploads\\\/2026\\\/03\\\/regiao-13-anos-scaled.jpg\",\"width\":2560,\"height\":635,\"caption\":\"Regi\u00e3o News\"},\"image\":{\"@id\":\"https:\\\/\\\/regiaonews.net.br\\\/2022\\\/#\\\/schema\\\/logo\\\/image\\\/\"}},{\"@type\":\"Person\",\"@id\":\"https:\\\/\\\/regiaonews.net.br\\\/2022\\\/#\\\/schema\\\/person\\\/2d205a608a5aa97ac279d7a5e6d89ad8\",\"name\":\"Roberto\",\"image\":{\"@type\":\"ImageObject\",\"inLanguage\":\"pt-BR\",\"@id\":\"https:\\\/\\\/secure.gravatar.com\\\/avatar\\\/42749d8b712ff9d59ca93dc150494e5b55a44134482993f5baeb97e61b7ecc89?s=96&d=mm&r=g\",\"url\":\"https:\\\/\\\/secure.gravatar.com\\\/avatar\\\/42749d8b712ff9d59ca93dc150494e5b55a44134482993f5baeb97e61b7ecc89?s=96&d=mm&r=g\",\"contentUrl\":\"https:\\\/\\\/secure.gravatar.com\\\/avatar\\\/42749d8b712ff9d59ca93dc150494e5b55a44134482993f5baeb97e61b7ecc89?s=96&d=mm&r=g\",\"caption\":\"Roberto\"},\"url\":\"https:\\\/\\\/regiaonews.net.br\\\/2022\\\/author\\\/roberto\\\/\"}]}<\/script>\n<!-- \/ Yoast SEO plugin. -->","yoast_head_json":{"title":"Acusado contrata caminh\u00e3o para furtar m\u00f3veis de resid\u00eancia em Barretos - Regi\u00e3o News","robots":{"index":"index","follow":"follow","max-snippet":"max-snippet:-1","max-image-preview":"max-image-preview:large","max-video-preview":"max-video-preview:-1"},"canonical":"https:\/\/regiaonews.net.br\/2022\/2024\/04\/08\/acusado-contrata-caminhao-para-furtar-moveis-de-residencia-em-barretos\/","og_locale":"pt_BR","og_type":"article","og_title":"Acusado contrata caminh\u00e3o para furtar m\u00f3veis de resid\u00eancia em Barretos - Regi\u00e3o News","og_description":"A Pol\u00edcia Militar atendeu uma ocorr\u00eancia de furto em resid\u00eancia","og_url":"https:\/\/regiaonews.net.br\/2022\/2024\/04\/08\/acusado-contrata-caminhao-para-furtar-moveis-de-residencia-em-barretos\/","og_site_name":"Regi\u00e3o News","article_published_time":"2024-04-08T14:52:02+00:00","og_image":[{"width":900,"height":1600,"url":"https:\/\/regiaonews.net.br\/2022\/wp-content\/uploads\/2024\/04\/WhatsApp-Image-2024-04-07-at-12.21.04-1.jpeg","type":"image\/jpeg"}],"author":"Roberto","twitter_card":"summary_large_image","twitter_misc":{"Escrito por":"Roberto","Est. tempo de leitura":"2 minutos"},"schema":{"@context":"https:\/\/schema.org","@graph":[{"@type":"Article","@id":"https:\/\/regiaonews.net.br\/2022\/2024\/04\/08\/acusado-contrata-caminhao-para-furtar-moveis-de-residencia-em-barretos\/#article","isPartOf":{"@id":"https:\/\/regiaonews.net.br\/2022\/2024\/04\/08\/acusado-contrata-caminhao-para-furtar-moveis-de-residencia-em-barretos\/"},"author":{"name":"Roberto","@id":"https:\/\/regiaonews.net.br\/2022\/#\/schema\/person\/2d205a608a5aa97ac279d7a5e6d89ad8"},"headline":"Acusado contrata caminh\u00e3o para furtar m\u00f3veis de resid\u00eancia em Barretos","datePublished":"2024-04-08T14:52:02+00:00","mainEntityOfPage":{"@id":"https:\/\/regiaonews.net.br\/2022\/2024\/04\/08\/acusado-contrata-caminhao-para-furtar-moveis-de-residencia-em-barretos\/"},"wordCount":237,"commentCount":0,"publisher":{"@id":"https:\/\/regiaonews.net.br\/2022\/#organization"},"image":{"@id":"https:\/\/regiaonews.net.br\/2022\/2024\/04\/08\/acusado-contrata-caminhao-para-furtar-moveis-de-residencia-em-barretos\/#primaryimage"},"thumbnailUrl":"https:\/\/regiaonews.net.br\/2022\/wp-content\/uploads\/2024\/04\/WhatsApp-Image-2024-04-07-at-12.21.04-1.jpeg","articleSection":["Barretos","Policia"],"inLanguage":"pt-BR","potentialAction":[{"@type":"CommentAction","name":"Comment","target":["https:\/\/regiaonews.net.br\/2022\/2024\/04\/08\/acusado-contrata-caminhao-para-furtar-moveis-de-residencia-em-barretos\/#respond"]}]},{"@type":"WebPage","@id":"https:\/\/regiaonews.net.br\/2022\/2024\/04\/08\/acusado-contrata-caminhao-para-furtar-moveis-de-residencia-em-barretos\/","url":"https:\/\/regiaonews.net.br\/2022\/2024\/04\/08\/acusado-contrata-caminhao-para-furtar-moveis-de-residencia-em-barretos\/","name":"Acusado contrata caminh\u00e3o para furtar m\u00f3veis de resid\u00eancia em Barretos - Regi\u00e3o News","isPartOf":{"@id":"https:\/\/regiaonews.net.br\/2022\/#website"},"primaryImageOfPage":{"@id":"https:\/\/regiaonews.net.br\/2022\/2024\/04\/08\/acusado-contrata-caminhao-para-furtar-moveis-de-residencia-em-barretos\/#primaryimage"},"image":{"@id":"https:\/\/regiaonews.net.br\/2022\/2024\/04\/08\/acusado-contrata-caminhao-para-furtar-moveis-de-residencia-em-barretos\/#primaryimage"},"thumbnailUrl":"https:\/\/regiaonews.net.br\/2022\/wp-content\/uploads\/2024\/04\/WhatsApp-Image-2024-04-07-at-12.21.04-1.jpeg","datePublished":"2024-04-08T14:52:02+00:00","breadcrumb":{"@id":"https:\/\/regiaonews.net.br\/2022\/2024\/04\/08\/acusado-contrata-caminhao-para-furtar-moveis-de-residencia-em-barretos\/#breadcrumb"},"inLanguage":"pt-BR","potentialAction":[{"@type":"ReadAction","target":["https:\/\/regiaonews.net.br\/2022\/2024\/04\/08\/acusado-contrata-caminhao-para-furtar-moveis-de-residencia-em-barretos\/"]}]},{"@type":"ImageObject","inLanguage":"pt-BR","@id":"https:\/\/regiaonews.net.br\/2022\/2024\/04\/08\/acusado-contrata-caminhao-para-furtar-moveis-de-residencia-em-barretos\/#primaryimage","url":"https:\/\/regiaonews.net.br\/2022\/wp-content\/uploads\/2024\/04\/WhatsApp-Image-2024-04-07-at-12.21.04-1.jpeg","contentUrl":"https:\/\/regiaonews.net.br\/2022\/wp-content\/uploads\/2024\/04\/WhatsApp-Image-2024-04-07-at-12.21.04-1.jpeg","width":900,"height":1600},{"@type":"BreadcrumbList","@id":"https:\/\/regiaonews.net.br\/2022\/2024\/04\/08\/acusado-contrata-caminhao-para-furtar-moveis-de-residencia-em-barretos\/#breadcrumb","itemListElement":[{"@type":"ListItem","position":1,"name":"In\u00edcio","item":"https:\/\/regiaonews.net.br\/2022\/"},{"@type":"ListItem","position":2,"name":"Acusado contrata caminh\u00e3o para furtar m\u00f3veis de resid\u00eancia em Barretos"}]},{"@type":"WebSite","@id":"https:\/\/regiaonews.net.br\/2022\/#website","url":"https:\/\/regiaonews.net.br\/2022\/","name":"Regi\u00e3o News","description":"Site de Not\u00edcias de Barretos e regi\u00e3o","publisher":{"@id":"https:\/\/regiaonews.net.br\/2022\/#organization"},"potentialAction":[{"@type":"SearchAction","target":{"@type":"EntryPoint","urlTemplate":"https:\/\/regiaonews.net.br\/2022\/?s={search_term_string}"},"query-input":{"@type":"PropertyValueSpecification","valueRequired":true,"valueName":"search_term_string"}}],"inLanguage":"pt-BR"},{"@type":"Organization","@id":"https:\/\/regiaonews.net.br\/2022\/#organization","name":"Regi\u00e3o News","url":"https:\/\/regiaonews.net.br\/2022\/","logo":{"@type":"ImageObject","inLanguage":"pt-BR","@id":"https:\/\/regiaonews.net.br\/2022\/#\/schema\/logo\/image\/","url":"https:\/\/regiaonews.net.br\/2022\/wp-content\/uploads\/2026\/03\/regiao-13-anos-scaled.jpg","contentUrl":"https:\/\/regiaonews.net.br\/2022\/wp-content\/uploads\/2026\/03\/regiao-13-anos-scaled.jpg","width":2560,"height":635,"caption":"Regi\u00e3o News"},"image":{"@id":"https:\/\/regiaonews.net.br\/2022\/#\/schema\/logo\/image\/"}},{"@type":"Person","@id":"https:\/\/regiaonews.net.br\/2022\/#\/schema\/person\/2d205a608a5aa97ac279d7a5e6d89ad8","name":"Roberto","image":{"@type":"ImageObject","inLanguage":"pt-BR","@id":"https:\/\/secure.gravatar.com\/avatar\/42749d8b712ff9d59ca93dc150494e5b55a44134482993f5baeb97e61b7ecc89?s=96&d=mm&r=g","url":"https:\/\/secure.gravatar.com\/avatar\/42749d8b712ff9d59ca93dc150494e5b55a44134482993f5baeb97e61b7ecc89?s=96&d=mm&r=g","contentUrl":"https:\/\/secure.gravatar.com\/avatar\/42749d8b712ff9d59ca93dc150494e5b55a44134482993f5baeb97e61b7ecc89?s=96&d=mm&r=g","caption":"Roberto"},"url":"https:\/\/regiaonews.net.br\/2022\/author\/roberto\/"}]}},"publishpress_future_action":{"enabled":false,"date":"2026-05-03 12:52:33","action":"change-status","newStatus":"draft","terms":[],"taxonomy":"category","extraData":[]},"publishpress_future_workflow_manual_trigger":{"enabledWorkflows":[]},"_links":{"self":[{"href":"https:\/\/regiaonews.net.br\/2022\/wp-json\/wp\/v2\/posts\/103370","targetHints":{"allow":["GET"]}}],"collection":[{"href":"https:\/\/regiaonews.net.br\/2022\/wp-json\/wp\/v2\/posts"}],"about":[{"href":"https:\/\/regiaonews.net.br\/2022\/wp-json\/wp\/v2\/types\/post"}],"author":[{"embeddable":true,"href":"https:\/\/regiaonews.net.br\/2022\/wp-json\/wp\/v2\/users\/2"}],"replies":[{"embeddable":true,"href":"https:\/\/regiaonews.net.br\/2022\/wp-json\/wp\/v2\/comments?post=103370"}],"version-history":[{"count":1,"href":"https:\/\/regiaonews.net.br\/2022\/wp-json\/wp\/v2\/posts\/103370\/revisions"}],"predecessor-version":[{"id":103374,"href":"https:\/\/regiaonews.net.br\/2022\/wp-json\/wp\/v2\/posts\/103370\/revisions\/103374"}],"wp:featuredmedia":[{"embeddable":true,"href":"https:\/\/regiaonews.net.br\/2022\/wp-json\/wp\/v2\/media\/103371"}],"wp:attachment":[{"href":"https:\/\/regiaonews.net.br\/2022\/wp-json\/wp\/v2\/media?parent=103370"}],"wp:term":[{"taxonomy":"category","embeddable":true,"href":"https:\/\/regiaonews.net.br\/2022\/wp-json\/wp\/v2\/categories?post=103370"},{"taxonomy":"post_tag","embeddable":true,"href":"https:\/\/regiaonews.net.br\/2022\/wp-json\/wp\/v2\/tags?post=103370"}],"curies":[{"name":"wp","href":"https:\/\/api.w.org\/{rel}","templated":true}]}}