{"id":103353,"date":"2024-04-07T15:04:42","date_gmt":"2024-04-07T18:04:42","guid":{"rendered":"https:\/\/regiaonews.net.br\/2022\/?p=103353"},"modified":"2024-04-07T15:04:42","modified_gmt":"2024-04-07T18:04:42","slug":"colina-supera-media-nacional-com-92-de-atendimento-em-creche","status":"publish","type":"post","link":"https:\/\/regiaonews.net.br\/2022\/2024\/04\/07\/colina-supera-media-nacional-com-92-de-atendimento-em-creche\/","title":{"rendered":"Colina supera m\u00e9dia nacional com 92% de atendimento em creche"},"content":{"rendered":"<header class=\"site-header wrapper\" data-font-size=\"\">\n<nav id=\"menu-principal\" class=\"site-nav menu-fixed noPrint\">&nbsp;<\/p>\n<\/nav>\n<\/header>\n<section data-font-size=\"\">\n<section class=\"page-content wrapper\">\n<div data-grid=\"spacing\">\n<div data-cell=\"3of4\">\n<section class=\"post\">\n<div class=\"post-content\">\n<article class=\"post-text\"><a href=\"https:\/\/regiaonews.net.br\/2022\/wp-content\/uploads\/2024\/04\/g_62_3_2_04042024163142.jpg\"><img loading=\"lazy\" decoding=\"async\" class=\"alignnone size-medium wp-image-103354\" src=\"https:\/\/regiaonews.net.br\/2022\/wp-content\/uploads\/2024\/04\/g_62_3_2_04042024163142-300x200.jpg\" alt=\"\" width=\"300\" height=\"200\" srcset=\"https:\/\/regiaonews.net.br\/2022\/wp-content\/uploads\/2024\/04\/g_62_3_2_04042024163142-300x200.jpg 300w, https:\/\/regiaonews.net.br\/2022\/wp-content\/uploads\/2024\/04\/g_62_3_2_04042024163142-1024x683.jpg 1024w, https:\/\/regiaonews.net.br\/2022\/wp-content\/uploads\/2024\/04\/g_62_3_2_04042024163142-768x512.jpg 768w, https:\/\/regiaonews.net.br\/2022\/wp-content\/uploads\/2024\/04\/g_62_3_2_04042024163142-1536x1024.jpg 1536w, https:\/\/regiaonews.net.br\/2022\/wp-content\/uploads\/2024\/04\/g_62_3_2_04042024163142-250x167.jpg 250w, https:\/\/regiaonews.net.br\/2022\/wp-content\/uploads\/2024\/04\/g_62_3_2_04042024163142-900x600.jpg 900w, https:\/\/regiaonews.net.br\/2022\/wp-content\/uploads\/2024\/04\/g_62_3_2_04042024163142.jpg 1920w\" sizes=\"auto, (max-width: 300px) 100vw, 300px\" \/><\/a> <a href=\"https:\/\/regiaonews.net.br\/2022\/wp-content\/uploads\/2024\/04\/g_62_2_3_04042024163142.jpg\"><img loading=\"lazy\" decoding=\"async\" class=\"alignnone size-medium wp-image-103355\" src=\"https:\/\/regiaonews.net.br\/2022\/wp-content\/uploads\/2024\/04\/g_62_2_3_04042024163142-300x169.jpg\" alt=\"\" width=\"300\" height=\"169\" srcset=\"https:\/\/regiaonews.net.br\/2022\/wp-content\/uploads\/2024\/04\/g_62_2_3_04042024163142-300x169.jpg 300w, https:\/\/regiaonews.net.br\/2022\/wp-content\/uploads\/2024\/04\/g_62_2_3_04042024163142-1024x576.jpg 1024w, https:\/\/regiaonews.net.br\/2022\/wp-content\/uploads\/2024\/04\/g_62_2_3_04042024163142-768x432.jpg 768w, https:\/\/regiaonews.net.br\/2022\/wp-content\/uploads\/2024\/04\/g_62_2_3_04042024163142-1536x864.jpg 1536w, https:\/\/regiaonews.net.br\/2022\/wp-content\/uploads\/2024\/04\/g_62_2_3_04042024163142-250x141.jpg 250w, https:\/\/regiaonews.net.br\/2022\/wp-content\/uploads\/2024\/04\/g_62_2_3_04042024163142.jpg 1920w\" sizes=\"auto, (max-width: 300px) 100vw, 300px\" \/><\/a> <a href=\"https:\/\/regiaonews.net.br\/2022\/wp-content\/uploads\/2024\/04\/g_62_5_2_04042024164517.jpg\"><img loading=\"lazy\" decoding=\"async\" class=\"alignnone size-medium wp-image-103356\" src=\"https:\/\/regiaonews.net.br\/2022\/wp-content\/uploads\/2024\/04\/g_62_5_2_04042024164517-300x200.jpg\" alt=\"\" width=\"300\" height=\"200\" srcset=\"https:\/\/regiaonews.net.br\/2022\/wp-content\/uploads\/2024\/04\/g_62_5_2_04042024164517-300x200.jpg 300w, https:\/\/regiaonews.net.br\/2022\/wp-content\/uploads\/2024\/04\/g_62_5_2_04042024164517-1024x683.jpg 1024w, https:\/\/regiaonews.net.br\/2022\/wp-content\/uploads\/2024\/04\/g_62_5_2_04042024164517-768x512.jpg 768w, https:\/\/regiaonews.net.br\/2022\/wp-content\/uploads\/2024\/04\/g_62_5_2_04042024164517-1536x1025.jpg 1536w, https:\/\/regiaonews.net.br\/2022\/wp-content\/uploads\/2024\/04\/g_62_5_2_04042024164517-250x167.jpg 250w, https:\/\/regiaonews.net.br\/2022\/wp-content\/uploads\/2024\/04\/g_62_5_2_04042024164517-900x600.jpg 900w, https:\/\/regiaonews.net.br\/2022\/wp-content\/uploads\/2024\/04\/g_62_5_2_04042024164517.jpg 1920w\" sizes=\"auto, (max-width: 300px) 100vw, 300px\" \/><\/a> A Educa\u00e7\u00e3o \u00e9 prioridade na Administra\u00e7\u00e3o do Prefeito Municipal Dieb Taha e do Vice-prefeito S\u00e9rgio Campanholi.<\/p>\n<p>O munic\u00edpio de Colina iniciou o ano letivo de 2024 atendendo 92% da demanda por vaga em Creche, superando a meta de atendimento determinada para os Munic\u00edpios pelo Plano Nacional de Educa\u00e7\u00e3o de atender 50% da faixa et\u00e1ria de 0 a 3 anos at\u00e9 2024; e superando tamb\u00e9m a meta do Plano Municipal de Educa\u00e7\u00e3o para 2025 de atender 60%, contribuindo dessa forma para que a educa\u00e7\u00e3o paulista figure nos melhores patamares da Educa\u00e7\u00e3o P\u00fablica Nacional.<\/p>\n<p>Priorizar a Educa\u00e7\u00e3o na pr\u00e1tica garantindo o direito de toda crian\u00e7a \u00e0 educa\u00e7\u00e3o e resolvendo a necessidade de centenas de m\u00e3es que necessitam deixar os filhos com seguran\u00e7a na Creche para trabalhar ou para concorrer a uma oportunidade no mercado de trabalho \u00e9 a premissa desta Administra\u00e7\u00e3o Municipal.<\/p>\n<p>O atendimento na primeira inf\u00e2ncia \u00e9 fundamental para ajudar a diminuir as desigualdades sociais, uma vez que a crian\u00e7a que tem acesso \u00e0 educa\u00e7\u00e3o de qualidade desde os primeiros meses de vida tem mais oportunidade de se desenvolver integralmente nas etapas de ensino seguintes.<\/p>\n<p>Estudos apontam que de 0 aos 5 anos, a crian\u00e7a recebe e absorve todo o tipo de est\u00edmulo, e forma sua personalidade e seu car\u00e1ter. Crian\u00e7a mal alimentada, mal formada, mal cuidada reflete sinais negativos por toda vida. Portanto, investir na primeira inf\u00e2ncia e cuidar das crian\u00e7as \u00e9 responsabilidade de toda a sociedade.<\/p>\n<p><strong>MAIS UMA CRECHE \u2013\u00a0<\/strong>Est\u00e1 em constru\u00e7\u00e3o, por meio do Programa Creche Escola do Governo Estadual com libera\u00e7\u00e3o de recursos da Funda\u00e7\u00e3o para o Desenvolvimento da Educa\u00e7\u00e3o \u2013 FDE, da Secretaria de Estado da Educa\u00e7\u00e3o, e contrapartida de cess\u00e3o da \u00e1rea pela Prefeitura Municipal, mais uma Escola de Educa\u00e7\u00e3o Infantil, a EMEI \u201cBortolo Antonio Bizare\u201d, para atender os bairros Jardim Nova Colina, Parque Morumbi e Jardim Calif\u00f3rnia e facilitar o deslocamento das m\u00e3es e dos alunos que hoje tem de atravessar a Rodovia Brigadeiro Faria Lima at\u00e9 a escola mais pr\u00f3xima.<\/p>\n<p>Essa nova Escola ter\u00e1 capacidade para atender at\u00e9 130 crian\u00e7as de 0 a 5 anos, nas etapas Creche e Pr\u00e9-escola, vai aumentar a oferta de vagas para a faixa et\u00e1ria de 0 a 3 anos e implementar o atendimento em per\u00edodo integral para a faixa et\u00e1ria de 4 e 5 anos, atendendo as fam\u00edlias domiciliadas nos bairros Jardim Nova Colina, Parque Morumbi e Jardim Calif\u00f3rnia, os quais est\u00e3o geograficamente separados da \u00e1rea urbana do munic\u00edpio pela Rodovia Brigadeiro Faria Lima SP 326, somam mais\u00a0 de 600 domic\u00edlios e t\u00eam expressiva demanda de vagas para essa faixa et\u00e1ria de alunos.<\/p>\n<p>Para a Prof\u00aa. Elizabete Milani Neme, respons\u00e1vel pelo Expediente da Secretaria Municipal de Educa\u00e7\u00e3o e Cultura, \u201cessa nova escola de educa\u00e7\u00e3o infantil com estrutura ampla e inovadora, propiciar\u00e1 o atendimento de 100% da demanda por vagas em Creche al\u00e9m de proporcionar o desenvolvimento pedag\u00f3gico em condi\u00e7\u00f5es ideais de trabalho para os profissionais e dentro dos padr\u00f5es de qualidade para as crian\u00e7as. \u00c9 mais um grande salto na qualidade do ensino infantil\u201d, destacou, acrescentando: \u201coferecer boas condi\u00e7\u00f5es de atendimento e perman\u00eancia para os alunos e de trabalho para os profissionais da Educa\u00e7\u00e3o \u00e9 um dos compromissos da atual Administra\u00e7\u00e3o, e desde o in\u00edcio do Governo temos trabalhado muito para manter esse padr\u00e3o de ensino. As crian\u00e7as s\u00e3o o futuro promissor do nosso pa\u00eds e esse futuro come\u00e7a a ser formado nos lares e, sobretudo, dentro de boas escolas\u201d.<\/p>\n<p>De acordo com o Prefeito Dieb Taha, \u201cessa \u00e9 mais uma excelente not\u00edcia para a nossa cidade, em especial para as fam\u00edlias daquela regi\u00e3o. T\u00ednhamos a necessidade de construir uma Escola de Educa\u00e7\u00e3o Infantil para atender os bairros Jardim Nova Colina, Parque Morumbi e Jardim Calif\u00f3rnia e minorar o deslocamento das m\u00e3es e alunos que tem de atravessar a Rodovia Brigadeiro Faria Lima at\u00e9 a escola mais pr\u00f3xima\u201d.<\/p>\n<p>\u201cA amplia\u00e7\u00e3o do atendimento na educa\u00e7\u00e3o infantil \u00e9 outra grande conquista para Colina. Investir na Educa\u00e7\u00e3o \u00e9 nossa prioridade e vamos continuar desta forma, cumprindo a meta de atendimento para a educa\u00e7\u00e3o infantil prevista no nosso Plano Municipal de Educa\u00e7\u00e3o e trabalhando para alcan\u00e7ar o atendimento de 100% da demanda de Creche com a entrega de mais uma escola infantil para a cidade. Dessa forma, estamos facilitando a rotina das m\u00e3es que ter\u00e3o seus filhos mais pr\u00f3ximos de casa, podendo trabalhar despreocupadas e confiantes de que seus filhos est\u00e3o sendo bem cuidados por excelentes profissionais e em escolas de qualidade. Esse investimento e trabalho de base educacional que estamos fazendo \u00e9 fundamental para garantir a aprendizagem de todos os alunos nas etapas sequenciais do ensino e, por conseguinte, refletir na progress\u00e3o dos indicadores de qualidade da Educa\u00e7\u00e3o Municipal\u201d.<\/p>\n<p>&nbsp;<\/p>\n<\/article>\n<\/div>\n<\/section>\n<\/div>\n<\/div>\n<\/section>\n<\/section>\n","protected":false},"excerpt":{"rendered":"<p>&nbsp; A Educa\u00e7\u00e3o \u00e9 prioridade na Administra\u00e7\u00e3o do Prefeito Municipal<\/p>\n","protected":false},"author":2,"featured_media":103358,"comment_status":"open","ping_status":"open","sticky":false,"template":"","format":"standard","meta":{"footnotes":""},"categories":[25,5],"tags":[],"class_list":["post-103353","post","type-post","status-publish","format-standard","has-post-thumbnail","hentry","category-cidades","category-colina"],"yoast_head":"<!-- This site is optimized with the Yoast SEO plugin v27.4 - https:\/\/yoast.com\/product\/yoast-seo-wordpress\/ -->\n<title>Colina supera m\u00e9dia nacional com 92% de atendimento em creche - Regi\u00e3o News<\/title>\n<meta name=\"robots\" content=\"index, follow, max-snippet:-1, max-image-preview:large, max-video-preview:-1\" \/>\n<link rel=\"canonical\" href=\"https:\/\/regiaonews.net.br\/2022\/2024\/04\/07\/colina-supera-media-nacional-com-92-de-atendimento-em-creche\/\" \/>\n<meta property=\"og:locale\" content=\"pt_BR\" \/>\n<meta property=\"og:type\" content=\"article\" \/>\n<meta property=\"og:title\" content=\"Colina supera m\u00e9dia nacional com 92% de atendimento em creche - Regi\u00e3o News\" \/>\n<meta property=\"og:description\" content=\"&nbsp; A Educa\u00e7\u00e3o \u00e9 prioridade na Administra\u00e7\u00e3o do Prefeito Municipal\" \/>\n<meta property=\"og:url\" content=\"https:\/\/regiaonews.net.br\/2022\/2024\/04\/07\/colina-supera-media-nacional-com-92-de-atendimento-em-creche\/\" \/>\n<meta property=\"og:site_name\" content=\"Regi\u00e3o News\" \/>\n<meta property=\"article:published_time\" content=\"2024-04-07T18:04:42+00:00\" \/>\n<meta property=\"og:image\" content=\"https:\/\/regiaonews.net.br\/2022\/wp-content\/uploads\/2024\/04\/g_62_6_1_04042024164517-1.jpg\" \/>\n\t<meta property=\"og:image:width\" content=\"1920\" \/>\n\t<meta property=\"og:image:height\" content=\"1281\" \/>\n\t<meta property=\"og:image:type\" content=\"image\/jpeg\" \/>\n<meta name=\"author\" content=\"Roberto\" \/>\n<meta name=\"twitter:card\" content=\"summary_large_image\" \/>\n<meta name=\"twitter:label1\" content=\"Escrito por\" \/>\n\t<meta name=\"twitter:data1\" content=\"Roberto\" \/>\n\t<meta name=\"twitter:label2\" content=\"Est. tempo de leitura\" \/>\n\t<meta name=\"twitter:data2\" content=\"6 minutos\" \/>\n<script type=\"application\/ld+json\" class=\"yoast-schema-graph\">{\"@context\":\"https:\\\/\\\/schema.org\",\"@graph\":[{\"@type\":\"Article\",\"@id\":\"https:\\\/\\\/regiaonews.net.br\\\/2022\\\/2024\\\/04\\\/07\\\/colina-supera-media-nacional-com-92-de-atendimento-em-creche\\\/#article\",\"isPartOf\":{\"@id\":\"https:\\\/\\\/regiaonews.net.br\\\/2022\\\/2024\\\/04\\\/07\\\/colina-supera-media-nacional-com-92-de-atendimento-em-creche\\\/\"},\"author\":{\"name\":\"Roberto\",\"@id\":\"https:\\\/\\\/regiaonews.net.br\\\/2022\\\/#\\\/schema\\\/person\\\/2d205a608a5aa97ac279d7a5e6d89ad8\"},\"headline\":\"Colina supera m\u00e9dia nacional com 92% de atendimento em creche\",\"datePublished\":\"2024-04-07T18:04:42+00:00\",\"mainEntityOfPage\":{\"@id\":\"https:\\\/\\\/regiaonews.net.br\\\/2022\\\/2024\\\/04\\\/07\\\/colina-supera-media-nacional-com-92-de-atendimento-em-creche\\\/\"},\"wordCount\":835,\"commentCount\":0,\"publisher\":{\"@id\":\"https:\\\/\\\/regiaonews.net.br\\\/2022\\\/#organization\"},\"image\":{\"@id\":\"https:\\\/\\\/regiaonews.net.br\\\/2022\\\/2024\\\/04\\\/07\\\/colina-supera-media-nacional-com-92-de-atendimento-em-creche\\\/#primaryimage\"},\"thumbnailUrl\":\"https:\\\/\\\/regiaonews.net.br\\\/2022\\\/wp-content\\\/uploads\\\/2024\\\/04\\\/g_62_6_1_04042024164517-1.jpg\",\"articleSection\":[\"Cidades\",\"Colina\"],\"inLanguage\":\"pt-BR\",\"potentialAction\":[{\"@type\":\"CommentAction\",\"name\":\"Comment\",\"target\":[\"https:\\\/\\\/regiaonews.net.br\\\/2022\\\/2024\\\/04\\\/07\\\/colina-supera-media-nacional-com-92-de-atendimento-em-creche\\\/#respond\"]}]},{\"@type\":\"WebPage\",\"@id\":\"https:\\\/\\\/regiaonews.net.br\\\/2022\\\/2024\\\/04\\\/07\\\/colina-supera-media-nacional-com-92-de-atendimento-em-creche\\\/\",\"url\":\"https:\\\/\\\/regiaonews.net.br\\\/2022\\\/2024\\\/04\\\/07\\\/colina-supera-media-nacional-com-92-de-atendimento-em-creche\\\/\",\"name\":\"Colina supera m\u00e9dia nacional com 92% de atendimento em creche - Regi\u00e3o News\",\"isPartOf\":{\"@id\":\"https:\\\/\\\/regiaonews.net.br\\\/2022\\\/#website\"},\"primaryImageOfPage\":{\"@id\":\"https:\\\/\\\/regiaonews.net.br\\\/2022\\\/2024\\\/04\\\/07\\\/colina-supera-media-nacional-com-92-de-atendimento-em-creche\\\/#primaryimage\"},\"image\":{\"@id\":\"https:\\\/\\\/regiaonews.net.br\\\/2022\\\/2024\\\/04\\\/07\\\/colina-supera-media-nacional-com-92-de-atendimento-em-creche\\\/#primaryimage\"},\"thumbnailUrl\":\"https:\\\/\\\/regiaonews.net.br\\\/2022\\\/wp-content\\\/uploads\\\/2024\\\/04\\\/g_62_6_1_04042024164517-1.jpg\",\"datePublished\":\"2024-04-07T18:04:42+00:00\",\"breadcrumb\":{\"@id\":\"https:\\\/\\\/regiaonews.net.br\\\/2022\\\/2024\\\/04\\\/07\\\/colina-supera-media-nacional-com-92-de-atendimento-em-creche\\\/#breadcrumb\"},\"inLanguage\":\"pt-BR\",\"potentialAction\":[{\"@type\":\"ReadAction\",\"target\":[\"https:\\\/\\\/regiaonews.net.br\\\/2022\\\/2024\\\/04\\\/07\\\/colina-supera-media-nacional-com-92-de-atendimento-em-creche\\\/\"]}]},{\"@type\":\"ImageObject\",\"inLanguage\":\"pt-BR\",\"@id\":\"https:\\\/\\\/regiaonews.net.br\\\/2022\\\/2024\\\/04\\\/07\\\/colina-supera-media-nacional-com-92-de-atendimento-em-creche\\\/#primaryimage\",\"url\":\"https:\\\/\\\/regiaonews.net.br\\\/2022\\\/wp-content\\\/uploads\\\/2024\\\/04\\\/g_62_6_1_04042024164517-1.jpg\",\"contentUrl\":\"https:\\\/\\\/regiaonews.net.br\\\/2022\\\/wp-content\\\/uploads\\\/2024\\\/04\\\/g_62_6_1_04042024164517-1.jpg\",\"width\":1920,\"height\":1281},{\"@type\":\"BreadcrumbList\",\"@id\":\"https:\\\/\\\/regiaonews.net.br\\\/2022\\\/2024\\\/04\\\/07\\\/colina-supera-media-nacional-com-92-de-atendimento-em-creche\\\/#breadcrumb\",\"itemListElement\":[{\"@type\":\"ListItem\",\"position\":1,\"name\":\"In\u00edcio\",\"item\":\"https:\\\/\\\/regiaonews.net.br\\\/2022\\\/\"},{\"@type\":\"ListItem\",\"position\":2,\"name\":\"Colina supera m\u00e9dia nacional com 92% de atendimento em creche\"}]},{\"@type\":\"WebSite\",\"@id\":\"https:\\\/\\\/regiaonews.net.br\\\/2022\\\/#website\",\"url\":\"https:\\\/\\\/regiaonews.net.br\\\/2022\\\/\",\"name\":\"Regi\u00e3o News\",\"description\":\"Site de Not\u00edcias de Barretos e regi\u00e3o\",\"publisher\":{\"@id\":\"https:\\\/\\\/regiaonews.net.br\\\/2022\\\/#organization\"},\"potentialAction\":[{\"@type\":\"SearchAction\",\"target\":{\"@type\":\"EntryPoint\",\"urlTemplate\":\"https:\\\/\\\/regiaonews.net.br\\\/2022\\\/?s={search_term_string}\"},\"query-input\":{\"@type\":\"PropertyValueSpecification\",\"valueRequired\":true,\"valueName\":\"search_term_string\"}}],\"inLanguage\":\"pt-BR\"},{\"@type\":\"Organization\",\"@id\":\"https:\\\/\\\/regiaonews.net.br\\\/2022\\\/#organization\",\"name\":\"Regi\u00e3o News\",\"url\":\"https:\\\/\\\/regiaonews.net.br\\\/2022\\\/\",\"logo\":{\"@type\":\"ImageObject\",\"inLanguage\":\"pt-BR\",\"@id\":\"https:\\\/\\\/regiaonews.net.br\\\/2022\\\/#\\\/schema\\\/logo\\\/image\\\/\",\"url\":\"https:\\\/\\\/regiaonews.net.br\\\/2022\\\/wp-content\\\/uploads\\\/2026\\\/03\\\/regiao-13-anos-scaled.jpg\",\"contentUrl\":\"https:\\\/\\\/regiaonews.net.br\\\/2022\\\/wp-content\\\/uploads\\\/2026\\\/03\\\/regiao-13-anos-scaled.jpg\",\"width\":2560,\"height\":635,\"caption\":\"Regi\u00e3o News\"},\"image\":{\"@id\":\"https:\\\/\\\/regiaonews.net.br\\\/2022\\\/#\\\/schema\\\/logo\\\/image\\\/\"}},{\"@type\":\"Person\",\"@id\":\"https:\\\/\\\/regiaonews.net.br\\\/2022\\\/#\\\/schema\\\/person\\\/2d205a608a5aa97ac279d7a5e6d89ad8\",\"name\":\"Roberto\",\"image\":{\"@type\":\"ImageObject\",\"inLanguage\":\"pt-BR\",\"@id\":\"https:\\\/\\\/secure.gravatar.com\\\/avatar\\\/42749d8b712ff9d59ca93dc150494e5b55a44134482993f5baeb97e61b7ecc89?s=96&d=mm&r=g\",\"url\":\"https:\\\/\\\/secure.gravatar.com\\\/avatar\\\/42749d8b712ff9d59ca93dc150494e5b55a44134482993f5baeb97e61b7ecc89?s=96&d=mm&r=g\",\"contentUrl\":\"https:\\\/\\\/secure.gravatar.com\\\/avatar\\\/42749d8b712ff9d59ca93dc150494e5b55a44134482993f5baeb97e61b7ecc89?s=96&d=mm&r=g\",\"caption\":\"Roberto\"},\"url\":\"https:\\\/\\\/regiaonews.net.br\\\/2022\\\/author\\\/roberto\\\/\"}]}<\/script>\n<!-- \/ Yoast SEO plugin. -->","yoast_head_json":{"title":"Colina supera m\u00e9dia nacional com 92% de atendimento em creche - Regi\u00e3o News","robots":{"index":"index","follow":"follow","max-snippet":"max-snippet:-1","max-image-preview":"max-image-preview:large","max-video-preview":"max-video-preview:-1"},"canonical":"https:\/\/regiaonews.net.br\/2022\/2024\/04\/07\/colina-supera-media-nacional-com-92-de-atendimento-em-creche\/","og_locale":"pt_BR","og_type":"article","og_title":"Colina supera m\u00e9dia nacional com 92% de atendimento em creche - Regi\u00e3o News","og_description":"&nbsp; A Educa\u00e7\u00e3o \u00e9 prioridade na Administra\u00e7\u00e3o do Prefeito Municipal","og_url":"https:\/\/regiaonews.net.br\/2022\/2024\/04\/07\/colina-supera-media-nacional-com-92-de-atendimento-em-creche\/","og_site_name":"Regi\u00e3o News","article_published_time":"2024-04-07T18:04:42+00:00","og_image":[{"width":1920,"height":1281,"url":"https:\/\/regiaonews.net.br\/2022\/wp-content\/uploads\/2024\/04\/g_62_6_1_04042024164517-1.jpg","type":"image\/jpeg"}],"author":"Roberto","twitter_card":"summary_large_image","twitter_misc":{"Escrito por":"Roberto","Est. tempo de leitura":"6 minutos"},"schema":{"@context":"https:\/\/schema.org","@graph":[{"@type":"Article","@id":"https:\/\/regiaonews.net.br\/2022\/2024\/04\/07\/colina-supera-media-nacional-com-92-de-atendimento-em-creche\/#article","isPartOf":{"@id":"https:\/\/regiaonews.net.br\/2022\/2024\/04\/07\/colina-supera-media-nacional-com-92-de-atendimento-em-creche\/"},"author":{"name":"Roberto","@id":"https:\/\/regiaonews.net.br\/2022\/#\/schema\/person\/2d205a608a5aa97ac279d7a5e6d89ad8"},"headline":"Colina supera m\u00e9dia nacional com 92% de atendimento em creche","datePublished":"2024-04-07T18:04:42+00:00","mainEntityOfPage":{"@id":"https:\/\/regiaonews.net.br\/2022\/2024\/04\/07\/colina-supera-media-nacional-com-92-de-atendimento-em-creche\/"},"wordCount":835,"commentCount":0,"publisher":{"@id":"https:\/\/regiaonews.net.br\/2022\/#organization"},"image":{"@id":"https:\/\/regiaonews.net.br\/2022\/2024\/04\/07\/colina-supera-media-nacional-com-92-de-atendimento-em-creche\/#primaryimage"},"thumbnailUrl":"https:\/\/regiaonews.net.br\/2022\/wp-content\/uploads\/2024\/04\/g_62_6_1_04042024164517-1.jpg","articleSection":["Cidades","Colina"],"inLanguage":"pt-BR","potentialAction":[{"@type":"CommentAction","name":"Comment","target":["https:\/\/regiaonews.net.br\/2022\/2024\/04\/07\/colina-supera-media-nacional-com-92-de-atendimento-em-creche\/#respond"]}]},{"@type":"WebPage","@id":"https:\/\/regiaonews.net.br\/2022\/2024\/04\/07\/colina-supera-media-nacional-com-92-de-atendimento-em-creche\/","url":"https:\/\/regiaonews.net.br\/2022\/2024\/04\/07\/colina-supera-media-nacional-com-92-de-atendimento-em-creche\/","name":"Colina supera m\u00e9dia nacional com 92% de atendimento em creche - Regi\u00e3o News","isPartOf":{"@id":"https:\/\/regiaonews.net.br\/2022\/#website"},"primaryImageOfPage":{"@id":"https:\/\/regiaonews.net.br\/2022\/2024\/04\/07\/colina-supera-media-nacional-com-92-de-atendimento-em-creche\/#primaryimage"},"image":{"@id":"https:\/\/regiaonews.net.br\/2022\/2024\/04\/07\/colina-supera-media-nacional-com-92-de-atendimento-em-creche\/#primaryimage"},"thumbnailUrl":"https:\/\/regiaonews.net.br\/2022\/wp-content\/uploads\/2024\/04\/g_62_6_1_04042024164517-1.jpg","datePublished":"2024-04-07T18:04:42+00:00","breadcrumb":{"@id":"https:\/\/regiaonews.net.br\/2022\/2024\/04\/07\/colina-supera-media-nacional-com-92-de-atendimento-em-creche\/#breadcrumb"},"inLanguage":"pt-BR","potentialAction":[{"@type":"ReadAction","target":["https:\/\/regiaonews.net.br\/2022\/2024\/04\/07\/colina-supera-media-nacional-com-92-de-atendimento-em-creche\/"]}]},{"@type":"ImageObject","inLanguage":"pt-BR","@id":"https:\/\/regiaonews.net.br\/2022\/2024\/04\/07\/colina-supera-media-nacional-com-92-de-atendimento-em-creche\/#primaryimage","url":"https:\/\/regiaonews.net.br\/2022\/wp-content\/uploads\/2024\/04\/g_62_6_1_04042024164517-1.jpg","contentUrl":"https:\/\/regiaonews.net.br\/2022\/wp-content\/uploads\/2024\/04\/g_62_6_1_04042024164517-1.jpg","width":1920,"height":1281},{"@type":"BreadcrumbList","@id":"https:\/\/regiaonews.net.br\/2022\/2024\/04\/07\/colina-supera-media-nacional-com-92-de-atendimento-em-creche\/#breadcrumb","itemListElement":[{"@type":"ListItem","position":1,"name":"In\u00edcio","item":"https:\/\/regiaonews.net.br\/2022\/"},{"@type":"ListItem","position":2,"name":"Colina supera m\u00e9dia nacional com 92% de atendimento em creche"}]},{"@type":"WebSite","@id":"https:\/\/regiaonews.net.br\/2022\/#website","url":"https:\/\/regiaonews.net.br\/2022\/","name":"Regi\u00e3o News","description":"Site de Not\u00edcias de Barretos e regi\u00e3o","publisher":{"@id":"https:\/\/regiaonews.net.br\/2022\/#organization"},"potentialAction":[{"@type":"SearchAction","target":{"@type":"EntryPoint","urlTemplate":"https:\/\/regiaonews.net.br\/2022\/?s={search_term_string}"},"query-input":{"@type":"PropertyValueSpecification","valueRequired":true,"valueName":"search_term_string"}}],"inLanguage":"pt-BR"},{"@type":"Organization","@id":"https:\/\/regiaonews.net.br\/2022\/#organization","name":"Regi\u00e3o News","url":"https:\/\/regiaonews.net.br\/2022\/","logo":{"@type":"ImageObject","inLanguage":"pt-BR","@id":"https:\/\/regiaonews.net.br\/2022\/#\/schema\/logo\/image\/","url":"https:\/\/regiaonews.net.br\/2022\/wp-content\/uploads\/2026\/03\/regiao-13-anos-scaled.jpg","contentUrl":"https:\/\/regiaonews.net.br\/2022\/wp-content\/uploads\/2026\/03\/regiao-13-anos-scaled.jpg","width":2560,"height":635,"caption":"Regi\u00e3o News"},"image":{"@id":"https:\/\/regiaonews.net.br\/2022\/#\/schema\/logo\/image\/"}},{"@type":"Person","@id":"https:\/\/regiaonews.net.br\/2022\/#\/schema\/person\/2d205a608a5aa97ac279d7a5e6d89ad8","name":"Roberto","image":{"@type":"ImageObject","inLanguage":"pt-BR","@id":"https:\/\/secure.gravatar.com\/avatar\/42749d8b712ff9d59ca93dc150494e5b55a44134482993f5baeb97e61b7ecc89?s=96&d=mm&r=g","url":"https:\/\/secure.gravatar.com\/avatar\/42749d8b712ff9d59ca93dc150494e5b55a44134482993f5baeb97e61b7ecc89?s=96&d=mm&r=g","contentUrl":"https:\/\/secure.gravatar.com\/avatar\/42749d8b712ff9d59ca93dc150494e5b55a44134482993f5baeb97e61b7ecc89?s=96&d=mm&r=g","caption":"Roberto"},"url":"https:\/\/regiaonews.net.br\/2022\/author\/roberto\/"}]}},"publishpress_future_action":{"enabled":false,"date":"2026-05-03 15:35:59","action":"change-status","newStatus":"draft","terms":[],"taxonomy":"category","extraData":[]},"publishpress_future_workflow_manual_trigger":{"enabledWorkflows":[]},"_links":{"self":[{"href":"https:\/\/regiaonews.net.br\/2022\/wp-json\/wp\/v2\/posts\/103353","targetHints":{"allow":["GET"]}}],"collection":[{"href":"https:\/\/regiaonews.net.br\/2022\/wp-json\/wp\/v2\/posts"}],"about":[{"href":"https:\/\/regiaonews.net.br\/2022\/wp-json\/wp\/v2\/types\/post"}],"author":[{"embeddable":true,"href":"https:\/\/regiaonews.net.br\/2022\/wp-json\/wp\/v2\/users\/2"}],"replies":[{"embeddable":true,"href":"https:\/\/regiaonews.net.br\/2022\/wp-json\/wp\/v2\/comments?post=103353"}],"version-history":[{"count":1,"href":"https:\/\/regiaonews.net.br\/2022\/wp-json\/wp\/v2\/posts\/103353\/revisions"}],"predecessor-version":[{"id":103359,"href":"https:\/\/regiaonews.net.br\/2022\/wp-json\/wp\/v2\/posts\/103353\/revisions\/103359"}],"wp:featuredmedia":[{"embeddable":true,"href":"https:\/\/regiaonews.net.br\/2022\/wp-json\/wp\/v2\/media\/103358"}],"wp:attachment":[{"href":"https:\/\/regiaonews.net.br\/2022\/wp-json\/wp\/v2\/media?parent=103353"}],"wp:term":[{"taxonomy":"category","embeddable":true,"href":"https:\/\/regiaonews.net.br\/2022\/wp-json\/wp\/v2\/categories?post=103353"},{"taxonomy":"post_tag","embeddable":true,"href":"https:\/\/regiaonews.net.br\/2022\/wp-json\/wp\/v2\/tags?post=103353"}],"curies":[{"name":"wp","href":"https:\/\/api.w.org\/{rel}","templated":true}]}}