{"id":103340,"date":"2024-04-07T07:45:27","date_gmt":"2024-04-07T10:45:27","guid":{"rendered":"https:\/\/regiaonews.net.br\/2022\/?p=103340"},"modified":"2024-04-07T07:45:43","modified_gmt":"2024-04-07T10:45:43","slug":"saude-de-colina-realiza-busca-ativa-de-casos-de-tuberculose","status":"publish","type":"post","link":"https:\/\/regiaonews.net.br\/2022\/2024\/04\/07\/saude-de-colina-realiza-busca-ativa-de-casos-de-tuberculose\/","title":{"rendered":"Sa\u00fade de Colina realiza busca ativa de casos de tuberculose"},"content":{"rendered":"<header class=\"post-header\">\n<h1 class=\"post-title\"><\/h1>\n<div data-grid=\"\">\n<p class=\"post-share noPrint\">\n<\/div>\n<\/header>\n<div class=\"post-image\"><\/div>\n<div class=\"post-content\">\n<article class=\"post-text\">Com o prop\u00f3sito de diagnosticar e prevenir a tuberculose, a Prefeitura Municipal de Colina, por meio da Secretaria Municipal de Sa\u00fade, comunica que estar\u00e1 realizando a \u201cCampanha de Intensifica\u00e7\u00e3o de Busca Ativa de Casos de Tuberculose \u2013 1\u00ba fase\u201d, no per\u00edodo de 15 a 30 de abril, por interm\u00e9dio da Vigil\u00e2ncia Epidemiol\u00f3gica.O enfoque est\u00e1 direcionado \u00e0 tosse, que \u00e9 o principal sintoma da Tuberculose Pulmonar. As pessoas com tosse h\u00e1 duas ou mais semanas, devem procurar uma Unidade de Sa\u00fade para fazer o exame de escarro; que \u00e9 um exame simples e o resultado sai em torno de 5 a 7dias.<\/p>\n<p>A Campanha acontece em todas as Estrat\u00e9gias de Sa\u00fade da Fam\u00edlia e tamb\u00e9m durante as visitas domiciliares dos Agentes Comunit\u00e1rios de Sa\u00fade.<\/p>\n<p>O objetivo da Campanha \u00e9 a identifica\u00e7\u00e3o e investiga\u00e7\u00e3o do sintom\u00e1tico respirat\u00f3rio, resultando num aumento de detec\u00e7\u00e3o de casos de tuberculose. Espera-se que o maior n\u00famero de pessoas doentes recebam o tratamento precocemente, contribuindo para a redu\u00e7\u00e3o do cont\u00e1gio e \u00edndices de mortalidade da doen\u00e7a. Embora seja mortal, a tuberculose tem cura. O tratamento est\u00e1 dispon\u00edvel para todos e deve ser seguido severamente at\u00e9 o final.<\/p>\n<p>Os sintomas da tuberculose s\u00e3o:<\/p>\n<ul>\n<li>Tosse persistente;<\/li>\n<li>Febre vespertina;<\/li>\n<li>Sudorese noturna;<\/li>\n<li>Emagrecimento;<\/li>\n<li>Cansa\u00e7o\/fadiga.<\/li>\n<\/ul>\n<\/article>\n<\/div>\n","protected":false},"excerpt":{"rendered":"<p>Com o prop\u00f3sito de diagnosticar e prevenir a tuberculose, a<\/p>\n","protected":false},"author":2,"featured_media":103341,"comment_status":"open","ping_status":"open","sticky":false,"template":"","format":"standard","meta":{"footnotes":""},"categories":[25,5],"tags":[],"class_list":["post-103340","post","type-post","status-publish","format-standard","has-post-thumbnail","hentry","category-cidades","category-colina"],"yoast_head":"<!-- This site is optimized with the Yoast SEO plugin v27.4 - https:\/\/yoast.com\/product\/yoast-seo-wordpress\/ -->\n<title>Sa\u00fade de Colina realiza busca ativa de casos de tuberculose - Regi\u00e3o News<\/title>\n<meta name=\"robots\" content=\"index, follow, max-snippet:-1, max-image-preview:large, max-video-preview:-1\" \/>\n<link rel=\"canonical\" href=\"https:\/\/regiaonews.net.br\/2022\/2024\/04\/07\/saude-de-colina-realiza-busca-ativa-de-casos-de-tuberculose\/\" \/>\n<meta property=\"og:locale\" content=\"pt_BR\" \/>\n<meta property=\"og:type\" content=\"article\" \/>\n<meta property=\"og:title\" content=\"Sa\u00fade de Colina realiza busca ativa de casos de tuberculose - Regi\u00e3o News\" \/>\n<meta property=\"og:description\" content=\"Com o prop\u00f3sito de diagnosticar e prevenir a tuberculose, a\" \/>\n<meta property=\"og:url\" content=\"https:\/\/regiaonews.net.br\/2022\/2024\/04\/07\/saude-de-colina-realiza-busca-ativa-de-casos-de-tuberculose\/\" \/>\n<meta property=\"og:site_name\" content=\"Regi\u00e3o News\" \/>\n<meta property=\"article:published_time\" content=\"2024-04-07T10:45:27+00:00\" \/>\n<meta property=\"article:modified_time\" content=\"2024-04-07T10:45:43+00:00\" \/>\n<meta property=\"og:image\" content=\"https:\/\/regiaonews.net.br\/2022\/wp-content\/uploads\/2024\/04\/m_62_0_2_03042024160428.jpg\" \/>\n\t<meta property=\"og:image:width\" content=\"900\" \/>\n\t<meta property=\"og:image:height\" content=\"900\" \/>\n\t<meta property=\"og:image:type\" content=\"image\/jpeg\" \/>\n<meta name=\"author\" content=\"Roberto\" \/>\n<meta name=\"twitter:card\" content=\"summary_large_image\" \/>\n<meta name=\"twitter:label1\" content=\"Escrito por\" \/>\n\t<meta name=\"twitter:data1\" content=\"Roberto\" \/>\n\t<meta name=\"twitter:label2\" content=\"Est. tempo de leitura\" \/>\n\t<meta name=\"twitter:data2\" content=\"2 minutos\" \/>\n<script type=\"application\/ld+json\" class=\"yoast-schema-graph\">{\"@context\":\"https:\\\/\\\/schema.org\",\"@graph\":[{\"@type\":\"Article\",\"@id\":\"https:\\\/\\\/regiaonews.net.br\\\/2022\\\/2024\\\/04\\\/07\\\/saude-de-colina-realiza-busca-ativa-de-casos-de-tuberculose\\\/#article\",\"isPartOf\":{\"@id\":\"https:\\\/\\\/regiaonews.net.br\\\/2022\\\/2024\\\/04\\\/07\\\/saude-de-colina-realiza-busca-ativa-de-casos-de-tuberculose\\\/\"},\"author\":{\"name\":\"Roberto\",\"@id\":\"https:\\\/\\\/regiaonews.net.br\\\/2022\\\/#\\\/schema\\\/person\\\/2d205a608a5aa97ac279d7a5e6d89ad8\"},\"headline\":\"Sa\u00fade de Colina realiza busca ativa de casos de tuberculose\",\"datePublished\":\"2024-04-07T10:45:27+00:00\",\"dateModified\":\"2024-04-07T10:45:43+00:00\",\"mainEntityOfPage\":{\"@id\":\"https:\\\/\\\/regiaonews.net.br\\\/2022\\\/2024\\\/04\\\/07\\\/saude-de-colina-realiza-busca-ativa-de-casos-de-tuberculose\\\/\"},\"wordCount\":232,\"commentCount\":0,\"publisher\":{\"@id\":\"https:\\\/\\\/regiaonews.net.br\\\/2022\\\/#organization\"},\"image\":{\"@id\":\"https:\\\/\\\/regiaonews.net.br\\\/2022\\\/2024\\\/04\\\/07\\\/saude-de-colina-realiza-busca-ativa-de-casos-de-tuberculose\\\/#primaryimage\"},\"thumbnailUrl\":\"https:\\\/\\\/regiaonews.net.br\\\/2022\\\/wp-content\\\/uploads\\\/2024\\\/04\\\/m_62_0_2_03042024160428.jpg\",\"articleSection\":[\"Cidades\",\"Colina\"],\"inLanguage\":\"pt-BR\",\"potentialAction\":[{\"@type\":\"CommentAction\",\"name\":\"Comment\",\"target\":[\"https:\\\/\\\/regiaonews.net.br\\\/2022\\\/2024\\\/04\\\/07\\\/saude-de-colina-realiza-busca-ativa-de-casos-de-tuberculose\\\/#respond\"]}]},{\"@type\":\"WebPage\",\"@id\":\"https:\\\/\\\/regiaonews.net.br\\\/2022\\\/2024\\\/04\\\/07\\\/saude-de-colina-realiza-busca-ativa-de-casos-de-tuberculose\\\/\",\"url\":\"https:\\\/\\\/regiaonews.net.br\\\/2022\\\/2024\\\/04\\\/07\\\/saude-de-colina-realiza-busca-ativa-de-casos-de-tuberculose\\\/\",\"name\":\"Sa\u00fade de Colina realiza busca ativa de casos de tuberculose - Regi\u00e3o News\",\"isPartOf\":{\"@id\":\"https:\\\/\\\/regiaonews.net.br\\\/2022\\\/#website\"},\"primaryImageOfPage\":{\"@id\":\"https:\\\/\\\/regiaonews.net.br\\\/2022\\\/2024\\\/04\\\/07\\\/saude-de-colina-realiza-busca-ativa-de-casos-de-tuberculose\\\/#primaryimage\"},\"image\":{\"@id\":\"https:\\\/\\\/regiaonews.net.br\\\/2022\\\/2024\\\/04\\\/07\\\/saude-de-colina-realiza-busca-ativa-de-casos-de-tuberculose\\\/#primaryimage\"},\"thumbnailUrl\":\"https:\\\/\\\/regiaonews.net.br\\\/2022\\\/wp-content\\\/uploads\\\/2024\\\/04\\\/m_62_0_2_03042024160428.jpg\",\"datePublished\":\"2024-04-07T10:45:27+00:00\",\"dateModified\":\"2024-04-07T10:45:43+00:00\",\"breadcrumb\":{\"@id\":\"https:\\\/\\\/regiaonews.net.br\\\/2022\\\/2024\\\/04\\\/07\\\/saude-de-colina-realiza-busca-ativa-de-casos-de-tuberculose\\\/#breadcrumb\"},\"inLanguage\":\"pt-BR\",\"potentialAction\":[{\"@type\":\"ReadAction\",\"target\":[\"https:\\\/\\\/regiaonews.net.br\\\/2022\\\/2024\\\/04\\\/07\\\/saude-de-colina-realiza-busca-ativa-de-casos-de-tuberculose\\\/\"]}]},{\"@type\":\"ImageObject\",\"inLanguage\":\"pt-BR\",\"@id\":\"https:\\\/\\\/regiaonews.net.br\\\/2022\\\/2024\\\/04\\\/07\\\/saude-de-colina-realiza-busca-ativa-de-casos-de-tuberculose\\\/#primaryimage\",\"url\":\"https:\\\/\\\/regiaonews.net.br\\\/2022\\\/wp-content\\\/uploads\\\/2024\\\/04\\\/m_62_0_2_03042024160428.jpg\",\"contentUrl\":\"https:\\\/\\\/regiaonews.net.br\\\/2022\\\/wp-content\\\/uploads\\\/2024\\\/04\\\/m_62_0_2_03042024160428.jpg\",\"width\":900,\"height\":900},{\"@type\":\"BreadcrumbList\",\"@id\":\"https:\\\/\\\/regiaonews.net.br\\\/2022\\\/2024\\\/04\\\/07\\\/saude-de-colina-realiza-busca-ativa-de-casos-de-tuberculose\\\/#breadcrumb\",\"itemListElement\":[{\"@type\":\"ListItem\",\"position\":1,\"name\":\"In\u00edcio\",\"item\":\"https:\\\/\\\/regiaonews.net.br\\\/2022\\\/\"},{\"@type\":\"ListItem\",\"position\":2,\"name\":\"Sa\u00fade de Colina realiza busca ativa de casos de tuberculose\"}]},{\"@type\":\"WebSite\",\"@id\":\"https:\\\/\\\/regiaonews.net.br\\\/2022\\\/#website\",\"url\":\"https:\\\/\\\/regiaonews.net.br\\\/2022\\\/\",\"name\":\"Regi\u00e3o News\",\"description\":\"Site de Not\u00edcias de Barretos e regi\u00e3o\",\"publisher\":{\"@id\":\"https:\\\/\\\/regiaonews.net.br\\\/2022\\\/#organization\"},\"potentialAction\":[{\"@type\":\"SearchAction\",\"target\":{\"@type\":\"EntryPoint\",\"urlTemplate\":\"https:\\\/\\\/regiaonews.net.br\\\/2022\\\/?s={search_term_string}\"},\"query-input\":{\"@type\":\"PropertyValueSpecification\",\"valueRequired\":true,\"valueName\":\"search_term_string\"}}],\"inLanguage\":\"pt-BR\"},{\"@type\":\"Organization\",\"@id\":\"https:\\\/\\\/regiaonews.net.br\\\/2022\\\/#organization\",\"name\":\"Regi\u00e3o News\",\"url\":\"https:\\\/\\\/regiaonews.net.br\\\/2022\\\/\",\"logo\":{\"@type\":\"ImageObject\",\"inLanguage\":\"pt-BR\",\"@id\":\"https:\\\/\\\/regiaonews.net.br\\\/2022\\\/#\\\/schema\\\/logo\\\/image\\\/\",\"url\":\"https:\\\/\\\/regiaonews.net.br\\\/2022\\\/wp-content\\\/uploads\\\/2026\\\/03\\\/regiao-13-anos-scaled.jpg\",\"contentUrl\":\"https:\\\/\\\/regiaonews.net.br\\\/2022\\\/wp-content\\\/uploads\\\/2026\\\/03\\\/regiao-13-anos-scaled.jpg\",\"width\":2560,\"height\":635,\"caption\":\"Regi\u00e3o News\"},\"image\":{\"@id\":\"https:\\\/\\\/regiaonews.net.br\\\/2022\\\/#\\\/schema\\\/logo\\\/image\\\/\"}},{\"@type\":\"Person\",\"@id\":\"https:\\\/\\\/regiaonews.net.br\\\/2022\\\/#\\\/schema\\\/person\\\/2d205a608a5aa97ac279d7a5e6d89ad8\",\"name\":\"Roberto\",\"image\":{\"@type\":\"ImageObject\",\"inLanguage\":\"pt-BR\",\"@id\":\"https:\\\/\\\/secure.gravatar.com\\\/avatar\\\/42749d8b712ff9d59ca93dc150494e5b55a44134482993f5baeb97e61b7ecc89?s=96&d=mm&r=g\",\"url\":\"https:\\\/\\\/secure.gravatar.com\\\/avatar\\\/42749d8b712ff9d59ca93dc150494e5b55a44134482993f5baeb97e61b7ecc89?s=96&d=mm&r=g\",\"contentUrl\":\"https:\\\/\\\/secure.gravatar.com\\\/avatar\\\/42749d8b712ff9d59ca93dc150494e5b55a44134482993f5baeb97e61b7ecc89?s=96&d=mm&r=g\",\"caption\":\"Roberto\"},\"url\":\"https:\\\/\\\/regiaonews.net.br\\\/2022\\\/author\\\/roberto\\\/\"}]}<\/script>\n<!-- \/ Yoast SEO plugin. -->","yoast_head_json":{"title":"Sa\u00fade de Colina realiza busca ativa de casos de tuberculose - Regi\u00e3o News","robots":{"index":"index","follow":"follow","max-snippet":"max-snippet:-1","max-image-preview":"max-image-preview:large","max-video-preview":"max-video-preview:-1"},"canonical":"https:\/\/regiaonews.net.br\/2022\/2024\/04\/07\/saude-de-colina-realiza-busca-ativa-de-casos-de-tuberculose\/","og_locale":"pt_BR","og_type":"article","og_title":"Sa\u00fade de Colina realiza busca ativa de casos de tuberculose - Regi\u00e3o News","og_description":"Com o prop\u00f3sito de diagnosticar e prevenir a tuberculose, a","og_url":"https:\/\/regiaonews.net.br\/2022\/2024\/04\/07\/saude-de-colina-realiza-busca-ativa-de-casos-de-tuberculose\/","og_site_name":"Regi\u00e3o News","article_published_time":"2024-04-07T10:45:27+00:00","article_modified_time":"2024-04-07T10:45:43+00:00","og_image":[{"width":900,"height":900,"url":"https:\/\/regiaonews.net.br\/2022\/wp-content\/uploads\/2024\/04\/m_62_0_2_03042024160428.jpg","type":"image\/jpeg"}],"author":"Roberto","twitter_card":"summary_large_image","twitter_misc":{"Escrito por":"Roberto","Est. tempo de leitura":"2 minutos"},"schema":{"@context":"https:\/\/schema.org","@graph":[{"@type":"Article","@id":"https:\/\/regiaonews.net.br\/2022\/2024\/04\/07\/saude-de-colina-realiza-busca-ativa-de-casos-de-tuberculose\/#article","isPartOf":{"@id":"https:\/\/regiaonews.net.br\/2022\/2024\/04\/07\/saude-de-colina-realiza-busca-ativa-de-casos-de-tuberculose\/"},"author":{"name":"Roberto","@id":"https:\/\/regiaonews.net.br\/2022\/#\/schema\/person\/2d205a608a5aa97ac279d7a5e6d89ad8"},"headline":"Sa\u00fade de Colina realiza busca ativa de casos de tuberculose","datePublished":"2024-04-07T10:45:27+00:00","dateModified":"2024-04-07T10:45:43+00:00","mainEntityOfPage":{"@id":"https:\/\/regiaonews.net.br\/2022\/2024\/04\/07\/saude-de-colina-realiza-busca-ativa-de-casos-de-tuberculose\/"},"wordCount":232,"commentCount":0,"publisher":{"@id":"https:\/\/regiaonews.net.br\/2022\/#organization"},"image":{"@id":"https:\/\/regiaonews.net.br\/2022\/2024\/04\/07\/saude-de-colina-realiza-busca-ativa-de-casos-de-tuberculose\/#primaryimage"},"thumbnailUrl":"https:\/\/regiaonews.net.br\/2022\/wp-content\/uploads\/2024\/04\/m_62_0_2_03042024160428.jpg","articleSection":["Cidades","Colina"],"inLanguage":"pt-BR","potentialAction":[{"@type":"CommentAction","name":"Comment","target":["https:\/\/regiaonews.net.br\/2022\/2024\/04\/07\/saude-de-colina-realiza-busca-ativa-de-casos-de-tuberculose\/#respond"]}]},{"@type":"WebPage","@id":"https:\/\/regiaonews.net.br\/2022\/2024\/04\/07\/saude-de-colina-realiza-busca-ativa-de-casos-de-tuberculose\/","url":"https:\/\/regiaonews.net.br\/2022\/2024\/04\/07\/saude-de-colina-realiza-busca-ativa-de-casos-de-tuberculose\/","name":"Sa\u00fade de Colina realiza busca ativa de casos de tuberculose - Regi\u00e3o News","isPartOf":{"@id":"https:\/\/regiaonews.net.br\/2022\/#website"},"primaryImageOfPage":{"@id":"https:\/\/regiaonews.net.br\/2022\/2024\/04\/07\/saude-de-colina-realiza-busca-ativa-de-casos-de-tuberculose\/#primaryimage"},"image":{"@id":"https:\/\/regiaonews.net.br\/2022\/2024\/04\/07\/saude-de-colina-realiza-busca-ativa-de-casos-de-tuberculose\/#primaryimage"},"thumbnailUrl":"https:\/\/regiaonews.net.br\/2022\/wp-content\/uploads\/2024\/04\/m_62_0_2_03042024160428.jpg","datePublished":"2024-04-07T10:45:27+00:00","dateModified":"2024-04-07T10:45:43+00:00","breadcrumb":{"@id":"https:\/\/regiaonews.net.br\/2022\/2024\/04\/07\/saude-de-colina-realiza-busca-ativa-de-casos-de-tuberculose\/#breadcrumb"},"inLanguage":"pt-BR","potentialAction":[{"@type":"ReadAction","target":["https:\/\/regiaonews.net.br\/2022\/2024\/04\/07\/saude-de-colina-realiza-busca-ativa-de-casos-de-tuberculose\/"]}]},{"@type":"ImageObject","inLanguage":"pt-BR","@id":"https:\/\/regiaonews.net.br\/2022\/2024\/04\/07\/saude-de-colina-realiza-busca-ativa-de-casos-de-tuberculose\/#primaryimage","url":"https:\/\/regiaonews.net.br\/2022\/wp-content\/uploads\/2024\/04\/m_62_0_2_03042024160428.jpg","contentUrl":"https:\/\/regiaonews.net.br\/2022\/wp-content\/uploads\/2024\/04\/m_62_0_2_03042024160428.jpg","width":900,"height":900},{"@type":"BreadcrumbList","@id":"https:\/\/regiaonews.net.br\/2022\/2024\/04\/07\/saude-de-colina-realiza-busca-ativa-de-casos-de-tuberculose\/#breadcrumb","itemListElement":[{"@type":"ListItem","position":1,"name":"In\u00edcio","item":"https:\/\/regiaonews.net.br\/2022\/"},{"@type":"ListItem","position":2,"name":"Sa\u00fade de Colina realiza busca ativa de casos de tuberculose"}]},{"@type":"WebSite","@id":"https:\/\/regiaonews.net.br\/2022\/#website","url":"https:\/\/regiaonews.net.br\/2022\/","name":"Regi\u00e3o News","description":"Site de Not\u00edcias de Barretos e regi\u00e3o","publisher":{"@id":"https:\/\/regiaonews.net.br\/2022\/#organization"},"potentialAction":[{"@type":"SearchAction","target":{"@type":"EntryPoint","urlTemplate":"https:\/\/regiaonews.net.br\/2022\/?s={search_term_string}"},"query-input":{"@type":"PropertyValueSpecification","valueRequired":true,"valueName":"search_term_string"}}],"inLanguage":"pt-BR"},{"@type":"Organization","@id":"https:\/\/regiaonews.net.br\/2022\/#organization","name":"Regi\u00e3o News","url":"https:\/\/regiaonews.net.br\/2022\/","logo":{"@type":"ImageObject","inLanguage":"pt-BR","@id":"https:\/\/regiaonews.net.br\/2022\/#\/schema\/logo\/image\/","url":"https:\/\/regiaonews.net.br\/2022\/wp-content\/uploads\/2026\/03\/regiao-13-anos-scaled.jpg","contentUrl":"https:\/\/regiaonews.net.br\/2022\/wp-content\/uploads\/2026\/03\/regiao-13-anos-scaled.jpg","width":2560,"height":635,"caption":"Regi\u00e3o News"},"image":{"@id":"https:\/\/regiaonews.net.br\/2022\/#\/schema\/logo\/image\/"}},{"@type":"Person","@id":"https:\/\/regiaonews.net.br\/2022\/#\/schema\/person\/2d205a608a5aa97ac279d7a5e6d89ad8","name":"Roberto","image":{"@type":"ImageObject","inLanguage":"pt-BR","@id":"https:\/\/secure.gravatar.com\/avatar\/42749d8b712ff9d59ca93dc150494e5b55a44134482993f5baeb97e61b7ecc89?s=96&d=mm&r=g","url":"https:\/\/secure.gravatar.com\/avatar\/42749d8b712ff9d59ca93dc150494e5b55a44134482993f5baeb97e61b7ecc89?s=96&d=mm&r=g","contentUrl":"https:\/\/secure.gravatar.com\/avatar\/42749d8b712ff9d59ca93dc150494e5b55a44134482993f5baeb97e61b7ecc89?s=96&d=mm&r=g","caption":"Roberto"},"url":"https:\/\/regiaonews.net.br\/2022\/author\/roberto\/"}]}},"publishpress_future_action":{"enabled":false,"date":"2026-05-03 22:40:16","action":"change-status","newStatus":"draft","terms":[],"taxonomy":"category","extraData":[]},"publishpress_future_workflow_manual_trigger":{"enabledWorkflows":[]},"_links":{"self":[{"href":"https:\/\/regiaonews.net.br\/2022\/wp-json\/wp\/v2\/posts\/103340","targetHints":{"allow":["GET"]}}],"collection":[{"href":"https:\/\/regiaonews.net.br\/2022\/wp-json\/wp\/v2\/posts"}],"about":[{"href":"https:\/\/regiaonews.net.br\/2022\/wp-json\/wp\/v2\/types\/post"}],"author":[{"embeddable":true,"href":"https:\/\/regiaonews.net.br\/2022\/wp-json\/wp\/v2\/users\/2"}],"replies":[{"embeddable":true,"href":"https:\/\/regiaonews.net.br\/2022\/wp-json\/wp\/v2\/comments?post=103340"}],"version-history":[{"count":2,"href":"https:\/\/regiaonews.net.br\/2022\/wp-json\/wp\/v2\/posts\/103340\/revisions"}],"predecessor-version":[{"id":103343,"href":"https:\/\/regiaonews.net.br\/2022\/wp-json\/wp\/v2\/posts\/103340\/revisions\/103343"}],"wp:featuredmedia":[{"embeddable":true,"href":"https:\/\/regiaonews.net.br\/2022\/wp-json\/wp\/v2\/media\/103341"}],"wp:attachment":[{"href":"https:\/\/regiaonews.net.br\/2022\/wp-json\/wp\/v2\/media?parent=103340"}],"wp:term":[{"taxonomy":"category","embeddable":true,"href":"https:\/\/regiaonews.net.br\/2022\/wp-json\/wp\/v2\/categories?post=103340"},{"taxonomy":"post_tag","embeddable":true,"href":"https:\/\/regiaonews.net.br\/2022\/wp-json\/wp\/v2\/tags?post=103340"}],"curies":[{"name":"wp","href":"https:\/\/api.w.org\/{rel}","templated":true}]}}