{"id":103300,"date":"2024-04-06T14:51:35","date_gmt":"2024-04-06T17:51:35","guid":{"rendered":"https:\/\/regiaonews.net.br\/2022\/?p=103300"},"modified":"2024-04-06T14:51:35","modified_gmt":"2024-04-06T17:51:35","slug":"administracao-de-colina-entrega-cerca-de-2-mil-ovos-de-pascoa","status":"publish","type":"post","link":"https:\/\/regiaonews.net.br\/2022\/2024\/04\/06\/administracao-de-colina-entrega-cerca-de-2-mil-ovos-de-pascoa\/","title":{"rendered":"Administra\u00e7\u00e3o de Colina entrega cerca de 2 mil ovos de P\u00e1scoa"},"content":{"rendered":"<header class=\"post-header\">\n<h1 class=\"post-title\"><\/h1>\n<\/header>\n<div class=\"post-image\"><\/div>\n<div class=\"post-content\">\n<article class=\"post-text\">Em comemora\u00e7\u00e3o \u00e0 P\u00e1scoa, celebrada nacionalmente no \u00faltimo domingo, dia 31 de mar\u00e7o, a Prefeitura Municipal de Colina, por meio do Fundo Social de Solidariedade, da Secretaria Municipal de Educa\u00e7\u00e3o e Cultura e da Central Municipal de Alimenta\u00e7\u00e3o \u201cEngenheira K\u00e1tia Tornelli\u201d, realizaram a distribui\u00e7\u00e3o de aproximadamente 2 mil ovos de chocolate nos dias 26 e 27 de mar\u00e7o.<\/p>\n<p>Foram contemplados os estudantes da Rede Municipal de Ensino, das unidades de Educa\u00e7\u00e3o Infantil (creches e pr\u00e9-escolas), das s\u00e9ries iniciais do Ensino Fundamental (do 1\u00ba ao 5\u00ba ano); alunos da APAE (Associa\u00e7\u00e3o de Pais e Amigos dos Excepcionais) e idosos do Asilo \u201cS\u00e3o Jos\u00e9\u201d.<\/p>\n<p>A entrega aconteceu nas unidades escolares e foi realizada pelo Coelho que, sem d\u00favida, \u00e9 um dos tradicionais s\u00edmbolos da P\u00e1scoa.\u00a0 A Vice-presidente do Fundo Social de Colina, Prof\u00aa. Eliana Bueno Camargo Campanholi, acompanhada da Coordenadora de Projetos Sociais, Prof\u00aa. Loide Ferreira Rosa Fernandes participaram da entrega. Estiveram presentes tamb\u00e9m, as Coordenadoras Pedag\u00f3gicas da Secretaria de Educa\u00e7\u00e3o: Marisabel Gon\u00e7alves Moreira Fertonani, Luiza Aparecida Maia, Alessandra Santos de Mesquita e Araceli Santos Andrade.<\/p>\n<p>Os ovos foram preparados com chocolate de qualidade, pela equipe de funcion\u00e1rios da Central Municipal de Alimenta\u00e7\u00e3o, \u201cEngenheira K\u00e1tia Tornelli\u201d (Cozinha Piloto).<\/p>\n<p>A Vice-presidente do Fundo, Prof\u00aa. Eliana Campanholi, informou que a entrega dos ovos \u00e9 uma forma de cumprimentar a fam\u00edlia colinense pela data. \u201c\u00c9 gratificante ver a alegria dos alunos ao receber os chocolates\u201d.<\/p>\n<p>A Presidente do Fundo Social, Prof\u00aa. Liliana Jorge Drubi Taha destacou: \u201cespero que as crian\u00e7as aproveitem os ovos, preparados com todo carinho, e lembrem-se que a P\u00e1scoa simboliza a ressurrei\u00e7\u00e3o de Cristo. Agrade\u00e7o a Engenheira de Alimentos da Central Municipal de Alimenta\u00e7\u00e3o, Aline Piai Paro Gharibian e toda a equipe pela dedica\u00e7\u00e3o na confec\u00e7\u00e3o os ovos\u201d.<\/p>\n<\/article>\n<\/div>\n","protected":false},"excerpt":{"rendered":"<p>Em comemora\u00e7\u00e3o \u00e0 P\u00e1scoa, celebrada nacionalmente no \u00faltimo domingo, dia<\/p>\n","protected":false},"author":2,"featured_media":103301,"comment_status":"open","ping_status":"open","sticky":false,"template":"","format":"standard","meta":{"footnotes":""},"categories":[5,111],"tags":[],"class_list":["post-103300","post","type-post","status-publish","format-standard","has-post-thumbnail","hentry","category-colina","category-cotidiano"],"yoast_head":"<!-- This site is optimized with the Yoast SEO plugin v27.4 - https:\/\/yoast.com\/product\/yoast-seo-wordpress\/ -->\n<title>Administra\u00e7\u00e3o de Colina entrega cerca de 2 mil ovos de P\u00e1scoa - Regi\u00e3o News<\/title>\n<meta name=\"robots\" content=\"index, follow, max-snippet:-1, max-image-preview:large, max-video-preview:-1\" \/>\n<link rel=\"canonical\" href=\"https:\/\/regiaonews.net.br\/2022\/2024\/04\/06\/administracao-de-colina-entrega-cerca-de-2-mil-ovos-de-pascoa\/\" \/>\n<meta property=\"og:locale\" content=\"pt_BR\" \/>\n<meta property=\"og:type\" content=\"article\" \/>\n<meta property=\"og:title\" content=\"Administra\u00e7\u00e3o de Colina entrega cerca de 2 mil ovos de P\u00e1scoa - Regi\u00e3o News\" \/>\n<meta property=\"og:description\" content=\"Em comemora\u00e7\u00e3o \u00e0 P\u00e1scoa, celebrada nacionalmente no \u00faltimo domingo, dia\" \/>\n<meta property=\"og:url\" content=\"https:\/\/regiaonews.net.br\/2022\/2024\/04\/06\/administracao-de-colina-entrega-cerca-de-2-mil-ovos-de-pascoa\/\" \/>\n<meta property=\"og:site_name\" content=\"Regi\u00e3o News\" \/>\n<meta property=\"article:published_time\" content=\"2024-04-06T17:51:35+00:00\" \/>\n<meta property=\"og:image\" content=\"https:\/\/regiaonews.net.br\/2022\/wp-content\/uploads\/2024\/04\/m_62_1_4_03042024081119.jpg\" \/>\n\t<meta property=\"og:image:width\" content=\"900\" \/>\n\t<meta property=\"og:image:height\" content=\"538\" \/>\n\t<meta property=\"og:image:type\" content=\"image\/jpeg\" \/>\n<meta name=\"author\" content=\"Roberto\" \/>\n<meta name=\"twitter:card\" content=\"summary_large_image\" \/>\n<meta name=\"twitter:label1\" content=\"Escrito por\" \/>\n\t<meta name=\"twitter:data1\" content=\"Roberto\" \/>\n\t<meta name=\"twitter:label2\" content=\"Est. tempo de leitura\" \/>\n\t<meta name=\"twitter:data2\" content=\"2 minutos\" \/>\n<script type=\"application\/ld+json\" class=\"yoast-schema-graph\">{\"@context\":\"https:\\\/\\\/schema.org\",\"@graph\":[{\"@type\":\"Article\",\"@id\":\"https:\\\/\\\/regiaonews.net.br\\\/2022\\\/2024\\\/04\\\/06\\\/administracao-de-colina-entrega-cerca-de-2-mil-ovos-de-pascoa\\\/#article\",\"isPartOf\":{\"@id\":\"https:\\\/\\\/regiaonews.net.br\\\/2022\\\/2024\\\/04\\\/06\\\/administracao-de-colina-entrega-cerca-de-2-mil-ovos-de-pascoa\\\/\"},\"author\":{\"name\":\"Roberto\",\"@id\":\"https:\\\/\\\/regiaonews.net.br\\\/2022\\\/#\\\/schema\\\/person\\\/2d205a608a5aa97ac279d7a5e6d89ad8\"},\"headline\":\"Administra\u00e7\u00e3o de Colina entrega cerca de 2 mil ovos de P\u00e1scoa\",\"datePublished\":\"2024-04-06T17:51:35+00:00\",\"mainEntityOfPage\":{\"@id\":\"https:\\\/\\\/regiaonews.net.br\\\/2022\\\/2024\\\/04\\\/06\\\/administracao-de-colina-entrega-cerca-de-2-mil-ovos-de-pascoa\\\/\"},\"wordCount\":319,\"commentCount\":0,\"publisher\":{\"@id\":\"https:\\\/\\\/regiaonews.net.br\\\/2022\\\/#organization\"},\"image\":{\"@id\":\"https:\\\/\\\/regiaonews.net.br\\\/2022\\\/2024\\\/04\\\/06\\\/administracao-de-colina-entrega-cerca-de-2-mil-ovos-de-pascoa\\\/#primaryimage\"},\"thumbnailUrl\":\"https:\\\/\\\/regiaonews.net.br\\\/2022\\\/wp-content\\\/uploads\\\/2024\\\/04\\\/m_62_1_4_03042024081119.jpg\",\"articleSection\":[\"Colina\",\"Cotidiano\"],\"inLanguage\":\"pt-BR\",\"potentialAction\":[{\"@type\":\"CommentAction\",\"name\":\"Comment\",\"target\":[\"https:\\\/\\\/regiaonews.net.br\\\/2022\\\/2024\\\/04\\\/06\\\/administracao-de-colina-entrega-cerca-de-2-mil-ovos-de-pascoa\\\/#respond\"]}]},{\"@type\":\"WebPage\",\"@id\":\"https:\\\/\\\/regiaonews.net.br\\\/2022\\\/2024\\\/04\\\/06\\\/administracao-de-colina-entrega-cerca-de-2-mil-ovos-de-pascoa\\\/\",\"url\":\"https:\\\/\\\/regiaonews.net.br\\\/2022\\\/2024\\\/04\\\/06\\\/administracao-de-colina-entrega-cerca-de-2-mil-ovos-de-pascoa\\\/\",\"name\":\"Administra\u00e7\u00e3o de Colina entrega cerca de 2 mil ovos de P\u00e1scoa - Regi\u00e3o News\",\"isPartOf\":{\"@id\":\"https:\\\/\\\/regiaonews.net.br\\\/2022\\\/#website\"},\"primaryImageOfPage\":{\"@id\":\"https:\\\/\\\/regiaonews.net.br\\\/2022\\\/2024\\\/04\\\/06\\\/administracao-de-colina-entrega-cerca-de-2-mil-ovos-de-pascoa\\\/#primaryimage\"},\"image\":{\"@id\":\"https:\\\/\\\/regiaonews.net.br\\\/2022\\\/2024\\\/04\\\/06\\\/administracao-de-colina-entrega-cerca-de-2-mil-ovos-de-pascoa\\\/#primaryimage\"},\"thumbnailUrl\":\"https:\\\/\\\/regiaonews.net.br\\\/2022\\\/wp-content\\\/uploads\\\/2024\\\/04\\\/m_62_1_4_03042024081119.jpg\",\"datePublished\":\"2024-04-06T17:51:35+00:00\",\"breadcrumb\":{\"@id\":\"https:\\\/\\\/regiaonews.net.br\\\/2022\\\/2024\\\/04\\\/06\\\/administracao-de-colina-entrega-cerca-de-2-mil-ovos-de-pascoa\\\/#breadcrumb\"},\"inLanguage\":\"pt-BR\",\"potentialAction\":[{\"@type\":\"ReadAction\",\"target\":[\"https:\\\/\\\/regiaonews.net.br\\\/2022\\\/2024\\\/04\\\/06\\\/administracao-de-colina-entrega-cerca-de-2-mil-ovos-de-pascoa\\\/\"]}]},{\"@type\":\"ImageObject\",\"inLanguage\":\"pt-BR\",\"@id\":\"https:\\\/\\\/regiaonews.net.br\\\/2022\\\/2024\\\/04\\\/06\\\/administracao-de-colina-entrega-cerca-de-2-mil-ovos-de-pascoa\\\/#primaryimage\",\"url\":\"https:\\\/\\\/regiaonews.net.br\\\/2022\\\/wp-content\\\/uploads\\\/2024\\\/04\\\/m_62_1_4_03042024081119.jpg\",\"contentUrl\":\"https:\\\/\\\/regiaonews.net.br\\\/2022\\\/wp-content\\\/uploads\\\/2024\\\/04\\\/m_62_1_4_03042024081119.jpg\",\"width\":900,\"height\":538},{\"@type\":\"BreadcrumbList\",\"@id\":\"https:\\\/\\\/regiaonews.net.br\\\/2022\\\/2024\\\/04\\\/06\\\/administracao-de-colina-entrega-cerca-de-2-mil-ovos-de-pascoa\\\/#breadcrumb\",\"itemListElement\":[{\"@type\":\"ListItem\",\"position\":1,\"name\":\"In\u00edcio\",\"item\":\"https:\\\/\\\/regiaonews.net.br\\\/2022\\\/\"},{\"@type\":\"ListItem\",\"position\":2,\"name\":\"Administra\u00e7\u00e3o de Colina entrega cerca de 2 mil ovos de P\u00e1scoa\"}]},{\"@type\":\"WebSite\",\"@id\":\"https:\\\/\\\/regiaonews.net.br\\\/2022\\\/#website\",\"url\":\"https:\\\/\\\/regiaonews.net.br\\\/2022\\\/\",\"name\":\"Regi\u00e3o News\",\"description\":\"Site de Not\u00edcias de Barretos e regi\u00e3o\",\"publisher\":{\"@id\":\"https:\\\/\\\/regiaonews.net.br\\\/2022\\\/#organization\"},\"potentialAction\":[{\"@type\":\"SearchAction\",\"target\":{\"@type\":\"EntryPoint\",\"urlTemplate\":\"https:\\\/\\\/regiaonews.net.br\\\/2022\\\/?s={search_term_string}\"},\"query-input\":{\"@type\":\"PropertyValueSpecification\",\"valueRequired\":true,\"valueName\":\"search_term_string\"}}],\"inLanguage\":\"pt-BR\"},{\"@type\":\"Organization\",\"@id\":\"https:\\\/\\\/regiaonews.net.br\\\/2022\\\/#organization\",\"name\":\"Regi\u00e3o News\",\"url\":\"https:\\\/\\\/regiaonews.net.br\\\/2022\\\/\",\"logo\":{\"@type\":\"ImageObject\",\"inLanguage\":\"pt-BR\",\"@id\":\"https:\\\/\\\/regiaonews.net.br\\\/2022\\\/#\\\/schema\\\/logo\\\/image\\\/\",\"url\":\"https:\\\/\\\/regiaonews.net.br\\\/2022\\\/wp-content\\\/uploads\\\/2026\\\/03\\\/regiao-13-anos-scaled.jpg\",\"contentUrl\":\"https:\\\/\\\/regiaonews.net.br\\\/2022\\\/wp-content\\\/uploads\\\/2026\\\/03\\\/regiao-13-anos-scaled.jpg\",\"width\":2560,\"height\":635,\"caption\":\"Regi\u00e3o News\"},\"image\":{\"@id\":\"https:\\\/\\\/regiaonews.net.br\\\/2022\\\/#\\\/schema\\\/logo\\\/image\\\/\"}},{\"@type\":\"Person\",\"@id\":\"https:\\\/\\\/regiaonews.net.br\\\/2022\\\/#\\\/schema\\\/person\\\/2d205a608a5aa97ac279d7a5e6d89ad8\",\"name\":\"Roberto\",\"image\":{\"@type\":\"ImageObject\",\"inLanguage\":\"pt-BR\",\"@id\":\"https:\\\/\\\/secure.gravatar.com\\\/avatar\\\/42749d8b712ff9d59ca93dc150494e5b55a44134482993f5baeb97e61b7ecc89?s=96&d=mm&r=g\",\"url\":\"https:\\\/\\\/secure.gravatar.com\\\/avatar\\\/42749d8b712ff9d59ca93dc150494e5b55a44134482993f5baeb97e61b7ecc89?s=96&d=mm&r=g\",\"contentUrl\":\"https:\\\/\\\/secure.gravatar.com\\\/avatar\\\/42749d8b712ff9d59ca93dc150494e5b55a44134482993f5baeb97e61b7ecc89?s=96&d=mm&r=g\",\"caption\":\"Roberto\"},\"url\":\"https:\\\/\\\/regiaonews.net.br\\\/2022\\\/author\\\/roberto\\\/\"}]}<\/script>\n<!-- \/ Yoast SEO plugin. -->","yoast_head_json":{"title":"Administra\u00e7\u00e3o de Colina entrega cerca de 2 mil ovos de P\u00e1scoa - Regi\u00e3o News","robots":{"index":"index","follow":"follow","max-snippet":"max-snippet:-1","max-image-preview":"max-image-preview:large","max-video-preview":"max-video-preview:-1"},"canonical":"https:\/\/regiaonews.net.br\/2022\/2024\/04\/06\/administracao-de-colina-entrega-cerca-de-2-mil-ovos-de-pascoa\/","og_locale":"pt_BR","og_type":"article","og_title":"Administra\u00e7\u00e3o de Colina entrega cerca de 2 mil ovos de P\u00e1scoa - Regi\u00e3o News","og_description":"Em comemora\u00e7\u00e3o \u00e0 P\u00e1scoa, celebrada nacionalmente no \u00faltimo domingo, dia","og_url":"https:\/\/regiaonews.net.br\/2022\/2024\/04\/06\/administracao-de-colina-entrega-cerca-de-2-mil-ovos-de-pascoa\/","og_site_name":"Regi\u00e3o News","article_published_time":"2024-04-06T17:51:35+00:00","og_image":[{"width":900,"height":538,"url":"https:\/\/regiaonews.net.br\/2022\/wp-content\/uploads\/2024\/04\/m_62_1_4_03042024081119.jpg","type":"image\/jpeg"}],"author":"Roberto","twitter_card":"summary_large_image","twitter_misc":{"Escrito por":"Roberto","Est. tempo de leitura":"2 minutos"},"schema":{"@context":"https:\/\/schema.org","@graph":[{"@type":"Article","@id":"https:\/\/regiaonews.net.br\/2022\/2024\/04\/06\/administracao-de-colina-entrega-cerca-de-2-mil-ovos-de-pascoa\/#article","isPartOf":{"@id":"https:\/\/regiaonews.net.br\/2022\/2024\/04\/06\/administracao-de-colina-entrega-cerca-de-2-mil-ovos-de-pascoa\/"},"author":{"name":"Roberto","@id":"https:\/\/regiaonews.net.br\/2022\/#\/schema\/person\/2d205a608a5aa97ac279d7a5e6d89ad8"},"headline":"Administra\u00e7\u00e3o de Colina entrega cerca de 2 mil ovos de P\u00e1scoa","datePublished":"2024-04-06T17:51:35+00:00","mainEntityOfPage":{"@id":"https:\/\/regiaonews.net.br\/2022\/2024\/04\/06\/administracao-de-colina-entrega-cerca-de-2-mil-ovos-de-pascoa\/"},"wordCount":319,"commentCount":0,"publisher":{"@id":"https:\/\/regiaonews.net.br\/2022\/#organization"},"image":{"@id":"https:\/\/regiaonews.net.br\/2022\/2024\/04\/06\/administracao-de-colina-entrega-cerca-de-2-mil-ovos-de-pascoa\/#primaryimage"},"thumbnailUrl":"https:\/\/regiaonews.net.br\/2022\/wp-content\/uploads\/2024\/04\/m_62_1_4_03042024081119.jpg","articleSection":["Colina","Cotidiano"],"inLanguage":"pt-BR","potentialAction":[{"@type":"CommentAction","name":"Comment","target":["https:\/\/regiaonews.net.br\/2022\/2024\/04\/06\/administracao-de-colina-entrega-cerca-de-2-mil-ovos-de-pascoa\/#respond"]}]},{"@type":"WebPage","@id":"https:\/\/regiaonews.net.br\/2022\/2024\/04\/06\/administracao-de-colina-entrega-cerca-de-2-mil-ovos-de-pascoa\/","url":"https:\/\/regiaonews.net.br\/2022\/2024\/04\/06\/administracao-de-colina-entrega-cerca-de-2-mil-ovos-de-pascoa\/","name":"Administra\u00e7\u00e3o de Colina entrega cerca de 2 mil ovos de P\u00e1scoa - Regi\u00e3o News","isPartOf":{"@id":"https:\/\/regiaonews.net.br\/2022\/#website"},"primaryImageOfPage":{"@id":"https:\/\/regiaonews.net.br\/2022\/2024\/04\/06\/administracao-de-colina-entrega-cerca-de-2-mil-ovos-de-pascoa\/#primaryimage"},"image":{"@id":"https:\/\/regiaonews.net.br\/2022\/2024\/04\/06\/administracao-de-colina-entrega-cerca-de-2-mil-ovos-de-pascoa\/#primaryimage"},"thumbnailUrl":"https:\/\/regiaonews.net.br\/2022\/wp-content\/uploads\/2024\/04\/m_62_1_4_03042024081119.jpg","datePublished":"2024-04-06T17:51:35+00:00","breadcrumb":{"@id":"https:\/\/regiaonews.net.br\/2022\/2024\/04\/06\/administracao-de-colina-entrega-cerca-de-2-mil-ovos-de-pascoa\/#breadcrumb"},"inLanguage":"pt-BR","potentialAction":[{"@type":"ReadAction","target":["https:\/\/regiaonews.net.br\/2022\/2024\/04\/06\/administracao-de-colina-entrega-cerca-de-2-mil-ovos-de-pascoa\/"]}]},{"@type":"ImageObject","inLanguage":"pt-BR","@id":"https:\/\/regiaonews.net.br\/2022\/2024\/04\/06\/administracao-de-colina-entrega-cerca-de-2-mil-ovos-de-pascoa\/#primaryimage","url":"https:\/\/regiaonews.net.br\/2022\/wp-content\/uploads\/2024\/04\/m_62_1_4_03042024081119.jpg","contentUrl":"https:\/\/regiaonews.net.br\/2022\/wp-content\/uploads\/2024\/04\/m_62_1_4_03042024081119.jpg","width":900,"height":538},{"@type":"BreadcrumbList","@id":"https:\/\/regiaonews.net.br\/2022\/2024\/04\/06\/administracao-de-colina-entrega-cerca-de-2-mil-ovos-de-pascoa\/#breadcrumb","itemListElement":[{"@type":"ListItem","position":1,"name":"In\u00edcio","item":"https:\/\/regiaonews.net.br\/2022\/"},{"@type":"ListItem","position":2,"name":"Administra\u00e7\u00e3o de Colina entrega cerca de 2 mil ovos de P\u00e1scoa"}]},{"@type":"WebSite","@id":"https:\/\/regiaonews.net.br\/2022\/#website","url":"https:\/\/regiaonews.net.br\/2022\/","name":"Regi\u00e3o News","description":"Site de Not\u00edcias de Barretos e regi\u00e3o","publisher":{"@id":"https:\/\/regiaonews.net.br\/2022\/#organization"},"potentialAction":[{"@type":"SearchAction","target":{"@type":"EntryPoint","urlTemplate":"https:\/\/regiaonews.net.br\/2022\/?s={search_term_string}"},"query-input":{"@type":"PropertyValueSpecification","valueRequired":true,"valueName":"search_term_string"}}],"inLanguage":"pt-BR"},{"@type":"Organization","@id":"https:\/\/regiaonews.net.br\/2022\/#organization","name":"Regi\u00e3o News","url":"https:\/\/regiaonews.net.br\/2022\/","logo":{"@type":"ImageObject","inLanguage":"pt-BR","@id":"https:\/\/regiaonews.net.br\/2022\/#\/schema\/logo\/image\/","url":"https:\/\/regiaonews.net.br\/2022\/wp-content\/uploads\/2026\/03\/regiao-13-anos-scaled.jpg","contentUrl":"https:\/\/regiaonews.net.br\/2022\/wp-content\/uploads\/2026\/03\/regiao-13-anos-scaled.jpg","width":2560,"height":635,"caption":"Regi\u00e3o News"},"image":{"@id":"https:\/\/regiaonews.net.br\/2022\/#\/schema\/logo\/image\/"}},{"@type":"Person","@id":"https:\/\/regiaonews.net.br\/2022\/#\/schema\/person\/2d205a608a5aa97ac279d7a5e6d89ad8","name":"Roberto","image":{"@type":"ImageObject","inLanguage":"pt-BR","@id":"https:\/\/secure.gravatar.com\/avatar\/42749d8b712ff9d59ca93dc150494e5b55a44134482993f5baeb97e61b7ecc89?s=96&d=mm&r=g","url":"https:\/\/secure.gravatar.com\/avatar\/42749d8b712ff9d59ca93dc150494e5b55a44134482993f5baeb97e61b7ecc89?s=96&d=mm&r=g","contentUrl":"https:\/\/secure.gravatar.com\/avatar\/42749d8b712ff9d59ca93dc150494e5b55a44134482993f5baeb97e61b7ecc89?s=96&d=mm&r=g","caption":"Roberto"},"url":"https:\/\/regiaonews.net.br\/2022\/author\/roberto\/"}]}},"publishpress_future_action":{"enabled":false,"date":"2026-05-04 11:13:33","action":"change-status","newStatus":"draft","terms":[],"taxonomy":"category","extraData":[]},"publishpress_future_workflow_manual_trigger":{"enabledWorkflows":[]},"_links":{"self":[{"href":"https:\/\/regiaonews.net.br\/2022\/wp-json\/wp\/v2\/posts\/103300","targetHints":{"allow":["GET"]}}],"collection":[{"href":"https:\/\/regiaonews.net.br\/2022\/wp-json\/wp\/v2\/posts"}],"about":[{"href":"https:\/\/regiaonews.net.br\/2022\/wp-json\/wp\/v2\/types\/post"}],"author":[{"embeddable":true,"href":"https:\/\/regiaonews.net.br\/2022\/wp-json\/wp\/v2\/users\/2"}],"replies":[{"embeddable":true,"href":"https:\/\/regiaonews.net.br\/2022\/wp-json\/wp\/v2\/comments?post=103300"}],"version-history":[{"count":1,"href":"https:\/\/regiaonews.net.br\/2022\/wp-json\/wp\/v2\/posts\/103300\/revisions"}],"predecessor-version":[{"id":103302,"href":"https:\/\/regiaonews.net.br\/2022\/wp-json\/wp\/v2\/posts\/103300\/revisions\/103302"}],"wp:featuredmedia":[{"embeddable":true,"href":"https:\/\/regiaonews.net.br\/2022\/wp-json\/wp\/v2\/media\/103301"}],"wp:attachment":[{"href":"https:\/\/regiaonews.net.br\/2022\/wp-json\/wp\/v2\/media?parent=103300"}],"wp:term":[{"taxonomy":"category","embeddable":true,"href":"https:\/\/regiaonews.net.br\/2022\/wp-json\/wp\/v2\/categories?post=103300"},{"taxonomy":"post_tag","embeddable":true,"href":"https:\/\/regiaonews.net.br\/2022\/wp-json\/wp\/v2\/tags?post=103300"}],"curies":[{"name":"wp","href":"https:\/\/api.w.org\/{rel}","templated":true}]}}