{"id":103210,"date":"2024-04-03T22:14:03","date_gmt":"2024-04-04T01:14:03","guid":{"rendered":"https:\/\/regiaonews.net.br\/2022\/?p=103210"},"modified":"2024-04-03T22:14:03","modified_gmt":"2024-04-04T01:14:03","slug":"fs-de-colina-inaugura-decoracao-especial-de-pascoa-de-colina","status":"publish","type":"post","link":"https:\/\/regiaonews.net.br\/2022\/2024\/04\/03\/fs-de-colina-inaugura-decoracao-especial-de-pascoa-de-colina\/","title":{"rendered":"FS de Colina inaugura decora\u00e7\u00e3o especial de P\u00e1scoa de Colina"},"content":{"rendered":"<section data-font-size=\"\">\n<section class=\"page-content wrapper\">\n<div data-grid=\"spacing\">\n<div data-cell=\"3of4\">\n<section class=\"post\">\n<header class=\"post-header\">\n<h1 class=\"post-title\">Fundo Social de Colina inaugura decora\u00e7\u00e3o<\/h1>\n<\/header>\n<div class=\"post-content\">\n<article class=\"post-text\">Na noite do \u00faltimo domingo, dia 24 de mar\u00e7o, a Prefeitura Municipal de Colina, por meio do Fundo Social de Solidariedade, realizou a inaugura\u00e7\u00e3o da decora\u00e7\u00e3o especial de P\u00e1scoa na Pra\u00e7a Central.<\/p>\n<p>O evento contou com as presen\u00e7as do Prefeito Dieb Taha, de sua esposa, a Presidente do Fundo Social, Prof\u00aa. Liliana Jorge Drubi Taha, demais autoridades do munic\u00edpio e a popula\u00e7\u00e3o.<\/p>\n<p>A solenidade foi iniciada com a ben\u00e7\u00e3o de Jesus Ressuscitado pelo Padre Jos\u00e9 Roberto Alves Santana. Ap\u00f3s a ben\u00e7\u00e3o, o p\u00fablico presente foi recebido pelo Coelho, com a distribui\u00e7\u00e3o de ovinhos de chocolate \u00e0s crian\u00e7as, anunciando a chegada da P\u00e1scoa em Colina.<\/p>\n<p>A Presidente do Fundo Social, Prof\u00aa. Liliana Taha ressaltou que a decora\u00e7\u00e3o foi desenvolvida com muito carinho e dedica\u00e7\u00e3o para encantar os colinenses. \u201cEsperamos que todos possam sentir o clima agrad\u00e1vel, passear pela Pra\u00e7a Matriz e apreciar a beleza dos enfeites, principalmente as crian\u00e7as\u201d, disse Liliana, acrescentando: \u201ca P\u00e1scoa significa renascimento, \u00e9 um momento de reflex\u00e3o. Desejo que a fraternidade, b\u00ean\u00e7\u00e3os, felicidades e o recome\u00e7o de dias melhores habitem nossas vidas. Uma Feliz e Santa P\u00e1scoa a todos!\u201d.<\/p>\n<p>&#8220;Com a decora\u00e7\u00e3o de P\u00e1scoa, montada com todo o capricho e cuidado pela equipe do Fundo Social, permitimos que as crian\u00e7as e as fam\u00edlias recebam esperan\u00e7a de dias melhores, afinal a P\u00e1scoa \u00e9 uma data para cultivar boas energias. Quero, como Prefeito Municipal, desejar a toda popula\u00e7\u00e3o uma Feliz P\u00e1scoa&#8221;, disse o Prefeito Dieb Taha.<\/p>\n<\/article>\n<section class=\"post-gallery gallery-photos gallery__container\" data-gallery=\"\"><a class=\"photo gallery__item\" href=\"https:\/\/ecrie.com.br\/sistema\/conteudos\/imagem\/g_62_2_3_28032024100010.jpeg\" target=\"_blank\" rel=\"noopener\"><img decoding=\"async\" class=\"photo-image gallery__img\" src=\"https:\/\/ecrie.com.br\/sistema\/conteudos\/imagem\/p_62_2_3_28032024100010.jpeg\" alt=\"WhatsApp Image 2024-03-28 at 09.42.40 (2)\" \/><\/a><a class=\"photo gallery__item\" href=\"https:\/\/ecrie.com.br\/sistema\/conteudos\/imagem\/g_62_4_1_28032024100010.jpeg\" target=\"_blank\" rel=\"noopener\"><img decoding=\"async\" class=\"photo-image gallery__img\" src=\"https:\/\/ecrie.com.br\/sistema\/conteudos\/imagem\/p_62_4_1_28032024100010.jpeg\" alt=\"WhatsApp Image 2024-03-28 at 09.42.40\" \/><\/a><\/section>\n<\/div>\n<hr \/>\n<aside class=\"post-aside noPrint\">\n<header class=\"page-heading\"><\/header>\n<\/aside>\n<\/section>\n<\/div>\n<\/div>\n<\/section>\n<\/section>\n<div id=\"cookie-container\" class=\"cookie\">\n<p>&nbsp;<\/p>\n<\/div>\n","protected":false},"excerpt":{"rendered":"<p>Fundo Social de Colina inaugura decora\u00e7\u00e3o Na noite do \u00faltimo<\/p>\n","protected":false},"author":2,"featured_media":103211,"comment_status":"open","ping_status":"open","sticky":false,"template":"","format":"standard","meta":{"footnotes":""},"categories":[25,5],"tags":[],"class_list":["post-103210","post","type-post","status-publish","format-standard","has-post-thumbnail","hentry","category-cidades","category-colina"],"yoast_head":"<!-- This site is optimized with the Yoast SEO plugin v27.4 - https:\/\/yoast.com\/product\/yoast-seo-wordpress\/ -->\n<title>FS de Colina inaugura decora\u00e7\u00e3o especial de P\u00e1scoa de Colina - Regi\u00e3o News<\/title>\n<meta name=\"robots\" content=\"index, follow, max-snippet:-1, max-image-preview:large, max-video-preview:-1\" \/>\n<link rel=\"canonical\" href=\"https:\/\/regiaonews.net.br\/2022\/2024\/04\/03\/fs-de-colina-inaugura-decoracao-especial-de-pascoa-de-colina\/\" \/>\n<meta property=\"og:locale\" content=\"pt_BR\" \/>\n<meta property=\"og:type\" content=\"article\" \/>\n<meta property=\"og:title\" content=\"FS de Colina inaugura decora\u00e7\u00e3o especial de P\u00e1scoa de Colina - Regi\u00e3o News\" \/>\n<meta property=\"og:description\" content=\"Fundo Social de Colina inaugura decora\u00e7\u00e3o Na noite do \u00faltimo\" \/>\n<meta property=\"og:url\" content=\"https:\/\/regiaonews.net.br\/2022\/2024\/04\/03\/fs-de-colina-inaugura-decoracao-especial-de-pascoa-de-colina\/\" \/>\n<meta property=\"og:site_name\" content=\"Regi\u00e3o News\" \/>\n<meta property=\"article:published_time\" content=\"2024-04-04T01:14:03+00:00\" \/>\n<meta property=\"og:image\" content=\"https:\/\/regiaonews.net.br\/2022\/wp-content\/uploads\/2024\/04\/g_62_3_2_28032024100010.jpeg\" \/>\n\t<meta property=\"og:image:width\" content=\"1600\" \/>\n\t<meta property=\"og:image:height\" content=\"900\" \/>\n\t<meta property=\"og:image:type\" content=\"image\/jpeg\" \/>\n<meta name=\"author\" content=\"Roberto\" \/>\n<meta name=\"twitter:card\" content=\"summary_large_image\" \/>\n<meta name=\"twitter:label1\" content=\"Escrito por\" \/>\n\t<meta name=\"twitter:data1\" content=\"Roberto\" \/>\n\t<meta name=\"twitter:label2\" content=\"Est. tempo de leitura\" \/>\n\t<meta name=\"twitter:data2\" content=\"2 minutos\" \/>\n<script type=\"application\/ld+json\" class=\"yoast-schema-graph\">{\"@context\":\"https:\\\/\\\/schema.org\",\"@graph\":[{\"@type\":\"Article\",\"@id\":\"https:\\\/\\\/regiaonews.net.br\\\/2022\\\/2024\\\/04\\\/03\\\/fs-de-colina-inaugura-decoracao-especial-de-pascoa-de-colina\\\/#article\",\"isPartOf\":{\"@id\":\"https:\\\/\\\/regiaonews.net.br\\\/2022\\\/2024\\\/04\\\/03\\\/fs-de-colina-inaugura-decoracao-especial-de-pascoa-de-colina\\\/\"},\"author\":{\"name\":\"Roberto\",\"@id\":\"https:\\\/\\\/regiaonews.net.br\\\/2022\\\/#\\\/schema\\\/person\\\/2d205a608a5aa97ac279d7a5e6d89ad8\"},\"headline\":\"FS de Colina inaugura decora\u00e7\u00e3o especial de P\u00e1scoa de Colina\",\"datePublished\":\"2024-04-04T01:14:03+00:00\",\"mainEntityOfPage\":{\"@id\":\"https:\\\/\\\/regiaonews.net.br\\\/2022\\\/2024\\\/04\\\/03\\\/fs-de-colina-inaugura-decoracao-especial-de-pascoa-de-colina\\\/\"},\"wordCount\":288,\"commentCount\":0,\"publisher\":{\"@id\":\"https:\\\/\\\/regiaonews.net.br\\\/2022\\\/#organization\"},\"image\":{\"@id\":\"https:\\\/\\\/regiaonews.net.br\\\/2022\\\/2024\\\/04\\\/03\\\/fs-de-colina-inaugura-decoracao-especial-de-pascoa-de-colina\\\/#primaryimage\"},\"thumbnailUrl\":\"https:\\\/\\\/regiaonews.net.br\\\/2022\\\/wp-content\\\/uploads\\\/2024\\\/04\\\/g_62_3_2_28032024100010.jpeg\",\"articleSection\":[\"Cidades\",\"Colina\"],\"inLanguage\":\"pt-BR\",\"potentialAction\":[{\"@type\":\"CommentAction\",\"name\":\"Comment\",\"target\":[\"https:\\\/\\\/regiaonews.net.br\\\/2022\\\/2024\\\/04\\\/03\\\/fs-de-colina-inaugura-decoracao-especial-de-pascoa-de-colina\\\/#respond\"]}]},{\"@type\":\"WebPage\",\"@id\":\"https:\\\/\\\/regiaonews.net.br\\\/2022\\\/2024\\\/04\\\/03\\\/fs-de-colina-inaugura-decoracao-especial-de-pascoa-de-colina\\\/\",\"url\":\"https:\\\/\\\/regiaonews.net.br\\\/2022\\\/2024\\\/04\\\/03\\\/fs-de-colina-inaugura-decoracao-especial-de-pascoa-de-colina\\\/\",\"name\":\"FS de Colina inaugura decora\u00e7\u00e3o especial de P\u00e1scoa de Colina - Regi\u00e3o News\",\"isPartOf\":{\"@id\":\"https:\\\/\\\/regiaonews.net.br\\\/2022\\\/#website\"},\"primaryImageOfPage\":{\"@id\":\"https:\\\/\\\/regiaonews.net.br\\\/2022\\\/2024\\\/04\\\/03\\\/fs-de-colina-inaugura-decoracao-especial-de-pascoa-de-colina\\\/#primaryimage\"},\"image\":{\"@id\":\"https:\\\/\\\/regiaonews.net.br\\\/2022\\\/2024\\\/04\\\/03\\\/fs-de-colina-inaugura-decoracao-especial-de-pascoa-de-colina\\\/#primaryimage\"},\"thumbnailUrl\":\"https:\\\/\\\/regiaonews.net.br\\\/2022\\\/wp-content\\\/uploads\\\/2024\\\/04\\\/g_62_3_2_28032024100010.jpeg\",\"datePublished\":\"2024-04-04T01:14:03+00:00\",\"breadcrumb\":{\"@id\":\"https:\\\/\\\/regiaonews.net.br\\\/2022\\\/2024\\\/04\\\/03\\\/fs-de-colina-inaugura-decoracao-especial-de-pascoa-de-colina\\\/#breadcrumb\"},\"inLanguage\":\"pt-BR\",\"potentialAction\":[{\"@type\":\"ReadAction\",\"target\":[\"https:\\\/\\\/regiaonews.net.br\\\/2022\\\/2024\\\/04\\\/03\\\/fs-de-colina-inaugura-decoracao-especial-de-pascoa-de-colina\\\/\"]}]},{\"@type\":\"ImageObject\",\"inLanguage\":\"pt-BR\",\"@id\":\"https:\\\/\\\/regiaonews.net.br\\\/2022\\\/2024\\\/04\\\/03\\\/fs-de-colina-inaugura-decoracao-especial-de-pascoa-de-colina\\\/#primaryimage\",\"url\":\"https:\\\/\\\/regiaonews.net.br\\\/2022\\\/wp-content\\\/uploads\\\/2024\\\/04\\\/g_62_3_2_28032024100010.jpeg\",\"contentUrl\":\"https:\\\/\\\/regiaonews.net.br\\\/2022\\\/wp-content\\\/uploads\\\/2024\\\/04\\\/g_62_3_2_28032024100010.jpeg\",\"width\":1600,\"height\":900},{\"@type\":\"BreadcrumbList\",\"@id\":\"https:\\\/\\\/regiaonews.net.br\\\/2022\\\/2024\\\/04\\\/03\\\/fs-de-colina-inaugura-decoracao-especial-de-pascoa-de-colina\\\/#breadcrumb\",\"itemListElement\":[{\"@type\":\"ListItem\",\"position\":1,\"name\":\"In\u00edcio\",\"item\":\"https:\\\/\\\/regiaonews.net.br\\\/2022\\\/\"},{\"@type\":\"ListItem\",\"position\":2,\"name\":\"FS de Colina inaugura decora\u00e7\u00e3o especial de P\u00e1scoa de Colina\"}]},{\"@type\":\"WebSite\",\"@id\":\"https:\\\/\\\/regiaonews.net.br\\\/2022\\\/#website\",\"url\":\"https:\\\/\\\/regiaonews.net.br\\\/2022\\\/\",\"name\":\"Regi\u00e3o News\",\"description\":\"Site de Not\u00edcias de Barretos e regi\u00e3o\",\"publisher\":{\"@id\":\"https:\\\/\\\/regiaonews.net.br\\\/2022\\\/#organization\"},\"potentialAction\":[{\"@type\":\"SearchAction\",\"target\":{\"@type\":\"EntryPoint\",\"urlTemplate\":\"https:\\\/\\\/regiaonews.net.br\\\/2022\\\/?s={search_term_string}\"},\"query-input\":{\"@type\":\"PropertyValueSpecification\",\"valueRequired\":true,\"valueName\":\"search_term_string\"}}],\"inLanguage\":\"pt-BR\"},{\"@type\":\"Organization\",\"@id\":\"https:\\\/\\\/regiaonews.net.br\\\/2022\\\/#organization\",\"name\":\"Regi\u00e3o News\",\"url\":\"https:\\\/\\\/regiaonews.net.br\\\/2022\\\/\",\"logo\":{\"@type\":\"ImageObject\",\"inLanguage\":\"pt-BR\",\"@id\":\"https:\\\/\\\/regiaonews.net.br\\\/2022\\\/#\\\/schema\\\/logo\\\/image\\\/\",\"url\":\"https:\\\/\\\/regiaonews.net.br\\\/2022\\\/wp-content\\\/uploads\\\/2026\\\/03\\\/regiao-13-anos-scaled.jpg\",\"contentUrl\":\"https:\\\/\\\/regiaonews.net.br\\\/2022\\\/wp-content\\\/uploads\\\/2026\\\/03\\\/regiao-13-anos-scaled.jpg\",\"width\":2560,\"height\":635,\"caption\":\"Regi\u00e3o News\"},\"image\":{\"@id\":\"https:\\\/\\\/regiaonews.net.br\\\/2022\\\/#\\\/schema\\\/logo\\\/image\\\/\"}},{\"@type\":\"Person\",\"@id\":\"https:\\\/\\\/regiaonews.net.br\\\/2022\\\/#\\\/schema\\\/person\\\/2d205a608a5aa97ac279d7a5e6d89ad8\",\"name\":\"Roberto\",\"image\":{\"@type\":\"ImageObject\",\"inLanguage\":\"pt-BR\",\"@id\":\"https:\\\/\\\/secure.gravatar.com\\\/avatar\\\/42749d8b712ff9d59ca93dc150494e5b55a44134482993f5baeb97e61b7ecc89?s=96&d=mm&r=g\",\"url\":\"https:\\\/\\\/secure.gravatar.com\\\/avatar\\\/42749d8b712ff9d59ca93dc150494e5b55a44134482993f5baeb97e61b7ecc89?s=96&d=mm&r=g\",\"contentUrl\":\"https:\\\/\\\/secure.gravatar.com\\\/avatar\\\/42749d8b712ff9d59ca93dc150494e5b55a44134482993f5baeb97e61b7ecc89?s=96&d=mm&r=g\",\"caption\":\"Roberto\"},\"url\":\"https:\\\/\\\/regiaonews.net.br\\\/2022\\\/author\\\/roberto\\\/\"}]}<\/script>\n<!-- \/ Yoast SEO plugin. -->","yoast_head_json":{"title":"FS de Colina inaugura decora\u00e7\u00e3o especial de P\u00e1scoa de Colina - Regi\u00e3o News","robots":{"index":"index","follow":"follow","max-snippet":"max-snippet:-1","max-image-preview":"max-image-preview:large","max-video-preview":"max-video-preview:-1"},"canonical":"https:\/\/regiaonews.net.br\/2022\/2024\/04\/03\/fs-de-colina-inaugura-decoracao-especial-de-pascoa-de-colina\/","og_locale":"pt_BR","og_type":"article","og_title":"FS de Colina inaugura decora\u00e7\u00e3o especial de P\u00e1scoa de Colina - Regi\u00e3o News","og_description":"Fundo Social de Colina inaugura decora\u00e7\u00e3o Na noite do \u00faltimo","og_url":"https:\/\/regiaonews.net.br\/2022\/2024\/04\/03\/fs-de-colina-inaugura-decoracao-especial-de-pascoa-de-colina\/","og_site_name":"Regi\u00e3o News","article_published_time":"2024-04-04T01:14:03+00:00","og_image":[{"width":1600,"height":900,"url":"https:\/\/regiaonews.net.br\/2022\/wp-content\/uploads\/2024\/04\/g_62_3_2_28032024100010.jpeg","type":"image\/jpeg"}],"author":"Roberto","twitter_card":"summary_large_image","twitter_misc":{"Escrito por":"Roberto","Est. tempo de leitura":"2 minutos"},"schema":{"@context":"https:\/\/schema.org","@graph":[{"@type":"Article","@id":"https:\/\/regiaonews.net.br\/2022\/2024\/04\/03\/fs-de-colina-inaugura-decoracao-especial-de-pascoa-de-colina\/#article","isPartOf":{"@id":"https:\/\/regiaonews.net.br\/2022\/2024\/04\/03\/fs-de-colina-inaugura-decoracao-especial-de-pascoa-de-colina\/"},"author":{"name":"Roberto","@id":"https:\/\/regiaonews.net.br\/2022\/#\/schema\/person\/2d205a608a5aa97ac279d7a5e6d89ad8"},"headline":"FS de Colina inaugura decora\u00e7\u00e3o especial de P\u00e1scoa de Colina","datePublished":"2024-04-04T01:14:03+00:00","mainEntityOfPage":{"@id":"https:\/\/regiaonews.net.br\/2022\/2024\/04\/03\/fs-de-colina-inaugura-decoracao-especial-de-pascoa-de-colina\/"},"wordCount":288,"commentCount":0,"publisher":{"@id":"https:\/\/regiaonews.net.br\/2022\/#organization"},"image":{"@id":"https:\/\/regiaonews.net.br\/2022\/2024\/04\/03\/fs-de-colina-inaugura-decoracao-especial-de-pascoa-de-colina\/#primaryimage"},"thumbnailUrl":"https:\/\/regiaonews.net.br\/2022\/wp-content\/uploads\/2024\/04\/g_62_3_2_28032024100010.jpeg","articleSection":["Cidades","Colina"],"inLanguage":"pt-BR","potentialAction":[{"@type":"CommentAction","name":"Comment","target":["https:\/\/regiaonews.net.br\/2022\/2024\/04\/03\/fs-de-colina-inaugura-decoracao-especial-de-pascoa-de-colina\/#respond"]}]},{"@type":"WebPage","@id":"https:\/\/regiaonews.net.br\/2022\/2024\/04\/03\/fs-de-colina-inaugura-decoracao-especial-de-pascoa-de-colina\/","url":"https:\/\/regiaonews.net.br\/2022\/2024\/04\/03\/fs-de-colina-inaugura-decoracao-especial-de-pascoa-de-colina\/","name":"FS de Colina inaugura decora\u00e7\u00e3o especial de P\u00e1scoa de Colina - Regi\u00e3o News","isPartOf":{"@id":"https:\/\/regiaonews.net.br\/2022\/#website"},"primaryImageOfPage":{"@id":"https:\/\/regiaonews.net.br\/2022\/2024\/04\/03\/fs-de-colina-inaugura-decoracao-especial-de-pascoa-de-colina\/#primaryimage"},"image":{"@id":"https:\/\/regiaonews.net.br\/2022\/2024\/04\/03\/fs-de-colina-inaugura-decoracao-especial-de-pascoa-de-colina\/#primaryimage"},"thumbnailUrl":"https:\/\/regiaonews.net.br\/2022\/wp-content\/uploads\/2024\/04\/g_62_3_2_28032024100010.jpeg","datePublished":"2024-04-04T01:14:03+00:00","breadcrumb":{"@id":"https:\/\/regiaonews.net.br\/2022\/2024\/04\/03\/fs-de-colina-inaugura-decoracao-especial-de-pascoa-de-colina\/#breadcrumb"},"inLanguage":"pt-BR","potentialAction":[{"@type":"ReadAction","target":["https:\/\/regiaonews.net.br\/2022\/2024\/04\/03\/fs-de-colina-inaugura-decoracao-especial-de-pascoa-de-colina\/"]}]},{"@type":"ImageObject","inLanguage":"pt-BR","@id":"https:\/\/regiaonews.net.br\/2022\/2024\/04\/03\/fs-de-colina-inaugura-decoracao-especial-de-pascoa-de-colina\/#primaryimage","url":"https:\/\/regiaonews.net.br\/2022\/wp-content\/uploads\/2024\/04\/g_62_3_2_28032024100010.jpeg","contentUrl":"https:\/\/regiaonews.net.br\/2022\/wp-content\/uploads\/2024\/04\/g_62_3_2_28032024100010.jpeg","width":1600,"height":900},{"@type":"BreadcrumbList","@id":"https:\/\/regiaonews.net.br\/2022\/2024\/04\/03\/fs-de-colina-inaugura-decoracao-especial-de-pascoa-de-colina\/#breadcrumb","itemListElement":[{"@type":"ListItem","position":1,"name":"In\u00edcio","item":"https:\/\/regiaonews.net.br\/2022\/"},{"@type":"ListItem","position":2,"name":"FS de Colina inaugura decora\u00e7\u00e3o especial de P\u00e1scoa de Colina"}]},{"@type":"WebSite","@id":"https:\/\/regiaonews.net.br\/2022\/#website","url":"https:\/\/regiaonews.net.br\/2022\/","name":"Regi\u00e3o News","description":"Site de Not\u00edcias de Barretos e regi\u00e3o","publisher":{"@id":"https:\/\/regiaonews.net.br\/2022\/#organization"},"potentialAction":[{"@type":"SearchAction","target":{"@type":"EntryPoint","urlTemplate":"https:\/\/regiaonews.net.br\/2022\/?s={search_term_string}"},"query-input":{"@type":"PropertyValueSpecification","valueRequired":true,"valueName":"search_term_string"}}],"inLanguage":"pt-BR"},{"@type":"Organization","@id":"https:\/\/regiaonews.net.br\/2022\/#organization","name":"Regi\u00e3o News","url":"https:\/\/regiaonews.net.br\/2022\/","logo":{"@type":"ImageObject","inLanguage":"pt-BR","@id":"https:\/\/regiaonews.net.br\/2022\/#\/schema\/logo\/image\/","url":"https:\/\/regiaonews.net.br\/2022\/wp-content\/uploads\/2026\/03\/regiao-13-anos-scaled.jpg","contentUrl":"https:\/\/regiaonews.net.br\/2022\/wp-content\/uploads\/2026\/03\/regiao-13-anos-scaled.jpg","width":2560,"height":635,"caption":"Regi\u00e3o News"},"image":{"@id":"https:\/\/regiaonews.net.br\/2022\/#\/schema\/logo\/image\/"}},{"@type":"Person","@id":"https:\/\/regiaonews.net.br\/2022\/#\/schema\/person\/2d205a608a5aa97ac279d7a5e6d89ad8","name":"Roberto","image":{"@type":"ImageObject","inLanguage":"pt-BR","@id":"https:\/\/secure.gravatar.com\/avatar\/42749d8b712ff9d59ca93dc150494e5b55a44134482993f5baeb97e61b7ecc89?s=96&d=mm&r=g","url":"https:\/\/secure.gravatar.com\/avatar\/42749d8b712ff9d59ca93dc150494e5b55a44134482993f5baeb97e61b7ecc89?s=96&d=mm&r=g","contentUrl":"https:\/\/secure.gravatar.com\/avatar\/42749d8b712ff9d59ca93dc150494e5b55a44134482993f5baeb97e61b7ecc89?s=96&d=mm&r=g","caption":"Roberto"},"url":"https:\/\/regiaonews.net.br\/2022\/author\/roberto\/"}]}},"publishpress_future_action":{"enabled":false,"date":"2026-05-04 16:38:23","action":"change-status","newStatus":"draft","terms":[],"taxonomy":"category","extraData":[]},"publishpress_future_workflow_manual_trigger":{"enabledWorkflows":[]},"_links":{"self":[{"href":"https:\/\/regiaonews.net.br\/2022\/wp-json\/wp\/v2\/posts\/103210","targetHints":{"allow":["GET"]}}],"collection":[{"href":"https:\/\/regiaonews.net.br\/2022\/wp-json\/wp\/v2\/posts"}],"about":[{"href":"https:\/\/regiaonews.net.br\/2022\/wp-json\/wp\/v2\/types\/post"}],"author":[{"embeddable":true,"href":"https:\/\/regiaonews.net.br\/2022\/wp-json\/wp\/v2\/users\/2"}],"replies":[{"embeddable":true,"href":"https:\/\/regiaonews.net.br\/2022\/wp-json\/wp\/v2\/comments?post=103210"}],"version-history":[{"count":1,"href":"https:\/\/regiaonews.net.br\/2022\/wp-json\/wp\/v2\/posts\/103210\/revisions"}],"predecessor-version":[{"id":103212,"href":"https:\/\/regiaonews.net.br\/2022\/wp-json\/wp\/v2\/posts\/103210\/revisions\/103212"}],"wp:featuredmedia":[{"embeddable":true,"href":"https:\/\/regiaonews.net.br\/2022\/wp-json\/wp\/v2\/media\/103211"}],"wp:attachment":[{"href":"https:\/\/regiaonews.net.br\/2022\/wp-json\/wp\/v2\/media?parent=103210"}],"wp:term":[{"taxonomy":"category","embeddable":true,"href":"https:\/\/regiaonews.net.br\/2022\/wp-json\/wp\/v2\/categories?post=103210"},{"taxonomy":"post_tag","embeddable":true,"href":"https:\/\/regiaonews.net.br\/2022\/wp-json\/wp\/v2\/tags?post=103210"}],"curies":[{"name":"wp","href":"https:\/\/api.w.org\/{rel}","templated":true}]}}