{"id":103189,"date":"2024-04-03T17:49:47","date_gmt":"2024-04-03T20:49:47","guid":{"rendered":"https:\/\/regiaonews.net.br\/2022\/?p=103189"},"modified":"2024-04-03T17:49:47","modified_gmt":"2024-04-03T20:49:47","slug":"prefeitura-saaeb-camara-e-instituto-de-previdencia-disponibilizam-balancos-de-2023","status":"publish","type":"post","link":"https:\/\/regiaonews.net.br\/2022\/2024\/04\/03\/prefeitura-saaeb-camara-e-instituto-de-previdencia-disponibilizam-balancos-de-2023\/","title":{"rendered":"Prefeitura, SAAEB, C\u00e2mara e Instituto de Previd\u00eancia disponibilizam balan\u00e7os de 2023"},"content":{"rendered":"<h3 class=\"mb-4\" style=\"text-align: center;\">Lei Org\u00e2nica exige que todos os dados estejam dispon\u00edveis para an\u00e1lise dos cidad\u00e3os no site da C\u00e2mara<\/h3>\n<p>Em cumprimenro ao\u00a0<a href=\"https:\/\/camarabarretos.sp.gov.br\/arquivos\/lei_organica_do_municipio.pdf\" target=\"_blank\" rel=\"noopener\">Art. 49 da Lei Org\u00e2nica<\/a>\u00a0do Munic\u00edpio da Est\u00e2ncia Tur\u00edstica de Barretos, desde o dia\u00a0<strong>27 de mar\u00e7o<\/strong>\u00a0o\u00a0<strong>Balan\u00e7o Anual da Prefeitura, do SAAEB (Servi\u00e7o Aut\u00f4nomo de \u00c1gua e Esgoto de Barretos),\u00a0do IPMB (Instituto de Previd\u00eancia do Munic\u00edpio de Barretos) e da C\u00e2mara<\/strong>\u00a0est\u00e3o dispon\u00edveis para consulta e an\u00e1lise de todos os cidad\u00e3os.<\/p>\n<p>Conforme recomenda\u00e7\u00e3o do Tribunal de Contas do Estado de S\u00e3o Paulo e em cumprimento \u00e0 Lei de Responsabilidade Fiscal, os dados\u00a0est\u00e3o dispon\u00edveis no menu\u00a0<strong>PORTAL DA TRANSPAR\u00caNCIA\u00a0<\/strong>e, em seguida,\u00a0<strong>MENU<\/strong>\u00a0e, por fim,\u00a0<strong>BALAN\u00c7O ANUAL.<\/strong><\/p>\n<p>A Lei Org\u00e2nica exige que os balan\u00e7os fiquem dispon\u00edveis\u00a0aos cidad\u00e3os durante 60(sessenta) dias, a partir de 30(trinta) de mar\u00e7o de cada exerc\u00edcio, no hor\u00e1rio de funcionamento da C\u00e2mara, em local de f\u00e1cil acesso ao p\u00fablico.\u00a0<strong>Por\u00e9m, desde 2021,\u00a0 os dados est\u00e3o dispon\u00edveis de forma permanente no site oficial do Legislativo.<\/strong><\/p>\n<div id=\"gallery-photo\" class=\"mt-5\">\n<div class=\"row row-cols-1 row-cols-md-3 row-cols-lg-6 g-2\">\n<div class=\"col\">\n<div class=\"card position-relative h-100 border-0 dropshadow-light\"><\/div>\n<\/div>\n<\/div>\n<\/div>\n<div class=\"news-btn d-flex justify-content-between mb-5 py-2 px-3 rounded\">\n<div class=\"share\">\n<div class=\"a2a_kit a2a_kit_size_32 a2a_default_style\"><\/div>\n<\/div>\n<\/div>\n","protected":false},"excerpt":{"rendered":"<p>Lei Org\u00e2nica exige que todos os dados estejam dispon\u00edveis para<\/p>\n","protected":false},"author":2,"featured_media":103190,"comment_status":"open","ping_status":"open","sticky":false,"template":"","format":"standard","meta":{"footnotes":""},"categories":[14,3],"tags":[],"class_list":["post-103189","post","type-post","status-publish","format-standard","has-post-thumbnail","hentry","category-barretos","category-geral"],"yoast_head":"<!-- This site is optimized with the Yoast SEO plugin v27.4 - https:\/\/yoast.com\/product\/yoast-seo-wordpress\/ -->\n<title>Prefeitura, SAAEB, C\u00e2mara e Instituto de Previd\u00eancia disponibilizam balan\u00e7os de 2023 - Regi\u00e3o News<\/title>\n<meta name=\"robots\" content=\"index, follow, max-snippet:-1, max-image-preview:large, max-video-preview:-1\" \/>\n<link rel=\"canonical\" href=\"https:\/\/regiaonews.net.br\/2022\/2024\/04\/03\/prefeitura-saaeb-camara-e-instituto-de-previdencia-disponibilizam-balancos-de-2023\/\" \/>\n<meta property=\"og:locale\" content=\"pt_BR\" \/>\n<meta property=\"og:type\" content=\"article\" \/>\n<meta property=\"og:title\" content=\"Prefeitura, SAAEB, C\u00e2mara e Instituto de Previd\u00eancia disponibilizam balan\u00e7os de 2023 - Regi\u00e3o News\" \/>\n<meta property=\"og:description\" content=\"Lei Org\u00e2nica exige que todos os dados estejam dispon\u00edveis para\" \/>\n<meta property=\"og:url\" content=\"https:\/\/regiaonews.net.br\/2022\/2024\/04\/03\/prefeitura-saaeb-camara-e-instituto-de-previdencia-disponibilizam-balancos-de-2023\/\" \/>\n<meta property=\"og:site_name\" content=\"Regi\u00e3o News\" \/>\n<meta property=\"article:published_time\" content=\"2024-04-03T20:49:47+00:00\" \/>\n<meta property=\"og:image\" content=\"https:\/\/regiaonews.net.br\/2022\/wp-content\/uploads\/2024\/04\/alta_171085695965f99aff3dac1.jpg\" \/>\n\t<meta property=\"og:image:width\" content=\"1920\" \/>\n\t<meta property=\"og:image:height\" content=\"1080\" \/>\n\t<meta property=\"og:image:type\" content=\"image\/jpeg\" \/>\n<meta name=\"author\" content=\"Roberto\" \/>\n<meta name=\"twitter:card\" content=\"summary_large_image\" \/>\n<meta name=\"twitter:label1\" content=\"Escrito por\" \/>\n\t<meta name=\"twitter:data1\" content=\"Roberto\" \/>\n\t<meta name=\"twitter:label2\" content=\"Est. tempo de leitura\" \/>\n\t<meta name=\"twitter:data2\" content=\"1 minuto\" \/>\n<script type=\"application\/ld+json\" class=\"yoast-schema-graph\">{\"@context\":\"https:\\\/\\\/schema.org\",\"@graph\":[{\"@type\":\"Article\",\"@id\":\"https:\\\/\\\/regiaonews.net.br\\\/2022\\\/2024\\\/04\\\/03\\\/prefeitura-saaeb-camara-e-instituto-de-previdencia-disponibilizam-balancos-de-2023\\\/#article\",\"isPartOf\":{\"@id\":\"https:\\\/\\\/regiaonews.net.br\\\/2022\\\/2024\\\/04\\\/03\\\/prefeitura-saaeb-camara-e-instituto-de-previdencia-disponibilizam-balancos-de-2023\\\/\"},\"author\":{\"name\":\"Roberto\",\"@id\":\"https:\\\/\\\/regiaonews.net.br\\\/2022\\\/#\\\/schema\\\/person\\\/2d205a608a5aa97ac279d7a5e6d89ad8\"},\"headline\":\"Prefeitura, SAAEB, C\u00e2mara e Instituto de Previd\u00eancia disponibilizam balan\u00e7os de 2023\",\"datePublished\":\"2024-04-03T20:49:47+00:00\",\"mainEntityOfPage\":{\"@id\":\"https:\\\/\\\/regiaonews.net.br\\\/2022\\\/2024\\\/04\\\/03\\\/prefeitura-saaeb-camara-e-instituto-de-previdencia-disponibilizam-balancos-de-2023\\\/\"},\"wordCount\":211,\"commentCount\":0,\"publisher\":{\"@id\":\"https:\\\/\\\/regiaonews.net.br\\\/2022\\\/#organization\"},\"image\":{\"@id\":\"https:\\\/\\\/regiaonews.net.br\\\/2022\\\/2024\\\/04\\\/03\\\/prefeitura-saaeb-camara-e-instituto-de-previdencia-disponibilizam-balancos-de-2023\\\/#primaryimage\"},\"thumbnailUrl\":\"https:\\\/\\\/regiaonews.net.br\\\/2022\\\/wp-content\\\/uploads\\\/2024\\\/04\\\/alta_171085695965f99aff3dac1.jpg\",\"articleSection\":[\"Barretos\",\"Geral\"],\"inLanguage\":\"pt-BR\",\"potentialAction\":[{\"@type\":\"CommentAction\",\"name\":\"Comment\",\"target\":[\"https:\\\/\\\/regiaonews.net.br\\\/2022\\\/2024\\\/04\\\/03\\\/prefeitura-saaeb-camara-e-instituto-de-previdencia-disponibilizam-balancos-de-2023\\\/#respond\"]}]},{\"@type\":\"WebPage\",\"@id\":\"https:\\\/\\\/regiaonews.net.br\\\/2022\\\/2024\\\/04\\\/03\\\/prefeitura-saaeb-camara-e-instituto-de-previdencia-disponibilizam-balancos-de-2023\\\/\",\"url\":\"https:\\\/\\\/regiaonews.net.br\\\/2022\\\/2024\\\/04\\\/03\\\/prefeitura-saaeb-camara-e-instituto-de-previdencia-disponibilizam-balancos-de-2023\\\/\",\"name\":\"Prefeitura, SAAEB, C\u00e2mara e Instituto de Previd\u00eancia disponibilizam balan\u00e7os de 2023 - Regi\u00e3o News\",\"isPartOf\":{\"@id\":\"https:\\\/\\\/regiaonews.net.br\\\/2022\\\/#website\"},\"primaryImageOfPage\":{\"@id\":\"https:\\\/\\\/regiaonews.net.br\\\/2022\\\/2024\\\/04\\\/03\\\/prefeitura-saaeb-camara-e-instituto-de-previdencia-disponibilizam-balancos-de-2023\\\/#primaryimage\"},\"image\":{\"@id\":\"https:\\\/\\\/regiaonews.net.br\\\/2022\\\/2024\\\/04\\\/03\\\/prefeitura-saaeb-camara-e-instituto-de-previdencia-disponibilizam-balancos-de-2023\\\/#primaryimage\"},\"thumbnailUrl\":\"https:\\\/\\\/regiaonews.net.br\\\/2022\\\/wp-content\\\/uploads\\\/2024\\\/04\\\/alta_171085695965f99aff3dac1.jpg\",\"datePublished\":\"2024-04-03T20:49:47+00:00\",\"breadcrumb\":{\"@id\":\"https:\\\/\\\/regiaonews.net.br\\\/2022\\\/2024\\\/04\\\/03\\\/prefeitura-saaeb-camara-e-instituto-de-previdencia-disponibilizam-balancos-de-2023\\\/#breadcrumb\"},\"inLanguage\":\"pt-BR\",\"potentialAction\":[{\"@type\":\"ReadAction\",\"target\":[\"https:\\\/\\\/regiaonews.net.br\\\/2022\\\/2024\\\/04\\\/03\\\/prefeitura-saaeb-camara-e-instituto-de-previdencia-disponibilizam-balancos-de-2023\\\/\"]}]},{\"@type\":\"ImageObject\",\"inLanguage\":\"pt-BR\",\"@id\":\"https:\\\/\\\/regiaonews.net.br\\\/2022\\\/2024\\\/04\\\/03\\\/prefeitura-saaeb-camara-e-instituto-de-previdencia-disponibilizam-balancos-de-2023\\\/#primaryimage\",\"url\":\"https:\\\/\\\/regiaonews.net.br\\\/2022\\\/wp-content\\\/uploads\\\/2024\\\/04\\\/alta_171085695965f99aff3dac1.jpg\",\"contentUrl\":\"https:\\\/\\\/regiaonews.net.br\\\/2022\\\/wp-content\\\/uploads\\\/2024\\\/04\\\/alta_171085695965f99aff3dac1.jpg\",\"width\":1920,\"height\":1080},{\"@type\":\"BreadcrumbList\",\"@id\":\"https:\\\/\\\/regiaonews.net.br\\\/2022\\\/2024\\\/04\\\/03\\\/prefeitura-saaeb-camara-e-instituto-de-previdencia-disponibilizam-balancos-de-2023\\\/#breadcrumb\",\"itemListElement\":[{\"@type\":\"ListItem\",\"position\":1,\"name\":\"In\u00edcio\",\"item\":\"https:\\\/\\\/regiaonews.net.br\\\/2022\\\/\"},{\"@type\":\"ListItem\",\"position\":2,\"name\":\"Prefeitura, SAAEB, C\u00e2mara e Instituto de Previd\u00eancia disponibilizam balan\u00e7os de 2023\"}]},{\"@type\":\"WebSite\",\"@id\":\"https:\\\/\\\/regiaonews.net.br\\\/2022\\\/#website\",\"url\":\"https:\\\/\\\/regiaonews.net.br\\\/2022\\\/\",\"name\":\"Regi\u00e3o News\",\"description\":\"Site de Not\u00edcias de Barretos e regi\u00e3o\",\"publisher\":{\"@id\":\"https:\\\/\\\/regiaonews.net.br\\\/2022\\\/#organization\"},\"potentialAction\":[{\"@type\":\"SearchAction\",\"target\":{\"@type\":\"EntryPoint\",\"urlTemplate\":\"https:\\\/\\\/regiaonews.net.br\\\/2022\\\/?s={search_term_string}\"},\"query-input\":{\"@type\":\"PropertyValueSpecification\",\"valueRequired\":true,\"valueName\":\"search_term_string\"}}],\"inLanguage\":\"pt-BR\"},{\"@type\":\"Organization\",\"@id\":\"https:\\\/\\\/regiaonews.net.br\\\/2022\\\/#organization\",\"name\":\"Regi\u00e3o News\",\"url\":\"https:\\\/\\\/regiaonews.net.br\\\/2022\\\/\",\"logo\":{\"@type\":\"ImageObject\",\"inLanguage\":\"pt-BR\",\"@id\":\"https:\\\/\\\/regiaonews.net.br\\\/2022\\\/#\\\/schema\\\/logo\\\/image\\\/\",\"url\":\"https:\\\/\\\/regiaonews.net.br\\\/2022\\\/wp-content\\\/uploads\\\/2026\\\/03\\\/regiao-13-anos-scaled.jpg\",\"contentUrl\":\"https:\\\/\\\/regiaonews.net.br\\\/2022\\\/wp-content\\\/uploads\\\/2026\\\/03\\\/regiao-13-anos-scaled.jpg\",\"width\":2560,\"height\":635,\"caption\":\"Regi\u00e3o News\"},\"image\":{\"@id\":\"https:\\\/\\\/regiaonews.net.br\\\/2022\\\/#\\\/schema\\\/logo\\\/image\\\/\"}},{\"@type\":\"Person\",\"@id\":\"https:\\\/\\\/regiaonews.net.br\\\/2022\\\/#\\\/schema\\\/person\\\/2d205a608a5aa97ac279d7a5e6d89ad8\",\"name\":\"Roberto\",\"image\":{\"@type\":\"ImageObject\",\"inLanguage\":\"pt-BR\",\"@id\":\"https:\\\/\\\/secure.gravatar.com\\\/avatar\\\/42749d8b712ff9d59ca93dc150494e5b55a44134482993f5baeb97e61b7ecc89?s=96&d=mm&r=g\",\"url\":\"https:\\\/\\\/secure.gravatar.com\\\/avatar\\\/42749d8b712ff9d59ca93dc150494e5b55a44134482993f5baeb97e61b7ecc89?s=96&d=mm&r=g\",\"contentUrl\":\"https:\\\/\\\/secure.gravatar.com\\\/avatar\\\/42749d8b712ff9d59ca93dc150494e5b55a44134482993f5baeb97e61b7ecc89?s=96&d=mm&r=g\",\"caption\":\"Roberto\"},\"url\":\"https:\\\/\\\/regiaonews.net.br\\\/2022\\\/author\\\/roberto\\\/\"}]}<\/script>\n<!-- \/ Yoast SEO plugin. -->","yoast_head_json":{"title":"Prefeitura, SAAEB, C\u00e2mara e Instituto de Previd\u00eancia disponibilizam balan\u00e7os de 2023 - Regi\u00e3o News","robots":{"index":"index","follow":"follow","max-snippet":"max-snippet:-1","max-image-preview":"max-image-preview:large","max-video-preview":"max-video-preview:-1"},"canonical":"https:\/\/regiaonews.net.br\/2022\/2024\/04\/03\/prefeitura-saaeb-camara-e-instituto-de-previdencia-disponibilizam-balancos-de-2023\/","og_locale":"pt_BR","og_type":"article","og_title":"Prefeitura, SAAEB, C\u00e2mara e Instituto de Previd\u00eancia disponibilizam balan\u00e7os de 2023 - Regi\u00e3o News","og_description":"Lei Org\u00e2nica exige que todos os dados estejam dispon\u00edveis para","og_url":"https:\/\/regiaonews.net.br\/2022\/2024\/04\/03\/prefeitura-saaeb-camara-e-instituto-de-previdencia-disponibilizam-balancos-de-2023\/","og_site_name":"Regi\u00e3o News","article_published_time":"2024-04-03T20:49:47+00:00","og_image":[{"width":1920,"height":1080,"url":"https:\/\/regiaonews.net.br\/2022\/wp-content\/uploads\/2024\/04\/alta_171085695965f99aff3dac1.jpg","type":"image\/jpeg"}],"author":"Roberto","twitter_card":"summary_large_image","twitter_misc":{"Escrito por":"Roberto","Est. tempo de leitura":"1 minuto"},"schema":{"@context":"https:\/\/schema.org","@graph":[{"@type":"Article","@id":"https:\/\/regiaonews.net.br\/2022\/2024\/04\/03\/prefeitura-saaeb-camara-e-instituto-de-previdencia-disponibilizam-balancos-de-2023\/#article","isPartOf":{"@id":"https:\/\/regiaonews.net.br\/2022\/2024\/04\/03\/prefeitura-saaeb-camara-e-instituto-de-previdencia-disponibilizam-balancos-de-2023\/"},"author":{"name":"Roberto","@id":"https:\/\/regiaonews.net.br\/2022\/#\/schema\/person\/2d205a608a5aa97ac279d7a5e6d89ad8"},"headline":"Prefeitura, SAAEB, C\u00e2mara e Instituto de Previd\u00eancia disponibilizam balan\u00e7os de 2023","datePublished":"2024-04-03T20:49:47+00:00","mainEntityOfPage":{"@id":"https:\/\/regiaonews.net.br\/2022\/2024\/04\/03\/prefeitura-saaeb-camara-e-instituto-de-previdencia-disponibilizam-balancos-de-2023\/"},"wordCount":211,"commentCount":0,"publisher":{"@id":"https:\/\/regiaonews.net.br\/2022\/#organization"},"image":{"@id":"https:\/\/regiaonews.net.br\/2022\/2024\/04\/03\/prefeitura-saaeb-camara-e-instituto-de-previdencia-disponibilizam-balancos-de-2023\/#primaryimage"},"thumbnailUrl":"https:\/\/regiaonews.net.br\/2022\/wp-content\/uploads\/2024\/04\/alta_171085695965f99aff3dac1.jpg","articleSection":["Barretos","Geral"],"inLanguage":"pt-BR","potentialAction":[{"@type":"CommentAction","name":"Comment","target":["https:\/\/regiaonews.net.br\/2022\/2024\/04\/03\/prefeitura-saaeb-camara-e-instituto-de-previdencia-disponibilizam-balancos-de-2023\/#respond"]}]},{"@type":"WebPage","@id":"https:\/\/regiaonews.net.br\/2022\/2024\/04\/03\/prefeitura-saaeb-camara-e-instituto-de-previdencia-disponibilizam-balancos-de-2023\/","url":"https:\/\/regiaonews.net.br\/2022\/2024\/04\/03\/prefeitura-saaeb-camara-e-instituto-de-previdencia-disponibilizam-balancos-de-2023\/","name":"Prefeitura, SAAEB, C\u00e2mara e Instituto de Previd\u00eancia disponibilizam balan\u00e7os de 2023 - Regi\u00e3o News","isPartOf":{"@id":"https:\/\/regiaonews.net.br\/2022\/#website"},"primaryImageOfPage":{"@id":"https:\/\/regiaonews.net.br\/2022\/2024\/04\/03\/prefeitura-saaeb-camara-e-instituto-de-previdencia-disponibilizam-balancos-de-2023\/#primaryimage"},"image":{"@id":"https:\/\/regiaonews.net.br\/2022\/2024\/04\/03\/prefeitura-saaeb-camara-e-instituto-de-previdencia-disponibilizam-balancos-de-2023\/#primaryimage"},"thumbnailUrl":"https:\/\/regiaonews.net.br\/2022\/wp-content\/uploads\/2024\/04\/alta_171085695965f99aff3dac1.jpg","datePublished":"2024-04-03T20:49:47+00:00","breadcrumb":{"@id":"https:\/\/regiaonews.net.br\/2022\/2024\/04\/03\/prefeitura-saaeb-camara-e-instituto-de-previdencia-disponibilizam-balancos-de-2023\/#breadcrumb"},"inLanguage":"pt-BR","potentialAction":[{"@type":"ReadAction","target":["https:\/\/regiaonews.net.br\/2022\/2024\/04\/03\/prefeitura-saaeb-camara-e-instituto-de-previdencia-disponibilizam-balancos-de-2023\/"]}]},{"@type":"ImageObject","inLanguage":"pt-BR","@id":"https:\/\/regiaonews.net.br\/2022\/2024\/04\/03\/prefeitura-saaeb-camara-e-instituto-de-previdencia-disponibilizam-balancos-de-2023\/#primaryimage","url":"https:\/\/regiaonews.net.br\/2022\/wp-content\/uploads\/2024\/04\/alta_171085695965f99aff3dac1.jpg","contentUrl":"https:\/\/regiaonews.net.br\/2022\/wp-content\/uploads\/2024\/04\/alta_171085695965f99aff3dac1.jpg","width":1920,"height":1080},{"@type":"BreadcrumbList","@id":"https:\/\/regiaonews.net.br\/2022\/2024\/04\/03\/prefeitura-saaeb-camara-e-instituto-de-previdencia-disponibilizam-balancos-de-2023\/#breadcrumb","itemListElement":[{"@type":"ListItem","position":1,"name":"In\u00edcio","item":"https:\/\/regiaonews.net.br\/2022\/"},{"@type":"ListItem","position":2,"name":"Prefeitura, SAAEB, C\u00e2mara e Instituto de Previd\u00eancia disponibilizam balan\u00e7os de 2023"}]},{"@type":"WebSite","@id":"https:\/\/regiaonews.net.br\/2022\/#website","url":"https:\/\/regiaonews.net.br\/2022\/","name":"Regi\u00e3o News","description":"Site de Not\u00edcias de Barretos e regi\u00e3o","publisher":{"@id":"https:\/\/regiaonews.net.br\/2022\/#organization"},"potentialAction":[{"@type":"SearchAction","target":{"@type":"EntryPoint","urlTemplate":"https:\/\/regiaonews.net.br\/2022\/?s={search_term_string}"},"query-input":{"@type":"PropertyValueSpecification","valueRequired":true,"valueName":"search_term_string"}}],"inLanguage":"pt-BR"},{"@type":"Organization","@id":"https:\/\/regiaonews.net.br\/2022\/#organization","name":"Regi\u00e3o News","url":"https:\/\/regiaonews.net.br\/2022\/","logo":{"@type":"ImageObject","inLanguage":"pt-BR","@id":"https:\/\/regiaonews.net.br\/2022\/#\/schema\/logo\/image\/","url":"https:\/\/regiaonews.net.br\/2022\/wp-content\/uploads\/2026\/03\/regiao-13-anos-scaled.jpg","contentUrl":"https:\/\/regiaonews.net.br\/2022\/wp-content\/uploads\/2026\/03\/regiao-13-anos-scaled.jpg","width":2560,"height":635,"caption":"Regi\u00e3o News"},"image":{"@id":"https:\/\/regiaonews.net.br\/2022\/#\/schema\/logo\/image\/"}},{"@type":"Person","@id":"https:\/\/regiaonews.net.br\/2022\/#\/schema\/person\/2d205a608a5aa97ac279d7a5e6d89ad8","name":"Roberto","image":{"@type":"ImageObject","inLanguage":"pt-BR","@id":"https:\/\/secure.gravatar.com\/avatar\/42749d8b712ff9d59ca93dc150494e5b55a44134482993f5baeb97e61b7ecc89?s=96&d=mm&r=g","url":"https:\/\/secure.gravatar.com\/avatar\/42749d8b712ff9d59ca93dc150494e5b55a44134482993f5baeb97e61b7ecc89?s=96&d=mm&r=g","contentUrl":"https:\/\/secure.gravatar.com\/avatar\/42749d8b712ff9d59ca93dc150494e5b55a44134482993f5baeb97e61b7ecc89?s=96&d=mm&r=g","caption":"Roberto"},"url":"https:\/\/regiaonews.net.br\/2022\/author\/roberto\/"}]}},"publishpress_future_action":{"enabled":false,"date":"2026-05-04 09:23:07","action":"change-status","newStatus":"draft","terms":[],"taxonomy":"category","extraData":[]},"publishpress_future_workflow_manual_trigger":{"enabledWorkflows":[]},"_links":{"self":[{"href":"https:\/\/regiaonews.net.br\/2022\/wp-json\/wp\/v2\/posts\/103189","targetHints":{"allow":["GET"]}}],"collection":[{"href":"https:\/\/regiaonews.net.br\/2022\/wp-json\/wp\/v2\/posts"}],"about":[{"href":"https:\/\/regiaonews.net.br\/2022\/wp-json\/wp\/v2\/types\/post"}],"author":[{"embeddable":true,"href":"https:\/\/regiaonews.net.br\/2022\/wp-json\/wp\/v2\/users\/2"}],"replies":[{"embeddable":true,"href":"https:\/\/regiaonews.net.br\/2022\/wp-json\/wp\/v2\/comments?post=103189"}],"version-history":[{"count":1,"href":"https:\/\/regiaonews.net.br\/2022\/wp-json\/wp\/v2\/posts\/103189\/revisions"}],"predecessor-version":[{"id":103191,"href":"https:\/\/regiaonews.net.br\/2022\/wp-json\/wp\/v2\/posts\/103189\/revisions\/103191"}],"wp:featuredmedia":[{"embeddable":true,"href":"https:\/\/regiaonews.net.br\/2022\/wp-json\/wp\/v2\/media\/103190"}],"wp:attachment":[{"href":"https:\/\/regiaonews.net.br\/2022\/wp-json\/wp\/v2\/media?parent=103189"}],"wp:term":[{"taxonomy":"category","embeddable":true,"href":"https:\/\/regiaonews.net.br\/2022\/wp-json\/wp\/v2\/categories?post=103189"},{"taxonomy":"post_tag","embeddable":true,"href":"https:\/\/regiaonews.net.br\/2022\/wp-json\/wp\/v2\/tags?post=103189"}],"curies":[{"name":"wp","href":"https:\/\/api.w.org\/{rel}","templated":true}]}}