{"id":103186,"date":"2024-04-03T17:48:58","date_gmt":"2024-04-03T20:48:58","guid":{"rendered":"https:\/\/regiaonews.net.br\/2022\/?p=103186"},"modified":"2024-04-03T17:48:58","modified_gmt":"2024-04-03T20:48:58","slug":"confira-os-resultados-da-sessao-ordinaria-realizada-na-segunda-feira-1o-de-abril","status":"publish","type":"post","link":"https:\/\/regiaonews.net.br\/2022\/2024\/04\/03\/confira-os-resultados-da-sessao-ordinaria-realizada-na-segunda-feira-1o-de-abril\/","title":{"rendered":"Confira os resultados da Sess\u00e3o Ordin\u00e1ria realizada na segunda-feira, 1\u00ba de abril"},"content":{"rendered":"<h3 class=\"mb-4\" style=\"text-align: center;\">Onze (11) mat\u00e9rias foram discutidas e votadas pelos vereadores<\/h3>\n<p>A\u00a0C\u00e2mara de Barretos realizou nesta segunda-feira\u00a0<strong>(1\u00ba\/abril),\u00a0<\/strong><strong>\u00a0<\/strong>a\u00a0<strong>9\u00aa Sess\u00e3o Ordin\u00e1ria de 2024.<\/strong><strong>\u00a0<\/strong>\u00a0Ao todo,\u00a0 11<strong>\u00a0 mat\u00e9rias\u00a0<\/strong>foram\u00a0discutidas e votadas\u00a0pelos vereadores:\u00a0<b>03<\/b>\u00a0<strong>Projetos de Lei,\u00a0 01 Parecer da Comiss\u00e3o de Justi\u00e7a e Reda\u00e7\u00e3o,\u00a0\u00a001 Veto, 01 Projeto de Resolu\u00e7\u00e3o,\u00a003 Balan\u00e7os Gerais e 02\u00a0Balancetes.<\/strong><\/p>\n<p><strong>Os vereadores tamb\u00e9m apresentaram 59 Requerimentos e 03 Indica\u00e7\u00f5es para a Sess\u00e3o.<\/strong><\/p>\n<p>De forma resumida,<\/p>\n<p dir=\"ltr\" role=\"presentation\"><strong>Os assuntos APROVADOS foram:<\/strong><\/p>\n<ul>\n<li dir=\"ltr\" aria-level=\"1\">\n<p dir=\"ltr\" role=\"presentation\">Veto Total ao Projeto de Lei Complementar que obriga o comprador ou recebedor de im\u00f3vel a registrar a aquisi\u00e7\u00e3o junto ao Cadastro Imobili\u00e1rio do Munic\u00edpio.<\/p>\n<\/li>\n<li dir=\"ltr\" aria-level=\"1\">\n<p dir=\"ltr\" role=\"presentation\">Parecer da Comiss\u00e3o de Justi\u00e7a e Reda\u00e7\u00e3o pela Inconstitucionalidade e Ilegalidade em Projeto de Lei que disp\u00f5e sobre a instala\u00e7\u00e3o de v\u00e1lvula de reten\u00e7\u00e3o na rede de esgoto do Munic\u00edpio. Com isso, o Projeto ser\u00e1 ARQUIVADO..<\/p>\n<\/li>\n<li dir=\"ltr\" aria-level=\"1\">\n<p dir=\"ltr\" role=\"presentation\">Institui a &#8220;Virada Evang\u00e9lica&#8221; em Barretos, a ser realizada anualmente no \u00faltimo s\u00e1bado e no \u00faltimo domingo do m\u00eas de maio;<\/p>\n<\/li>\n<li dir=\"ltr\" aria-level=\"1\">\n<p dir=\"ltr\" role=\"presentation\">D\u00e1 nome de &#8220;Ot\u00e1vio Ramos&#8221; \u00e0 Travessa localizada entre as Avenidas &#8220;Amador Alves de Queiroz&#8221; e &#8220;Ant\u00f4nio Man\u00e7o Bernardes&#8221; e entre as Ruas &#8220;02&#8221; e &#8220;Mahamud Mustapha Issa&#8221; , no\u00a0 bairro Gomes;<\/p>\n<\/li>\n<li dir=\"ltr\" aria-level=\"1\">\n<p dir=\"ltr\" role=\"presentation\">Balan\u00e7o Geral do SAAEB (Servi\u00e7o Aut\u00f4nomo de \u00c1gua e Esgoto) relativo ao ano de 2023;<\/p>\n<\/li>\n<li dir=\"ltr\" aria-level=\"1\">\n<p dir=\"ltr\" role=\"presentation\">Balan\u00e7o Geral da Prefeitura relativo ao ano de 2023;<\/p>\n<\/li>\n<li dir=\"ltr\" aria-level=\"1\">\n<p dir=\"ltr\" role=\"presentation\">Balancete do IPMB &#8211; Instituto de Previd\u00eancia do Munic\u00edpio de Barretos referente a dezembro de 2023;<\/p>\n<\/li>\n<li dir=\"ltr\" aria-level=\"1\">\n<p dir=\"ltr\" role=\"presentation\">Adequa\u00e7\u00e3o na Resolu\u00e7\u00e3o do Aux\u00edlio Alimenta\u00e7\u00e3o aos servidores do Legislativo;<\/p>\n<\/li>\n<li dir=\"ltr\" aria-level=\"1\">\n<p dir=\"ltr\" role=\"presentation\">Balancete do SAAEB (Servi\u00e7o Aut\u00f4nomo de \u00c1gua e Esgoto) relativo ao m\u00eas de fevereiro de 2024;<\/p>\n<\/li>\n<li dir=\"ltr\" aria-level=\"1\">\n<p dir=\"ltr\" role=\"presentation\">Balan\u00e7o Geral do IPMB &#8211; Instituto de Previd\u00eancia do Munic\u00edpio de Barretos do ano 2023;<\/p>\n<\/li>\n<\/ul>\n<p>&nbsp;<\/p>\n<p dir=\"ltr\"><strong>O assunto RETIRADO\u00a0 foi:<\/strong><\/p>\n<ul>\n<li dir=\"ltr\" aria-level=\"1\">\n<p dir=\"ltr\" role=\"presentation\">D\u00e1 nome de &#8220;Jos\u00e9 Ant\u00f4nio Merenda&#8221; ao Audit\u00f3rio do CEMART &#8211; Centro Municipal de Artes &#8220;Bezerra de Menezes&#8221;;<\/p>\n<\/li>\n<\/ul>\n<div class=\"news-btn d-flex justify-content-between mb-5 py-2 px-3 rounded\">\n<div class=\"share\">\n<div class=\"a2a_kit a2a_kit_size_32 a2a_default_style\"><\/div>\n<\/div>\n<\/div>\n","protected":false},"excerpt":{"rendered":"<p>Onze (11) mat\u00e9rias foram discutidas e votadas pelos vereadores A\u00a0C\u00e2mara<\/p>\n","protected":false},"author":2,"featured_media":103187,"comment_status":"open","ping_status":"open","sticky":false,"template":"","format":"standard","meta":{"footnotes":""},"categories":[14,22],"tags":[],"class_list":["post-103186","post","type-post","status-publish","format-standard","has-post-thumbnail","hentry","category-barretos","category-politica"],"yoast_head":"<!-- This site is optimized with the Yoast SEO plugin v27.4 - https:\/\/yoast.com\/product\/yoast-seo-wordpress\/ -->\n<title>Confira os resultados da Sess\u00e3o Ordin\u00e1ria realizada na segunda-feira, 1\u00ba de abril - Regi\u00e3o News<\/title>\n<meta name=\"robots\" content=\"index, follow, max-snippet:-1, max-image-preview:large, max-video-preview:-1\" \/>\n<link rel=\"canonical\" href=\"https:\/\/regiaonews.net.br\/2022\/2024\/04\/03\/confira-os-resultados-da-sessao-ordinaria-realizada-na-segunda-feira-1o-de-abril\/\" \/>\n<meta property=\"og:locale\" content=\"pt_BR\" \/>\n<meta property=\"og:type\" content=\"article\" \/>\n<meta property=\"og:title\" content=\"Confira os resultados da Sess\u00e3o Ordin\u00e1ria realizada na segunda-feira, 1\u00ba de abril - Regi\u00e3o News\" \/>\n<meta property=\"og:description\" content=\"Onze (11) mat\u00e9rias foram discutidas e votadas pelos vereadores A\u00a0C\u00e2mara\" \/>\n<meta property=\"og:url\" content=\"https:\/\/regiaonews.net.br\/2022\/2024\/04\/03\/confira-os-resultados-da-sessao-ordinaria-realizada-na-segunda-feira-1o-de-abril\/\" \/>\n<meta property=\"og:site_name\" content=\"Regi\u00e3o News\" \/>\n<meta property=\"article:published_time\" content=\"2024-04-03T20:48:58+00:00\" \/>\n<meta property=\"og:image\" content=\"https:\/\/regiaonews.net.br\/2022\/wp-content\/uploads\/2024\/04\/alta_1712023169660b6681bb483.jpg\" \/>\n\t<meta property=\"og:image:width\" content=\"1280\" \/>\n\t<meta property=\"og:image:height\" content=\"720\" \/>\n\t<meta property=\"og:image:type\" content=\"image\/jpeg\" \/>\n<meta name=\"author\" content=\"Roberto\" \/>\n<meta name=\"twitter:card\" content=\"summary_large_image\" \/>\n<meta name=\"twitter:label1\" content=\"Escrito por\" \/>\n\t<meta name=\"twitter:data1\" content=\"Roberto\" \/>\n\t<meta name=\"twitter:label2\" content=\"Est. tempo de leitura\" \/>\n\t<meta name=\"twitter:data2\" content=\"2 minutos\" \/>\n<script type=\"application\/ld+json\" class=\"yoast-schema-graph\">{\"@context\":\"https:\\\/\\\/schema.org\",\"@graph\":[{\"@type\":\"Article\",\"@id\":\"https:\\\/\\\/regiaonews.net.br\\\/2022\\\/2024\\\/04\\\/03\\\/confira-os-resultados-da-sessao-ordinaria-realizada-na-segunda-feira-1o-de-abril\\\/#article\",\"isPartOf\":{\"@id\":\"https:\\\/\\\/regiaonews.net.br\\\/2022\\\/2024\\\/04\\\/03\\\/confira-os-resultados-da-sessao-ordinaria-realizada-na-segunda-feira-1o-de-abril\\\/\"},\"author\":{\"name\":\"Roberto\",\"@id\":\"https:\\\/\\\/regiaonews.net.br\\\/2022\\\/#\\\/schema\\\/person\\\/2d205a608a5aa97ac279d7a5e6d89ad8\"},\"headline\":\"Confira os resultados da Sess\u00e3o Ordin\u00e1ria realizada na segunda-feira, 1\u00ba de abril\",\"datePublished\":\"2024-04-03T20:48:58+00:00\",\"mainEntityOfPage\":{\"@id\":\"https:\\\/\\\/regiaonews.net.br\\\/2022\\\/2024\\\/04\\\/03\\\/confira-os-resultados-da-sessao-ordinaria-realizada-na-segunda-feira-1o-de-abril\\\/\"},\"wordCount\":336,\"commentCount\":0,\"publisher\":{\"@id\":\"https:\\\/\\\/regiaonews.net.br\\\/2022\\\/#organization\"},\"image\":{\"@id\":\"https:\\\/\\\/regiaonews.net.br\\\/2022\\\/2024\\\/04\\\/03\\\/confira-os-resultados-da-sessao-ordinaria-realizada-na-segunda-feira-1o-de-abril\\\/#primaryimage\"},\"thumbnailUrl\":\"https:\\\/\\\/regiaonews.net.br\\\/2022\\\/wp-content\\\/uploads\\\/2024\\\/04\\\/alta_1712023169660b6681bb483.jpg\",\"articleSection\":[\"Barretos\",\"Pol\u00edtica\"],\"inLanguage\":\"pt-BR\",\"potentialAction\":[{\"@type\":\"CommentAction\",\"name\":\"Comment\",\"target\":[\"https:\\\/\\\/regiaonews.net.br\\\/2022\\\/2024\\\/04\\\/03\\\/confira-os-resultados-da-sessao-ordinaria-realizada-na-segunda-feira-1o-de-abril\\\/#respond\"]}]},{\"@type\":\"WebPage\",\"@id\":\"https:\\\/\\\/regiaonews.net.br\\\/2022\\\/2024\\\/04\\\/03\\\/confira-os-resultados-da-sessao-ordinaria-realizada-na-segunda-feira-1o-de-abril\\\/\",\"url\":\"https:\\\/\\\/regiaonews.net.br\\\/2022\\\/2024\\\/04\\\/03\\\/confira-os-resultados-da-sessao-ordinaria-realizada-na-segunda-feira-1o-de-abril\\\/\",\"name\":\"Confira os resultados da Sess\u00e3o Ordin\u00e1ria realizada na segunda-feira, 1\u00ba de abril - Regi\u00e3o News\",\"isPartOf\":{\"@id\":\"https:\\\/\\\/regiaonews.net.br\\\/2022\\\/#website\"},\"primaryImageOfPage\":{\"@id\":\"https:\\\/\\\/regiaonews.net.br\\\/2022\\\/2024\\\/04\\\/03\\\/confira-os-resultados-da-sessao-ordinaria-realizada-na-segunda-feira-1o-de-abril\\\/#primaryimage\"},\"image\":{\"@id\":\"https:\\\/\\\/regiaonews.net.br\\\/2022\\\/2024\\\/04\\\/03\\\/confira-os-resultados-da-sessao-ordinaria-realizada-na-segunda-feira-1o-de-abril\\\/#primaryimage\"},\"thumbnailUrl\":\"https:\\\/\\\/regiaonews.net.br\\\/2022\\\/wp-content\\\/uploads\\\/2024\\\/04\\\/alta_1712023169660b6681bb483.jpg\",\"datePublished\":\"2024-04-03T20:48:58+00:00\",\"breadcrumb\":{\"@id\":\"https:\\\/\\\/regiaonews.net.br\\\/2022\\\/2024\\\/04\\\/03\\\/confira-os-resultados-da-sessao-ordinaria-realizada-na-segunda-feira-1o-de-abril\\\/#breadcrumb\"},\"inLanguage\":\"pt-BR\",\"potentialAction\":[{\"@type\":\"ReadAction\",\"target\":[\"https:\\\/\\\/regiaonews.net.br\\\/2022\\\/2024\\\/04\\\/03\\\/confira-os-resultados-da-sessao-ordinaria-realizada-na-segunda-feira-1o-de-abril\\\/\"]}]},{\"@type\":\"ImageObject\",\"inLanguage\":\"pt-BR\",\"@id\":\"https:\\\/\\\/regiaonews.net.br\\\/2022\\\/2024\\\/04\\\/03\\\/confira-os-resultados-da-sessao-ordinaria-realizada-na-segunda-feira-1o-de-abril\\\/#primaryimage\",\"url\":\"https:\\\/\\\/regiaonews.net.br\\\/2022\\\/wp-content\\\/uploads\\\/2024\\\/04\\\/alta_1712023169660b6681bb483.jpg\",\"contentUrl\":\"https:\\\/\\\/regiaonews.net.br\\\/2022\\\/wp-content\\\/uploads\\\/2024\\\/04\\\/alta_1712023169660b6681bb483.jpg\",\"width\":1280,\"height\":720},{\"@type\":\"BreadcrumbList\",\"@id\":\"https:\\\/\\\/regiaonews.net.br\\\/2022\\\/2024\\\/04\\\/03\\\/confira-os-resultados-da-sessao-ordinaria-realizada-na-segunda-feira-1o-de-abril\\\/#breadcrumb\",\"itemListElement\":[{\"@type\":\"ListItem\",\"position\":1,\"name\":\"In\u00edcio\",\"item\":\"https:\\\/\\\/regiaonews.net.br\\\/2022\\\/\"},{\"@type\":\"ListItem\",\"position\":2,\"name\":\"Confira os resultados da Sess\u00e3o Ordin\u00e1ria realizada na segunda-feira, 1\u00ba de abril\"}]},{\"@type\":\"WebSite\",\"@id\":\"https:\\\/\\\/regiaonews.net.br\\\/2022\\\/#website\",\"url\":\"https:\\\/\\\/regiaonews.net.br\\\/2022\\\/\",\"name\":\"Regi\u00e3o News\",\"description\":\"Site de Not\u00edcias de Barretos e regi\u00e3o\",\"publisher\":{\"@id\":\"https:\\\/\\\/regiaonews.net.br\\\/2022\\\/#organization\"},\"potentialAction\":[{\"@type\":\"SearchAction\",\"target\":{\"@type\":\"EntryPoint\",\"urlTemplate\":\"https:\\\/\\\/regiaonews.net.br\\\/2022\\\/?s={search_term_string}\"},\"query-input\":{\"@type\":\"PropertyValueSpecification\",\"valueRequired\":true,\"valueName\":\"search_term_string\"}}],\"inLanguage\":\"pt-BR\"},{\"@type\":\"Organization\",\"@id\":\"https:\\\/\\\/regiaonews.net.br\\\/2022\\\/#organization\",\"name\":\"Regi\u00e3o News\",\"url\":\"https:\\\/\\\/regiaonews.net.br\\\/2022\\\/\",\"logo\":{\"@type\":\"ImageObject\",\"inLanguage\":\"pt-BR\",\"@id\":\"https:\\\/\\\/regiaonews.net.br\\\/2022\\\/#\\\/schema\\\/logo\\\/image\\\/\",\"url\":\"https:\\\/\\\/regiaonews.net.br\\\/2022\\\/wp-content\\\/uploads\\\/2026\\\/03\\\/regiao-13-anos-scaled.jpg\",\"contentUrl\":\"https:\\\/\\\/regiaonews.net.br\\\/2022\\\/wp-content\\\/uploads\\\/2026\\\/03\\\/regiao-13-anos-scaled.jpg\",\"width\":2560,\"height\":635,\"caption\":\"Regi\u00e3o News\"},\"image\":{\"@id\":\"https:\\\/\\\/regiaonews.net.br\\\/2022\\\/#\\\/schema\\\/logo\\\/image\\\/\"}},{\"@type\":\"Person\",\"@id\":\"https:\\\/\\\/regiaonews.net.br\\\/2022\\\/#\\\/schema\\\/person\\\/2d205a608a5aa97ac279d7a5e6d89ad8\",\"name\":\"Roberto\",\"image\":{\"@type\":\"ImageObject\",\"inLanguage\":\"pt-BR\",\"@id\":\"https:\\\/\\\/secure.gravatar.com\\\/avatar\\\/42749d8b712ff9d59ca93dc150494e5b55a44134482993f5baeb97e61b7ecc89?s=96&d=mm&r=g\",\"url\":\"https:\\\/\\\/secure.gravatar.com\\\/avatar\\\/42749d8b712ff9d59ca93dc150494e5b55a44134482993f5baeb97e61b7ecc89?s=96&d=mm&r=g\",\"contentUrl\":\"https:\\\/\\\/secure.gravatar.com\\\/avatar\\\/42749d8b712ff9d59ca93dc150494e5b55a44134482993f5baeb97e61b7ecc89?s=96&d=mm&r=g\",\"caption\":\"Roberto\"},\"url\":\"https:\\\/\\\/regiaonews.net.br\\\/2022\\\/author\\\/roberto\\\/\"}]}<\/script>\n<!-- \/ Yoast SEO plugin. -->","yoast_head_json":{"title":"Confira os resultados da Sess\u00e3o Ordin\u00e1ria realizada na segunda-feira, 1\u00ba de abril - Regi\u00e3o News","robots":{"index":"index","follow":"follow","max-snippet":"max-snippet:-1","max-image-preview":"max-image-preview:large","max-video-preview":"max-video-preview:-1"},"canonical":"https:\/\/regiaonews.net.br\/2022\/2024\/04\/03\/confira-os-resultados-da-sessao-ordinaria-realizada-na-segunda-feira-1o-de-abril\/","og_locale":"pt_BR","og_type":"article","og_title":"Confira os resultados da Sess\u00e3o Ordin\u00e1ria realizada na segunda-feira, 1\u00ba de abril - Regi\u00e3o News","og_description":"Onze (11) mat\u00e9rias foram discutidas e votadas pelos vereadores A\u00a0C\u00e2mara","og_url":"https:\/\/regiaonews.net.br\/2022\/2024\/04\/03\/confira-os-resultados-da-sessao-ordinaria-realizada-na-segunda-feira-1o-de-abril\/","og_site_name":"Regi\u00e3o News","article_published_time":"2024-04-03T20:48:58+00:00","og_image":[{"width":1280,"height":720,"url":"https:\/\/regiaonews.net.br\/2022\/wp-content\/uploads\/2024\/04\/alta_1712023169660b6681bb483.jpg","type":"image\/jpeg"}],"author":"Roberto","twitter_card":"summary_large_image","twitter_misc":{"Escrito por":"Roberto","Est. tempo de leitura":"2 minutos"},"schema":{"@context":"https:\/\/schema.org","@graph":[{"@type":"Article","@id":"https:\/\/regiaonews.net.br\/2022\/2024\/04\/03\/confira-os-resultados-da-sessao-ordinaria-realizada-na-segunda-feira-1o-de-abril\/#article","isPartOf":{"@id":"https:\/\/regiaonews.net.br\/2022\/2024\/04\/03\/confira-os-resultados-da-sessao-ordinaria-realizada-na-segunda-feira-1o-de-abril\/"},"author":{"name":"Roberto","@id":"https:\/\/regiaonews.net.br\/2022\/#\/schema\/person\/2d205a608a5aa97ac279d7a5e6d89ad8"},"headline":"Confira os resultados da Sess\u00e3o Ordin\u00e1ria realizada na segunda-feira, 1\u00ba de abril","datePublished":"2024-04-03T20:48:58+00:00","mainEntityOfPage":{"@id":"https:\/\/regiaonews.net.br\/2022\/2024\/04\/03\/confira-os-resultados-da-sessao-ordinaria-realizada-na-segunda-feira-1o-de-abril\/"},"wordCount":336,"commentCount":0,"publisher":{"@id":"https:\/\/regiaonews.net.br\/2022\/#organization"},"image":{"@id":"https:\/\/regiaonews.net.br\/2022\/2024\/04\/03\/confira-os-resultados-da-sessao-ordinaria-realizada-na-segunda-feira-1o-de-abril\/#primaryimage"},"thumbnailUrl":"https:\/\/regiaonews.net.br\/2022\/wp-content\/uploads\/2024\/04\/alta_1712023169660b6681bb483.jpg","articleSection":["Barretos","Pol\u00edtica"],"inLanguage":"pt-BR","potentialAction":[{"@type":"CommentAction","name":"Comment","target":["https:\/\/regiaonews.net.br\/2022\/2024\/04\/03\/confira-os-resultados-da-sessao-ordinaria-realizada-na-segunda-feira-1o-de-abril\/#respond"]}]},{"@type":"WebPage","@id":"https:\/\/regiaonews.net.br\/2022\/2024\/04\/03\/confira-os-resultados-da-sessao-ordinaria-realizada-na-segunda-feira-1o-de-abril\/","url":"https:\/\/regiaonews.net.br\/2022\/2024\/04\/03\/confira-os-resultados-da-sessao-ordinaria-realizada-na-segunda-feira-1o-de-abril\/","name":"Confira os resultados da Sess\u00e3o Ordin\u00e1ria realizada na segunda-feira, 1\u00ba de abril - Regi\u00e3o News","isPartOf":{"@id":"https:\/\/regiaonews.net.br\/2022\/#website"},"primaryImageOfPage":{"@id":"https:\/\/regiaonews.net.br\/2022\/2024\/04\/03\/confira-os-resultados-da-sessao-ordinaria-realizada-na-segunda-feira-1o-de-abril\/#primaryimage"},"image":{"@id":"https:\/\/regiaonews.net.br\/2022\/2024\/04\/03\/confira-os-resultados-da-sessao-ordinaria-realizada-na-segunda-feira-1o-de-abril\/#primaryimage"},"thumbnailUrl":"https:\/\/regiaonews.net.br\/2022\/wp-content\/uploads\/2024\/04\/alta_1712023169660b6681bb483.jpg","datePublished":"2024-04-03T20:48:58+00:00","breadcrumb":{"@id":"https:\/\/regiaonews.net.br\/2022\/2024\/04\/03\/confira-os-resultados-da-sessao-ordinaria-realizada-na-segunda-feira-1o-de-abril\/#breadcrumb"},"inLanguage":"pt-BR","potentialAction":[{"@type":"ReadAction","target":["https:\/\/regiaonews.net.br\/2022\/2024\/04\/03\/confira-os-resultados-da-sessao-ordinaria-realizada-na-segunda-feira-1o-de-abril\/"]}]},{"@type":"ImageObject","inLanguage":"pt-BR","@id":"https:\/\/regiaonews.net.br\/2022\/2024\/04\/03\/confira-os-resultados-da-sessao-ordinaria-realizada-na-segunda-feira-1o-de-abril\/#primaryimage","url":"https:\/\/regiaonews.net.br\/2022\/wp-content\/uploads\/2024\/04\/alta_1712023169660b6681bb483.jpg","contentUrl":"https:\/\/regiaonews.net.br\/2022\/wp-content\/uploads\/2024\/04\/alta_1712023169660b6681bb483.jpg","width":1280,"height":720},{"@type":"BreadcrumbList","@id":"https:\/\/regiaonews.net.br\/2022\/2024\/04\/03\/confira-os-resultados-da-sessao-ordinaria-realizada-na-segunda-feira-1o-de-abril\/#breadcrumb","itemListElement":[{"@type":"ListItem","position":1,"name":"In\u00edcio","item":"https:\/\/regiaonews.net.br\/2022\/"},{"@type":"ListItem","position":2,"name":"Confira os resultados da Sess\u00e3o Ordin\u00e1ria realizada na segunda-feira, 1\u00ba de abril"}]},{"@type":"WebSite","@id":"https:\/\/regiaonews.net.br\/2022\/#website","url":"https:\/\/regiaonews.net.br\/2022\/","name":"Regi\u00e3o News","description":"Site de Not\u00edcias de Barretos e regi\u00e3o","publisher":{"@id":"https:\/\/regiaonews.net.br\/2022\/#organization"},"potentialAction":[{"@type":"SearchAction","target":{"@type":"EntryPoint","urlTemplate":"https:\/\/regiaonews.net.br\/2022\/?s={search_term_string}"},"query-input":{"@type":"PropertyValueSpecification","valueRequired":true,"valueName":"search_term_string"}}],"inLanguage":"pt-BR"},{"@type":"Organization","@id":"https:\/\/regiaonews.net.br\/2022\/#organization","name":"Regi\u00e3o News","url":"https:\/\/regiaonews.net.br\/2022\/","logo":{"@type":"ImageObject","inLanguage":"pt-BR","@id":"https:\/\/regiaonews.net.br\/2022\/#\/schema\/logo\/image\/","url":"https:\/\/regiaonews.net.br\/2022\/wp-content\/uploads\/2026\/03\/regiao-13-anos-scaled.jpg","contentUrl":"https:\/\/regiaonews.net.br\/2022\/wp-content\/uploads\/2026\/03\/regiao-13-anos-scaled.jpg","width":2560,"height":635,"caption":"Regi\u00e3o News"},"image":{"@id":"https:\/\/regiaonews.net.br\/2022\/#\/schema\/logo\/image\/"}},{"@type":"Person","@id":"https:\/\/regiaonews.net.br\/2022\/#\/schema\/person\/2d205a608a5aa97ac279d7a5e6d89ad8","name":"Roberto","image":{"@type":"ImageObject","inLanguage":"pt-BR","@id":"https:\/\/secure.gravatar.com\/avatar\/42749d8b712ff9d59ca93dc150494e5b55a44134482993f5baeb97e61b7ecc89?s=96&d=mm&r=g","url":"https:\/\/secure.gravatar.com\/avatar\/42749d8b712ff9d59ca93dc150494e5b55a44134482993f5baeb97e61b7ecc89?s=96&d=mm&r=g","contentUrl":"https:\/\/secure.gravatar.com\/avatar\/42749d8b712ff9d59ca93dc150494e5b55a44134482993f5baeb97e61b7ecc89?s=96&d=mm&r=g","caption":"Roberto"},"url":"https:\/\/regiaonews.net.br\/2022\/author\/roberto\/"}]}},"publishpress_future_action":{"enabled":false,"date":"2026-05-04 08:06:33","action":"change-status","newStatus":"draft","terms":[],"taxonomy":"category","extraData":[]},"publishpress_future_workflow_manual_trigger":{"enabledWorkflows":[]},"_links":{"self":[{"href":"https:\/\/regiaonews.net.br\/2022\/wp-json\/wp\/v2\/posts\/103186","targetHints":{"allow":["GET"]}}],"collection":[{"href":"https:\/\/regiaonews.net.br\/2022\/wp-json\/wp\/v2\/posts"}],"about":[{"href":"https:\/\/regiaonews.net.br\/2022\/wp-json\/wp\/v2\/types\/post"}],"author":[{"embeddable":true,"href":"https:\/\/regiaonews.net.br\/2022\/wp-json\/wp\/v2\/users\/2"}],"replies":[{"embeddable":true,"href":"https:\/\/regiaonews.net.br\/2022\/wp-json\/wp\/v2\/comments?post=103186"}],"version-history":[{"count":1,"href":"https:\/\/regiaonews.net.br\/2022\/wp-json\/wp\/v2\/posts\/103186\/revisions"}],"predecessor-version":[{"id":103188,"href":"https:\/\/regiaonews.net.br\/2022\/wp-json\/wp\/v2\/posts\/103186\/revisions\/103188"}],"wp:featuredmedia":[{"embeddable":true,"href":"https:\/\/regiaonews.net.br\/2022\/wp-json\/wp\/v2\/media\/103187"}],"wp:attachment":[{"href":"https:\/\/regiaonews.net.br\/2022\/wp-json\/wp\/v2\/media?parent=103186"}],"wp:term":[{"taxonomy":"category","embeddable":true,"href":"https:\/\/regiaonews.net.br\/2022\/wp-json\/wp\/v2\/categories?post=103186"},{"taxonomy":"post_tag","embeddable":true,"href":"https:\/\/regiaonews.net.br\/2022\/wp-json\/wp\/v2\/tags?post=103186"}],"curies":[{"name":"wp","href":"https:\/\/api.w.org\/{rel}","templated":true}]}}