{"id":103162,"date":"2024-04-02T17:56:43","date_gmt":"2024-04-02T20:56:43","guid":{"rendered":"https:\/\/regiaonews.net.br\/2022\/?p=103162"},"modified":"2024-04-02T17:58:47","modified_gmt":"2024-04-02T20:58:47","slug":"unifeb-conquista-novamente-1-lugar-na-categoria-ensino-superior-em-pesquisa-da-acib","status":"publish","type":"post","link":"https:\/\/regiaonews.net.br\/2022\/2024\/04\/02\/unifeb-conquista-novamente-1-lugar-na-categoria-ensino-superior-em-pesquisa-da-acib\/","title":{"rendered":"UNIFEB conquista novamente 1\u00b0 lugar na categoria Ensino Superior em pesquisa da ACIB"},"content":{"rendered":"<p>Na \u00faltima semana a ACIB (Associa\u00e7\u00e3o Comercial e Industrial de Barretos) anunciou o resultado das Pesquisas Empres\u00e1rio e Empres\u00e1ria do Ano e Destaques do Com\u00e9rcio 2024. Mais uma vez o UNIFEB (Centro Universit\u00e1rio da Funda\u00e7\u00e3o Educacional de Barretos) conquistou o primeiro lugar na categoria Ensino Superior, ressaltando a import\u00e2ncia da institui\u00e7\u00e3o no contexto acad\u00eamico de Barretos e regi\u00e3o.<\/p>\n<p>As pesquisas foram realizadas nos formatos f\u00edsico e on-line e permitiram um n\u00famero maior de pessoas participantes sendo abertas tanto para associados quanto \u00e0 popula\u00e7\u00e3o em geral.<\/p>\n<p>A diretoria da ACIB destaca que a cerim\u00f4nia de entrega dos trof\u00e9us \u00e9 uma noite de gala e muito aguardada no com\u00e9rcio em Barretos, considerada o \u201cOscar\u201d dos segmentos de servi\u00e7o, com\u00e9rcio e ind\u00fastria. Al\u00e9m disso, a entidade enfatiza a credibilidade da pesquisa, que preza por um processo aut\u00eantico e respons\u00e1vel.<\/p>\n<p>Para o Reitor do UNIFEB, Prof. Dr. Angelo Davis, este resultado \u00e9 um grande presente para a institui\u00e7\u00e3o que neste ano completa 60 anos de funda\u00e7\u00e3o. \u201c2024 est\u00e1 sendo um marco de grandes vit\u00f3rias para o UNIFEB. Conseguimos promover a melhor campanha de capta\u00e7\u00e3o de alunos da hist\u00f3ria do Centro Universit\u00e1rio, conquistamos proje\u00e7\u00e3o nacional e agora recebemos novamente essa importante consagra\u00e7\u00e3o da ACIB, por meio de voto democr\u00e1tico e popular. Isso refor\u00e7a ainda mais nosso compromisso com um ensino de qualidade e de refer\u00eancia em nossa cidade e regi\u00e3o\u201d, enfatizou.<\/p>\n<p>Em menos de tr\u00eas anos, o UNIFEB conseguiu dobrar sua capta\u00e7\u00e3o de alunos e implantar novos cursos, como Medicina Veterin\u00e1ria, Biomedicina, Fisioterapia, Psicologia e Odontologia no per\u00edodo noturno. \u201cTamb\u00e9m conseguimos reformar e revitalizar mais 60% da institui\u00e7\u00e3o, al\u00e9m de implantarmos novos laborat\u00f3rios e \u00e1reas de pesquisa. Em breve vamos inaugurar a Cl\u00ednica Veterin\u00e1ria, que desenvolver\u00e1 um importante papel de extens\u00e3o e social em Barretos. Estamos trabalhando para elevar ainda mais o n\u00edvel do Centro Universit\u00e1rio, que em seis d\u00e9cadas j\u00e1 formou milhares de profissionais que hoje atuam em todos os continentes do planeta\u201d, finalizou o Reitor Prof. Dr. Angelo Davis.<\/p>\n<p>&nbsp;<\/p>\n","protected":false},"excerpt":{"rendered":"<p>Na \u00faltima semana a ACIB (Associa\u00e7\u00e3o Comercial e Industrial de<\/p>\n","protected":false},"author":2,"featured_media":103163,"comment_status":"open","ping_status":"open","sticky":false,"template":"","format":"standard","meta":{"footnotes":""},"categories":[14,25],"tags":[],"class_list":["post-103162","post","type-post","status-publish","format-standard","has-post-thumbnail","hentry","category-barretos","category-cidades"],"yoast_head":"<!-- This site is optimized with the Yoast SEO plugin v27.4 - https:\/\/yoast.com\/product\/yoast-seo-wordpress\/ -->\n<title>UNIFEB conquista novamente 1\u00b0 lugar na categoria Ensino Superior em pesquisa da ACIB - Regi\u00e3o News<\/title>\n<meta name=\"robots\" content=\"index, follow, max-snippet:-1, max-image-preview:large, max-video-preview:-1\" \/>\n<link rel=\"canonical\" href=\"https:\/\/regiaonews.net.br\/2022\/2024\/04\/02\/unifeb-conquista-novamente-1-lugar-na-categoria-ensino-superior-em-pesquisa-da-acib\/\" \/>\n<meta property=\"og:locale\" content=\"pt_BR\" \/>\n<meta property=\"og:type\" content=\"article\" \/>\n<meta property=\"og:title\" content=\"UNIFEB conquista novamente 1\u00b0 lugar na categoria Ensino Superior em pesquisa da ACIB - Regi\u00e3o News\" \/>\n<meta property=\"og:description\" content=\"Na \u00faltima semana a ACIB (Associa\u00e7\u00e3o Comercial e Industrial de\" \/>\n<meta property=\"og:url\" content=\"https:\/\/regiaonews.net.br\/2022\/2024\/04\/02\/unifeb-conquista-novamente-1-lugar-na-categoria-ensino-superior-em-pesquisa-da-acib\/\" \/>\n<meta property=\"og:site_name\" content=\"Regi\u00e3o News\" \/>\n<meta property=\"article:published_time\" content=\"2024-04-02T20:56:43+00:00\" \/>\n<meta property=\"article:modified_time\" content=\"2024-04-02T20:58:47+00:00\" \/>\n<meta property=\"og:image\" content=\"https:\/\/regiaonews.net.br\/2022\/wp-content\/uploads\/2024\/04\/UNIFEB.jpg\" \/>\n\t<meta property=\"og:image:width\" content=\"1280\" \/>\n\t<meta property=\"og:image:height\" content=\"960\" \/>\n\t<meta property=\"og:image:type\" content=\"image\/jpeg\" \/>\n<meta name=\"author\" content=\"Roberto\" \/>\n<meta name=\"twitter:card\" content=\"summary_large_image\" \/>\n<meta name=\"twitter:label1\" content=\"Escrito por\" \/>\n\t<meta name=\"twitter:data1\" content=\"Roberto\" \/>\n\t<meta name=\"twitter:label2\" content=\"Est. tempo de leitura\" \/>\n\t<meta name=\"twitter:data2\" content=\"3 minutos\" \/>\n<script type=\"application\/ld+json\" class=\"yoast-schema-graph\">{\"@context\":\"https:\\\/\\\/schema.org\",\"@graph\":[{\"@type\":\"Article\",\"@id\":\"https:\\\/\\\/regiaonews.net.br\\\/2022\\\/2024\\\/04\\\/02\\\/unifeb-conquista-novamente-1-lugar-na-categoria-ensino-superior-em-pesquisa-da-acib\\\/#article\",\"isPartOf\":{\"@id\":\"https:\\\/\\\/regiaonews.net.br\\\/2022\\\/2024\\\/04\\\/02\\\/unifeb-conquista-novamente-1-lugar-na-categoria-ensino-superior-em-pesquisa-da-acib\\\/\"},\"author\":{\"name\":\"Roberto\",\"@id\":\"https:\\\/\\\/regiaonews.net.br\\\/2022\\\/#\\\/schema\\\/person\\\/2d205a608a5aa97ac279d7a5e6d89ad8\"},\"headline\":\"UNIFEB conquista novamente 1\u00b0 lugar na categoria Ensino Superior em pesquisa da ACIB\",\"datePublished\":\"2024-04-02T20:56:43+00:00\",\"dateModified\":\"2024-04-02T20:58:47+00:00\",\"mainEntityOfPage\":{\"@id\":\"https:\\\/\\\/regiaonews.net.br\\\/2022\\\/2024\\\/04\\\/02\\\/unifeb-conquista-novamente-1-lugar-na-categoria-ensino-superior-em-pesquisa-da-acib\\\/\"},\"wordCount\":380,\"commentCount\":0,\"publisher\":{\"@id\":\"https:\\\/\\\/regiaonews.net.br\\\/2022\\\/#organization\"},\"image\":{\"@id\":\"https:\\\/\\\/regiaonews.net.br\\\/2022\\\/2024\\\/04\\\/02\\\/unifeb-conquista-novamente-1-lugar-na-categoria-ensino-superior-em-pesquisa-da-acib\\\/#primaryimage\"},\"thumbnailUrl\":\"https:\\\/\\\/regiaonews.net.br\\\/2022\\\/wp-content\\\/uploads\\\/2024\\\/04\\\/UNIFEB.jpg\",\"articleSection\":[\"Barretos\",\"Cidades\"],\"inLanguage\":\"pt-BR\",\"potentialAction\":[{\"@type\":\"CommentAction\",\"name\":\"Comment\",\"target\":[\"https:\\\/\\\/regiaonews.net.br\\\/2022\\\/2024\\\/04\\\/02\\\/unifeb-conquista-novamente-1-lugar-na-categoria-ensino-superior-em-pesquisa-da-acib\\\/#respond\"]}]},{\"@type\":\"WebPage\",\"@id\":\"https:\\\/\\\/regiaonews.net.br\\\/2022\\\/2024\\\/04\\\/02\\\/unifeb-conquista-novamente-1-lugar-na-categoria-ensino-superior-em-pesquisa-da-acib\\\/\",\"url\":\"https:\\\/\\\/regiaonews.net.br\\\/2022\\\/2024\\\/04\\\/02\\\/unifeb-conquista-novamente-1-lugar-na-categoria-ensino-superior-em-pesquisa-da-acib\\\/\",\"name\":\"UNIFEB conquista novamente 1\u00b0 lugar na categoria Ensino Superior em pesquisa da ACIB - Regi\u00e3o News\",\"isPartOf\":{\"@id\":\"https:\\\/\\\/regiaonews.net.br\\\/2022\\\/#website\"},\"primaryImageOfPage\":{\"@id\":\"https:\\\/\\\/regiaonews.net.br\\\/2022\\\/2024\\\/04\\\/02\\\/unifeb-conquista-novamente-1-lugar-na-categoria-ensino-superior-em-pesquisa-da-acib\\\/#primaryimage\"},\"image\":{\"@id\":\"https:\\\/\\\/regiaonews.net.br\\\/2022\\\/2024\\\/04\\\/02\\\/unifeb-conquista-novamente-1-lugar-na-categoria-ensino-superior-em-pesquisa-da-acib\\\/#primaryimage\"},\"thumbnailUrl\":\"https:\\\/\\\/regiaonews.net.br\\\/2022\\\/wp-content\\\/uploads\\\/2024\\\/04\\\/UNIFEB.jpg\",\"datePublished\":\"2024-04-02T20:56:43+00:00\",\"dateModified\":\"2024-04-02T20:58:47+00:00\",\"breadcrumb\":{\"@id\":\"https:\\\/\\\/regiaonews.net.br\\\/2022\\\/2024\\\/04\\\/02\\\/unifeb-conquista-novamente-1-lugar-na-categoria-ensino-superior-em-pesquisa-da-acib\\\/#breadcrumb\"},\"inLanguage\":\"pt-BR\",\"potentialAction\":[{\"@type\":\"ReadAction\",\"target\":[\"https:\\\/\\\/regiaonews.net.br\\\/2022\\\/2024\\\/04\\\/02\\\/unifeb-conquista-novamente-1-lugar-na-categoria-ensino-superior-em-pesquisa-da-acib\\\/\"]}]},{\"@type\":\"ImageObject\",\"inLanguage\":\"pt-BR\",\"@id\":\"https:\\\/\\\/regiaonews.net.br\\\/2022\\\/2024\\\/04\\\/02\\\/unifeb-conquista-novamente-1-lugar-na-categoria-ensino-superior-em-pesquisa-da-acib\\\/#primaryimage\",\"url\":\"https:\\\/\\\/regiaonews.net.br\\\/2022\\\/wp-content\\\/uploads\\\/2024\\\/04\\\/UNIFEB.jpg\",\"contentUrl\":\"https:\\\/\\\/regiaonews.net.br\\\/2022\\\/wp-content\\\/uploads\\\/2024\\\/04\\\/UNIFEB.jpg\",\"width\":1280,\"height\":960},{\"@type\":\"BreadcrumbList\",\"@id\":\"https:\\\/\\\/regiaonews.net.br\\\/2022\\\/2024\\\/04\\\/02\\\/unifeb-conquista-novamente-1-lugar-na-categoria-ensino-superior-em-pesquisa-da-acib\\\/#breadcrumb\",\"itemListElement\":[{\"@type\":\"ListItem\",\"position\":1,\"name\":\"In\u00edcio\",\"item\":\"https:\\\/\\\/regiaonews.net.br\\\/2022\\\/\"},{\"@type\":\"ListItem\",\"position\":2,\"name\":\"UNIFEB conquista novamente 1\u00b0 lugar na categoria Ensino Superior em pesquisa da ACIB\"}]},{\"@type\":\"WebSite\",\"@id\":\"https:\\\/\\\/regiaonews.net.br\\\/2022\\\/#website\",\"url\":\"https:\\\/\\\/regiaonews.net.br\\\/2022\\\/\",\"name\":\"Regi\u00e3o News\",\"description\":\"Site de Not\u00edcias de Barretos e regi\u00e3o\",\"publisher\":{\"@id\":\"https:\\\/\\\/regiaonews.net.br\\\/2022\\\/#organization\"},\"potentialAction\":[{\"@type\":\"SearchAction\",\"target\":{\"@type\":\"EntryPoint\",\"urlTemplate\":\"https:\\\/\\\/regiaonews.net.br\\\/2022\\\/?s={search_term_string}\"},\"query-input\":{\"@type\":\"PropertyValueSpecification\",\"valueRequired\":true,\"valueName\":\"search_term_string\"}}],\"inLanguage\":\"pt-BR\"},{\"@type\":\"Organization\",\"@id\":\"https:\\\/\\\/regiaonews.net.br\\\/2022\\\/#organization\",\"name\":\"Regi\u00e3o News\",\"url\":\"https:\\\/\\\/regiaonews.net.br\\\/2022\\\/\",\"logo\":{\"@type\":\"ImageObject\",\"inLanguage\":\"pt-BR\",\"@id\":\"https:\\\/\\\/regiaonews.net.br\\\/2022\\\/#\\\/schema\\\/logo\\\/image\\\/\",\"url\":\"https:\\\/\\\/regiaonews.net.br\\\/2022\\\/wp-content\\\/uploads\\\/2026\\\/03\\\/regiao-13-anos-scaled.jpg\",\"contentUrl\":\"https:\\\/\\\/regiaonews.net.br\\\/2022\\\/wp-content\\\/uploads\\\/2026\\\/03\\\/regiao-13-anos-scaled.jpg\",\"width\":2560,\"height\":635,\"caption\":\"Regi\u00e3o News\"},\"image\":{\"@id\":\"https:\\\/\\\/regiaonews.net.br\\\/2022\\\/#\\\/schema\\\/logo\\\/image\\\/\"}},{\"@type\":\"Person\",\"@id\":\"https:\\\/\\\/regiaonews.net.br\\\/2022\\\/#\\\/schema\\\/person\\\/2d205a608a5aa97ac279d7a5e6d89ad8\",\"name\":\"Roberto\",\"image\":{\"@type\":\"ImageObject\",\"inLanguage\":\"pt-BR\",\"@id\":\"https:\\\/\\\/secure.gravatar.com\\\/avatar\\\/42749d8b712ff9d59ca93dc150494e5b55a44134482993f5baeb97e61b7ecc89?s=96&d=mm&r=g\",\"url\":\"https:\\\/\\\/secure.gravatar.com\\\/avatar\\\/42749d8b712ff9d59ca93dc150494e5b55a44134482993f5baeb97e61b7ecc89?s=96&d=mm&r=g\",\"contentUrl\":\"https:\\\/\\\/secure.gravatar.com\\\/avatar\\\/42749d8b712ff9d59ca93dc150494e5b55a44134482993f5baeb97e61b7ecc89?s=96&d=mm&r=g\",\"caption\":\"Roberto\"},\"url\":\"https:\\\/\\\/regiaonews.net.br\\\/2022\\\/author\\\/roberto\\\/\"}]}<\/script>\n<!-- \/ Yoast SEO plugin. -->","yoast_head_json":{"title":"UNIFEB conquista novamente 1\u00b0 lugar na categoria Ensino Superior em pesquisa da ACIB - Regi\u00e3o News","robots":{"index":"index","follow":"follow","max-snippet":"max-snippet:-1","max-image-preview":"max-image-preview:large","max-video-preview":"max-video-preview:-1"},"canonical":"https:\/\/regiaonews.net.br\/2022\/2024\/04\/02\/unifeb-conquista-novamente-1-lugar-na-categoria-ensino-superior-em-pesquisa-da-acib\/","og_locale":"pt_BR","og_type":"article","og_title":"UNIFEB conquista novamente 1\u00b0 lugar na categoria Ensino Superior em pesquisa da ACIB - Regi\u00e3o News","og_description":"Na \u00faltima semana a ACIB (Associa\u00e7\u00e3o Comercial e Industrial de","og_url":"https:\/\/regiaonews.net.br\/2022\/2024\/04\/02\/unifeb-conquista-novamente-1-lugar-na-categoria-ensino-superior-em-pesquisa-da-acib\/","og_site_name":"Regi\u00e3o News","article_published_time":"2024-04-02T20:56:43+00:00","article_modified_time":"2024-04-02T20:58:47+00:00","og_image":[{"width":1280,"height":960,"url":"https:\/\/regiaonews.net.br\/2022\/wp-content\/uploads\/2024\/04\/UNIFEB.jpg","type":"image\/jpeg"}],"author":"Roberto","twitter_card":"summary_large_image","twitter_misc":{"Escrito por":"Roberto","Est. tempo de leitura":"3 minutos"},"schema":{"@context":"https:\/\/schema.org","@graph":[{"@type":"Article","@id":"https:\/\/regiaonews.net.br\/2022\/2024\/04\/02\/unifeb-conquista-novamente-1-lugar-na-categoria-ensino-superior-em-pesquisa-da-acib\/#article","isPartOf":{"@id":"https:\/\/regiaonews.net.br\/2022\/2024\/04\/02\/unifeb-conquista-novamente-1-lugar-na-categoria-ensino-superior-em-pesquisa-da-acib\/"},"author":{"name":"Roberto","@id":"https:\/\/regiaonews.net.br\/2022\/#\/schema\/person\/2d205a608a5aa97ac279d7a5e6d89ad8"},"headline":"UNIFEB conquista novamente 1\u00b0 lugar na categoria Ensino Superior em pesquisa da ACIB","datePublished":"2024-04-02T20:56:43+00:00","dateModified":"2024-04-02T20:58:47+00:00","mainEntityOfPage":{"@id":"https:\/\/regiaonews.net.br\/2022\/2024\/04\/02\/unifeb-conquista-novamente-1-lugar-na-categoria-ensino-superior-em-pesquisa-da-acib\/"},"wordCount":380,"commentCount":0,"publisher":{"@id":"https:\/\/regiaonews.net.br\/2022\/#organization"},"image":{"@id":"https:\/\/regiaonews.net.br\/2022\/2024\/04\/02\/unifeb-conquista-novamente-1-lugar-na-categoria-ensino-superior-em-pesquisa-da-acib\/#primaryimage"},"thumbnailUrl":"https:\/\/regiaonews.net.br\/2022\/wp-content\/uploads\/2024\/04\/UNIFEB.jpg","articleSection":["Barretos","Cidades"],"inLanguage":"pt-BR","potentialAction":[{"@type":"CommentAction","name":"Comment","target":["https:\/\/regiaonews.net.br\/2022\/2024\/04\/02\/unifeb-conquista-novamente-1-lugar-na-categoria-ensino-superior-em-pesquisa-da-acib\/#respond"]}]},{"@type":"WebPage","@id":"https:\/\/regiaonews.net.br\/2022\/2024\/04\/02\/unifeb-conquista-novamente-1-lugar-na-categoria-ensino-superior-em-pesquisa-da-acib\/","url":"https:\/\/regiaonews.net.br\/2022\/2024\/04\/02\/unifeb-conquista-novamente-1-lugar-na-categoria-ensino-superior-em-pesquisa-da-acib\/","name":"UNIFEB conquista novamente 1\u00b0 lugar na categoria Ensino Superior em pesquisa da ACIB - Regi\u00e3o News","isPartOf":{"@id":"https:\/\/regiaonews.net.br\/2022\/#website"},"primaryImageOfPage":{"@id":"https:\/\/regiaonews.net.br\/2022\/2024\/04\/02\/unifeb-conquista-novamente-1-lugar-na-categoria-ensino-superior-em-pesquisa-da-acib\/#primaryimage"},"image":{"@id":"https:\/\/regiaonews.net.br\/2022\/2024\/04\/02\/unifeb-conquista-novamente-1-lugar-na-categoria-ensino-superior-em-pesquisa-da-acib\/#primaryimage"},"thumbnailUrl":"https:\/\/regiaonews.net.br\/2022\/wp-content\/uploads\/2024\/04\/UNIFEB.jpg","datePublished":"2024-04-02T20:56:43+00:00","dateModified":"2024-04-02T20:58:47+00:00","breadcrumb":{"@id":"https:\/\/regiaonews.net.br\/2022\/2024\/04\/02\/unifeb-conquista-novamente-1-lugar-na-categoria-ensino-superior-em-pesquisa-da-acib\/#breadcrumb"},"inLanguage":"pt-BR","potentialAction":[{"@type":"ReadAction","target":["https:\/\/regiaonews.net.br\/2022\/2024\/04\/02\/unifeb-conquista-novamente-1-lugar-na-categoria-ensino-superior-em-pesquisa-da-acib\/"]}]},{"@type":"ImageObject","inLanguage":"pt-BR","@id":"https:\/\/regiaonews.net.br\/2022\/2024\/04\/02\/unifeb-conquista-novamente-1-lugar-na-categoria-ensino-superior-em-pesquisa-da-acib\/#primaryimage","url":"https:\/\/regiaonews.net.br\/2022\/wp-content\/uploads\/2024\/04\/UNIFEB.jpg","contentUrl":"https:\/\/regiaonews.net.br\/2022\/wp-content\/uploads\/2024\/04\/UNIFEB.jpg","width":1280,"height":960},{"@type":"BreadcrumbList","@id":"https:\/\/regiaonews.net.br\/2022\/2024\/04\/02\/unifeb-conquista-novamente-1-lugar-na-categoria-ensino-superior-em-pesquisa-da-acib\/#breadcrumb","itemListElement":[{"@type":"ListItem","position":1,"name":"In\u00edcio","item":"https:\/\/regiaonews.net.br\/2022\/"},{"@type":"ListItem","position":2,"name":"UNIFEB conquista novamente 1\u00b0 lugar na categoria Ensino Superior em pesquisa da ACIB"}]},{"@type":"WebSite","@id":"https:\/\/regiaonews.net.br\/2022\/#website","url":"https:\/\/regiaonews.net.br\/2022\/","name":"Regi\u00e3o News","description":"Site de Not\u00edcias de Barretos e regi\u00e3o","publisher":{"@id":"https:\/\/regiaonews.net.br\/2022\/#organization"},"potentialAction":[{"@type":"SearchAction","target":{"@type":"EntryPoint","urlTemplate":"https:\/\/regiaonews.net.br\/2022\/?s={search_term_string}"},"query-input":{"@type":"PropertyValueSpecification","valueRequired":true,"valueName":"search_term_string"}}],"inLanguage":"pt-BR"},{"@type":"Organization","@id":"https:\/\/regiaonews.net.br\/2022\/#organization","name":"Regi\u00e3o News","url":"https:\/\/regiaonews.net.br\/2022\/","logo":{"@type":"ImageObject","inLanguage":"pt-BR","@id":"https:\/\/regiaonews.net.br\/2022\/#\/schema\/logo\/image\/","url":"https:\/\/regiaonews.net.br\/2022\/wp-content\/uploads\/2026\/03\/regiao-13-anos-scaled.jpg","contentUrl":"https:\/\/regiaonews.net.br\/2022\/wp-content\/uploads\/2026\/03\/regiao-13-anos-scaled.jpg","width":2560,"height":635,"caption":"Regi\u00e3o News"},"image":{"@id":"https:\/\/regiaonews.net.br\/2022\/#\/schema\/logo\/image\/"}},{"@type":"Person","@id":"https:\/\/regiaonews.net.br\/2022\/#\/schema\/person\/2d205a608a5aa97ac279d7a5e6d89ad8","name":"Roberto","image":{"@type":"ImageObject","inLanguage":"pt-BR","@id":"https:\/\/secure.gravatar.com\/avatar\/42749d8b712ff9d59ca93dc150494e5b55a44134482993f5baeb97e61b7ecc89?s=96&d=mm&r=g","url":"https:\/\/secure.gravatar.com\/avatar\/42749d8b712ff9d59ca93dc150494e5b55a44134482993f5baeb97e61b7ecc89?s=96&d=mm&r=g","contentUrl":"https:\/\/secure.gravatar.com\/avatar\/42749d8b712ff9d59ca93dc150494e5b55a44134482993f5baeb97e61b7ecc89?s=96&d=mm&r=g","caption":"Roberto"},"url":"https:\/\/regiaonews.net.br\/2022\/author\/roberto\/"}]}},"publishpress_future_action":{"enabled":false,"date":"2026-05-04 00:37:15","action":"change-status","newStatus":"draft","terms":[],"taxonomy":"category","extraData":[]},"publishpress_future_workflow_manual_trigger":{"enabledWorkflows":[]},"_links":{"self":[{"href":"https:\/\/regiaonews.net.br\/2022\/wp-json\/wp\/v2\/posts\/103162","targetHints":{"allow":["GET"]}}],"collection":[{"href":"https:\/\/regiaonews.net.br\/2022\/wp-json\/wp\/v2\/posts"}],"about":[{"href":"https:\/\/regiaonews.net.br\/2022\/wp-json\/wp\/v2\/types\/post"}],"author":[{"embeddable":true,"href":"https:\/\/regiaonews.net.br\/2022\/wp-json\/wp\/v2\/users\/2"}],"replies":[{"embeddable":true,"href":"https:\/\/regiaonews.net.br\/2022\/wp-json\/wp\/v2\/comments?post=103162"}],"version-history":[{"count":2,"href":"https:\/\/regiaonews.net.br\/2022\/wp-json\/wp\/v2\/posts\/103162\/revisions"}],"predecessor-version":[{"id":103165,"href":"https:\/\/regiaonews.net.br\/2022\/wp-json\/wp\/v2\/posts\/103162\/revisions\/103165"}],"wp:featuredmedia":[{"embeddable":true,"href":"https:\/\/regiaonews.net.br\/2022\/wp-json\/wp\/v2\/media\/103163"}],"wp:attachment":[{"href":"https:\/\/regiaonews.net.br\/2022\/wp-json\/wp\/v2\/media?parent=103162"}],"wp:term":[{"taxonomy":"category","embeddable":true,"href":"https:\/\/regiaonews.net.br\/2022\/wp-json\/wp\/v2\/categories?post=103162"},{"taxonomy":"post_tag","embeddable":true,"href":"https:\/\/regiaonews.net.br\/2022\/wp-json\/wp\/v2\/tags?post=103162"}],"curies":[{"name":"wp","href":"https:\/\/api.w.org\/{rel}","templated":true}]}}