{"id":103159,"date":"2024-04-02T16:50:40","date_gmt":"2024-04-02T19:50:40","guid":{"rendered":"https:\/\/regiaonews.net.br\/2022\/?p=103159"},"modified":"2024-04-02T16:50:40","modified_gmt":"2024-04-02T19:50:40","slug":"estao-abertas-as-inscricoes-para-o-concurso-garota-motorcycles","status":"publish","type":"post","link":"https:\/\/regiaonews.net.br\/2022\/2024\/04\/02\/estao-abertas-as-inscricoes-para-o-concurso-garota-motorcycles\/","title":{"rendered":"Est\u00e3o abertas as inscri\u00e7\u00f5es para o Concurso Garota Motorcycles"},"content":{"rendered":"<p>&nbsp;<\/p>\n<p>Candidatas podem se inscrever at\u00e9 20 de abril. Concurso integra programa\u00e7\u00e3o do Barretos Motorcycles, que acontece de 3 a 5 de maio no Parque do Pe\u00e3o<\/p>\n<p>O Concurso Garota Motorcycles 2024 est\u00e1 com inscri\u00e7\u00f5es abertas at\u00e9 o dia 20 de abril. A escolha das representantes do 20\u00ba Barretos Motorcycles acontece dentro da programa\u00e7\u00e3o do evento, no s\u00e1bado, 4 de maio, \u00e0s 18h.<\/p>\n<p>Podem concorrer aos t\u00edtulos de Garota Motorcycles e Musa Motorcycles candidatas com idade entre 18 e 35 anos, de todo Brasil. \u201cO concurso \u00e9 tradicional e nesta edi\u00e7\u00e3o de 20 anos vai ser ainda mais especial. Todas as garotas representam motoclubes com muito estilo\u201d, conta Reinaldo Costa, organizador do concurso.<\/p>\n<p>No total, 14 candidatas ser\u00e3o selecionadas e a lista ser\u00e1 divulgada no dia 25 de abril. A vencedora do Concurso Garota Motorcycles ser\u00e1 premiada com o valor de R$ 1.000,00 e, ainda, ganhar\u00e1 duas credenciais para o acesso \u00e0 tradicional Festa do Pe\u00e3o de Boiadeiro de Barretos 2024, que acontecer\u00e1 em agosto. J\u00e1 a Musa Motorcycles ganhar\u00e1 R$ 500,00 e, tamb\u00e9m, duas credenciais para a maior festa do pe\u00e3o da Am\u00e9rica Latina.<\/p>\n<p>A candidata deve atender aos requisitos presentes no regulamento do Concurso Garota Motorcycles. A inscri\u00e7\u00e3o \u00e9 gratuita e deve ser feita atrav\u00e9s do site https:\/\/www.independentes.com.br\/motorcycles\/ficha-de-inscricao\/.<\/p>\n<p>Programa\u00e7\u00e3o musical<br \/>\nA edi\u00e7\u00e3o comemorativa de 20 anos do Barretos Motorcycles vai misturar o rock e o pop que, mais uma vez, tomam conta dos tr\u00eas palcos espalhados pelo evento: o Palco Motorcycles, Tenda Motor e o Motor Rock Bar.<\/p>\n<p>A programa\u00e7\u00e3o come\u00e7a no dia 03\/05, sexta-feira, com os shows de Renato Quase Russo e Banda Lemon no Palco Motorcycles, Java\u2019s Rock, Rock Veras e DJ Thomazini na Tenda Motor e Mik\u00e9ias Ac\u00fastico no Motor Rock Bar.<\/p>\n<p>No s\u00e1bado, 04\/05 o grande destaque fica por conta do Motor Music Fest, uma maratona com grandes shows no Palco Motorcycles a partir das 19h com Ventania, Last Lover, Paulo Miklos e Bar\u00e3o Vermelho.<\/p>\n<p>No mesmo dia, o palco Tenda Motor recebe Trecho Urbano, Lady Bad Luck, Tia Zicca e Asquerosa, al\u00e9m de show ac\u00fastico no Motor Rock Bar.<\/p>\n<p>No domingo, 05\/05, os shows j\u00e1 confirmados s\u00e3o de BPM, Banda Mila, Trecho Urbano, Los Cacareco e DJ Thomazini.<\/p>\n<p>Ingressos<br \/>\nOs ingressos para o evento est\u00e3o \u00e0 venda pelo site oficial independentes.com.br\/motorcycles. Est\u00e3o dispon\u00edveis pacotes para acesso de motociclistas (entrada com moto) e ingressos di\u00e1rios para pedestres (entrada sem moto).<\/p>\n<p>(fotos das finalistas de 2023) &#8211; Cr\u00e9dito: Vanderlei Ribeiro<\/p>\n","protected":false},"excerpt":{"rendered":"<p>&nbsp; Candidatas podem se inscrever at\u00e9 20 de abril. Concurso<\/p>\n","protected":false},"author":2,"featured_media":103160,"comment_status":"open","ping_status":"open","sticky":false,"template":"","format":"standard","meta":{"footnotes":""},"categories":[14,25],"tags":[],"class_list":["post-103159","post","type-post","status-publish","format-standard","has-post-thumbnail","hentry","category-barretos","category-cidades"],"yoast_head":"<!-- This site is optimized with the Yoast SEO plugin v27.4 - https:\/\/yoast.com\/product\/yoast-seo-wordpress\/ -->\n<title>Est\u00e3o abertas as inscri\u00e7\u00f5es para o Concurso Garota Motorcycles - Regi\u00e3o News<\/title>\n<meta name=\"robots\" content=\"index, follow, max-snippet:-1, max-image-preview:large, max-video-preview:-1\" \/>\n<link rel=\"canonical\" href=\"https:\/\/regiaonews.net.br\/2022\/2024\/04\/02\/estao-abertas-as-inscricoes-para-o-concurso-garota-motorcycles\/\" \/>\n<meta property=\"og:locale\" content=\"pt_BR\" \/>\n<meta property=\"og:type\" content=\"article\" \/>\n<meta property=\"og:title\" content=\"Est\u00e3o abertas as inscri\u00e7\u00f5es para o Concurso Garota Motorcycles - Regi\u00e3o News\" \/>\n<meta property=\"og:description\" content=\"&nbsp; Candidatas podem se inscrever at\u00e9 20 de abril. Concurso\" \/>\n<meta property=\"og:url\" content=\"https:\/\/regiaonews.net.br\/2022\/2024\/04\/02\/estao-abertas-as-inscricoes-para-o-concurso-garota-motorcycles\/\" \/>\n<meta property=\"og:site_name\" content=\"Regi\u00e3o News\" \/>\n<meta property=\"article:published_time\" content=\"2024-04-02T19:50:40+00:00\" \/>\n<meta property=\"og:image\" content=\"https:\/\/regiaonews.net.br\/2022\/wp-content\/uploads\/2024\/04\/WhatsApp-Image-2024-04-02-at-12.15.24-PM.jpeg\" \/>\n\t<meta property=\"og:image:width\" content=\"2560\" \/>\n\t<meta property=\"og:image:height\" content=\"1706\" \/>\n\t<meta property=\"og:image:type\" content=\"image\/jpeg\" \/>\n<meta name=\"author\" content=\"Roberto\" \/>\n<meta name=\"twitter:card\" content=\"summary_large_image\" \/>\n<meta name=\"twitter:label1\" content=\"Escrito por\" \/>\n\t<meta name=\"twitter:data1\" content=\"Roberto\" \/>\n\t<meta name=\"twitter:label2\" content=\"Est. tempo de leitura\" \/>\n\t<meta name=\"twitter:data2\" content=\"3 minutos\" \/>\n<script type=\"application\/ld+json\" class=\"yoast-schema-graph\">{\"@context\":\"https:\\\/\\\/schema.org\",\"@graph\":[{\"@type\":\"Article\",\"@id\":\"https:\\\/\\\/regiaonews.net.br\\\/2022\\\/2024\\\/04\\\/02\\\/estao-abertas-as-inscricoes-para-o-concurso-garota-motorcycles\\\/#article\",\"isPartOf\":{\"@id\":\"https:\\\/\\\/regiaonews.net.br\\\/2022\\\/2024\\\/04\\\/02\\\/estao-abertas-as-inscricoes-para-o-concurso-garota-motorcycles\\\/\"},\"author\":{\"name\":\"Roberto\",\"@id\":\"https:\\\/\\\/regiaonews.net.br\\\/2022\\\/#\\\/schema\\\/person\\\/2d205a608a5aa97ac279d7a5e6d89ad8\"},\"headline\":\"Est\u00e3o abertas as inscri\u00e7\u00f5es para o Concurso Garota Motorcycles\",\"datePublished\":\"2024-04-02T19:50:40+00:00\",\"mainEntityOfPage\":{\"@id\":\"https:\\\/\\\/regiaonews.net.br\\\/2022\\\/2024\\\/04\\\/02\\\/estao-abertas-as-inscricoes-para-o-concurso-garota-motorcycles\\\/\"},\"wordCount\":433,\"commentCount\":0,\"publisher\":{\"@id\":\"https:\\\/\\\/regiaonews.net.br\\\/2022\\\/#organization\"},\"image\":{\"@id\":\"https:\\\/\\\/regiaonews.net.br\\\/2022\\\/2024\\\/04\\\/02\\\/estao-abertas-as-inscricoes-para-o-concurso-garota-motorcycles\\\/#primaryimage\"},\"thumbnailUrl\":\"https:\\\/\\\/regiaonews.net.br\\\/2022\\\/wp-content\\\/uploads\\\/2024\\\/04\\\/WhatsApp-Image-2024-04-02-at-12.15.24-PM.jpeg\",\"articleSection\":[\"Barretos\",\"Cidades\"],\"inLanguage\":\"pt-BR\",\"potentialAction\":[{\"@type\":\"CommentAction\",\"name\":\"Comment\",\"target\":[\"https:\\\/\\\/regiaonews.net.br\\\/2022\\\/2024\\\/04\\\/02\\\/estao-abertas-as-inscricoes-para-o-concurso-garota-motorcycles\\\/#respond\"]}]},{\"@type\":\"WebPage\",\"@id\":\"https:\\\/\\\/regiaonews.net.br\\\/2022\\\/2024\\\/04\\\/02\\\/estao-abertas-as-inscricoes-para-o-concurso-garota-motorcycles\\\/\",\"url\":\"https:\\\/\\\/regiaonews.net.br\\\/2022\\\/2024\\\/04\\\/02\\\/estao-abertas-as-inscricoes-para-o-concurso-garota-motorcycles\\\/\",\"name\":\"Est\u00e3o abertas as inscri\u00e7\u00f5es para o Concurso Garota Motorcycles - Regi\u00e3o News\",\"isPartOf\":{\"@id\":\"https:\\\/\\\/regiaonews.net.br\\\/2022\\\/#website\"},\"primaryImageOfPage\":{\"@id\":\"https:\\\/\\\/regiaonews.net.br\\\/2022\\\/2024\\\/04\\\/02\\\/estao-abertas-as-inscricoes-para-o-concurso-garota-motorcycles\\\/#primaryimage\"},\"image\":{\"@id\":\"https:\\\/\\\/regiaonews.net.br\\\/2022\\\/2024\\\/04\\\/02\\\/estao-abertas-as-inscricoes-para-o-concurso-garota-motorcycles\\\/#primaryimage\"},\"thumbnailUrl\":\"https:\\\/\\\/regiaonews.net.br\\\/2022\\\/wp-content\\\/uploads\\\/2024\\\/04\\\/WhatsApp-Image-2024-04-02-at-12.15.24-PM.jpeg\",\"datePublished\":\"2024-04-02T19:50:40+00:00\",\"breadcrumb\":{\"@id\":\"https:\\\/\\\/regiaonews.net.br\\\/2022\\\/2024\\\/04\\\/02\\\/estao-abertas-as-inscricoes-para-o-concurso-garota-motorcycles\\\/#breadcrumb\"},\"inLanguage\":\"pt-BR\",\"potentialAction\":[{\"@type\":\"ReadAction\",\"target\":[\"https:\\\/\\\/regiaonews.net.br\\\/2022\\\/2024\\\/04\\\/02\\\/estao-abertas-as-inscricoes-para-o-concurso-garota-motorcycles\\\/\"]}]},{\"@type\":\"ImageObject\",\"inLanguage\":\"pt-BR\",\"@id\":\"https:\\\/\\\/regiaonews.net.br\\\/2022\\\/2024\\\/04\\\/02\\\/estao-abertas-as-inscricoes-para-o-concurso-garota-motorcycles\\\/#primaryimage\",\"url\":\"https:\\\/\\\/regiaonews.net.br\\\/2022\\\/wp-content\\\/uploads\\\/2024\\\/04\\\/WhatsApp-Image-2024-04-02-at-12.15.24-PM.jpeg\",\"contentUrl\":\"https:\\\/\\\/regiaonews.net.br\\\/2022\\\/wp-content\\\/uploads\\\/2024\\\/04\\\/WhatsApp-Image-2024-04-02-at-12.15.24-PM.jpeg\",\"width\":2560,\"height\":1706},{\"@type\":\"BreadcrumbList\",\"@id\":\"https:\\\/\\\/regiaonews.net.br\\\/2022\\\/2024\\\/04\\\/02\\\/estao-abertas-as-inscricoes-para-o-concurso-garota-motorcycles\\\/#breadcrumb\",\"itemListElement\":[{\"@type\":\"ListItem\",\"position\":1,\"name\":\"In\u00edcio\",\"item\":\"https:\\\/\\\/regiaonews.net.br\\\/2022\\\/\"},{\"@type\":\"ListItem\",\"position\":2,\"name\":\"Est\u00e3o abertas as inscri\u00e7\u00f5es para o Concurso Garota Motorcycles\"}]},{\"@type\":\"WebSite\",\"@id\":\"https:\\\/\\\/regiaonews.net.br\\\/2022\\\/#website\",\"url\":\"https:\\\/\\\/regiaonews.net.br\\\/2022\\\/\",\"name\":\"Regi\u00e3o News\",\"description\":\"Site de Not\u00edcias de Barretos e regi\u00e3o\",\"publisher\":{\"@id\":\"https:\\\/\\\/regiaonews.net.br\\\/2022\\\/#organization\"},\"potentialAction\":[{\"@type\":\"SearchAction\",\"target\":{\"@type\":\"EntryPoint\",\"urlTemplate\":\"https:\\\/\\\/regiaonews.net.br\\\/2022\\\/?s={search_term_string}\"},\"query-input\":{\"@type\":\"PropertyValueSpecification\",\"valueRequired\":true,\"valueName\":\"search_term_string\"}}],\"inLanguage\":\"pt-BR\"},{\"@type\":\"Organization\",\"@id\":\"https:\\\/\\\/regiaonews.net.br\\\/2022\\\/#organization\",\"name\":\"Regi\u00e3o News\",\"url\":\"https:\\\/\\\/regiaonews.net.br\\\/2022\\\/\",\"logo\":{\"@type\":\"ImageObject\",\"inLanguage\":\"pt-BR\",\"@id\":\"https:\\\/\\\/regiaonews.net.br\\\/2022\\\/#\\\/schema\\\/logo\\\/image\\\/\",\"url\":\"https:\\\/\\\/regiaonews.net.br\\\/2022\\\/wp-content\\\/uploads\\\/2026\\\/03\\\/regiao-13-anos-scaled.jpg\",\"contentUrl\":\"https:\\\/\\\/regiaonews.net.br\\\/2022\\\/wp-content\\\/uploads\\\/2026\\\/03\\\/regiao-13-anos-scaled.jpg\",\"width\":2560,\"height\":635,\"caption\":\"Regi\u00e3o News\"},\"image\":{\"@id\":\"https:\\\/\\\/regiaonews.net.br\\\/2022\\\/#\\\/schema\\\/logo\\\/image\\\/\"}},{\"@type\":\"Person\",\"@id\":\"https:\\\/\\\/regiaonews.net.br\\\/2022\\\/#\\\/schema\\\/person\\\/2d205a608a5aa97ac279d7a5e6d89ad8\",\"name\":\"Roberto\",\"image\":{\"@type\":\"ImageObject\",\"inLanguage\":\"pt-BR\",\"@id\":\"https:\\\/\\\/secure.gravatar.com\\\/avatar\\\/42749d8b712ff9d59ca93dc150494e5b55a44134482993f5baeb97e61b7ecc89?s=96&d=mm&r=g\",\"url\":\"https:\\\/\\\/secure.gravatar.com\\\/avatar\\\/42749d8b712ff9d59ca93dc150494e5b55a44134482993f5baeb97e61b7ecc89?s=96&d=mm&r=g\",\"contentUrl\":\"https:\\\/\\\/secure.gravatar.com\\\/avatar\\\/42749d8b712ff9d59ca93dc150494e5b55a44134482993f5baeb97e61b7ecc89?s=96&d=mm&r=g\",\"caption\":\"Roberto\"},\"url\":\"https:\\\/\\\/regiaonews.net.br\\\/2022\\\/author\\\/roberto\\\/\"}]}<\/script>\n<!-- \/ Yoast SEO plugin. -->","yoast_head_json":{"title":"Est\u00e3o abertas as inscri\u00e7\u00f5es para o Concurso Garota Motorcycles - Regi\u00e3o News","robots":{"index":"index","follow":"follow","max-snippet":"max-snippet:-1","max-image-preview":"max-image-preview:large","max-video-preview":"max-video-preview:-1"},"canonical":"https:\/\/regiaonews.net.br\/2022\/2024\/04\/02\/estao-abertas-as-inscricoes-para-o-concurso-garota-motorcycles\/","og_locale":"pt_BR","og_type":"article","og_title":"Est\u00e3o abertas as inscri\u00e7\u00f5es para o Concurso Garota Motorcycles - Regi\u00e3o News","og_description":"&nbsp; Candidatas podem se inscrever at\u00e9 20 de abril. Concurso","og_url":"https:\/\/regiaonews.net.br\/2022\/2024\/04\/02\/estao-abertas-as-inscricoes-para-o-concurso-garota-motorcycles\/","og_site_name":"Regi\u00e3o News","article_published_time":"2024-04-02T19:50:40+00:00","og_image":[{"width":2560,"height":1706,"url":"https:\/\/regiaonews.net.br\/2022\/wp-content\/uploads\/2024\/04\/WhatsApp-Image-2024-04-02-at-12.15.24-PM.jpeg","type":"image\/jpeg"}],"author":"Roberto","twitter_card":"summary_large_image","twitter_misc":{"Escrito por":"Roberto","Est. tempo de leitura":"3 minutos"},"schema":{"@context":"https:\/\/schema.org","@graph":[{"@type":"Article","@id":"https:\/\/regiaonews.net.br\/2022\/2024\/04\/02\/estao-abertas-as-inscricoes-para-o-concurso-garota-motorcycles\/#article","isPartOf":{"@id":"https:\/\/regiaonews.net.br\/2022\/2024\/04\/02\/estao-abertas-as-inscricoes-para-o-concurso-garota-motorcycles\/"},"author":{"name":"Roberto","@id":"https:\/\/regiaonews.net.br\/2022\/#\/schema\/person\/2d205a608a5aa97ac279d7a5e6d89ad8"},"headline":"Est\u00e3o abertas as inscri\u00e7\u00f5es para o Concurso Garota Motorcycles","datePublished":"2024-04-02T19:50:40+00:00","mainEntityOfPage":{"@id":"https:\/\/regiaonews.net.br\/2022\/2024\/04\/02\/estao-abertas-as-inscricoes-para-o-concurso-garota-motorcycles\/"},"wordCount":433,"commentCount":0,"publisher":{"@id":"https:\/\/regiaonews.net.br\/2022\/#organization"},"image":{"@id":"https:\/\/regiaonews.net.br\/2022\/2024\/04\/02\/estao-abertas-as-inscricoes-para-o-concurso-garota-motorcycles\/#primaryimage"},"thumbnailUrl":"https:\/\/regiaonews.net.br\/2022\/wp-content\/uploads\/2024\/04\/WhatsApp-Image-2024-04-02-at-12.15.24-PM.jpeg","articleSection":["Barretos","Cidades"],"inLanguage":"pt-BR","potentialAction":[{"@type":"CommentAction","name":"Comment","target":["https:\/\/regiaonews.net.br\/2022\/2024\/04\/02\/estao-abertas-as-inscricoes-para-o-concurso-garota-motorcycles\/#respond"]}]},{"@type":"WebPage","@id":"https:\/\/regiaonews.net.br\/2022\/2024\/04\/02\/estao-abertas-as-inscricoes-para-o-concurso-garota-motorcycles\/","url":"https:\/\/regiaonews.net.br\/2022\/2024\/04\/02\/estao-abertas-as-inscricoes-para-o-concurso-garota-motorcycles\/","name":"Est\u00e3o abertas as inscri\u00e7\u00f5es para o Concurso Garota Motorcycles - Regi\u00e3o News","isPartOf":{"@id":"https:\/\/regiaonews.net.br\/2022\/#website"},"primaryImageOfPage":{"@id":"https:\/\/regiaonews.net.br\/2022\/2024\/04\/02\/estao-abertas-as-inscricoes-para-o-concurso-garota-motorcycles\/#primaryimage"},"image":{"@id":"https:\/\/regiaonews.net.br\/2022\/2024\/04\/02\/estao-abertas-as-inscricoes-para-o-concurso-garota-motorcycles\/#primaryimage"},"thumbnailUrl":"https:\/\/regiaonews.net.br\/2022\/wp-content\/uploads\/2024\/04\/WhatsApp-Image-2024-04-02-at-12.15.24-PM.jpeg","datePublished":"2024-04-02T19:50:40+00:00","breadcrumb":{"@id":"https:\/\/regiaonews.net.br\/2022\/2024\/04\/02\/estao-abertas-as-inscricoes-para-o-concurso-garota-motorcycles\/#breadcrumb"},"inLanguage":"pt-BR","potentialAction":[{"@type":"ReadAction","target":["https:\/\/regiaonews.net.br\/2022\/2024\/04\/02\/estao-abertas-as-inscricoes-para-o-concurso-garota-motorcycles\/"]}]},{"@type":"ImageObject","inLanguage":"pt-BR","@id":"https:\/\/regiaonews.net.br\/2022\/2024\/04\/02\/estao-abertas-as-inscricoes-para-o-concurso-garota-motorcycles\/#primaryimage","url":"https:\/\/regiaonews.net.br\/2022\/wp-content\/uploads\/2024\/04\/WhatsApp-Image-2024-04-02-at-12.15.24-PM.jpeg","contentUrl":"https:\/\/regiaonews.net.br\/2022\/wp-content\/uploads\/2024\/04\/WhatsApp-Image-2024-04-02-at-12.15.24-PM.jpeg","width":2560,"height":1706},{"@type":"BreadcrumbList","@id":"https:\/\/regiaonews.net.br\/2022\/2024\/04\/02\/estao-abertas-as-inscricoes-para-o-concurso-garota-motorcycles\/#breadcrumb","itemListElement":[{"@type":"ListItem","position":1,"name":"In\u00edcio","item":"https:\/\/regiaonews.net.br\/2022\/"},{"@type":"ListItem","position":2,"name":"Est\u00e3o abertas as inscri\u00e7\u00f5es para o Concurso Garota Motorcycles"}]},{"@type":"WebSite","@id":"https:\/\/regiaonews.net.br\/2022\/#website","url":"https:\/\/regiaonews.net.br\/2022\/","name":"Regi\u00e3o News","description":"Site de Not\u00edcias de Barretos e regi\u00e3o","publisher":{"@id":"https:\/\/regiaonews.net.br\/2022\/#organization"},"potentialAction":[{"@type":"SearchAction","target":{"@type":"EntryPoint","urlTemplate":"https:\/\/regiaonews.net.br\/2022\/?s={search_term_string}"},"query-input":{"@type":"PropertyValueSpecification","valueRequired":true,"valueName":"search_term_string"}}],"inLanguage":"pt-BR"},{"@type":"Organization","@id":"https:\/\/regiaonews.net.br\/2022\/#organization","name":"Regi\u00e3o News","url":"https:\/\/regiaonews.net.br\/2022\/","logo":{"@type":"ImageObject","inLanguage":"pt-BR","@id":"https:\/\/regiaonews.net.br\/2022\/#\/schema\/logo\/image\/","url":"https:\/\/regiaonews.net.br\/2022\/wp-content\/uploads\/2026\/03\/regiao-13-anos-scaled.jpg","contentUrl":"https:\/\/regiaonews.net.br\/2022\/wp-content\/uploads\/2026\/03\/regiao-13-anos-scaled.jpg","width":2560,"height":635,"caption":"Regi\u00e3o News"},"image":{"@id":"https:\/\/regiaonews.net.br\/2022\/#\/schema\/logo\/image\/"}},{"@type":"Person","@id":"https:\/\/regiaonews.net.br\/2022\/#\/schema\/person\/2d205a608a5aa97ac279d7a5e6d89ad8","name":"Roberto","image":{"@type":"ImageObject","inLanguage":"pt-BR","@id":"https:\/\/secure.gravatar.com\/avatar\/42749d8b712ff9d59ca93dc150494e5b55a44134482993f5baeb97e61b7ecc89?s=96&d=mm&r=g","url":"https:\/\/secure.gravatar.com\/avatar\/42749d8b712ff9d59ca93dc150494e5b55a44134482993f5baeb97e61b7ecc89?s=96&d=mm&r=g","contentUrl":"https:\/\/secure.gravatar.com\/avatar\/42749d8b712ff9d59ca93dc150494e5b55a44134482993f5baeb97e61b7ecc89?s=96&d=mm&r=g","caption":"Roberto"},"url":"https:\/\/regiaonews.net.br\/2022\/author\/roberto\/"}]}},"publishpress_future_action":{"enabled":false,"date":"2026-05-03 23:10:00","action":"change-status","newStatus":"draft","terms":[],"taxonomy":"category","extraData":[]},"publishpress_future_workflow_manual_trigger":{"enabledWorkflows":[]},"_links":{"self":[{"href":"https:\/\/regiaonews.net.br\/2022\/wp-json\/wp\/v2\/posts\/103159","targetHints":{"allow":["GET"]}}],"collection":[{"href":"https:\/\/regiaonews.net.br\/2022\/wp-json\/wp\/v2\/posts"}],"about":[{"href":"https:\/\/regiaonews.net.br\/2022\/wp-json\/wp\/v2\/types\/post"}],"author":[{"embeddable":true,"href":"https:\/\/regiaonews.net.br\/2022\/wp-json\/wp\/v2\/users\/2"}],"replies":[{"embeddable":true,"href":"https:\/\/regiaonews.net.br\/2022\/wp-json\/wp\/v2\/comments?post=103159"}],"version-history":[{"count":1,"href":"https:\/\/regiaonews.net.br\/2022\/wp-json\/wp\/v2\/posts\/103159\/revisions"}],"predecessor-version":[{"id":103161,"href":"https:\/\/regiaonews.net.br\/2022\/wp-json\/wp\/v2\/posts\/103159\/revisions\/103161"}],"wp:featuredmedia":[{"embeddable":true,"href":"https:\/\/regiaonews.net.br\/2022\/wp-json\/wp\/v2\/media\/103160"}],"wp:attachment":[{"href":"https:\/\/regiaonews.net.br\/2022\/wp-json\/wp\/v2\/media?parent=103159"}],"wp:term":[{"taxonomy":"category","embeddable":true,"href":"https:\/\/regiaonews.net.br\/2022\/wp-json\/wp\/v2\/categories?post=103159"},{"taxonomy":"post_tag","embeddable":true,"href":"https:\/\/regiaonews.net.br\/2022\/wp-json\/wp\/v2\/tags?post=103159"}],"curies":[{"name":"wp","href":"https:\/\/api.w.org\/{rel}","templated":true}]}}