{"id":103156,"date":"2024-04-02T16:47:44","date_gmt":"2024-04-02T19:47:44","guid":{"rendered":"https:\/\/regiaonews.net.br\/2022\/?p=103156"},"modified":"2024-04-02T16:47:44","modified_gmt":"2024-04-02T19:47:44","slug":"festa-do-peao-de-barretos-tera-show-de-ze-neto-cristiano","status":"publish","type":"post","link":"https:\/\/regiaonews.net.br\/2022\/2024\/04\/02\/festa-do-peao-de-barretos-tera-show-de-ze-neto-cristiano\/","title":{"rendered":"Festa do Pe\u00e3o de Barretos ter\u00e1 show de Z\u00e9 Neto &#038; Cristiano"},"content":{"rendered":"<p>&nbsp;<\/p>\n<p>Dupla far\u00e1 show na sexta-feira, dia 23 de agosto; Evento tamb\u00e9m anunciou duplas Munhoz &amp; Mariano e Hugo Pena &amp; Gabriel no mesmo dia. Ingressos j\u00e1 est\u00e3o \u00e0 venda<\/p>\n<p>A dupla Z\u00e9 Neto &amp; Cristiano, uma das mais aclamadas e ouvidas do pa\u00eds, est\u00e1 confirmada na grade musical da 69\u00aa Festa do Pe\u00e3o de Boiadeiro de Barretos (15 a 25 de agosto). Os cantores far\u00e3o show no dia 23 de agosto, no segundo fim de semana de programa\u00e7\u00e3o do maior evento do g\u00eanero da Am\u00e9rica Latina.<\/p>\n<p>Os sertanejos voltam ao palco do Est\u00e1dio de Rodeios ap\u00f3s a grande apresenta\u00e7\u00e3o realizada no ano passado. Em 2024, al\u00e9m da sele\u00e7\u00e3o de grandes sucessos que marcaram a carreira, a dupla levar\u00e1 para os f\u00e3s as m\u00fasicas do novo DVD \u201cIntenso\u201d, lan\u00e7ado recentemente. Diferente de projetos anteriores, o trabalho aposta em uma sequ\u00eancia de participa\u00e7\u00f5es especiais e transmite o momento de transforma\u00e7\u00e3o vivido pela dupla, que agora \u00e9 respons\u00e1vel pela gest\u00e3o da pr\u00f3pria carreira.<\/p>\n<p>A Festa do Pe\u00e3o de Barretos tamb\u00e9m confirmou para a mesma noite, as duplas Munhoz &amp; Mariano e Hugo Pena &amp; Gabriel. Ainda no dia 23 de agosto, j\u00e1 foram anunciados os shows de Luan Santana e Zez\u00e9 Di Camargo &amp; Luciano.<\/p>\n<p>Mais shows<br \/>\nNo primeiro dia, 15 de agosto, os shows anunciados s\u00e3o de Luan Pereira e de Lauana Prado. No dia 16, sexta, os shows ser\u00e3o das g\u00eameas Maiara e Mara\u00edsa, da cantora Simone Mendes e da dupla Bruno &amp; Marrone.<br \/>\nA programa\u00e7\u00e3o segue no dia 17 de agosto, com C\u00e9sar Menotti &amp; Fabiano (embaixadores do rodeio deste ano), Jorge &amp; Mateus e Ana Castela.<\/p>\n<p>E no dia 24 de agosto, o aguardado show internacional do \u00eddolo country norte-americano, Cody Johnson.<\/p>\n<p>Ingressos<br \/>\nOs acessos para a festa est\u00e3o \u00e0 venda exclusivamente por meio do site oficial https:\/\/barretos.totalacesso.com\/. No endere\u00e7o \u00e9 poss\u00edvel encontrar os lotes para os setores Parque\/Rodeio\/Show, \u00c1rea Vip, Pista Prime, Pista Gold e Stage Prime; Camarotes Arena Premium, Brahma, Open Super Bull e Dagente. Tamb\u00e9m j\u00e1 \u00e9 poss\u00edvel adquirir pacotes para a \u00e1rea de Camping, que funciona dentro do Parque do Pe\u00e3o.<\/p>\n<p>Foto : Alisson Demetrio<\/p>\n","protected":false},"excerpt":{"rendered":"<p>&nbsp; Dupla far\u00e1 show na sexta-feira, dia 23 de agosto;<\/p>\n","protected":false},"author":2,"featured_media":103157,"comment_status":"open","ping_status":"open","sticky":false,"template":"","format":"standard","meta":{"footnotes":""},"categories":[14,45],"tags":[],"class_list":["post-103156","post","type-post","status-publish","format-standard","has-post-thumbnail","hentry","category-barretos","category-festa-do-peao"],"yoast_head":"<!-- This site is optimized with the Yoast SEO plugin v27.4 - https:\/\/yoast.com\/product\/yoast-seo-wordpress\/ -->\n<title>Festa do Pe\u00e3o de Barretos ter\u00e1 show de Z\u00e9 Neto &amp; Cristiano - Regi\u00e3o News<\/title>\n<meta name=\"robots\" content=\"index, follow, max-snippet:-1, max-image-preview:large, max-video-preview:-1\" \/>\n<link rel=\"canonical\" href=\"https:\/\/regiaonews.net.br\/2022\/2024\/04\/02\/festa-do-peao-de-barretos-tera-show-de-ze-neto-cristiano\/\" \/>\n<meta property=\"og:locale\" content=\"pt_BR\" \/>\n<meta property=\"og:type\" content=\"article\" \/>\n<meta property=\"og:title\" content=\"Festa do Pe\u00e3o de Barretos ter\u00e1 show de Z\u00e9 Neto &amp; Cristiano - Regi\u00e3o News\" \/>\n<meta property=\"og:description\" content=\"&nbsp; Dupla far\u00e1 show na sexta-feira, dia 23 de agosto;\" \/>\n<meta property=\"og:url\" content=\"https:\/\/regiaonews.net.br\/2022\/2024\/04\/02\/festa-do-peao-de-barretos-tera-show-de-ze-neto-cristiano\/\" \/>\n<meta property=\"og:site_name\" content=\"Regi\u00e3o News\" \/>\n<meta property=\"article:published_time\" content=\"2024-04-02T19:47:44+00:00\" \/>\n<meta property=\"og:image\" content=\"https:\/\/regiaonews.net.br\/2022\/wp-content\/uploads\/2024\/04\/WhatsApp-Image-2024-04-02-at-4.44.05-PM.jpeg\" \/>\n\t<meta property=\"og:image:width\" content=\"1600\" \/>\n\t<meta property=\"og:image:height\" content=\"1066\" \/>\n\t<meta property=\"og:image:type\" content=\"image\/jpeg\" \/>\n<meta name=\"author\" content=\"Roberto\" \/>\n<meta name=\"twitter:card\" content=\"summary_large_image\" \/>\n<meta name=\"twitter:label1\" content=\"Escrito por\" \/>\n\t<meta name=\"twitter:data1\" content=\"Roberto\" \/>\n\t<meta name=\"twitter:label2\" content=\"Est. tempo de leitura\" \/>\n\t<meta name=\"twitter:data2\" content=\"3 minutos\" \/>\n<script type=\"application\/ld+json\" class=\"yoast-schema-graph\">{\"@context\":\"https:\\\/\\\/schema.org\",\"@graph\":[{\"@type\":\"Article\",\"@id\":\"https:\\\/\\\/regiaonews.net.br\\\/2022\\\/2024\\\/04\\\/02\\\/festa-do-peao-de-barretos-tera-show-de-ze-neto-cristiano\\\/#article\",\"isPartOf\":{\"@id\":\"https:\\\/\\\/regiaonews.net.br\\\/2022\\\/2024\\\/04\\\/02\\\/festa-do-peao-de-barretos-tera-show-de-ze-neto-cristiano\\\/\"},\"author\":{\"name\":\"Roberto\",\"@id\":\"https:\\\/\\\/regiaonews.net.br\\\/2022\\\/#\\\/schema\\\/person\\\/2d205a608a5aa97ac279d7a5e6d89ad8\"},\"headline\":\"Festa do Pe\u00e3o de Barretos ter\u00e1 show de Z\u00e9 Neto &#038; Cristiano\",\"datePublished\":\"2024-04-02T19:47:44+00:00\",\"mainEntityOfPage\":{\"@id\":\"https:\\\/\\\/regiaonews.net.br\\\/2022\\\/2024\\\/04\\\/02\\\/festa-do-peao-de-barretos-tera-show-de-ze-neto-cristiano\\\/\"},\"wordCount\":387,\"commentCount\":0,\"publisher\":{\"@id\":\"https:\\\/\\\/regiaonews.net.br\\\/2022\\\/#organization\"},\"image\":{\"@id\":\"https:\\\/\\\/regiaonews.net.br\\\/2022\\\/2024\\\/04\\\/02\\\/festa-do-peao-de-barretos-tera-show-de-ze-neto-cristiano\\\/#primaryimage\"},\"thumbnailUrl\":\"https:\\\/\\\/regiaonews.net.br\\\/2022\\\/wp-content\\\/uploads\\\/2024\\\/04\\\/WhatsApp-Image-2024-04-02-at-4.44.05-PM.jpeg\",\"articleSection\":[\"Barretos\",\"Festa do Pe\u00e3o\"],\"inLanguage\":\"pt-BR\",\"potentialAction\":[{\"@type\":\"CommentAction\",\"name\":\"Comment\",\"target\":[\"https:\\\/\\\/regiaonews.net.br\\\/2022\\\/2024\\\/04\\\/02\\\/festa-do-peao-de-barretos-tera-show-de-ze-neto-cristiano\\\/#respond\"]}]},{\"@type\":\"WebPage\",\"@id\":\"https:\\\/\\\/regiaonews.net.br\\\/2022\\\/2024\\\/04\\\/02\\\/festa-do-peao-de-barretos-tera-show-de-ze-neto-cristiano\\\/\",\"url\":\"https:\\\/\\\/regiaonews.net.br\\\/2022\\\/2024\\\/04\\\/02\\\/festa-do-peao-de-barretos-tera-show-de-ze-neto-cristiano\\\/\",\"name\":\"Festa do Pe\u00e3o de Barretos ter\u00e1 show de Z\u00e9 Neto & Cristiano - Regi\u00e3o News\",\"isPartOf\":{\"@id\":\"https:\\\/\\\/regiaonews.net.br\\\/2022\\\/#website\"},\"primaryImageOfPage\":{\"@id\":\"https:\\\/\\\/regiaonews.net.br\\\/2022\\\/2024\\\/04\\\/02\\\/festa-do-peao-de-barretos-tera-show-de-ze-neto-cristiano\\\/#primaryimage\"},\"image\":{\"@id\":\"https:\\\/\\\/regiaonews.net.br\\\/2022\\\/2024\\\/04\\\/02\\\/festa-do-peao-de-barretos-tera-show-de-ze-neto-cristiano\\\/#primaryimage\"},\"thumbnailUrl\":\"https:\\\/\\\/regiaonews.net.br\\\/2022\\\/wp-content\\\/uploads\\\/2024\\\/04\\\/WhatsApp-Image-2024-04-02-at-4.44.05-PM.jpeg\",\"datePublished\":\"2024-04-02T19:47:44+00:00\",\"breadcrumb\":{\"@id\":\"https:\\\/\\\/regiaonews.net.br\\\/2022\\\/2024\\\/04\\\/02\\\/festa-do-peao-de-barretos-tera-show-de-ze-neto-cristiano\\\/#breadcrumb\"},\"inLanguage\":\"pt-BR\",\"potentialAction\":[{\"@type\":\"ReadAction\",\"target\":[\"https:\\\/\\\/regiaonews.net.br\\\/2022\\\/2024\\\/04\\\/02\\\/festa-do-peao-de-barretos-tera-show-de-ze-neto-cristiano\\\/\"]}]},{\"@type\":\"ImageObject\",\"inLanguage\":\"pt-BR\",\"@id\":\"https:\\\/\\\/regiaonews.net.br\\\/2022\\\/2024\\\/04\\\/02\\\/festa-do-peao-de-barretos-tera-show-de-ze-neto-cristiano\\\/#primaryimage\",\"url\":\"https:\\\/\\\/regiaonews.net.br\\\/2022\\\/wp-content\\\/uploads\\\/2024\\\/04\\\/WhatsApp-Image-2024-04-02-at-4.44.05-PM.jpeg\",\"contentUrl\":\"https:\\\/\\\/regiaonews.net.br\\\/2022\\\/wp-content\\\/uploads\\\/2024\\\/04\\\/WhatsApp-Image-2024-04-02-at-4.44.05-PM.jpeg\",\"width\":1600,\"height\":1066},{\"@type\":\"BreadcrumbList\",\"@id\":\"https:\\\/\\\/regiaonews.net.br\\\/2022\\\/2024\\\/04\\\/02\\\/festa-do-peao-de-barretos-tera-show-de-ze-neto-cristiano\\\/#breadcrumb\",\"itemListElement\":[{\"@type\":\"ListItem\",\"position\":1,\"name\":\"In\u00edcio\",\"item\":\"https:\\\/\\\/regiaonews.net.br\\\/2022\\\/\"},{\"@type\":\"ListItem\",\"position\":2,\"name\":\"Festa do Pe\u00e3o de Barretos ter\u00e1 show de Z\u00e9 Neto &#038; Cristiano\"}]},{\"@type\":\"WebSite\",\"@id\":\"https:\\\/\\\/regiaonews.net.br\\\/2022\\\/#website\",\"url\":\"https:\\\/\\\/regiaonews.net.br\\\/2022\\\/\",\"name\":\"Regi\u00e3o News\",\"description\":\"Site de Not\u00edcias de Barretos e regi\u00e3o\",\"publisher\":{\"@id\":\"https:\\\/\\\/regiaonews.net.br\\\/2022\\\/#organization\"},\"potentialAction\":[{\"@type\":\"SearchAction\",\"target\":{\"@type\":\"EntryPoint\",\"urlTemplate\":\"https:\\\/\\\/regiaonews.net.br\\\/2022\\\/?s={search_term_string}\"},\"query-input\":{\"@type\":\"PropertyValueSpecification\",\"valueRequired\":true,\"valueName\":\"search_term_string\"}}],\"inLanguage\":\"pt-BR\"},{\"@type\":\"Organization\",\"@id\":\"https:\\\/\\\/regiaonews.net.br\\\/2022\\\/#organization\",\"name\":\"Regi\u00e3o News\",\"url\":\"https:\\\/\\\/regiaonews.net.br\\\/2022\\\/\",\"logo\":{\"@type\":\"ImageObject\",\"inLanguage\":\"pt-BR\",\"@id\":\"https:\\\/\\\/regiaonews.net.br\\\/2022\\\/#\\\/schema\\\/logo\\\/image\\\/\",\"url\":\"https:\\\/\\\/regiaonews.net.br\\\/2022\\\/wp-content\\\/uploads\\\/2026\\\/03\\\/regiao-13-anos-scaled.jpg\",\"contentUrl\":\"https:\\\/\\\/regiaonews.net.br\\\/2022\\\/wp-content\\\/uploads\\\/2026\\\/03\\\/regiao-13-anos-scaled.jpg\",\"width\":2560,\"height\":635,\"caption\":\"Regi\u00e3o News\"},\"image\":{\"@id\":\"https:\\\/\\\/regiaonews.net.br\\\/2022\\\/#\\\/schema\\\/logo\\\/image\\\/\"}},{\"@type\":\"Person\",\"@id\":\"https:\\\/\\\/regiaonews.net.br\\\/2022\\\/#\\\/schema\\\/person\\\/2d205a608a5aa97ac279d7a5e6d89ad8\",\"name\":\"Roberto\",\"image\":{\"@type\":\"ImageObject\",\"inLanguage\":\"pt-BR\",\"@id\":\"https:\\\/\\\/secure.gravatar.com\\\/avatar\\\/42749d8b712ff9d59ca93dc150494e5b55a44134482993f5baeb97e61b7ecc89?s=96&d=mm&r=g\",\"url\":\"https:\\\/\\\/secure.gravatar.com\\\/avatar\\\/42749d8b712ff9d59ca93dc150494e5b55a44134482993f5baeb97e61b7ecc89?s=96&d=mm&r=g\",\"contentUrl\":\"https:\\\/\\\/secure.gravatar.com\\\/avatar\\\/42749d8b712ff9d59ca93dc150494e5b55a44134482993f5baeb97e61b7ecc89?s=96&d=mm&r=g\",\"caption\":\"Roberto\"},\"url\":\"https:\\\/\\\/regiaonews.net.br\\\/2022\\\/author\\\/roberto\\\/\"}]}<\/script>\n<!-- \/ Yoast SEO plugin. -->","yoast_head_json":{"title":"Festa do Pe\u00e3o de Barretos ter\u00e1 show de Z\u00e9 Neto & Cristiano - Regi\u00e3o News","robots":{"index":"index","follow":"follow","max-snippet":"max-snippet:-1","max-image-preview":"max-image-preview:large","max-video-preview":"max-video-preview:-1"},"canonical":"https:\/\/regiaonews.net.br\/2022\/2024\/04\/02\/festa-do-peao-de-barretos-tera-show-de-ze-neto-cristiano\/","og_locale":"pt_BR","og_type":"article","og_title":"Festa do Pe\u00e3o de Barretos ter\u00e1 show de Z\u00e9 Neto & Cristiano - Regi\u00e3o News","og_description":"&nbsp; Dupla far\u00e1 show na sexta-feira, dia 23 de agosto;","og_url":"https:\/\/regiaonews.net.br\/2022\/2024\/04\/02\/festa-do-peao-de-barretos-tera-show-de-ze-neto-cristiano\/","og_site_name":"Regi\u00e3o News","article_published_time":"2024-04-02T19:47:44+00:00","og_image":[{"width":1600,"height":1066,"url":"https:\/\/regiaonews.net.br\/2022\/wp-content\/uploads\/2024\/04\/WhatsApp-Image-2024-04-02-at-4.44.05-PM.jpeg","type":"image\/jpeg"}],"author":"Roberto","twitter_card":"summary_large_image","twitter_misc":{"Escrito por":"Roberto","Est. tempo de leitura":"3 minutos"},"schema":{"@context":"https:\/\/schema.org","@graph":[{"@type":"Article","@id":"https:\/\/regiaonews.net.br\/2022\/2024\/04\/02\/festa-do-peao-de-barretos-tera-show-de-ze-neto-cristiano\/#article","isPartOf":{"@id":"https:\/\/regiaonews.net.br\/2022\/2024\/04\/02\/festa-do-peao-de-barretos-tera-show-de-ze-neto-cristiano\/"},"author":{"name":"Roberto","@id":"https:\/\/regiaonews.net.br\/2022\/#\/schema\/person\/2d205a608a5aa97ac279d7a5e6d89ad8"},"headline":"Festa do Pe\u00e3o de Barretos ter\u00e1 show de Z\u00e9 Neto &#038; Cristiano","datePublished":"2024-04-02T19:47:44+00:00","mainEntityOfPage":{"@id":"https:\/\/regiaonews.net.br\/2022\/2024\/04\/02\/festa-do-peao-de-barretos-tera-show-de-ze-neto-cristiano\/"},"wordCount":387,"commentCount":0,"publisher":{"@id":"https:\/\/regiaonews.net.br\/2022\/#organization"},"image":{"@id":"https:\/\/regiaonews.net.br\/2022\/2024\/04\/02\/festa-do-peao-de-barretos-tera-show-de-ze-neto-cristiano\/#primaryimage"},"thumbnailUrl":"https:\/\/regiaonews.net.br\/2022\/wp-content\/uploads\/2024\/04\/WhatsApp-Image-2024-04-02-at-4.44.05-PM.jpeg","articleSection":["Barretos","Festa do Pe\u00e3o"],"inLanguage":"pt-BR","potentialAction":[{"@type":"CommentAction","name":"Comment","target":["https:\/\/regiaonews.net.br\/2022\/2024\/04\/02\/festa-do-peao-de-barretos-tera-show-de-ze-neto-cristiano\/#respond"]}]},{"@type":"WebPage","@id":"https:\/\/regiaonews.net.br\/2022\/2024\/04\/02\/festa-do-peao-de-barretos-tera-show-de-ze-neto-cristiano\/","url":"https:\/\/regiaonews.net.br\/2022\/2024\/04\/02\/festa-do-peao-de-barretos-tera-show-de-ze-neto-cristiano\/","name":"Festa do Pe\u00e3o de Barretos ter\u00e1 show de Z\u00e9 Neto & Cristiano - Regi\u00e3o News","isPartOf":{"@id":"https:\/\/regiaonews.net.br\/2022\/#website"},"primaryImageOfPage":{"@id":"https:\/\/regiaonews.net.br\/2022\/2024\/04\/02\/festa-do-peao-de-barretos-tera-show-de-ze-neto-cristiano\/#primaryimage"},"image":{"@id":"https:\/\/regiaonews.net.br\/2022\/2024\/04\/02\/festa-do-peao-de-barretos-tera-show-de-ze-neto-cristiano\/#primaryimage"},"thumbnailUrl":"https:\/\/regiaonews.net.br\/2022\/wp-content\/uploads\/2024\/04\/WhatsApp-Image-2024-04-02-at-4.44.05-PM.jpeg","datePublished":"2024-04-02T19:47:44+00:00","breadcrumb":{"@id":"https:\/\/regiaonews.net.br\/2022\/2024\/04\/02\/festa-do-peao-de-barretos-tera-show-de-ze-neto-cristiano\/#breadcrumb"},"inLanguage":"pt-BR","potentialAction":[{"@type":"ReadAction","target":["https:\/\/regiaonews.net.br\/2022\/2024\/04\/02\/festa-do-peao-de-barretos-tera-show-de-ze-neto-cristiano\/"]}]},{"@type":"ImageObject","inLanguage":"pt-BR","@id":"https:\/\/regiaonews.net.br\/2022\/2024\/04\/02\/festa-do-peao-de-barretos-tera-show-de-ze-neto-cristiano\/#primaryimage","url":"https:\/\/regiaonews.net.br\/2022\/wp-content\/uploads\/2024\/04\/WhatsApp-Image-2024-04-02-at-4.44.05-PM.jpeg","contentUrl":"https:\/\/regiaonews.net.br\/2022\/wp-content\/uploads\/2024\/04\/WhatsApp-Image-2024-04-02-at-4.44.05-PM.jpeg","width":1600,"height":1066},{"@type":"BreadcrumbList","@id":"https:\/\/regiaonews.net.br\/2022\/2024\/04\/02\/festa-do-peao-de-barretos-tera-show-de-ze-neto-cristiano\/#breadcrumb","itemListElement":[{"@type":"ListItem","position":1,"name":"In\u00edcio","item":"https:\/\/regiaonews.net.br\/2022\/"},{"@type":"ListItem","position":2,"name":"Festa do Pe\u00e3o de Barretos ter\u00e1 show de Z\u00e9 Neto &#038; Cristiano"}]},{"@type":"WebSite","@id":"https:\/\/regiaonews.net.br\/2022\/#website","url":"https:\/\/regiaonews.net.br\/2022\/","name":"Regi\u00e3o News","description":"Site de Not\u00edcias de Barretos e regi\u00e3o","publisher":{"@id":"https:\/\/regiaonews.net.br\/2022\/#organization"},"potentialAction":[{"@type":"SearchAction","target":{"@type":"EntryPoint","urlTemplate":"https:\/\/regiaonews.net.br\/2022\/?s={search_term_string}"},"query-input":{"@type":"PropertyValueSpecification","valueRequired":true,"valueName":"search_term_string"}}],"inLanguage":"pt-BR"},{"@type":"Organization","@id":"https:\/\/regiaonews.net.br\/2022\/#organization","name":"Regi\u00e3o News","url":"https:\/\/regiaonews.net.br\/2022\/","logo":{"@type":"ImageObject","inLanguage":"pt-BR","@id":"https:\/\/regiaonews.net.br\/2022\/#\/schema\/logo\/image\/","url":"https:\/\/regiaonews.net.br\/2022\/wp-content\/uploads\/2026\/03\/regiao-13-anos-scaled.jpg","contentUrl":"https:\/\/regiaonews.net.br\/2022\/wp-content\/uploads\/2026\/03\/regiao-13-anos-scaled.jpg","width":2560,"height":635,"caption":"Regi\u00e3o News"},"image":{"@id":"https:\/\/regiaonews.net.br\/2022\/#\/schema\/logo\/image\/"}},{"@type":"Person","@id":"https:\/\/regiaonews.net.br\/2022\/#\/schema\/person\/2d205a608a5aa97ac279d7a5e6d89ad8","name":"Roberto","image":{"@type":"ImageObject","inLanguage":"pt-BR","@id":"https:\/\/secure.gravatar.com\/avatar\/42749d8b712ff9d59ca93dc150494e5b55a44134482993f5baeb97e61b7ecc89?s=96&d=mm&r=g","url":"https:\/\/secure.gravatar.com\/avatar\/42749d8b712ff9d59ca93dc150494e5b55a44134482993f5baeb97e61b7ecc89?s=96&d=mm&r=g","contentUrl":"https:\/\/secure.gravatar.com\/avatar\/42749d8b712ff9d59ca93dc150494e5b55a44134482993f5baeb97e61b7ecc89?s=96&d=mm&r=g","caption":"Roberto"},"url":"https:\/\/regiaonews.net.br\/2022\/author\/roberto\/"}]}},"publishpress_future_action":{"enabled":false,"date":"2026-05-03 21:25:19","action":"change-status","newStatus":"draft","terms":[],"taxonomy":"category","extraData":[]},"publishpress_future_workflow_manual_trigger":{"enabledWorkflows":[]},"_links":{"self":[{"href":"https:\/\/regiaonews.net.br\/2022\/wp-json\/wp\/v2\/posts\/103156","targetHints":{"allow":["GET"]}}],"collection":[{"href":"https:\/\/regiaonews.net.br\/2022\/wp-json\/wp\/v2\/posts"}],"about":[{"href":"https:\/\/regiaonews.net.br\/2022\/wp-json\/wp\/v2\/types\/post"}],"author":[{"embeddable":true,"href":"https:\/\/regiaonews.net.br\/2022\/wp-json\/wp\/v2\/users\/2"}],"replies":[{"embeddable":true,"href":"https:\/\/regiaonews.net.br\/2022\/wp-json\/wp\/v2\/comments?post=103156"}],"version-history":[{"count":1,"href":"https:\/\/regiaonews.net.br\/2022\/wp-json\/wp\/v2\/posts\/103156\/revisions"}],"predecessor-version":[{"id":103158,"href":"https:\/\/regiaonews.net.br\/2022\/wp-json\/wp\/v2\/posts\/103156\/revisions\/103158"}],"wp:featuredmedia":[{"embeddable":true,"href":"https:\/\/regiaonews.net.br\/2022\/wp-json\/wp\/v2\/media\/103157"}],"wp:attachment":[{"href":"https:\/\/regiaonews.net.br\/2022\/wp-json\/wp\/v2\/media?parent=103156"}],"wp:term":[{"taxonomy":"category","embeddable":true,"href":"https:\/\/regiaonews.net.br\/2022\/wp-json\/wp\/v2\/categories?post=103156"},{"taxonomy":"post_tag","embeddable":true,"href":"https:\/\/regiaonews.net.br\/2022\/wp-json\/wp\/v2\/tags?post=103156"}],"curies":[{"name":"wp","href":"https:\/\/api.w.org\/{rel}","templated":true}]}}