{"id":103151,"date":"2024-04-02T16:43:57","date_gmt":"2024-04-02T19:43:57","guid":{"rendered":"https:\/\/regiaonews.net.br\/2022\/?p=103151"},"modified":"2024-04-02T16:43:57","modified_gmt":"2024-04-02T19:43:57","slug":"dia-3-de-abril-a-santa-casa-de-barretos-comemora-103-anos","status":"publish","type":"post","link":"https:\/\/regiaonews.net.br\/2022\/2024\/04\/02\/dia-3-de-abril-a-santa-casa-de-barretos-comemora-103-anos\/","title":{"rendered":"Dia 3 de abril a Santa Casa de Barretos comemora 103 anos"},"content":{"rendered":"<p>&nbsp;<\/p>\n<p>Karla Armani, historiadora barretense, explica a origem da data<\/p>\n<p>Neste dia 3 de abril, a Santa Casa de Miseric\u00f3rdia de Barretos est\u00e1 celebrando 103 anos de vida, mas h\u00e1 uma pol\u00eamica em torno da data. A funda\u00e7\u00e3o do hospital aconteceu, oficialmente, no dia 9 de janeiro de 1921, no entanto, somente no dia 3 de abril o hospital passou a funcionar de fato.<br \/>\nA historiadora barretense, Karla Armani, realizou um grande trabalho de pesquisa sobre o hospital durante anos e comenta que \u201c\u00e9 muito importante que n\u00f3s conhe\u00e7amos um pouco das datas para poder entender n\u00e3o somente a trajet\u00f3ria e a hist\u00f3ria do hospital, mas para validar muito do orgulho que todo barretense carrega da nossa Santa Casa. A Santa Casa adotou como data oficial da sua funda\u00e7\u00e3o o dia 9 de janeiro de 1921, mas o dia 3 de abril \u00e9 t\u00e3o importante quanto. Em 9 de janeiro foi formada a provedoria, a primeira mesa administrativa da Santa Casa, cujo provedor era o doutor Pedro Paulo de Souza Nogueira, advogado e ex-prefeito da cidade de Barretos, e o primeiro diretor cl\u00ednico, o m\u00e9dico, dr. Henrique Pamplona de Menezes. Mas, no dia 3 de abril de 1921 \u00e9 que, de fato, a Santa Casa abriu as suas portas para atender a popula\u00e7\u00e3o, ainda com o pr\u00e9dio n\u00e3o finalizado, com somente uma ala das enfermarias funcionando. O centro cir\u00fargico nem era ainda existente, mas havia as condi\u00e7\u00f5es para os primeiros atendimentos e a primeira interna\u00e7\u00e3o aconteceu em 3 de abril, h\u00e1 103 anos\u201d, revela ela.<br \/>\nArmani vai al\u00e9m na hist\u00f3ria, e regredindo ainda mais no tempo conta que o primeiro hospital de Barretos n\u00e3o foi a Santa Casa, pois em 1912, Barretos teve sua primeira unidade hospitalar, n\u00e3o t\u00e3o bem estruturada, um pouco menor, chamada Casa de Caridade. \u201cEla funcionava nas depend\u00eancias da Sociedade Esp\u00edrita, 25 de dezembro, um dos centros esp\u00edritas mais antigos do pa\u00eds. A Casa de Caridade funcionou at\u00e9 1920, durante a epidemia da gripe espanhola, para depois dar lugar \u00e0 nossa Santa Casa. Ela, a Casa de Caridade fundada pelo Centro Espirita, inclusive era conhecida como Santa Casinha \u00e0 \u00e9poca\u201d, diz a historiadora.<br \/>\n\u201cA ideia de funda\u00e7\u00e3o da Santa Casa de Barretos come\u00e7ou com o padre Jos\u00e9 Martins, que em 1917 fez uma reuni\u00e3o em sua casa, no m\u00eas de janeiro, e ali fundou a Comiss\u00e3o Promotora da Funda\u00e7\u00e3o da Casa de Miseric\u00f3rdia de Barretos. Foi a semente para o nascer do hospital. Naquele mesmo ano, o padre conseguiu autoriza\u00e7\u00e3o para constru\u00e7\u00e3o do hospital no terreno foreiro que ent\u00e3o abrigava a Pra\u00e7a Ant\u00f4nio Ol\u00edmpio, esse quarteir\u00e3o onde hoje \u00e9 a Santa Casa. Em 1918, a planta arquitet\u00f4nica assinada por Pagano e Fioravante da D\u00e1cio de Moraes j\u00e1 estava feita. Muitas quermesses foram realizadas para se conseguir verba para edificar o hospital e, em 30 de junho de 1918, a cidade ficou em festa em decorr\u00eancia do lan\u00e7amento da pedra fundamental da Casa de Miseric\u00f3rdia de Barretos. Na d\u00e9cada de 20, tamb\u00e9m existiram v\u00e1rias quermesses na Pra\u00e7a Francisco Barreto para conseguir verba restante e, portanto, em 9 de janeiro, foi nomeada a sua mesa administrativa e corpo cl\u00ednico\u201d, resume Karla Armani.<br \/>\nA pesquisa feita por ela contou com os livros de ata do hospital, registros em jornais e cart\u00f3rios da \u00e9poca, al\u00e9m de entrevistas com v\u00e1rias pessoas. A historiadora gravou um v\u00eddeo contando essa hist\u00f3ria e ele estar\u00e1 \u00e0 disposi\u00e7\u00e3o nas redes sociais da Santa Casa de Miseric\u00f3rdia de Barretos a partir desta quarta, 3 de abril, anivers\u00e1rio de funcionamento do hospital.<\/p>\n","protected":false},"excerpt":{"rendered":"<p>&nbsp; Karla Armani, historiadora barretense, explica a origem da data<\/p>\n","protected":false},"author":2,"featured_media":103152,"comment_status":"open","ping_status":"open","sticky":false,"template":"","format":"standard","meta":{"footnotes":""},"categories":[14,25],"tags":[],"class_list":["post-103151","post","type-post","status-publish","format-standard","has-post-thumbnail","hentry","category-barretos","category-cidades"],"yoast_head":"<!-- This site is optimized with the Yoast SEO plugin v27.4 - https:\/\/yoast.com\/product\/yoast-seo-wordpress\/ -->\n<title>Dia 3 de abril a Santa Casa de Barretos comemora 103 anos - Regi\u00e3o News<\/title>\n<meta name=\"robots\" content=\"index, follow, max-snippet:-1, max-image-preview:large, max-video-preview:-1\" \/>\n<link rel=\"canonical\" href=\"https:\/\/regiaonews.net.br\/2022\/2024\/04\/02\/dia-3-de-abril-a-santa-casa-de-barretos-comemora-103-anos\/\" \/>\n<meta property=\"og:locale\" content=\"pt_BR\" \/>\n<meta property=\"og:type\" content=\"article\" \/>\n<meta property=\"og:title\" content=\"Dia 3 de abril a Santa Casa de Barretos comemora 103 anos - Regi\u00e3o News\" \/>\n<meta property=\"og:description\" content=\"&nbsp; Karla Armani, historiadora barretense, explica a origem da data\" \/>\n<meta property=\"og:url\" content=\"https:\/\/regiaonews.net.br\/2022\/2024\/04\/02\/dia-3-de-abril-a-santa-casa-de-barretos-comemora-103-anos\/\" \/>\n<meta property=\"og:site_name\" content=\"Regi\u00e3o News\" \/>\n<meta property=\"article:published_time\" content=\"2024-04-02T19:43:57+00:00\" \/>\n<meta property=\"og:image\" content=\"https:\/\/regiaonews.net.br\/2022\/wp-content\/uploads\/2024\/04\/WhatsApp-Image-2024-04-02-at-3.13.04-PM.jpeg\" \/>\n\t<meta property=\"og:image:width\" content=\"1600\" \/>\n\t<meta property=\"og:image:height\" content=\"1125\" \/>\n\t<meta property=\"og:image:type\" content=\"image\/jpeg\" \/>\n<meta name=\"author\" content=\"Roberto\" \/>\n<meta name=\"twitter:card\" content=\"summary_large_image\" \/>\n<meta name=\"twitter:label1\" content=\"Escrito por\" \/>\n\t<meta name=\"twitter:data1\" content=\"Roberto\" \/>\n\t<meta name=\"twitter:label2\" content=\"Est. tempo de leitura\" \/>\n\t<meta name=\"twitter:data2\" content=\"4 minutos\" \/>\n<script type=\"application\/ld+json\" class=\"yoast-schema-graph\">{\"@context\":\"https:\\\/\\\/schema.org\",\"@graph\":[{\"@type\":\"Article\",\"@id\":\"https:\\\/\\\/regiaonews.net.br\\\/2022\\\/2024\\\/04\\\/02\\\/dia-3-de-abril-a-santa-casa-de-barretos-comemora-103-anos\\\/#article\",\"isPartOf\":{\"@id\":\"https:\\\/\\\/regiaonews.net.br\\\/2022\\\/2024\\\/04\\\/02\\\/dia-3-de-abril-a-santa-casa-de-barretos-comemora-103-anos\\\/\"},\"author\":{\"name\":\"Roberto\",\"@id\":\"https:\\\/\\\/regiaonews.net.br\\\/2022\\\/#\\\/schema\\\/person\\\/2d205a608a5aa97ac279d7a5e6d89ad8\"},\"headline\":\"Dia 3 de abril a Santa Casa de Barretos comemora 103 anos\",\"datePublished\":\"2024-04-02T19:43:57+00:00\",\"mainEntityOfPage\":{\"@id\":\"https:\\\/\\\/regiaonews.net.br\\\/2022\\\/2024\\\/04\\\/02\\\/dia-3-de-abril-a-santa-casa-de-barretos-comemora-103-anos\\\/\"},\"wordCount\":624,\"commentCount\":0,\"publisher\":{\"@id\":\"https:\\\/\\\/regiaonews.net.br\\\/2022\\\/#organization\"},\"image\":{\"@id\":\"https:\\\/\\\/regiaonews.net.br\\\/2022\\\/2024\\\/04\\\/02\\\/dia-3-de-abril-a-santa-casa-de-barretos-comemora-103-anos\\\/#primaryimage\"},\"thumbnailUrl\":\"https:\\\/\\\/regiaonews.net.br\\\/2022\\\/wp-content\\\/uploads\\\/2024\\\/04\\\/WhatsApp-Image-2024-04-02-at-3.13.04-PM.jpeg\",\"articleSection\":[\"Barretos\",\"Cidades\"],\"inLanguage\":\"pt-BR\",\"potentialAction\":[{\"@type\":\"CommentAction\",\"name\":\"Comment\",\"target\":[\"https:\\\/\\\/regiaonews.net.br\\\/2022\\\/2024\\\/04\\\/02\\\/dia-3-de-abril-a-santa-casa-de-barretos-comemora-103-anos\\\/#respond\"]}]},{\"@type\":\"WebPage\",\"@id\":\"https:\\\/\\\/regiaonews.net.br\\\/2022\\\/2024\\\/04\\\/02\\\/dia-3-de-abril-a-santa-casa-de-barretos-comemora-103-anos\\\/\",\"url\":\"https:\\\/\\\/regiaonews.net.br\\\/2022\\\/2024\\\/04\\\/02\\\/dia-3-de-abril-a-santa-casa-de-barretos-comemora-103-anos\\\/\",\"name\":\"Dia 3 de abril a Santa Casa de Barretos comemora 103 anos - Regi\u00e3o News\",\"isPartOf\":{\"@id\":\"https:\\\/\\\/regiaonews.net.br\\\/2022\\\/#website\"},\"primaryImageOfPage\":{\"@id\":\"https:\\\/\\\/regiaonews.net.br\\\/2022\\\/2024\\\/04\\\/02\\\/dia-3-de-abril-a-santa-casa-de-barretos-comemora-103-anos\\\/#primaryimage\"},\"image\":{\"@id\":\"https:\\\/\\\/regiaonews.net.br\\\/2022\\\/2024\\\/04\\\/02\\\/dia-3-de-abril-a-santa-casa-de-barretos-comemora-103-anos\\\/#primaryimage\"},\"thumbnailUrl\":\"https:\\\/\\\/regiaonews.net.br\\\/2022\\\/wp-content\\\/uploads\\\/2024\\\/04\\\/WhatsApp-Image-2024-04-02-at-3.13.04-PM.jpeg\",\"datePublished\":\"2024-04-02T19:43:57+00:00\",\"breadcrumb\":{\"@id\":\"https:\\\/\\\/regiaonews.net.br\\\/2022\\\/2024\\\/04\\\/02\\\/dia-3-de-abril-a-santa-casa-de-barretos-comemora-103-anos\\\/#breadcrumb\"},\"inLanguage\":\"pt-BR\",\"potentialAction\":[{\"@type\":\"ReadAction\",\"target\":[\"https:\\\/\\\/regiaonews.net.br\\\/2022\\\/2024\\\/04\\\/02\\\/dia-3-de-abril-a-santa-casa-de-barretos-comemora-103-anos\\\/\"]}]},{\"@type\":\"ImageObject\",\"inLanguage\":\"pt-BR\",\"@id\":\"https:\\\/\\\/regiaonews.net.br\\\/2022\\\/2024\\\/04\\\/02\\\/dia-3-de-abril-a-santa-casa-de-barretos-comemora-103-anos\\\/#primaryimage\",\"url\":\"https:\\\/\\\/regiaonews.net.br\\\/2022\\\/wp-content\\\/uploads\\\/2024\\\/04\\\/WhatsApp-Image-2024-04-02-at-3.13.04-PM.jpeg\",\"contentUrl\":\"https:\\\/\\\/regiaonews.net.br\\\/2022\\\/wp-content\\\/uploads\\\/2024\\\/04\\\/WhatsApp-Image-2024-04-02-at-3.13.04-PM.jpeg\",\"width\":1600,\"height\":1125},{\"@type\":\"BreadcrumbList\",\"@id\":\"https:\\\/\\\/regiaonews.net.br\\\/2022\\\/2024\\\/04\\\/02\\\/dia-3-de-abril-a-santa-casa-de-barretos-comemora-103-anos\\\/#breadcrumb\",\"itemListElement\":[{\"@type\":\"ListItem\",\"position\":1,\"name\":\"In\u00edcio\",\"item\":\"https:\\\/\\\/regiaonews.net.br\\\/2022\\\/\"},{\"@type\":\"ListItem\",\"position\":2,\"name\":\"Dia 3 de abril a Santa Casa de Barretos comemora 103 anos\"}]},{\"@type\":\"WebSite\",\"@id\":\"https:\\\/\\\/regiaonews.net.br\\\/2022\\\/#website\",\"url\":\"https:\\\/\\\/regiaonews.net.br\\\/2022\\\/\",\"name\":\"Regi\u00e3o News\",\"description\":\"Site de Not\u00edcias de Barretos e regi\u00e3o\",\"publisher\":{\"@id\":\"https:\\\/\\\/regiaonews.net.br\\\/2022\\\/#organization\"},\"potentialAction\":[{\"@type\":\"SearchAction\",\"target\":{\"@type\":\"EntryPoint\",\"urlTemplate\":\"https:\\\/\\\/regiaonews.net.br\\\/2022\\\/?s={search_term_string}\"},\"query-input\":{\"@type\":\"PropertyValueSpecification\",\"valueRequired\":true,\"valueName\":\"search_term_string\"}}],\"inLanguage\":\"pt-BR\"},{\"@type\":\"Organization\",\"@id\":\"https:\\\/\\\/regiaonews.net.br\\\/2022\\\/#organization\",\"name\":\"Regi\u00e3o News\",\"url\":\"https:\\\/\\\/regiaonews.net.br\\\/2022\\\/\",\"logo\":{\"@type\":\"ImageObject\",\"inLanguage\":\"pt-BR\",\"@id\":\"https:\\\/\\\/regiaonews.net.br\\\/2022\\\/#\\\/schema\\\/logo\\\/image\\\/\",\"url\":\"https:\\\/\\\/regiaonews.net.br\\\/2022\\\/wp-content\\\/uploads\\\/2026\\\/03\\\/regiao-13-anos-scaled.jpg\",\"contentUrl\":\"https:\\\/\\\/regiaonews.net.br\\\/2022\\\/wp-content\\\/uploads\\\/2026\\\/03\\\/regiao-13-anos-scaled.jpg\",\"width\":2560,\"height\":635,\"caption\":\"Regi\u00e3o News\"},\"image\":{\"@id\":\"https:\\\/\\\/regiaonews.net.br\\\/2022\\\/#\\\/schema\\\/logo\\\/image\\\/\"}},{\"@type\":\"Person\",\"@id\":\"https:\\\/\\\/regiaonews.net.br\\\/2022\\\/#\\\/schema\\\/person\\\/2d205a608a5aa97ac279d7a5e6d89ad8\",\"name\":\"Roberto\",\"image\":{\"@type\":\"ImageObject\",\"inLanguage\":\"pt-BR\",\"@id\":\"https:\\\/\\\/secure.gravatar.com\\\/avatar\\\/42749d8b712ff9d59ca93dc150494e5b55a44134482993f5baeb97e61b7ecc89?s=96&d=mm&r=g\",\"url\":\"https:\\\/\\\/secure.gravatar.com\\\/avatar\\\/42749d8b712ff9d59ca93dc150494e5b55a44134482993f5baeb97e61b7ecc89?s=96&d=mm&r=g\",\"contentUrl\":\"https:\\\/\\\/secure.gravatar.com\\\/avatar\\\/42749d8b712ff9d59ca93dc150494e5b55a44134482993f5baeb97e61b7ecc89?s=96&d=mm&r=g\",\"caption\":\"Roberto\"},\"url\":\"https:\\\/\\\/regiaonews.net.br\\\/2022\\\/author\\\/roberto\\\/\"}]}<\/script>\n<!-- \/ Yoast SEO plugin. -->","yoast_head_json":{"title":"Dia 3 de abril a Santa Casa de Barretos comemora 103 anos - Regi\u00e3o News","robots":{"index":"index","follow":"follow","max-snippet":"max-snippet:-1","max-image-preview":"max-image-preview:large","max-video-preview":"max-video-preview:-1"},"canonical":"https:\/\/regiaonews.net.br\/2022\/2024\/04\/02\/dia-3-de-abril-a-santa-casa-de-barretos-comemora-103-anos\/","og_locale":"pt_BR","og_type":"article","og_title":"Dia 3 de abril a Santa Casa de Barretos comemora 103 anos - Regi\u00e3o News","og_description":"&nbsp; Karla Armani, historiadora barretense, explica a origem da data","og_url":"https:\/\/regiaonews.net.br\/2022\/2024\/04\/02\/dia-3-de-abril-a-santa-casa-de-barretos-comemora-103-anos\/","og_site_name":"Regi\u00e3o News","article_published_time":"2024-04-02T19:43:57+00:00","og_image":[{"width":1600,"height":1125,"url":"https:\/\/regiaonews.net.br\/2022\/wp-content\/uploads\/2024\/04\/WhatsApp-Image-2024-04-02-at-3.13.04-PM.jpeg","type":"image\/jpeg"}],"author":"Roberto","twitter_card":"summary_large_image","twitter_misc":{"Escrito por":"Roberto","Est. tempo de leitura":"4 minutos"},"schema":{"@context":"https:\/\/schema.org","@graph":[{"@type":"Article","@id":"https:\/\/regiaonews.net.br\/2022\/2024\/04\/02\/dia-3-de-abril-a-santa-casa-de-barretos-comemora-103-anos\/#article","isPartOf":{"@id":"https:\/\/regiaonews.net.br\/2022\/2024\/04\/02\/dia-3-de-abril-a-santa-casa-de-barretos-comemora-103-anos\/"},"author":{"name":"Roberto","@id":"https:\/\/regiaonews.net.br\/2022\/#\/schema\/person\/2d205a608a5aa97ac279d7a5e6d89ad8"},"headline":"Dia 3 de abril a Santa Casa de Barretos comemora 103 anos","datePublished":"2024-04-02T19:43:57+00:00","mainEntityOfPage":{"@id":"https:\/\/regiaonews.net.br\/2022\/2024\/04\/02\/dia-3-de-abril-a-santa-casa-de-barretos-comemora-103-anos\/"},"wordCount":624,"commentCount":0,"publisher":{"@id":"https:\/\/regiaonews.net.br\/2022\/#organization"},"image":{"@id":"https:\/\/regiaonews.net.br\/2022\/2024\/04\/02\/dia-3-de-abril-a-santa-casa-de-barretos-comemora-103-anos\/#primaryimage"},"thumbnailUrl":"https:\/\/regiaonews.net.br\/2022\/wp-content\/uploads\/2024\/04\/WhatsApp-Image-2024-04-02-at-3.13.04-PM.jpeg","articleSection":["Barretos","Cidades"],"inLanguage":"pt-BR","potentialAction":[{"@type":"CommentAction","name":"Comment","target":["https:\/\/regiaonews.net.br\/2022\/2024\/04\/02\/dia-3-de-abril-a-santa-casa-de-barretos-comemora-103-anos\/#respond"]}]},{"@type":"WebPage","@id":"https:\/\/regiaonews.net.br\/2022\/2024\/04\/02\/dia-3-de-abril-a-santa-casa-de-barretos-comemora-103-anos\/","url":"https:\/\/regiaonews.net.br\/2022\/2024\/04\/02\/dia-3-de-abril-a-santa-casa-de-barretos-comemora-103-anos\/","name":"Dia 3 de abril a Santa Casa de Barretos comemora 103 anos - Regi\u00e3o News","isPartOf":{"@id":"https:\/\/regiaonews.net.br\/2022\/#website"},"primaryImageOfPage":{"@id":"https:\/\/regiaonews.net.br\/2022\/2024\/04\/02\/dia-3-de-abril-a-santa-casa-de-barretos-comemora-103-anos\/#primaryimage"},"image":{"@id":"https:\/\/regiaonews.net.br\/2022\/2024\/04\/02\/dia-3-de-abril-a-santa-casa-de-barretos-comemora-103-anos\/#primaryimage"},"thumbnailUrl":"https:\/\/regiaonews.net.br\/2022\/wp-content\/uploads\/2024\/04\/WhatsApp-Image-2024-04-02-at-3.13.04-PM.jpeg","datePublished":"2024-04-02T19:43:57+00:00","breadcrumb":{"@id":"https:\/\/regiaonews.net.br\/2022\/2024\/04\/02\/dia-3-de-abril-a-santa-casa-de-barretos-comemora-103-anos\/#breadcrumb"},"inLanguage":"pt-BR","potentialAction":[{"@type":"ReadAction","target":["https:\/\/regiaonews.net.br\/2022\/2024\/04\/02\/dia-3-de-abril-a-santa-casa-de-barretos-comemora-103-anos\/"]}]},{"@type":"ImageObject","inLanguage":"pt-BR","@id":"https:\/\/regiaonews.net.br\/2022\/2024\/04\/02\/dia-3-de-abril-a-santa-casa-de-barretos-comemora-103-anos\/#primaryimage","url":"https:\/\/regiaonews.net.br\/2022\/wp-content\/uploads\/2024\/04\/WhatsApp-Image-2024-04-02-at-3.13.04-PM.jpeg","contentUrl":"https:\/\/regiaonews.net.br\/2022\/wp-content\/uploads\/2024\/04\/WhatsApp-Image-2024-04-02-at-3.13.04-PM.jpeg","width":1600,"height":1125},{"@type":"BreadcrumbList","@id":"https:\/\/regiaonews.net.br\/2022\/2024\/04\/02\/dia-3-de-abril-a-santa-casa-de-barretos-comemora-103-anos\/#breadcrumb","itemListElement":[{"@type":"ListItem","position":1,"name":"In\u00edcio","item":"https:\/\/regiaonews.net.br\/2022\/"},{"@type":"ListItem","position":2,"name":"Dia 3 de abril a Santa Casa de Barretos comemora 103 anos"}]},{"@type":"WebSite","@id":"https:\/\/regiaonews.net.br\/2022\/#website","url":"https:\/\/regiaonews.net.br\/2022\/","name":"Regi\u00e3o News","description":"Site de Not\u00edcias de Barretos e regi\u00e3o","publisher":{"@id":"https:\/\/regiaonews.net.br\/2022\/#organization"},"potentialAction":[{"@type":"SearchAction","target":{"@type":"EntryPoint","urlTemplate":"https:\/\/regiaonews.net.br\/2022\/?s={search_term_string}"},"query-input":{"@type":"PropertyValueSpecification","valueRequired":true,"valueName":"search_term_string"}}],"inLanguage":"pt-BR"},{"@type":"Organization","@id":"https:\/\/regiaonews.net.br\/2022\/#organization","name":"Regi\u00e3o News","url":"https:\/\/regiaonews.net.br\/2022\/","logo":{"@type":"ImageObject","inLanguage":"pt-BR","@id":"https:\/\/regiaonews.net.br\/2022\/#\/schema\/logo\/image\/","url":"https:\/\/regiaonews.net.br\/2022\/wp-content\/uploads\/2026\/03\/regiao-13-anos-scaled.jpg","contentUrl":"https:\/\/regiaonews.net.br\/2022\/wp-content\/uploads\/2026\/03\/regiao-13-anos-scaled.jpg","width":2560,"height":635,"caption":"Regi\u00e3o News"},"image":{"@id":"https:\/\/regiaonews.net.br\/2022\/#\/schema\/logo\/image\/"}},{"@type":"Person","@id":"https:\/\/regiaonews.net.br\/2022\/#\/schema\/person\/2d205a608a5aa97ac279d7a5e6d89ad8","name":"Roberto","image":{"@type":"ImageObject","inLanguage":"pt-BR","@id":"https:\/\/secure.gravatar.com\/avatar\/42749d8b712ff9d59ca93dc150494e5b55a44134482993f5baeb97e61b7ecc89?s=96&d=mm&r=g","url":"https:\/\/secure.gravatar.com\/avatar\/42749d8b712ff9d59ca93dc150494e5b55a44134482993f5baeb97e61b7ecc89?s=96&d=mm&r=g","contentUrl":"https:\/\/secure.gravatar.com\/avatar\/42749d8b712ff9d59ca93dc150494e5b55a44134482993f5baeb97e61b7ecc89?s=96&d=mm&r=g","caption":"Roberto"},"url":"https:\/\/regiaonews.net.br\/2022\/author\/roberto\/"}]}},"publishpress_future_action":{"enabled":false,"date":"2026-05-03 19:18:31","action":"change-status","newStatus":"draft","terms":[],"taxonomy":"category","extraData":[]},"publishpress_future_workflow_manual_trigger":{"enabledWorkflows":[]},"_links":{"self":[{"href":"https:\/\/regiaonews.net.br\/2022\/wp-json\/wp\/v2\/posts\/103151","targetHints":{"allow":["GET"]}}],"collection":[{"href":"https:\/\/regiaonews.net.br\/2022\/wp-json\/wp\/v2\/posts"}],"about":[{"href":"https:\/\/regiaonews.net.br\/2022\/wp-json\/wp\/v2\/types\/post"}],"author":[{"embeddable":true,"href":"https:\/\/regiaonews.net.br\/2022\/wp-json\/wp\/v2\/users\/2"}],"replies":[{"embeddable":true,"href":"https:\/\/regiaonews.net.br\/2022\/wp-json\/wp\/v2\/comments?post=103151"}],"version-history":[{"count":1,"href":"https:\/\/regiaonews.net.br\/2022\/wp-json\/wp\/v2\/posts\/103151\/revisions"}],"predecessor-version":[{"id":103153,"href":"https:\/\/regiaonews.net.br\/2022\/wp-json\/wp\/v2\/posts\/103151\/revisions\/103153"}],"wp:featuredmedia":[{"embeddable":true,"href":"https:\/\/regiaonews.net.br\/2022\/wp-json\/wp\/v2\/media\/103152"}],"wp:attachment":[{"href":"https:\/\/regiaonews.net.br\/2022\/wp-json\/wp\/v2\/media?parent=103151"}],"wp:term":[{"taxonomy":"category","embeddable":true,"href":"https:\/\/regiaonews.net.br\/2022\/wp-json\/wp\/v2\/categories?post=103151"},{"taxonomy":"post_tag","embeddable":true,"href":"https:\/\/regiaonews.net.br\/2022\/wp-json\/wp\/v2\/tags?post=103151"}],"curies":[{"name":"wp","href":"https:\/\/api.w.org\/{rel}","templated":true}]}}