{"id":103141,"date":"2024-04-02T07:42:05","date_gmt":"2024-04-02T10:42:05","guid":{"rendered":"https:\/\/regiaonews.net.br\/2022\/?p=103141"},"modified":"2024-04-02T07:42:05","modified_gmt":"2024-04-02T10:42:05","slug":"fotografo-mathias-luis-expoe-no-arte-no-shopping-de-abril","status":"publish","type":"post","link":"https:\/\/regiaonews.net.br\/2022\/2024\/04\/02\/fotografo-mathias-luis-expoe-no-arte-no-shopping-de-abril\/","title":{"rendered":"Fot\u00f3grafo Mathias Lu\u00eds exp\u00f5e no Arte no Shopping de abril"},"content":{"rendered":"<h3 style=\"text-align: center;\">S\u00e3o mais de 100 imagens que contam as hist\u00f3rias de eventos registrados pelo artista<\/h3>\n<p>Nascido na Gr\u00e9cia, em Athenas, o que considera s\u00f3 um detalhe, Mathias Lu\u00eds Losonczi ganhou sua primeira m\u00e1quina fotogr\u00e1fica aos 14 anos, presente dado pelo pai. Em seguida, ele j\u00e1 se matriculou na Escola \u201cImagem e A\u00e7\u00e3o\u201d, na capital paulista, e passou a disciplinar o seu olhar como fot\u00f3grafo. Ganhou alguns concursos de fotografia, profissionalmente viajou dentro e fora do Brasil, e deixou o registro das imagens sempre como hobby.<\/p>\n<p>Com o fato de os celulares trazerem m\u00e1quinas de fotos cada vez melhores, dedicou-se em fazer imagens do cotidiano, at\u00e9 tomar a decis\u00e3o de investir de vez em equipamento profissional e fazer da fotografia sua fonte de renda.<\/p>\n<p>Atualmente, Mathias Lu\u00eds \u00e9 um dos fot\u00f3grafos oficiais da Associa\u00e7\u00e3o &#8220;Os Independentes&#8221;, entidade organizadora da maior Festa do Pe\u00e3o da Am\u00e9rica Latina. Conta que se especializou nas imagens de &#8216;adrenalina&#8217;, esportes, corridas de automobilismo, rally, rodeios, entre outros cen\u00e1rios.<\/p>\n<p>Para essa exposi\u00e7\u00e3o traz, prioritariamente, as imagens do Barretos Motorcycle, evento que re\u00fane milhares de motociclistas, anualmente, no Parque do Pe\u00e3o, e que neste 2024 completa vinte anos de hist\u00f3ria. \u00c0s fotos do Motorcycle une imagens que fez na Festa do Pe\u00e3o, no Rally Barretos e em corridas de Interlagos.<\/p>\n<p>Mathias Lu\u00eds Losonczi diz estar muito grato pela oportunidade de mostrar seu trabalho. \u201cAgrade\u00e7o muito o North Shopping por abrir as portas \u00e0 minha exposi\u00e7\u00e3o, podendo levar minhas imagens a muitas pessoas que frequentam o local. Essa exposi\u00e7\u00e3o, que homenageia os vinte anos do Barretos Motorcycle, saiu por insist\u00eancia e dedica\u00e7\u00e3o de meu amigo Marcelo Murta, e \u00e9 fruto de um trabalho que teve muito apoio. Eu sou muito grato a Associa\u00e7\u00e3o Os Independentes, que confiou no meu profissionalismo, abriu as portas dos eventos. Hoje eu sou um dos fot\u00f3grafos oficiais da Festa do Pe\u00e3o, Motorcycle e Insane Sound. Al\u00e9m disso, o meu foco fotogr\u00e1fico \u00e9 mais adrenalina, \u00e9 mais focado em esporte, rally, automobilismo, motociclismo, rodeio, \u00e9 mais adrenalina. Tem tr\u00eas profissionais que sempre me deram dicas e me ajudam muito nessa minha carreira pelas imagens, uns mais, outro menos, porque nem sempre eu vejo as pessoas com frequ\u00eancia, o Nelson Pereira do Santos J\u00fanior, o Nelsinho, o Fl\u00e1vio Semilha e o Andr\u00e9 Monteiro, s\u00e3o tr\u00eas pessoas a quem agrade\u00e7o muito e fa\u00e7o sempre quest\u00e3o de citar\u201d, completou Mathias.<\/p>\n","protected":false},"excerpt":{"rendered":"<p>S\u00e3o mais de 100 imagens que contam as hist\u00f3rias de<\/p>\n","protected":false},"author":2,"featured_media":103142,"comment_status":"open","ping_status":"open","sticky":false,"template":"","format":"standard","meta":{"footnotes":""},"categories":[1],"tags":[],"class_list":["post-103141","post","type-post","status-publish","format-standard","has-post-thumbnail","hentry","category-indefinido"],"yoast_head":"<!-- This site is optimized with the Yoast SEO plugin v27.4 - https:\/\/yoast.com\/product\/yoast-seo-wordpress\/ -->\n<title>Fot\u00f3grafo Mathias Lu\u00eds exp\u00f5e no Arte no Shopping de abril - Regi\u00e3o News<\/title>\n<meta name=\"robots\" content=\"index, follow, max-snippet:-1, max-image-preview:large, max-video-preview:-1\" \/>\n<link rel=\"canonical\" href=\"https:\/\/regiaonews.net.br\/2022\/2024\/04\/02\/fotografo-mathias-luis-expoe-no-arte-no-shopping-de-abril\/\" \/>\n<meta property=\"og:locale\" content=\"pt_BR\" \/>\n<meta property=\"og:type\" content=\"article\" \/>\n<meta property=\"og:title\" content=\"Fot\u00f3grafo Mathias Lu\u00eds exp\u00f5e no Arte no Shopping de abril - Regi\u00e3o News\" \/>\n<meta property=\"og:description\" content=\"S\u00e3o mais de 100 imagens que contam as hist\u00f3rias de\" \/>\n<meta property=\"og:url\" content=\"https:\/\/regiaonews.net.br\/2022\/2024\/04\/02\/fotografo-mathias-luis-expoe-no-arte-no-shopping-de-abril\/\" \/>\n<meta property=\"og:site_name\" content=\"Regi\u00e3o News\" \/>\n<meta property=\"article:published_time\" content=\"2024-04-02T10:42:05+00:00\" \/>\n<meta property=\"og:image\" content=\"https:\/\/regiaonews.net.br\/2022\/wp-content\/uploads\/2024\/04\/unnamed.jpg\" \/>\n\t<meta property=\"og:image:width\" content=\"1\" \/>\n\t<meta property=\"og:image:height\" content=\"1\" \/>\n\t<meta property=\"og:image:type\" content=\"image\/jpeg\" \/>\n<meta name=\"author\" content=\"Roberto\" \/>\n<meta name=\"twitter:card\" content=\"summary_large_image\" \/>\n<meta name=\"twitter:label1\" content=\"Escrito por\" \/>\n\t<meta name=\"twitter:data1\" content=\"Roberto\" \/>\n\t<meta name=\"twitter:label2\" content=\"Est. tempo de leitura\" \/>\n\t<meta name=\"twitter:data2\" content=\"3 minutos\" \/>\n<script type=\"application\/ld+json\" class=\"yoast-schema-graph\">{\"@context\":\"https:\\\/\\\/schema.org\",\"@graph\":[{\"@type\":\"Article\",\"@id\":\"https:\\\/\\\/regiaonews.net.br\\\/2022\\\/2024\\\/04\\\/02\\\/fotografo-mathias-luis-expoe-no-arte-no-shopping-de-abril\\\/#article\",\"isPartOf\":{\"@id\":\"https:\\\/\\\/regiaonews.net.br\\\/2022\\\/2024\\\/04\\\/02\\\/fotografo-mathias-luis-expoe-no-arte-no-shopping-de-abril\\\/\"},\"author\":{\"name\":\"Roberto\",\"@id\":\"https:\\\/\\\/regiaonews.net.br\\\/2022\\\/#\\\/schema\\\/person\\\/2d205a608a5aa97ac279d7a5e6d89ad8\"},\"headline\":\"Fot\u00f3grafo Mathias Lu\u00eds exp\u00f5e no Arte no Shopping de abril\",\"datePublished\":\"2024-04-02T10:42:05+00:00\",\"mainEntityOfPage\":{\"@id\":\"https:\\\/\\\/regiaonews.net.br\\\/2022\\\/2024\\\/04\\\/02\\\/fotografo-mathias-luis-expoe-no-arte-no-shopping-de-abril\\\/\"},\"wordCount\":436,\"commentCount\":0,\"publisher\":{\"@id\":\"https:\\\/\\\/regiaonews.net.br\\\/2022\\\/#organization\"},\"image\":{\"@id\":\"https:\\\/\\\/regiaonews.net.br\\\/2022\\\/2024\\\/04\\\/02\\\/fotografo-mathias-luis-expoe-no-arte-no-shopping-de-abril\\\/#primaryimage\"},\"thumbnailUrl\":\"https:\\\/\\\/regiaonews.net.br\\\/2022\\\/wp-content\\\/uploads\\\/2024\\\/04\\\/unnamed.jpg\",\"articleSection\":[\"Indefinido\"],\"inLanguage\":\"pt-BR\",\"potentialAction\":[{\"@type\":\"CommentAction\",\"name\":\"Comment\",\"target\":[\"https:\\\/\\\/regiaonews.net.br\\\/2022\\\/2024\\\/04\\\/02\\\/fotografo-mathias-luis-expoe-no-arte-no-shopping-de-abril\\\/#respond\"]}]},{\"@type\":\"WebPage\",\"@id\":\"https:\\\/\\\/regiaonews.net.br\\\/2022\\\/2024\\\/04\\\/02\\\/fotografo-mathias-luis-expoe-no-arte-no-shopping-de-abril\\\/\",\"url\":\"https:\\\/\\\/regiaonews.net.br\\\/2022\\\/2024\\\/04\\\/02\\\/fotografo-mathias-luis-expoe-no-arte-no-shopping-de-abril\\\/\",\"name\":\"Fot\u00f3grafo Mathias Lu\u00eds exp\u00f5e no Arte no Shopping de abril - Regi\u00e3o News\",\"isPartOf\":{\"@id\":\"https:\\\/\\\/regiaonews.net.br\\\/2022\\\/#website\"},\"primaryImageOfPage\":{\"@id\":\"https:\\\/\\\/regiaonews.net.br\\\/2022\\\/2024\\\/04\\\/02\\\/fotografo-mathias-luis-expoe-no-arte-no-shopping-de-abril\\\/#primaryimage\"},\"image\":{\"@id\":\"https:\\\/\\\/regiaonews.net.br\\\/2022\\\/2024\\\/04\\\/02\\\/fotografo-mathias-luis-expoe-no-arte-no-shopping-de-abril\\\/#primaryimage\"},\"thumbnailUrl\":\"https:\\\/\\\/regiaonews.net.br\\\/2022\\\/wp-content\\\/uploads\\\/2024\\\/04\\\/unnamed.jpg\",\"datePublished\":\"2024-04-02T10:42:05+00:00\",\"breadcrumb\":{\"@id\":\"https:\\\/\\\/regiaonews.net.br\\\/2022\\\/2024\\\/04\\\/02\\\/fotografo-mathias-luis-expoe-no-arte-no-shopping-de-abril\\\/#breadcrumb\"},\"inLanguage\":\"pt-BR\",\"potentialAction\":[{\"@type\":\"ReadAction\",\"target\":[\"https:\\\/\\\/regiaonews.net.br\\\/2022\\\/2024\\\/04\\\/02\\\/fotografo-mathias-luis-expoe-no-arte-no-shopping-de-abril\\\/\"]}]},{\"@type\":\"ImageObject\",\"inLanguage\":\"pt-BR\",\"@id\":\"https:\\\/\\\/regiaonews.net.br\\\/2022\\\/2024\\\/04\\\/02\\\/fotografo-mathias-luis-expoe-no-arte-no-shopping-de-abril\\\/#primaryimage\",\"url\":\"https:\\\/\\\/regiaonews.net.br\\\/2022\\\/wp-content\\\/uploads\\\/2024\\\/04\\\/unnamed.jpg\",\"contentUrl\":\"https:\\\/\\\/regiaonews.net.br\\\/2022\\\/wp-content\\\/uploads\\\/2024\\\/04\\\/unnamed.jpg\"},{\"@type\":\"BreadcrumbList\",\"@id\":\"https:\\\/\\\/regiaonews.net.br\\\/2022\\\/2024\\\/04\\\/02\\\/fotografo-mathias-luis-expoe-no-arte-no-shopping-de-abril\\\/#breadcrumb\",\"itemListElement\":[{\"@type\":\"ListItem\",\"position\":1,\"name\":\"In\u00edcio\",\"item\":\"https:\\\/\\\/regiaonews.net.br\\\/2022\\\/\"},{\"@type\":\"ListItem\",\"position\":2,\"name\":\"Fot\u00f3grafo Mathias Lu\u00eds exp\u00f5e no Arte no Shopping de abril\"}]},{\"@type\":\"WebSite\",\"@id\":\"https:\\\/\\\/regiaonews.net.br\\\/2022\\\/#website\",\"url\":\"https:\\\/\\\/regiaonews.net.br\\\/2022\\\/\",\"name\":\"Regi\u00e3o News\",\"description\":\"Site de Not\u00edcias de Barretos e regi\u00e3o\",\"publisher\":{\"@id\":\"https:\\\/\\\/regiaonews.net.br\\\/2022\\\/#organization\"},\"potentialAction\":[{\"@type\":\"SearchAction\",\"target\":{\"@type\":\"EntryPoint\",\"urlTemplate\":\"https:\\\/\\\/regiaonews.net.br\\\/2022\\\/?s={search_term_string}\"},\"query-input\":{\"@type\":\"PropertyValueSpecification\",\"valueRequired\":true,\"valueName\":\"search_term_string\"}}],\"inLanguage\":\"pt-BR\"},{\"@type\":\"Organization\",\"@id\":\"https:\\\/\\\/regiaonews.net.br\\\/2022\\\/#organization\",\"name\":\"Regi\u00e3o News\",\"url\":\"https:\\\/\\\/regiaonews.net.br\\\/2022\\\/\",\"logo\":{\"@type\":\"ImageObject\",\"inLanguage\":\"pt-BR\",\"@id\":\"https:\\\/\\\/regiaonews.net.br\\\/2022\\\/#\\\/schema\\\/logo\\\/image\\\/\",\"url\":\"https:\\\/\\\/regiaonews.net.br\\\/2022\\\/wp-content\\\/uploads\\\/2026\\\/03\\\/regiao-13-anos-scaled.jpg\",\"contentUrl\":\"https:\\\/\\\/regiaonews.net.br\\\/2022\\\/wp-content\\\/uploads\\\/2026\\\/03\\\/regiao-13-anos-scaled.jpg\",\"width\":2560,\"height\":635,\"caption\":\"Regi\u00e3o News\"},\"image\":{\"@id\":\"https:\\\/\\\/regiaonews.net.br\\\/2022\\\/#\\\/schema\\\/logo\\\/image\\\/\"}},{\"@type\":\"Person\",\"@id\":\"https:\\\/\\\/regiaonews.net.br\\\/2022\\\/#\\\/schema\\\/person\\\/2d205a608a5aa97ac279d7a5e6d89ad8\",\"name\":\"Roberto\",\"image\":{\"@type\":\"ImageObject\",\"inLanguage\":\"pt-BR\",\"@id\":\"https:\\\/\\\/secure.gravatar.com\\\/avatar\\\/42749d8b712ff9d59ca93dc150494e5b55a44134482993f5baeb97e61b7ecc89?s=96&d=mm&r=g\",\"url\":\"https:\\\/\\\/secure.gravatar.com\\\/avatar\\\/42749d8b712ff9d59ca93dc150494e5b55a44134482993f5baeb97e61b7ecc89?s=96&d=mm&r=g\",\"contentUrl\":\"https:\\\/\\\/secure.gravatar.com\\\/avatar\\\/42749d8b712ff9d59ca93dc150494e5b55a44134482993f5baeb97e61b7ecc89?s=96&d=mm&r=g\",\"caption\":\"Roberto\"},\"url\":\"https:\\\/\\\/regiaonews.net.br\\\/2022\\\/author\\\/roberto\\\/\"}]}<\/script>\n<!-- \/ Yoast SEO plugin. -->","yoast_head_json":{"title":"Fot\u00f3grafo Mathias Lu\u00eds exp\u00f5e no Arte no Shopping de abril - Regi\u00e3o News","robots":{"index":"index","follow":"follow","max-snippet":"max-snippet:-1","max-image-preview":"max-image-preview:large","max-video-preview":"max-video-preview:-1"},"canonical":"https:\/\/regiaonews.net.br\/2022\/2024\/04\/02\/fotografo-mathias-luis-expoe-no-arte-no-shopping-de-abril\/","og_locale":"pt_BR","og_type":"article","og_title":"Fot\u00f3grafo Mathias Lu\u00eds exp\u00f5e no Arte no Shopping de abril - Regi\u00e3o News","og_description":"S\u00e3o mais de 100 imagens que contam as hist\u00f3rias de","og_url":"https:\/\/regiaonews.net.br\/2022\/2024\/04\/02\/fotografo-mathias-luis-expoe-no-arte-no-shopping-de-abril\/","og_site_name":"Regi\u00e3o News","article_published_time":"2024-04-02T10:42:05+00:00","og_image":[{"url":"https:\/\/regiaonews.net.br\/2022\/wp-content\/uploads\/2024\/04\/unnamed.jpg","width":1,"height":1,"type":"image\/jpeg"}],"author":"Roberto","twitter_card":"summary_large_image","twitter_misc":{"Escrito por":"Roberto","Est. tempo de leitura":"3 minutos"},"schema":{"@context":"https:\/\/schema.org","@graph":[{"@type":"Article","@id":"https:\/\/regiaonews.net.br\/2022\/2024\/04\/02\/fotografo-mathias-luis-expoe-no-arte-no-shopping-de-abril\/#article","isPartOf":{"@id":"https:\/\/regiaonews.net.br\/2022\/2024\/04\/02\/fotografo-mathias-luis-expoe-no-arte-no-shopping-de-abril\/"},"author":{"name":"Roberto","@id":"https:\/\/regiaonews.net.br\/2022\/#\/schema\/person\/2d205a608a5aa97ac279d7a5e6d89ad8"},"headline":"Fot\u00f3grafo Mathias Lu\u00eds exp\u00f5e no Arte no Shopping de abril","datePublished":"2024-04-02T10:42:05+00:00","mainEntityOfPage":{"@id":"https:\/\/regiaonews.net.br\/2022\/2024\/04\/02\/fotografo-mathias-luis-expoe-no-arte-no-shopping-de-abril\/"},"wordCount":436,"commentCount":0,"publisher":{"@id":"https:\/\/regiaonews.net.br\/2022\/#organization"},"image":{"@id":"https:\/\/regiaonews.net.br\/2022\/2024\/04\/02\/fotografo-mathias-luis-expoe-no-arte-no-shopping-de-abril\/#primaryimage"},"thumbnailUrl":"https:\/\/regiaonews.net.br\/2022\/wp-content\/uploads\/2024\/04\/unnamed.jpg","articleSection":["Indefinido"],"inLanguage":"pt-BR","potentialAction":[{"@type":"CommentAction","name":"Comment","target":["https:\/\/regiaonews.net.br\/2022\/2024\/04\/02\/fotografo-mathias-luis-expoe-no-arte-no-shopping-de-abril\/#respond"]}]},{"@type":"WebPage","@id":"https:\/\/regiaonews.net.br\/2022\/2024\/04\/02\/fotografo-mathias-luis-expoe-no-arte-no-shopping-de-abril\/","url":"https:\/\/regiaonews.net.br\/2022\/2024\/04\/02\/fotografo-mathias-luis-expoe-no-arte-no-shopping-de-abril\/","name":"Fot\u00f3grafo Mathias Lu\u00eds exp\u00f5e no Arte no Shopping de abril - Regi\u00e3o News","isPartOf":{"@id":"https:\/\/regiaonews.net.br\/2022\/#website"},"primaryImageOfPage":{"@id":"https:\/\/regiaonews.net.br\/2022\/2024\/04\/02\/fotografo-mathias-luis-expoe-no-arte-no-shopping-de-abril\/#primaryimage"},"image":{"@id":"https:\/\/regiaonews.net.br\/2022\/2024\/04\/02\/fotografo-mathias-luis-expoe-no-arte-no-shopping-de-abril\/#primaryimage"},"thumbnailUrl":"https:\/\/regiaonews.net.br\/2022\/wp-content\/uploads\/2024\/04\/unnamed.jpg","datePublished":"2024-04-02T10:42:05+00:00","breadcrumb":{"@id":"https:\/\/regiaonews.net.br\/2022\/2024\/04\/02\/fotografo-mathias-luis-expoe-no-arte-no-shopping-de-abril\/#breadcrumb"},"inLanguage":"pt-BR","potentialAction":[{"@type":"ReadAction","target":["https:\/\/regiaonews.net.br\/2022\/2024\/04\/02\/fotografo-mathias-luis-expoe-no-arte-no-shopping-de-abril\/"]}]},{"@type":"ImageObject","inLanguage":"pt-BR","@id":"https:\/\/regiaonews.net.br\/2022\/2024\/04\/02\/fotografo-mathias-luis-expoe-no-arte-no-shopping-de-abril\/#primaryimage","url":"https:\/\/regiaonews.net.br\/2022\/wp-content\/uploads\/2024\/04\/unnamed.jpg","contentUrl":"https:\/\/regiaonews.net.br\/2022\/wp-content\/uploads\/2024\/04\/unnamed.jpg"},{"@type":"BreadcrumbList","@id":"https:\/\/regiaonews.net.br\/2022\/2024\/04\/02\/fotografo-mathias-luis-expoe-no-arte-no-shopping-de-abril\/#breadcrumb","itemListElement":[{"@type":"ListItem","position":1,"name":"In\u00edcio","item":"https:\/\/regiaonews.net.br\/2022\/"},{"@type":"ListItem","position":2,"name":"Fot\u00f3grafo Mathias Lu\u00eds exp\u00f5e no Arte no Shopping de abril"}]},{"@type":"WebSite","@id":"https:\/\/regiaonews.net.br\/2022\/#website","url":"https:\/\/regiaonews.net.br\/2022\/","name":"Regi\u00e3o News","description":"Site de Not\u00edcias de Barretos e regi\u00e3o","publisher":{"@id":"https:\/\/regiaonews.net.br\/2022\/#organization"},"potentialAction":[{"@type":"SearchAction","target":{"@type":"EntryPoint","urlTemplate":"https:\/\/regiaonews.net.br\/2022\/?s={search_term_string}"},"query-input":{"@type":"PropertyValueSpecification","valueRequired":true,"valueName":"search_term_string"}}],"inLanguage":"pt-BR"},{"@type":"Organization","@id":"https:\/\/regiaonews.net.br\/2022\/#organization","name":"Regi\u00e3o News","url":"https:\/\/regiaonews.net.br\/2022\/","logo":{"@type":"ImageObject","inLanguage":"pt-BR","@id":"https:\/\/regiaonews.net.br\/2022\/#\/schema\/logo\/image\/","url":"https:\/\/regiaonews.net.br\/2022\/wp-content\/uploads\/2026\/03\/regiao-13-anos-scaled.jpg","contentUrl":"https:\/\/regiaonews.net.br\/2022\/wp-content\/uploads\/2026\/03\/regiao-13-anos-scaled.jpg","width":2560,"height":635,"caption":"Regi\u00e3o News"},"image":{"@id":"https:\/\/regiaonews.net.br\/2022\/#\/schema\/logo\/image\/"}},{"@type":"Person","@id":"https:\/\/regiaonews.net.br\/2022\/#\/schema\/person\/2d205a608a5aa97ac279d7a5e6d89ad8","name":"Roberto","image":{"@type":"ImageObject","inLanguage":"pt-BR","@id":"https:\/\/secure.gravatar.com\/avatar\/42749d8b712ff9d59ca93dc150494e5b55a44134482993f5baeb97e61b7ecc89?s=96&d=mm&r=g","url":"https:\/\/secure.gravatar.com\/avatar\/42749d8b712ff9d59ca93dc150494e5b55a44134482993f5baeb97e61b7ecc89?s=96&d=mm&r=g","contentUrl":"https:\/\/secure.gravatar.com\/avatar\/42749d8b712ff9d59ca93dc150494e5b55a44134482993f5baeb97e61b7ecc89?s=96&d=mm&r=g","caption":"Roberto"},"url":"https:\/\/regiaonews.net.br\/2022\/author\/roberto\/"}]}},"publishpress_future_action":{"enabled":false,"date":"2026-05-03 17:34:24","action":"change-status","newStatus":"draft","terms":[],"taxonomy":"category","extraData":[]},"publishpress_future_workflow_manual_trigger":{"enabledWorkflows":[]},"_links":{"self":[{"href":"https:\/\/regiaonews.net.br\/2022\/wp-json\/wp\/v2\/posts\/103141","targetHints":{"allow":["GET"]}}],"collection":[{"href":"https:\/\/regiaonews.net.br\/2022\/wp-json\/wp\/v2\/posts"}],"about":[{"href":"https:\/\/regiaonews.net.br\/2022\/wp-json\/wp\/v2\/types\/post"}],"author":[{"embeddable":true,"href":"https:\/\/regiaonews.net.br\/2022\/wp-json\/wp\/v2\/users\/2"}],"replies":[{"embeddable":true,"href":"https:\/\/regiaonews.net.br\/2022\/wp-json\/wp\/v2\/comments?post=103141"}],"version-history":[{"count":1,"href":"https:\/\/regiaonews.net.br\/2022\/wp-json\/wp\/v2\/posts\/103141\/revisions"}],"predecessor-version":[{"id":103144,"href":"https:\/\/regiaonews.net.br\/2022\/wp-json\/wp\/v2\/posts\/103141\/revisions\/103144"}],"wp:featuredmedia":[{"embeddable":true,"href":"https:\/\/regiaonews.net.br\/2022\/wp-json\/wp\/v2\/media\/103142"}],"wp:attachment":[{"href":"https:\/\/regiaonews.net.br\/2022\/wp-json\/wp\/v2\/media?parent=103141"}],"wp:term":[{"taxonomy":"category","embeddable":true,"href":"https:\/\/regiaonews.net.br\/2022\/wp-json\/wp\/v2\/categories?post=103141"},{"taxonomy":"post_tag","embeddable":true,"href":"https:\/\/regiaonews.net.br\/2022\/wp-json\/wp\/v2\/tags?post=103141"}],"curies":[{"name":"wp","href":"https:\/\/api.w.org\/{rel}","templated":true}]}}