{"id":103132,"date":"2024-04-01T22:50:51","date_gmt":"2024-04-02T01:50:51","guid":{"rendered":"https:\/\/regiaonews.net.br\/2022\/?p=103132"},"modified":"2024-04-01T22:50:51","modified_gmt":"2024-04-02T01:50:51","slug":"vestibular-univesp-recebe-inscricao-ate-o-dia-8-de-abril","status":"publish","type":"post","link":"https:\/\/regiaonews.net.br\/2022\/2024\/04\/01\/vestibular-univesp-recebe-inscricao-ate-o-dia-8-de-abril\/","title":{"rendered":"Vestibular Univesp recebe inscri\u00e7\u00e3o at\u00e9 o dia 8 de abril"},"content":{"rendered":"<p>&nbsp;<\/p>\n<p>A Universidade Virtual do Estado de S\u00e3o Paulo (Univesp), vinculada \u00e0 Secretaria de Ci\u00eancia, Tecnologia e Inova\u00e7\u00e3o, abriu inscri\u00e7\u00f5es para 23.322 vagas do Vestibular anual 2024, destinadas a 425 polos, de 371 munic\u00edpios (capital, interior e litoral). S\u00e3o oferecidos nove cursos: Letras, Matem\u00e1tica e Pedagogia (Eixo de Licenciatura), Ci\u00eancia de Dados, Engenharia de Computa\u00e7\u00e3o e Tecnologia da Informa\u00e7\u00e3o (Eixo de Computa\u00e7\u00e3o), e Administra\u00e7\u00e3o, Engenharia de Produ\u00e7\u00e3o e Tecnologia em Processos Gerenciais (Eixo de Neg\u00f3cios e Produ\u00e7\u00e3o). As inscri\u00e7\u00f5es terminam no dia 08\/04\/24, \u00e0s 21h, e devem ser feitas pelo site: vestibular.univesp.br. A prova (objetiva e reda\u00e7\u00e3o) ocorrer\u00e1 no dia 26\/05, \u00e0s 13h, e os locais oficiais ser\u00e3o divulgados no dia 21\/05, a partir das 15h. O in\u00edcio das aulas est\u00e1 previsto para o final de julho de 2024. Neste ano, a Univesp ofertou ainda 2.610 vagas para o Prov\u00e3o Paulista. Os aprovados tamb\u00e9m ingressam em julho.<\/p>\n<p>O custo da inscri\u00e7\u00e3o \u00e9 de R$ 52,00. Para participar, n\u00e3o h\u00e1 limite de idade, basta ter conclu\u00eddo o ensino m\u00e9dio ou com o t\u00e9rmino previsto at\u00e9 o per\u00edodo da matr\u00edcula. No preenchimento da ficha de inscri\u00e7\u00e3o, os candidatos devem cumprir todas as etapas previstas, responder o question\u00e1rio socioecon\u00f4mico, indicar o CPF e seus dados pessoais. Tamb\u00e9m ser\u00e1 poss\u00edvel, caso queiram, fornecer os n\u00fameros de inscri\u00e7\u00e3o do Exame Nacional do Ensino M\u00e9dio (Enem), de 2021, 2022 e 2023, para que os resultados sejam considerados na prova objetiva e integrados \u00e0 nota final. Caso a nota do ENEM 2023 n\u00e3o seja divulgada at\u00e9 o dia 08\/04, n\u00e3o valer\u00e1 para esse processo seletivo. No vestibular, tamb\u00e9m haver\u00e1 o Sistema de Pontua\u00e7\u00e3o Acrescida para Pretos, Pardos e \u00cdndios (PPI) e para alunos que estudaram o Ensino M\u00e9dio em escolas p\u00fablicas.<\/p>\n<p>O candidato poder\u00e1 obter confirma\u00e7\u00e3o do pagamento e a efetiva\u00e7\u00e3o de sua inscri\u00e7\u00e3o, no portal vestibular.univesp.br na \u201c\u00c1rea do Candidato\u201d, ap\u00f3s dois dias \u00fateis, em rela\u00e7\u00e3o a boleto banc\u00e1rio. Tamb\u00e9m h\u00e1 outras formas de pagamento relacionadas no site. Para qualquer outra informa\u00e7\u00e3o ou d\u00favidas, dever\u00e1 contatar a central de teleatendimento da Funda\u00e7\u00e3o FAT, em dias \u00fateis das 8h \u00e0s 20h, pelo telefone (11) 3471-6100. Outra op\u00e7\u00e3o \u00e9 o atendimento eletr\u00f4nico 24h (para enviar uma mensagem, basta acessar a \u201c\u00e1rea do candidato\u201d informar CPF e senha de cadastro, o \u00edcone \u201cajuda\u201d aparece ao lado direito).<\/p>\n<p>O gabarito oficial ser\u00e1 divulgado em 27\/05, a partir das 15h, no site do vestibular. A publica\u00e7\u00e3o oficial do resultado e a primeira chamada ocorrer\u00e1 em 25\/06, a partir das 15h.<\/p>\n<p>Cursos<\/p>\n<p>No Eixo de Computa\u00e7\u00e3o, os cursos s\u00e3o de Bacharelado em Tecnologia da Informa\u00e7\u00e3o &#8211; BTI (dura\u00e7\u00e3o de tr\u00eas anos), Bacharelado em Ci\u00eancia de Dados (quatro anos) ou Bacharelado em Engenharia de Computa\u00e7\u00e3o (cinco anos). At\u00e9 um ano e meio o ciclo \u00e9 b\u00e1sico, com a possibilidade de migra\u00e7\u00e3o entre um dos tr\u00eas cursos. J\u00e1 os ingressantes nas Licenciaturas, cursar\u00e3o um ano de ciclo b\u00e1sico, com op\u00e7\u00e3o de mudan\u00e7a na habilita\u00e7\u00e3o a partir do segundo ano em Letras, Matem\u00e1tica ou Pedagogia (todos com quatro anos de dura\u00e7\u00e3o). Os que optarem pelo Eixo de Neg\u00f3cios e Produ\u00e7\u00e3o ir\u00e3o cursar um ano b\u00e1sico e, no segundo, far\u00e3o a op\u00e7\u00e3o definitiva entre Tecnologia em Processos Gerenciais (tr\u00eas anos), Bacharelado em Administra\u00e7\u00e3o (quatro anos) ou Bacharelado em Engenharia de Produ\u00e7\u00e3o (cinco anos).<\/p>\n<p>De acordo com o presidente da Univesp, professor Marcos Borges, o modelo de ingresso por Eixo garante ao discente mais flexibilidade para a escolha, melhor entendimento do itiner\u00e1rio formativo, al\u00e9m da integra\u00e7\u00e3o com graduandos de outras habilita\u00e7\u00f5es, o que contribui para sua forma\u00e7\u00e3o e no desenvolvimento de projetos integradores multidisciplinares. \u201cNossas atividades s\u00e3o pautadas para apoiar o aluno em seu processo de forma\u00e7\u00e3o, garantir a qualidade e preparar o profissional para o mercado de trabalho\u201d, afirma.<\/p>\n<p>Os cursos, totalmente gratuitos, s\u00e3o realizados em Ambiente Virtual de Aprendizagem (AVA), plataforma on-line na qual os estudantes desenvolvem atividades acad\u00eamicas, que incluem assistir a videoaulas, acessar material did\u00e1tico, bibliotecas digitais e tirar d\u00favidas do conte\u00fado com facilitadores. J\u00e1 os polos, s\u00e3o espa\u00e7os f\u00edsicos onde os alunos contam com infraestrutura (computadores, impressoras e acesso \u00e0 internet) e realizam atividades, como provas e discuss\u00f5es em grupo. No local, tamb\u00e9m podem ser solicitados servi\u00e7os de secretaria acad\u00eamica e esclarecimento de d\u00favidas. Todas as videoaulas tamb\u00e9m podem ser acessadas pelo canal do YouTube: https:\/\/www.youtube.com\/user\/univesptv .<\/p>\n<p>&nbsp;<\/p>\n","protected":false},"excerpt":{"rendered":"<p>&nbsp; A Universidade Virtual do Estado de S\u00e3o Paulo (Univesp),<\/p>\n","protected":false},"author":2,"featured_media":103133,"comment_status":"open","ping_status":"open","sticky":false,"template":"","format":"standard","meta":{"footnotes":""},"categories":[25,7],"tags":[],"class_list":["post-103132","post","type-post","status-publish","format-standard","has-post-thumbnail","hentry","category-cidades","category-estado-de-sao-paulo"],"yoast_head":"<!-- This site is optimized with the Yoast SEO plugin v27.4 - https:\/\/yoast.com\/product\/yoast-seo-wordpress\/ -->\n<title>Vestibular Univesp recebe inscri\u00e7\u00e3o at\u00e9 o dia 8 de abril - Regi\u00e3o News<\/title>\n<meta name=\"robots\" content=\"index, follow, max-snippet:-1, max-image-preview:large, max-video-preview:-1\" \/>\n<link rel=\"canonical\" href=\"https:\/\/regiaonews.net.br\/2022\/2024\/04\/01\/vestibular-univesp-recebe-inscricao-ate-o-dia-8-de-abril\/\" \/>\n<meta property=\"og:locale\" content=\"pt_BR\" \/>\n<meta property=\"og:type\" content=\"article\" \/>\n<meta property=\"og:title\" content=\"Vestibular Univesp recebe inscri\u00e7\u00e3o at\u00e9 o dia 8 de abril - Regi\u00e3o News\" \/>\n<meta property=\"og:description\" content=\"&nbsp; A Universidade Virtual do Estado de S\u00e3o Paulo (Univesp),\" \/>\n<meta property=\"og:url\" content=\"https:\/\/regiaonews.net.br\/2022\/2024\/04\/01\/vestibular-univesp-recebe-inscricao-ate-o-dia-8-de-abril\/\" \/>\n<meta property=\"og:site_name\" content=\"Regi\u00e3o News\" \/>\n<meta property=\"article:published_time\" content=\"2024-04-02T01:50:51+00:00\" \/>\n<meta property=\"og:image\" content=\"https:\/\/regiaonews.net.br\/2022\/wp-content\/uploads\/2024\/04\/IMG-20240401-WA0200.jpg\" \/>\n\t<meta property=\"og:image:width\" content=\"780\" \/>\n\t<meta property=\"og:image:height\" content=\"450\" \/>\n\t<meta property=\"og:image:type\" content=\"image\/jpeg\" \/>\n<meta name=\"author\" content=\"Roberto\" \/>\n<meta name=\"twitter:card\" content=\"summary_large_image\" \/>\n<meta name=\"twitter:label1\" content=\"Escrito por\" \/>\n\t<meta name=\"twitter:data1\" content=\"Roberto\" \/>\n\t<meta name=\"twitter:label2\" content=\"Est. tempo de leitura\" \/>\n\t<meta name=\"twitter:data2\" content=\"5 minutos\" \/>\n<script type=\"application\/ld+json\" class=\"yoast-schema-graph\">{\"@context\":\"https:\\\/\\\/schema.org\",\"@graph\":[{\"@type\":\"Article\",\"@id\":\"https:\\\/\\\/regiaonews.net.br\\\/2022\\\/2024\\\/04\\\/01\\\/vestibular-univesp-recebe-inscricao-ate-o-dia-8-de-abril\\\/#article\",\"isPartOf\":{\"@id\":\"https:\\\/\\\/regiaonews.net.br\\\/2022\\\/2024\\\/04\\\/01\\\/vestibular-univesp-recebe-inscricao-ate-o-dia-8-de-abril\\\/\"},\"author\":{\"name\":\"Roberto\",\"@id\":\"https:\\\/\\\/regiaonews.net.br\\\/2022\\\/#\\\/schema\\\/person\\\/2d205a608a5aa97ac279d7a5e6d89ad8\"},\"headline\":\"Vestibular Univesp recebe inscri\u00e7\u00e3o at\u00e9 o dia 8 de abril\",\"datePublished\":\"2024-04-02T01:50:51+00:00\",\"mainEntityOfPage\":{\"@id\":\"https:\\\/\\\/regiaonews.net.br\\\/2022\\\/2024\\\/04\\\/01\\\/vestibular-univesp-recebe-inscricao-ate-o-dia-8-de-abril\\\/\"},\"wordCount\":802,\"commentCount\":0,\"publisher\":{\"@id\":\"https:\\\/\\\/regiaonews.net.br\\\/2022\\\/#organization\"},\"image\":{\"@id\":\"https:\\\/\\\/regiaonews.net.br\\\/2022\\\/2024\\\/04\\\/01\\\/vestibular-univesp-recebe-inscricao-ate-o-dia-8-de-abril\\\/#primaryimage\"},\"thumbnailUrl\":\"https:\\\/\\\/regiaonews.net.br\\\/2022\\\/wp-content\\\/uploads\\\/2024\\\/04\\\/IMG-20240401-WA0200.jpg\",\"articleSection\":[\"Cidades\",\"Estado de S\u00e3o Paulo\"],\"inLanguage\":\"pt-BR\",\"potentialAction\":[{\"@type\":\"CommentAction\",\"name\":\"Comment\",\"target\":[\"https:\\\/\\\/regiaonews.net.br\\\/2022\\\/2024\\\/04\\\/01\\\/vestibular-univesp-recebe-inscricao-ate-o-dia-8-de-abril\\\/#respond\"]}]},{\"@type\":\"WebPage\",\"@id\":\"https:\\\/\\\/regiaonews.net.br\\\/2022\\\/2024\\\/04\\\/01\\\/vestibular-univesp-recebe-inscricao-ate-o-dia-8-de-abril\\\/\",\"url\":\"https:\\\/\\\/regiaonews.net.br\\\/2022\\\/2024\\\/04\\\/01\\\/vestibular-univesp-recebe-inscricao-ate-o-dia-8-de-abril\\\/\",\"name\":\"Vestibular Univesp recebe inscri\u00e7\u00e3o at\u00e9 o dia 8 de abril - Regi\u00e3o News\",\"isPartOf\":{\"@id\":\"https:\\\/\\\/regiaonews.net.br\\\/2022\\\/#website\"},\"primaryImageOfPage\":{\"@id\":\"https:\\\/\\\/regiaonews.net.br\\\/2022\\\/2024\\\/04\\\/01\\\/vestibular-univesp-recebe-inscricao-ate-o-dia-8-de-abril\\\/#primaryimage\"},\"image\":{\"@id\":\"https:\\\/\\\/regiaonews.net.br\\\/2022\\\/2024\\\/04\\\/01\\\/vestibular-univesp-recebe-inscricao-ate-o-dia-8-de-abril\\\/#primaryimage\"},\"thumbnailUrl\":\"https:\\\/\\\/regiaonews.net.br\\\/2022\\\/wp-content\\\/uploads\\\/2024\\\/04\\\/IMG-20240401-WA0200.jpg\",\"datePublished\":\"2024-04-02T01:50:51+00:00\",\"breadcrumb\":{\"@id\":\"https:\\\/\\\/regiaonews.net.br\\\/2022\\\/2024\\\/04\\\/01\\\/vestibular-univesp-recebe-inscricao-ate-o-dia-8-de-abril\\\/#breadcrumb\"},\"inLanguage\":\"pt-BR\",\"potentialAction\":[{\"@type\":\"ReadAction\",\"target\":[\"https:\\\/\\\/regiaonews.net.br\\\/2022\\\/2024\\\/04\\\/01\\\/vestibular-univesp-recebe-inscricao-ate-o-dia-8-de-abril\\\/\"]}]},{\"@type\":\"ImageObject\",\"inLanguage\":\"pt-BR\",\"@id\":\"https:\\\/\\\/regiaonews.net.br\\\/2022\\\/2024\\\/04\\\/01\\\/vestibular-univesp-recebe-inscricao-ate-o-dia-8-de-abril\\\/#primaryimage\",\"url\":\"https:\\\/\\\/regiaonews.net.br\\\/2022\\\/wp-content\\\/uploads\\\/2024\\\/04\\\/IMG-20240401-WA0200.jpg\",\"contentUrl\":\"https:\\\/\\\/regiaonews.net.br\\\/2022\\\/wp-content\\\/uploads\\\/2024\\\/04\\\/IMG-20240401-WA0200.jpg\",\"width\":780,\"height\":450},{\"@type\":\"BreadcrumbList\",\"@id\":\"https:\\\/\\\/regiaonews.net.br\\\/2022\\\/2024\\\/04\\\/01\\\/vestibular-univesp-recebe-inscricao-ate-o-dia-8-de-abril\\\/#breadcrumb\",\"itemListElement\":[{\"@type\":\"ListItem\",\"position\":1,\"name\":\"In\u00edcio\",\"item\":\"https:\\\/\\\/regiaonews.net.br\\\/2022\\\/\"},{\"@type\":\"ListItem\",\"position\":2,\"name\":\"Vestibular Univesp recebe inscri\u00e7\u00e3o at\u00e9 o dia 8 de abril\"}]},{\"@type\":\"WebSite\",\"@id\":\"https:\\\/\\\/regiaonews.net.br\\\/2022\\\/#website\",\"url\":\"https:\\\/\\\/regiaonews.net.br\\\/2022\\\/\",\"name\":\"Regi\u00e3o News\",\"description\":\"Site de Not\u00edcias de Barretos e regi\u00e3o\",\"publisher\":{\"@id\":\"https:\\\/\\\/regiaonews.net.br\\\/2022\\\/#organization\"},\"potentialAction\":[{\"@type\":\"SearchAction\",\"target\":{\"@type\":\"EntryPoint\",\"urlTemplate\":\"https:\\\/\\\/regiaonews.net.br\\\/2022\\\/?s={search_term_string}\"},\"query-input\":{\"@type\":\"PropertyValueSpecification\",\"valueRequired\":true,\"valueName\":\"search_term_string\"}}],\"inLanguage\":\"pt-BR\"},{\"@type\":\"Organization\",\"@id\":\"https:\\\/\\\/regiaonews.net.br\\\/2022\\\/#organization\",\"name\":\"Regi\u00e3o News\",\"url\":\"https:\\\/\\\/regiaonews.net.br\\\/2022\\\/\",\"logo\":{\"@type\":\"ImageObject\",\"inLanguage\":\"pt-BR\",\"@id\":\"https:\\\/\\\/regiaonews.net.br\\\/2022\\\/#\\\/schema\\\/logo\\\/image\\\/\",\"url\":\"https:\\\/\\\/regiaonews.net.br\\\/2022\\\/wp-content\\\/uploads\\\/2026\\\/03\\\/regiao-13-anos-scaled.jpg\",\"contentUrl\":\"https:\\\/\\\/regiaonews.net.br\\\/2022\\\/wp-content\\\/uploads\\\/2026\\\/03\\\/regiao-13-anos-scaled.jpg\",\"width\":2560,\"height\":635,\"caption\":\"Regi\u00e3o News\"},\"image\":{\"@id\":\"https:\\\/\\\/regiaonews.net.br\\\/2022\\\/#\\\/schema\\\/logo\\\/image\\\/\"}},{\"@type\":\"Person\",\"@id\":\"https:\\\/\\\/regiaonews.net.br\\\/2022\\\/#\\\/schema\\\/person\\\/2d205a608a5aa97ac279d7a5e6d89ad8\",\"name\":\"Roberto\",\"image\":{\"@type\":\"ImageObject\",\"inLanguage\":\"pt-BR\",\"@id\":\"https:\\\/\\\/secure.gravatar.com\\\/avatar\\\/42749d8b712ff9d59ca93dc150494e5b55a44134482993f5baeb97e61b7ecc89?s=96&d=mm&r=g\",\"url\":\"https:\\\/\\\/secure.gravatar.com\\\/avatar\\\/42749d8b712ff9d59ca93dc150494e5b55a44134482993f5baeb97e61b7ecc89?s=96&d=mm&r=g\",\"contentUrl\":\"https:\\\/\\\/secure.gravatar.com\\\/avatar\\\/42749d8b712ff9d59ca93dc150494e5b55a44134482993f5baeb97e61b7ecc89?s=96&d=mm&r=g\",\"caption\":\"Roberto\"},\"url\":\"https:\\\/\\\/regiaonews.net.br\\\/2022\\\/author\\\/roberto\\\/\"}]}<\/script>\n<!-- \/ Yoast SEO plugin. -->","yoast_head_json":{"title":"Vestibular Univesp recebe inscri\u00e7\u00e3o at\u00e9 o dia 8 de abril - Regi\u00e3o News","robots":{"index":"index","follow":"follow","max-snippet":"max-snippet:-1","max-image-preview":"max-image-preview:large","max-video-preview":"max-video-preview:-1"},"canonical":"https:\/\/regiaonews.net.br\/2022\/2024\/04\/01\/vestibular-univesp-recebe-inscricao-ate-o-dia-8-de-abril\/","og_locale":"pt_BR","og_type":"article","og_title":"Vestibular Univesp recebe inscri\u00e7\u00e3o at\u00e9 o dia 8 de abril - Regi\u00e3o News","og_description":"&nbsp; A Universidade Virtual do Estado de S\u00e3o Paulo (Univesp),","og_url":"https:\/\/regiaonews.net.br\/2022\/2024\/04\/01\/vestibular-univesp-recebe-inscricao-ate-o-dia-8-de-abril\/","og_site_name":"Regi\u00e3o News","article_published_time":"2024-04-02T01:50:51+00:00","og_image":[{"width":780,"height":450,"url":"https:\/\/regiaonews.net.br\/2022\/wp-content\/uploads\/2024\/04\/IMG-20240401-WA0200.jpg","type":"image\/jpeg"}],"author":"Roberto","twitter_card":"summary_large_image","twitter_misc":{"Escrito por":"Roberto","Est. tempo de leitura":"5 minutos"},"schema":{"@context":"https:\/\/schema.org","@graph":[{"@type":"Article","@id":"https:\/\/regiaonews.net.br\/2022\/2024\/04\/01\/vestibular-univesp-recebe-inscricao-ate-o-dia-8-de-abril\/#article","isPartOf":{"@id":"https:\/\/regiaonews.net.br\/2022\/2024\/04\/01\/vestibular-univesp-recebe-inscricao-ate-o-dia-8-de-abril\/"},"author":{"name":"Roberto","@id":"https:\/\/regiaonews.net.br\/2022\/#\/schema\/person\/2d205a608a5aa97ac279d7a5e6d89ad8"},"headline":"Vestibular Univesp recebe inscri\u00e7\u00e3o at\u00e9 o dia 8 de abril","datePublished":"2024-04-02T01:50:51+00:00","mainEntityOfPage":{"@id":"https:\/\/regiaonews.net.br\/2022\/2024\/04\/01\/vestibular-univesp-recebe-inscricao-ate-o-dia-8-de-abril\/"},"wordCount":802,"commentCount":0,"publisher":{"@id":"https:\/\/regiaonews.net.br\/2022\/#organization"},"image":{"@id":"https:\/\/regiaonews.net.br\/2022\/2024\/04\/01\/vestibular-univesp-recebe-inscricao-ate-o-dia-8-de-abril\/#primaryimage"},"thumbnailUrl":"https:\/\/regiaonews.net.br\/2022\/wp-content\/uploads\/2024\/04\/IMG-20240401-WA0200.jpg","articleSection":["Cidades","Estado de S\u00e3o Paulo"],"inLanguage":"pt-BR","potentialAction":[{"@type":"CommentAction","name":"Comment","target":["https:\/\/regiaonews.net.br\/2022\/2024\/04\/01\/vestibular-univesp-recebe-inscricao-ate-o-dia-8-de-abril\/#respond"]}]},{"@type":"WebPage","@id":"https:\/\/regiaonews.net.br\/2022\/2024\/04\/01\/vestibular-univesp-recebe-inscricao-ate-o-dia-8-de-abril\/","url":"https:\/\/regiaonews.net.br\/2022\/2024\/04\/01\/vestibular-univesp-recebe-inscricao-ate-o-dia-8-de-abril\/","name":"Vestibular Univesp recebe inscri\u00e7\u00e3o at\u00e9 o dia 8 de abril - Regi\u00e3o News","isPartOf":{"@id":"https:\/\/regiaonews.net.br\/2022\/#website"},"primaryImageOfPage":{"@id":"https:\/\/regiaonews.net.br\/2022\/2024\/04\/01\/vestibular-univesp-recebe-inscricao-ate-o-dia-8-de-abril\/#primaryimage"},"image":{"@id":"https:\/\/regiaonews.net.br\/2022\/2024\/04\/01\/vestibular-univesp-recebe-inscricao-ate-o-dia-8-de-abril\/#primaryimage"},"thumbnailUrl":"https:\/\/regiaonews.net.br\/2022\/wp-content\/uploads\/2024\/04\/IMG-20240401-WA0200.jpg","datePublished":"2024-04-02T01:50:51+00:00","breadcrumb":{"@id":"https:\/\/regiaonews.net.br\/2022\/2024\/04\/01\/vestibular-univesp-recebe-inscricao-ate-o-dia-8-de-abril\/#breadcrumb"},"inLanguage":"pt-BR","potentialAction":[{"@type":"ReadAction","target":["https:\/\/regiaonews.net.br\/2022\/2024\/04\/01\/vestibular-univesp-recebe-inscricao-ate-o-dia-8-de-abril\/"]}]},{"@type":"ImageObject","inLanguage":"pt-BR","@id":"https:\/\/regiaonews.net.br\/2022\/2024\/04\/01\/vestibular-univesp-recebe-inscricao-ate-o-dia-8-de-abril\/#primaryimage","url":"https:\/\/regiaonews.net.br\/2022\/wp-content\/uploads\/2024\/04\/IMG-20240401-WA0200.jpg","contentUrl":"https:\/\/regiaonews.net.br\/2022\/wp-content\/uploads\/2024\/04\/IMG-20240401-WA0200.jpg","width":780,"height":450},{"@type":"BreadcrumbList","@id":"https:\/\/regiaonews.net.br\/2022\/2024\/04\/01\/vestibular-univesp-recebe-inscricao-ate-o-dia-8-de-abril\/#breadcrumb","itemListElement":[{"@type":"ListItem","position":1,"name":"In\u00edcio","item":"https:\/\/regiaonews.net.br\/2022\/"},{"@type":"ListItem","position":2,"name":"Vestibular Univesp recebe inscri\u00e7\u00e3o at\u00e9 o dia 8 de abril"}]},{"@type":"WebSite","@id":"https:\/\/regiaonews.net.br\/2022\/#website","url":"https:\/\/regiaonews.net.br\/2022\/","name":"Regi\u00e3o News","description":"Site de Not\u00edcias de Barretos e regi\u00e3o","publisher":{"@id":"https:\/\/regiaonews.net.br\/2022\/#organization"},"potentialAction":[{"@type":"SearchAction","target":{"@type":"EntryPoint","urlTemplate":"https:\/\/regiaonews.net.br\/2022\/?s={search_term_string}"},"query-input":{"@type":"PropertyValueSpecification","valueRequired":true,"valueName":"search_term_string"}}],"inLanguage":"pt-BR"},{"@type":"Organization","@id":"https:\/\/regiaonews.net.br\/2022\/#organization","name":"Regi\u00e3o News","url":"https:\/\/regiaonews.net.br\/2022\/","logo":{"@type":"ImageObject","inLanguage":"pt-BR","@id":"https:\/\/regiaonews.net.br\/2022\/#\/schema\/logo\/image\/","url":"https:\/\/regiaonews.net.br\/2022\/wp-content\/uploads\/2026\/03\/regiao-13-anos-scaled.jpg","contentUrl":"https:\/\/regiaonews.net.br\/2022\/wp-content\/uploads\/2026\/03\/regiao-13-anos-scaled.jpg","width":2560,"height":635,"caption":"Regi\u00e3o News"},"image":{"@id":"https:\/\/regiaonews.net.br\/2022\/#\/schema\/logo\/image\/"}},{"@type":"Person","@id":"https:\/\/regiaonews.net.br\/2022\/#\/schema\/person\/2d205a608a5aa97ac279d7a5e6d89ad8","name":"Roberto","image":{"@type":"ImageObject","inLanguage":"pt-BR","@id":"https:\/\/secure.gravatar.com\/avatar\/42749d8b712ff9d59ca93dc150494e5b55a44134482993f5baeb97e61b7ecc89?s=96&d=mm&r=g","url":"https:\/\/secure.gravatar.com\/avatar\/42749d8b712ff9d59ca93dc150494e5b55a44134482993f5baeb97e61b7ecc89?s=96&d=mm&r=g","contentUrl":"https:\/\/secure.gravatar.com\/avatar\/42749d8b712ff9d59ca93dc150494e5b55a44134482993f5baeb97e61b7ecc89?s=96&d=mm&r=g","caption":"Roberto"},"url":"https:\/\/regiaonews.net.br\/2022\/author\/roberto\/"}]}},"publishpress_future_action":{"enabled":false,"date":"2026-05-03 21:35:39","action":"change-status","newStatus":"draft","terms":[],"taxonomy":"category","extraData":[]},"publishpress_future_workflow_manual_trigger":{"enabledWorkflows":[]},"_links":{"self":[{"href":"https:\/\/regiaonews.net.br\/2022\/wp-json\/wp\/v2\/posts\/103132","targetHints":{"allow":["GET"]}}],"collection":[{"href":"https:\/\/regiaonews.net.br\/2022\/wp-json\/wp\/v2\/posts"}],"about":[{"href":"https:\/\/regiaonews.net.br\/2022\/wp-json\/wp\/v2\/types\/post"}],"author":[{"embeddable":true,"href":"https:\/\/regiaonews.net.br\/2022\/wp-json\/wp\/v2\/users\/2"}],"replies":[{"embeddable":true,"href":"https:\/\/regiaonews.net.br\/2022\/wp-json\/wp\/v2\/comments?post=103132"}],"version-history":[{"count":1,"href":"https:\/\/regiaonews.net.br\/2022\/wp-json\/wp\/v2\/posts\/103132\/revisions"}],"predecessor-version":[{"id":103134,"href":"https:\/\/regiaonews.net.br\/2022\/wp-json\/wp\/v2\/posts\/103132\/revisions\/103134"}],"wp:featuredmedia":[{"embeddable":true,"href":"https:\/\/regiaonews.net.br\/2022\/wp-json\/wp\/v2\/media\/103133"}],"wp:attachment":[{"href":"https:\/\/regiaonews.net.br\/2022\/wp-json\/wp\/v2\/media?parent=103132"}],"wp:term":[{"taxonomy":"category","embeddable":true,"href":"https:\/\/regiaonews.net.br\/2022\/wp-json\/wp\/v2\/categories?post=103132"},{"taxonomy":"post_tag","embeddable":true,"href":"https:\/\/regiaonews.net.br\/2022\/wp-json\/wp\/v2\/tags?post=103132"}],"curies":[{"name":"wp","href":"https:\/\/api.w.org\/{rel}","templated":true}]}}