{"id":103118,"date":"2024-04-01T18:26:11","date_gmt":"2024-04-01T21:26:11","guid":{"rendered":"https:\/\/regiaonews.net.br\/2022\/?p=103118"},"modified":"2024-04-01T18:35:11","modified_gmt":"2024-04-01T21:35:11","slug":"barretos-passa-a-ter-a-primeira-casa-de-apoio-da-caasp-e-oab-sp","status":"publish","type":"post","link":"https:\/\/regiaonews.net.br\/2022\/2024\/04\/01\/barretos-passa-a-ter-a-primeira-casa-de-apoio-da-caasp-e-oab-sp\/","title":{"rendered":"Barretos passa a ter a primeira Casa de Apoio da CAASP e OAB SP"},"content":{"rendered":"<p>&nbsp;<\/p>\n<p>Local foi inaugurado nesta segunda, 1, com a presen\u00e7a das presidentes da OAB SP, OAB Barretos e da Caasp, al\u00e9m de autoridades, imprensa, advogados e advogadas<\/p>\n<p>A casa de apoio da CAASP e OAB SP, inaugurada na manh\u00e3 deste dia primeiro de abril, \u00e9 um projeto pioneiro, o primeiro do pa\u00eds a se concretizar. O ato inaugural contou com a presen\u00e7a da dra. Patr\u00edcia Vanzolini \u2013 presidente da OAB S\u00e3o Paulo, dra. Adriana Galv\u00e3o \u2013 presidente da CAASP &#8211; Caixa de Assist\u00eancia dos Advogados de S\u00e3o Paulo, que viabilizou os recursos para a aquisi\u00e7\u00e3o e adequa\u00e7\u00e3o do im\u00f3vel, da dr. Arany L\u2019Apiccirella \u2013 presidente da OAB Barretos e da dra. Paula Lemos &#8211; advogada e prefeita da Est\u00e2ncia Tur\u00edstica de Barretos, al\u00e9m de outras autoridades, imprensa, advogadas e advogados da cidade e regi\u00e3o.<br \/>\nA Casa de Apoio, localizada no Jardim Soares, em Barretos, est\u00e1 mobiliada, tem cinco quartos, duas su\u00edtes, um coworking, dois banheiros sociais, uma sala, uma cozinha, uma lavanderia, um corredor, jardim e uma garagem. Vai hospedar advogadas e advogados, com acompanhante, que estejam em tratamento contra o c\u00e2ncer no Hospital de Amor de Barretos. As condi\u00e7\u00f5es para recep\u00e7\u00e3o dos pacientes do Hospital de Amor foram definidas pela Diretoria da CAASP a partir estudos especializados dos setores de Benef\u00edcios e de Sa\u00fade da entidade.<br \/>\nPara a presidente da OAB S\u00e3o Paulo, Dra. Patr\u00edcia Vanzolini, a Casa de Apoio \u00e9 um marco para advocacia \u201c\u00e9 uma grande conquista para toda advocacia, ficamos muito felizes com CAASP, OAB SP e a 7\u00aa Subse\u00e7\u00e3o, por proporcionar algo t\u00e3o importante para os colegas que passam por um momento t\u00e3o delicado e que estejam em tratamento no Hospital de Amor. Aqui esses pacientes v\u00e3o ter conforto, podem trazer um acompanhante e inclusive trabalhar no espa\u00e7o de &#8216;coworking&#8217; aqui dentro da casa. Parabenizo a Dra. Adriana Galv\u00e3o e todos os envolvidos, a iniciativa \u00e9 inovadora, nunca foi feita antes, que seja a primeira de muitas &#8216;Casas de Apoio&#8217;, dentro do estado paulista e em todo pa\u00eds\u201d, explicou dra. Vanzolini.<br \/>\nDe acordo com a Dra. Adriana Galv\u00e3o da CAASP j\u00e1 \u00e9 existente uma demanda de advogados que precisam da hospedagem na Casa. \u201cJ\u00e1 estamos recebendo os requerimentos de inscri\u00e7\u00f5es e as declara\u00e7\u00f5es m\u00e9dicas dos advogados e advogadas est\u00e3o sendo analisados. Para fazer esta solicita\u00e7\u00e3o, basta o profissional do direito acessar o site da CAASP , no www.caasp.org.br, l\u00e1 est\u00e3o todas as informa\u00e7\u00f5es necess\u00e1rias\u201d, informou Galv\u00e3o, que salientou \u201co projeto da Casa de Acolhimento tamb\u00e9m ser\u00e1 enviado pela presidente da OAB SP, Dra. Patr\u00edcia Vanzolini, para o Conselho Federal em Bras\u00edlia, com o objetivo de expandir o trabalho aos advogados de todos os estados do pa\u00eds\u201d, finalizou.<br \/>\n\u201cEssa data \u00e9 marcante, uma imensa conquista para advocacia, essa casa representa muito para os colegas que estejam passando por um momento de luta contra a doen\u00e7a, por isso \u00e9 necess\u00e1rio esse acolhimento. Agrade\u00e7o imensamente a CAASP em parceria com a nossa equipe da OAB Barretos e a OAB SP\u201d, explicou a presidente da 7\u00aa Subse\u00e7\u00e3o Ordem dos Advogados do Brasil \u2013 OAB Barretos, Dra. Arany L\u2019Apiccirella.<br \/>\nO conselheiro seccional da OAB SP dr. Fabiano Reis de Carvalho, outros conselheiros estaduais e o representante do Hospital de Amor, Mussa Calil Neto, vice-presidente da OAB Barretos, Dra. Priscila Sanches Salviano de Oliveira e do tesoureiro Dr. Ant\u00f4nio Carlos Ferreira de Almeida, tamb\u00e9m estiveram presentes na inaugura\u00e7\u00e3o da Casa de Apoio e Acolhimento da Advocacia em Barretos. Ap\u00f3s a cerim\u00f4nia inaugural, as dirigentes da OAB e Caasp puderam visitar o complexo do Hospital de Amor.<\/p>\n<p>fotos: J\u00e2nio Munhoz<\/p>\n","protected":false},"excerpt":{"rendered":"<p>&nbsp; Local foi inaugurado nesta segunda, 1, com a presen\u00e7a<\/p>\n","protected":false},"author":2,"featured_media":103119,"comment_status":"open","ping_status":"open","sticky":false,"template":"","format":"standard","meta":{"footnotes":""},"categories":[14,25],"tags":[],"class_list":["post-103118","post","type-post","status-publish","format-standard","has-post-thumbnail","hentry","category-barretos","category-cidades"],"yoast_head":"<!-- This site is optimized with the Yoast SEO plugin v27.4 - https:\/\/yoast.com\/product\/yoast-seo-wordpress\/ -->\n<title>Barretos passa a ter a primeira Casa de Apoio da CAASP e OAB SP - Regi\u00e3o News<\/title>\n<meta name=\"robots\" content=\"index, follow, max-snippet:-1, max-image-preview:large, max-video-preview:-1\" \/>\n<link rel=\"canonical\" href=\"https:\/\/regiaonews.net.br\/2022\/2024\/04\/01\/barretos-passa-a-ter-a-primeira-casa-de-apoio-da-caasp-e-oab-sp\/\" \/>\n<meta property=\"og:locale\" content=\"pt_BR\" \/>\n<meta property=\"og:type\" content=\"article\" \/>\n<meta property=\"og:title\" content=\"Barretos passa a ter a primeira Casa de Apoio da CAASP e OAB SP - Regi\u00e3o News\" \/>\n<meta property=\"og:description\" content=\"&nbsp; Local foi inaugurado nesta segunda, 1, com a presen\u00e7a\" \/>\n<meta property=\"og:url\" content=\"https:\/\/regiaonews.net.br\/2022\/2024\/04\/01\/barretos-passa-a-ter-a-primeira-casa-de-apoio-da-caasp-e-oab-sp\/\" \/>\n<meta property=\"og:site_name\" content=\"Regi\u00e3o News\" \/>\n<meta property=\"article:published_time\" content=\"2024-04-01T21:26:11+00:00\" \/>\n<meta property=\"article:modified_time\" content=\"2024-04-01T21:35:11+00:00\" \/>\n<meta property=\"og:image\" content=\"https:\/\/regiaonews.net.br\/2022\/wp-content\/uploads\/2024\/04\/WhatsApp-Image-2024-04-01-at-17.38.56.jpeg\" \/>\n\t<meta property=\"og:image:width\" content=\"1600\" \/>\n\t<meta property=\"og:image:height\" content=\"1067\" \/>\n\t<meta property=\"og:image:type\" content=\"image\/jpeg\" \/>\n<meta name=\"author\" content=\"Roberto\" \/>\n<meta name=\"twitter:card\" content=\"summary_large_image\" \/>\n<meta name=\"twitter:label1\" content=\"Escrito por\" \/>\n\t<meta name=\"twitter:data1\" content=\"Roberto\" \/>\n\t<meta name=\"twitter:label2\" content=\"Est. tempo de leitura\" \/>\n\t<meta name=\"twitter:data2\" content=\"4 minutos\" \/>\n<script type=\"application\/ld+json\" class=\"yoast-schema-graph\">{\"@context\":\"https:\\\/\\\/schema.org\",\"@graph\":[{\"@type\":\"Article\",\"@id\":\"https:\\\/\\\/regiaonews.net.br\\\/2022\\\/2024\\\/04\\\/01\\\/barretos-passa-a-ter-a-primeira-casa-de-apoio-da-caasp-e-oab-sp\\\/#article\",\"isPartOf\":{\"@id\":\"https:\\\/\\\/regiaonews.net.br\\\/2022\\\/2024\\\/04\\\/01\\\/barretos-passa-a-ter-a-primeira-casa-de-apoio-da-caasp-e-oab-sp\\\/\"},\"author\":{\"name\":\"Roberto\",\"@id\":\"https:\\\/\\\/regiaonews.net.br\\\/2022\\\/#\\\/schema\\\/person\\\/2d205a608a5aa97ac279d7a5e6d89ad8\"},\"headline\":\"Barretos passa a ter a primeira Casa de Apoio da CAASP e OAB SP\",\"datePublished\":\"2024-04-01T21:26:11+00:00\",\"dateModified\":\"2024-04-01T21:35:11+00:00\",\"mainEntityOfPage\":{\"@id\":\"https:\\\/\\\/regiaonews.net.br\\\/2022\\\/2024\\\/04\\\/01\\\/barretos-passa-a-ter-a-primeira-casa-de-apoio-da-caasp-e-oab-sp\\\/\"},\"wordCount\":647,\"commentCount\":0,\"publisher\":{\"@id\":\"https:\\\/\\\/regiaonews.net.br\\\/2022\\\/#organization\"},\"image\":{\"@id\":\"https:\\\/\\\/regiaonews.net.br\\\/2022\\\/2024\\\/04\\\/01\\\/barretos-passa-a-ter-a-primeira-casa-de-apoio-da-caasp-e-oab-sp\\\/#primaryimage\"},\"thumbnailUrl\":\"https:\\\/\\\/regiaonews.net.br\\\/2022\\\/wp-content\\\/uploads\\\/2024\\\/04\\\/WhatsApp-Image-2024-04-01-at-17.38.56.jpeg\",\"articleSection\":[\"Barretos\",\"Cidades\"],\"inLanguage\":\"pt-BR\",\"potentialAction\":[{\"@type\":\"CommentAction\",\"name\":\"Comment\",\"target\":[\"https:\\\/\\\/regiaonews.net.br\\\/2022\\\/2024\\\/04\\\/01\\\/barretos-passa-a-ter-a-primeira-casa-de-apoio-da-caasp-e-oab-sp\\\/#respond\"]}]},{\"@type\":\"WebPage\",\"@id\":\"https:\\\/\\\/regiaonews.net.br\\\/2022\\\/2024\\\/04\\\/01\\\/barretos-passa-a-ter-a-primeira-casa-de-apoio-da-caasp-e-oab-sp\\\/\",\"url\":\"https:\\\/\\\/regiaonews.net.br\\\/2022\\\/2024\\\/04\\\/01\\\/barretos-passa-a-ter-a-primeira-casa-de-apoio-da-caasp-e-oab-sp\\\/\",\"name\":\"Barretos passa a ter a primeira Casa de Apoio da CAASP e OAB SP - Regi\u00e3o News\",\"isPartOf\":{\"@id\":\"https:\\\/\\\/regiaonews.net.br\\\/2022\\\/#website\"},\"primaryImageOfPage\":{\"@id\":\"https:\\\/\\\/regiaonews.net.br\\\/2022\\\/2024\\\/04\\\/01\\\/barretos-passa-a-ter-a-primeira-casa-de-apoio-da-caasp-e-oab-sp\\\/#primaryimage\"},\"image\":{\"@id\":\"https:\\\/\\\/regiaonews.net.br\\\/2022\\\/2024\\\/04\\\/01\\\/barretos-passa-a-ter-a-primeira-casa-de-apoio-da-caasp-e-oab-sp\\\/#primaryimage\"},\"thumbnailUrl\":\"https:\\\/\\\/regiaonews.net.br\\\/2022\\\/wp-content\\\/uploads\\\/2024\\\/04\\\/WhatsApp-Image-2024-04-01-at-17.38.56.jpeg\",\"datePublished\":\"2024-04-01T21:26:11+00:00\",\"dateModified\":\"2024-04-01T21:35:11+00:00\",\"breadcrumb\":{\"@id\":\"https:\\\/\\\/regiaonews.net.br\\\/2022\\\/2024\\\/04\\\/01\\\/barretos-passa-a-ter-a-primeira-casa-de-apoio-da-caasp-e-oab-sp\\\/#breadcrumb\"},\"inLanguage\":\"pt-BR\",\"potentialAction\":[{\"@type\":\"ReadAction\",\"target\":[\"https:\\\/\\\/regiaonews.net.br\\\/2022\\\/2024\\\/04\\\/01\\\/barretos-passa-a-ter-a-primeira-casa-de-apoio-da-caasp-e-oab-sp\\\/\"]}]},{\"@type\":\"ImageObject\",\"inLanguage\":\"pt-BR\",\"@id\":\"https:\\\/\\\/regiaonews.net.br\\\/2022\\\/2024\\\/04\\\/01\\\/barretos-passa-a-ter-a-primeira-casa-de-apoio-da-caasp-e-oab-sp\\\/#primaryimage\",\"url\":\"https:\\\/\\\/regiaonews.net.br\\\/2022\\\/wp-content\\\/uploads\\\/2024\\\/04\\\/WhatsApp-Image-2024-04-01-at-17.38.56.jpeg\",\"contentUrl\":\"https:\\\/\\\/regiaonews.net.br\\\/2022\\\/wp-content\\\/uploads\\\/2024\\\/04\\\/WhatsApp-Image-2024-04-01-at-17.38.56.jpeg\",\"width\":1600,\"height\":1067},{\"@type\":\"BreadcrumbList\",\"@id\":\"https:\\\/\\\/regiaonews.net.br\\\/2022\\\/2024\\\/04\\\/01\\\/barretos-passa-a-ter-a-primeira-casa-de-apoio-da-caasp-e-oab-sp\\\/#breadcrumb\",\"itemListElement\":[{\"@type\":\"ListItem\",\"position\":1,\"name\":\"In\u00edcio\",\"item\":\"https:\\\/\\\/regiaonews.net.br\\\/2022\\\/\"},{\"@type\":\"ListItem\",\"position\":2,\"name\":\"Barretos passa a ter a primeira Casa de Apoio da CAASP e OAB SP\"}]},{\"@type\":\"WebSite\",\"@id\":\"https:\\\/\\\/regiaonews.net.br\\\/2022\\\/#website\",\"url\":\"https:\\\/\\\/regiaonews.net.br\\\/2022\\\/\",\"name\":\"Regi\u00e3o News\",\"description\":\"Site de Not\u00edcias de Barretos e regi\u00e3o\",\"publisher\":{\"@id\":\"https:\\\/\\\/regiaonews.net.br\\\/2022\\\/#organization\"},\"potentialAction\":[{\"@type\":\"SearchAction\",\"target\":{\"@type\":\"EntryPoint\",\"urlTemplate\":\"https:\\\/\\\/regiaonews.net.br\\\/2022\\\/?s={search_term_string}\"},\"query-input\":{\"@type\":\"PropertyValueSpecification\",\"valueRequired\":true,\"valueName\":\"search_term_string\"}}],\"inLanguage\":\"pt-BR\"},{\"@type\":\"Organization\",\"@id\":\"https:\\\/\\\/regiaonews.net.br\\\/2022\\\/#organization\",\"name\":\"Regi\u00e3o News\",\"url\":\"https:\\\/\\\/regiaonews.net.br\\\/2022\\\/\",\"logo\":{\"@type\":\"ImageObject\",\"inLanguage\":\"pt-BR\",\"@id\":\"https:\\\/\\\/regiaonews.net.br\\\/2022\\\/#\\\/schema\\\/logo\\\/image\\\/\",\"url\":\"https:\\\/\\\/regiaonews.net.br\\\/2022\\\/wp-content\\\/uploads\\\/2026\\\/03\\\/regiao-13-anos-scaled.jpg\",\"contentUrl\":\"https:\\\/\\\/regiaonews.net.br\\\/2022\\\/wp-content\\\/uploads\\\/2026\\\/03\\\/regiao-13-anos-scaled.jpg\",\"width\":2560,\"height\":635,\"caption\":\"Regi\u00e3o News\"},\"image\":{\"@id\":\"https:\\\/\\\/regiaonews.net.br\\\/2022\\\/#\\\/schema\\\/logo\\\/image\\\/\"}},{\"@type\":\"Person\",\"@id\":\"https:\\\/\\\/regiaonews.net.br\\\/2022\\\/#\\\/schema\\\/person\\\/2d205a608a5aa97ac279d7a5e6d89ad8\",\"name\":\"Roberto\",\"image\":{\"@type\":\"ImageObject\",\"inLanguage\":\"pt-BR\",\"@id\":\"https:\\\/\\\/secure.gravatar.com\\\/avatar\\\/42749d8b712ff9d59ca93dc150494e5b55a44134482993f5baeb97e61b7ecc89?s=96&d=mm&r=g\",\"url\":\"https:\\\/\\\/secure.gravatar.com\\\/avatar\\\/42749d8b712ff9d59ca93dc150494e5b55a44134482993f5baeb97e61b7ecc89?s=96&d=mm&r=g\",\"contentUrl\":\"https:\\\/\\\/secure.gravatar.com\\\/avatar\\\/42749d8b712ff9d59ca93dc150494e5b55a44134482993f5baeb97e61b7ecc89?s=96&d=mm&r=g\",\"caption\":\"Roberto\"},\"url\":\"https:\\\/\\\/regiaonews.net.br\\\/2022\\\/author\\\/roberto\\\/\"}]}<\/script>\n<!-- \/ Yoast SEO plugin. -->","yoast_head_json":{"title":"Barretos passa a ter a primeira Casa de Apoio da CAASP e OAB SP - Regi\u00e3o News","robots":{"index":"index","follow":"follow","max-snippet":"max-snippet:-1","max-image-preview":"max-image-preview:large","max-video-preview":"max-video-preview:-1"},"canonical":"https:\/\/regiaonews.net.br\/2022\/2024\/04\/01\/barretos-passa-a-ter-a-primeira-casa-de-apoio-da-caasp-e-oab-sp\/","og_locale":"pt_BR","og_type":"article","og_title":"Barretos passa a ter a primeira Casa de Apoio da CAASP e OAB SP - Regi\u00e3o News","og_description":"&nbsp; Local foi inaugurado nesta segunda, 1, com a presen\u00e7a","og_url":"https:\/\/regiaonews.net.br\/2022\/2024\/04\/01\/barretos-passa-a-ter-a-primeira-casa-de-apoio-da-caasp-e-oab-sp\/","og_site_name":"Regi\u00e3o News","article_published_time":"2024-04-01T21:26:11+00:00","article_modified_time":"2024-04-01T21:35:11+00:00","og_image":[{"width":1600,"height":1067,"url":"https:\/\/regiaonews.net.br\/2022\/wp-content\/uploads\/2024\/04\/WhatsApp-Image-2024-04-01-at-17.38.56.jpeg","type":"image\/jpeg"}],"author":"Roberto","twitter_card":"summary_large_image","twitter_misc":{"Escrito por":"Roberto","Est. tempo de leitura":"4 minutos"},"schema":{"@context":"https:\/\/schema.org","@graph":[{"@type":"Article","@id":"https:\/\/regiaonews.net.br\/2022\/2024\/04\/01\/barretos-passa-a-ter-a-primeira-casa-de-apoio-da-caasp-e-oab-sp\/#article","isPartOf":{"@id":"https:\/\/regiaonews.net.br\/2022\/2024\/04\/01\/barretos-passa-a-ter-a-primeira-casa-de-apoio-da-caasp-e-oab-sp\/"},"author":{"name":"Roberto","@id":"https:\/\/regiaonews.net.br\/2022\/#\/schema\/person\/2d205a608a5aa97ac279d7a5e6d89ad8"},"headline":"Barretos passa a ter a primeira Casa de Apoio da CAASP e OAB SP","datePublished":"2024-04-01T21:26:11+00:00","dateModified":"2024-04-01T21:35:11+00:00","mainEntityOfPage":{"@id":"https:\/\/regiaonews.net.br\/2022\/2024\/04\/01\/barretos-passa-a-ter-a-primeira-casa-de-apoio-da-caasp-e-oab-sp\/"},"wordCount":647,"commentCount":0,"publisher":{"@id":"https:\/\/regiaonews.net.br\/2022\/#organization"},"image":{"@id":"https:\/\/regiaonews.net.br\/2022\/2024\/04\/01\/barretos-passa-a-ter-a-primeira-casa-de-apoio-da-caasp-e-oab-sp\/#primaryimage"},"thumbnailUrl":"https:\/\/regiaonews.net.br\/2022\/wp-content\/uploads\/2024\/04\/WhatsApp-Image-2024-04-01-at-17.38.56.jpeg","articleSection":["Barretos","Cidades"],"inLanguage":"pt-BR","potentialAction":[{"@type":"CommentAction","name":"Comment","target":["https:\/\/regiaonews.net.br\/2022\/2024\/04\/01\/barretos-passa-a-ter-a-primeira-casa-de-apoio-da-caasp-e-oab-sp\/#respond"]}]},{"@type":"WebPage","@id":"https:\/\/regiaonews.net.br\/2022\/2024\/04\/01\/barretos-passa-a-ter-a-primeira-casa-de-apoio-da-caasp-e-oab-sp\/","url":"https:\/\/regiaonews.net.br\/2022\/2024\/04\/01\/barretos-passa-a-ter-a-primeira-casa-de-apoio-da-caasp-e-oab-sp\/","name":"Barretos passa a ter a primeira Casa de Apoio da CAASP e OAB SP - Regi\u00e3o News","isPartOf":{"@id":"https:\/\/regiaonews.net.br\/2022\/#website"},"primaryImageOfPage":{"@id":"https:\/\/regiaonews.net.br\/2022\/2024\/04\/01\/barretos-passa-a-ter-a-primeira-casa-de-apoio-da-caasp-e-oab-sp\/#primaryimage"},"image":{"@id":"https:\/\/regiaonews.net.br\/2022\/2024\/04\/01\/barretos-passa-a-ter-a-primeira-casa-de-apoio-da-caasp-e-oab-sp\/#primaryimage"},"thumbnailUrl":"https:\/\/regiaonews.net.br\/2022\/wp-content\/uploads\/2024\/04\/WhatsApp-Image-2024-04-01-at-17.38.56.jpeg","datePublished":"2024-04-01T21:26:11+00:00","dateModified":"2024-04-01T21:35:11+00:00","breadcrumb":{"@id":"https:\/\/regiaonews.net.br\/2022\/2024\/04\/01\/barretos-passa-a-ter-a-primeira-casa-de-apoio-da-caasp-e-oab-sp\/#breadcrumb"},"inLanguage":"pt-BR","potentialAction":[{"@type":"ReadAction","target":["https:\/\/regiaonews.net.br\/2022\/2024\/04\/01\/barretos-passa-a-ter-a-primeira-casa-de-apoio-da-caasp-e-oab-sp\/"]}]},{"@type":"ImageObject","inLanguage":"pt-BR","@id":"https:\/\/regiaonews.net.br\/2022\/2024\/04\/01\/barretos-passa-a-ter-a-primeira-casa-de-apoio-da-caasp-e-oab-sp\/#primaryimage","url":"https:\/\/regiaonews.net.br\/2022\/wp-content\/uploads\/2024\/04\/WhatsApp-Image-2024-04-01-at-17.38.56.jpeg","contentUrl":"https:\/\/regiaonews.net.br\/2022\/wp-content\/uploads\/2024\/04\/WhatsApp-Image-2024-04-01-at-17.38.56.jpeg","width":1600,"height":1067},{"@type":"BreadcrumbList","@id":"https:\/\/regiaonews.net.br\/2022\/2024\/04\/01\/barretos-passa-a-ter-a-primeira-casa-de-apoio-da-caasp-e-oab-sp\/#breadcrumb","itemListElement":[{"@type":"ListItem","position":1,"name":"In\u00edcio","item":"https:\/\/regiaonews.net.br\/2022\/"},{"@type":"ListItem","position":2,"name":"Barretos passa a ter a primeira Casa de Apoio da CAASP e OAB SP"}]},{"@type":"WebSite","@id":"https:\/\/regiaonews.net.br\/2022\/#website","url":"https:\/\/regiaonews.net.br\/2022\/","name":"Regi\u00e3o News","description":"Site de Not\u00edcias de Barretos e regi\u00e3o","publisher":{"@id":"https:\/\/regiaonews.net.br\/2022\/#organization"},"potentialAction":[{"@type":"SearchAction","target":{"@type":"EntryPoint","urlTemplate":"https:\/\/regiaonews.net.br\/2022\/?s={search_term_string}"},"query-input":{"@type":"PropertyValueSpecification","valueRequired":true,"valueName":"search_term_string"}}],"inLanguage":"pt-BR"},{"@type":"Organization","@id":"https:\/\/regiaonews.net.br\/2022\/#organization","name":"Regi\u00e3o News","url":"https:\/\/regiaonews.net.br\/2022\/","logo":{"@type":"ImageObject","inLanguage":"pt-BR","@id":"https:\/\/regiaonews.net.br\/2022\/#\/schema\/logo\/image\/","url":"https:\/\/regiaonews.net.br\/2022\/wp-content\/uploads\/2026\/03\/regiao-13-anos-scaled.jpg","contentUrl":"https:\/\/regiaonews.net.br\/2022\/wp-content\/uploads\/2026\/03\/regiao-13-anos-scaled.jpg","width":2560,"height":635,"caption":"Regi\u00e3o News"},"image":{"@id":"https:\/\/regiaonews.net.br\/2022\/#\/schema\/logo\/image\/"}},{"@type":"Person","@id":"https:\/\/regiaonews.net.br\/2022\/#\/schema\/person\/2d205a608a5aa97ac279d7a5e6d89ad8","name":"Roberto","image":{"@type":"ImageObject","inLanguage":"pt-BR","@id":"https:\/\/secure.gravatar.com\/avatar\/42749d8b712ff9d59ca93dc150494e5b55a44134482993f5baeb97e61b7ecc89?s=96&d=mm&r=g","url":"https:\/\/secure.gravatar.com\/avatar\/42749d8b712ff9d59ca93dc150494e5b55a44134482993f5baeb97e61b7ecc89?s=96&d=mm&r=g","contentUrl":"https:\/\/secure.gravatar.com\/avatar\/42749d8b712ff9d59ca93dc150494e5b55a44134482993f5baeb97e61b7ecc89?s=96&d=mm&r=g","caption":"Roberto"},"url":"https:\/\/regiaonews.net.br\/2022\/author\/roberto\/"}]}},"publishpress_future_action":{"enabled":false,"date":"2026-05-03 15:46:43","action":"change-status","newStatus":"draft","terms":[],"taxonomy":"category","extraData":[]},"publishpress_future_workflow_manual_trigger":{"enabledWorkflows":[]},"_links":{"self":[{"href":"https:\/\/regiaonews.net.br\/2022\/wp-json\/wp\/v2\/posts\/103118","targetHints":{"allow":["GET"]}}],"collection":[{"href":"https:\/\/regiaonews.net.br\/2022\/wp-json\/wp\/v2\/posts"}],"about":[{"href":"https:\/\/regiaonews.net.br\/2022\/wp-json\/wp\/v2\/types\/post"}],"author":[{"embeddable":true,"href":"https:\/\/regiaonews.net.br\/2022\/wp-json\/wp\/v2\/users\/2"}],"replies":[{"embeddable":true,"href":"https:\/\/regiaonews.net.br\/2022\/wp-json\/wp\/v2\/comments?post=103118"}],"version-history":[{"count":3,"href":"https:\/\/regiaonews.net.br\/2022\/wp-json\/wp\/v2\/posts\/103118\/revisions"}],"predecessor-version":[{"id":103122,"href":"https:\/\/regiaonews.net.br\/2022\/wp-json\/wp\/v2\/posts\/103118\/revisions\/103122"}],"wp:featuredmedia":[{"embeddable":true,"href":"https:\/\/regiaonews.net.br\/2022\/wp-json\/wp\/v2\/media\/103119"}],"wp:attachment":[{"href":"https:\/\/regiaonews.net.br\/2022\/wp-json\/wp\/v2\/media?parent=103118"}],"wp:term":[{"taxonomy":"category","embeddable":true,"href":"https:\/\/regiaonews.net.br\/2022\/wp-json\/wp\/v2\/categories?post=103118"},{"taxonomy":"post_tag","embeddable":true,"href":"https:\/\/regiaonews.net.br\/2022\/wp-json\/wp\/v2\/tags?post=103118"}],"curies":[{"name":"wp","href":"https:\/\/api.w.org\/{rel}","templated":true}]}}