{"id":103105,"date":"2024-03-31T19:31:34","date_gmt":"2024-03-31T22:31:34","guid":{"rendered":"https:\/\/regiaonews.net.br\/2022\/?p=103105"},"modified":"2024-03-31T19:31:34","modified_gmt":"2024-03-31T22:31:34","slug":"sao-paulo-lidera-ranking-nacional-e-gera-mais-de-101-mil-empregos-com-carteira-assinada-em-fevereiro","status":"publish","type":"post","link":"https:\/\/regiaonews.net.br\/2022\/2024\/03\/31\/sao-paulo-lidera-ranking-nacional-e-gera-mais-de-101-mil-empregos-com-carteira-assinada-em-fevereiro\/","title":{"rendered":"S\u00e3o Paulo lidera ranking nacional e gera mais de 101 mil empregos com carteira assinada em fevereiro"},"content":{"rendered":"<p>Repetindo o desempenho de janeiro, S\u00e3o Paulo \u00e9 a unidade da Federa\u00e7\u00e3o com o maior saldo positivo de vagas com carteira assinada em fevereiro de 2024. Em todo o estado, foram abertos 101.163 novos postos, o que representa 62,6 mil postos a mais do que os gerados em janeiro, quando S\u00e3o Paulo registrou a abertura de 38,5 mil novas vagas com carteira assinada.<br \/>\nOs dados do Cadastro Geral de Empregados e Desempregados (Novo Caged) foram divulgados nesta quarta-feira, 27 de mar\u00e7o, pelo Minist\u00e9rio do Trabalho e Emprego. Em fevereiro, o resultado foi positivo em quatro dos cinco grandes grupos da atividade econ\u00f4mica avaliados.<br \/>\nO destaque em S\u00e3o Paulo foi registrado na \u00e1rea de Servi\u00e7os, com a gera\u00e7\u00e3o de 67.750 novos postos \u2014 quase metade na \u00e1rea de \u201cadministra\u00e7\u00e3o p\u00fablica, defesa, seguridade social, educa\u00e7\u00e3o, sa\u00fade humana e servi\u00e7os sociais\u201d (+31,3 mil). No estado, a \u00e1rea de \u201ceduca\u00e7\u00e3o infantil e ensino fundamental\u201d teve saldo de 11,8 mil novas vagas.<br \/>\nTamb\u00e9m teve saldo positivo o setor da Ind\u00fastria paulista, com saldo de 17.427 vagas. O Com\u00e9rcio apareceu em terceiro lugar, com 11.775 postos, enquanto outros 11.660 novos postos foram abertos na Constru\u00e7\u00e3o. Apenas o setor da Agropecu\u00e1ria registrou queda (-7.449).<br \/>\nNa divis\u00e3o por munic\u00edpios, a cidade de S\u00e3o Paulo reuniu o maior saldo do per\u00edodo, com 30,3 mil novas vagas com carteira assinada, o que levou o estoque na capital a um total de 4,8 milh\u00f5es de pessoas formalizadas. Na sequ\u00eancia das cinco cidades com maior saldo em fevereiro aparecem Guarulhos (+2.550), Campinas (+2.201), Barueri (+2.082) e Sorocaba (+2.082).<br \/>\nNo estado, os novos postos de trabalho foram ocupados, em sua maioria, por pessoas do sexo feminino (+56.074). Pessoas com ensino m\u00e9dio completo foram as principais atendidas (+75.885) com as vagas em S\u00e3o Paulo. Jovens entre 18 e 24 anos tamb\u00e9m s\u00e3o o grupo com maior saldo de vagas: +43.501.<br \/>\n<strong>NACIONAL<\/strong>\u00a0\u2014 O Brasil registrou em fevereiro de 2024 uma forte amplia\u00e7\u00e3o do mercado formal de trabalho em compara\u00e7\u00e3o com janeiro. No segundo m\u00eas do ano foram gerados 306.111 postos com carteira assinada. Com os n\u00fameros registrados em janeiro e fevereiro, o Brasil acumula quase meio milh\u00e3o de novas vagas formais de trabalho e chega a um saldo de 474.614 empregos gerados.<br \/>\nO resultado de fevereiro \u00e9 fruto da diferen\u00e7a entre o total de 2,24 milh\u00f5es de pessoas admitidas e 1,94 milh\u00e3o de desligamentos em todo o pa\u00eds. Em rela\u00e7\u00e3o ao estoque total de pessoas empregadas do pa\u00eds, o Brasil registra quase 46 milh\u00f5es de postos formais, um crescimento de 1,04% em rela\u00e7\u00e3o a fevereiro do ano passado.<br \/>\nNo m\u00eas, todos os cinco grandes grupos de atividades econ\u00f4micas registraram n\u00fameros positivos. Destaque para o setor de Servi\u00e7os, que respondeu pela cria\u00e7\u00e3o de 193 mil vagas. Em seguida aparecem a Ind\u00fastria (+54,4 mil), a Constru\u00e7\u00e3o (+35 mil), o Com\u00e9rcio (+19,7 mil) e a Agropecu\u00e1ria (+3,7 mil).<\/p>\n<p><strong>ACUMULADO NO ANO<\/strong>\u00a0\u2013 Quando somados os meses de janeiro e fevereiro, quatro dos cinco grandes grupos setores da economia registraram saldos positivos. O maior crescimento do emprego formal ocorreu no setor de Servi\u00e7os, com 268,9 mil novos postos (56,7%), com destaque para atividades de administra\u00e7\u00e3o p\u00fablica, defesa, seguridade social, educa\u00e7\u00e3o, sa\u00fade humana e servi\u00e7os sociais (121,2 mil) e para as atividades de Informa\u00e7\u00e3o, comunica\u00e7\u00e3o e atividades financeiras, imobili\u00e1rias, profissionais e administrativas (93,5 mil).<br \/>\nA Ind\u00fastria apresentou saldo de 120 mil postos de trabalho, com destaque para a fabrica\u00e7\u00e3o de produtos aliment\u00edcios (+12,7 mil) e para a fabrica\u00e7\u00e3o de ve\u00edculos automotores (+9,9 mil); a Constru\u00e7\u00e3o gerou 81,7 mil novos postos e a Agropecu\u00e1ria fechou o per\u00edodo com saldo de 25,7 mil. Apesar da recupera\u00e7\u00e3o em fevereiro, o setor do Com\u00e9rcio ainda registra queda no per\u00edodo (-21,8 mil).<br \/>\n<strong>ESTADOS<\/strong>\u00a0\u2013 S\u00e3o Paulo liderou o ranking das 24 unidades da Federa\u00e7\u00e3o cujos saldos de empregos formais gerados foi positivo em fevereiro. O estado registrou 101.163 novos postos com carteira assinada, com destaque para o setor de Servi\u00e7os, que abriu 67.750 vagas. Minas Gerais, com 35,9 mil, e Paran\u00e1, com 33 mil, completam o trio dos estados com maior saldo no m\u00eas. Fevereiro foi um m\u00eas com queda para os estados da Para\u00edba (-9), Maranh\u00e3o (-1,2 mil) e Alagoas (-2,8 mil).<br \/>\nNas unidades da Federa\u00e7\u00e3o, o maior saldo foi registrado em S\u00e3o Paulo, que somou quase 137,5 mil novos postos nos dois primeiros meses do ano. Santa Catarina, com saldo de 52,1 mil, e Paran\u00e1 (+52 mil) completam a lista dos tr\u00eas estados que mais abriram vagas no bimestre.<br \/>\n<strong>SAL\u00c1RIOS<\/strong>\u00a0\u2013 O sal\u00e1rio m\u00e9dio real de admiss\u00e3o em fevereiro foi de R\uff04 2.082,79, com uma diminui\u00e7\u00e3o de (- 2,4%) em compara\u00e7\u00e3o com o valor de janeiro (R\uff04 2.133,21). J\u00e1 em compara\u00e7\u00e3o com o mesmo m\u00eas do ano anterior, o que desconta mudan\u00e7as decorrentes da sazonalidade do m\u00eas, o ganho real foi de R\uff04 28,29 (+1,4%).<br \/>\n<strong>DADOS POPULACIONAIS<\/strong>\u00a0\u2013 No recorte por caracter\u00edsticas populacionais, 159,1 mil postos gerados em fevereiro foram ocupados por pessoas do sexo feminino, enquanto 146,9 mil foram preenchidos por trabalhadores do sexo masculino.<br \/>\nA maior gera\u00e7\u00e3o ocorreu para jovens entre 18 e 24 anos (+137,4 mil postos), sendo o saldo no m\u00eas positivo para pardos, com 230 mil novas vagas; brancos (+172,8 mil); pretos (+44,2 mil); amarelos (+5,4 mil) e ind\u00edgenas (+2,9 mil).<\/p>\n<p><i><strong>Fonte:<\/strong>\u00a0Secretaria de Comunica\u00e7\u00e3o Social da Presid\u00eancia da Rep\u00fablica<\/i><\/p>\n","protected":false},"excerpt":{"rendered":"<p>Repetindo o desempenho de janeiro, S\u00e3o Paulo \u00e9 a unidade<\/p>\n","protected":false},"author":2,"featured_media":103107,"comment_status":"open","ping_status":"open","sticky":false,"template":"","format":"standard","meta":{"footnotes":""},"categories":[24,64],"tags":[],"class_list":["post-103105","post","type-post","status-publish","format-standard","has-post-thumbnail","hentry","category-brasil","category-emprego"],"yoast_head":"<!-- This site is optimized with the Yoast SEO plugin v27.4 - https:\/\/yoast.com\/product\/yoast-seo-wordpress\/ -->\n<title>S\u00e3o Paulo lidera ranking nacional e gera mais de 101 mil empregos com carteira assinada em fevereiro - Regi\u00e3o News<\/title>\n<meta name=\"robots\" content=\"index, follow, max-snippet:-1, max-image-preview:large, max-video-preview:-1\" \/>\n<link rel=\"canonical\" href=\"https:\/\/regiaonews.net.br\/2022\/2024\/03\/31\/sao-paulo-lidera-ranking-nacional-e-gera-mais-de-101-mil-empregos-com-carteira-assinada-em-fevereiro\/\" \/>\n<meta property=\"og:locale\" content=\"pt_BR\" \/>\n<meta property=\"og:type\" content=\"article\" \/>\n<meta property=\"og:title\" content=\"S\u00e3o Paulo lidera ranking nacional e gera mais de 101 mil empregos com carteira assinada em fevereiro - Regi\u00e3o News\" \/>\n<meta property=\"og:description\" content=\"Repetindo o desempenho de janeiro, S\u00e3o Paulo \u00e9 a unidade\" \/>\n<meta property=\"og:url\" content=\"https:\/\/regiaonews.net.br\/2022\/2024\/03\/31\/sao-paulo-lidera-ranking-nacional-e-gera-mais-de-101-mil-empregos-com-carteira-assinada-em-fevereiro\/\" \/>\n<meta property=\"og:site_name\" content=\"Regi\u00e3o News\" \/>\n<meta property=\"article:published_time\" content=\"2024-03-31T22:31:34+00:00\" \/>\n<meta property=\"og:image\" content=\"https:\/\/regiaonews.net.br\/2022\/wp-content\/uploads\/2024\/03\/Novo-caged.jpg\" \/>\n\t<meta property=\"og:image:width\" content=\"768\" \/>\n\t<meta property=\"og:image:height\" content=\"511\" \/>\n\t<meta property=\"og:image:type\" content=\"image\/jpeg\" \/>\n<meta name=\"author\" content=\"Roberto\" \/>\n<meta name=\"twitter:card\" content=\"summary_large_image\" \/>\n<meta name=\"twitter:label1\" content=\"Escrito por\" \/>\n\t<meta name=\"twitter:data1\" content=\"Roberto\" \/>\n\t<meta name=\"twitter:label2\" content=\"Est. tempo de leitura\" \/>\n\t<meta name=\"twitter:data2\" content=\"5 minutos\" \/>\n<script type=\"application\/ld+json\" class=\"yoast-schema-graph\">{\"@context\":\"https:\\\/\\\/schema.org\",\"@graph\":[{\"@type\":\"Article\",\"@id\":\"https:\\\/\\\/regiaonews.net.br\\\/2022\\\/2024\\\/03\\\/31\\\/sao-paulo-lidera-ranking-nacional-e-gera-mais-de-101-mil-empregos-com-carteira-assinada-em-fevereiro\\\/#article\",\"isPartOf\":{\"@id\":\"https:\\\/\\\/regiaonews.net.br\\\/2022\\\/2024\\\/03\\\/31\\\/sao-paulo-lidera-ranking-nacional-e-gera-mais-de-101-mil-empregos-com-carteira-assinada-em-fevereiro\\\/\"},\"author\":{\"name\":\"Roberto\",\"@id\":\"https:\\\/\\\/regiaonews.net.br\\\/2022\\\/#\\\/schema\\\/person\\\/2d205a608a5aa97ac279d7a5e6d89ad8\"},\"headline\":\"S\u00e3o Paulo lidera ranking nacional e gera mais de 101 mil empregos com carteira assinada em fevereiro\",\"datePublished\":\"2024-03-31T22:31:34+00:00\",\"mainEntityOfPage\":{\"@id\":\"https:\\\/\\\/regiaonews.net.br\\\/2022\\\/2024\\\/03\\\/31\\\/sao-paulo-lidera-ranking-nacional-e-gera-mais-de-101-mil-empregos-com-carteira-assinada-em-fevereiro\\\/\"},\"wordCount\":915,\"commentCount\":0,\"publisher\":{\"@id\":\"https:\\\/\\\/regiaonews.net.br\\\/2022\\\/#organization\"},\"image\":{\"@id\":\"https:\\\/\\\/regiaonews.net.br\\\/2022\\\/2024\\\/03\\\/31\\\/sao-paulo-lidera-ranking-nacional-e-gera-mais-de-101-mil-empregos-com-carteira-assinada-em-fevereiro\\\/#primaryimage\"},\"thumbnailUrl\":\"https:\\\/\\\/regiaonews.net.br\\\/2022\\\/wp-content\\\/uploads\\\/2024\\\/03\\\/Novo-caged.jpg\",\"articleSection\":[\"Brasil\",\"Emprego\"],\"inLanguage\":\"pt-BR\",\"potentialAction\":[{\"@type\":\"CommentAction\",\"name\":\"Comment\",\"target\":[\"https:\\\/\\\/regiaonews.net.br\\\/2022\\\/2024\\\/03\\\/31\\\/sao-paulo-lidera-ranking-nacional-e-gera-mais-de-101-mil-empregos-com-carteira-assinada-em-fevereiro\\\/#respond\"]}]},{\"@type\":\"WebPage\",\"@id\":\"https:\\\/\\\/regiaonews.net.br\\\/2022\\\/2024\\\/03\\\/31\\\/sao-paulo-lidera-ranking-nacional-e-gera-mais-de-101-mil-empregos-com-carteira-assinada-em-fevereiro\\\/\",\"url\":\"https:\\\/\\\/regiaonews.net.br\\\/2022\\\/2024\\\/03\\\/31\\\/sao-paulo-lidera-ranking-nacional-e-gera-mais-de-101-mil-empregos-com-carteira-assinada-em-fevereiro\\\/\",\"name\":\"S\u00e3o Paulo lidera ranking nacional e gera mais de 101 mil empregos com carteira assinada em fevereiro - Regi\u00e3o News\",\"isPartOf\":{\"@id\":\"https:\\\/\\\/regiaonews.net.br\\\/2022\\\/#website\"},\"primaryImageOfPage\":{\"@id\":\"https:\\\/\\\/regiaonews.net.br\\\/2022\\\/2024\\\/03\\\/31\\\/sao-paulo-lidera-ranking-nacional-e-gera-mais-de-101-mil-empregos-com-carteira-assinada-em-fevereiro\\\/#primaryimage\"},\"image\":{\"@id\":\"https:\\\/\\\/regiaonews.net.br\\\/2022\\\/2024\\\/03\\\/31\\\/sao-paulo-lidera-ranking-nacional-e-gera-mais-de-101-mil-empregos-com-carteira-assinada-em-fevereiro\\\/#primaryimage\"},\"thumbnailUrl\":\"https:\\\/\\\/regiaonews.net.br\\\/2022\\\/wp-content\\\/uploads\\\/2024\\\/03\\\/Novo-caged.jpg\",\"datePublished\":\"2024-03-31T22:31:34+00:00\",\"breadcrumb\":{\"@id\":\"https:\\\/\\\/regiaonews.net.br\\\/2022\\\/2024\\\/03\\\/31\\\/sao-paulo-lidera-ranking-nacional-e-gera-mais-de-101-mil-empregos-com-carteira-assinada-em-fevereiro\\\/#breadcrumb\"},\"inLanguage\":\"pt-BR\",\"potentialAction\":[{\"@type\":\"ReadAction\",\"target\":[\"https:\\\/\\\/regiaonews.net.br\\\/2022\\\/2024\\\/03\\\/31\\\/sao-paulo-lidera-ranking-nacional-e-gera-mais-de-101-mil-empregos-com-carteira-assinada-em-fevereiro\\\/\"]}]},{\"@type\":\"ImageObject\",\"inLanguage\":\"pt-BR\",\"@id\":\"https:\\\/\\\/regiaonews.net.br\\\/2022\\\/2024\\\/03\\\/31\\\/sao-paulo-lidera-ranking-nacional-e-gera-mais-de-101-mil-empregos-com-carteira-assinada-em-fevereiro\\\/#primaryimage\",\"url\":\"https:\\\/\\\/regiaonews.net.br\\\/2022\\\/wp-content\\\/uploads\\\/2024\\\/03\\\/Novo-caged.jpg\",\"contentUrl\":\"https:\\\/\\\/regiaonews.net.br\\\/2022\\\/wp-content\\\/uploads\\\/2024\\\/03\\\/Novo-caged.jpg\",\"width\":768,\"height\":511},{\"@type\":\"BreadcrumbList\",\"@id\":\"https:\\\/\\\/regiaonews.net.br\\\/2022\\\/2024\\\/03\\\/31\\\/sao-paulo-lidera-ranking-nacional-e-gera-mais-de-101-mil-empregos-com-carteira-assinada-em-fevereiro\\\/#breadcrumb\",\"itemListElement\":[{\"@type\":\"ListItem\",\"position\":1,\"name\":\"In\u00edcio\",\"item\":\"https:\\\/\\\/regiaonews.net.br\\\/2022\\\/\"},{\"@type\":\"ListItem\",\"position\":2,\"name\":\"S\u00e3o Paulo lidera ranking nacional e gera mais de 101 mil empregos com carteira assinada em fevereiro\"}]},{\"@type\":\"WebSite\",\"@id\":\"https:\\\/\\\/regiaonews.net.br\\\/2022\\\/#website\",\"url\":\"https:\\\/\\\/regiaonews.net.br\\\/2022\\\/\",\"name\":\"Regi\u00e3o News\",\"description\":\"Site de Not\u00edcias de Barretos e regi\u00e3o\",\"publisher\":{\"@id\":\"https:\\\/\\\/regiaonews.net.br\\\/2022\\\/#organization\"},\"potentialAction\":[{\"@type\":\"SearchAction\",\"target\":{\"@type\":\"EntryPoint\",\"urlTemplate\":\"https:\\\/\\\/regiaonews.net.br\\\/2022\\\/?s={search_term_string}\"},\"query-input\":{\"@type\":\"PropertyValueSpecification\",\"valueRequired\":true,\"valueName\":\"search_term_string\"}}],\"inLanguage\":\"pt-BR\"},{\"@type\":\"Organization\",\"@id\":\"https:\\\/\\\/regiaonews.net.br\\\/2022\\\/#organization\",\"name\":\"Regi\u00e3o News\",\"url\":\"https:\\\/\\\/regiaonews.net.br\\\/2022\\\/\",\"logo\":{\"@type\":\"ImageObject\",\"inLanguage\":\"pt-BR\",\"@id\":\"https:\\\/\\\/regiaonews.net.br\\\/2022\\\/#\\\/schema\\\/logo\\\/image\\\/\",\"url\":\"https:\\\/\\\/regiaonews.net.br\\\/2022\\\/wp-content\\\/uploads\\\/2026\\\/03\\\/regiao-13-anos-scaled.jpg\",\"contentUrl\":\"https:\\\/\\\/regiaonews.net.br\\\/2022\\\/wp-content\\\/uploads\\\/2026\\\/03\\\/regiao-13-anos-scaled.jpg\",\"width\":2560,\"height\":635,\"caption\":\"Regi\u00e3o News\"},\"image\":{\"@id\":\"https:\\\/\\\/regiaonews.net.br\\\/2022\\\/#\\\/schema\\\/logo\\\/image\\\/\"}},{\"@type\":\"Person\",\"@id\":\"https:\\\/\\\/regiaonews.net.br\\\/2022\\\/#\\\/schema\\\/person\\\/2d205a608a5aa97ac279d7a5e6d89ad8\",\"name\":\"Roberto\",\"image\":{\"@type\":\"ImageObject\",\"inLanguage\":\"pt-BR\",\"@id\":\"https:\\\/\\\/secure.gravatar.com\\\/avatar\\\/42749d8b712ff9d59ca93dc150494e5b55a44134482993f5baeb97e61b7ecc89?s=96&d=mm&r=g\",\"url\":\"https:\\\/\\\/secure.gravatar.com\\\/avatar\\\/42749d8b712ff9d59ca93dc150494e5b55a44134482993f5baeb97e61b7ecc89?s=96&d=mm&r=g\",\"contentUrl\":\"https:\\\/\\\/secure.gravatar.com\\\/avatar\\\/42749d8b712ff9d59ca93dc150494e5b55a44134482993f5baeb97e61b7ecc89?s=96&d=mm&r=g\",\"caption\":\"Roberto\"},\"url\":\"https:\\\/\\\/regiaonews.net.br\\\/2022\\\/author\\\/roberto\\\/\"}]}<\/script>\n<!-- \/ Yoast SEO plugin. -->","yoast_head_json":{"title":"S\u00e3o Paulo lidera ranking nacional e gera mais de 101 mil empregos com carteira assinada em fevereiro - Regi\u00e3o News","robots":{"index":"index","follow":"follow","max-snippet":"max-snippet:-1","max-image-preview":"max-image-preview:large","max-video-preview":"max-video-preview:-1"},"canonical":"https:\/\/regiaonews.net.br\/2022\/2024\/03\/31\/sao-paulo-lidera-ranking-nacional-e-gera-mais-de-101-mil-empregos-com-carteira-assinada-em-fevereiro\/","og_locale":"pt_BR","og_type":"article","og_title":"S\u00e3o Paulo lidera ranking nacional e gera mais de 101 mil empregos com carteira assinada em fevereiro - Regi\u00e3o News","og_description":"Repetindo o desempenho de janeiro, S\u00e3o Paulo \u00e9 a unidade","og_url":"https:\/\/regiaonews.net.br\/2022\/2024\/03\/31\/sao-paulo-lidera-ranking-nacional-e-gera-mais-de-101-mil-empregos-com-carteira-assinada-em-fevereiro\/","og_site_name":"Regi\u00e3o News","article_published_time":"2024-03-31T22:31:34+00:00","og_image":[{"width":768,"height":511,"url":"https:\/\/regiaonews.net.br\/2022\/wp-content\/uploads\/2024\/03\/Novo-caged.jpg","type":"image\/jpeg"}],"author":"Roberto","twitter_card":"summary_large_image","twitter_misc":{"Escrito por":"Roberto","Est. tempo de leitura":"5 minutos"},"schema":{"@context":"https:\/\/schema.org","@graph":[{"@type":"Article","@id":"https:\/\/regiaonews.net.br\/2022\/2024\/03\/31\/sao-paulo-lidera-ranking-nacional-e-gera-mais-de-101-mil-empregos-com-carteira-assinada-em-fevereiro\/#article","isPartOf":{"@id":"https:\/\/regiaonews.net.br\/2022\/2024\/03\/31\/sao-paulo-lidera-ranking-nacional-e-gera-mais-de-101-mil-empregos-com-carteira-assinada-em-fevereiro\/"},"author":{"name":"Roberto","@id":"https:\/\/regiaonews.net.br\/2022\/#\/schema\/person\/2d205a608a5aa97ac279d7a5e6d89ad8"},"headline":"S\u00e3o Paulo lidera ranking nacional e gera mais de 101 mil empregos com carteira assinada em fevereiro","datePublished":"2024-03-31T22:31:34+00:00","mainEntityOfPage":{"@id":"https:\/\/regiaonews.net.br\/2022\/2024\/03\/31\/sao-paulo-lidera-ranking-nacional-e-gera-mais-de-101-mil-empregos-com-carteira-assinada-em-fevereiro\/"},"wordCount":915,"commentCount":0,"publisher":{"@id":"https:\/\/regiaonews.net.br\/2022\/#organization"},"image":{"@id":"https:\/\/regiaonews.net.br\/2022\/2024\/03\/31\/sao-paulo-lidera-ranking-nacional-e-gera-mais-de-101-mil-empregos-com-carteira-assinada-em-fevereiro\/#primaryimage"},"thumbnailUrl":"https:\/\/regiaonews.net.br\/2022\/wp-content\/uploads\/2024\/03\/Novo-caged.jpg","articleSection":["Brasil","Emprego"],"inLanguage":"pt-BR","potentialAction":[{"@type":"CommentAction","name":"Comment","target":["https:\/\/regiaonews.net.br\/2022\/2024\/03\/31\/sao-paulo-lidera-ranking-nacional-e-gera-mais-de-101-mil-empregos-com-carteira-assinada-em-fevereiro\/#respond"]}]},{"@type":"WebPage","@id":"https:\/\/regiaonews.net.br\/2022\/2024\/03\/31\/sao-paulo-lidera-ranking-nacional-e-gera-mais-de-101-mil-empregos-com-carteira-assinada-em-fevereiro\/","url":"https:\/\/regiaonews.net.br\/2022\/2024\/03\/31\/sao-paulo-lidera-ranking-nacional-e-gera-mais-de-101-mil-empregos-com-carteira-assinada-em-fevereiro\/","name":"S\u00e3o Paulo lidera ranking nacional e gera mais de 101 mil empregos com carteira assinada em fevereiro - Regi\u00e3o News","isPartOf":{"@id":"https:\/\/regiaonews.net.br\/2022\/#website"},"primaryImageOfPage":{"@id":"https:\/\/regiaonews.net.br\/2022\/2024\/03\/31\/sao-paulo-lidera-ranking-nacional-e-gera-mais-de-101-mil-empregos-com-carteira-assinada-em-fevereiro\/#primaryimage"},"image":{"@id":"https:\/\/regiaonews.net.br\/2022\/2024\/03\/31\/sao-paulo-lidera-ranking-nacional-e-gera-mais-de-101-mil-empregos-com-carteira-assinada-em-fevereiro\/#primaryimage"},"thumbnailUrl":"https:\/\/regiaonews.net.br\/2022\/wp-content\/uploads\/2024\/03\/Novo-caged.jpg","datePublished":"2024-03-31T22:31:34+00:00","breadcrumb":{"@id":"https:\/\/regiaonews.net.br\/2022\/2024\/03\/31\/sao-paulo-lidera-ranking-nacional-e-gera-mais-de-101-mil-empregos-com-carteira-assinada-em-fevereiro\/#breadcrumb"},"inLanguage":"pt-BR","potentialAction":[{"@type":"ReadAction","target":["https:\/\/regiaonews.net.br\/2022\/2024\/03\/31\/sao-paulo-lidera-ranking-nacional-e-gera-mais-de-101-mil-empregos-com-carteira-assinada-em-fevereiro\/"]}]},{"@type":"ImageObject","inLanguage":"pt-BR","@id":"https:\/\/regiaonews.net.br\/2022\/2024\/03\/31\/sao-paulo-lidera-ranking-nacional-e-gera-mais-de-101-mil-empregos-com-carteira-assinada-em-fevereiro\/#primaryimage","url":"https:\/\/regiaonews.net.br\/2022\/wp-content\/uploads\/2024\/03\/Novo-caged.jpg","contentUrl":"https:\/\/regiaonews.net.br\/2022\/wp-content\/uploads\/2024\/03\/Novo-caged.jpg","width":768,"height":511},{"@type":"BreadcrumbList","@id":"https:\/\/regiaonews.net.br\/2022\/2024\/03\/31\/sao-paulo-lidera-ranking-nacional-e-gera-mais-de-101-mil-empregos-com-carteira-assinada-em-fevereiro\/#breadcrumb","itemListElement":[{"@type":"ListItem","position":1,"name":"In\u00edcio","item":"https:\/\/regiaonews.net.br\/2022\/"},{"@type":"ListItem","position":2,"name":"S\u00e3o Paulo lidera ranking nacional e gera mais de 101 mil empregos com carteira assinada em fevereiro"}]},{"@type":"WebSite","@id":"https:\/\/regiaonews.net.br\/2022\/#website","url":"https:\/\/regiaonews.net.br\/2022\/","name":"Regi\u00e3o News","description":"Site de Not\u00edcias de Barretos e regi\u00e3o","publisher":{"@id":"https:\/\/regiaonews.net.br\/2022\/#organization"},"potentialAction":[{"@type":"SearchAction","target":{"@type":"EntryPoint","urlTemplate":"https:\/\/regiaonews.net.br\/2022\/?s={search_term_string}"},"query-input":{"@type":"PropertyValueSpecification","valueRequired":true,"valueName":"search_term_string"}}],"inLanguage":"pt-BR"},{"@type":"Organization","@id":"https:\/\/regiaonews.net.br\/2022\/#organization","name":"Regi\u00e3o News","url":"https:\/\/regiaonews.net.br\/2022\/","logo":{"@type":"ImageObject","inLanguage":"pt-BR","@id":"https:\/\/regiaonews.net.br\/2022\/#\/schema\/logo\/image\/","url":"https:\/\/regiaonews.net.br\/2022\/wp-content\/uploads\/2026\/03\/regiao-13-anos-scaled.jpg","contentUrl":"https:\/\/regiaonews.net.br\/2022\/wp-content\/uploads\/2026\/03\/regiao-13-anos-scaled.jpg","width":2560,"height":635,"caption":"Regi\u00e3o News"},"image":{"@id":"https:\/\/regiaonews.net.br\/2022\/#\/schema\/logo\/image\/"}},{"@type":"Person","@id":"https:\/\/regiaonews.net.br\/2022\/#\/schema\/person\/2d205a608a5aa97ac279d7a5e6d89ad8","name":"Roberto","image":{"@type":"ImageObject","inLanguage":"pt-BR","@id":"https:\/\/secure.gravatar.com\/avatar\/42749d8b712ff9d59ca93dc150494e5b55a44134482993f5baeb97e61b7ecc89?s=96&d=mm&r=g","url":"https:\/\/secure.gravatar.com\/avatar\/42749d8b712ff9d59ca93dc150494e5b55a44134482993f5baeb97e61b7ecc89?s=96&d=mm&r=g","contentUrl":"https:\/\/secure.gravatar.com\/avatar\/42749d8b712ff9d59ca93dc150494e5b55a44134482993f5baeb97e61b7ecc89?s=96&d=mm&r=g","caption":"Roberto"},"url":"https:\/\/regiaonews.net.br\/2022\/author\/roberto\/"}]}},"publishpress_future_action":{"enabled":false,"date":"2026-05-03 17:33:30","action":"change-status","newStatus":"draft","terms":[],"taxonomy":"category","extraData":[]},"publishpress_future_workflow_manual_trigger":{"enabledWorkflows":[]},"_links":{"self":[{"href":"https:\/\/regiaonews.net.br\/2022\/wp-json\/wp\/v2\/posts\/103105","targetHints":{"allow":["GET"]}}],"collection":[{"href":"https:\/\/regiaonews.net.br\/2022\/wp-json\/wp\/v2\/posts"}],"about":[{"href":"https:\/\/regiaonews.net.br\/2022\/wp-json\/wp\/v2\/types\/post"}],"author":[{"embeddable":true,"href":"https:\/\/regiaonews.net.br\/2022\/wp-json\/wp\/v2\/users\/2"}],"replies":[{"embeddable":true,"href":"https:\/\/regiaonews.net.br\/2022\/wp-json\/wp\/v2\/comments?post=103105"}],"version-history":[{"count":1,"href":"https:\/\/regiaonews.net.br\/2022\/wp-json\/wp\/v2\/posts\/103105\/revisions"}],"predecessor-version":[{"id":103108,"href":"https:\/\/regiaonews.net.br\/2022\/wp-json\/wp\/v2\/posts\/103105\/revisions\/103108"}],"wp:featuredmedia":[{"embeddable":true,"href":"https:\/\/regiaonews.net.br\/2022\/wp-json\/wp\/v2\/media\/103107"}],"wp:attachment":[{"href":"https:\/\/regiaonews.net.br\/2022\/wp-json\/wp\/v2\/media?parent=103105"}],"wp:term":[{"taxonomy":"category","embeddable":true,"href":"https:\/\/regiaonews.net.br\/2022\/wp-json\/wp\/v2\/categories?post=103105"},{"taxonomy":"post_tag","embeddable":true,"href":"https:\/\/regiaonews.net.br\/2022\/wp-json\/wp\/v2\/tags?post=103105"}],"curies":[{"name":"wp","href":"https:\/\/api.w.org\/{rel}","templated":true}]}}