{"id":102946,"date":"2024-03-27T18:52:35","date_gmt":"2024-03-27T21:52:35","guid":{"rendered":"https:\/\/regiaonews.net.br\/2022\/?p=102946"},"modified":"2024-03-27T18:52:35","modified_gmt":"2024-03-27T21:52:35","slug":"sucesso-da-expedicao-ambiental-e-plantar-agua-marca-semana-da-agua-em-barretos","status":"publish","type":"post","link":"https:\/\/regiaonews.net.br\/2022\/2024\/03\/27\/sucesso-da-expedicao-ambiental-e-plantar-agua-marca-semana-da-agua-em-barretos\/","title":{"rendered":"Sucesso da &#8220;Expedi\u00e7\u00e3o Ambiental&#8221; e \u201cPlantar \u00c1gua\u201d marca Semana da \u00c1gua em Barretos"},"content":{"rendered":"<p>&nbsp;<\/p>\n<p>A\u00e7\u00f5es educativas do projeto \u2018Super Conscientes\u2019 do SAAEB envolveu cerca de mil estudantes<\/p>\n<p>A &#8220;Expedi\u00e7\u00e3o Ambiental&#8221;, promovida pelo Servi\u00e7o Aut\u00f4nomo de \u00c1gua e Esgoto de Barretos (SAAEB), alcan\u00e7ou um sucesso expressivo durante a Semana Municipal de Conscientiza\u00e7\u00e3o e Educa\u00e7\u00e3o sobre o Uso Racional da \u00c1gua, realizada de 18 a 22 de mar\u00e7o, em alinhamento com a Lei N\u00ba 81\/2021. A Esta\u00e7\u00e3o de Tratamento de \u00c1gua ETA Pereira recebeu aproximadamente mil alunos do 3\u00ba ano do ensino fundamental das escolas municipais Cristiano Carvalho, Ivone Junqueira, Jo\u00e3o Baroni, Marlene Carboni, Olga Rachid, Fausto Lex, Leodete, Jo\u00e3o Ferreira, An\u00e1lia, Luiza Parass\u00fa, Dorival Teixeira e An\u00e1lia Franco.<\/p>\n<p>O evento educativo, parte do projeto &#8220;Super Conscientes&#8221; da autarquia, promoveu a intera\u00e7\u00e3o das crian\u00e7as com personagens como Hidroman, Hidrogirl, Ducha Maria, Chuveiro da Silva, Z\u00e9 Torneira, sereia Iara e Tebinho, que guiaram os participantes por uma jornada de conscientiza\u00e7\u00e3o e aprendizado sobre a import\u00e2ncia da \u00e1gua e a necessidade de preservar este recurso finito e essencial para a vida.<\/p>\n<p>Durante a semana, as atividades inclu\u00edram visitas a diferentes esta\u00e7\u00f5es tem\u00e1ticas, que abordaram desde a n\u00e3o polui\u00e7\u00e3o dos cursos d&#8217;\u00e1gua at\u00e9 a economia de \u00e1gua em atividades cotidianas. O ponto alto foi a celebra\u00e7\u00e3o do Dia Mundial da \u00c1gua, em 22 de mar\u00e7o, onde 70 mudas de \u00e1rvores nativas foram plantadas nas margens do c\u00f3rrego Pitangueiras, a\u00e7\u00e3o chamada de \u2018Plantar \u00c1gua\u201d que contou com a presen\u00e7a do vereador Carl\u00e3o do Basquete.<\/p>\n<p>Marcelo Borges, superintendente do SAAEB, expressou sua satisfa\u00e7\u00e3o com o resultado do evento, destacando a import\u00e2ncia da colabora\u00e7\u00e3o entre as escolas, institui\u00e7\u00f5es e a comunidade para fomentar uma cultura de responsabilidade e cuidado com os recursos h\u00eddricos. &#8220;A &#8216;Expedi\u00e7\u00e3o Ambiental&#8217; e o \u2018Plantar \u00c1gua\u2019 superaram nossas expectativas, demonstrando o poder da educa\u00e7\u00e3o e comunica\u00e7\u00e3o juntas (educomunica\u00e7\u00e3o), e da participa\u00e7\u00e3o comunit\u00e1ria na promo\u00e7\u00e3o de um futuro mais sustent\u00e1vel. Estamos orgulhosos de ver o comprometimento dos estudantes participantes em se tornarem agentes de mudan\u00e7a ambiental em suas casas e na nossa cidade&#8221;, afirmou entusiasmado Marcelo.<\/p>\n<p>O evento teve o apoio e parceria da Secretaria Municipal de Educa\u00e7\u00e3o, da Secretaria Municipal de Agricultura, Meio Ambiente e Sustentabilidade, e Pol\u00edcia Militar Ambiental; apoio cultural da Concession\u00e1ria de Rodovias TEBE, Shalom Engenharia e Constru\u00e7\u00f5es, e da Associa\u00e7\u00e3o dos Funcion\u00e1rios do SAAEB (AFSAAEB).<\/p>\n","protected":false},"excerpt":{"rendered":"<p>&nbsp; A\u00e7\u00f5es educativas do projeto \u2018Super Conscientes\u2019 do SAAEB envolveu<\/p>\n","protected":false},"author":2,"featured_media":102947,"comment_status":"open","ping_status":"open","sticky":false,"template":"","format":"standard","meta":{"footnotes":""},"categories":[14,25],"tags":[],"class_list":["post-102946","post","type-post","status-publish","format-standard","has-post-thumbnail","hentry","category-barretos","category-cidades"],"yoast_head":"<!-- This site is optimized with the Yoast SEO plugin v27.4 - https:\/\/yoast.com\/product\/yoast-seo-wordpress\/ -->\n<title>Sucesso da &quot;Expedi\u00e7\u00e3o Ambiental&quot; e \u201cPlantar \u00c1gua\u201d marca Semana da \u00c1gua em Barretos - Regi\u00e3o News<\/title>\n<meta name=\"robots\" content=\"index, follow, max-snippet:-1, max-image-preview:large, max-video-preview:-1\" \/>\n<link rel=\"canonical\" href=\"https:\/\/regiaonews.net.br\/2022\/2024\/03\/27\/sucesso-da-expedicao-ambiental-e-plantar-agua-marca-semana-da-agua-em-barretos\/\" \/>\n<meta property=\"og:locale\" content=\"pt_BR\" \/>\n<meta property=\"og:type\" content=\"article\" \/>\n<meta property=\"og:title\" content=\"Sucesso da &quot;Expedi\u00e7\u00e3o Ambiental&quot; e \u201cPlantar \u00c1gua\u201d marca Semana da \u00c1gua em Barretos - Regi\u00e3o News\" \/>\n<meta property=\"og:description\" content=\"&nbsp; A\u00e7\u00f5es educativas do projeto \u2018Super Conscientes\u2019 do SAAEB envolveu\" \/>\n<meta property=\"og:url\" content=\"https:\/\/regiaonews.net.br\/2022\/2024\/03\/27\/sucesso-da-expedicao-ambiental-e-plantar-agua-marca-semana-da-agua-em-barretos\/\" \/>\n<meta property=\"og:site_name\" content=\"Regi\u00e3o News\" \/>\n<meta property=\"article:published_time\" content=\"2024-03-27T21:52:35+00:00\" \/>\n<meta property=\"og:image\" content=\"https:\/\/regiaonews.net.br\/2022\/wp-content\/uploads\/2024\/03\/WhatsApp-Image-2024-03-27-at-17.35.50.jpeg\" \/>\n\t<meta property=\"og:image:width\" content=\"1600\" \/>\n\t<meta property=\"og:image:height\" content=\"1066\" \/>\n\t<meta property=\"og:image:type\" content=\"image\/jpeg\" \/>\n<meta name=\"author\" content=\"Roberto\" \/>\n<meta name=\"twitter:card\" content=\"summary_large_image\" \/>\n<meta name=\"twitter:label1\" content=\"Escrito por\" \/>\n\t<meta name=\"twitter:data1\" content=\"Roberto\" \/>\n\t<meta name=\"twitter:label2\" content=\"Est. tempo de leitura\" \/>\n\t<meta name=\"twitter:data2\" content=\"3 minutos\" \/>\n<script type=\"application\/ld+json\" class=\"yoast-schema-graph\">{\"@context\":\"https:\\\/\\\/schema.org\",\"@graph\":[{\"@type\":\"Article\",\"@id\":\"https:\\\/\\\/regiaonews.net.br\\\/2022\\\/2024\\\/03\\\/27\\\/sucesso-da-expedicao-ambiental-e-plantar-agua-marca-semana-da-agua-em-barretos\\\/#article\",\"isPartOf\":{\"@id\":\"https:\\\/\\\/regiaonews.net.br\\\/2022\\\/2024\\\/03\\\/27\\\/sucesso-da-expedicao-ambiental-e-plantar-agua-marca-semana-da-agua-em-barretos\\\/\"},\"author\":{\"name\":\"Roberto\",\"@id\":\"https:\\\/\\\/regiaonews.net.br\\\/2022\\\/#\\\/schema\\\/person\\\/2d205a608a5aa97ac279d7a5e6d89ad8\"},\"headline\":\"Sucesso da &#8220;Expedi\u00e7\u00e3o Ambiental&#8221; e \u201cPlantar \u00c1gua\u201d marca Semana da \u00c1gua em Barretos\",\"datePublished\":\"2024-03-27T21:52:35+00:00\",\"mainEntityOfPage\":{\"@id\":\"https:\\\/\\\/regiaonews.net.br\\\/2022\\\/2024\\\/03\\\/27\\\/sucesso-da-expedicao-ambiental-e-plantar-agua-marca-semana-da-agua-em-barretos\\\/\"},\"wordCount\":429,\"commentCount\":0,\"publisher\":{\"@id\":\"https:\\\/\\\/regiaonews.net.br\\\/2022\\\/#organization\"},\"image\":{\"@id\":\"https:\\\/\\\/regiaonews.net.br\\\/2022\\\/2024\\\/03\\\/27\\\/sucesso-da-expedicao-ambiental-e-plantar-agua-marca-semana-da-agua-em-barretos\\\/#primaryimage\"},\"thumbnailUrl\":\"https:\\\/\\\/regiaonews.net.br\\\/2022\\\/wp-content\\\/uploads\\\/2024\\\/03\\\/WhatsApp-Image-2024-03-27-at-17.35.50.jpeg\",\"articleSection\":[\"Barretos\",\"Cidades\"],\"inLanguage\":\"pt-BR\",\"potentialAction\":[{\"@type\":\"CommentAction\",\"name\":\"Comment\",\"target\":[\"https:\\\/\\\/regiaonews.net.br\\\/2022\\\/2024\\\/03\\\/27\\\/sucesso-da-expedicao-ambiental-e-plantar-agua-marca-semana-da-agua-em-barretos\\\/#respond\"]}]},{\"@type\":\"WebPage\",\"@id\":\"https:\\\/\\\/regiaonews.net.br\\\/2022\\\/2024\\\/03\\\/27\\\/sucesso-da-expedicao-ambiental-e-plantar-agua-marca-semana-da-agua-em-barretos\\\/\",\"url\":\"https:\\\/\\\/regiaonews.net.br\\\/2022\\\/2024\\\/03\\\/27\\\/sucesso-da-expedicao-ambiental-e-plantar-agua-marca-semana-da-agua-em-barretos\\\/\",\"name\":\"Sucesso da \\\"Expedi\u00e7\u00e3o Ambiental\\\" e \u201cPlantar \u00c1gua\u201d marca Semana da \u00c1gua em Barretos - Regi\u00e3o News\",\"isPartOf\":{\"@id\":\"https:\\\/\\\/regiaonews.net.br\\\/2022\\\/#website\"},\"primaryImageOfPage\":{\"@id\":\"https:\\\/\\\/regiaonews.net.br\\\/2022\\\/2024\\\/03\\\/27\\\/sucesso-da-expedicao-ambiental-e-plantar-agua-marca-semana-da-agua-em-barretos\\\/#primaryimage\"},\"image\":{\"@id\":\"https:\\\/\\\/regiaonews.net.br\\\/2022\\\/2024\\\/03\\\/27\\\/sucesso-da-expedicao-ambiental-e-plantar-agua-marca-semana-da-agua-em-barretos\\\/#primaryimage\"},\"thumbnailUrl\":\"https:\\\/\\\/regiaonews.net.br\\\/2022\\\/wp-content\\\/uploads\\\/2024\\\/03\\\/WhatsApp-Image-2024-03-27-at-17.35.50.jpeg\",\"datePublished\":\"2024-03-27T21:52:35+00:00\",\"breadcrumb\":{\"@id\":\"https:\\\/\\\/regiaonews.net.br\\\/2022\\\/2024\\\/03\\\/27\\\/sucesso-da-expedicao-ambiental-e-plantar-agua-marca-semana-da-agua-em-barretos\\\/#breadcrumb\"},\"inLanguage\":\"pt-BR\",\"potentialAction\":[{\"@type\":\"ReadAction\",\"target\":[\"https:\\\/\\\/regiaonews.net.br\\\/2022\\\/2024\\\/03\\\/27\\\/sucesso-da-expedicao-ambiental-e-plantar-agua-marca-semana-da-agua-em-barretos\\\/\"]}]},{\"@type\":\"ImageObject\",\"inLanguage\":\"pt-BR\",\"@id\":\"https:\\\/\\\/regiaonews.net.br\\\/2022\\\/2024\\\/03\\\/27\\\/sucesso-da-expedicao-ambiental-e-plantar-agua-marca-semana-da-agua-em-barretos\\\/#primaryimage\",\"url\":\"https:\\\/\\\/regiaonews.net.br\\\/2022\\\/wp-content\\\/uploads\\\/2024\\\/03\\\/WhatsApp-Image-2024-03-27-at-17.35.50.jpeg\",\"contentUrl\":\"https:\\\/\\\/regiaonews.net.br\\\/2022\\\/wp-content\\\/uploads\\\/2024\\\/03\\\/WhatsApp-Image-2024-03-27-at-17.35.50.jpeg\",\"width\":1600,\"height\":1066},{\"@type\":\"BreadcrumbList\",\"@id\":\"https:\\\/\\\/regiaonews.net.br\\\/2022\\\/2024\\\/03\\\/27\\\/sucesso-da-expedicao-ambiental-e-plantar-agua-marca-semana-da-agua-em-barretos\\\/#breadcrumb\",\"itemListElement\":[{\"@type\":\"ListItem\",\"position\":1,\"name\":\"In\u00edcio\",\"item\":\"https:\\\/\\\/regiaonews.net.br\\\/2022\\\/\"},{\"@type\":\"ListItem\",\"position\":2,\"name\":\"Sucesso da &#8220;Expedi\u00e7\u00e3o Ambiental&#8221; e \u201cPlantar \u00c1gua\u201d marca Semana da \u00c1gua em Barretos\"}]},{\"@type\":\"WebSite\",\"@id\":\"https:\\\/\\\/regiaonews.net.br\\\/2022\\\/#website\",\"url\":\"https:\\\/\\\/regiaonews.net.br\\\/2022\\\/\",\"name\":\"Regi\u00e3o News\",\"description\":\"Site de Not\u00edcias de Barretos e regi\u00e3o\",\"publisher\":{\"@id\":\"https:\\\/\\\/regiaonews.net.br\\\/2022\\\/#organization\"},\"potentialAction\":[{\"@type\":\"SearchAction\",\"target\":{\"@type\":\"EntryPoint\",\"urlTemplate\":\"https:\\\/\\\/regiaonews.net.br\\\/2022\\\/?s={search_term_string}\"},\"query-input\":{\"@type\":\"PropertyValueSpecification\",\"valueRequired\":true,\"valueName\":\"search_term_string\"}}],\"inLanguage\":\"pt-BR\"},{\"@type\":\"Organization\",\"@id\":\"https:\\\/\\\/regiaonews.net.br\\\/2022\\\/#organization\",\"name\":\"Regi\u00e3o News\",\"url\":\"https:\\\/\\\/regiaonews.net.br\\\/2022\\\/\",\"logo\":{\"@type\":\"ImageObject\",\"inLanguage\":\"pt-BR\",\"@id\":\"https:\\\/\\\/regiaonews.net.br\\\/2022\\\/#\\\/schema\\\/logo\\\/image\\\/\",\"url\":\"https:\\\/\\\/regiaonews.net.br\\\/2022\\\/wp-content\\\/uploads\\\/2026\\\/03\\\/regiao-13-anos-scaled.jpg\",\"contentUrl\":\"https:\\\/\\\/regiaonews.net.br\\\/2022\\\/wp-content\\\/uploads\\\/2026\\\/03\\\/regiao-13-anos-scaled.jpg\",\"width\":2560,\"height\":635,\"caption\":\"Regi\u00e3o News\"},\"image\":{\"@id\":\"https:\\\/\\\/regiaonews.net.br\\\/2022\\\/#\\\/schema\\\/logo\\\/image\\\/\"}},{\"@type\":\"Person\",\"@id\":\"https:\\\/\\\/regiaonews.net.br\\\/2022\\\/#\\\/schema\\\/person\\\/2d205a608a5aa97ac279d7a5e6d89ad8\",\"name\":\"Roberto\",\"image\":{\"@type\":\"ImageObject\",\"inLanguage\":\"pt-BR\",\"@id\":\"https:\\\/\\\/secure.gravatar.com\\\/avatar\\\/42749d8b712ff9d59ca93dc150494e5b55a44134482993f5baeb97e61b7ecc89?s=96&d=mm&r=g\",\"url\":\"https:\\\/\\\/secure.gravatar.com\\\/avatar\\\/42749d8b712ff9d59ca93dc150494e5b55a44134482993f5baeb97e61b7ecc89?s=96&d=mm&r=g\",\"contentUrl\":\"https:\\\/\\\/secure.gravatar.com\\\/avatar\\\/42749d8b712ff9d59ca93dc150494e5b55a44134482993f5baeb97e61b7ecc89?s=96&d=mm&r=g\",\"caption\":\"Roberto\"},\"url\":\"https:\\\/\\\/regiaonews.net.br\\\/2022\\\/author\\\/roberto\\\/\"}]}<\/script>\n<!-- \/ Yoast SEO plugin. -->","yoast_head_json":{"title":"Sucesso da \"Expedi\u00e7\u00e3o Ambiental\" e \u201cPlantar \u00c1gua\u201d marca Semana da \u00c1gua em Barretos - Regi\u00e3o News","robots":{"index":"index","follow":"follow","max-snippet":"max-snippet:-1","max-image-preview":"max-image-preview:large","max-video-preview":"max-video-preview:-1"},"canonical":"https:\/\/regiaonews.net.br\/2022\/2024\/03\/27\/sucesso-da-expedicao-ambiental-e-plantar-agua-marca-semana-da-agua-em-barretos\/","og_locale":"pt_BR","og_type":"article","og_title":"Sucesso da \"Expedi\u00e7\u00e3o Ambiental\" e \u201cPlantar \u00c1gua\u201d marca Semana da \u00c1gua em Barretos - Regi\u00e3o News","og_description":"&nbsp; A\u00e7\u00f5es educativas do projeto \u2018Super Conscientes\u2019 do SAAEB envolveu","og_url":"https:\/\/regiaonews.net.br\/2022\/2024\/03\/27\/sucesso-da-expedicao-ambiental-e-plantar-agua-marca-semana-da-agua-em-barretos\/","og_site_name":"Regi\u00e3o News","article_published_time":"2024-03-27T21:52:35+00:00","og_image":[{"width":1600,"height":1066,"url":"https:\/\/regiaonews.net.br\/2022\/wp-content\/uploads\/2024\/03\/WhatsApp-Image-2024-03-27-at-17.35.50.jpeg","type":"image\/jpeg"}],"author":"Roberto","twitter_card":"summary_large_image","twitter_misc":{"Escrito por":"Roberto","Est. tempo de leitura":"3 minutos"},"schema":{"@context":"https:\/\/schema.org","@graph":[{"@type":"Article","@id":"https:\/\/regiaonews.net.br\/2022\/2024\/03\/27\/sucesso-da-expedicao-ambiental-e-plantar-agua-marca-semana-da-agua-em-barretos\/#article","isPartOf":{"@id":"https:\/\/regiaonews.net.br\/2022\/2024\/03\/27\/sucesso-da-expedicao-ambiental-e-plantar-agua-marca-semana-da-agua-em-barretos\/"},"author":{"name":"Roberto","@id":"https:\/\/regiaonews.net.br\/2022\/#\/schema\/person\/2d205a608a5aa97ac279d7a5e6d89ad8"},"headline":"Sucesso da &#8220;Expedi\u00e7\u00e3o Ambiental&#8221; e \u201cPlantar \u00c1gua\u201d marca Semana da \u00c1gua em Barretos","datePublished":"2024-03-27T21:52:35+00:00","mainEntityOfPage":{"@id":"https:\/\/regiaonews.net.br\/2022\/2024\/03\/27\/sucesso-da-expedicao-ambiental-e-plantar-agua-marca-semana-da-agua-em-barretos\/"},"wordCount":429,"commentCount":0,"publisher":{"@id":"https:\/\/regiaonews.net.br\/2022\/#organization"},"image":{"@id":"https:\/\/regiaonews.net.br\/2022\/2024\/03\/27\/sucesso-da-expedicao-ambiental-e-plantar-agua-marca-semana-da-agua-em-barretos\/#primaryimage"},"thumbnailUrl":"https:\/\/regiaonews.net.br\/2022\/wp-content\/uploads\/2024\/03\/WhatsApp-Image-2024-03-27-at-17.35.50.jpeg","articleSection":["Barretos","Cidades"],"inLanguage":"pt-BR","potentialAction":[{"@type":"CommentAction","name":"Comment","target":["https:\/\/regiaonews.net.br\/2022\/2024\/03\/27\/sucesso-da-expedicao-ambiental-e-plantar-agua-marca-semana-da-agua-em-barretos\/#respond"]}]},{"@type":"WebPage","@id":"https:\/\/regiaonews.net.br\/2022\/2024\/03\/27\/sucesso-da-expedicao-ambiental-e-plantar-agua-marca-semana-da-agua-em-barretos\/","url":"https:\/\/regiaonews.net.br\/2022\/2024\/03\/27\/sucesso-da-expedicao-ambiental-e-plantar-agua-marca-semana-da-agua-em-barretos\/","name":"Sucesso da \"Expedi\u00e7\u00e3o Ambiental\" e \u201cPlantar \u00c1gua\u201d marca Semana da \u00c1gua em Barretos - Regi\u00e3o News","isPartOf":{"@id":"https:\/\/regiaonews.net.br\/2022\/#website"},"primaryImageOfPage":{"@id":"https:\/\/regiaonews.net.br\/2022\/2024\/03\/27\/sucesso-da-expedicao-ambiental-e-plantar-agua-marca-semana-da-agua-em-barretos\/#primaryimage"},"image":{"@id":"https:\/\/regiaonews.net.br\/2022\/2024\/03\/27\/sucesso-da-expedicao-ambiental-e-plantar-agua-marca-semana-da-agua-em-barretos\/#primaryimage"},"thumbnailUrl":"https:\/\/regiaonews.net.br\/2022\/wp-content\/uploads\/2024\/03\/WhatsApp-Image-2024-03-27-at-17.35.50.jpeg","datePublished":"2024-03-27T21:52:35+00:00","breadcrumb":{"@id":"https:\/\/regiaonews.net.br\/2022\/2024\/03\/27\/sucesso-da-expedicao-ambiental-e-plantar-agua-marca-semana-da-agua-em-barretos\/#breadcrumb"},"inLanguage":"pt-BR","potentialAction":[{"@type":"ReadAction","target":["https:\/\/regiaonews.net.br\/2022\/2024\/03\/27\/sucesso-da-expedicao-ambiental-e-plantar-agua-marca-semana-da-agua-em-barretos\/"]}]},{"@type":"ImageObject","inLanguage":"pt-BR","@id":"https:\/\/regiaonews.net.br\/2022\/2024\/03\/27\/sucesso-da-expedicao-ambiental-e-plantar-agua-marca-semana-da-agua-em-barretos\/#primaryimage","url":"https:\/\/regiaonews.net.br\/2022\/wp-content\/uploads\/2024\/03\/WhatsApp-Image-2024-03-27-at-17.35.50.jpeg","contentUrl":"https:\/\/regiaonews.net.br\/2022\/wp-content\/uploads\/2024\/03\/WhatsApp-Image-2024-03-27-at-17.35.50.jpeg","width":1600,"height":1066},{"@type":"BreadcrumbList","@id":"https:\/\/regiaonews.net.br\/2022\/2024\/03\/27\/sucesso-da-expedicao-ambiental-e-plantar-agua-marca-semana-da-agua-em-barretos\/#breadcrumb","itemListElement":[{"@type":"ListItem","position":1,"name":"In\u00edcio","item":"https:\/\/regiaonews.net.br\/2022\/"},{"@type":"ListItem","position":2,"name":"Sucesso da &#8220;Expedi\u00e7\u00e3o Ambiental&#8221; e \u201cPlantar \u00c1gua\u201d marca Semana da \u00c1gua em Barretos"}]},{"@type":"WebSite","@id":"https:\/\/regiaonews.net.br\/2022\/#website","url":"https:\/\/regiaonews.net.br\/2022\/","name":"Regi\u00e3o News","description":"Site de Not\u00edcias de Barretos e regi\u00e3o","publisher":{"@id":"https:\/\/regiaonews.net.br\/2022\/#organization"},"potentialAction":[{"@type":"SearchAction","target":{"@type":"EntryPoint","urlTemplate":"https:\/\/regiaonews.net.br\/2022\/?s={search_term_string}"},"query-input":{"@type":"PropertyValueSpecification","valueRequired":true,"valueName":"search_term_string"}}],"inLanguage":"pt-BR"},{"@type":"Organization","@id":"https:\/\/regiaonews.net.br\/2022\/#organization","name":"Regi\u00e3o News","url":"https:\/\/regiaonews.net.br\/2022\/","logo":{"@type":"ImageObject","inLanguage":"pt-BR","@id":"https:\/\/regiaonews.net.br\/2022\/#\/schema\/logo\/image\/","url":"https:\/\/regiaonews.net.br\/2022\/wp-content\/uploads\/2026\/03\/regiao-13-anos-scaled.jpg","contentUrl":"https:\/\/regiaonews.net.br\/2022\/wp-content\/uploads\/2026\/03\/regiao-13-anos-scaled.jpg","width":2560,"height":635,"caption":"Regi\u00e3o News"},"image":{"@id":"https:\/\/regiaonews.net.br\/2022\/#\/schema\/logo\/image\/"}},{"@type":"Person","@id":"https:\/\/regiaonews.net.br\/2022\/#\/schema\/person\/2d205a608a5aa97ac279d7a5e6d89ad8","name":"Roberto","image":{"@type":"ImageObject","inLanguage":"pt-BR","@id":"https:\/\/secure.gravatar.com\/avatar\/42749d8b712ff9d59ca93dc150494e5b55a44134482993f5baeb97e61b7ecc89?s=96&d=mm&r=g","url":"https:\/\/secure.gravatar.com\/avatar\/42749d8b712ff9d59ca93dc150494e5b55a44134482993f5baeb97e61b7ecc89?s=96&d=mm&r=g","contentUrl":"https:\/\/secure.gravatar.com\/avatar\/42749d8b712ff9d59ca93dc150494e5b55a44134482993f5baeb97e61b7ecc89?s=96&d=mm&r=g","caption":"Roberto"},"url":"https:\/\/regiaonews.net.br\/2022\/author\/roberto\/"}]}},"publishpress_future_action":{"enabled":false,"date":"2026-05-03 02:53:05","action":"change-status","newStatus":"draft","terms":[],"taxonomy":"category","extraData":[]},"publishpress_future_workflow_manual_trigger":{"enabledWorkflows":[]},"_links":{"self":[{"href":"https:\/\/regiaonews.net.br\/2022\/wp-json\/wp\/v2\/posts\/102946","targetHints":{"allow":["GET"]}}],"collection":[{"href":"https:\/\/regiaonews.net.br\/2022\/wp-json\/wp\/v2\/posts"}],"about":[{"href":"https:\/\/regiaonews.net.br\/2022\/wp-json\/wp\/v2\/types\/post"}],"author":[{"embeddable":true,"href":"https:\/\/regiaonews.net.br\/2022\/wp-json\/wp\/v2\/users\/2"}],"replies":[{"embeddable":true,"href":"https:\/\/regiaonews.net.br\/2022\/wp-json\/wp\/v2\/comments?post=102946"}],"version-history":[{"count":1,"href":"https:\/\/regiaonews.net.br\/2022\/wp-json\/wp\/v2\/posts\/102946\/revisions"}],"predecessor-version":[{"id":102948,"href":"https:\/\/regiaonews.net.br\/2022\/wp-json\/wp\/v2\/posts\/102946\/revisions\/102948"}],"wp:featuredmedia":[{"embeddable":true,"href":"https:\/\/regiaonews.net.br\/2022\/wp-json\/wp\/v2\/media\/102947"}],"wp:attachment":[{"href":"https:\/\/regiaonews.net.br\/2022\/wp-json\/wp\/v2\/media?parent=102946"}],"wp:term":[{"taxonomy":"category","embeddable":true,"href":"https:\/\/regiaonews.net.br\/2022\/wp-json\/wp\/v2\/categories?post=102946"},{"taxonomy":"post_tag","embeddable":true,"href":"https:\/\/regiaonews.net.br\/2022\/wp-json\/wp\/v2\/tags?post=102946"}],"curies":[{"name":"wp","href":"https:\/\/api.w.org\/{rel}","templated":true}]}}