{"id":102942,"date":"2024-03-27T11:55:57","date_gmt":"2024-03-27T14:55:57","guid":{"rendered":"https:\/\/regiaonews.net.br\/2022\/?p=102942"},"modified":"2024-03-27T11:55:57","modified_gmt":"2024-03-27T14:55:57","slug":"atletas-barretenses-conquistam-medalha-e-classificacao-para-final-do-campeonato-paulista-de-karate-2024","status":"publish","type":"post","link":"https:\/\/regiaonews.net.br\/2022\/2024\/03\/27\/atletas-barretenses-conquistam-medalha-e-classificacao-para-final-do-campeonato-paulista-de-karate-2024\/","title":{"rendered":"Atletas barretenses conquistam medalha e classifica\u00e7\u00e3o para final do Campeonato Paulista de Karat\u00ea 2024"},"content":{"rendered":"<h3 style=\"text-align: center;\">Competi\u00e7\u00e3o foi realizada em Avar\u00e9\/SP, no \u00faltimo s\u00e1bado com mais de 1.600 participantes<\/h3>\n<p>Os atletas da Secretaria Municipal de Esportes de Barretos participaram no s\u00e1bado, dia 23 de mar\u00e7o, da etapa Avar\u00e9 do Campeonato Paulista de Karat\u00ea 2024. O evento, que contou com 1.600 karatecas inscritos, foi realizado no Gin\u00e1sio de Esportes \u201cThalita Santanna\u201d, no Instituto Federal de Educa\u00e7\u00e3o, Ci\u00eancia e Tecnologia de S\u00e3o Paulo \u2013 Campus Avar\u00e9.<br \/>\nA equipe, composta por cinco karatecas treinadas pelo Sensei Vitor Rodrigues, conquistou uma medalha de bronze com a atleta Thais Minozzo, na categoria Master, e classifica\u00e7\u00e3o para a final que ocorre em S\u00e3o Bernardo do Campo. Olivia Gon\u00e7alves tamb\u00e9m ficou classificada para a final. As demais caratecas tentar\u00e3o se classificar na pr\u00f3xima etapa, em S\u00e3o Jos\u00e9 do Rio Preto, no m\u00eas de abril.<br \/>\nSegundo S\u00edlvio Rodrigues, coordenador t\u00e9cnico da equipe, a competi\u00e7\u00e3o \u00e9 o campeonato estadual de mais alto n\u00edvel do Brasil. \u201cNosso objetivo \u00e9 chegarmos \u00e0 grande final, que \u00e9 o mais importante. Nesse evento, estaremos levando a nossa equipe Master, composta por praticantes com mais de 40 anos, treinados pelo Sensei Vitor. Em outras etapas levaremos as equipes J\u00fanior e Infantil. Agradecemos todo o apoio da Prefeitura e da Secretaria Municipal de Esportes\u201d, disse.<br \/>\nO Projeto Karat\u00ea \u00e9 desenvolvido pela Prefeitura da Est\u00e2ncia Tur\u00edstica de Barretos, por meio da Secretaria Municipal de Esportes, em parceria com a Associa\u00e7\u00e3o Impacto.<\/p>\n","protected":false},"excerpt":{"rendered":"<p>Competi\u00e7\u00e3o foi realizada em Avar\u00e9\/SP, no \u00faltimo s\u00e1bado com mais<\/p>\n","protected":false},"author":2,"featured_media":102943,"comment_status":"open","ping_status":"open","sticky":false,"template":"","format":"standard","meta":{"footnotes":""},"categories":[14,3],"tags":[],"class_list":["post-102942","post","type-post","status-publish","format-standard","has-post-thumbnail","hentry","category-barretos","category-geral"],"yoast_head":"<!-- This site is optimized with the Yoast SEO plugin v27.4 - https:\/\/yoast.com\/product\/yoast-seo-wordpress\/ -->\n<title>Atletas barretenses conquistam medalha e classifica\u00e7\u00e3o para final do Campeonato Paulista de Karat\u00ea 2024 - Regi\u00e3o News<\/title>\n<meta name=\"robots\" content=\"index, follow, max-snippet:-1, max-image-preview:large, max-video-preview:-1\" \/>\n<link rel=\"canonical\" href=\"https:\/\/regiaonews.net.br\/2022\/2024\/03\/27\/atletas-barretenses-conquistam-medalha-e-classificacao-para-final-do-campeonato-paulista-de-karate-2024\/\" \/>\n<meta property=\"og:locale\" content=\"pt_BR\" \/>\n<meta property=\"og:type\" content=\"article\" \/>\n<meta property=\"og:title\" content=\"Atletas barretenses conquistam medalha e classifica\u00e7\u00e3o para final do Campeonato Paulista de Karat\u00ea 2024 - Regi\u00e3o News\" \/>\n<meta property=\"og:description\" content=\"Competi\u00e7\u00e3o foi realizada em Avar\u00e9\/SP, no \u00faltimo s\u00e1bado com mais\" \/>\n<meta property=\"og:url\" content=\"https:\/\/regiaonews.net.br\/2022\/2024\/03\/27\/atletas-barretenses-conquistam-medalha-e-classificacao-para-final-do-campeonato-paulista-de-karate-2024\/\" \/>\n<meta property=\"og:site_name\" content=\"Regi\u00e3o News\" \/>\n<meta property=\"article:published_time\" content=\"2024-03-27T14:55:57+00:00\" \/>\n<meta property=\"og:image\" content=\"https:\/\/regiaonews.net.br\/2022\/wp-content\/uploads\/2024\/03\/Imagem-do-WhatsApp-de-2024-03-27-as-11.44.32_1898a884.jpg\" \/>\n\t<meta property=\"og:image:width\" content=\"1199\" \/>\n\t<meta property=\"og:image:height\" content=\"1062\" \/>\n\t<meta property=\"og:image:type\" content=\"image\/jpeg\" \/>\n<meta name=\"author\" content=\"Roberto\" \/>\n<meta name=\"twitter:card\" content=\"summary_large_image\" \/>\n<meta name=\"twitter:label1\" content=\"Escrito por\" \/>\n\t<meta name=\"twitter:data1\" content=\"Roberto\" \/>\n\t<meta name=\"twitter:label2\" content=\"Est. tempo de leitura\" \/>\n\t<meta name=\"twitter:data2\" content=\"2 minutos\" \/>\n<script type=\"application\/ld+json\" class=\"yoast-schema-graph\">{\"@context\":\"https:\\\/\\\/schema.org\",\"@graph\":[{\"@type\":\"Article\",\"@id\":\"https:\\\/\\\/regiaonews.net.br\\\/2022\\\/2024\\\/03\\\/27\\\/atletas-barretenses-conquistam-medalha-e-classificacao-para-final-do-campeonato-paulista-de-karate-2024\\\/#article\",\"isPartOf\":{\"@id\":\"https:\\\/\\\/regiaonews.net.br\\\/2022\\\/2024\\\/03\\\/27\\\/atletas-barretenses-conquistam-medalha-e-classificacao-para-final-do-campeonato-paulista-de-karate-2024\\\/\"},\"author\":{\"name\":\"Roberto\",\"@id\":\"https:\\\/\\\/regiaonews.net.br\\\/2022\\\/#\\\/schema\\\/person\\\/2d205a608a5aa97ac279d7a5e6d89ad8\"},\"headline\":\"Atletas barretenses conquistam medalha e classifica\u00e7\u00e3o para final do Campeonato Paulista de Karat\u00ea 2024\",\"datePublished\":\"2024-03-27T14:55:57+00:00\",\"mainEntityOfPage\":{\"@id\":\"https:\\\/\\\/regiaonews.net.br\\\/2022\\\/2024\\\/03\\\/27\\\/atletas-barretenses-conquistam-medalha-e-classificacao-para-final-do-campeonato-paulista-de-karate-2024\\\/\"},\"wordCount\":257,\"commentCount\":0,\"publisher\":{\"@id\":\"https:\\\/\\\/regiaonews.net.br\\\/2022\\\/#organization\"},\"image\":{\"@id\":\"https:\\\/\\\/regiaonews.net.br\\\/2022\\\/2024\\\/03\\\/27\\\/atletas-barretenses-conquistam-medalha-e-classificacao-para-final-do-campeonato-paulista-de-karate-2024\\\/#primaryimage\"},\"thumbnailUrl\":\"https:\\\/\\\/regiaonews.net.br\\\/2022\\\/wp-content\\\/uploads\\\/2024\\\/03\\\/Imagem-do-WhatsApp-de-2024-03-27-as-11.44.32_1898a884.jpg\",\"articleSection\":[\"Barretos\",\"Geral\"],\"inLanguage\":\"pt-BR\",\"potentialAction\":[{\"@type\":\"CommentAction\",\"name\":\"Comment\",\"target\":[\"https:\\\/\\\/regiaonews.net.br\\\/2022\\\/2024\\\/03\\\/27\\\/atletas-barretenses-conquistam-medalha-e-classificacao-para-final-do-campeonato-paulista-de-karate-2024\\\/#respond\"]}]},{\"@type\":\"WebPage\",\"@id\":\"https:\\\/\\\/regiaonews.net.br\\\/2022\\\/2024\\\/03\\\/27\\\/atletas-barretenses-conquistam-medalha-e-classificacao-para-final-do-campeonato-paulista-de-karate-2024\\\/\",\"url\":\"https:\\\/\\\/regiaonews.net.br\\\/2022\\\/2024\\\/03\\\/27\\\/atletas-barretenses-conquistam-medalha-e-classificacao-para-final-do-campeonato-paulista-de-karate-2024\\\/\",\"name\":\"Atletas barretenses conquistam medalha e classifica\u00e7\u00e3o para final do Campeonato Paulista de Karat\u00ea 2024 - Regi\u00e3o News\",\"isPartOf\":{\"@id\":\"https:\\\/\\\/regiaonews.net.br\\\/2022\\\/#website\"},\"primaryImageOfPage\":{\"@id\":\"https:\\\/\\\/regiaonews.net.br\\\/2022\\\/2024\\\/03\\\/27\\\/atletas-barretenses-conquistam-medalha-e-classificacao-para-final-do-campeonato-paulista-de-karate-2024\\\/#primaryimage\"},\"image\":{\"@id\":\"https:\\\/\\\/regiaonews.net.br\\\/2022\\\/2024\\\/03\\\/27\\\/atletas-barretenses-conquistam-medalha-e-classificacao-para-final-do-campeonato-paulista-de-karate-2024\\\/#primaryimage\"},\"thumbnailUrl\":\"https:\\\/\\\/regiaonews.net.br\\\/2022\\\/wp-content\\\/uploads\\\/2024\\\/03\\\/Imagem-do-WhatsApp-de-2024-03-27-as-11.44.32_1898a884.jpg\",\"datePublished\":\"2024-03-27T14:55:57+00:00\",\"breadcrumb\":{\"@id\":\"https:\\\/\\\/regiaonews.net.br\\\/2022\\\/2024\\\/03\\\/27\\\/atletas-barretenses-conquistam-medalha-e-classificacao-para-final-do-campeonato-paulista-de-karate-2024\\\/#breadcrumb\"},\"inLanguage\":\"pt-BR\",\"potentialAction\":[{\"@type\":\"ReadAction\",\"target\":[\"https:\\\/\\\/regiaonews.net.br\\\/2022\\\/2024\\\/03\\\/27\\\/atletas-barretenses-conquistam-medalha-e-classificacao-para-final-do-campeonato-paulista-de-karate-2024\\\/\"]}]},{\"@type\":\"ImageObject\",\"inLanguage\":\"pt-BR\",\"@id\":\"https:\\\/\\\/regiaonews.net.br\\\/2022\\\/2024\\\/03\\\/27\\\/atletas-barretenses-conquistam-medalha-e-classificacao-para-final-do-campeonato-paulista-de-karate-2024\\\/#primaryimage\",\"url\":\"https:\\\/\\\/regiaonews.net.br\\\/2022\\\/wp-content\\\/uploads\\\/2024\\\/03\\\/Imagem-do-WhatsApp-de-2024-03-27-as-11.44.32_1898a884.jpg\",\"contentUrl\":\"https:\\\/\\\/regiaonews.net.br\\\/2022\\\/wp-content\\\/uploads\\\/2024\\\/03\\\/Imagem-do-WhatsApp-de-2024-03-27-as-11.44.32_1898a884.jpg\",\"width\":1199,\"height\":1062},{\"@type\":\"BreadcrumbList\",\"@id\":\"https:\\\/\\\/regiaonews.net.br\\\/2022\\\/2024\\\/03\\\/27\\\/atletas-barretenses-conquistam-medalha-e-classificacao-para-final-do-campeonato-paulista-de-karate-2024\\\/#breadcrumb\",\"itemListElement\":[{\"@type\":\"ListItem\",\"position\":1,\"name\":\"In\u00edcio\",\"item\":\"https:\\\/\\\/regiaonews.net.br\\\/2022\\\/\"},{\"@type\":\"ListItem\",\"position\":2,\"name\":\"Atletas barretenses conquistam medalha e classifica\u00e7\u00e3o para final do Campeonato Paulista de Karat\u00ea 2024\"}]},{\"@type\":\"WebSite\",\"@id\":\"https:\\\/\\\/regiaonews.net.br\\\/2022\\\/#website\",\"url\":\"https:\\\/\\\/regiaonews.net.br\\\/2022\\\/\",\"name\":\"Regi\u00e3o News\",\"description\":\"Site de Not\u00edcias de Barretos e regi\u00e3o\",\"publisher\":{\"@id\":\"https:\\\/\\\/regiaonews.net.br\\\/2022\\\/#organization\"},\"potentialAction\":[{\"@type\":\"SearchAction\",\"target\":{\"@type\":\"EntryPoint\",\"urlTemplate\":\"https:\\\/\\\/regiaonews.net.br\\\/2022\\\/?s={search_term_string}\"},\"query-input\":{\"@type\":\"PropertyValueSpecification\",\"valueRequired\":true,\"valueName\":\"search_term_string\"}}],\"inLanguage\":\"pt-BR\"},{\"@type\":\"Organization\",\"@id\":\"https:\\\/\\\/regiaonews.net.br\\\/2022\\\/#organization\",\"name\":\"Regi\u00e3o News\",\"url\":\"https:\\\/\\\/regiaonews.net.br\\\/2022\\\/\",\"logo\":{\"@type\":\"ImageObject\",\"inLanguage\":\"pt-BR\",\"@id\":\"https:\\\/\\\/regiaonews.net.br\\\/2022\\\/#\\\/schema\\\/logo\\\/image\\\/\",\"url\":\"https:\\\/\\\/regiaonews.net.br\\\/2022\\\/wp-content\\\/uploads\\\/2026\\\/03\\\/regiao-13-anos-scaled.jpg\",\"contentUrl\":\"https:\\\/\\\/regiaonews.net.br\\\/2022\\\/wp-content\\\/uploads\\\/2026\\\/03\\\/regiao-13-anos-scaled.jpg\",\"width\":2560,\"height\":635,\"caption\":\"Regi\u00e3o News\"},\"image\":{\"@id\":\"https:\\\/\\\/regiaonews.net.br\\\/2022\\\/#\\\/schema\\\/logo\\\/image\\\/\"}},{\"@type\":\"Person\",\"@id\":\"https:\\\/\\\/regiaonews.net.br\\\/2022\\\/#\\\/schema\\\/person\\\/2d205a608a5aa97ac279d7a5e6d89ad8\",\"name\":\"Roberto\",\"image\":{\"@type\":\"ImageObject\",\"inLanguage\":\"pt-BR\",\"@id\":\"https:\\\/\\\/secure.gravatar.com\\\/avatar\\\/42749d8b712ff9d59ca93dc150494e5b55a44134482993f5baeb97e61b7ecc89?s=96&d=mm&r=g\",\"url\":\"https:\\\/\\\/secure.gravatar.com\\\/avatar\\\/42749d8b712ff9d59ca93dc150494e5b55a44134482993f5baeb97e61b7ecc89?s=96&d=mm&r=g\",\"contentUrl\":\"https:\\\/\\\/secure.gravatar.com\\\/avatar\\\/42749d8b712ff9d59ca93dc150494e5b55a44134482993f5baeb97e61b7ecc89?s=96&d=mm&r=g\",\"caption\":\"Roberto\"},\"url\":\"https:\\\/\\\/regiaonews.net.br\\\/2022\\\/author\\\/roberto\\\/\"}]}<\/script>\n<!-- \/ Yoast SEO plugin. -->","yoast_head_json":{"title":"Atletas barretenses conquistam medalha e classifica\u00e7\u00e3o para final do Campeonato Paulista de Karat\u00ea 2024 - Regi\u00e3o News","robots":{"index":"index","follow":"follow","max-snippet":"max-snippet:-1","max-image-preview":"max-image-preview:large","max-video-preview":"max-video-preview:-1"},"canonical":"https:\/\/regiaonews.net.br\/2022\/2024\/03\/27\/atletas-barretenses-conquistam-medalha-e-classificacao-para-final-do-campeonato-paulista-de-karate-2024\/","og_locale":"pt_BR","og_type":"article","og_title":"Atletas barretenses conquistam medalha e classifica\u00e7\u00e3o para final do Campeonato Paulista de Karat\u00ea 2024 - Regi\u00e3o News","og_description":"Competi\u00e7\u00e3o foi realizada em Avar\u00e9\/SP, no \u00faltimo s\u00e1bado com mais","og_url":"https:\/\/regiaonews.net.br\/2022\/2024\/03\/27\/atletas-barretenses-conquistam-medalha-e-classificacao-para-final-do-campeonato-paulista-de-karate-2024\/","og_site_name":"Regi\u00e3o News","article_published_time":"2024-03-27T14:55:57+00:00","og_image":[{"width":1199,"height":1062,"url":"https:\/\/regiaonews.net.br\/2022\/wp-content\/uploads\/2024\/03\/Imagem-do-WhatsApp-de-2024-03-27-as-11.44.32_1898a884.jpg","type":"image\/jpeg"}],"author":"Roberto","twitter_card":"summary_large_image","twitter_misc":{"Escrito por":"Roberto","Est. tempo de leitura":"2 minutos"},"schema":{"@context":"https:\/\/schema.org","@graph":[{"@type":"Article","@id":"https:\/\/regiaonews.net.br\/2022\/2024\/03\/27\/atletas-barretenses-conquistam-medalha-e-classificacao-para-final-do-campeonato-paulista-de-karate-2024\/#article","isPartOf":{"@id":"https:\/\/regiaonews.net.br\/2022\/2024\/03\/27\/atletas-barretenses-conquistam-medalha-e-classificacao-para-final-do-campeonato-paulista-de-karate-2024\/"},"author":{"name":"Roberto","@id":"https:\/\/regiaonews.net.br\/2022\/#\/schema\/person\/2d205a608a5aa97ac279d7a5e6d89ad8"},"headline":"Atletas barretenses conquistam medalha e classifica\u00e7\u00e3o para final do Campeonato Paulista de Karat\u00ea 2024","datePublished":"2024-03-27T14:55:57+00:00","mainEntityOfPage":{"@id":"https:\/\/regiaonews.net.br\/2022\/2024\/03\/27\/atletas-barretenses-conquistam-medalha-e-classificacao-para-final-do-campeonato-paulista-de-karate-2024\/"},"wordCount":257,"commentCount":0,"publisher":{"@id":"https:\/\/regiaonews.net.br\/2022\/#organization"},"image":{"@id":"https:\/\/regiaonews.net.br\/2022\/2024\/03\/27\/atletas-barretenses-conquistam-medalha-e-classificacao-para-final-do-campeonato-paulista-de-karate-2024\/#primaryimage"},"thumbnailUrl":"https:\/\/regiaonews.net.br\/2022\/wp-content\/uploads\/2024\/03\/Imagem-do-WhatsApp-de-2024-03-27-as-11.44.32_1898a884.jpg","articleSection":["Barretos","Geral"],"inLanguage":"pt-BR","potentialAction":[{"@type":"CommentAction","name":"Comment","target":["https:\/\/regiaonews.net.br\/2022\/2024\/03\/27\/atletas-barretenses-conquistam-medalha-e-classificacao-para-final-do-campeonato-paulista-de-karate-2024\/#respond"]}]},{"@type":"WebPage","@id":"https:\/\/regiaonews.net.br\/2022\/2024\/03\/27\/atletas-barretenses-conquistam-medalha-e-classificacao-para-final-do-campeonato-paulista-de-karate-2024\/","url":"https:\/\/regiaonews.net.br\/2022\/2024\/03\/27\/atletas-barretenses-conquistam-medalha-e-classificacao-para-final-do-campeonato-paulista-de-karate-2024\/","name":"Atletas barretenses conquistam medalha e classifica\u00e7\u00e3o para final do Campeonato Paulista de Karat\u00ea 2024 - Regi\u00e3o News","isPartOf":{"@id":"https:\/\/regiaonews.net.br\/2022\/#website"},"primaryImageOfPage":{"@id":"https:\/\/regiaonews.net.br\/2022\/2024\/03\/27\/atletas-barretenses-conquistam-medalha-e-classificacao-para-final-do-campeonato-paulista-de-karate-2024\/#primaryimage"},"image":{"@id":"https:\/\/regiaonews.net.br\/2022\/2024\/03\/27\/atletas-barretenses-conquistam-medalha-e-classificacao-para-final-do-campeonato-paulista-de-karate-2024\/#primaryimage"},"thumbnailUrl":"https:\/\/regiaonews.net.br\/2022\/wp-content\/uploads\/2024\/03\/Imagem-do-WhatsApp-de-2024-03-27-as-11.44.32_1898a884.jpg","datePublished":"2024-03-27T14:55:57+00:00","breadcrumb":{"@id":"https:\/\/regiaonews.net.br\/2022\/2024\/03\/27\/atletas-barretenses-conquistam-medalha-e-classificacao-para-final-do-campeonato-paulista-de-karate-2024\/#breadcrumb"},"inLanguage":"pt-BR","potentialAction":[{"@type":"ReadAction","target":["https:\/\/regiaonews.net.br\/2022\/2024\/03\/27\/atletas-barretenses-conquistam-medalha-e-classificacao-para-final-do-campeonato-paulista-de-karate-2024\/"]}]},{"@type":"ImageObject","inLanguage":"pt-BR","@id":"https:\/\/regiaonews.net.br\/2022\/2024\/03\/27\/atletas-barretenses-conquistam-medalha-e-classificacao-para-final-do-campeonato-paulista-de-karate-2024\/#primaryimage","url":"https:\/\/regiaonews.net.br\/2022\/wp-content\/uploads\/2024\/03\/Imagem-do-WhatsApp-de-2024-03-27-as-11.44.32_1898a884.jpg","contentUrl":"https:\/\/regiaonews.net.br\/2022\/wp-content\/uploads\/2024\/03\/Imagem-do-WhatsApp-de-2024-03-27-as-11.44.32_1898a884.jpg","width":1199,"height":1062},{"@type":"BreadcrumbList","@id":"https:\/\/regiaonews.net.br\/2022\/2024\/03\/27\/atletas-barretenses-conquistam-medalha-e-classificacao-para-final-do-campeonato-paulista-de-karate-2024\/#breadcrumb","itemListElement":[{"@type":"ListItem","position":1,"name":"In\u00edcio","item":"https:\/\/regiaonews.net.br\/2022\/"},{"@type":"ListItem","position":2,"name":"Atletas barretenses conquistam medalha e classifica\u00e7\u00e3o para final do Campeonato Paulista de Karat\u00ea 2024"}]},{"@type":"WebSite","@id":"https:\/\/regiaonews.net.br\/2022\/#website","url":"https:\/\/regiaonews.net.br\/2022\/","name":"Regi\u00e3o News","description":"Site de Not\u00edcias de Barretos e regi\u00e3o","publisher":{"@id":"https:\/\/regiaonews.net.br\/2022\/#organization"},"potentialAction":[{"@type":"SearchAction","target":{"@type":"EntryPoint","urlTemplate":"https:\/\/regiaonews.net.br\/2022\/?s={search_term_string}"},"query-input":{"@type":"PropertyValueSpecification","valueRequired":true,"valueName":"search_term_string"}}],"inLanguage":"pt-BR"},{"@type":"Organization","@id":"https:\/\/regiaonews.net.br\/2022\/#organization","name":"Regi\u00e3o News","url":"https:\/\/regiaonews.net.br\/2022\/","logo":{"@type":"ImageObject","inLanguage":"pt-BR","@id":"https:\/\/regiaonews.net.br\/2022\/#\/schema\/logo\/image\/","url":"https:\/\/regiaonews.net.br\/2022\/wp-content\/uploads\/2026\/03\/regiao-13-anos-scaled.jpg","contentUrl":"https:\/\/regiaonews.net.br\/2022\/wp-content\/uploads\/2026\/03\/regiao-13-anos-scaled.jpg","width":2560,"height":635,"caption":"Regi\u00e3o News"},"image":{"@id":"https:\/\/regiaonews.net.br\/2022\/#\/schema\/logo\/image\/"}},{"@type":"Person","@id":"https:\/\/regiaonews.net.br\/2022\/#\/schema\/person\/2d205a608a5aa97ac279d7a5e6d89ad8","name":"Roberto","image":{"@type":"ImageObject","inLanguage":"pt-BR","@id":"https:\/\/secure.gravatar.com\/avatar\/42749d8b712ff9d59ca93dc150494e5b55a44134482993f5baeb97e61b7ecc89?s=96&d=mm&r=g","url":"https:\/\/secure.gravatar.com\/avatar\/42749d8b712ff9d59ca93dc150494e5b55a44134482993f5baeb97e61b7ecc89?s=96&d=mm&r=g","contentUrl":"https:\/\/secure.gravatar.com\/avatar\/42749d8b712ff9d59ca93dc150494e5b55a44134482993f5baeb97e61b7ecc89?s=96&d=mm&r=g","caption":"Roberto"},"url":"https:\/\/regiaonews.net.br\/2022\/author\/roberto\/"}]}},"publishpress_future_action":{"enabled":false,"date":"2026-05-03 04:36:06","action":"change-status","newStatus":"draft","terms":[],"taxonomy":"category","extraData":[]},"publishpress_future_workflow_manual_trigger":{"enabledWorkflows":[]},"_links":{"self":[{"href":"https:\/\/regiaonews.net.br\/2022\/wp-json\/wp\/v2\/posts\/102942","targetHints":{"allow":["GET"]}}],"collection":[{"href":"https:\/\/regiaonews.net.br\/2022\/wp-json\/wp\/v2\/posts"}],"about":[{"href":"https:\/\/regiaonews.net.br\/2022\/wp-json\/wp\/v2\/types\/post"}],"author":[{"embeddable":true,"href":"https:\/\/regiaonews.net.br\/2022\/wp-json\/wp\/v2\/users\/2"}],"replies":[{"embeddable":true,"href":"https:\/\/regiaonews.net.br\/2022\/wp-json\/wp\/v2\/comments?post=102942"}],"version-history":[{"count":1,"href":"https:\/\/regiaonews.net.br\/2022\/wp-json\/wp\/v2\/posts\/102942\/revisions"}],"predecessor-version":[{"id":102944,"href":"https:\/\/regiaonews.net.br\/2022\/wp-json\/wp\/v2\/posts\/102942\/revisions\/102944"}],"wp:featuredmedia":[{"embeddable":true,"href":"https:\/\/regiaonews.net.br\/2022\/wp-json\/wp\/v2\/media\/102943"}],"wp:attachment":[{"href":"https:\/\/regiaonews.net.br\/2022\/wp-json\/wp\/v2\/media?parent=102942"}],"wp:term":[{"taxonomy":"category","embeddable":true,"href":"https:\/\/regiaonews.net.br\/2022\/wp-json\/wp\/v2\/categories?post=102942"},{"taxonomy":"post_tag","embeddable":true,"href":"https:\/\/regiaonews.net.br\/2022\/wp-json\/wp\/v2\/tags?post=102942"}],"curies":[{"name":"wp","href":"https:\/\/api.w.org\/{rel}","templated":true}]}}