{"id":102933,"date":"2024-03-27T11:07:00","date_gmt":"2024-03-27T14:07:00","guid":{"rendered":"https:\/\/regiaonews.net.br\/2022\/?p=102933"},"modified":"2024-03-27T11:07:00","modified_gmt":"2024-03-27T14:07:00","slug":"saae-barretos-constroi-tanque-para-coletar-aguas-de-lavagem-que-permite-o-reuso-no-tratamento","status":"publish","type":"post","link":"https:\/\/regiaonews.net.br\/2022\/2024\/03\/27\/saae-barretos-constroi-tanque-para-coletar-aguas-de-lavagem-que-permite-o-reuso-no-tratamento\/","title":{"rendered":"SAAE Barretos constr\u00f3i tanque para coletar \u00e1guas de lavagem que permite o reuso no tratamento"},"content":{"rendered":"<h3 style=\"text-align: center;\">Autarquia implementa solu\u00e7\u00e3o sustent\u00e1vel para o reaproveitamento de \u00e1guas alinhando-se \u00e0s exig\u00eancias ambientais<\/h3>\n<p>O Servi\u00e7o Aut\u00f4nomo de \u00c1gua e Esgoto de Barretos (SAAEB) est\u00e1 implantando uma obra importante para o reaproveitamento de \u00e1guas, evidenciando seu compromisso com pr\u00e1ticas ambientalmente respons\u00e1veis. Esta iniciativa visa recuperar as \u00e1guas utilizadas na lavagem dos filtros da esta\u00e7\u00e3o de tratamento de \u00e1gua ETA Pereira, que \u00e9 descartada, mas que retornar\u00e1 para o tratamento.<\/p>\n<p>&#8220;Estamos adaptando nossa infraestrutura para n\u00e3o apenas cumprir com a legisla\u00e7\u00e3o, mas tamb\u00e9m para otimizar o uso da \u00e1gua tratada. Este sistema de recupera\u00e7\u00e3o permite que a \u00e1gua, ap\u00f3s a limpeza dos filtros, seja reintegrada ao processo de tratamento, minimizando o desperd\u00edcio e aumentando a efici\u00eancia operacional&#8221;, explica a engenheira Tayn\u00e1 Lucatti, que acompanha a obra.<\/p>\n<p>O projeto teve in\u00edcio em 2008, e passou por adapta\u00e7\u00f5es ao longo do tempo. Nesta gest\u00e3o as obras avan\u00e7aram significativamente com a constru\u00e7\u00e3o de um tanque para coletar as \u00e1guas de lavagem, permitindo seu posterior reuso no tratamento.<\/p>\n<p>A implementa\u00e7\u00e3o deste sistema de recupera\u00e7\u00e3o de \u00e1guas de lavagem \u00e9 um passo significativo para a autarquia, demonstrando a preocupa\u00e7\u00e3o em utilizar pr\u00e1ticas sustent\u00e1veis de gest\u00e3o h\u00eddrica e o compromisso com o cumprimento das normas ambientais vigentes.<\/p>\n<p>Marcelo Borges, superintendente do SAAEB, destaca a relev\u00e2ncia da obra destacando que \u201ceste projeto n\u00e3o \u00e9 apenas uma resposta a uma exig\u00eancia regulat\u00f3ria\u201d. \u201cEsta obra \u00e9 tamb\u00e9m uma manifesta\u00e7\u00e3o do compromisso da Prefeitura de Barretos, por meio do SAAE, com a sustentabilidade e o cuidado com os recursos h\u00eddricos do munic\u00edpio. Estamos orgulhosos de liderar este avan\u00e7o, que reflete nossa dedica\u00e7\u00e3o \u00e0 inova\u00e7\u00e3o e \u00e0 prote\u00e7\u00e3o ambiental&#8221;, enfatiza.<\/p>\n<p>www.saaeb.com.br<\/p>\n","protected":false},"excerpt":{"rendered":"<p>Autarquia implementa solu\u00e7\u00e3o sustent\u00e1vel para o reaproveitamento de \u00e1guas alinhando-se<\/p>\n","protected":false},"author":2,"featured_media":102934,"comment_status":"open","ping_status":"open","sticky":false,"template":"","format":"standard","meta":{"footnotes":""},"categories":[14,3],"tags":[],"class_list":["post-102933","post","type-post","status-publish","format-standard","has-post-thumbnail","hentry","category-barretos","category-geral"],"yoast_head":"<!-- This site is optimized with the Yoast SEO plugin v27.4 - https:\/\/yoast.com\/product\/yoast-seo-wordpress\/ -->\n<title>SAAE Barretos constr\u00f3i tanque para coletar \u00e1guas de lavagem que permite o reuso no tratamento - Regi\u00e3o News<\/title>\n<meta name=\"robots\" content=\"index, follow, max-snippet:-1, max-image-preview:large, max-video-preview:-1\" \/>\n<link rel=\"canonical\" href=\"https:\/\/regiaonews.net.br\/2022\/2024\/03\/27\/saae-barretos-constroi-tanque-para-coletar-aguas-de-lavagem-que-permite-o-reuso-no-tratamento\/\" \/>\n<meta property=\"og:locale\" content=\"pt_BR\" \/>\n<meta property=\"og:type\" content=\"article\" \/>\n<meta property=\"og:title\" content=\"SAAE Barretos constr\u00f3i tanque para coletar \u00e1guas de lavagem que permite o reuso no tratamento - Regi\u00e3o News\" \/>\n<meta property=\"og:description\" content=\"Autarquia implementa solu\u00e7\u00e3o sustent\u00e1vel para o reaproveitamento de \u00e1guas alinhando-se\" \/>\n<meta property=\"og:url\" content=\"https:\/\/regiaonews.net.br\/2022\/2024\/03\/27\/saae-barretos-constroi-tanque-para-coletar-aguas-de-lavagem-que-permite-o-reuso-no-tratamento\/\" \/>\n<meta property=\"og:site_name\" content=\"Regi\u00e3o News\" \/>\n<meta property=\"article:published_time\" content=\"2024-03-27T14:07:00+00:00\" \/>\n<meta property=\"og:image\" content=\"https:\/\/regiaonews.net.br\/2022\/wp-content\/uploads\/2024\/03\/Imagem-do-WhatsApp-de-2024-03-27-as-09.11.41_67918238.jpg\" \/>\n\t<meta property=\"og:image:width\" content=\"1600\" \/>\n\t<meta property=\"og:image:height\" content=\"1200\" \/>\n\t<meta property=\"og:image:type\" content=\"image\/jpeg\" \/>\n<meta name=\"author\" content=\"Roberto\" \/>\n<meta name=\"twitter:card\" content=\"summary_large_image\" \/>\n<meta name=\"twitter:label1\" content=\"Escrito por\" \/>\n\t<meta name=\"twitter:data1\" content=\"Roberto\" \/>\n\t<meta name=\"twitter:label2\" content=\"Est. tempo de leitura\" \/>\n\t<meta name=\"twitter:data2\" content=\"2 minutos\" \/>\n<script type=\"application\/ld+json\" class=\"yoast-schema-graph\">{\"@context\":\"https:\\\/\\\/schema.org\",\"@graph\":[{\"@type\":\"Article\",\"@id\":\"https:\\\/\\\/regiaonews.net.br\\\/2022\\\/2024\\\/03\\\/27\\\/saae-barretos-constroi-tanque-para-coletar-aguas-de-lavagem-que-permite-o-reuso-no-tratamento\\\/#article\",\"isPartOf\":{\"@id\":\"https:\\\/\\\/regiaonews.net.br\\\/2022\\\/2024\\\/03\\\/27\\\/saae-barretos-constroi-tanque-para-coletar-aguas-de-lavagem-que-permite-o-reuso-no-tratamento\\\/\"},\"author\":{\"name\":\"Roberto\",\"@id\":\"https:\\\/\\\/regiaonews.net.br\\\/2022\\\/#\\\/schema\\\/person\\\/2d205a608a5aa97ac279d7a5e6d89ad8\"},\"headline\":\"SAAE Barretos constr\u00f3i tanque para coletar \u00e1guas de lavagem que permite o reuso no tratamento\",\"datePublished\":\"2024-03-27T14:07:00+00:00\",\"mainEntityOfPage\":{\"@id\":\"https:\\\/\\\/regiaonews.net.br\\\/2022\\\/2024\\\/03\\\/27\\\/saae-barretos-constroi-tanque-para-coletar-aguas-de-lavagem-que-permite-o-reuso-no-tratamento\\\/\"},\"wordCount\":319,\"commentCount\":0,\"publisher\":{\"@id\":\"https:\\\/\\\/regiaonews.net.br\\\/2022\\\/#organization\"},\"image\":{\"@id\":\"https:\\\/\\\/regiaonews.net.br\\\/2022\\\/2024\\\/03\\\/27\\\/saae-barretos-constroi-tanque-para-coletar-aguas-de-lavagem-que-permite-o-reuso-no-tratamento\\\/#primaryimage\"},\"thumbnailUrl\":\"https:\\\/\\\/regiaonews.net.br\\\/2022\\\/wp-content\\\/uploads\\\/2024\\\/03\\\/Imagem-do-WhatsApp-de-2024-03-27-as-09.11.41_67918238.jpg\",\"articleSection\":[\"Barretos\",\"Geral\"],\"inLanguage\":\"pt-BR\",\"potentialAction\":[{\"@type\":\"CommentAction\",\"name\":\"Comment\",\"target\":[\"https:\\\/\\\/regiaonews.net.br\\\/2022\\\/2024\\\/03\\\/27\\\/saae-barretos-constroi-tanque-para-coletar-aguas-de-lavagem-que-permite-o-reuso-no-tratamento\\\/#respond\"]}]},{\"@type\":\"WebPage\",\"@id\":\"https:\\\/\\\/regiaonews.net.br\\\/2022\\\/2024\\\/03\\\/27\\\/saae-barretos-constroi-tanque-para-coletar-aguas-de-lavagem-que-permite-o-reuso-no-tratamento\\\/\",\"url\":\"https:\\\/\\\/regiaonews.net.br\\\/2022\\\/2024\\\/03\\\/27\\\/saae-barretos-constroi-tanque-para-coletar-aguas-de-lavagem-que-permite-o-reuso-no-tratamento\\\/\",\"name\":\"SAAE Barretos constr\u00f3i tanque para coletar \u00e1guas de lavagem que permite o reuso no tratamento - Regi\u00e3o News\",\"isPartOf\":{\"@id\":\"https:\\\/\\\/regiaonews.net.br\\\/2022\\\/#website\"},\"primaryImageOfPage\":{\"@id\":\"https:\\\/\\\/regiaonews.net.br\\\/2022\\\/2024\\\/03\\\/27\\\/saae-barretos-constroi-tanque-para-coletar-aguas-de-lavagem-que-permite-o-reuso-no-tratamento\\\/#primaryimage\"},\"image\":{\"@id\":\"https:\\\/\\\/regiaonews.net.br\\\/2022\\\/2024\\\/03\\\/27\\\/saae-barretos-constroi-tanque-para-coletar-aguas-de-lavagem-que-permite-o-reuso-no-tratamento\\\/#primaryimage\"},\"thumbnailUrl\":\"https:\\\/\\\/regiaonews.net.br\\\/2022\\\/wp-content\\\/uploads\\\/2024\\\/03\\\/Imagem-do-WhatsApp-de-2024-03-27-as-09.11.41_67918238.jpg\",\"datePublished\":\"2024-03-27T14:07:00+00:00\",\"breadcrumb\":{\"@id\":\"https:\\\/\\\/regiaonews.net.br\\\/2022\\\/2024\\\/03\\\/27\\\/saae-barretos-constroi-tanque-para-coletar-aguas-de-lavagem-que-permite-o-reuso-no-tratamento\\\/#breadcrumb\"},\"inLanguage\":\"pt-BR\",\"potentialAction\":[{\"@type\":\"ReadAction\",\"target\":[\"https:\\\/\\\/regiaonews.net.br\\\/2022\\\/2024\\\/03\\\/27\\\/saae-barretos-constroi-tanque-para-coletar-aguas-de-lavagem-que-permite-o-reuso-no-tratamento\\\/\"]}]},{\"@type\":\"ImageObject\",\"inLanguage\":\"pt-BR\",\"@id\":\"https:\\\/\\\/regiaonews.net.br\\\/2022\\\/2024\\\/03\\\/27\\\/saae-barretos-constroi-tanque-para-coletar-aguas-de-lavagem-que-permite-o-reuso-no-tratamento\\\/#primaryimage\",\"url\":\"https:\\\/\\\/regiaonews.net.br\\\/2022\\\/wp-content\\\/uploads\\\/2024\\\/03\\\/Imagem-do-WhatsApp-de-2024-03-27-as-09.11.41_67918238.jpg\",\"contentUrl\":\"https:\\\/\\\/regiaonews.net.br\\\/2022\\\/wp-content\\\/uploads\\\/2024\\\/03\\\/Imagem-do-WhatsApp-de-2024-03-27-as-09.11.41_67918238.jpg\",\"width\":1600,\"height\":1200},{\"@type\":\"BreadcrumbList\",\"@id\":\"https:\\\/\\\/regiaonews.net.br\\\/2022\\\/2024\\\/03\\\/27\\\/saae-barretos-constroi-tanque-para-coletar-aguas-de-lavagem-que-permite-o-reuso-no-tratamento\\\/#breadcrumb\",\"itemListElement\":[{\"@type\":\"ListItem\",\"position\":1,\"name\":\"In\u00edcio\",\"item\":\"https:\\\/\\\/regiaonews.net.br\\\/2022\\\/\"},{\"@type\":\"ListItem\",\"position\":2,\"name\":\"SAAE Barretos constr\u00f3i tanque para coletar \u00e1guas de lavagem que permite o reuso no tratamento\"}]},{\"@type\":\"WebSite\",\"@id\":\"https:\\\/\\\/regiaonews.net.br\\\/2022\\\/#website\",\"url\":\"https:\\\/\\\/regiaonews.net.br\\\/2022\\\/\",\"name\":\"Regi\u00e3o News\",\"description\":\"Site de Not\u00edcias de Barretos e regi\u00e3o\",\"publisher\":{\"@id\":\"https:\\\/\\\/regiaonews.net.br\\\/2022\\\/#organization\"},\"potentialAction\":[{\"@type\":\"SearchAction\",\"target\":{\"@type\":\"EntryPoint\",\"urlTemplate\":\"https:\\\/\\\/regiaonews.net.br\\\/2022\\\/?s={search_term_string}\"},\"query-input\":{\"@type\":\"PropertyValueSpecification\",\"valueRequired\":true,\"valueName\":\"search_term_string\"}}],\"inLanguage\":\"pt-BR\"},{\"@type\":\"Organization\",\"@id\":\"https:\\\/\\\/regiaonews.net.br\\\/2022\\\/#organization\",\"name\":\"Regi\u00e3o News\",\"url\":\"https:\\\/\\\/regiaonews.net.br\\\/2022\\\/\",\"logo\":{\"@type\":\"ImageObject\",\"inLanguage\":\"pt-BR\",\"@id\":\"https:\\\/\\\/regiaonews.net.br\\\/2022\\\/#\\\/schema\\\/logo\\\/image\\\/\",\"url\":\"https:\\\/\\\/regiaonews.net.br\\\/2022\\\/wp-content\\\/uploads\\\/2026\\\/03\\\/regiao-13-anos-scaled.jpg\",\"contentUrl\":\"https:\\\/\\\/regiaonews.net.br\\\/2022\\\/wp-content\\\/uploads\\\/2026\\\/03\\\/regiao-13-anos-scaled.jpg\",\"width\":2560,\"height\":635,\"caption\":\"Regi\u00e3o News\"},\"image\":{\"@id\":\"https:\\\/\\\/regiaonews.net.br\\\/2022\\\/#\\\/schema\\\/logo\\\/image\\\/\"}},{\"@type\":\"Person\",\"@id\":\"https:\\\/\\\/regiaonews.net.br\\\/2022\\\/#\\\/schema\\\/person\\\/2d205a608a5aa97ac279d7a5e6d89ad8\",\"name\":\"Roberto\",\"image\":{\"@type\":\"ImageObject\",\"inLanguage\":\"pt-BR\",\"@id\":\"https:\\\/\\\/secure.gravatar.com\\\/avatar\\\/42749d8b712ff9d59ca93dc150494e5b55a44134482993f5baeb97e61b7ecc89?s=96&d=mm&r=g\",\"url\":\"https:\\\/\\\/secure.gravatar.com\\\/avatar\\\/42749d8b712ff9d59ca93dc150494e5b55a44134482993f5baeb97e61b7ecc89?s=96&d=mm&r=g\",\"contentUrl\":\"https:\\\/\\\/secure.gravatar.com\\\/avatar\\\/42749d8b712ff9d59ca93dc150494e5b55a44134482993f5baeb97e61b7ecc89?s=96&d=mm&r=g\",\"caption\":\"Roberto\"},\"url\":\"https:\\\/\\\/regiaonews.net.br\\\/2022\\\/author\\\/roberto\\\/\"}]}<\/script>\n<!-- \/ Yoast SEO plugin. -->","yoast_head_json":{"title":"SAAE Barretos constr\u00f3i tanque para coletar \u00e1guas de lavagem que permite o reuso no tratamento - Regi\u00e3o News","robots":{"index":"index","follow":"follow","max-snippet":"max-snippet:-1","max-image-preview":"max-image-preview:large","max-video-preview":"max-video-preview:-1"},"canonical":"https:\/\/regiaonews.net.br\/2022\/2024\/03\/27\/saae-barretos-constroi-tanque-para-coletar-aguas-de-lavagem-que-permite-o-reuso-no-tratamento\/","og_locale":"pt_BR","og_type":"article","og_title":"SAAE Barretos constr\u00f3i tanque para coletar \u00e1guas de lavagem que permite o reuso no tratamento - Regi\u00e3o News","og_description":"Autarquia implementa solu\u00e7\u00e3o sustent\u00e1vel para o reaproveitamento de \u00e1guas alinhando-se","og_url":"https:\/\/regiaonews.net.br\/2022\/2024\/03\/27\/saae-barretos-constroi-tanque-para-coletar-aguas-de-lavagem-que-permite-o-reuso-no-tratamento\/","og_site_name":"Regi\u00e3o News","article_published_time":"2024-03-27T14:07:00+00:00","og_image":[{"width":1600,"height":1200,"url":"https:\/\/regiaonews.net.br\/2022\/wp-content\/uploads\/2024\/03\/Imagem-do-WhatsApp-de-2024-03-27-as-09.11.41_67918238.jpg","type":"image\/jpeg"}],"author":"Roberto","twitter_card":"summary_large_image","twitter_misc":{"Escrito por":"Roberto","Est. tempo de leitura":"2 minutos"},"schema":{"@context":"https:\/\/schema.org","@graph":[{"@type":"Article","@id":"https:\/\/regiaonews.net.br\/2022\/2024\/03\/27\/saae-barretos-constroi-tanque-para-coletar-aguas-de-lavagem-que-permite-o-reuso-no-tratamento\/#article","isPartOf":{"@id":"https:\/\/regiaonews.net.br\/2022\/2024\/03\/27\/saae-barretos-constroi-tanque-para-coletar-aguas-de-lavagem-que-permite-o-reuso-no-tratamento\/"},"author":{"name":"Roberto","@id":"https:\/\/regiaonews.net.br\/2022\/#\/schema\/person\/2d205a608a5aa97ac279d7a5e6d89ad8"},"headline":"SAAE Barretos constr\u00f3i tanque para coletar \u00e1guas de lavagem que permite o reuso no tratamento","datePublished":"2024-03-27T14:07:00+00:00","mainEntityOfPage":{"@id":"https:\/\/regiaonews.net.br\/2022\/2024\/03\/27\/saae-barretos-constroi-tanque-para-coletar-aguas-de-lavagem-que-permite-o-reuso-no-tratamento\/"},"wordCount":319,"commentCount":0,"publisher":{"@id":"https:\/\/regiaonews.net.br\/2022\/#organization"},"image":{"@id":"https:\/\/regiaonews.net.br\/2022\/2024\/03\/27\/saae-barretos-constroi-tanque-para-coletar-aguas-de-lavagem-que-permite-o-reuso-no-tratamento\/#primaryimage"},"thumbnailUrl":"https:\/\/regiaonews.net.br\/2022\/wp-content\/uploads\/2024\/03\/Imagem-do-WhatsApp-de-2024-03-27-as-09.11.41_67918238.jpg","articleSection":["Barretos","Geral"],"inLanguage":"pt-BR","potentialAction":[{"@type":"CommentAction","name":"Comment","target":["https:\/\/regiaonews.net.br\/2022\/2024\/03\/27\/saae-barretos-constroi-tanque-para-coletar-aguas-de-lavagem-que-permite-o-reuso-no-tratamento\/#respond"]}]},{"@type":"WebPage","@id":"https:\/\/regiaonews.net.br\/2022\/2024\/03\/27\/saae-barretos-constroi-tanque-para-coletar-aguas-de-lavagem-que-permite-o-reuso-no-tratamento\/","url":"https:\/\/regiaonews.net.br\/2022\/2024\/03\/27\/saae-barretos-constroi-tanque-para-coletar-aguas-de-lavagem-que-permite-o-reuso-no-tratamento\/","name":"SAAE Barretos constr\u00f3i tanque para coletar \u00e1guas de lavagem que permite o reuso no tratamento - Regi\u00e3o News","isPartOf":{"@id":"https:\/\/regiaonews.net.br\/2022\/#website"},"primaryImageOfPage":{"@id":"https:\/\/regiaonews.net.br\/2022\/2024\/03\/27\/saae-barretos-constroi-tanque-para-coletar-aguas-de-lavagem-que-permite-o-reuso-no-tratamento\/#primaryimage"},"image":{"@id":"https:\/\/regiaonews.net.br\/2022\/2024\/03\/27\/saae-barretos-constroi-tanque-para-coletar-aguas-de-lavagem-que-permite-o-reuso-no-tratamento\/#primaryimage"},"thumbnailUrl":"https:\/\/regiaonews.net.br\/2022\/wp-content\/uploads\/2024\/03\/Imagem-do-WhatsApp-de-2024-03-27-as-09.11.41_67918238.jpg","datePublished":"2024-03-27T14:07:00+00:00","breadcrumb":{"@id":"https:\/\/regiaonews.net.br\/2022\/2024\/03\/27\/saae-barretos-constroi-tanque-para-coletar-aguas-de-lavagem-que-permite-o-reuso-no-tratamento\/#breadcrumb"},"inLanguage":"pt-BR","potentialAction":[{"@type":"ReadAction","target":["https:\/\/regiaonews.net.br\/2022\/2024\/03\/27\/saae-barretos-constroi-tanque-para-coletar-aguas-de-lavagem-que-permite-o-reuso-no-tratamento\/"]}]},{"@type":"ImageObject","inLanguage":"pt-BR","@id":"https:\/\/regiaonews.net.br\/2022\/2024\/03\/27\/saae-barretos-constroi-tanque-para-coletar-aguas-de-lavagem-que-permite-o-reuso-no-tratamento\/#primaryimage","url":"https:\/\/regiaonews.net.br\/2022\/wp-content\/uploads\/2024\/03\/Imagem-do-WhatsApp-de-2024-03-27-as-09.11.41_67918238.jpg","contentUrl":"https:\/\/regiaonews.net.br\/2022\/wp-content\/uploads\/2024\/03\/Imagem-do-WhatsApp-de-2024-03-27-as-09.11.41_67918238.jpg","width":1600,"height":1200},{"@type":"BreadcrumbList","@id":"https:\/\/regiaonews.net.br\/2022\/2024\/03\/27\/saae-barretos-constroi-tanque-para-coletar-aguas-de-lavagem-que-permite-o-reuso-no-tratamento\/#breadcrumb","itemListElement":[{"@type":"ListItem","position":1,"name":"In\u00edcio","item":"https:\/\/regiaonews.net.br\/2022\/"},{"@type":"ListItem","position":2,"name":"SAAE Barretos constr\u00f3i tanque para coletar \u00e1guas de lavagem que permite o reuso no tratamento"}]},{"@type":"WebSite","@id":"https:\/\/regiaonews.net.br\/2022\/#website","url":"https:\/\/regiaonews.net.br\/2022\/","name":"Regi\u00e3o News","description":"Site de Not\u00edcias de Barretos e regi\u00e3o","publisher":{"@id":"https:\/\/regiaonews.net.br\/2022\/#organization"},"potentialAction":[{"@type":"SearchAction","target":{"@type":"EntryPoint","urlTemplate":"https:\/\/regiaonews.net.br\/2022\/?s={search_term_string}"},"query-input":{"@type":"PropertyValueSpecification","valueRequired":true,"valueName":"search_term_string"}}],"inLanguage":"pt-BR"},{"@type":"Organization","@id":"https:\/\/regiaonews.net.br\/2022\/#organization","name":"Regi\u00e3o News","url":"https:\/\/regiaonews.net.br\/2022\/","logo":{"@type":"ImageObject","inLanguage":"pt-BR","@id":"https:\/\/regiaonews.net.br\/2022\/#\/schema\/logo\/image\/","url":"https:\/\/regiaonews.net.br\/2022\/wp-content\/uploads\/2026\/03\/regiao-13-anos-scaled.jpg","contentUrl":"https:\/\/regiaonews.net.br\/2022\/wp-content\/uploads\/2026\/03\/regiao-13-anos-scaled.jpg","width":2560,"height":635,"caption":"Regi\u00e3o News"},"image":{"@id":"https:\/\/regiaonews.net.br\/2022\/#\/schema\/logo\/image\/"}},{"@type":"Person","@id":"https:\/\/regiaonews.net.br\/2022\/#\/schema\/person\/2d205a608a5aa97ac279d7a5e6d89ad8","name":"Roberto","image":{"@type":"ImageObject","inLanguage":"pt-BR","@id":"https:\/\/secure.gravatar.com\/avatar\/42749d8b712ff9d59ca93dc150494e5b55a44134482993f5baeb97e61b7ecc89?s=96&d=mm&r=g","url":"https:\/\/secure.gravatar.com\/avatar\/42749d8b712ff9d59ca93dc150494e5b55a44134482993f5baeb97e61b7ecc89?s=96&d=mm&r=g","contentUrl":"https:\/\/secure.gravatar.com\/avatar\/42749d8b712ff9d59ca93dc150494e5b55a44134482993f5baeb97e61b7ecc89?s=96&d=mm&r=g","caption":"Roberto"},"url":"https:\/\/regiaonews.net.br\/2022\/author\/roberto\/"}]}},"publishpress_future_action":{"enabled":false,"date":"2026-05-03 09:22:55","action":"change-status","newStatus":"draft","terms":[],"taxonomy":"category","extraData":[]},"publishpress_future_workflow_manual_trigger":{"enabledWorkflows":[]},"_links":{"self":[{"href":"https:\/\/regiaonews.net.br\/2022\/wp-json\/wp\/v2\/posts\/102933","targetHints":{"allow":["GET"]}}],"collection":[{"href":"https:\/\/regiaonews.net.br\/2022\/wp-json\/wp\/v2\/posts"}],"about":[{"href":"https:\/\/regiaonews.net.br\/2022\/wp-json\/wp\/v2\/types\/post"}],"author":[{"embeddable":true,"href":"https:\/\/regiaonews.net.br\/2022\/wp-json\/wp\/v2\/users\/2"}],"replies":[{"embeddable":true,"href":"https:\/\/regiaonews.net.br\/2022\/wp-json\/wp\/v2\/comments?post=102933"}],"version-history":[{"count":1,"href":"https:\/\/regiaonews.net.br\/2022\/wp-json\/wp\/v2\/posts\/102933\/revisions"}],"predecessor-version":[{"id":102935,"href":"https:\/\/regiaonews.net.br\/2022\/wp-json\/wp\/v2\/posts\/102933\/revisions\/102935"}],"wp:featuredmedia":[{"embeddable":true,"href":"https:\/\/regiaonews.net.br\/2022\/wp-json\/wp\/v2\/media\/102934"}],"wp:attachment":[{"href":"https:\/\/regiaonews.net.br\/2022\/wp-json\/wp\/v2\/media?parent=102933"}],"wp:term":[{"taxonomy":"category","embeddable":true,"href":"https:\/\/regiaonews.net.br\/2022\/wp-json\/wp\/v2\/categories?post=102933"},{"taxonomy":"post_tag","embeddable":true,"href":"https:\/\/regiaonews.net.br\/2022\/wp-json\/wp\/v2\/tags?post=102933"}],"curies":[{"name":"wp","href":"https:\/\/api.w.org\/{rel}","templated":true}]}}