{"id":102930,"date":"2024-03-27T07:01:26","date_gmt":"2024-03-27T10:01:26","guid":{"rendered":"https:\/\/regiaonews.net.br\/2022\/?p=102930"},"modified":"2024-03-27T07:01:26","modified_gmt":"2024-03-27T10:01:26","slug":"camara-agenda-para-o-dia-5-de-abril-entrega-de-titulo-de-cidadao-ao-dj-alex-tubarao","status":"publish","type":"post","link":"https:\/\/regiaonews.net.br\/2022\/2024\/03\/27\/camara-agenda-para-o-dia-5-de-abril-entrega-de-titulo-de-cidadao-ao-dj-alex-tubarao\/","title":{"rendered":"C\u00e2mara agenda para o dia 5 de abril  entrega de t\u00edtulo de cidad\u00e3o ao DJ Alex Tubar\u00e3o"},"content":{"rendered":"<h1 class=\"mb-4\"><\/h1>\n<h3 class=\"mb-4\">Homenagem foi proposta pelo vereador Elson dos Santos (REPUBLICANOS)<\/h3>\n<div class=\"news-btn d-flex justify-content-between mb-5 py-2 px-3 rounded\">\n<div class=\"share\">\n<div class=\"a2a_kit a2a_kit_size_32 a2a_default_style\">\n<div class=\"btn-share btn-share-social-media btn-share-facebook\">\n<div class=\"txt-button\"><\/div>\n<\/div>\n<div class=\"btn-share btn-share-social-media btn-share-messenger\">\n<div class=\"txt-button\"><\/div>\n<\/div>\n<div class=\"btn-share btn-share-social-media btn-share-twitter\">\n<div class=\"txt-button\"><\/div>\n<\/div>\n<\/div>\n<\/div>\n<\/div>\n<p>O\u00a0 Radialista e Ativista Social,\u00a0<strong>Alexandre Gabriel da Silva &#8220;DJ Alex Tubar\u00e3o&#8221;<\/strong>, receber\u00e1 o\u00a0<strong>T\u00edtulo de Cidad\u00e3o Honor\u00e1rio da Est\u00e2ncia Tur\u00edstica de Barretos<\/strong>\u00a0no pr\u00f3ximo\u00a0<strong>dia 05 de abril (sexta-feira), \u00e0s 19h, em Sess\u00e3o Solene, na C\u00e2mara.<\/strong><\/p>\n<p>A homenagem foi proposta pelo vereador<strong>\u00a0Elson dos Santos (REP)<\/strong>, por meio do<strong>\u00a0<a href=\"http:\/\/consulta.camarabarretos.sp.gov.br\/Documentos\/Documento\/393435\">Projeto de Decreto Legislativo n\u00ba 24\/2023<\/a>,\u00a0<\/strong>aprovado por todos os vereadores.<\/p>\n<p>Todas as autoridades do Munic\u00edpio, profissionais de imprensa, familiares e amigos do homenageado est\u00e3o convidados a comparecer \u00e0 C\u00e2mara para prestigiar a homenagem.<\/p>\n<p>A solenidade ter\u00e1 transmiss\u00e3o ao vivo e reprises pela\u00a0<strong>TV C\u00e2mara &#8211; canal 31.3, Facebook, Youtube e Instagram.<\/strong><\/p>\n<p>&nbsp;<\/p>\n<p>&nbsp;<\/p>\n<p><strong>O HOMENAGEADO<\/strong><\/p>\n<p>&nbsp;<\/p>\n<p><strong>Alexander Gabriel da Silva\u00a0<\/strong>nasceu em S\u00e3o Paulo (SP), tem 51\u00a0anos, \u00e9 filho de Luiz Paulo da Silva (em mem\u00f3ria)\u00a0e Maria dos Santos Silva (em mem\u00f3ria). \u00c9 casado com P\u00e2mela Ferreira,\u00a0\u00a0tem duas filhas: Gabriela Oliveira e Mayla Lani;\u00a0\u00a0e dois netos:\u00a0Benjamim e Sofia. \u00c9 primo do ex-vereador Ol\u00edmpio Jorge Nabem &#8220;Euripinho&#8221;<\/p>\n<p>Ainda crian\u00e7a,\u00a0 mudou-se com sua fam\u00edlia para a cidade do Rio de Janeiro, onde estudou e trabalhou desde cedo como pescador.<\/p>\n<p>Veio para Barretos em meados da d\u00e9cada de 1980, \u00e9poca em que estudou na Escola Estadual M\u00e1rio Vieira Marcondes &#8220;Estad\u00e3o&#8221; e, posteriormente, na Escola Cel. Raphael Brand\u00e3o &#8220;Industrial&#8221;. Desde os tempos de escola j\u00e1 se revelava como DJ, animando e discotecando nas antigas brincadeiras dan\u00e7antes das s\u00e9timas e oitavas s\u00e9ries e arrecadando\u00a0dinheiro para formaturas.<\/p>\n<p>Com 19 anos, Alex Tubar\u00e3o come\u00e7ou\u00a0 a trabalhar como operador de \u00e1udio em r\u00e1dios na cidade de Barretos, tendo trabalhado com grandes nomes como: Compadre Pioneiro, Compadre Can\u00e1rio, J. J\u00fanior, Odair Silva, Jos\u00e9 Carlos Domaraski, Beto Moreno e, atualmente, trabalhando com Cancioneiro Duvalle, na Radio Sertaneja de Barretos.<\/p>\n<p>J\u00e1 s\u00e3o mais de 30 anos trabalhando como comunicador, atuando em grandes emissoras de Barretos e do Rio de Janeiro. Em 2000 chegou a receber um\u00a0pr\u00eamio de Mo\u00e7\u00e3o pela C\u00e2mara Municipal do Rio de Janeiro, sendo considerado um dos melhores radialistas daquele estado.<\/p>\n<p>Atualmente\u00a0\u00e9 radialista na R\u00e1dio Sertaneja FM de Barretos, onde apresenta o programa &#8220;Show da Manh\u00e3&#8221;, com quadros voltados \u00e0 comunidade, al\u00e9m de\u00a0entretenimento, brincadeiras e not\u00edcias.<\/p>\n<p>DJ Alex Tubar\u00e3o tamb\u00e9m \u00e9 um militante das causas sociais, bastante atuante\u00a0na\u00a0organiza\u00e7\u00e3o de\u00a0eventos e programas de r\u00e1dio com objetivo de arrecadar mantimentos \u00e0\u00a0popula\u00e7\u00e3o carente de Barretos.<\/p>\n","protected":false},"excerpt":{"rendered":"<p>Homenagem foi proposta pelo vereador Elson dos Santos (REPUBLICANOS) O\u00a0<\/p>\n","protected":false},"author":2,"featured_media":102931,"comment_status":"open","ping_status":"open","sticky":false,"template":"","format":"standard","meta":{"footnotes":""},"categories":[14,25],"tags":[],"class_list":["post-102930","post","type-post","status-publish","format-standard","has-post-thumbnail","hentry","category-barretos","category-cidades"],"yoast_head":"<!-- This site is optimized with the Yoast SEO plugin v27.4 - https:\/\/yoast.com\/product\/yoast-seo-wordpress\/ -->\n<title>C\u00e2mara agenda para o dia 5 de abril entrega de t\u00edtulo de cidad\u00e3o ao DJ Alex Tubar\u00e3o - Regi\u00e3o News<\/title>\n<meta name=\"robots\" content=\"index, follow, max-snippet:-1, max-image-preview:large, max-video-preview:-1\" \/>\n<link rel=\"canonical\" href=\"https:\/\/regiaonews.net.br\/2022\/2024\/03\/27\/camara-agenda-para-o-dia-5-de-abril-entrega-de-titulo-de-cidadao-ao-dj-alex-tubarao\/\" \/>\n<meta property=\"og:locale\" content=\"pt_BR\" \/>\n<meta property=\"og:type\" content=\"article\" \/>\n<meta property=\"og:title\" content=\"C\u00e2mara agenda para o dia 5 de abril entrega de t\u00edtulo de cidad\u00e3o ao DJ Alex Tubar\u00e3o - Regi\u00e3o News\" \/>\n<meta property=\"og:description\" content=\"Homenagem foi proposta pelo vereador Elson dos Santos (REPUBLICANOS) O\u00a0\" \/>\n<meta property=\"og:url\" content=\"https:\/\/regiaonews.net.br\/2022\/2024\/03\/27\/camara-agenda-para-o-dia-5-de-abril-entrega-de-titulo-de-cidadao-ao-dj-alex-tubarao\/\" \/>\n<meta property=\"og:site_name\" content=\"Regi\u00e3o News\" \/>\n<meta property=\"article:published_time\" content=\"2024-03-27T10:01:26+00:00\" \/>\n<meta property=\"og:image\" content=\"https:\/\/regiaonews.net.br\/2022\/wp-content\/uploads\/2024\/03\/IMG-20240326-WA0317.jpg\" \/>\n\t<meta property=\"og:image:width\" content=\"1080\" \/>\n\t<meta property=\"og:image:height\" content=\"1394\" \/>\n\t<meta property=\"og:image:type\" content=\"image\/jpeg\" \/>\n<meta name=\"author\" content=\"Roberto\" \/>\n<meta name=\"twitter:card\" content=\"summary_large_image\" \/>\n<meta name=\"twitter:label1\" content=\"Escrito por\" \/>\n\t<meta name=\"twitter:data1\" content=\"Roberto\" \/>\n\t<meta name=\"twitter:label2\" content=\"Est. tempo de leitura\" \/>\n\t<meta name=\"twitter:data2\" content=\"3 minutos\" \/>\n<script type=\"application\/ld+json\" class=\"yoast-schema-graph\">{\"@context\":\"https:\\\/\\\/schema.org\",\"@graph\":[{\"@type\":\"Article\",\"@id\":\"https:\\\/\\\/regiaonews.net.br\\\/2022\\\/2024\\\/03\\\/27\\\/camara-agenda-para-o-dia-5-de-abril-entrega-de-titulo-de-cidadao-ao-dj-alex-tubarao\\\/#article\",\"isPartOf\":{\"@id\":\"https:\\\/\\\/regiaonews.net.br\\\/2022\\\/2024\\\/03\\\/27\\\/camara-agenda-para-o-dia-5-de-abril-entrega-de-titulo-de-cidadao-ao-dj-alex-tubarao\\\/\"},\"author\":{\"name\":\"Roberto\",\"@id\":\"https:\\\/\\\/regiaonews.net.br\\\/2022\\\/#\\\/schema\\\/person\\\/2d205a608a5aa97ac279d7a5e6d89ad8\"},\"headline\":\"C\u00e2mara agenda para o dia 5 de abril entrega de t\u00edtulo de cidad\u00e3o ao DJ Alex Tubar\u00e3o\",\"datePublished\":\"2024-03-27T10:01:26+00:00\",\"mainEntityOfPage\":{\"@id\":\"https:\\\/\\\/regiaonews.net.br\\\/2022\\\/2024\\\/03\\\/27\\\/camara-agenda-para-o-dia-5-de-abril-entrega-de-titulo-de-cidadao-ao-dj-alex-tubarao\\\/\"},\"wordCount\":445,\"commentCount\":0,\"publisher\":{\"@id\":\"https:\\\/\\\/regiaonews.net.br\\\/2022\\\/#organization\"},\"image\":{\"@id\":\"https:\\\/\\\/regiaonews.net.br\\\/2022\\\/2024\\\/03\\\/27\\\/camara-agenda-para-o-dia-5-de-abril-entrega-de-titulo-de-cidadao-ao-dj-alex-tubarao\\\/#primaryimage\"},\"thumbnailUrl\":\"https:\\\/\\\/regiaonews.net.br\\\/2022\\\/wp-content\\\/uploads\\\/2024\\\/03\\\/IMG-20240326-WA0317.jpg\",\"articleSection\":[\"Barretos\",\"Cidades\"],\"inLanguage\":\"pt-BR\",\"potentialAction\":[{\"@type\":\"CommentAction\",\"name\":\"Comment\",\"target\":[\"https:\\\/\\\/regiaonews.net.br\\\/2022\\\/2024\\\/03\\\/27\\\/camara-agenda-para-o-dia-5-de-abril-entrega-de-titulo-de-cidadao-ao-dj-alex-tubarao\\\/#respond\"]}]},{\"@type\":\"WebPage\",\"@id\":\"https:\\\/\\\/regiaonews.net.br\\\/2022\\\/2024\\\/03\\\/27\\\/camara-agenda-para-o-dia-5-de-abril-entrega-de-titulo-de-cidadao-ao-dj-alex-tubarao\\\/\",\"url\":\"https:\\\/\\\/regiaonews.net.br\\\/2022\\\/2024\\\/03\\\/27\\\/camara-agenda-para-o-dia-5-de-abril-entrega-de-titulo-de-cidadao-ao-dj-alex-tubarao\\\/\",\"name\":\"C\u00e2mara agenda para o dia 5 de abril entrega de t\u00edtulo de cidad\u00e3o ao DJ Alex Tubar\u00e3o - Regi\u00e3o News\",\"isPartOf\":{\"@id\":\"https:\\\/\\\/regiaonews.net.br\\\/2022\\\/#website\"},\"primaryImageOfPage\":{\"@id\":\"https:\\\/\\\/regiaonews.net.br\\\/2022\\\/2024\\\/03\\\/27\\\/camara-agenda-para-o-dia-5-de-abril-entrega-de-titulo-de-cidadao-ao-dj-alex-tubarao\\\/#primaryimage\"},\"image\":{\"@id\":\"https:\\\/\\\/regiaonews.net.br\\\/2022\\\/2024\\\/03\\\/27\\\/camara-agenda-para-o-dia-5-de-abril-entrega-de-titulo-de-cidadao-ao-dj-alex-tubarao\\\/#primaryimage\"},\"thumbnailUrl\":\"https:\\\/\\\/regiaonews.net.br\\\/2022\\\/wp-content\\\/uploads\\\/2024\\\/03\\\/IMG-20240326-WA0317.jpg\",\"datePublished\":\"2024-03-27T10:01:26+00:00\",\"breadcrumb\":{\"@id\":\"https:\\\/\\\/regiaonews.net.br\\\/2022\\\/2024\\\/03\\\/27\\\/camara-agenda-para-o-dia-5-de-abril-entrega-de-titulo-de-cidadao-ao-dj-alex-tubarao\\\/#breadcrumb\"},\"inLanguage\":\"pt-BR\",\"potentialAction\":[{\"@type\":\"ReadAction\",\"target\":[\"https:\\\/\\\/regiaonews.net.br\\\/2022\\\/2024\\\/03\\\/27\\\/camara-agenda-para-o-dia-5-de-abril-entrega-de-titulo-de-cidadao-ao-dj-alex-tubarao\\\/\"]}]},{\"@type\":\"ImageObject\",\"inLanguage\":\"pt-BR\",\"@id\":\"https:\\\/\\\/regiaonews.net.br\\\/2022\\\/2024\\\/03\\\/27\\\/camara-agenda-para-o-dia-5-de-abril-entrega-de-titulo-de-cidadao-ao-dj-alex-tubarao\\\/#primaryimage\",\"url\":\"https:\\\/\\\/regiaonews.net.br\\\/2022\\\/wp-content\\\/uploads\\\/2024\\\/03\\\/IMG-20240326-WA0317.jpg\",\"contentUrl\":\"https:\\\/\\\/regiaonews.net.br\\\/2022\\\/wp-content\\\/uploads\\\/2024\\\/03\\\/IMG-20240326-WA0317.jpg\",\"width\":1080,\"height\":1394},{\"@type\":\"BreadcrumbList\",\"@id\":\"https:\\\/\\\/regiaonews.net.br\\\/2022\\\/2024\\\/03\\\/27\\\/camara-agenda-para-o-dia-5-de-abril-entrega-de-titulo-de-cidadao-ao-dj-alex-tubarao\\\/#breadcrumb\",\"itemListElement\":[{\"@type\":\"ListItem\",\"position\":1,\"name\":\"In\u00edcio\",\"item\":\"https:\\\/\\\/regiaonews.net.br\\\/2022\\\/\"},{\"@type\":\"ListItem\",\"position\":2,\"name\":\"C\u00e2mara agenda para o dia 5 de abril entrega de t\u00edtulo de cidad\u00e3o ao DJ Alex Tubar\u00e3o\"}]},{\"@type\":\"WebSite\",\"@id\":\"https:\\\/\\\/regiaonews.net.br\\\/2022\\\/#website\",\"url\":\"https:\\\/\\\/regiaonews.net.br\\\/2022\\\/\",\"name\":\"Regi\u00e3o News\",\"description\":\"Site de Not\u00edcias de Barretos e regi\u00e3o\",\"publisher\":{\"@id\":\"https:\\\/\\\/regiaonews.net.br\\\/2022\\\/#organization\"},\"potentialAction\":[{\"@type\":\"SearchAction\",\"target\":{\"@type\":\"EntryPoint\",\"urlTemplate\":\"https:\\\/\\\/regiaonews.net.br\\\/2022\\\/?s={search_term_string}\"},\"query-input\":{\"@type\":\"PropertyValueSpecification\",\"valueRequired\":true,\"valueName\":\"search_term_string\"}}],\"inLanguage\":\"pt-BR\"},{\"@type\":\"Organization\",\"@id\":\"https:\\\/\\\/regiaonews.net.br\\\/2022\\\/#organization\",\"name\":\"Regi\u00e3o News\",\"url\":\"https:\\\/\\\/regiaonews.net.br\\\/2022\\\/\",\"logo\":{\"@type\":\"ImageObject\",\"inLanguage\":\"pt-BR\",\"@id\":\"https:\\\/\\\/regiaonews.net.br\\\/2022\\\/#\\\/schema\\\/logo\\\/image\\\/\",\"url\":\"https:\\\/\\\/regiaonews.net.br\\\/2022\\\/wp-content\\\/uploads\\\/2026\\\/03\\\/regiao-13-anos-scaled.jpg\",\"contentUrl\":\"https:\\\/\\\/regiaonews.net.br\\\/2022\\\/wp-content\\\/uploads\\\/2026\\\/03\\\/regiao-13-anos-scaled.jpg\",\"width\":2560,\"height\":635,\"caption\":\"Regi\u00e3o News\"},\"image\":{\"@id\":\"https:\\\/\\\/regiaonews.net.br\\\/2022\\\/#\\\/schema\\\/logo\\\/image\\\/\"}},{\"@type\":\"Person\",\"@id\":\"https:\\\/\\\/regiaonews.net.br\\\/2022\\\/#\\\/schema\\\/person\\\/2d205a608a5aa97ac279d7a5e6d89ad8\",\"name\":\"Roberto\",\"image\":{\"@type\":\"ImageObject\",\"inLanguage\":\"pt-BR\",\"@id\":\"https:\\\/\\\/secure.gravatar.com\\\/avatar\\\/42749d8b712ff9d59ca93dc150494e5b55a44134482993f5baeb97e61b7ecc89?s=96&d=mm&r=g\",\"url\":\"https:\\\/\\\/secure.gravatar.com\\\/avatar\\\/42749d8b712ff9d59ca93dc150494e5b55a44134482993f5baeb97e61b7ecc89?s=96&d=mm&r=g\",\"contentUrl\":\"https:\\\/\\\/secure.gravatar.com\\\/avatar\\\/42749d8b712ff9d59ca93dc150494e5b55a44134482993f5baeb97e61b7ecc89?s=96&d=mm&r=g\",\"caption\":\"Roberto\"},\"url\":\"https:\\\/\\\/regiaonews.net.br\\\/2022\\\/author\\\/roberto\\\/\"}]}<\/script>\n<!-- \/ Yoast SEO plugin. -->","yoast_head_json":{"title":"C\u00e2mara agenda para o dia 5 de abril entrega de t\u00edtulo de cidad\u00e3o ao DJ Alex Tubar\u00e3o - Regi\u00e3o News","robots":{"index":"index","follow":"follow","max-snippet":"max-snippet:-1","max-image-preview":"max-image-preview:large","max-video-preview":"max-video-preview:-1"},"canonical":"https:\/\/regiaonews.net.br\/2022\/2024\/03\/27\/camara-agenda-para-o-dia-5-de-abril-entrega-de-titulo-de-cidadao-ao-dj-alex-tubarao\/","og_locale":"pt_BR","og_type":"article","og_title":"C\u00e2mara agenda para o dia 5 de abril entrega de t\u00edtulo de cidad\u00e3o ao DJ Alex Tubar\u00e3o - Regi\u00e3o News","og_description":"Homenagem foi proposta pelo vereador Elson dos Santos (REPUBLICANOS) O\u00a0","og_url":"https:\/\/regiaonews.net.br\/2022\/2024\/03\/27\/camara-agenda-para-o-dia-5-de-abril-entrega-de-titulo-de-cidadao-ao-dj-alex-tubarao\/","og_site_name":"Regi\u00e3o News","article_published_time":"2024-03-27T10:01:26+00:00","og_image":[{"width":1080,"height":1394,"url":"https:\/\/regiaonews.net.br\/2022\/wp-content\/uploads\/2024\/03\/IMG-20240326-WA0317.jpg","type":"image\/jpeg"}],"author":"Roberto","twitter_card":"summary_large_image","twitter_misc":{"Escrito por":"Roberto","Est. tempo de leitura":"3 minutos"},"schema":{"@context":"https:\/\/schema.org","@graph":[{"@type":"Article","@id":"https:\/\/regiaonews.net.br\/2022\/2024\/03\/27\/camara-agenda-para-o-dia-5-de-abril-entrega-de-titulo-de-cidadao-ao-dj-alex-tubarao\/#article","isPartOf":{"@id":"https:\/\/regiaonews.net.br\/2022\/2024\/03\/27\/camara-agenda-para-o-dia-5-de-abril-entrega-de-titulo-de-cidadao-ao-dj-alex-tubarao\/"},"author":{"name":"Roberto","@id":"https:\/\/regiaonews.net.br\/2022\/#\/schema\/person\/2d205a608a5aa97ac279d7a5e6d89ad8"},"headline":"C\u00e2mara agenda para o dia 5 de abril entrega de t\u00edtulo de cidad\u00e3o ao DJ Alex Tubar\u00e3o","datePublished":"2024-03-27T10:01:26+00:00","mainEntityOfPage":{"@id":"https:\/\/regiaonews.net.br\/2022\/2024\/03\/27\/camara-agenda-para-o-dia-5-de-abril-entrega-de-titulo-de-cidadao-ao-dj-alex-tubarao\/"},"wordCount":445,"commentCount":0,"publisher":{"@id":"https:\/\/regiaonews.net.br\/2022\/#organization"},"image":{"@id":"https:\/\/regiaonews.net.br\/2022\/2024\/03\/27\/camara-agenda-para-o-dia-5-de-abril-entrega-de-titulo-de-cidadao-ao-dj-alex-tubarao\/#primaryimage"},"thumbnailUrl":"https:\/\/regiaonews.net.br\/2022\/wp-content\/uploads\/2024\/03\/IMG-20240326-WA0317.jpg","articleSection":["Barretos","Cidades"],"inLanguage":"pt-BR","potentialAction":[{"@type":"CommentAction","name":"Comment","target":["https:\/\/regiaonews.net.br\/2022\/2024\/03\/27\/camara-agenda-para-o-dia-5-de-abril-entrega-de-titulo-de-cidadao-ao-dj-alex-tubarao\/#respond"]}]},{"@type":"WebPage","@id":"https:\/\/regiaonews.net.br\/2022\/2024\/03\/27\/camara-agenda-para-o-dia-5-de-abril-entrega-de-titulo-de-cidadao-ao-dj-alex-tubarao\/","url":"https:\/\/regiaonews.net.br\/2022\/2024\/03\/27\/camara-agenda-para-o-dia-5-de-abril-entrega-de-titulo-de-cidadao-ao-dj-alex-tubarao\/","name":"C\u00e2mara agenda para o dia 5 de abril entrega de t\u00edtulo de cidad\u00e3o ao DJ Alex Tubar\u00e3o - Regi\u00e3o News","isPartOf":{"@id":"https:\/\/regiaonews.net.br\/2022\/#website"},"primaryImageOfPage":{"@id":"https:\/\/regiaonews.net.br\/2022\/2024\/03\/27\/camara-agenda-para-o-dia-5-de-abril-entrega-de-titulo-de-cidadao-ao-dj-alex-tubarao\/#primaryimage"},"image":{"@id":"https:\/\/regiaonews.net.br\/2022\/2024\/03\/27\/camara-agenda-para-o-dia-5-de-abril-entrega-de-titulo-de-cidadao-ao-dj-alex-tubarao\/#primaryimage"},"thumbnailUrl":"https:\/\/regiaonews.net.br\/2022\/wp-content\/uploads\/2024\/03\/IMG-20240326-WA0317.jpg","datePublished":"2024-03-27T10:01:26+00:00","breadcrumb":{"@id":"https:\/\/regiaonews.net.br\/2022\/2024\/03\/27\/camara-agenda-para-o-dia-5-de-abril-entrega-de-titulo-de-cidadao-ao-dj-alex-tubarao\/#breadcrumb"},"inLanguage":"pt-BR","potentialAction":[{"@type":"ReadAction","target":["https:\/\/regiaonews.net.br\/2022\/2024\/03\/27\/camara-agenda-para-o-dia-5-de-abril-entrega-de-titulo-de-cidadao-ao-dj-alex-tubarao\/"]}]},{"@type":"ImageObject","inLanguage":"pt-BR","@id":"https:\/\/regiaonews.net.br\/2022\/2024\/03\/27\/camara-agenda-para-o-dia-5-de-abril-entrega-de-titulo-de-cidadao-ao-dj-alex-tubarao\/#primaryimage","url":"https:\/\/regiaonews.net.br\/2022\/wp-content\/uploads\/2024\/03\/IMG-20240326-WA0317.jpg","contentUrl":"https:\/\/regiaonews.net.br\/2022\/wp-content\/uploads\/2024\/03\/IMG-20240326-WA0317.jpg","width":1080,"height":1394},{"@type":"BreadcrumbList","@id":"https:\/\/regiaonews.net.br\/2022\/2024\/03\/27\/camara-agenda-para-o-dia-5-de-abril-entrega-de-titulo-de-cidadao-ao-dj-alex-tubarao\/#breadcrumb","itemListElement":[{"@type":"ListItem","position":1,"name":"In\u00edcio","item":"https:\/\/regiaonews.net.br\/2022\/"},{"@type":"ListItem","position":2,"name":"C\u00e2mara agenda para o dia 5 de abril entrega de t\u00edtulo de cidad\u00e3o ao DJ Alex Tubar\u00e3o"}]},{"@type":"WebSite","@id":"https:\/\/regiaonews.net.br\/2022\/#website","url":"https:\/\/regiaonews.net.br\/2022\/","name":"Regi\u00e3o News","description":"Site de Not\u00edcias de Barretos e regi\u00e3o","publisher":{"@id":"https:\/\/regiaonews.net.br\/2022\/#organization"},"potentialAction":[{"@type":"SearchAction","target":{"@type":"EntryPoint","urlTemplate":"https:\/\/regiaonews.net.br\/2022\/?s={search_term_string}"},"query-input":{"@type":"PropertyValueSpecification","valueRequired":true,"valueName":"search_term_string"}}],"inLanguage":"pt-BR"},{"@type":"Organization","@id":"https:\/\/regiaonews.net.br\/2022\/#organization","name":"Regi\u00e3o News","url":"https:\/\/regiaonews.net.br\/2022\/","logo":{"@type":"ImageObject","inLanguage":"pt-BR","@id":"https:\/\/regiaonews.net.br\/2022\/#\/schema\/logo\/image\/","url":"https:\/\/regiaonews.net.br\/2022\/wp-content\/uploads\/2026\/03\/regiao-13-anos-scaled.jpg","contentUrl":"https:\/\/regiaonews.net.br\/2022\/wp-content\/uploads\/2026\/03\/regiao-13-anos-scaled.jpg","width":2560,"height":635,"caption":"Regi\u00e3o News"},"image":{"@id":"https:\/\/regiaonews.net.br\/2022\/#\/schema\/logo\/image\/"}},{"@type":"Person","@id":"https:\/\/regiaonews.net.br\/2022\/#\/schema\/person\/2d205a608a5aa97ac279d7a5e6d89ad8","name":"Roberto","image":{"@type":"ImageObject","inLanguage":"pt-BR","@id":"https:\/\/secure.gravatar.com\/avatar\/42749d8b712ff9d59ca93dc150494e5b55a44134482993f5baeb97e61b7ecc89?s=96&d=mm&r=g","url":"https:\/\/secure.gravatar.com\/avatar\/42749d8b712ff9d59ca93dc150494e5b55a44134482993f5baeb97e61b7ecc89?s=96&d=mm&r=g","contentUrl":"https:\/\/secure.gravatar.com\/avatar\/42749d8b712ff9d59ca93dc150494e5b55a44134482993f5baeb97e61b7ecc89?s=96&d=mm&r=g","caption":"Roberto"},"url":"https:\/\/regiaonews.net.br\/2022\/author\/roberto\/"}]}},"publishpress_future_action":{"enabled":false,"date":"2026-05-03 10:53:10","action":"change-status","newStatus":"draft","terms":[],"taxonomy":"category","extraData":[]},"publishpress_future_workflow_manual_trigger":{"enabledWorkflows":[]},"_links":{"self":[{"href":"https:\/\/regiaonews.net.br\/2022\/wp-json\/wp\/v2\/posts\/102930","targetHints":{"allow":["GET"]}}],"collection":[{"href":"https:\/\/regiaonews.net.br\/2022\/wp-json\/wp\/v2\/posts"}],"about":[{"href":"https:\/\/regiaonews.net.br\/2022\/wp-json\/wp\/v2\/types\/post"}],"author":[{"embeddable":true,"href":"https:\/\/regiaonews.net.br\/2022\/wp-json\/wp\/v2\/users\/2"}],"replies":[{"embeddable":true,"href":"https:\/\/regiaonews.net.br\/2022\/wp-json\/wp\/v2\/comments?post=102930"}],"version-history":[{"count":1,"href":"https:\/\/regiaonews.net.br\/2022\/wp-json\/wp\/v2\/posts\/102930\/revisions"}],"predecessor-version":[{"id":102932,"href":"https:\/\/regiaonews.net.br\/2022\/wp-json\/wp\/v2\/posts\/102930\/revisions\/102932"}],"wp:featuredmedia":[{"embeddable":true,"href":"https:\/\/regiaonews.net.br\/2022\/wp-json\/wp\/v2\/media\/102931"}],"wp:attachment":[{"href":"https:\/\/regiaonews.net.br\/2022\/wp-json\/wp\/v2\/media?parent=102930"}],"wp:term":[{"taxonomy":"category","embeddable":true,"href":"https:\/\/regiaonews.net.br\/2022\/wp-json\/wp\/v2\/categories?post=102930"},{"taxonomy":"post_tag","embeddable":true,"href":"https:\/\/regiaonews.net.br\/2022\/wp-json\/wp\/v2\/tags?post=102930"}],"curies":[{"name":"wp","href":"https:\/\/api.w.org\/{rel}","templated":true}]}}