{"id":102919,"date":"2024-03-26T22:07:45","date_gmt":"2024-03-27T01:07:45","guid":{"rendered":"https:\/\/regiaonews.net.br\/2022\/?p=102919"},"modified":"2024-03-26T22:07:53","modified_gmt":"2024-03-27T01:07:53","slug":"polo-barretos-da-uab-tem-40-vagas-para-pos-graduacao-em-educacao-especial","status":"publish","type":"post","link":"https:\/\/regiaonews.net.br\/2022\/2024\/03\/26\/polo-barretos-da-uab-tem-40-vagas-para-pos-graduacao-em-educacao-especial\/","title":{"rendered":"Polo Barretos da UAB tem 40 vagas para p\u00f3s-gradua\u00e7\u00e3o em Educa\u00e7\u00e3o Especial"},"content":{"rendered":"<p>Cursos s\u00e3o gratuitos, na modalidade EAD e ofertados pela Unesp; inscri\u00e7\u00f5es para o processo seletivo devem ser feitas at\u00e9 18 de abril<\/p>\n<p>O Polo Barretos da Universidade Aberta do Brasil (UAB) foi contemplado com 40 vagas para o curso de p\u00f3s-gradua\u00e7\u00e3o lato sensu em Educa\u00e7\u00e3o Especial com \u00eanfase em altas habilidades ou superdota\u00e7\u00e3o, oferecido pela Universidade Estadual Paulista \u201cJ\u00falio de Mesquita Filho\u201d (Unesp).<br \/>\nO curso \u00e9 gratuito, desenvolvido na modalidade de Educa\u00e7\u00e3o a Dist\u00e2ncia (EAD) e voltado \u00e0 forma\u00e7\u00e3o de professores da Educa\u00e7\u00e3o B\u00e1sica. \u201cA educa\u00e7\u00e3o de Barretos se destaca por ser inclusiva e este curso \u00e9 uma grande oportunidade de especializa\u00e7\u00e3o para os professores. A Unesp \u00e9 uma universidade muito conceituada e com certeza ter um diploma destes \u00e9 um grande diferencial\u201d, disse a coordenadora do Polo UAB, Marcia Orosco de Oliveira Camargo.<br \/>\nAs inscri\u00e7\u00f5es para o processo seletivo tamb\u00e9m s\u00e3o gratuitas e podem ser feitas at\u00e9 o dia 18 de abril pelo link https:\/\/edutec.unesp.br\/processo_seletivo\/index.php. O in\u00edcio do curso est\u00e1 previsto para a segunda semana do m\u00eas de junho.<br \/>\nO Polo Barretos da UAB fica na Rua 21 de Abril, n\u00b0 240, no bairro Derby Clube.<\/p>\n","protected":false},"excerpt":{"rendered":"<p>Cursos s\u00e3o gratuitos, na modalidade EAD e ofertados pela Unesp;<\/p>\n","protected":false},"author":2,"featured_media":51396,"comment_status":"open","ping_status":"open","sticky":false,"template":"","format":"standard","meta":{"footnotes":""},"categories":[14,25],"tags":[],"class_list":["post-102919","post","type-post","status-publish","format-standard","has-post-thumbnail","hentry","category-barretos","category-cidades"],"yoast_head":"<!-- This site is optimized with the Yoast SEO plugin v27.4 - https:\/\/yoast.com\/product\/yoast-seo-wordpress\/ -->\n<title>Polo Barretos da UAB tem 40 vagas para p\u00f3s-gradua\u00e7\u00e3o em Educa\u00e7\u00e3o Especial - Regi\u00e3o News<\/title>\n<meta name=\"robots\" content=\"index, follow, max-snippet:-1, max-image-preview:large, max-video-preview:-1\" \/>\n<link rel=\"canonical\" href=\"https:\/\/regiaonews.net.br\/2022\/2024\/03\/26\/polo-barretos-da-uab-tem-40-vagas-para-pos-graduacao-em-educacao-especial\/\" \/>\n<meta property=\"og:locale\" content=\"pt_BR\" \/>\n<meta property=\"og:type\" content=\"article\" \/>\n<meta property=\"og:title\" content=\"Polo Barretos da UAB tem 40 vagas para p\u00f3s-gradua\u00e7\u00e3o em Educa\u00e7\u00e3o Especial - Regi\u00e3o News\" \/>\n<meta property=\"og:description\" content=\"Cursos s\u00e3o gratuitos, na modalidade EAD e ofertados pela Unesp;\" \/>\n<meta property=\"og:url\" content=\"https:\/\/regiaonews.net.br\/2022\/2024\/03\/26\/polo-barretos-da-uab-tem-40-vagas-para-pos-graduacao-em-educacao-especial\/\" \/>\n<meta property=\"og:site_name\" content=\"Regi\u00e3o News\" \/>\n<meta property=\"article:published_time\" content=\"2024-03-27T01:07:45+00:00\" \/>\n<meta property=\"article:modified_time\" content=\"2024-03-27T01:07:53+00:00\" \/>\n<meta property=\"og:image\" content=\"https:\/\/regiaonews.net.br\/2022\/wp-content\/uploads\/2021\/08\/polo-uab-2.jpeg\" \/>\n\t<meta property=\"og:image:width\" content=\"1254\" \/>\n\t<meta property=\"og:image:height\" content=\"713\" \/>\n\t<meta property=\"og:image:type\" content=\"image\/jpeg\" \/>\n<meta name=\"author\" content=\"Roberto\" \/>\n<meta name=\"twitter:card\" content=\"summary_large_image\" \/>\n<meta name=\"twitter:label1\" content=\"Escrito por\" \/>\n\t<meta name=\"twitter:data1\" content=\"Roberto\" \/>\n\t<meta name=\"twitter:label2\" content=\"Est. tempo de leitura\" \/>\n\t<meta name=\"twitter:data2\" content=\"2 minutos\" \/>\n<script type=\"application\/ld+json\" class=\"yoast-schema-graph\">{\"@context\":\"https:\\\/\\\/schema.org\",\"@graph\":[{\"@type\":\"Article\",\"@id\":\"https:\\\/\\\/regiaonews.net.br\\\/2022\\\/2024\\\/03\\\/26\\\/polo-barretos-da-uab-tem-40-vagas-para-pos-graduacao-em-educacao-especial\\\/#article\",\"isPartOf\":{\"@id\":\"https:\\\/\\\/regiaonews.net.br\\\/2022\\\/2024\\\/03\\\/26\\\/polo-barretos-da-uab-tem-40-vagas-para-pos-graduacao-em-educacao-especial\\\/\"},\"author\":{\"name\":\"Roberto\",\"@id\":\"https:\\\/\\\/regiaonews.net.br\\\/2022\\\/#\\\/schema\\\/person\\\/2d205a608a5aa97ac279d7a5e6d89ad8\"},\"headline\":\"Polo Barretos da UAB tem 40 vagas para p\u00f3s-gradua\u00e7\u00e3o em Educa\u00e7\u00e3o Especial\",\"datePublished\":\"2024-03-27T01:07:45+00:00\",\"dateModified\":\"2024-03-27T01:07:53+00:00\",\"mainEntityOfPage\":{\"@id\":\"https:\\\/\\\/regiaonews.net.br\\\/2022\\\/2024\\\/03\\\/26\\\/polo-barretos-da-uab-tem-40-vagas-para-pos-graduacao-em-educacao-especial\\\/\"},\"wordCount\":217,\"commentCount\":0,\"publisher\":{\"@id\":\"https:\\\/\\\/regiaonews.net.br\\\/2022\\\/#organization\"},\"image\":{\"@id\":\"https:\\\/\\\/regiaonews.net.br\\\/2022\\\/2024\\\/03\\\/26\\\/polo-barretos-da-uab-tem-40-vagas-para-pos-graduacao-em-educacao-especial\\\/#primaryimage\"},\"thumbnailUrl\":\"https:\\\/\\\/regiaonews.net.br\\\/2022\\\/wp-content\\\/uploads\\\/2021\\\/08\\\/polo-uab-2.jpeg\",\"articleSection\":[\"Barretos\",\"Cidades\"],\"inLanguage\":\"pt-BR\",\"potentialAction\":[{\"@type\":\"CommentAction\",\"name\":\"Comment\",\"target\":[\"https:\\\/\\\/regiaonews.net.br\\\/2022\\\/2024\\\/03\\\/26\\\/polo-barretos-da-uab-tem-40-vagas-para-pos-graduacao-em-educacao-especial\\\/#respond\"]}]},{\"@type\":\"WebPage\",\"@id\":\"https:\\\/\\\/regiaonews.net.br\\\/2022\\\/2024\\\/03\\\/26\\\/polo-barretos-da-uab-tem-40-vagas-para-pos-graduacao-em-educacao-especial\\\/\",\"url\":\"https:\\\/\\\/regiaonews.net.br\\\/2022\\\/2024\\\/03\\\/26\\\/polo-barretos-da-uab-tem-40-vagas-para-pos-graduacao-em-educacao-especial\\\/\",\"name\":\"Polo Barretos da UAB tem 40 vagas para p\u00f3s-gradua\u00e7\u00e3o em Educa\u00e7\u00e3o Especial - Regi\u00e3o News\",\"isPartOf\":{\"@id\":\"https:\\\/\\\/regiaonews.net.br\\\/2022\\\/#website\"},\"primaryImageOfPage\":{\"@id\":\"https:\\\/\\\/regiaonews.net.br\\\/2022\\\/2024\\\/03\\\/26\\\/polo-barretos-da-uab-tem-40-vagas-para-pos-graduacao-em-educacao-especial\\\/#primaryimage\"},\"image\":{\"@id\":\"https:\\\/\\\/regiaonews.net.br\\\/2022\\\/2024\\\/03\\\/26\\\/polo-barretos-da-uab-tem-40-vagas-para-pos-graduacao-em-educacao-especial\\\/#primaryimage\"},\"thumbnailUrl\":\"https:\\\/\\\/regiaonews.net.br\\\/2022\\\/wp-content\\\/uploads\\\/2021\\\/08\\\/polo-uab-2.jpeg\",\"datePublished\":\"2024-03-27T01:07:45+00:00\",\"dateModified\":\"2024-03-27T01:07:53+00:00\",\"breadcrumb\":{\"@id\":\"https:\\\/\\\/regiaonews.net.br\\\/2022\\\/2024\\\/03\\\/26\\\/polo-barretos-da-uab-tem-40-vagas-para-pos-graduacao-em-educacao-especial\\\/#breadcrumb\"},\"inLanguage\":\"pt-BR\",\"potentialAction\":[{\"@type\":\"ReadAction\",\"target\":[\"https:\\\/\\\/regiaonews.net.br\\\/2022\\\/2024\\\/03\\\/26\\\/polo-barretos-da-uab-tem-40-vagas-para-pos-graduacao-em-educacao-especial\\\/\"]}]},{\"@type\":\"ImageObject\",\"inLanguage\":\"pt-BR\",\"@id\":\"https:\\\/\\\/regiaonews.net.br\\\/2022\\\/2024\\\/03\\\/26\\\/polo-barretos-da-uab-tem-40-vagas-para-pos-graduacao-em-educacao-especial\\\/#primaryimage\",\"url\":\"https:\\\/\\\/regiaonews.net.br\\\/2022\\\/wp-content\\\/uploads\\\/2021\\\/08\\\/polo-uab-2.jpeg\",\"contentUrl\":\"https:\\\/\\\/regiaonews.net.br\\\/2022\\\/wp-content\\\/uploads\\\/2021\\\/08\\\/polo-uab-2.jpeg\",\"width\":1254,\"height\":713},{\"@type\":\"BreadcrumbList\",\"@id\":\"https:\\\/\\\/regiaonews.net.br\\\/2022\\\/2024\\\/03\\\/26\\\/polo-barretos-da-uab-tem-40-vagas-para-pos-graduacao-em-educacao-especial\\\/#breadcrumb\",\"itemListElement\":[{\"@type\":\"ListItem\",\"position\":1,\"name\":\"In\u00edcio\",\"item\":\"https:\\\/\\\/regiaonews.net.br\\\/2022\\\/\"},{\"@type\":\"ListItem\",\"position\":2,\"name\":\"Polo Barretos da UAB tem 40 vagas para p\u00f3s-gradua\u00e7\u00e3o em Educa\u00e7\u00e3o Especial\"}]},{\"@type\":\"WebSite\",\"@id\":\"https:\\\/\\\/regiaonews.net.br\\\/2022\\\/#website\",\"url\":\"https:\\\/\\\/regiaonews.net.br\\\/2022\\\/\",\"name\":\"Regi\u00e3o News\",\"description\":\"Site de Not\u00edcias de Barretos e regi\u00e3o\",\"publisher\":{\"@id\":\"https:\\\/\\\/regiaonews.net.br\\\/2022\\\/#organization\"},\"potentialAction\":[{\"@type\":\"SearchAction\",\"target\":{\"@type\":\"EntryPoint\",\"urlTemplate\":\"https:\\\/\\\/regiaonews.net.br\\\/2022\\\/?s={search_term_string}\"},\"query-input\":{\"@type\":\"PropertyValueSpecification\",\"valueRequired\":true,\"valueName\":\"search_term_string\"}}],\"inLanguage\":\"pt-BR\"},{\"@type\":\"Organization\",\"@id\":\"https:\\\/\\\/regiaonews.net.br\\\/2022\\\/#organization\",\"name\":\"Regi\u00e3o News\",\"url\":\"https:\\\/\\\/regiaonews.net.br\\\/2022\\\/\",\"logo\":{\"@type\":\"ImageObject\",\"inLanguage\":\"pt-BR\",\"@id\":\"https:\\\/\\\/regiaonews.net.br\\\/2022\\\/#\\\/schema\\\/logo\\\/image\\\/\",\"url\":\"https:\\\/\\\/regiaonews.net.br\\\/2022\\\/wp-content\\\/uploads\\\/2026\\\/03\\\/regiao-13-anos-scaled.jpg\",\"contentUrl\":\"https:\\\/\\\/regiaonews.net.br\\\/2022\\\/wp-content\\\/uploads\\\/2026\\\/03\\\/regiao-13-anos-scaled.jpg\",\"width\":2560,\"height\":635,\"caption\":\"Regi\u00e3o News\"},\"image\":{\"@id\":\"https:\\\/\\\/regiaonews.net.br\\\/2022\\\/#\\\/schema\\\/logo\\\/image\\\/\"}},{\"@type\":\"Person\",\"@id\":\"https:\\\/\\\/regiaonews.net.br\\\/2022\\\/#\\\/schema\\\/person\\\/2d205a608a5aa97ac279d7a5e6d89ad8\",\"name\":\"Roberto\",\"image\":{\"@type\":\"ImageObject\",\"inLanguage\":\"pt-BR\",\"@id\":\"https:\\\/\\\/secure.gravatar.com\\\/avatar\\\/42749d8b712ff9d59ca93dc150494e5b55a44134482993f5baeb97e61b7ecc89?s=96&d=mm&r=g\",\"url\":\"https:\\\/\\\/secure.gravatar.com\\\/avatar\\\/42749d8b712ff9d59ca93dc150494e5b55a44134482993f5baeb97e61b7ecc89?s=96&d=mm&r=g\",\"contentUrl\":\"https:\\\/\\\/secure.gravatar.com\\\/avatar\\\/42749d8b712ff9d59ca93dc150494e5b55a44134482993f5baeb97e61b7ecc89?s=96&d=mm&r=g\",\"caption\":\"Roberto\"},\"url\":\"https:\\\/\\\/regiaonews.net.br\\\/2022\\\/author\\\/roberto\\\/\"}]}<\/script>\n<!-- \/ Yoast SEO plugin. -->","yoast_head_json":{"title":"Polo Barretos da UAB tem 40 vagas para p\u00f3s-gradua\u00e7\u00e3o em Educa\u00e7\u00e3o Especial - Regi\u00e3o News","robots":{"index":"index","follow":"follow","max-snippet":"max-snippet:-1","max-image-preview":"max-image-preview:large","max-video-preview":"max-video-preview:-1"},"canonical":"https:\/\/regiaonews.net.br\/2022\/2024\/03\/26\/polo-barretos-da-uab-tem-40-vagas-para-pos-graduacao-em-educacao-especial\/","og_locale":"pt_BR","og_type":"article","og_title":"Polo Barretos da UAB tem 40 vagas para p\u00f3s-gradua\u00e7\u00e3o em Educa\u00e7\u00e3o Especial - Regi\u00e3o News","og_description":"Cursos s\u00e3o gratuitos, na modalidade EAD e ofertados pela Unesp;","og_url":"https:\/\/regiaonews.net.br\/2022\/2024\/03\/26\/polo-barretos-da-uab-tem-40-vagas-para-pos-graduacao-em-educacao-especial\/","og_site_name":"Regi\u00e3o News","article_published_time":"2024-03-27T01:07:45+00:00","article_modified_time":"2024-03-27T01:07:53+00:00","og_image":[{"width":1254,"height":713,"url":"https:\/\/regiaonews.net.br\/2022\/wp-content\/uploads\/2021\/08\/polo-uab-2.jpeg","type":"image\/jpeg"}],"author":"Roberto","twitter_card":"summary_large_image","twitter_misc":{"Escrito por":"Roberto","Est. tempo de leitura":"2 minutos"},"schema":{"@context":"https:\/\/schema.org","@graph":[{"@type":"Article","@id":"https:\/\/regiaonews.net.br\/2022\/2024\/03\/26\/polo-barretos-da-uab-tem-40-vagas-para-pos-graduacao-em-educacao-especial\/#article","isPartOf":{"@id":"https:\/\/regiaonews.net.br\/2022\/2024\/03\/26\/polo-barretos-da-uab-tem-40-vagas-para-pos-graduacao-em-educacao-especial\/"},"author":{"name":"Roberto","@id":"https:\/\/regiaonews.net.br\/2022\/#\/schema\/person\/2d205a608a5aa97ac279d7a5e6d89ad8"},"headline":"Polo Barretos da UAB tem 40 vagas para p\u00f3s-gradua\u00e7\u00e3o em Educa\u00e7\u00e3o Especial","datePublished":"2024-03-27T01:07:45+00:00","dateModified":"2024-03-27T01:07:53+00:00","mainEntityOfPage":{"@id":"https:\/\/regiaonews.net.br\/2022\/2024\/03\/26\/polo-barretos-da-uab-tem-40-vagas-para-pos-graduacao-em-educacao-especial\/"},"wordCount":217,"commentCount":0,"publisher":{"@id":"https:\/\/regiaonews.net.br\/2022\/#organization"},"image":{"@id":"https:\/\/regiaonews.net.br\/2022\/2024\/03\/26\/polo-barretos-da-uab-tem-40-vagas-para-pos-graduacao-em-educacao-especial\/#primaryimage"},"thumbnailUrl":"https:\/\/regiaonews.net.br\/2022\/wp-content\/uploads\/2021\/08\/polo-uab-2.jpeg","articleSection":["Barretos","Cidades"],"inLanguage":"pt-BR","potentialAction":[{"@type":"CommentAction","name":"Comment","target":["https:\/\/regiaonews.net.br\/2022\/2024\/03\/26\/polo-barretos-da-uab-tem-40-vagas-para-pos-graduacao-em-educacao-especial\/#respond"]}]},{"@type":"WebPage","@id":"https:\/\/regiaonews.net.br\/2022\/2024\/03\/26\/polo-barretos-da-uab-tem-40-vagas-para-pos-graduacao-em-educacao-especial\/","url":"https:\/\/regiaonews.net.br\/2022\/2024\/03\/26\/polo-barretos-da-uab-tem-40-vagas-para-pos-graduacao-em-educacao-especial\/","name":"Polo Barretos da UAB tem 40 vagas para p\u00f3s-gradua\u00e7\u00e3o em Educa\u00e7\u00e3o Especial - Regi\u00e3o News","isPartOf":{"@id":"https:\/\/regiaonews.net.br\/2022\/#website"},"primaryImageOfPage":{"@id":"https:\/\/regiaonews.net.br\/2022\/2024\/03\/26\/polo-barretos-da-uab-tem-40-vagas-para-pos-graduacao-em-educacao-especial\/#primaryimage"},"image":{"@id":"https:\/\/regiaonews.net.br\/2022\/2024\/03\/26\/polo-barretos-da-uab-tem-40-vagas-para-pos-graduacao-em-educacao-especial\/#primaryimage"},"thumbnailUrl":"https:\/\/regiaonews.net.br\/2022\/wp-content\/uploads\/2021\/08\/polo-uab-2.jpeg","datePublished":"2024-03-27T01:07:45+00:00","dateModified":"2024-03-27T01:07:53+00:00","breadcrumb":{"@id":"https:\/\/regiaonews.net.br\/2022\/2024\/03\/26\/polo-barretos-da-uab-tem-40-vagas-para-pos-graduacao-em-educacao-especial\/#breadcrumb"},"inLanguage":"pt-BR","potentialAction":[{"@type":"ReadAction","target":["https:\/\/regiaonews.net.br\/2022\/2024\/03\/26\/polo-barretos-da-uab-tem-40-vagas-para-pos-graduacao-em-educacao-especial\/"]}]},{"@type":"ImageObject","inLanguage":"pt-BR","@id":"https:\/\/regiaonews.net.br\/2022\/2024\/03\/26\/polo-barretos-da-uab-tem-40-vagas-para-pos-graduacao-em-educacao-especial\/#primaryimage","url":"https:\/\/regiaonews.net.br\/2022\/wp-content\/uploads\/2021\/08\/polo-uab-2.jpeg","contentUrl":"https:\/\/regiaonews.net.br\/2022\/wp-content\/uploads\/2021\/08\/polo-uab-2.jpeg","width":1254,"height":713},{"@type":"BreadcrumbList","@id":"https:\/\/regiaonews.net.br\/2022\/2024\/03\/26\/polo-barretos-da-uab-tem-40-vagas-para-pos-graduacao-em-educacao-especial\/#breadcrumb","itemListElement":[{"@type":"ListItem","position":1,"name":"In\u00edcio","item":"https:\/\/regiaonews.net.br\/2022\/"},{"@type":"ListItem","position":2,"name":"Polo Barretos da UAB tem 40 vagas para p\u00f3s-gradua\u00e7\u00e3o em Educa\u00e7\u00e3o Especial"}]},{"@type":"WebSite","@id":"https:\/\/regiaonews.net.br\/2022\/#website","url":"https:\/\/regiaonews.net.br\/2022\/","name":"Regi\u00e3o News","description":"Site de Not\u00edcias de Barretos e regi\u00e3o","publisher":{"@id":"https:\/\/regiaonews.net.br\/2022\/#organization"},"potentialAction":[{"@type":"SearchAction","target":{"@type":"EntryPoint","urlTemplate":"https:\/\/regiaonews.net.br\/2022\/?s={search_term_string}"},"query-input":{"@type":"PropertyValueSpecification","valueRequired":true,"valueName":"search_term_string"}}],"inLanguage":"pt-BR"},{"@type":"Organization","@id":"https:\/\/regiaonews.net.br\/2022\/#organization","name":"Regi\u00e3o News","url":"https:\/\/regiaonews.net.br\/2022\/","logo":{"@type":"ImageObject","inLanguage":"pt-BR","@id":"https:\/\/regiaonews.net.br\/2022\/#\/schema\/logo\/image\/","url":"https:\/\/regiaonews.net.br\/2022\/wp-content\/uploads\/2026\/03\/regiao-13-anos-scaled.jpg","contentUrl":"https:\/\/regiaonews.net.br\/2022\/wp-content\/uploads\/2026\/03\/regiao-13-anos-scaled.jpg","width":2560,"height":635,"caption":"Regi\u00e3o News"},"image":{"@id":"https:\/\/regiaonews.net.br\/2022\/#\/schema\/logo\/image\/"}},{"@type":"Person","@id":"https:\/\/regiaonews.net.br\/2022\/#\/schema\/person\/2d205a608a5aa97ac279d7a5e6d89ad8","name":"Roberto","image":{"@type":"ImageObject","inLanguage":"pt-BR","@id":"https:\/\/secure.gravatar.com\/avatar\/42749d8b712ff9d59ca93dc150494e5b55a44134482993f5baeb97e61b7ecc89?s=96&d=mm&r=g","url":"https:\/\/secure.gravatar.com\/avatar\/42749d8b712ff9d59ca93dc150494e5b55a44134482993f5baeb97e61b7ecc89?s=96&d=mm&r=g","contentUrl":"https:\/\/secure.gravatar.com\/avatar\/42749d8b712ff9d59ca93dc150494e5b55a44134482993f5baeb97e61b7ecc89?s=96&d=mm&r=g","caption":"Roberto"},"url":"https:\/\/regiaonews.net.br\/2022\/author\/roberto\/"}]}},"publishpress_future_action":{"enabled":false,"date":"2026-05-03 15:35:16","action":"change-status","newStatus":"draft","terms":[],"taxonomy":"category","extraData":[]},"publishpress_future_workflow_manual_trigger":{"enabledWorkflows":[]},"_links":{"self":[{"href":"https:\/\/regiaonews.net.br\/2022\/wp-json\/wp\/v2\/posts\/102919","targetHints":{"allow":["GET"]}}],"collection":[{"href":"https:\/\/regiaonews.net.br\/2022\/wp-json\/wp\/v2\/posts"}],"about":[{"href":"https:\/\/regiaonews.net.br\/2022\/wp-json\/wp\/v2\/types\/post"}],"author":[{"embeddable":true,"href":"https:\/\/regiaonews.net.br\/2022\/wp-json\/wp\/v2\/users\/2"}],"replies":[{"embeddable":true,"href":"https:\/\/regiaonews.net.br\/2022\/wp-json\/wp\/v2\/comments?post=102919"}],"version-history":[{"count":1,"href":"https:\/\/regiaonews.net.br\/2022\/wp-json\/wp\/v2\/posts\/102919\/revisions"}],"predecessor-version":[{"id":102920,"href":"https:\/\/regiaonews.net.br\/2022\/wp-json\/wp\/v2\/posts\/102919\/revisions\/102920"}],"wp:featuredmedia":[{"embeddable":true,"href":"https:\/\/regiaonews.net.br\/2022\/wp-json\/wp\/v2\/media\/51396"}],"wp:attachment":[{"href":"https:\/\/regiaonews.net.br\/2022\/wp-json\/wp\/v2\/media?parent=102919"}],"wp:term":[{"taxonomy":"category","embeddable":true,"href":"https:\/\/regiaonews.net.br\/2022\/wp-json\/wp\/v2\/categories?post=102919"},{"taxonomy":"post_tag","embeddable":true,"href":"https:\/\/regiaonews.net.br\/2022\/wp-json\/wp\/v2\/tags?post=102919"}],"curies":[{"name":"wp","href":"https:\/\/api.w.org\/{rel}","templated":true}]}}