{"id":102912,"date":"2024-03-26T19:26:33","date_gmt":"2024-03-26T22:26:33","guid":{"rendered":"https:\/\/regiaonews.net.br\/2022\/?p=102912"},"modified":"2024-03-26T19:26:33","modified_gmt":"2024-03-26T22:26:33","slug":"pascoa-no-iguatemi-rio-preto-shopping-anuncia-programacao-voltada-para-as-criancas-e-lojas-exclusivas-na-cidade-com-colecoes-tematicas","status":"publish","type":"post","link":"https:\/\/regiaonews.net.br\/2022\/2024\/03\/26\/pascoa-no-iguatemi-rio-preto-shopping-anuncia-programacao-voltada-para-as-criancas-e-lojas-exclusivas-na-cidade-com-colecoes-tematicas\/","title":{"rendered":"P\u00e1scoa no Iguatemi Rio Preto: shopping anuncia programa\u00e7\u00e3o voltada para as crian\u00e7as e lojas exclusivas na cidade com cole\u00e7\u00f5es tem\u00e1ticas"},"content":{"rendered":"<p><a href=\"https:\/\/regiaonews.net.br\/2022\/wp-content\/uploads\/2024\/03\/WhatsApp-Image-2024-03-26-at-17.56.14.jpeg\"><img loading=\"lazy\" decoding=\"async\" class=\"alignnone size-medium wp-image-102914\" src=\"https:\/\/regiaonews.net.br\/2022\/wp-content\/uploads\/2024\/03\/WhatsApp-Image-2024-03-26-at-17.56.14-300x225.jpeg\" alt=\"\" width=\"300\" height=\"225\" srcset=\"https:\/\/regiaonews.net.br\/2022\/wp-content\/uploads\/2024\/03\/WhatsApp-Image-2024-03-26-at-17.56.14-300x225.jpeg 300w, https:\/\/regiaonews.net.br\/2022\/wp-content\/uploads\/2024\/03\/WhatsApp-Image-2024-03-26-at-17.56.14-1024x768.jpeg 1024w, https:\/\/regiaonews.net.br\/2022\/wp-content\/uploads\/2024\/03\/WhatsApp-Image-2024-03-26-at-17.56.14-768x576.jpeg 768w, https:\/\/regiaonews.net.br\/2022\/wp-content\/uploads\/2024\/03\/WhatsApp-Image-2024-03-26-at-17.56.14-1536x1152.jpeg 1536w, https:\/\/regiaonews.net.br\/2022\/wp-content\/uploads\/2024\/03\/WhatsApp-Image-2024-03-26-at-17.56.14-250x188.jpeg 250w, https:\/\/regiaonews.net.br\/2022\/wp-content\/uploads\/2024\/03\/WhatsApp-Image-2024-03-26-at-17.56.14-200x150.jpeg 200w, https:\/\/regiaonews.net.br\/2022\/wp-content\/uploads\/2024\/03\/WhatsApp-Image-2024-03-26-at-17.56.14.jpeg 1600w\" sizes=\"auto, (max-width: 300px) 100vw, 300px\" \/><\/a><\/p>\n<p>A Biscoit\u00ea do Iguatemi Rio Preto j\u00e1 est\u00e1 cheia de ovos de P\u00e1scoa<\/p>\n<p><a href=\"https:\/\/regiaonews.net.br\/2022\/wp-content\/uploads\/2024\/03\/WhatsApp-Image-2024-03-26-at-17.56.15.jpeg\"><img loading=\"lazy\" decoding=\"async\" class=\"alignnone size-medium wp-image-102913\" src=\"https:\/\/regiaonews.net.br\/2022\/wp-content\/uploads\/2024\/03\/WhatsApp-Image-2024-03-26-at-17.56.15-300x225.jpeg\" alt=\"\" width=\"300\" height=\"225\" srcset=\"https:\/\/regiaonews.net.br\/2022\/wp-content\/uploads\/2024\/03\/WhatsApp-Image-2024-03-26-at-17.56.15-300x225.jpeg 300w, https:\/\/regiaonews.net.br\/2022\/wp-content\/uploads\/2024\/03\/WhatsApp-Image-2024-03-26-at-17.56.15-1024x768.jpeg 1024w, https:\/\/regiaonews.net.br\/2022\/wp-content\/uploads\/2024\/03\/WhatsApp-Image-2024-03-26-at-17.56.15-768x576.jpeg 768w, https:\/\/regiaonews.net.br\/2022\/wp-content\/uploads\/2024\/03\/WhatsApp-Image-2024-03-26-at-17.56.15-1536x1152.jpeg 1536w, https:\/\/regiaonews.net.br\/2022\/wp-content\/uploads\/2024\/03\/WhatsApp-Image-2024-03-26-at-17.56.15-250x188.jpeg 250w, https:\/\/regiaonews.net.br\/2022\/wp-content\/uploads\/2024\/03\/WhatsApp-Image-2024-03-26-at-17.56.15-200x150.jpeg 200w, https:\/\/regiaonews.net.br\/2022\/wp-content\/uploads\/2024\/03\/WhatsApp-Image-2024-03-26-at-17.56.15.jpeg 1600w\" sizes=\"auto, (max-width: 300px) 100vw, 300px\" \/><\/a><\/p>\n<p>A Lindt do Iguatemi Rio Preto j\u00e1 recebeu uma variedade de novidades de P\u00e1scoa<\/p>\n<p>Ca\u00e7a aos ovos e oficinas recreativas divertem a crian\u00e7ada a partir desta sexta, 29; Lojas exclusivas na cidade lan\u00e7am cole\u00e7\u00f5es tem\u00e1ticas para atender \u00e0 demanda dos clientes<\/p>\n<p>Do dia 29 a 31 de mar\u00e7o, durante o feriado de P\u00e1scoa, os clientes do Iguatemi Rio Preto t\u00eam um encontro marcado para comemorar a data de uma forma bastante animada! O empreendimento preparou oficinas recreativas totalmente gratuitas com atividades \u00e0s crian\u00e7as e suas fam\u00edlias. O encontro ser\u00e1 realizado das 14h \u00e0s 20h, em frente \u00e0 loja Estrela Beauty, e a inscri\u00e7\u00e3o deve ser feita atrav\u00e9s do aplicativo Iguatemi One.<\/p>\n<p>Nas oficinas, as crian\u00e7as poder\u00e3o fazer pinturas faciais com artistas especializados e a variedade de produtos da Estrela Beauty, uma marca de play make-up infantil. Al\u00e9m das pinturas a serem realizadas de sexta a domingo, no s\u00e1bado (30\/03), a partir das 15h30, o shopping far\u00e1 uma ca\u00e7a aos chocolates pelas lojas do shopping, com sa\u00edda da Ri Happy, no Piso Superior.<\/p>\n<p>Para garantir a participa\u00e7\u00e3o nas atividades de P\u00e1scoa &#8211; gratuitas e abertas ao p\u00fablico &#8211; os clientes devem acessar o aplicativo Iguatemi ONE (dispon\u00edvel em Android e IOS) e resgatar o acesso ao evento. Nos dias da ativa\u00e7\u00e3o, os clientes realizam um \u201ccheck-in\u201d no local indicado e podem desfrutar plenamente desses momentos de divers\u00e3o.<\/p>\n<p>\u201cBuscamos sempre cultivar rela\u00e7\u00f5es duradouras com nossos clientes e suas fam\u00edlias. Ativa\u00e7\u00f5es em datas-chave como a P\u00e1scoa s\u00f3 refor\u00e7am nosso compromisso em promover experi\u00eancias memor\u00e1veis em nosso espa\u00e7o\u201d, comenta Flavia Lania, gerente de marketing do Iguatemi S\u00e3o Jos\u00e9 do Rio Preto.<\/p>\n<p>Lojas exclusivas de P\u00e1scoa no Iguatemi Rio Preto<br \/>\nAl\u00e9m da programa\u00e7\u00e3o especial, as lojas do Iguatemi Rio Preto j\u00e1 est\u00e3o a todo vapor com os lan\u00e7amentos dos produtos desta P\u00e1scoa. As lojas Lindt e Milklandia (Piso T\u00e9rreo), al\u00e9m da Biscoit\u00ea (Piso Superior), que s\u00e3o exclusivas na cidade, j\u00e1 receberam uma variedade de ovos de P\u00e1scoa, dos mais cl\u00e1ssicos aos mais criativos sabores. Outros produtos tamb\u00e9m podem ser adquiridos nas lojas, como trufas, caixas de bombons e tabletes. Al\u00e9m destas, a Cacau Show e a Kopenhagen, no Piso T\u00e9rreo, completam a oferta de presente\u00e1veis para a data.<\/p>\n<p>O shopping ainda traz novidades no setor de mesa e decora\u00e7\u00e3o, com outras 3 lojas exclusivas na cidade. Os clientes podem escolher artigos para criar sua pr\u00f3pria mesa m\u00e1gica de P\u00e1scoa, com sousplats, toalhas de mesa, enfeites tem\u00e1ticos que celebram a data, entre outros itens. A Tok&amp;Stok e a Camicado (Piso T\u00e9rreo), por exemplo, trouxeram a cole\u00e7\u00e3o POP\u00e1scoa e a cole\u00e7\u00e3o Home Style, respectivamente, enquanto a Tramontina (Piso T\u00e9rreo) anunciou as novidades da Cole\u00e7\u00e3o Doce P\u00e1scoa. As lojas Coqueluche e Pre\u00e7olandia, de artigos de casa, tamb\u00e9m se programaram para atender a demanda dos clientes para a data.<\/p>\n<p>Servi\u00e7o:<br \/>\nP\u00e1scoa | Iguatemi S\u00e3o Jos\u00e9 do Rio Preto:<br \/>\nPintura art\u00edstica facial<br \/>\nDatas: 29, 30 e 31\/03<br \/>\nHor\u00e1rio: das 14h \u00e0s 20h<br \/>\nLocal: Estrela Beauty (Piso T\u00e9rreo)<br \/>\nIngresso: entrada gratuita<br \/>\nInscri\u00e7\u00e3o atrav\u00e9s do aplicativo Iguatemi ONE (https:\/\/play.google.com\/store\/apps\/details?id=com.iguatemi.one&amp;hl=pt_BR&amp;gl=US)<\/p>\n<p>Ca\u00e7a aos chocolates<br \/>\nData: 30\/03<br \/>\nHor\u00e1rio: 15h30<br \/>\nLocal: Ri Happy (Piso Superior).<br \/>\nIngresso: entrada gratuita<br \/>\nInscri\u00e7\u00e3o atrav\u00e9s do aplicativo Iguatemi ONE (https:\/\/play.google.com\/store\/apps\/details?id=com.iguatemi.one&amp;hl=pt_BR&amp;gl=US)<\/p>\n<p>Sobre o Iguatemi S\u00e3o Jos\u00e9 do Rio Preto<br \/>\nConsiderado o primeiro e maior complexo multiuso do Noroeste Paulista, o Iguatemi S\u00e3o Jos\u00e9 do Rio Preto pertence \u00e0 Iguatemi S.A, carrega a excel\u00eancia e pioneirismo da marca em seu DNA. O empreendimento re\u00fane moda, arte, cultura, gastronomia, entretenimento, lazer, servi\u00e7os exclusivos, e conta com o hotel Hyatt Place, uma torre comercial (Iguatemi Business) e o residencial Integrado. Com um ambiente agrad\u00e1vel e aconchegante, pensado para proporcionar experi\u00eancias \u00fanicas e exclusivas, o Iguatemi S\u00e3o Jos\u00e9 do Rio Preto oferece um mix diversificado com marcas conceituadas do varejo nacional e internacional, entretenimento exclusivo e restaurantes renomados que o consolidaram como o principal polo gastron\u00f4mico da regi\u00e3o. Mais informa\u00e7\u00f5es: https:\/\/iguatemi.com.br\/saojosedoriopreto\/.<\/p>\n","protected":false},"excerpt":{"rendered":"<p>A Biscoit\u00ea do Iguatemi Rio Preto j\u00e1 est\u00e1 cheia de<\/p>\n","protected":false},"author":2,"featured_media":102913,"comment_status":"open","ping_status":"open","sticky":false,"template":"","format":"standard","meta":{"footnotes":""},"categories":[25,38],"tags":[],"class_list":["post-102912","post","type-post","status-publish","format-standard","has-post-thumbnail","hentry","category-cidades","category-sao-jose-do-rio-preto"],"yoast_head":"<!-- This site is optimized with the Yoast SEO plugin v27.4 - https:\/\/yoast.com\/product\/yoast-seo-wordpress\/ -->\n<title>P\u00e1scoa no Iguatemi Rio Preto: shopping anuncia programa\u00e7\u00e3o voltada para as crian\u00e7as e lojas exclusivas na cidade com cole\u00e7\u00f5es tem\u00e1ticas - Regi\u00e3o News<\/title>\n<meta name=\"robots\" content=\"index, follow, max-snippet:-1, max-image-preview:large, max-video-preview:-1\" \/>\n<link rel=\"canonical\" href=\"https:\/\/regiaonews.net.br\/2022\/2024\/03\/26\/pascoa-no-iguatemi-rio-preto-shopping-anuncia-programacao-voltada-para-as-criancas-e-lojas-exclusivas-na-cidade-com-colecoes-tematicas\/\" \/>\n<meta property=\"og:locale\" content=\"pt_BR\" \/>\n<meta property=\"og:type\" content=\"article\" \/>\n<meta property=\"og:title\" content=\"P\u00e1scoa no Iguatemi Rio Preto: shopping anuncia programa\u00e7\u00e3o voltada para as crian\u00e7as e lojas exclusivas na cidade com cole\u00e7\u00f5es tem\u00e1ticas - Regi\u00e3o News\" \/>\n<meta property=\"og:description\" content=\"A Biscoit\u00ea do Iguatemi Rio Preto j\u00e1 est\u00e1 cheia de\" \/>\n<meta property=\"og:url\" content=\"https:\/\/regiaonews.net.br\/2022\/2024\/03\/26\/pascoa-no-iguatemi-rio-preto-shopping-anuncia-programacao-voltada-para-as-criancas-e-lojas-exclusivas-na-cidade-com-colecoes-tematicas\/\" \/>\n<meta property=\"og:site_name\" content=\"Regi\u00e3o News\" \/>\n<meta property=\"article:published_time\" content=\"2024-03-26T22:26:33+00:00\" \/>\n<meta property=\"og:image\" content=\"https:\/\/regiaonews.net.br\/2022\/wp-content\/uploads\/2024\/03\/WhatsApp-Image-2024-03-26-at-17.56.15.jpeg\" \/>\n\t<meta property=\"og:image:width\" content=\"1600\" \/>\n\t<meta property=\"og:image:height\" content=\"1200\" \/>\n\t<meta property=\"og:image:type\" content=\"image\/jpeg\" \/>\n<meta name=\"author\" content=\"Roberto\" \/>\n<meta name=\"twitter:card\" content=\"summary_large_image\" \/>\n<meta name=\"twitter:label1\" content=\"Escrito por\" \/>\n\t<meta name=\"twitter:data1\" content=\"Roberto\" \/>\n\t<meta name=\"twitter:label2\" content=\"Est. tempo de leitura\" \/>\n\t<meta name=\"twitter:data2\" content=\"5 minutos\" \/>\n<script type=\"application\/ld+json\" class=\"yoast-schema-graph\">{\"@context\":\"https:\\\/\\\/schema.org\",\"@graph\":[{\"@type\":\"Article\",\"@id\":\"https:\\\/\\\/regiaonews.net.br\\\/2022\\\/2024\\\/03\\\/26\\\/pascoa-no-iguatemi-rio-preto-shopping-anuncia-programacao-voltada-para-as-criancas-e-lojas-exclusivas-na-cidade-com-colecoes-tematicas\\\/#article\",\"isPartOf\":{\"@id\":\"https:\\\/\\\/regiaonews.net.br\\\/2022\\\/2024\\\/03\\\/26\\\/pascoa-no-iguatemi-rio-preto-shopping-anuncia-programacao-voltada-para-as-criancas-e-lojas-exclusivas-na-cidade-com-colecoes-tematicas\\\/\"},\"author\":{\"name\":\"Roberto\",\"@id\":\"https:\\\/\\\/regiaonews.net.br\\\/2022\\\/#\\\/schema\\\/person\\\/2d205a608a5aa97ac279d7a5e6d89ad8\"},\"headline\":\"P\u00e1scoa no Iguatemi Rio Preto: shopping anuncia programa\u00e7\u00e3o voltada para as crian\u00e7as e lojas exclusivas na cidade com cole\u00e7\u00f5es tem\u00e1ticas\",\"datePublished\":\"2024-03-26T22:26:33+00:00\",\"mainEntityOfPage\":{\"@id\":\"https:\\\/\\\/regiaonews.net.br\\\/2022\\\/2024\\\/03\\\/26\\\/pascoa-no-iguatemi-rio-preto-shopping-anuncia-programacao-voltada-para-as-criancas-e-lojas-exclusivas-na-cidade-com-colecoes-tematicas\\\/\"},\"wordCount\":788,\"commentCount\":0,\"publisher\":{\"@id\":\"https:\\\/\\\/regiaonews.net.br\\\/2022\\\/#organization\"},\"image\":{\"@id\":\"https:\\\/\\\/regiaonews.net.br\\\/2022\\\/2024\\\/03\\\/26\\\/pascoa-no-iguatemi-rio-preto-shopping-anuncia-programacao-voltada-para-as-criancas-e-lojas-exclusivas-na-cidade-com-colecoes-tematicas\\\/#primaryimage\"},\"thumbnailUrl\":\"https:\\\/\\\/regiaonews.net.br\\\/2022\\\/wp-content\\\/uploads\\\/2024\\\/03\\\/WhatsApp-Image-2024-03-26-at-17.56.15.jpeg\",\"articleSection\":[\"Cidades\",\"S\u00e3o Jos\u00e9 do RIo Preto\"],\"inLanguage\":\"pt-BR\",\"potentialAction\":[{\"@type\":\"CommentAction\",\"name\":\"Comment\",\"target\":[\"https:\\\/\\\/regiaonews.net.br\\\/2022\\\/2024\\\/03\\\/26\\\/pascoa-no-iguatemi-rio-preto-shopping-anuncia-programacao-voltada-para-as-criancas-e-lojas-exclusivas-na-cidade-com-colecoes-tematicas\\\/#respond\"]}]},{\"@type\":\"WebPage\",\"@id\":\"https:\\\/\\\/regiaonews.net.br\\\/2022\\\/2024\\\/03\\\/26\\\/pascoa-no-iguatemi-rio-preto-shopping-anuncia-programacao-voltada-para-as-criancas-e-lojas-exclusivas-na-cidade-com-colecoes-tematicas\\\/\",\"url\":\"https:\\\/\\\/regiaonews.net.br\\\/2022\\\/2024\\\/03\\\/26\\\/pascoa-no-iguatemi-rio-preto-shopping-anuncia-programacao-voltada-para-as-criancas-e-lojas-exclusivas-na-cidade-com-colecoes-tematicas\\\/\",\"name\":\"P\u00e1scoa no Iguatemi Rio Preto: shopping anuncia programa\u00e7\u00e3o voltada para as crian\u00e7as e lojas exclusivas na cidade com cole\u00e7\u00f5es tem\u00e1ticas - Regi\u00e3o News\",\"isPartOf\":{\"@id\":\"https:\\\/\\\/regiaonews.net.br\\\/2022\\\/#website\"},\"primaryImageOfPage\":{\"@id\":\"https:\\\/\\\/regiaonews.net.br\\\/2022\\\/2024\\\/03\\\/26\\\/pascoa-no-iguatemi-rio-preto-shopping-anuncia-programacao-voltada-para-as-criancas-e-lojas-exclusivas-na-cidade-com-colecoes-tematicas\\\/#primaryimage\"},\"image\":{\"@id\":\"https:\\\/\\\/regiaonews.net.br\\\/2022\\\/2024\\\/03\\\/26\\\/pascoa-no-iguatemi-rio-preto-shopping-anuncia-programacao-voltada-para-as-criancas-e-lojas-exclusivas-na-cidade-com-colecoes-tematicas\\\/#primaryimage\"},\"thumbnailUrl\":\"https:\\\/\\\/regiaonews.net.br\\\/2022\\\/wp-content\\\/uploads\\\/2024\\\/03\\\/WhatsApp-Image-2024-03-26-at-17.56.15.jpeg\",\"datePublished\":\"2024-03-26T22:26:33+00:00\",\"breadcrumb\":{\"@id\":\"https:\\\/\\\/regiaonews.net.br\\\/2022\\\/2024\\\/03\\\/26\\\/pascoa-no-iguatemi-rio-preto-shopping-anuncia-programacao-voltada-para-as-criancas-e-lojas-exclusivas-na-cidade-com-colecoes-tematicas\\\/#breadcrumb\"},\"inLanguage\":\"pt-BR\",\"potentialAction\":[{\"@type\":\"ReadAction\",\"target\":[\"https:\\\/\\\/regiaonews.net.br\\\/2022\\\/2024\\\/03\\\/26\\\/pascoa-no-iguatemi-rio-preto-shopping-anuncia-programacao-voltada-para-as-criancas-e-lojas-exclusivas-na-cidade-com-colecoes-tematicas\\\/\"]}]},{\"@type\":\"ImageObject\",\"inLanguage\":\"pt-BR\",\"@id\":\"https:\\\/\\\/regiaonews.net.br\\\/2022\\\/2024\\\/03\\\/26\\\/pascoa-no-iguatemi-rio-preto-shopping-anuncia-programacao-voltada-para-as-criancas-e-lojas-exclusivas-na-cidade-com-colecoes-tematicas\\\/#primaryimage\",\"url\":\"https:\\\/\\\/regiaonews.net.br\\\/2022\\\/wp-content\\\/uploads\\\/2024\\\/03\\\/WhatsApp-Image-2024-03-26-at-17.56.15.jpeg\",\"contentUrl\":\"https:\\\/\\\/regiaonews.net.br\\\/2022\\\/wp-content\\\/uploads\\\/2024\\\/03\\\/WhatsApp-Image-2024-03-26-at-17.56.15.jpeg\",\"width\":1600,\"height\":1200},{\"@type\":\"BreadcrumbList\",\"@id\":\"https:\\\/\\\/regiaonews.net.br\\\/2022\\\/2024\\\/03\\\/26\\\/pascoa-no-iguatemi-rio-preto-shopping-anuncia-programacao-voltada-para-as-criancas-e-lojas-exclusivas-na-cidade-com-colecoes-tematicas\\\/#breadcrumb\",\"itemListElement\":[{\"@type\":\"ListItem\",\"position\":1,\"name\":\"In\u00edcio\",\"item\":\"https:\\\/\\\/regiaonews.net.br\\\/2022\\\/\"},{\"@type\":\"ListItem\",\"position\":2,\"name\":\"P\u00e1scoa no Iguatemi Rio Preto: shopping anuncia programa\u00e7\u00e3o voltada para as crian\u00e7as e lojas exclusivas na cidade com cole\u00e7\u00f5es tem\u00e1ticas\"}]},{\"@type\":\"WebSite\",\"@id\":\"https:\\\/\\\/regiaonews.net.br\\\/2022\\\/#website\",\"url\":\"https:\\\/\\\/regiaonews.net.br\\\/2022\\\/\",\"name\":\"Regi\u00e3o News\",\"description\":\"Site de Not\u00edcias de Barretos e regi\u00e3o\",\"publisher\":{\"@id\":\"https:\\\/\\\/regiaonews.net.br\\\/2022\\\/#organization\"},\"potentialAction\":[{\"@type\":\"SearchAction\",\"target\":{\"@type\":\"EntryPoint\",\"urlTemplate\":\"https:\\\/\\\/regiaonews.net.br\\\/2022\\\/?s={search_term_string}\"},\"query-input\":{\"@type\":\"PropertyValueSpecification\",\"valueRequired\":true,\"valueName\":\"search_term_string\"}}],\"inLanguage\":\"pt-BR\"},{\"@type\":\"Organization\",\"@id\":\"https:\\\/\\\/regiaonews.net.br\\\/2022\\\/#organization\",\"name\":\"Regi\u00e3o News\",\"url\":\"https:\\\/\\\/regiaonews.net.br\\\/2022\\\/\",\"logo\":{\"@type\":\"ImageObject\",\"inLanguage\":\"pt-BR\",\"@id\":\"https:\\\/\\\/regiaonews.net.br\\\/2022\\\/#\\\/schema\\\/logo\\\/image\\\/\",\"url\":\"https:\\\/\\\/regiaonews.net.br\\\/2022\\\/wp-content\\\/uploads\\\/2026\\\/03\\\/regiao-13-anos-scaled.jpg\",\"contentUrl\":\"https:\\\/\\\/regiaonews.net.br\\\/2022\\\/wp-content\\\/uploads\\\/2026\\\/03\\\/regiao-13-anos-scaled.jpg\",\"width\":2560,\"height\":635,\"caption\":\"Regi\u00e3o News\"},\"image\":{\"@id\":\"https:\\\/\\\/regiaonews.net.br\\\/2022\\\/#\\\/schema\\\/logo\\\/image\\\/\"}},{\"@type\":\"Person\",\"@id\":\"https:\\\/\\\/regiaonews.net.br\\\/2022\\\/#\\\/schema\\\/person\\\/2d205a608a5aa97ac279d7a5e6d89ad8\",\"name\":\"Roberto\",\"image\":{\"@type\":\"ImageObject\",\"inLanguage\":\"pt-BR\",\"@id\":\"https:\\\/\\\/secure.gravatar.com\\\/avatar\\\/42749d8b712ff9d59ca93dc150494e5b55a44134482993f5baeb97e61b7ecc89?s=96&d=mm&r=g\",\"url\":\"https:\\\/\\\/secure.gravatar.com\\\/avatar\\\/42749d8b712ff9d59ca93dc150494e5b55a44134482993f5baeb97e61b7ecc89?s=96&d=mm&r=g\",\"contentUrl\":\"https:\\\/\\\/secure.gravatar.com\\\/avatar\\\/42749d8b712ff9d59ca93dc150494e5b55a44134482993f5baeb97e61b7ecc89?s=96&d=mm&r=g\",\"caption\":\"Roberto\"},\"url\":\"https:\\\/\\\/regiaonews.net.br\\\/2022\\\/author\\\/roberto\\\/\"}]}<\/script>\n<!-- \/ Yoast SEO plugin. -->","yoast_head_json":{"title":"P\u00e1scoa no Iguatemi Rio Preto: shopping anuncia programa\u00e7\u00e3o voltada para as crian\u00e7as e lojas exclusivas na cidade com cole\u00e7\u00f5es tem\u00e1ticas - Regi\u00e3o News","robots":{"index":"index","follow":"follow","max-snippet":"max-snippet:-1","max-image-preview":"max-image-preview:large","max-video-preview":"max-video-preview:-1"},"canonical":"https:\/\/regiaonews.net.br\/2022\/2024\/03\/26\/pascoa-no-iguatemi-rio-preto-shopping-anuncia-programacao-voltada-para-as-criancas-e-lojas-exclusivas-na-cidade-com-colecoes-tematicas\/","og_locale":"pt_BR","og_type":"article","og_title":"P\u00e1scoa no Iguatemi Rio Preto: shopping anuncia programa\u00e7\u00e3o voltada para as crian\u00e7as e lojas exclusivas na cidade com cole\u00e7\u00f5es tem\u00e1ticas - Regi\u00e3o News","og_description":"A Biscoit\u00ea do Iguatemi Rio Preto j\u00e1 est\u00e1 cheia de","og_url":"https:\/\/regiaonews.net.br\/2022\/2024\/03\/26\/pascoa-no-iguatemi-rio-preto-shopping-anuncia-programacao-voltada-para-as-criancas-e-lojas-exclusivas-na-cidade-com-colecoes-tematicas\/","og_site_name":"Regi\u00e3o News","article_published_time":"2024-03-26T22:26:33+00:00","og_image":[{"width":1600,"height":1200,"url":"https:\/\/regiaonews.net.br\/2022\/wp-content\/uploads\/2024\/03\/WhatsApp-Image-2024-03-26-at-17.56.15.jpeg","type":"image\/jpeg"}],"author":"Roberto","twitter_card":"summary_large_image","twitter_misc":{"Escrito por":"Roberto","Est. tempo de leitura":"5 minutos"},"schema":{"@context":"https:\/\/schema.org","@graph":[{"@type":"Article","@id":"https:\/\/regiaonews.net.br\/2022\/2024\/03\/26\/pascoa-no-iguatemi-rio-preto-shopping-anuncia-programacao-voltada-para-as-criancas-e-lojas-exclusivas-na-cidade-com-colecoes-tematicas\/#article","isPartOf":{"@id":"https:\/\/regiaonews.net.br\/2022\/2024\/03\/26\/pascoa-no-iguatemi-rio-preto-shopping-anuncia-programacao-voltada-para-as-criancas-e-lojas-exclusivas-na-cidade-com-colecoes-tematicas\/"},"author":{"name":"Roberto","@id":"https:\/\/regiaonews.net.br\/2022\/#\/schema\/person\/2d205a608a5aa97ac279d7a5e6d89ad8"},"headline":"P\u00e1scoa no Iguatemi Rio Preto: shopping anuncia programa\u00e7\u00e3o voltada para as crian\u00e7as e lojas exclusivas na cidade com cole\u00e7\u00f5es tem\u00e1ticas","datePublished":"2024-03-26T22:26:33+00:00","mainEntityOfPage":{"@id":"https:\/\/regiaonews.net.br\/2022\/2024\/03\/26\/pascoa-no-iguatemi-rio-preto-shopping-anuncia-programacao-voltada-para-as-criancas-e-lojas-exclusivas-na-cidade-com-colecoes-tematicas\/"},"wordCount":788,"commentCount":0,"publisher":{"@id":"https:\/\/regiaonews.net.br\/2022\/#organization"},"image":{"@id":"https:\/\/regiaonews.net.br\/2022\/2024\/03\/26\/pascoa-no-iguatemi-rio-preto-shopping-anuncia-programacao-voltada-para-as-criancas-e-lojas-exclusivas-na-cidade-com-colecoes-tematicas\/#primaryimage"},"thumbnailUrl":"https:\/\/regiaonews.net.br\/2022\/wp-content\/uploads\/2024\/03\/WhatsApp-Image-2024-03-26-at-17.56.15.jpeg","articleSection":["Cidades","S\u00e3o Jos\u00e9 do RIo Preto"],"inLanguage":"pt-BR","potentialAction":[{"@type":"CommentAction","name":"Comment","target":["https:\/\/regiaonews.net.br\/2022\/2024\/03\/26\/pascoa-no-iguatemi-rio-preto-shopping-anuncia-programacao-voltada-para-as-criancas-e-lojas-exclusivas-na-cidade-com-colecoes-tematicas\/#respond"]}]},{"@type":"WebPage","@id":"https:\/\/regiaonews.net.br\/2022\/2024\/03\/26\/pascoa-no-iguatemi-rio-preto-shopping-anuncia-programacao-voltada-para-as-criancas-e-lojas-exclusivas-na-cidade-com-colecoes-tematicas\/","url":"https:\/\/regiaonews.net.br\/2022\/2024\/03\/26\/pascoa-no-iguatemi-rio-preto-shopping-anuncia-programacao-voltada-para-as-criancas-e-lojas-exclusivas-na-cidade-com-colecoes-tematicas\/","name":"P\u00e1scoa no Iguatemi Rio Preto: shopping anuncia programa\u00e7\u00e3o voltada para as crian\u00e7as e lojas exclusivas na cidade com cole\u00e7\u00f5es tem\u00e1ticas - Regi\u00e3o News","isPartOf":{"@id":"https:\/\/regiaonews.net.br\/2022\/#website"},"primaryImageOfPage":{"@id":"https:\/\/regiaonews.net.br\/2022\/2024\/03\/26\/pascoa-no-iguatemi-rio-preto-shopping-anuncia-programacao-voltada-para-as-criancas-e-lojas-exclusivas-na-cidade-com-colecoes-tematicas\/#primaryimage"},"image":{"@id":"https:\/\/regiaonews.net.br\/2022\/2024\/03\/26\/pascoa-no-iguatemi-rio-preto-shopping-anuncia-programacao-voltada-para-as-criancas-e-lojas-exclusivas-na-cidade-com-colecoes-tematicas\/#primaryimage"},"thumbnailUrl":"https:\/\/regiaonews.net.br\/2022\/wp-content\/uploads\/2024\/03\/WhatsApp-Image-2024-03-26-at-17.56.15.jpeg","datePublished":"2024-03-26T22:26:33+00:00","breadcrumb":{"@id":"https:\/\/regiaonews.net.br\/2022\/2024\/03\/26\/pascoa-no-iguatemi-rio-preto-shopping-anuncia-programacao-voltada-para-as-criancas-e-lojas-exclusivas-na-cidade-com-colecoes-tematicas\/#breadcrumb"},"inLanguage":"pt-BR","potentialAction":[{"@type":"ReadAction","target":["https:\/\/regiaonews.net.br\/2022\/2024\/03\/26\/pascoa-no-iguatemi-rio-preto-shopping-anuncia-programacao-voltada-para-as-criancas-e-lojas-exclusivas-na-cidade-com-colecoes-tematicas\/"]}]},{"@type":"ImageObject","inLanguage":"pt-BR","@id":"https:\/\/regiaonews.net.br\/2022\/2024\/03\/26\/pascoa-no-iguatemi-rio-preto-shopping-anuncia-programacao-voltada-para-as-criancas-e-lojas-exclusivas-na-cidade-com-colecoes-tematicas\/#primaryimage","url":"https:\/\/regiaonews.net.br\/2022\/wp-content\/uploads\/2024\/03\/WhatsApp-Image-2024-03-26-at-17.56.15.jpeg","contentUrl":"https:\/\/regiaonews.net.br\/2022\/wp-content\/uploads\/2024\/03\/WhatsApp-Image-2024-03-26-at-17.56.15.jpeg","width":1600,"height":1200},{"@type":"BreadcrumbList","@id":"https:\/\/regiaonews.net.br\/2022\/2024\/03\/26\/pascoa-no-iguatemi-rio-preto-shopping-anuncia-programacao-voltada-para-as-criancas-e-lojas-exclusivas-na-cidade-com-colecoes-tematicas\/#breadcrumb","itemListElement":[{"@type":"ListItem","position":1,"name":"In\u00edcio","item":"https:\/\/regiaonews.net.br\/2022\/"},{"@type":"ListItem","position":2,"name":"P\u00e1scoa no Iguatemi Rio Preto: shopping anuncia programa\u00e7\u00e3o voltada para as crian\u00e7as e lojas exclusivas na cidade com cole\u00e7\u00f5es tem\u00e1ticas"}]},{"@type":"WebSite","@id":"https:\/\/regiaonews.net.br\/2022\/#website","url":"https:\/\/regiaonews.net.br\/2022\/","name":"Regi\u00e3o News","description":"Site de Not\u00edcias de Barretos e regi\u00e3o","publisher":{"@id":"https:\/\/regiaonews.net.br\/2022\/#organization"},"potentialAction":[{"@type":"SearchAction","target":{"@type":"EntryPoint","urlTemplate":"https:\/\/regiaonews.net.br\/2022\/?s={search_term_string}"},"query-input":{"@type":"PropertyValueSpecification","valueRequired":true,"valueName":"search_term_string"}}],"inLanguage":"pt-BR"},{"@type":"Organization","@id":"https:\/\/regiaonews.net.br\/2022\/#organization","name":"Regi\u00e3o News","url":"https:\/\/regiaonews.net.br\/2022\/","logo":{"@type":"ImageObject","inLanguage":"pt-BR","@id":"https:\/\/regiaonews.net.br\/2022\/#\/schema\/logo\/image\/","url":"https:\/\/regiaonews.net.br\/2022\/wp-content\/uploads\/2026\/03\/regiao-13-anos-scaled.jpg","contentUrl":"https:\/\/regiaonews.net.br\/2022\/wp-content\/uploads\/2026\/03\/regiao-13-anos-scaled.jpg","width":2560,"height":635,"caption":"Regi\u00e3o News"},"image":{"@id":"https:\/\/regiaonews.net.br\/2022\/#\/schema\/logo\/image\/"}},{"@type":"Person","@id":"https:\/\/regiaonews.net.br\/2022\/#\/schema\/person\/2d205a608a5aa97ac279d7a5e6d89ad8","name":"Roberto","image":{"@type":"ImageObject","inLanguage":"pt-BR","@id":"https:\/\/secure.gravatar.com\/avatar\/42749d8b712ff9d59ca93dc150494e5b55a44134482993f5baeb97e61b7ecc89?s=96&d=mm&r=g","url":"https:\/\/secure.gravatar.com\/avatar\/42749d8b712ff9d59ca93dc150494e5b55a44134482993f5baeb97e61b7ecc89?s=96&d=mm&r=g","contentUrl":"https:\/\/secure.gravatar.com\/avatar\/42749d8b712ff9d59ca93dc150494e5b55a44134482993f5baeb97e61b7ecc89?s=96&d=mm&r=g","caption":"Roberto"},"url":"https:\/\/regiaonews.net.br\/2022\/author\/roberto\/"}]}},"publishpress_future_action":{"enabled":false,"date":"2026-05-03 18:58:13","action":"change-status","newStatus":"draft","terms":[],"taxonomy":"category","extraData":[]},"publishpress_future_workflow_manual_trigger":{"enabledWorkflows":[]},"_links":{"self":[{"href":"https:\/\/regiaonews.net.br\/2022\/wp-json\/wp\/v2\/posts\/102912","targetHints":{"allow":["GET"]}}],"collection":[{"href":"https:\/\/regiaonews.net.br\/2022\/wp-json\/wp\/v2\/posts"}],"about":[{"href":"https:\/\/regiaonews.net.br\/2022\/wp-json\/wp\/v2\/types\/post"}],"author":[{"embeddable":true,"href":"https:\/\/regiaonews.net.br\/2022\/wp-json\/wp\/v2\/users\/2"}],"replies":[{"embeddable":true,"href":"https:\/\/regiaonews.net.br\/2022\/wp-json\/wp\/v2\/comments?post=102912"}],"version-history":[{"count":1,"href":"https:\/\/regiaonews.net.br\/2022\/wp-json\/wp\/v2\/posts\/102912\/revisions"}],"predecessor-version":[{"id":102915,"href":"https:\/\/regiaonews.net.br\/2022\/wp-json\/wp\/v2\/posts\/102912\/revisions\/102915"}],"wp:featuredmedia":[{"embeddable":true,"href":"https:\/\/regiaonews.net.br\/2022\/wp-json\/wp\/v2\/media\/102913"}],"wp:attachment":[{"href":"https:\/\/regiaonews.net.br\/2022\/wp-json\/wp\/v2\/media?parent=102912"}],"wp:term":[{"taxonomy":"category","embeddable":true,"href":"https:\/\/regiaonews.net.br\/2022\/wp-json\/wp\/v2\/categories?post=102912"},{"taxonomy":"post_tag","embeddable":true,"href":"https:\/\/regiaonews.net.br\/2022\/wp-json\/wp\/v2\/tags?post=102912"}],"curies":[{"name":"wp","href":"https:\/\/api.w.org\/{rel}","templated":true}]}}