{"id":102906,"date":"2024-03-26T19:18:43","date_gmt":"2024-03-26T22:18:43","guid":{"rendered":"https:\/\/regiaonews.net.br\/2022\/?p=102906"},"modified":"2024-03-26T19:18:43","modified_gmt":"2024-03-26T22:18:43","slug":"confira-como-ficam-os-servicos-municipais-em-funcao-da-pascoa","status":"publish","type":"post","link":"https:\/\/regiaonews.net.br\/2022\/2024\/03\/26\/confira-como-ficam-os-servicos-municipais-em-funcao-da-pascoa\/","title":{"rendered":"Confira como ficam os servi\u00e7os municipais em fun\u00e7\u00e3o da P\u00e1scoa"},"content":{"rendered":"<p>&nbsp;<\/p>\n<p>Escolas municipais e UBSs fecham na quinta e sexta-feira, 28 e 29. Defesa Civil, SAMU, UPA, SAAEB e Conselho Tutelar mant\u00eam plant\u00e3o 24h<\/p>\n<p>Fique atento a como ficam os servi\u00e7os em Barretos por conta da P\u00e1scoa e se antecipe. No Complexo Administrativo da Rua 30 e na sede das Secretarias de Sa\u00fade e de Educa\u00e7\u00e3o n\u00e3o haver\u00e1 atendimento na quinta e sexta-feira, 28 e 29. Confira mais informa\u00e7\u00f5es:<\/p>\n<p>PA\u00c7O MUNICIPAL, ESCOLAS MUNICIPAIS E CEMEIs:<br \/>\n28\/3 (quinta-feira) \u2013 Fechados<br \/>\n29\/3 (sexta-feira) \u2013 Fechados<\/p>\n<p>UNIDADES B\u00c1SICAS DE SA\u00daDE (UBSs):<br \/>\n28\/3 (quinta-feira) \u2013 Todas fechadas<br \/>\n29\/3 (sexta-feira) \u2013 Todas fechadas<br \/>\n30\/3 (s\u00e1bado) \u2013 As UBSs dos Bairros Am\u00e9rica, Christiano Carvalho e S\u00e3o Francisco funcionam das 7 \u00e0s 12h para atendimentos inadi\u00e1veis.<\/p>\n<p>TELESSA\u00daDE:<br \/>\nFunciona at\u00e9 as 17h de quarta-feira, dia 27, e retorna na segunda-feira, dia 1\u00b0\/4, a partir das 7h. Para ser atendido no servi\u00e7o, o mun\u00edcipe deve entrar em contato pelo WhatsApp (17) 3612-0003, em dias \u00fateis, das 7 \u00e0s 17h.<\/p>\n<p>ABORDAGEM SOCIAL<br \/>\nA abordagem \u00e0 pessoa em situa\u00e7\u00e3o de rua \u00e9 realizada todos os dias da semana (de segunda-feira a domingo, inclusive feriados) das 7 \u00e0s 22h. \u00c9 poss\u00edvel entrar em contato com o servi\u00e7o pelos telefones (17) 99636-4678 e (17) 99654-6755.<\/p>\n<p>BOM PRATO<br \/>\nO restaurante Bom Prato, localizado perto do Hospital de Amor, funciona normalmente na quinta-feira (dia 27) e, com card\u00e1pio especial, nos demais dias:<br \/>\n29\/3 (sexta-feira): Almo\u00e7o presencial e marmitex;<br \/>\n30\/3 (s\u00e1bado): Marmitex;<br \/>\n31\/3 (domingo): Almo\u00e7o presencial e marmitex.<\/p>\n<p>O caminh\u00e3o do Bom Prato M\u00f3vel, que fica estacionado na Rua C 11, no Christiano Carvalho, servir\u00e1 marmitex a partir das 10h30 na quinta-feira, 28, e no s\u00e1bado, dia 30. As refei\u00e7\u00f5es s\u00e3o vendidas a R$ 1,00.<\/p>\n<p>COLETAS DE LIXO:<br \/>\nA coleta de lixo org\u00e2nico e a coleta seletiva ser\u00e3o interrompidas na sexta-feira, dia 29, e mantidas normalmente nos demais dias.<\/p>\n<p>ECOPONTOS:<br \/>\nFuncionam normalmente at\u00e9 quinta-feira, dia 28, \u00e0s 19h. Ficam fechados na sexta-feira, dia 29, e reabrem no s\u00e1bado das 8h \u00e0s 18h.<\/p>\n<p>Endere\u00e7os dos Ecopontos:<br \/>\nCalif\u00f3rnia: Rua Cristiano de Carvalho, n. 50<br \/>\nCristiano de Carvalho: Av. Jo\u00e3o Ribeiro do Nascimento (Av. Colina)<br \/>\nExposi\u00e7\u00e3o: Rua F\u00e1bio Junqueira Franco, n. 301<br \/>\nNadir Kenan: Rua Rage Caiel, n. 400<br \/>\nSanta Cec\u00edlia: Avenida Ant\u00f4nio Machado das Dores, s\/n.<br \/>\nZequinha Am\u00eandola (Barretos II): Avenida Mario Petroni com Via Dr.<br \/>\nGuilherme Seraphico de Assis Carvalho<\/p>\n<p>FUNCIONAM 24H:<\/p>\n<p>SAMU 192<br \/>\nCorpo de Bombeiros 193<br \/>\nPol\u00edcia Militar 190<br \/>\nDefesa Civil: 199 ou (17) 99195-8754<br \/>\nUPA (Via Conselheiro Ant\u00f4nio Prado, 1355 \u2013 Bairro Pereira)<br \/>\nPlant\u00e3o do SAAEB \u2013 (17) 3321-5300<br \/>\nPlant\u00e3o do Conselho Tutelar \u2013 (17) 98217-5999<br \/>\nRonda Municipal: (17) 98220-1007<\/p>\n","protected":false},"excerpt":{"rendered":"<p>&nbsp; Escolas municipais e UBSs fecham na quinta e sexta-feira,<\/p>\n","protected":false},"author":2,"featured_media":102907,"comment_status":"open","ping_status":"open","sticky":false,"template":"","format":"standard","meta":{"footnotes":""},"categories":[14,25],"tags":[],"class_list":["post-102906","post","type-post","status-publish","format-standard","has-post-thumbnail","hentry","category-barretos","category-cidades"],"yoast_head":"<!-- This site is optimized with the Yoast SEO plugin v27.4 - https:\/\/yoast.com\/product\/yoast-seo-wordpress\/ -->\n<title>Confira como ficam os servi\u00e7os municipais em fun\u00e7\u00e3o da P\u00e1scoa - Regi\u00e3o News<\/title>\n<meta name=\"robots\" content=\"index, follow, max-snippet:-1, max-image-preview:large, max-video-preview:-1\" \/>\n<link rel=\"canonical\" href=\"https:\/\/regiaonews.net.br\/2022\/2024\/03\/26\/confira-como-ficam-os-servicos-municipais-em-funcao-da-pascoa\/\" \/>\n<meta property=\"og:locale\" content=\"pt_BR\" \/>\n<meta property=\"og:type\" content=\"article\" \/>\n<meta property=\"og:title\" content=\"Confira como ficam os servi\u00e7os municipais em fun\u00e7\u00e3o da P\u00e1scoa - Regi\u00e3o News\" \/>\n<meta property=\"og:description\" content=\"&nbsp; Escolas municipais e UBSs fecham na quinta e sexta-feira,\" \/>\n<meta property=\"og:url\" content=\"https:\/\/regiaonews.net.br\/2022\/2024\/03\/26\/confira-como-ficam-os-servicos-municipais-em-funcao-da-pascoa\/\" \/>\n<meta property=\"og:site_name\" content=\"Regi\u00e3o News\" \/>\n<meta property=\"article:published_time\" content=\"2024-03-26T22:18:43+00:00\" \/>\n<meta property=\"og:image\" content=\"https:\/\/regiaonews.net.br\/2022\/wp-content\/uploads\/2024\/03\/WhatsApp-Image-2024-03-26-at-17.09.15.jpeg\" \/>\n\t<meta property=\"og:image:width\" content=\"1024\" \/>\n\t<meta property=\"og:image:height\" content=\"679\" \/>\n\t<meta property=\"og:image:type\" content=\"image\/jpeg\" \/>\n<meta name=\"author\" content=\"Roberto\" \/>\n<meta name=\"twitter:card\" content=\"summary_large_image\" \/>\n<meta name=\"twitter:label1\" content=\"Escrito por\" \/>\n\t<meta name=\"twitter:data1\" content=\"Roberto\" \/>\n\t<meta name=\"twitter:label2\" content=\"Est. tempo de leitura\" \/>\n\t<meta name=\"twitter:data2\" content=\"3 minutos\" \/>\n<script type=\"application\/ld+json\" class=\"yoast-schema-graph\">{\"@context\":\"https:\\\/\\\/schema.org\",\"@graph\":[{\"@type\":\"Article\",\"@id\":\"https:\\\/\\\/regiaonews.net.br\\\/2022\\\/2024\\\/03\\\/26\\\/confira-como-ficam-os-servicos-municipais-em-funcao-da-pascoa\\\/#article\",\"isPartOf\":{\"@id\":\"https:\\\/\\\/regiaonews.net.br\\\/2022\\\/2024\\\/03\\\/26\\\/confira-como-ficam-os-servicos-municipais-em-funcao-da-pascoa\\\/\"},\"author\":{\"name\":\"Roberto\",\"@id\":\"https:\\\/\\\/regiaonews.net.br\\\/2022\\\/#\\\/schema\\\/person\\\/2d205a608a5aa97ac279d7a5e6d89ad8\"},\"headline\":\"Confira como ficam os servi\u00e7os municipais em fun\u00e7\u00e3o da P\u00e1scoa\",\"datePublished\":\"2024-03-26T22:18:43+00:00\",\"mainEntityOfPage\":{\"@id\":\"https:\\\/\\\/regiaonews.net.br\\\/2022\\\/2024\\\/03\\\/26\\\/confira-como-ficam-os-servicos-municipais-em-funcao-da-pascoa\\\/\"},\"wordCount\":433,\"commentCount\":0,\"publisher\":{\"@id\":\"https:\\\/\\\/regiaonews.net.br\\\/2022\\\/#organization\"},\"image\":{\"@id\":\"https:\\\/\\\/regiaonews.net.br\\\/2022\\\/2024\\\/03\\\/26\\\/confira-como-ficam-os-servicos-municipais-em-funcao-da-pascoa\\\/#primaryimage\"},\"thumbnailUrl\":\"https:\\\/\\\/regiaonews.net.br\\\/2022\\\/wp-content\\\/uploads\\\/2024\\\/03\\\/WhatsApp-Image-2024-03-26-at-17.09.15.jpeg\",\"articleSection\":[\"Barretos\",\"Cidades\"],\"inLanguage\":\"pt-BR\",\"potentialAction\":[{\"@type\":\"CommentAction\",\"name\":\"Comment\",\"target\":[\"https:\\\/\\\/regiaonews.net.br\\\/2022\\\/2024\\\/03\\\/26\\\/confira-como-ficam-os-servicos-municipais-em-funcao-da-pascoa\\\/#respond\"]}]},{\"@type\":\"WebPage\",\"@id\":\"https:\\\/\\\/regiaonews.net.br\\\/2022\\\/2024\\\/03\\\/26\\\/confira-como-ficam-os-servicos-municipais-em-funcao-da-pascoa\\\/\",\"url\":\"https:\\\/\\\/regiaonews.net.br\\\/2022\\\/2024\\\/03\\\/26\\\/confira-como-ficam-os-servicos-municipais-em-funcao-da-pascoa\\\/\",\"name\":\"Confira como ficam os servi\u00e7os municipais em fun\u00e7\u00e3o da P\u00e1scoa - Regi\u00e3o News\",\"isPartOf\":{\"@id\":\"https:\\\/\\\/regiaonews.net.br\\\/2022\\\/#website\"},\"primaryImageOfPage\":{\"@id\":\"https:\\\/\\\/regiaonews.net.br\\\/2022\\\/2024\\\/03\\\/26\\\/confira-como-ficam-os-servicos-municipais-em-funcao-da-pascoa\\\/#primaryimage\"},\"image\":{\"@id\":\"https:\\\/\\\/regiaonews.net.br\\\/2022\\\/2024\\\/03\\\/26\\\/confira-como-ficam-os-servicos-municipais-em-funcao-da-pascoa\\\/#primaryimage\"},\"thumbnailUrl\":\"https:\\\/\\\/regiaonews.net.br\\\/2022\\\/wp-content\\\/uploads\\\/2024\\\/03\\\/WhatsApp-Image-2024-03-26-at-17.09.15.jpeg\",\"datePublished\":\"2024-03-26T22:18:43+00:00\",\"breadcrumb\":{\"@id\":\"https:\\\/\\\/regiaonews.net.br\\\/2022\\\/2024\\\/03\\\/26\\\/confira-como-ficam-os-servicos-municipais-em-funcao-da-pascoa\\\/#breadcrumb\"},\"inLanguage\":\"pt-BR\",\"potentialAction\":[{\"@type\":\"ReadAction\",\"target\":[\"https:\\\/\\\/regiaonews.net.br\\\/2022\\\/2024\\\/03\\\/26\\\/confira-como-ficam-os-servicos-municipais-em-funcao-da-pascoa\\\/\"]}]},{\"@type\":\"ImageObject\",\"inLanguage\":\"pt-BR\",\"@id\":\"https:\\\/\\\/regiaonews.net.br\\\/2022\\\/2024\\\/03\\\/26\\\/confira-como-ficam-os-servicos-municipais-em-funcao-da-pascoa\\\/#primaryimage\",\"url\":\"https:\\\/\\\/regiaonews.net.br\\\/2022\\\/wp-content\\\/uploads\\\/2024\\\/03\\\/WhatsApp-Image-2024-03-26-at-17.09.15.jpeg\",\"contentUrl\":\"https:\\\/\\\/regiaonews.net.br\\\/2022\\\/wp-content\\\/uploads\\\/2024\\\/03\\\/WhatsApp-Image-2024-03-26-at-17.09.15.jpeg\",\"width\":1024,\"height\":679},{\"@type\":\"BreadcrumbList\",\"@id\":\"https:\\\/\\\/regiaonews.net.br\\\/2022\\\/2024\\\/03\\\/26\\\/confira-como-ficam-os-servicos-municipais-em-funcao-da-pascoa\\\/#breadcrumb\",\"itemListElement\":[{\"@type\":\"ListItem\",\"position\":1,\"name\":\"In\u00edcio\",\"item\":\"https:\\\/\\\/regiaonews.net.br\\\/2022\\\/\"},{\"@type\":\"ListItem\",\"position\":2,\"name\":\"Confira como ficam os servi\u00e7os municipais em fun\u00e7\u00e3o da P\u00e1scoa\"}]},{\"@type\":\"WebSite\",\"@id\":\"https:\\\/\\\/regiaonews.net.br\\\/2022\\\/#website\",\"url\":\"https:\\\/\\\/regiaonews.net.br\\\/2022\\\/\",\"name\":\"Regi\u00e3o News\",\"description\":\"Site de Not\u00edcias de Barretos e regi\u00e3o\",\"publisher\":{\"@id\":\"https:\\\/\\\/regiaonews.net.br\\\/2022\\\/#organization\"},\"potentialAction\":[{\"@type\":\"SearchAction\",\"target\":{\"@type\":\"EntryPoint\",\"urlTemplate\":\"https:\\\/\\\/regiaonews.net.br\\\/2022\\\/?s={search_term_string}\"},\"query-input\":{\"@type\":\"PropertyValueSpecification\",\"valueRequired\":true,\"valueName\":\"search_term_string\"}}],\"inLanguage\":\"pt-BR\"},{\"@type\":\"Organization\",\"@id\":\"https:\\\/\\\/regiaonews.net.br\\\/2022\\\/#organization\",\"name\":\"Regi\u00e3o News\",\"url\":\"https:\\\/\\\/regiaonews.net.br\\\/2022\\\/\",\"logo\":{\"@type\":\"ImageObject\",\"inLanguage\":\"pt-BR\",\"@id\":\"https:\\\/\\\/regiaonews.net.br\\\/2022\\\/#\\\/schema\\\/logo\\\/image\\\/\",\"url\":\"https:\\\/\\\/regiaonews.net.br\\\/2022\\\/wp-content\\\/uploads\\\/2026\\\/03\\\/regiao-13-anos-scaled.jpg\",\"contentUrl\":\"https:\\\/\\\/regiaonews.net.br\\\/2022\\\/wp-content\\\/uploads\\\/2026\\\/03\\\/regiao-13-anos-scaled.jpg\",\"width\":2560,\"height\":635,\"caption\":\"Regi\u00e3o News\"},\"image\":{\"@id\":\"https:\\\/\\\/regiaonews.net.br\\\/2022\\\/#\\\/schema\\\/logo\\\/image\\\/\"}},{\"@type\":\"Person\",\"@id\":\"https:\\\/\\\/regiaonews.net.br\\\/2022\\\/#\\\/schema\\\/person\\\/2d205a608a5aa97ac279d7a5e6d89ad8\",\"name\":\"Roberto\",\"image\":{\"@type\":\"ImageObject\",\"inLanguage\":\"pt-BR\",\"@id\":\"https:\\\/\\\/secure.gravatar.com\\\/avatar\\\/42749d8b712ff9d59ca93dc150494e5b55a44134482993f5baeb97e61b7ecc89?s=96&d=mm&r=g\",\"url\":\"https:\\\/\\\/secure.gravatar.com\\\/avatar\\\/42749d8b712ff9d59ca93dc150494e5b55a44134482993f5baeb97e61b7ecc89?s=96&d=mm&r=g\",\"contentUrl\":\"https:\\\/\\\/secure.gravatar.com\\\/avatar\\\/42749d8b712ff9d59ca93dc150494e5b55a44134482993f5baeb97e61b7ecc89?s=96&d=mm&r=g\",\"caption\":\"Roberto\"},\"url\":\"https:\\\/\\\/regiaonews.net.br\\\/2022\\\/author\\\/roberto\\\/\"}]}<\/script>\n<!-- \/ Yoast SEO plugin. -->","yoast_head_json":{"title":"Confira como ficam os servi\u00e7os municipais em fun\u00e7\u00e3o da P\u00e1scoa - Regi\u00e3o News","robots":{"index":"index","follow":"follow","max-snippet":"max-snippet:-1","max-image-preview":"max-image-preview:large","max-video-preview":"max-video-preview:-1"},"canonical":"https:\/\/regiaonews.net.br\/2022\/2024\/03\/26\/confira-como-ficam-os-servicos-municipais-em-funcao-da-pascoa\/","og_locale":"pt_BR","og_type":"article","og_title":"Confira como ficam os servi\u00e7os municipais em fun\u00e7\u00e3o da P\u00e1scoa - Regi\u00e3o News","og_description":"&nbsp; Escolas municipais e UBSs fecham na quinta e sexta-feira,","og_url":"https:\/\/regiaonews.net.br\/2022\/2024\/03\/26\/confira-como-ficam-os-servicos-municipais-em-funcao-da-pascoa\/","og_site_name":"Regi\u00e3o News","article_published_time":"2024-03-26T22:18:43+00:00","og_image":[{"width":1024,"height":679,"url":"https:\/\/regiaonews.net.br\/2022\/wp-content\/uploads\/2024\/03\/WhatsApp-Image-2024-03-26-at-17.09.15.jpeg","type":"image\/jpeg"}],"author":"Roberto","twitter_card":"summary_large_image","twitter_misc":{"Escrito por":"Roberto","Est. tempo de leitura":"3 minutos"},"schema":{"@context":"https:\/\/schema.org","@graph":[{"@type":"Article","@id":"https:\/\/regiaonews.net.br\/2022\/2024\/03\/26\/confira-como-ficam-os-servicos-municipais-em-funcao-da-pascoa\/#article","isPartOf":{"@id":"https:\/\/regiaonews.net.br\/2022\/2024\/03\/26\/confira-como-ficam-os-servicos-municipais-em-funcao-da-pascoa\/"},"author":{"name":"Roberto","@id":"https:\/\/regiaonews.net.br\/2022\/#\/schema\/person\/2d205a608a5aa97ac279d7a5e6d89ad8"},"headline":"Confira como ficam os servi\u00e7os municipais em fun\u00e7\u00e3o da P\u00e1scoa","datePublished":"2024-03-26T22:18:43+00:00","mainEntityOfPage":{"@id":"https:\/\/regiaonews.net.br\/2022\/2024\/03\/26\/confira-como-ficam-os-servicos-municipais-em-funcao-da-pascoa\/"},"wordCount":433,"commentCount":0,"publisher":{"@id":"https:\/\/regiaonews.net.br\/2022\/#organization"},"image":{"@id":"https:\/\/regiaonews.net.br\/2022\/2024\/03\/26\/confira-como-ficam-os-servicos-municipais-em-funcao-da-pascoa\/#primaryimage"},"thumbnailUrl":"https:\/\/regiaonews.net.br\/2022\/wp-content\/uploads\/2024\/03\/WhatsApp-Image-2024-03-26-at-17.09.15.jpeg","articleSection":["Barretos","Cidades"],"inLanguage":"pt-BR","potentialAction":[{"@type":"CommentAction","name":"Comment","target":["https:\/\/regiaonews.net.br\/2022\/2024\/03\/26\/confira-como-ficam-os-servicos-municipais-em-funcao-da-pascoa\/#respond"]}]},{"@type":"WebPage","@id":"https:\/\/regiaonews.net.br\/2022\/2024\/03\/26\/confira-como-ficam-os-servicos-municipais-em-funcao-da-pascoa\/","url":"https:\/\/regiaonews.net.br\/2022\/2024\/03\/26\/confira-como-ficam-os-servicos-municipais-em-funcao-da-pascoa\/","name":"Confira como ficam os servi\u00e7os municipais em fun\u00e7\u00e3o da P\u00e1scoa - Regi\u00e3o News","isPartOf":{"@id":"https:\/\/regiaonews.net.br\/2022\/#website"},"primaryImageOfPage":{"@id":"https:\/\/regiaonews.net.br\/2022\/2024\/03\/26\/confira-como-ficam-os-servicos-municipais-em-funcao-da-pascoa\/#primaryimage"},"image":{"@id":"https:\/\/regiaonews.net.br\/2022\/2024\/03\/26\/confira-como-ficam-os-servicos-municipais-em-funcao-da-pascoa\/#primaryimage"},"thumbnailUrl":"https:\/\/regiaonews.net.br\/2022\/wp-content\/uploads\/2024\/03\/WhatsApp-Image-2024-03-26-at-17.09.15.jpeg","datePublished":"2024-03-26T22:18:43+00:00","breadcrumb":{"@id":"https:\/\/regiaonews.net.br\/2022\/2024\/03\/26\/confira-como-ficam-os-servicos-municipais-em-funcao-da-pascoa\/#breadcrumb"},"inLanguage":"pt-BR","potentialAction":[{"@type":"ReadAction","target":["https:\/\/regiaonews.net.br\/2022\/2024\/03\/26\/confira-como-ficam-os-servicos-municipais-em-funcao-da-pascoa\/"]}]},{"@type":"ImageObject","inLanguage":"pt-BR","@id":"https:\/\/regiaonews.net.br\/2022\/2024\/03\/26\/confira-como-ficam-os-servicos-municipais-em-funcao-da-pascoa\/#primaryimage","url":"https:\/\/regiaonews.net.br\/2022\/wp-content\/uploads\/2024\/03\/WhatsApp-Image-2024-03-26-at-17.09.15.jpeg","contentUrl":"https:\/\/regiaonews.net.br\/2022\/wp-content\/uploads\/2024\/03\/WhatsApp-Image-2024-03-26-at-17.09.15.jpeg","width":1024,"height":679},{"@type":"BreadcrumbList","@id":"https:\/\/regiaonews.net.br\/2022\/2024\/03\/26\/confira-como-ficam-os-servicos-municipais-em-funcao-da-pascoa\/#breadcrumb","itemListElement":[{"@type":"ListItem","position":1,"name":"In\u00edcio","item":"https:\/\/regiaonews.net.br\/2022\/"},{"@type":"ListItem","position":2,"name":"Confira como ficam os servi\u00e7os municipais em fun\u00e7\u00e3o da P\u00e1scoa"}]},{"@type":"WebSite","@id":"https:\/\/regiaonews.net.br\/2022\/#website","url":"https:\/\/regiaonews.net.br\/2022\/","name":"Regi\u00e3o News","description":"Site de Not\u00edcias de Barretos e regi\u00e3o","publisher":{"@id":"https:\/\/regiaonews.net.br\/2022\/#organization"},"potentialAction":[{"@type":"SearchAction","target":{"@type":"EntryPoint","urlTemplate":"https:\/\/regiaonews.net.br\/2022\/?s={search_term_string}"},"query-input":{"@type":"PropertyValueSpecification","valueRequired":true,"valueName":"search_term_string"}}],"inLanguage":"pt-BR"},{"@type":"Organization","@id":"https:\/\/regiaonews.net.br\/2022\/#organization","name":"Regi\u00e3o News","url":"https:\/\/regiaonews.net.br\/2022\/","logo":{"@type":"ImageObject","inLanguage":"pt-BR","@id":"https:\/\/regiaonews.net.br\/2022\/#\/schema\/logo\/image\/","url":"https:\/\/regiaonews.net.br\/2022\/wp-content\/uploads\/2026\/03\/regiao-13-anos-scaled.jpg","contentUrl":"https:\/\/regiaonews.net.br\/2022\/wp-content\/uploads\/2026\/03\/regiao-13-anos-scaled.jpg","width":2560,"height":635,"caption":"Regi\u00e3o News"},"image":{"@id":"https:\/\/regiaonews.net.br\/2022\/#\/schema\/logo\/image\/"}},{"@type":"Person","@id":"https:\/\/regiaonews.net.br\/2022\/#\/schema\/person\/2d205a608a5aa97ac279d7a5e6d89ad8","name":"Roberto","image":{"@type":"ImageObject","inLanguage":"pt-BR","@id":"https:\/\/secure.gravatar.com\/avatar\/42749d8b712ff9d59ca93dc150494e5b55a44134482993f5baeb97e61b7ecc89?s=96&d=mm&r=g","url":"https:\/\/secure.gravatar.com\/avatar\/42749d8b712ff9d59ca93dc150494e5b55a44134482993f5baeb97e61b7ecc89?s=96&d=mm&r=g","contentUrl":"https:\/\/secure.gravatar.com\/avatar\/42749d8b712ff9d59ca93dc150494e5b55a44134482993f5baeb97e61b7ecc89?s=96&d=mm&r=g","caption":"Roberto"},"url":"https:\/\/regiaonews.net.br\/2022\/author\/roberto\/"}]}},"publishpress_future_action":{"enabled":false,"date":"2026-05-03 17:35:45","action":"change-status","newStatus":"draft","terms":[],"taxonomy":"category","extraData":[]},"publishpress_future_workflow_manual_trigger":{"enabledWorkflows":[]},"_links":{"self":[{"href":"https:\/\/regiaonews.net.br\/2022\/wp-json\/wp\/v2\/posts\/102906","targetHints":{"allow":["GET"]}}],"collection":[{"href":"https:\/\/regiaonews.net.br\/2022\/wp-json\/wp\/v2\/posts"}],"about":[{"href":"https:\/\/regiaonews.net.br\/2022\/wp-json\/wp\/v2\/types\/post"}],"author":[{"embeddable":true,"href":"https:\/\/regiaonews.net.br\/2022\/wp-json\/wp\/v2\/users\/2"}],"replies":[{"embeddable":true,"href":"https:\/\/regiaonews.net.br\/2022\/wp-json\/wp\/v2\/comments?post=102906"}],"version-history":[{"count":1,"href":"https:\/\/regiaonews.net.br\/2022\/wp-json\/wp\/v2\/posts\/102906\/revisions"}],"predecessor-version":[{"id":102908,"href":"https:\/\/regiaonews.net.br\/2022\/wp-json\/wp\/v2\/posts\/102906\/revisions\/102908"}],"wp:featuredmedia":[{"embeddable":true,"href":"https:\/\/regiaonews.net.br\/2022\/wp-json\/wp\/v2\/media\/102907"}],"wp:attachment":[{"href":"https:\/\/regiaonews.net.br\/2022\/wp-json\/wp\/v2\/media?parent=102906"}],"wp:term":[{"taxonomy":"category","embeddable":true,"href":"https:\/\/regiaonews.net.br\/2022\/wp-json\/wp\/v2\/categories?post=102906"},{"taxonomy":"post_tag","embeddable":true,"href":"https:\/\/regiaonews.net.br\/2022\/wp-json\/wp\/v2\/tags?post=102906"}],"curies":[{"name":"wp","href":"https:\/\/api.w.org\/{rel}","templated":true}]}}