{"id":102893,"date":"2024-03-26T16:19:04","date_gmt":"2024-03-26T19:19:04","guid":{"rendered":"https:\/\/regiaonews.net.br\/2022\/?p=102893"},"modified":"2024-03-26T16:19:04","modified_gmt":"2024-03-26T19:19:04","slug":"novo-contrato-vai-ampliar-funcionalidades-das-camaras-corporais-com-foco-na-integracao-da-informacao","status":"publish","type":"post","link":"https:\/\/regiaonews.net.br\/2022\/2024\/03\/26\/novo-contrato-vai-ampliar-funcionalidades-das-camaras-corporais-com-foco-na-integracao-da-informacao\/","title":{"rendered":"Novo contrato vai ampliar funcionalidades das c\u00e2maras corporais com foco na integra\u00e7\u00e3o da informa\u00e7\u00e3o"},"content":{"rendered":"<div class=\"col-lg-12 mt-4\">\n<h3><\/h3>\n<\/div>\n<div class=\"col-lg-12 justify\">\n<p>&nbsp;<\/p>\n<\/div>\n<div class=\"col-lg-12 justify\">\n<p>Por Secom<\/p>\n<\/div>\n<div class=\"col-lg-12 mt-2 justify\">\n<h5 class=\"justify\">Equipamento integrar\u00e1 intelig\u00eancia do programa Muralha Paulista para aprimorar a seguran\u00e7a da popula\u00e7\u00e3o e dos policiais<\/h5>\n<\/div>\n<div class=\"col-lg-12 mt-3 justify\">\n<div>\n<div>O Governo de SP vai lan\u00e7ar at\u00e9 maio um edital para a contrata\u00e7\u00e3o de 3.125 novas c\u00e2meras corporais port\u00e1teis (COPs) para a Pol\u00edcia Militar. Mais modernos e com novas tecnologias, os equipamentos ser\u00e3o integrados ao Programa Muralha Paulista da Secretaria de Seguran\u00e7a P\u00fablica (SSP) e permitir\u00e3o, entre outras funcionalidades, a leitura de placas para a verifica\u00e7\u00e3o de ve\u00edculos roubados ou furtados, bem como a identifica\u00e7\u00e3o de situa\u00e7\u00f5es e fatos de interesse policial.<\/div>\n<div><\/div>\n<div>Outra novidade ser\u00e1 a disponibilidade de ferramentas de \u00e1udio bidirecional, permitindo que o policial solicite apoio durante as a\u00e7\u00f5es policiais, garantindo mais seguran\u00e7a ao agente no trabalho de campo e maior efici\u00eancia nas opera\u00e7\u00f5es.<\/div>\n<div><\/div>\n<div>O novo edital prev\u00ea ainda a melhoria no sistema de conectividade \u2013 com a manuten\u00e7\u00e3o da transmiss\u00e3o ao vivo -, e na capta\u00e7\u00e3o de \u00e1udio e v\u00eddeo, ampliando assim a seguran\u00e7a da popula\u00e7\u00e3o.<\/div>\n<div><\/div>\n<div>Os novos contratos tamb\u00e9m otimizam a utiliza\u00e7\u00e3o dos equipamentos pelos agentes de seguran\u00e7a, j\u00e1 que amplia significativamente o n\u00famero de dispositivos de recarga e upload das imagens. Os atuais contratos t\u00eam um n\u00famero limitado de carregadores, reduzindo as possibilidades de uso.. O novo edital exigir\u00e1 que cada equipamento possua um outro equivalente para recargas, processamento e uploads.<\/div>\n<div><\/div>\n<div>O edital prev\u00ea tamb\u00e9m o aprimoramento do sistema de armazenamento das imagens, que passar\u00e1 a ocorrer integralmente em ambiente pr\u00f3prio da PM.<\/div>\n<div><\/div>\n<div>Fortalecendo o compromisso de transpar\u00eancia das for\u00e7as de seguran\u00e7a, os registros de \u00e1udio e v\u00eddeo ser\u00e3o compartilhados automaticamente com o Minist\u00e9rio P\u00fablico, o Poder Judici\u00e1rio e demais \u00f3rg\u00e3os de controle, seguindo rigorosamente as regras estabelecidas pela Lei Geral de Prote\u00e7\u00e3o de Dados (LGPD).<\/div>\n<div><\/div>\n<div>Devido ao maior n\u00famero de empresas e tecnologias dispon\u00edveis no mercado, a expectativa da SSP \u00e9 que a nova licita\u00e7\u00e3o tamb\u00e9m possa reduzir os custos dos contratos. Isso permitir\u00e1 \u00e0 pasta ampliar seus investimentos em intelig\u00eancia e seguran\u00e7a, j\u00e1 que os atuais contratos das c\u00e2meras corporais utilizam cerca de 56% do or\u00e7amento anual de tecnologia da pasta.<\/div>\n<div><\/div>\n<div>A nova licita\u00e7\u00e3o substituir\u00e1 o atual contrato das c\u00e2meras, conforme o Governo de SP informou ao Supremo Tribunal Federal (STF) na semana passada. Na ocasi\u00e3o, o Estado se comprometeu a notificar a suprema corte sobre o novo modelo das COP, integrado aos novos sistemas da Secretaria de Seguran\u00e7a P\u00fablica. O Muralha Paulista tem como objetivo restringir a mobilidade criminosa e, com isso, prevenir e controlar a criminalidade.<\/div>\n<div><\/div>\n<div>At\u00e9 a implanta\u00e7\u00e3o total da nova tecnologia, os equipamentos atuais permanecer\u00e3o em uso, vez que os contratos em vigor podem ser ampliados at\u00e9 a conclus\u00e3o do certame.<\/div>\n<\/div>\n<\/div>\n","protected":false},"excerpt":{"rendered":"<p>&nbsp; Por Secom Equipamento integrar\u00e1 intelig\u00eancia do programa Muralha Paulista<\/p>\n","protected":false},"author":2,"featured_media":102894,"comment_status":"open","ping_status":"open","sticky":false,"template":"","format":"standard","meta":{"footnotes":""},"categories":[7,23],"tags":[],"class_list":["post-102893","post","type-post","status-publish","format-standard","has-post-thumbnail","hentry","category-estado-de-sao-paulo","category-policia"],"yoast_head":"<!-- This site is optimized with the Yoast SEO plugin v27.4 - https:\/\/yoast.com\/product\/yoast-seo-wordpress\/ -->\n<title>Novo contrato vai ampliar funcionalidades das c\u00e2maras corporais com foco na integra\u00e7\u00e3o da informa\u00e7\u00e3o - Regi\u00e3o News<\/title>\n<meta name=\"robots\" content=\"index, follow, max-snippet:-1, max-image-preview:large, max-video-preview:-1\" \/>\n<link rel=\"canonical\" href=\"https:\/\/regiaonews.net.br\/2022\/2024\/03\/26\/novo-contrato-vai-ampliar-funcionalidades-das-camaras-corporais-com-foco-na-integracao-da-informacao\/\" \/>\n<meta property=\"og:locale\" content=\"pt_BR\" \/>\n<meta property=\"og:type\" content=\"article\" \/>\n<meta property=\"og:title\" content=\"Novo contrato vai ampliar funcionalidades das c\u00e2maras corporais com foco na integra\u00e7\u00e3o da informa\u00e7\u00e3o - Regi\u00e3o News\" \/>\n<meta property=\"og:description\" content=\"&nbsp; Por Secom Equipamento integrar\u00e1 intelig\u00eancia do programa Muralha Paulista\" \/>\n<meta property=\"og:url\" content=\"https:\/\/regiaonews.net.br\/2022\/2024\/03\/26\/novo-contrato-vai-ampliar-funcionalidades-das-camaras-corporais-com-foco-na-integracao-da-informacao\/\" \/>\n<meta property=\"og:site_name\" content=\"Regi\u00e3o News\" \/>\n<meta property=\"article:published_time\" content=\"2024-03-26T19:19:04+00:00\" \/>\n<meta property=\"og:image\" content=\"https:\/\/regiaonews.net.br\/2022\/wp-content\/uploads\/2024\/03\/00053758.jpeg\" \/>\n\t<meta property=\"og:image:width\" content=\"820\" \/>\n\t<meta property=\"og:image:height\" content=\"546\" \/>\n\t<meta property=\"og:image:type\" content=\"image\/jpeg\" \/>\n<meta name=\"author\" content=\"Roberto\" \/>\n<meta name=\"twitter:card\" content=\"summary_large_image\" \/>\n<meta name=\"twitter:label1\" content=\"Escrito por\" \/>\n\t<meta name=\"twitter:data1\" content=\"Roberto\" \/>\n\t<meta name=\"twitter:label2\" content=\"Est. tempo de leitura\" \/>\n\t<meta name=\"twitter:data2\" content=\"3 minutos\" \/>\n<script type=\"application\/ld+json\" class=\"yoast-schema-graph\">{\"@context\":\"https:\\\/\\\/schema.org\",\"@graph\":[{\"@type\":\"Article\",\"@id\":\"https:\\\/\\\/regiaonews.net.br\\\/2022\\\/2024\\\/03\\\/26\\\/novo-contrato-vai-ampliar-funcionalidades-das-camaras-corporais-com-foco-na-integracao-da-informacao\\\/#article\",\"isPartOf\":{\"@id\":\"https:\\\/\\\/regiaonews.net.br\\\/2022\\\/2024\\\/03\\\/26\\\/novo-contrato-vai-ampliar-funcionalidades-das-camaras-corporais-com-foco-na-integracao-da-informacao\\\/\"},\"author\":{\"name\":\"Roberto\",\"@id\":\"https:\\\/\\\/regiaonews.net.br\\\/2022\\\/#\\\/schema\\\/person\\\/2d205a608a5aa97ac279d7a5e6d89ad8\"},\"headline\":\"Novo contrato vai ampliar funcionalidades das c\u00e2maras corporais com foco na integra\u00e7\u00e3o da informa\u00e7\u00e3o\",\"datePublished\":\"2024-03-26T19:19:04+00:00\",\"mainEntityOfPage\":{\"@id\":\"https:\\\/\\\/regiaonews.net.br\\\/2022\\\/2024\\\/03\\\/26\\\/novo-contrato-vai-ampliar-funcionalidades-das-camaras-corporais-com-foco-na-integracao-da-informacao\\\/\"},\"wordCount\":503,\"commentCount\":0,\"publisher\":{\"@id\":\"https:\\\/\\\/regiaonews.net.br\\\/2022\\\/#organization\"},\"image\":{\"@id\":\"https:\\\/\\\/regiaonews.net.br\\\/2022\\\/2024\\\/03\\\/26\\\/novo-contrato-vai-ampliar-funcionalidades-das-camaras-corporais-com-foco-na-integracao-da-informacao\\\/#primaryimage\"},\"thumbnailUrl\":\"https:\\\/\\\/regiaonews.net.br\\\/2022\\\/wp-content\\\/uploads\\\/2024\\\/03\\\/00053758.jpeg\",\"articleSection\":[\"Estado de S\u00e3o Paulo\",\"Policia\"],\"inLanguage\":\"pt-BR\",\"potentialAction\":[{\"@type\":\"CommentAction\",\"name\":\"Comment\",\"target\":[\"https:\\\/\\\/regiaonews.net.br\\\/2022\\\/2024\\\/03\\\/26\\\/novo-contrato-vai-ampliar-funcionalidades-das-camaras-corporais-com-foco-na-integracao-da-informacao\\\/#respond\"]}]},{\"@type\":\"WebPage\",\"@id\":\"https:\\\/\\\/regiaonews.net.br\\\/2022\\\/2024\\\/03\\\/26\\\/novo-contrato-vai-ampliar-funcionalidades-das-camaras-corporais-com-foco-na-integracao-da-informacao\\\/\",\"url\":\"https:\\\/\\\/regiaonews.net.br\\\/2022\\\/2024\\\/03\\\/26\\\/novo-contrato-vai-ampliar-funcionalidades-das-camaras-corporais-com-foco-na-integracao-da-informacao\\\/\",\"name\":\"Novo contrato vai ampliar funcionalidades das c\u00e2maras corporais com foco na integra\u00e7\u00e3o da informa\u00e7\u00e3o - Regi\u00e3o News\",\"isPartOf\":{\"@id\":\"https:\\\/\\\/regiaonews.net.br\\\/2022\\\/#website\"},\"primaryImageOfPage\":{\"@id\":\"https:\\\/\\\/regiaonews.net.br\\\/2022\\\/2024\\\/03\\\/26\\\/novo-contrato-vai-ampliar-funcionalidades-das-camaras-corporais-com-foco-na-integracao-da-informacao\\\/#primaryimage\"},\"image\":{\"@id\":\"https:\\\/\\\/regiaonews.net.br\\\/2022\\\/2024\\\/03\\\/26\\\/novo-contrato-vai-ampliar-funcionalidades-das-camaras-corporais-com-foco-na-integracao-da-informacao\\\/#primaryimage\"},\"thumbnailUrl\":\"https:\\\/\\\/regiaonews.net.br\\\/2022\\\/wp-content\\\/uploads\\\/2024\\\/03\\\/00053758.jpeg\",\"datePublished\":\"2024-03-26T19:19:04+00:00\",\"breadcrumb\":{\"@id\":\"https:\\\/\\\/regiaonews.net.br\\\/2022\\\/2024\\\/03\\\/26\\\/novo-contrato-vai-ampliar-funcionalidades-das-camaras-corporais-com-foco-na-integracao-da-informacao\\\/#breadcrumb\"},\"inLanguage\":\"pt-BR\",\"potentialAction\":[{\"@type\":\"ReadAction\",\"target\":[\"https:\\\/\\\/regiaonews.net.br\\\/2022\\\/2024\\\/03\\\/26\\\/novo-contrato-vai-ampliar-funcionalidades-das-camaras-corporais-com-foco-na-integracao-da-informacao\\\/\"]}]},{\"@type\":\"ImageObject\",\"inLanguage\":\"pt-BR\",\"@id\":\"https:\\\/\\\/regiaonews.net.br\\\/2022\\\/2024\\\/03\\\/26\\\/novo-contrato-vai-ampliar-funcionalidades-das-camaras-corporais-com-foco-na-integracao-da-informacao\\\/#primaryimage\",\"url\":\"https:\\\/\\\/regiaonews.net.br\\\/2022\\\/wp-content\\\/uploads\\\/2024\\\/03\\\/00053758.jpeg\",\"contentUrl\":\"https:\\\/\\\/regiaonews.net.br\\\/2022\\\/wp-content\\\/uploads\\\/2024\\\/03\\\/00053758.jpeg\",\"width\":820,\"height\":546},{\"@type\":\"BreadcrumbList\",\"@id\":\"https:\\\/\\\/regiaonews.net.br\\\/2022\\\/2024\\\/03\\\/26\\\/novo-contrato-vai-ampliar-funcionalidades-das-camaras-corporais-com-foco-na-integracao-da-informacao\\\/#breadcrumb\",\"itemListElement\":[{\"@type\":\"ListItem\",\"position\":1,\"name\":\"In\u00edcio\",\"item\":\"https:\\\/\\\/regiaonews.net.br\\\/2022\\\/\"},{\"@type\":\"ListItem\",\"position\":2,\"name\":\"Novo contrato vai ampliar funcionalidades das c\u00e2maras corporais com foco na integra\u00e7\u00e3o da informa\u00e7\u00e3o\"}]},{\"@type\":\"WebSite\",\"@id\":\"https:\\\/\\\/regiaonews.net.br\\\/2022\\\/#website\",\"url\":\"https:\\\/\\\/regiaonews.net.br\\\/2022\\\/\",\"name\":\"Regi\u00e3o News\",\"description\":\"Site de Not\u00edcias de Barretos e regi\u00e3o\",\"publisher\":{\"@id\":\"https:\\\/\\\/regiaonews.net.br\\\/2022\\\/#organization\"},\"potentialAction\":[{\"@type\":\"SearchAction\",\"target\":{\"@type\":\"EntryPoint\",\"urlTemplate\":\"https:\\\/\\\/regiaonews.net.br\\\/2022\\\/?s={search_term_string}\"},\"query-input\":{\"@type\":\"PropertyValueSpecification\",\"valueRequired\":true,\"valueName\":\"search_term_string\"}}],\"inLanguage\":\"pt-BR\"},{\"@type\":\"Organization\",\"@id\":\"https:\\\/\\\/regiaonews.net.br\\\/2022\\\/#organization\",\"name\":\"Regi\u00e3o News\",\"url\":\"https:\\\/\\\/regiaonews.net.br\\\/2022\\\/\",\"logo\":{\"@type\":\"ImageObject\",\"inLanguage\":\"pt-BR\",\"@id\":\"https:\\\/\\\/regiaonews.net.br\\\/2022\\\/#\\\/schema\\\/logo\\\/image\\\/\",\"url\":\"https:\\\/\\\/regiaonews.net.br\\\/2022\\\/wp-content\\\/uploads\\\/2026\\\/03\\\/regiao-13-anos-scaled.jpg\",\"contentUrl\":\"https:\\\/\\\/regiaonews.net.br\\\/2022\\\/wp-content\\\/uploads\\\/2026\\\/03\\\/regiao-13-anos-scaled.jpg\",\"width\":2560,\"height\":635,\"caption\":\"Regi\u00e3o News\"},\"image\":{\"@id\":\"https:\\\/\\\/regiaonews.net.br\\\/2022\\\/#\\\/schema\\\/logo\\\/image\\\/\"}},{\"@type\":\"Person\",\"@id\":\"https:\\\/\\\/regiaonews.net.br\\\/2022\\\/#\\\/schema\\\/person\\\/2d205a608a5aa97ac279d7a5e6d89ad8\",\"name\":\"Roberto\",\"image\":{\"@type\":\"ImageObject\",\"inLanguage\":\"pt-BR\",\"@id\":\"https:\\\/\\\/secure.gravatar.com\\\/avatar\\\/42749d8b712ff9d59ca93dc150494e5b55a44134482993f5baeb97e61b7ecc89?s=96&d=mm&r=g\",\"url\":\"https:\\\/\\\/secure.gravatar.com\\\/avatar\\\/42749d8b712ff9d59ca93dc150494e5b55a44134482993f5baeb97e61b7ecc89?s=96&d=mm&r=g\",\"contentUrl\":\"https:\\\/\\\/secure.gravatar.com\\\/avatar\\\/42749d8b712ff9d59ca93dc150494e5b55a44134482993f5baeb97e61b7ecc89?s=96&d=mm&r=g\",\"caption\":\"Roberto\"},\"url\":\"https:\\\/\\\/regiaonews.net.br\\\/2022\\\/author\\\/roberto\\\/\"}]}<\/script>\n<!-- \/ Yoast SEO plugin. -->","yoast_head_json":{"title":"Novo contrato vai ampliar funcionalidades das c\u00e2maras corporais com foco na integra\u00e7\u00e3o da informa\u00e7\u00e3o - Regi\u00e3o News","robots":{"index":"index","follow":"follow","max-snippet":"max-snippet:-1","max-image-preview":"max-image-preview:large","max-video-preview":"max-video-preview:-1"},"canonical":"https:\/\/regiaonews.net.br\/2022\/2024\/03\/26\/novo-contrato-vai-ampliar-funcionalidades-das-camaras-corporais-com-foco-na-integracao-da-informacao\/","og_locale":"pt_BR","og_type":"article","og_title":"Novo contrato vai ampliar funcionalidades das c\u00e2maras corporais com foco na integra\u00e7\u00e3o da informa\u00e7\u00e3o - Regi\u00e3o News","og_description":"&nbsp; Por Secom Equipamento integrar\u00e1 intelig\u00eancia do programa Muralha Paulista","og_url":"https:\/\/regiaonews.net.br\/2022\/2024\/03\/26\/novo-contrato-vai-ampliar-funcionalidades-das-camaras-corporais-com-foco-na-integracao-da-informacao\/","og_site_name":"Regi\u00e3o News","article_published_time":"2024-03-26T19:19:04+00:00","og_image":[{"width":820,"height":546,"url":"https:\/\/regiaonews.net.br\/2022\/wp-content\/uploads\/2024\/03\/00053758.jpeg","type":"image\/jpeg"}],"author":"Roberto","twitter_card":"summary_large_image","twitter_misc":{"Escrito por":"Roberto","Est. tempo de leitura":"3 minutos"},"schema":{"@context":"https:\/\/schema.org","@graph":[{"@type":"Article","@id":"https:\/\/regiaonews.net.br\/2022\/2024\/03\/26\/novo-contrato-vai-ampliar-funcionalidades-das-camaras-corporais-com-foco-na-integracao-da-informacao\/#article","isPartOf":{"@id":"https:\/\/regiaonews.net.br\/2022\/2024\/03\/26\/novo-contrato-vai-ampliar-funcionalidades-das-camaras-corporais-com-foco-na-integracao-da-informacao\/"},"author":{"name":"Roberto","@id":"https:\/\/regiaonews.net.br\/2022\/#\/schema\/person\/2d205a608a5aa97ac279d7a5e6d89ad8"},"headline":"Novo contrato vai ampliar funcionalidades das c\u00e2maras corporais com foco na integra\u00e7\u00e3o da informa\u00e7\u00e3o","datePublished":"2024-03-26T19:19:04+00:00","mainEntityOfPage":{"@id":"https:\/\/regiaonews.net.br\/2022\/2024\/03\/26\/novo-contrato-vai-ampliar-funcionalidades-das-camaras-corporais-com-foco-na-integracao-da-informacao\/"},"wordCount":503,"commentCount":0,"publisher":{"@id":"https:\/\/regiaonews.net.br\/2022\/#organization"},"image":{"@id":"https:\/\/regiaonews.net.br\/2022\/2024\/03\/26\/novo-contrato-vai-ampliar-funcionalidades-das-camaras-corporais-com-foco-na-integracao-da-informacao\/#primaryimage"},"thumbnailUrl":"https:\/\/regiaonews.net.br\/2022\/wp-content\/uploads\/2024\/03\/00053758.jpeg","articleSection":["Estado de S\u00e3o Paulo","Policia"],"inLanguage":"pt-BR","potentialAction":[{"@type":"CommentAction","name":"Comment","target":["https:\/\/regiaonews.net.br\/2022\/2024\/03\/26\/novo-contrato-vai-ampliar-funcionalidades-das-camaras-corporais-com-foco-na-integracao-da-informacao\/#respond"]}]},{"@type":"WebPage","@id":"https:\/\/regiaonews.net.br\/2022\/2024\/03\/26\/novo-contrato-vai-ampliar-funcionalidades-das-camaras-corporais-com-foco-na-integracao-da-informacao\/","url":"https:\/\/regiaonews.net.br\/2022\/2024\/03\/26\/novo-contrato-vai-ampliar-funcionalidades-das-camaras-corporais-com-foco-na-integracao-da-informacao\/","name":"Novo contrato vai ampliar funcionalidades das c\u00e2maras corporais com foco na integra\u00e7\u00e3o da informa\u00e7\u00e3o - Regi\u00e3o News","isPartOf":{"@id":"https:\/\/regiaonews.net.br\/2022\/#website"},"primaryImageOfPage":{"@id":"https:\/\/regiaonews.net.br\/2022\/2024\/03\/26\/novo-contrato-vai-ampliar-funcionalidades-das-camaras-corporais-com-foco-na-integracao-da-informacao\/#primaryimage"},"image":{"@id":"https:\/\/regiaonews.net.br\/2022\/2024\/03\/26\/novo-contrato-vai-ampliar-funcionalidades-das-camaras-corporais-com-foco-na-integracao-da-informacao\/#primaryimage"},"thumbnailUrl":"https:\/\/regiaonews.net.br\/2022\/wp-content\/uploads\/2024\/03\/00053758.jpeg","datePublished":"2024-03-26T19:19:04+00:00","breadcrumb":{"@id":"https:\/\/regiaonews.net.br\/2022\/2024\/03\/26\/novo-contrato-vai-ampliar-funcionalidades-das-camaras-corporais-com-foco-na-integracao-da-informacao\/#breadcrumb"},"inLanguage":"pt-BR","potentialAction":[{"@type":"ReadAction","target":["https:\/\/regiaonews.net.br\/2022\/2024\/03\/26\/novo-contrato-vai-ampliar-funcionalidades-das-camaras-corporais-com-foco-na-integracao-da-informacao\/"]}]},{"@type":"ImageObject","inLanguage":"pt-BR","@id":"https:\/\/regiaonews.net.br\/2022\/2024\/03\/26\/novo-contrato-vai-ampliar-funcionalidades-das-camaras-corporais-com-foco-na-integracao-da-informacao\/#primaryimage","url":"https:\/\/regiaonews.net.br\/2022\/wp-content\/uploads\/2024\/03\/00053758.jpeg","contentUrl":"https:\/\/regiaonews.net.br\/2022\/wp-content\/uploads\/2024\/03\/00053758.jpeg","width":820,"height":546},{"@type":"BreadcrumbList","@id":"https:\/\/regiaonews.net.br\/2022\/2024\/03\/26\/novo-contrato-vai-ampliar-funcionalidades-das-camaras-corporais-com-foco-na-integracao-da-informacao\/#breadcrumb","itemListElement":[{"@type":"ListItem","position":1,"name":"In\u00edcio","item":"https:\/\/regiaonews.net.br\/2022\/"},{"@type":"ListItem","position":2,"name":"Novo contrato vai ampliar funcionalidades das c\u00e2maras corporais com foco na integra\u00e7\u00e3o da informa\u00e7\u00e3o"}]},{"@type":"WebSite","@id":"https:\/\/regiaonews.net.br\/2022\/#website","url":"https:\/\/regiaonews.net.br\/2022\/","name":"Regi\u00e3o News","description":"Site de Not\u00edcias de Barretos e regi\u00e3o","publisher":{"@id":"https:\/\/regiaonews.net.br\/2022\/#organization"},"potentialAction":[{"@type":"SearchAction","target":{"@type":"EntryPoint","urlTemplate":"https:\/\/regiaonews.net.br\/2022\/?s={search_term_string}"},"query-input":{"@type":"PropertyValueSpecification","valueRequired":true,"valueName":"search_term_string"}}],"inLanguage":"pt-BR"},{"@type":"Organization","@id":"https:\/\/regiaonews.net.br\/2022\/#organization","name":"Regi\u00e3o News","url":"https:\/\/regiaonews.net.br\/2022\/","logo":{"@type":"ImageObject","inLanguage":"pt-BR","@id":"https:\/\/regiaonews.net.br\/2022\/#\/schema\/logo\/image\/","url":"https:\/\/regiaonews.net.br\/2022\/wp-content\/uploads\/2026\/03\/regiao-13-anos-scaled.jpg","contentUrl":"https:\/\/regiaonews.net.br\/2022\/wp-content\/uploads\/2026\/03\/regiao-13-anos-scaled.jpg","width":2560,"height":635,"caption":"Regi\u00e3o News"},"image":{"@id":"https:\/\/regiaonews.net.br\/2022\/#\/schema\/logo\/image\/"}},{"@type":"Person","@id":"https:\/\/regiaonews.net.br\/2022\/#\/schema\/person\/2d205a608a5aa97ac279d7a5e6d89ad8","name":"Roberto","image":{"@type":"ImageObject","inLanguage":"pt-BR","@id":"https:\/\/secure.gravatar.com\/avatar\/42749d8b712ff9d59ca93dc150494e5b55a44134482993f5baeb97e61b7ecc89?s=96&d=mm&r=g","url":"https:\/\/secure.gravatar.com\/avatar\/42749d8b712ff9d59ca93dc150494e5b55a44134482993f5baeb97e61b7ecc89?s=96&d=mm&r=g","contentUrl":"https:\/\/secure.gravatar.com\/avatar\/42749d8b712ff9d59ca93dc150494e5b55a44134482993f5baeb97e61b7ecc89?s=96&d=mm&r=g","caption":"Roberto"},"url":"https:\/\/regiaonews.net.br\/2022\/author\/roberto\/"}]}},"publishpress_future_action":{"enabled":false,"date":"2026-05-03 15:53:47","action":"change-status","newStatus":"draft","terms":[],"taxonomy":"category","extraData":[]},"publishpress_future_workflow_manual_trigger":{"enabledWorkflows":[]},"_links":{"self":[{"href":"https:\/\/regiaonews.net.br\/2022\/wp-json\/wp\/v2\/posts\/102893","targetHints":{"allow":["GET"]}}],"collection":[{"href":"https:\/\/regiaonews.net.br\/2022\/wp-json\/wp\/v2\/posts"}],"about":[{"href":"https:\/\/regiaonews.net.br\/2022\/wp-json\/wp\/v2\/types\/post"}],"author":[{"embeddable":true,"href":"https:\/\/regiaonews.net.br\/2022\/wp-json\/wp\/v2\/users\/2"}],"replies":[{"embeddable":true,"href":"https:\/\/regiaonews.net.br\/2022\/wp-json\/wp\/v2\/comments?post=102893"}],"version-history":[{"count":1,"href":"https:\/\/regiaonews.net.br\/2022\/wp-json\/wp\/v2\/posts\/102893\/revisions"}],"predecessor-version":[{"id":102895,"href":"https:\/\/regiaonews.net.br\/2022\/wp-json\/wp\/v2\/posts\/102893\/revisions\/102895"}],"wp:featuredmedia":[{"embeddable":true,"href":"https:\/\/regiaonews.net.br\/2022\/wp-json\/wp\/v2\/media\/102894"}],"wp:attachment":[{"href":"https:\/\/regiaonews.net.br\/2022\/wp-json\/wp\/v2\/media?parent=102893"}],"wp:term":[{"taxonomy":"category","embeddable":true,"href":"https:\/\/regiaonews.net.br\/2022\/wp-json\/wp\/v2\/categories?post=102893"},{"taxonomy":"post_tag","embeddable":true,"href":"https:\/\/regiaonews.net.br\/2022\/wp-json\/wp\/v2\/tags?post=102893"}],"curies":[{"name":"wp","href":"https:\/\/api.w.org\/{rel}","templated":true}]}}