{"id":102880,"date":"2024-03-26T13:32:32","date_gmt":"2024-03-26T16:32:32","guid":{"rendered":"https:\/\/regiaonews.net.br\/2022\/?p=102880"},"modified":"2024-03-26T13:34:11","modified_gmt":"2024-03-26T16:34:11","slug":"sinsprev-participa-do-dia-de-mobilizacao-em-defesa-da-democracia","status":"publish","type":"post","link":"https:\/\/regiaonews.net.br\/2022\/2024\/03\/26\/sinsprev-participa-do-dia-de-mobilizacao-em-defesa-da-democracia\/","title":{"rendered":"Sinsprev participa do Dia de Mobiliza\u00e7\u00e3o em Defesa da Democracia"},"content":{"rendered":"<p>Os ataques \u00e0 democracia n\u00e3o podem ser esquecidos<\/p>\n<p>O Dia de Mobiliza\u00e7\u00e3o Nacional em Defesa da Democracia, 23 de mar\u00e7o, foi marcado por atos p\u00fablicos em mais de 20 cidades em todo o Brasil.<\/p>\n<p>Na cidade de S\u00e3o Paulo a manifesta\u00e7\u00e3o, convocada pelas Frentes Brasil Popular e Povo Sem Medo, aconteceu em frente \u00e0 Faculdade de Direito da Universidade de S\u00e3o Paulo (USP), no Largo S\u00e3o Francisco.<\/p>\n<p>O Sinsprev\/SP juntou-se \u00e0s demais categorias e movimentos alertando que a luta pela Democracia \u00e9 di\u00e1ria e que um pa\u00eds n\u00e3o pode viver sob amea\u00e7as de golpes e de ataques a direitos sociais e civis, pois n\u00e3o h\u00e1 avan\u00e7os sociais, trabalhistas e pol\u00edticos fora do regime democr\u00e1tico, como pretende a extrema direita.<\/p>\n<p>Um dos pontos da manifesta\u00e7\u00e3o foi garantir a mem\u00f3ria dos 60 anos do golpe de estado no Brasil para que n\u00e3o mais se repita, como tentaram os golpistas de 8 de janeiro de 2023, al\u00e9m de prestar solidariedade e exigir o fim do genoc\u00eddio do governo de Israel contra o povo palestino.<\/p>\n<p>Somente no regime democr\u00e1tico a popula\u00e7\u00e3o tem todos seus direitos garantidos. Prova disto \u00e9 que somente ap\u00f3s seis anos os supostos mandantes do assassinato da vereadora Marielle Franco e de seu motorista Anderson Gomes foram presos. At\u00e9 ent\u00e3o, a investiga\u00e7\u00e3o ficou restrita \u00e0 pol\u00edcia civil, cujo chefe da Pol\u00edcia Civil do Rio de Janeiro \u00e0 \u00e9poca dos assassinatos, Rivaldo Barbosa, foi um dos presos no dia de ontem, 24 de mar\u00e7o, apontado pela Pol\u00edcia Federal como suspeito de planejar o crime.<\/p>\n<p>Todos acompanharam estarrecidos ao longo de cinco anos a troca de chefias na pol\u00edcia carioca e a recusa em enviar o caso para o \u00e2mbito federal. Somente a partir de 2023, ap\u00f3s a sa\u00edda do governo anterior, a Pol\u00edcia Federal pode comandar as investiga\u00e7\u00f5es e prender os supostos mandantes que, al\u00e9m do ex-chefe da Pol\u00edcia Civil do Rio de Janeiro, Rivaldo Barbosa, tamb\u00e9m apontou os irm\u00e3os Domingos e Chiquinho Braz\u00e3o, conselheiro do Tribunal de Contas do Estado (TCE) do Rio de Janeiro e deputado federal pelo Uni\u00e3o Brasil, respectivamente, que, segundo relat\u00f3rio da Pol\u00edcia Federal, foram os idealizadores do assassinato de Marielle Franco, por ela contestar loteamento de terras que envolvia interesses da mil\u00edcia e grilagem.<\/p>\n<p>O avan\u00e7o da extrema direita em todo o mundo \u00e9 fruto da crise econ\u00f4mica que assola os mais diversos pa\u00edses, assim como o Brasil. Para n\u00e3o perder seus privil\u00e9gios, \u00e0 extrema direita avan\u00e7a sobre os direitos conquistados pelos trabalhadores, mesmo que para isso aumente a desigualdade social, chegando ao extremismo de autoridades p\u00fablicas encomendarem o assassinato de quem os combata.<\/p>\n<p><a href=\"https:\/\/regiaonews.net.br\/2022\/wp-content\/uploads\/2024\/03\/FB_IMG_1711470421615.jpg\"><img loading=\"lazy\" decoding=\"async\" class=\"alignnone size-medium wp-image-102881\" src=\"https:\/\/regiaonews.net.br\/2022\/wp-content\/uploads\/2024\/03\/FB_IMG_1711470421615-300x200.jpg\" alt=\"\" width=\"300\" height=\"200\" srcset=\"https:\/\/regiaonews.net.br\/2022\/wp-content\/uploads\/2024\/03\/FB_IMG_1711470421615-300x200.jpg 300w, https:\/\/regiaonews.net.br\/2022\/wp-content\/uploads\/2024\/03\/FB_IMG_1711470421615-1024x683.jpg 1024w, https:\/\/regiaonews.net.br\/2022\/wp-content\/uploads\/2024\/03\/FB_IMG_1711470421615-768x512.jpg 768w, https:\/\/regiaonews.net.br\/2022\/wp-content\/uploads\/2024\/03\/FB_IMG_1711470421615-250x167.jpg 250w, https:\/\/regiaonews.net.br\/2022\/wp-content\/uploads\/2024\/03\/FB_IMG_1711470421615-900x600.jpg 900w, https:\/\/regiaonews.net.br\/2022\/wp-content\/uploads\/2024\/03\/FB_IMG_1711470421615.jpg 1079w\" sizes=\"auto, (max-width: 300px) 100vw, 300px\" \/><\/a> <a href=\"https:\/\/regiaonews.net.br\/2022\/wp-content\/uploads\/2024\/03\/FB_IMG_1711470416191.jpg\"><img loading=\"lazy\" decoding=\"async\" class=\"alignnone size-medium wp-image-102882\" src=\"https:\/\/regiaonews.net.br\/2022\/wp-content\/uploads\/2024\/03\/FB_IMG_1711470416191-300x200.jpg\" alt=\"\" width=\"300\" height=\"200\" srcset=\"https:\/\/regiaonews.net.br\/2022\/wp-content\/uploads\/2024\/03\/FB_IMG_1711470416191-300x200.jpg 300w, https:\/\/regiaonews.net.br\/2022\/wp-content\/uploads\/2024\/03\/FB_IMG_1711470416191-1024x683.jpg 1024w, https:\/\/regiaonews.net.br\/2022\/wp-content\/uploads\/2024\/03\/FB_IMG_1711470416191-768x512.jpg 768w, https:\/\/regiaonews.net.br\/2022\/wp-content\/uploads\/2024\/03\/FB_IMG_1711470416191-250x167.jpg 250w, https:\/\/regiaonews.net.br\/2022\/wp-content\/uploads\/2024\/03\/FB_IMG_1711470416191-900x600.jpg 900w, https:\/\/regiaonews.net.br\/2022\/wp-content\/uploads\/2024\/03\/FB_IMG_1711470416191.jpg 1079w\" sizes=\"auto, (max-width: 300px) 100vw, 300px\" \/><\/a> <a href=\"https:\/\/regiaonews.net.br\/2022\/wp-content\/uploads\/2024\/03\/FB_IMG_1711470398322.jpg\"><img loading=\"lazy\" decoding=\"async\" class=\"alignnone size-medium wp-image-102883\" src=\"https:\/\/regiaonews.net.br\/2022\/wp-content\/uploads\/2024\/03\/FB_IMG_1711470398322-300x225.jpg\" alt=\"\" width=\"300\" height=\"225\" srcset=\"https:\/\/regiaonews.net.br\/2022\/wp-content\/uploads\/2024\/03\/FB_IMG_1711470398322-300x225.jpg 300w, https:\/\/regiaonews.net.br\/2022\/wp-content\/uploads\/2024\/03\/FB_IMG_1711470398322-1024x768.jpg 1024w, https:\/\/regiaonews.net.br\/2022\/wp-content\/uploads\/2024\/03\/FB_IMG_1711470398322-768x576.jpg 768w, https:\/\/regiaonews.net.br\/2022\/wp-content\/uploads\/2024\/03\/FB_IMG_1711470398322-250x188.jpg 250w, https:\/\/regiaonews.net.br\/2022\/wp-content\/uploads\/2024\/03\/FB_IMG_1711470398322-200x150.jpg 200w, https:\/\/regiaonews.net.br\/2022\/wp-content\/uploads\/2024\/03\/FB_IMG_1711470398322.jpg 1080w\" sizes=\"auto, (max-width: 300px) 100vw, 300px\" \/><\/a> <a href=\"https:\/\/regiaonews.net.br\/2022\/wp-content\/uploads\/2024\/03\/FB_IMG_1711470389729.jpg\"><img loading=\"lazy\" decoding=\"async\" class=\"alignnone size-medium wp-image-102884\" src=\"https:\/\/regiaonews.net.br\/2022\/wp-content\/uploads\/2024\/03\/FB_IMG_1711470389729-300x200.jpg\" alt=\"\" width=\"300\" height=\"200\" srcset=\"https:\/\/regiaonews.net.br\/2022\/wp-content\/uploads\/2024\/03\/FB_IMG_1711470389729-300x200.jpg 300w, https:\/\/regiaonews.net.br\/2022\/wp-content\/uploads\/2024\/03\/FB_IMG_1711470389729-1024x683.jpg 1024w, https:\/\/regiaonews.net.br\/2022\/wp-content\/uploads\/2024\/03\/FB_IMG_1711470389729-768x512.jpg 768w, https:\/\/regiaonews.net.br\/2022\/wp-content\/uploads\/2024\/03\/FB_IMG_1711470389729-250x167.jpg 250w, https:\/\/regiaonews.net.br\/2022\/wp-content\/uploads\/2024\/03\/FB_IMG_1711470389729-900x600.jpg 900w, https:\/\/regiaonews.net.br\/2022\/wp-content\/uploads\/2024\/03\/FB_IMG_1711470389729.jpg 1079w\" sizes=\"auto, (max-width: 300px) 100vw, 300px\" \/><\/a><\/p>\n","protected":false},"excerpt":{"rendered":"<p>Os ataques \u00e0 democracia n\u00e3o podem ser esquecidos O Dia<\/p>\n","protected":false},"author":2,"featured_media":102885,"comment_status":"open","ping_status":"open","sticky":false,"template":"","format":"standard","meta":{"footnotes":""},"categories":[25,29],"tags":[],"class_list":["post-102880","post","type-post","status-publish","format-standard","has-post-thumbnail","hentry","category-cidades","category-sao-paulo"],"yoast_head":"<!-- This site is optimized with the Yoast SEO plugin v27.4 - https:\/\/yoast.com\/product\/yoast-seo-wordpress\/ -->\n<title>Sinsprev participa do Dia de Mobiliza\u00e7\u00e3o em Defesa da Democracia - Regi\u00e3o News<\/title>\n<meta name=\"robots\" content=\"index, follow, max-snippet:-1, max-image-preview:large, max-video-preview:-1\" \/>\n<link rel=\"canonical\" href=\"https:\/\/regiaonews.net.br\/2022\/2024\/03\/26\/sinsprev-participa-do-dia-de-mobilizacao-em-defesa-da-democracia\/\" \/>\n<meta property=\"og:locale\" content=\"pt_BR\" \/>\n<meta property=\"og:type\" content=\"article\" \/>\n<meta property=\"og:title\" content=\"Sinsprev participa do Dia de Mobiliza\u00e7\u00e3o em Defesa da Democracia - Regi\u00e3o News\" \/>\n<meta property=\"og:description\" content=\"Os ataques \u00e0 democracia n\u00e3o podem ser esquecidos O Dia\" \/>\n<meta property=\"og:url\" content=\"https:\/\/regiaonews.net.br\/2022\/2024\/03\/26\/sinsprev-participa-do-dia-de-mobilizacao-em-defesa-da-democracia\/\" \/>\n<meta property=\"og:site_name\" content=\"Regi\u00e3o News\" \/>\n<meta property=\"article:published_time\" content=\"2024-03-26T16:32:32+00:00\" \/>\n<meta property=\"article:modified_time\" content=\"2024-03-26T16:34:11+00:00\" \/>\n<meta property=\"og:image\" content=\"https:\/\/regiaonews.net.br\/2022\/wp-content\/uploads\/2024\/03\/FB_IMG_1711470384003.jpg\" \/>\n\t<meta property=\"og:image:width\" content=\"1079\" \/>\n\t<meta property=\"og:image:height\" content=\"720\" \/>\n\t<meta property=\"og:image:type\" content=\"image\/jpeg\" \/>\n<meta name=\"author\" content=\"Roberto\" \/>\n<meta name=\"twitter:card\" content=\"summary_large_image\" \/>\n<meta name=\"twitter:label1\" content=\"Escrito por\" \/>\n\t<meta name=\"twitter:data1\" content=\"Roberto\" \/>\n\t<meta name=\"twitter:label2\" content=\"Est. tempo de leitura\" \/>\n\t<meta name=\"twitter:data2\" content=\"4 minutos\" \/>\n<script type=\"application\/ld+json\" class=\"yoast-schema-graph\">{\"@context\":\"https:\\\/\\\/schema.org\",\"@graph\":[{\"@type\":\"Article\",\"@id\":\"https:\\\/\\\/regiaonews.net.br\\\/2022\\\/2024\\\/03\\\/26\\\/sinsprev-participa-do-dia-de-mobilizacao-em-defesa-da-democracia\\\/#article\",\"isPartOf\":{\"@id\":\"https:\\\/\\\/regiaonews.net.br\\\/2022\\\/2024\\\/03\\\/26\\\/sinsprev-participa-do-dia-de-mobilizacao-em-defesa-da-democracia\\\/\"},\"author\":{\"name\":\"Roberto\",\"@id\":\"https:\\\/\\\/regiaonews.net.br\\\/2022\\\/#\\\/schema\\\/person\\\/2d205a608a5aa97ac279d7a5e6d89ad8\"},\"headline\":\"Sinsprev participa do Dia de Mobiliza\u00e7\u00e3o em Defesa da Democracia\",\"datePublished\":\"2024-03-26T16:32:32+00:00\",\"dateModified\":\"2024-03-26T16:34:11+00:00\",\"mainEntityOfPage\":{\"@id\":\"https:\\\/\\\/regiaonews.net.br\\\/2022\\\/2024\\\/03\\\/26\\\/sinsprev-participa-do-dia-de-mobilizacao-em-defesa-da-democracia\\\/\"},\"wordCount\":476,\"commentCount\":0,\"publisher\":{\"@id\":\"https:\\\/\\\/regiaonews.net.br\\\/2022\\\/#organization\"},\"image\":{\"@id\":\"https:\\\/\\\/regiaonews.net.br\\\/2022\\\/2024\\\/03\\\/26\\\/sinsprev-participa-do-dia-de-mobilizacao-em-defesa-da-democracia\\\/#primaryimage\"},\"thumbnailUrl\":\"https:\\\/\\\/regiaonews.net.br\\\/2022\\\/wp-content\\\/uploads\\\/2024\\\/03\\\/FB_IMG_1711470384003.jpg\",\"articleSection\":[\"Cidades\",\"S\u00e3o Paulo\"],\"inLanguage\":\"pt-BR\",\"potentialAction\":[{\"@type\":\"CommentAction\",\"name\":\"Comment\",\"target\":[\"https:\\\/\\\/regiaonews.net.br\\\/2022\\\/2024\\\/03\\\/26\\\/sinsprev-participa-do-dia-de-mobilizacao-em-defesa-da-democracia\\\/#respond\"]}]},{\"@type\":\"WebPage\",\"@id\":\"https:\\\/\\\/regiaonews.net.br\\\/2022\\\/2024\\\/03\\\/26\\\/sinsprev-participa-do-dia-de-mobilizacao-em-defesa-da-democracia\\\/\",\"url\":\"https:\\\/\\\/regiaonews.net.br\\\/2022\\\/2024\\\/03\\\/26\\\/sinsprev-participa-do-dia-de-mobilizacao-em-defesa-da-democracia\\\/\",\"name\":\"Sinsprev participa do Dia de Mobiliza\u00e7\u00e3o em Defesa da Democracia - Regi\u00e3o News\",\"isPartOf\":{\"@id\":\"https:\\\/\\\/regiaonews.net.br\\\/2022\\\/#website\"},\"primaryImageOfPage\":{\"@id\":\"https:\\\/\\\/regiaonews.net.br\\\/2022\\\/2024\\\/03\\\/26\\\/sinsprev-participa-do-dia-de-mobilizacao-em-defesa-da-democracia\\\/#primaryimage\"},\"image\":{\"@id\":\"https:\\\/\\\/regiaonews.net.br\\\/2022\\\/2024\\\/03\\\/26\\\/sinsprev-participa-do-dia-de-mobilizacao-em-defesa-da-democracia\\\/#primaryimage\"},\"thumbnailUrl\":\"https:\\\/\\\/regiaonews.net.br\\\/2022\\\/wp-content\\\/uploads\\\/2024\\\/03\\\/FB_IMG_1711470384003.jpg\",\"datePublished\":\"2024-03-26T16:32:32+00:00\",\"dateModified\":\"2024-03-26T16:34:11+00:00\",\"breadcrumb\":{\"@id\":\"https:\\\/\\\/regiaonews.net.br\\\/2022\\\/2024\\\/03\\\/26\\\/sinsprev-participa-do-dia-de-mobilizacao-em-defesa-da-democracia\\\/#breadcrumb\"},\"inLanguage\":\"pt-BR\",\"potentialAction\":[{\"@type\":\"ReadAction\",\"target\":[\"https:\\\/\\\/regiaonews.net.br\\\/2022\\\/2024\\\/03\\\/26\\\/sinsprev-participa-do-dia-de-mobilizacao-em-defesa-da-democracia\\\/\"]}]},{\"@type\":\"ImageObject\",\"inLanguage\":\"pt-BR\",\"@id\":\"https:\\\/\\\/regiaonews.net.br\\\/2022\\\/2024\\\/03\\\/26\\\/sinsprev-participa-do-dia-de-mobilizacao-em-defesa-da-democracia\\\/#primaryimage\",\"url\":\"https:\\\/\\\/regiaonews.net.br\\\/2022\\\/wp-content\\\/uploads\\\/2024\\\/03\\\/FB_IMG_1711470384003.jpg\",\"contentUrl\":\"https:\\\/\\\/regiaonews.net.br\\\/2022\\\/wp-content\\\/uploads\\\/2024\\\/03\\\/FB_IMG_1711470384003.jpg\",\"width\":1079,\"height\":720},{\"@type\":\"BreadcrumbList\",\"@id\":\"https:\\\/\\\/regiaonews.net.br\\\/2022\\\/2024\\\/03\\\/26\\\/sinsprev-participa-do-dia-de-mobilizacao-em-defesa-da-democracia\\\/#breadcrumb\",\"itemListElement\":[{\"@type\":\"ListItem\",\"position\":1,\"name\":\"In\u00edcio\",\"item\":\"https:\\\/\\\/regiaonews.net.br\\\/2022\\\/\"},{\"@type\":\"ListItem\",\"position\":2,\"name\":\"Sinsprev participa do Dia de Mobiliza\u00e7\u00e3o em Defesa da Democracia\"}]},{\"@type\":\"WebSite\",\"@id\":\"https:\\\/\\\/regiaonews.net.br\\\/2022\\\/#website\",\"url\":\"https:\\\/\\\/regiaonews.net.br\\\/2022\\\/\",\"name\":\"Regi\u00e3o News\",\"description\":\"Site de Not\u00edcias de Barretos e regi\u00e3o\",\"publisher\":{\"@id\":\"https:\\\/\\\/regiaonews.net.br\\\/2022\\\/#organization\"},\"potentialAction\":[{\"@type\":\"SearchAction\",\"target\":{\"@type\":\"EntryPoint\",\"urlTemplate\":\"https:\\\/\\\/regiaonews.net.br\\\/2022\\\/?s={search_term_string}\"},\"query-input\":{\"@type\":\"PropertyValueSpecification\",\"valueRequired\":true,\"valueName\":\"search_term_string\"}}],\"inLanguage\":\"pt-BR\"},{\"@type\":\"Organization\",\"@id\":\"https:\\\/\\\/regiaonews.net.br\\\/2022\\\/#organization\",\"name\":\"Regi\u00e3o News\",\"url\":\"https:\\\/\\\/regiaonews.net.br\\\/2022\\\/\",\"logo\":{\"@type\":\"ImageObject\",\"inLanguage\":\"pt-BR\",\"@id\":\"https:\\\/\\\/regiaonews.net.br\\\/2022\\\/#\\\/schema\\\/logo\\\/image\\\/\",\"url\":\"https:\\\/\\\/regiaonews.net.br\\\/2022\\\/wp-content\\\/uploads\\\/2026\\\/03\\\/regiao-13-anos-scaled.jpg\",\"contentUrl\":\"https:\\\/\\\/regiaonews.net.br\\\/2022\\\/wp-content\\\/uploads\\\/2026\\\/03\\\/regiao-13-anos-scaled.jpg\",\"width\":2560,\"height\":635,\"caption\":\"Regi\u00e3o News\"},\"image\":{\"@id\":\"https:\\\/\\\/regiaonews.net.br\\\/2022\\\/#\\\/schema\\\/logo\\\/image\\\/\"}},{\"@type\":\"Person\",\"@id\":\"https:\\\/\\\/regiaonews.net.br\\\/2022\\\/#\\\/schema\\\/person\\\/2d205a608a5aa97ac279d7a5e6d89ad8\",\"name\":\"Roberto\",\"image\":{\"@type\":\"ImageObject\",\"inLanguage\":\"pt-BR\",\"@id\":\"https:\\\/\\\/secure.gravatar.com\\\/avatar\\\/42749d8b712ff9d59ca93dc150494e5b55a44134482993f5baeb97e61b7ecc89?s=96&d=mm&r=g\",\"url\":\"https:\\\/\\\/secure.gravatar.com\\\/avatar\\\/42749d8b712ff9d59ca93dc150494e5b55a44134482993f5baeb97e61b7ecc89?s=96&d=mm&r=g\",\"contentUrl\":\"https:\\\/\\\/secure.gravatar.com\\\/avatar\\\/42749d8b712ff9d59ca93dc150494e5b55a44134482993f5baeb97e61b7ecc89?s=96&d=mm&r=g\",\"caption\":\"Roberto\"},\"url\":\"https:\\\/\\\/regiaonews.net.br\\\/2022\\\/author\\\/roberto\\\/\"}]}<\/script>\n<!-- \/ Yoast SEO plugin. -->","yoast_head_json":{"title":"Sinsprev participa do Dia de Mobiliza\u00e7\u00e3o em Defesa da Democracia - Regi\u00e3o News","robots":{"index":"index","follow":"follow","max-snippet":"max-snippet:-1","max-image-preview":"max-image-preview:large","max-video-preview":"max-video-preview:-1"},"canonical":"https:\/\/regiaonews.net.br\/2022\/2024\/03\/26\/sinsprev-participa-do-dia-de-mobilizacao-em-defesa-da-democracia\/","og_locale":"pt_BR","og_type":"article","og_title":"Sinsprev participa do Dia de Mobiliza\u00e7\u00e3o em Defesa da Democracia - Regi\u00e3o News","og_description":"Os ataques \u00e0 democracia n\u00e3o podem ser esquecidos O Dia","og_url":"https:\/\/regiaonews.net.br\/2022\/2024\/03\/26\/sinsprev-participa-do-dia-de-mobilizacao-em-defesa-da-democracia\/","og_site_name":"Regi\u00e3o News","article_published_time":"2024-03-26T16:32:32+00:00","article_modified_time":"2024-03-26T16:34:11+00:00","og_image":[{"width":1079,"height":720,"url":"https:\/\/regiaonews.net.br\/2022\/wp-content\/uploads\/2024\/03\/FB_IMG_1711470384003.jpg","type":"image\/jpeg"}],"author":"Roberto","twitter_card":"summary_large_image","twitter_misc":{"Escrito por":"Roberto","Est. tempo de leitura":"4 minutos"},"schema":{"@context":"https:\/\/schema.org","@graph":[{"@type":"Article","@id":"https:\/\/regiaonews.net.br\/2022\/2024\/03\/26\/sinsprev-participa-do-dia-de-mobilizacao-em-defesa-da-democracia\/#article","isPartOf":{"@id":"https:\/\/regiaonews.net.br\/2022\/2024\/03\/26\/sinsprev-participa-do-dia-de-mobilizacao-em-defesa-da-democracia\/"},"author":{"name":"Roberto","@id":"https:\/\/regiaonews.net.br\/2022\/#\/schema\/person\/2d205a608a5aa97ac279d7a5e6d89ad8"},"headline":"Sinsprev participa do Dia de Mobiliza\u00e7\u00e3o em Defesa da Democracia","datePublished":"2024-03-26T16:32:32+00:00","dateModified":"2024-03-26T16:34:11+00:00","mainEntityOfPage":{"@id":"https:\/\/regiaonews.net.br\/2022\/2024\/03\/26\/sinsprev-participa-do-dia-de-mobilizacao-em-defesa-da-democracia\/"},"wordCount":476,"commentCount":0,"publisher":{"@id":"https:\/\/regiaonews.net.br\/2022\/#organization"},"image":{"@id":"https:\/\/regiaonews.net.br\/2022\/2024\/03\/26\/sinsprev-participa-do-dia-de-mobilizacao-em-defesa-da-democracia\/#primaryimage"},"thumbnailUrl":"https:\/\/regiaonews.net.br\/2022\/wp-content\/uploads\/2024\/03\/FB_IMG_1711470384003.jpg","articleSection":["Cidades","S\u00e3o Paulo"],"inLanguage":"pt-BR","potentialAction":[{"@type":"CommentAction","name":"Comment","target":["https:\/\/regiaonews.net.br\/2022\/2024\/03\/26\/sinsprev-participa-do-dia-de-mobilizacao-em-defesa-da-democracia\/#respond"]}]},{"@type":"WebPage","@id":"https:\/\/regiaonews.net.br\/2022\/2024\/03\/26\/sinsprev-participa-do-dia-de-mobilizacao-em-defesa-da-democracia\/","url":"https:\/\/regiaonews.net.br\/2022\/2024\/03\/26\/sinsprev-participa-do-dia-de-mobilizacao-em-defesa-da-democracia\/","name":"Sinsprev participa do Dia de Mobiliza\u00e7\u00e3o em Defesa da Democracia - Regi\u00e3o News","isPartOf":{"@id":"https:\/\/regiaonews.net.br\/2022\/#website"},"primaryImageOfPage":{"@id":"https:\/\/regiaonews.net.br\/2022\/2024\/03\/26\/sinsprev-participa-do-dia-de-mobilizacao-em-defesa-da-democracia\/#primaryimage"},"image":{"@id":"https:\/\/regiaonews.net.br\/2022\/2024\/03\/26\/sinsprev-participa-do-dia-de-mobilizacao-em-defesa-da-democracia\/#primaryimage"},"thumbnailUrl":"https:\/\/regiaonews.net.br\/2022\/wp-content\/uploads\/2024\/03\/FB_IMG_1711470384003.jpg","datePublished":"2024-03-26T16:32:32+00:00","dateModified":"2024-03-26T16:34:11+00:00","breadcrumb":{"@id":"https:\/\/regiaonews.net.br\/2022\/2024\/03\/26\/sinsprev-participa-do-dia-de-mobilizacao-em-defesa-da-democracia\/#breadcrumb"},"inLanguage":"pt-BR","potentialAction":[{"@type":"ReadAction","target":["https:\/\/regiaonews.net.br\/2022\/2024\/03\/26\/sinsprev-participa-do-dia-de-mobilizacao-em-defesa-da-democracia\/"]}]},{"@type":"ImageObject","inLanguage":"pt-BR","@id":"https:\/\/regiaonews.net.br\/2022\/2024\/03\/26\/sinsprev-participa-do-dia-de-mobilizacao-em-defesa-da-democracia\/#primaryimage","url":"https:\/\/regiaonews.net.br\/2022\/wp-content\/uploads\/2024\/03\/FB_IMG_1711470384003.jpg","contentUrl":"https:\/\/regiaonews.net.br\/2022\/wp-content\/uploads\/2024\/03\/FB_IMG_1711470384003.jpg","width":1079,"height":720},{"@type":"BreadcrumbList","@id":"https:\/\/regiaonews.net.br\/2022\/2024\/03\/26\/sinsprev-participa-do-dia-de-mobilizacao-em-defesa-da-democracia\/#breadcrumb","itemListElement":[{"@type":"ListItem","position":1,"name":"In\u00edcio","item":"https:\/\/regiaonews.net.br\/2022\/"},{"@type":"ListItem","position":2,"name":"Sinsprev participa do Dia de Mobiliza\u00e7\u00e3o em Defesa da Democracia"}]},{"@type":"WebSite","@id":"https:\/\/regiaonews.net.br\/2022\/#website","url":"https:\/\/regiaonews.net.br\/2022\/","name":"Regi\u00e3o News","description":"Site de Not\u00edcias de Barretos e regi\u00e3o","publisher":{"@id":"https:\/\/regiaonews.net.br\/2022\/#organization"},"potentialAction":[{"@type":"SearchAction","target":{"@type":"EntryPoint","urlTemplate":"https:\/\/regiaonews.net.br\/2022\/?s={search_term_string}"},"query-input":{"@type":"PropertyValueSpecification","valueRequired":true,"valueName":"search_term_string"}}],"inLanguage":"pt-BR"},{"@type":"Organization","@id":"https:\/\/regiaonews.net.br\/2022\/#organization","name":"Regi\u00e3o News","url":"https:\/\/regiaonews.net.br\/2022\/","logo":{"@type":"ImageObject","inLanguage":"pt-BR","@id":"https:\/\/regiaonews.net.br\/2022\/#\/schema\/logo\/image\/","url":"https:\/\/regiaonews.net.br\/2022\/wp-content\/uploads\/2026\/03\/regiao-13-anos-scaled.jpg","contentUrl":"https:\/\/regiaonews.net.br\/2022\/wp-content\/uploads\/2026\/03\/regiao-13-anos-scaled.jpg","width":2560,"height":635,"caption":"Regi\u00e3o News"},"image":{"@id":"https:\/\/regiaonews.net.br\/2022\/#\/schema\/logo\/image\/"}},{"@type":"Person","@id":"https:\/\/regiaonews.net.br\/2022\/#\/schema\/person\/2d205a608a5aa97ac279d7a5e6d89ad8","name":"Roberto","image":{"@type":"ImageObject","inLanguage":"pt-BR","@id":"https:\/\/secure.gravatar.com\/avatar\/42749d8b712ff9d59ca93dc150494e5b55a44134482993f5baeb97e61b7ecc89?s=96&d=mm&r=g","url":"https:\/\/secure.gravatar.com\/avatar\/42749d8b712ff9d59ca93dc150494e5b55a44134482993f5baeb97e61b7ecc89?s=96&d=mm&r=g","contentUrl":"https:\/\/secure.gravatar.com\/avatar\/42749d8b712ff9d59ca93dc150494e5b55a44134482993f5baeb97e61b7ecc89?s=96&d=mm&r=g","caption":"Roberto"},"url":"https:\/\/regiaonews.net.br\/2022\/author\/roberto\/"}]}},"publishpress_future_action":{"enabled":false,"date":"2026-05-03 17:35:45","action":"change-status","newStatus":"draft","terms":[],"taxonomy":"category","extraData":[]},"publishpress_future_workflow_manual_trigger":{"enabledWorkflows":[]},"_links":{"self":[{"href":"https:\/\/regiaonews.net.br\/2022\/wp-json\/wp\/v2\/posts\/102880","targetHints":{"allow":["GET"]}}],"collection":[{"href":"https:\/\/regiaonews.net.br\/2022\/wp-json\/wp\/v2\/posts"}],"about":[{"href":"https:\/\/regiaonews.net.br\/2022\/wp-json\/wp\/v2\/types\/post"}],"author":[{"embeddable":true,"href":"https:\/\/regiaonews.net.br\/2022\/wp-json\/wp\/v2\/users\/2"}],"replies":[{"embeddable":true,"href":"https:\/\/regiaonews.net.br\/2022\/wp-json\/wp\/v2\/comments?post=102880"}],"version-history":[{"count":1,"href":"https:\/\/regiaonews.net.br\/2022\/wp-json\/wp\/v2\/posts\/102880\/revisions"}],"predecessor-version":[{"id":102886,"href":"https:\/\/regiaonews.net.br\/2022\/wp-json\/wp\/v2\/posts\/102880\/revisions\/102886"}],"wp:featuredmedia":[{"embeddable":true,"href":"https:\/\/regiaonews.net.br\/2022\/wp-json\/wp\/v2\/media\/102885"}],"wp:attachment":[{"href":"https:\/\/regiaonews.net.br\/2022\/wp-json\/wp\/v2\/media?parent=102880"}],"wp:term":[{"taxonomy":"category","embeddable":true,"href":"https:\/\/regiaonews.net.br\/2022\/wp-json\/wp\/v2\/categories?post=102880"},{"taxonomy":"post_tag","embeddable":true,"href":"https:\/\/regiaonews.net.br\/2022\/wp-json\/wp\/v2\/tags?post=102880"}],"curies":[{"name":"wp","href":"https:\/\/api.w.org\/{rel}","templated":true}]}}