{"id":102855,"date":"2024-03-25T18:09:23","date_gmt":"2024-03-25T21:09:23","guid":{"rendered":"https:\/\/regiaonews.net.br\/2022\/?p=102855"},"modified":"2024-03-25T18:10:12","modified_gmt":"2024-03-25T21:10:12","slug":"advogada-barretense-e-destaque-em-duas-categorias-de-anuario-do-direito","status":"publish","type":"post","link":"https:\/\/regiaonews.net.br\/2022\/2024\/03\/25\/advogada-barretense-e-destaque-em-duas-categorias-de-anuario-do-direito\/","title":{"rendered":"Advogada barretense \u00e9 destaque em duas categorias de anu\u00e1rio do direito"},"content":{"rendered":"<p>&nbsp;<\/p>\n<p>Dra. Arany L&#8217;Apiccirella foi citada duas vezes pelo Anu\u00e1rio Advogadas Mais Admiradas na advocacia brasileira, da empresa An\u00e1lise Editorial<\/p>\n<p>Pelo quarto ano consecutivo, a An\u00e1lise Editorial divulgou na \u00faltima semana os rankings das Advogadas Mais Admiradas na advocacia brasileira, reconhecendo 1.389 profissionais do g\u00eanero, em 19 especialidades, um aumento de 24% no n\u00famero de advogadas reconhecidas, em compara\u00e7\u00e3o com a primeira edi\u00e7\u00e3o do especial, lan\u00e7ada em 2021.<\/p>\n<p>Entre os destaques est\u00e1 a advogada barretense Arany L&#8217;Apiccirella, que teve seu nome citado em duas \u00e1reas de atua\u00e7\u00e3o, a \u00e1rea trabalhista e no setor de a\u00e7\u00facar e \u00e1lcool. Pioneiro no mapeamento do mercado de advocacia brasileiro, o anu\u00e1rio j\u00e1 re\u00fane quase meio milh\u00e3o de dados coletados ao longo de 18 edi\u00e7\u00f5es. A pesquisa para defini\u00e7\u00e3o dos destaques foi realizada entre 26 de junho e 14 de setembro de 2023, entrevistando 1.067 executivos jur\u00eddicos e financeiros das maiores empresas do pa\u00eds.<\/p>\n<p>Para a dra. Arany estar entre os destaques \u00e9 uma honra e um privil\u00e9gio. \u201cSempre foquei meu trabalho nos princ\u00edpios \u00e9ticos do direito e na busca de qualidade, em detalhes, dos resultados apresentados, mas jamais imaginei que um reconhecimento assim, em um anu\u00e1rio especializado, viesse, ainda mais pela segunda vez em quatro edi\u00e7\u00f5es. \u00c9 uma grata e deliciosa surpresa ter meu nome ao lado de algumas das mais importantes e significativas advogadas desse pa\u00eds. Um reconhecimento que vem de an\u00e1lise de departamentos jur\u00eddicos de empresas grandiosas. \u00c9 com muita alegria e humildade que recebo esse destaque\u201d, disse ela, que atualmente ocupa o cago de presidente da 7\u00aa Subse\u00e7\u00e3o da Ordem dos Advogados do Brasil, OAB Barretos.<\/p>\n<p>O An\u00e1lise Editorial \u00e9 a primeira empresa jornal\u00edstica do Brasil dedicada exclusivamente \u00e0 produ\u00e7\u00e3o de publica\u00e7\u00f5es especializadas. Baseadas na pesquisa extensa de dados prim\u00e1rios, todo o conte\u00fado produzido \u00e9 apresentado de forma a facilitar a consulta e proporcionar uma an\u00e1lise profunda e objetiva dos principais setores da economia do pa\u00eds. As publica\u00e7\u00f5es do An\u00e1lise Editorial t\u00eam o objetivo de contribuir com informa\u00e7\u00f5es que ajudem o Brasil a explorar melhor suas potencialidades e a superar suas limita\u00e7\u00f5es.<\/p>\n<p>Foto: Izabella Abe &#8211; King Studio<\/p>\n","protected":false},"excerpt":{"rendered":"<p>&nbsp; Dra. Arany L&#8217;Apiccirella foi citada duas vezes pelo Anu\u00e1rio<\/p>\n","protected":false},"author":2,"featured_media":102857,"comment_status":"open","ping_status":"open","sticky":false,"template":"","format":"standard","meta":{"footnotes":""},"categories":[14,25],"tags":[],"class_list":["post-102855","post","type-post","status-publish","format-standard","has-post-thumbnail","hentry","category-barretos","category-cidades"],"yoast_head":"<!-- This site is optimized with the Yoast SEO plugin v27.4 - https:\/\/yoast.com\/product\/yoast-seo-wordpress\/ -->\n<title>Advogada barretense \u00e9 destaque em duas categorias de anu\u00e1rio do direito - Regi\u00e3o News<\/title>\n<meta name=\"robots\" content=\"index, follow, max-snippet:-1, max-image-preview:large, max-video-preview:-1\" \/>\n<link rel=\"canonical\" href=\"https:\/\/regiaonews.net.br\/2022\/2024\/03\/25\/advogada-barretense-e-destaque-em-duas-categorias-de-anuario-do-direito\/\" \/>\n<meta property=\"og:locale\" content=\"pt_BR\" \/>\n<meta property=\"og:type\" content=\"article\" \/>\n<meta property=\"og:title\" content=\"Advogada barretense \u00e9 destaque em duas categorias de anu\u00e1rio do direito - Regi\u00e3o News\" \/>\n<meta property=\"og:description\" content=\"&nbsp; Dra. Arany L&#8217;Apiccirella foi citada duas vezes pelo Anu\u00e1rio\" \/>\n<meta property=\"og:url\" content=\"https:\/\/regiaonews.net.br\/2022\/2024\/03\/25\/advogada-barretense-e-destaque-em-duas-categorias-de-anuario-do-direito\/\" \/>\n<meta property=\"og:site_name\" content=\"Regi\u00e3o News\" \/>\n<meta property=\"article:published_time\" content=\"2024-03-25T21:09:23+00:00\" \/>\n<meta property=\"article:modified_time\" content=\"2024-03-25T21:10:12+00:00\" \/>\n<meta property=\"og:image\" content=\"https:\/\/regiaonews.net.br\/2022\/wp-content\/uploads\/2024\/03\/WhatsApp-Image-2024-03-25-at-18.00.23.jpeg\" \/>\n\t<meta property=\"og:image:width\" content=\"1067\" \/>\n\t<meta property=\"og:image:height\" content=\"1600\" \/>\n\t<meta property=\"og:image:type\" content=\"image\/jpeg\" \/>\n<meta name=\"author\" content=\"Roberto\" \/>\n<meta name=\"twitter:card\" content=\"summary_large_image\" \/>\n<meta name=\"twitter:label1\" content=\"Escrito por\" \/>\n\t<meta name=\"twitter:data1\" content=\"Roberto\" \/>\n\t<meta name=\"twitter:label2\" content=\"Est. tempo de leitura\" \/>\n\t<meta name=\"twitter:data2\" content=\"3 minutos\" \/>\n<script type=\"application\/ld+json\" class=\"yoast-schema-graph\">{\"@context\":\"https:\\\/\\\/schema.org\",\"@graph\":[{\"@type\":\"Article\",\"@id\":\"https:\\\/\\\/regiaonews.net.br\\\/2022\\\/2024\\\/03\\\/25\\\/advogada-barretense-e-destaque-em-duas-categorias-de-anuario-do-direito\\\/#article\",\"isPartOf\":{\"@id\":\"https:\\\/\\\/regiaonews.net.br\\\/2022\\\/2024\\\/03\\\/25\\\/advogada-barretense-e-destaque-em-duas-categorias-de-anuario-do-direito\\\/\"},\"author\":{\"name\":\"Roberto\",\"@id\":\"https:\\\/\\\/regiaonews.net.br\\\/2022\\\/#\\\/schema\\\/person\\\/2d205a608a5aa97ac279d7a5e6d89ad8\"},\"headline\":\"Advogada barretense \u00e9 destaque em duas categorias de anu\u00e1rio do direito\",\"datePublished\":\"2024-03-25T21:09:23+00:00\",\"dateModified\":\"2024-03-25T21:10:12+00:00\",\"mainEntityOfPage\":{\"@id\":\"https:\\\/\\\/regiaonews.net.br\\\/2022\\\/2024\\\/03\\\/25\\\/advogada-barretense-e-destaque-em-duas-categorias-de-anuario-do-direito\\\/\"},\"wordCount\":382,\"commentCount\":0,\"publisher\":{\"@id\":\"https:\\\/\\\/regiaonews.net.br\\\/2022\\\/#organization\"},\"image\":{\"@id\":\"https:\\\/\\\/regiaonews.net.br\\\/2022\\\/2024\\\/03\\\/25\\\/advogada-barretense-e-destaque-em-duas-categorias-de-anuario-do-direito\\\/#primaryimage\"},\"thumbnailUrl\":\"https:\\\/\\\/regiaonews.net.br\\\/2022\\\/wp-content\\\/uploads\\\/2024\\\/03\\\/WhatsApp-Image-2024-03-25-at-18.00.23.jpeg\",\"articleSection\":[\"Barretos\",\"Cidades\"],\"inLanguage\":\"pt-BR\",\"potentialAction\":[{\"@type\":\"CommentAction\",\"name\":\"Comment\",\"target\":[\"https:\\\/\\\/regiaonews.net.br\\\/2022\\\/2024\\\/03\\\/25\\\/advogada-barretense-e-destaque-em-duas-categorias-de-anuario-do-direito\\\/#respond\"]}]},{\"@type\":\"WebPage\",\"@id\":\"https:\\\/\\\/regiaonews.net.br\\\/2022\\\/2024\\\/03\\\/25\\\/advogada-barretense-e-destaque-em-duas-categorias-de-anuario-do-direito\\\/\",\"url\":\"https:\\\/\\\/regiaonews.net.br\\\/2022\\\/2024\\\/03\\\/25\\\/advogada-barretense-e-destaque-em-duas-categorias-de-anuario-do-direito\\\/\",\"name\":\"Advogada barretense \u00e9 destaque em duas categorias de anu\u00e1rio do direito - Regi\u00e3o News\",\"isPartOf\":{\"@id\":\"https:\\\/\\\/regiaonews.net.br\\\/2022\\\/#website\"},\"primaryImageOfPage\":{\"@id\":\"https:\\\/\\\/regiaonews.net.br\\\/2022\\\/2024\\\/03\\\/25\\\/advogada-barretense-e-destaque-em-duas-categorias-de-anuario-do-direito\\\/#primaryimage\"},\"image\":{\"@id\":\"https:\\\/\\\/regiaonews.net.br\\\/2022\\\/2024\\\/03\\\/25\\\/advogada-barretense-e-destaque-em-duas-categorias-de-anuario-do-direito\\\/#primaryimage\"},\"thumbnailUrl\":\"https:\\\/\\\/regiaonews.net.br\\\/2022\\\/wp-content\\\/uploads\\\/2024\\\/03\\\/WhatsApp-Image-2024-03-25-at-18.00.23.jpeg\",\"datePublished\":\"2024-03-25T21:09:23+00:00\",\"dateModified\":\"2024-03-25T21:10:12+00:00\",\"breadcrumb\":{\"@id\":\"https:\\\/\\\/regiaonews.net.br\\\/2022\\\/2024\\\/03\\\/25\\\/advogada-barretense-e-destaque-em-duas-categorias-de-anuario-do-direito\\\/#breadcrumb\"},\"inLanguage\":\"pt-BR\",\"potentialAction\":[{\"@type\":\"ReadAction\",\"target\":[\"https:\\\/\\\/regiaonews.net.br\\\/2022\\\/2024\\\/03\\\/25\\\/advogada-barretense-e-destaque-em-duas-categorias-de-anuario-do-direito\\\/\"]}]},{\"@type\":\"ImageObject\",\"inLanguage\":\"pt-BR\",\"@id\":\"https:\\\/\\\/regiaonews.net.br\\\/2022\\\/2024\\\/03\\\/25\\\/advogada-barretense-e-destaque-em-duas-categorias-de-anuario-do-direito\\\/#primaryimage\",\"url\":\"https:\\\/\\\/regiaonews.net.br\\\/2022\\\/wp-content\\\/uploads\\\/2024\\\/03\\\/WhatsApp-Image-2024-03-25-at-18.00.23.jpeg\",\"contentUrl\":\"https:\\\/\\\/regiaonews.net.br\\\/2022\\\/wp-content\\\/uploads\\\/2024\\\/03\\\/WhatsApp-Image-2024-03-25-at-18.00.23.jpeg\",\"width\":1067,\"height\":1600},{\"@type\":\"BreadcrumbList\",\"@id\":\"https:\\\/\\\/regiaonews.net.br\\\/2022\\\/2024\\\/03\\\/25\\\/advogada-barretense-e-destaque-em-duas-categorias-de-anuario-do-direito\\\/#breadcrumb\",\"itemListElement\":[{\"@type\":\"ListItem\",\"position\":1,\"name\":\"In\u00edcio\",\"item\":\"https:\\\/\\\/regiaonews.net.br\\\/2022\\\/\"},{\"@type\":\"ListItem\",\"position\":2,\"name\":\"Advogada barretense \u00e9 destaque em duas categorias de anu\u00e1rio do direito\"}]},{\"@type\":\"WebSite\",\"@id\":\"https:\\\/\\\/regiaonews.net.br\\\/2022\\\/#website\",\"url\":\"https:\\\/\\\/regiaonews.net.br\\\/2022\\\/\",\"name\":\"Regi\u00e3o News\",\"description\":\"Site de Not\u00edcias de Barretos e regi\u00e3o\",\"publisher\":{\"@id\":\"https:\\\/\\\/regiaonews.net.br\\\/2022\\\/#organization\"},\"potentialAction\":[{\"@type\":\"SearchAction\",\"target\":{\"@type\":\"EntryPoint\",\"urlTemplate\":\"https:\\\/\\\/regiaonews.net.br\\\/2022\\\/?s={search_term_string}\"},\"query-input\":{\"@type\":\"PropertyValueSpecification\",\"valueRequired\":true,\"valueName\":\"search_term_string\"}}],\"inLanguage\":\"pt-BR\"},{\"@type\":\"Organization\",\"@id\":\"https:\\\/\\\/regiaonews.net.br\\\/2022\\\/#organization\",\"name\":\"Regi\u00e3o News\",\"url\":\"https:\\\/\\\/regiaonews.net.br\\\/2022\\\/\",\"logo\":{\"@type\":\"ImageObject\",\"inLanguage\":\"pt-BR\",\"@id\":\"https:\\\/\\\/regiaonews.net.br\\\/2022\\\/#\\\/schema\\\/logo\\\/image\\\/\",\"url\":\"https:\\\/\\\/regiaonews.net.br\\\/2022\\\/wp-content\\\/uploads\\\/2026\\\/03\\\/regiao-13-anos-scaled.jpg\",\"contentUrl\":\"https:\\\/\\\/regiaonews.net.br\\\/2022\\\/wp-content\\\/uploads\\\/2026\\\/03\\\/regiao-13-anos-scaled.jpg\",\"width\":2560,\"height\":635,\"caption\":\"Regi\u00e3o News\"},\"image\":{\"@id\":\"https:\\\/\\\/regiaonews.net.br\\\/2022\\\/#\\\/schema\\\/logo\\\/image\\\/\"}},{\"@type\":\"Person\",\"@id\":\"https:\\\/\\\/regiaonews.net.br\\\/2022\\\/#\\\/schema\\\/person\\\/2d205a608a5aa97ac279d7a5e6d89ad8\",\"name\":\"Roberto\",\"image\":{\"@type\":\"ImageObject\",\"inLanguage\":\"pt-BR\",\"@id\":\"https:\\\/\\\/secure.gravatar.com\\\/avatar\\\/42749d8b712ff9d59ca93dc150494e5b55a44134482993f5baeb97e61b7ecc89?s=96&d=mm&r=g\",\"url\":\"https:\\\/\\\/secure.gravatar.com\\\/avatar\\\/42749d8b712ff9d59ca93dc150494e5b55a44134482993f5baeb97e61b7ecc89?s=96&d=mm&r=g\",\"contentUrl\":\"https:\\\/\\\/secure.gravatar.com\\\/avatar\\\/42749d8b712ff9d59ca93dc150494e5b55a44134482993f5baeb97e61b7ecc89?s=96&d=mm&r=g\",\"caption\":\"Roberto\"},\"url\":\"https:\\\/\\\/regiaonews.net.br\\\/2022\\\/author\\\/roberto\\\/\"}]}<\/script>\n<!-- \/ Yoast SEO plugin. -->","yoast_head_json":{"title":"Advogada barretense \u00e9 destaque em duas categorias de anu\u00e1rio do direito - Regi\u00e3o News","robots":{"index":"index","follow":"follow","max-snippet":"max-snippet:-1","max-image-preview":"max-image-preview:large","max-video-preview":"max-video-preview:-1"},"canonical":"https:\/\/regiaonews.net.br\/2022\/2024\/03\/25\/advogada-barretense-e-destaque-em-duas-categorias-de-anuario-do-direito\/","og_locale":"pt_BR","og_type":"article","og_title":"Advogada barretense \u00e9 destaque em duas categorias de anu\u00e1rio do direito - Regi\u00e3o News","og_description":"&nbsp; Dra. Arany L&#8217;Apiccirella foi citada duas vezes pelo Anu\u00e1rio","og_url":"https:\/\/regiaonews.net.br\/2022\/2024\/03\/25\/advogada-barretense-e-destaque-em-duas-categorias-de-anuario-do-direito\/","og_site_name":"Regi\u00e3o News","article_published_time":"2024-03-25T21:09:23+00:00","article_modified_time":"2024-03-25T21:10:12+00:00","og_image":[{"width":1067,"height":1600,"url":"https:\/\/regiaonews.net.br\/2022\/wp-content\/uploads\/2024\/03\/WhatsApp-Image-2024-03-25-at-18.00.23.jpeg","type":"image\/jpeg"}],"author":"Roberto","twitter_card":"summary_large_image","twitter_misc":{"Escrito por":"Roberto","Est. tempo de leitura":"3 minutos"},"schema":{"@context":"https:\/\/schema.org","@graph":[{"@type":"Article","@id":"https:\/\/regiaonews.net.br\/2022\/2024\/03\/25\/advogada-barretense-e-destaque-em-duas-categorias-de-anuario-do-direito\/#article","isPartOf":{"@id":"https:\/\/regiaonews.net.br\/2022\/2024\/03\/25\/advogada-barretense-e-destaque-em-duas-categorias-de-anuario-do-direito\/"},"author":{"name":"Roberto","@id":"https:\/\/regiaonews.net.br\/2022\/#\/schema\/person\/2d205a608a5aa97ac279d7a5e6d89ad8"},"headline":"Advogada barretense \u00e9 destaque em duas categorias de anu\u00e1rio do direito","datePublished":"2024-03-25T21:09:23+00:00","dateModified":"2024-03-25T21:10:12+00:00","mainEntityOfPage":{"@id":"https:\/\/regiaonews.net.br\/2022\/2024\/03\/25\/advogada-barretense-e-destaque-em-duas-categorias-de-anuario-do-direito\/"},"wordCount":382,"commentCount":0,"publisher":{"@id":"https:\/\/regiaonews.net.br\/2022\/#organization"},"image":{"@id":"https:\/\/regiaonews.net.br\/2022\/2024\/03\/25\/advogada-barretense-e-destaque-em-duas-categorias-de-anuario-do-direito\/#primaryimage"},"thumbnailUrl":"https:\/\/regiaonews.net.br\/2022\/wp-content\/uploads\/2024\/03\/WhatsApp-Image-2024-03-25-at-18.00.23.jpeg","articleSection":["Barretos","Cidades"],"inLanguage":"pt-BR","potentialAction":[{"@type":"CommentAction","name":"Comment","target":["https:\/\/regiaonews.net.br\/2022\/2024\/03\/25\/advogada-barretense-e-destaque-em-duas-categorias-de-anuario-do-direito\/#respond"]}]},{"@type":"WebPage","@id":"https:\/\/regiaonews.net.br\/2022\/2024\/03\/25\/advogada-barretense-e-destaque-em-duas-categorias-de-anuario-do-direito\/","url":"https:\/\/regiaonews.net.br\/2022\/2024\/03\/25\/advogada-barretense-e-destaque-em-duas-categorias-de-anuario-do-direito\/","name":"Advogada barretense \u00e9 destaque em duas categorias de anu\u00e1rio do direito - Regi\u00e3o News","isPartOf":{"@id":"https:\/\/regiaonews.net.br\/2022\/#website"},"primaryImageOfPage":{"@id":"https:\/\/regiaonews.net.br\/2022\/2024\/03\/25\/advogada-barretense-e-destaque-em-duas-categorias-de-anuario-do-direito\/#primaryimage"},"image":{"@id":"https:\/\/regiaonews.net.br\/2022\/2024\/03\/25\/advogada-barretense-e-destaque-em-duas-categorias-de-anuario-do-direito\/#primaryimage"},"thumbnailUrl":"https:\/\/regiaonews.net.br\/2022\/wp-content\/uploads\/2024\/03\/WhatsApp-Image-2024-03-25-at-18.00.23.jpeg","datePublished":"2024-03-25T21:09:23+00:00","dateModified":"2024-03-25T21:10:12+00:00","breadcrumb":{"@id":"https:\/\/regiaonews.net.br\/2022\/2024\/03\/25\/advogada-barretense-e-destaque-em-duas-categorias-de-anuario-do-direito\/#breadcrumb"},"inLanguage":"pt-BR","potentialAction":[{"@type":"ReadAction","target":["https:\/\/regiaonews.net.br\/2022\/2024\/03\/25\/advogada-barretense-e-destaque-em-duas-categorias-de-anuario-do-direito\/"]}]},{"@type":"ImageObject","inLanguage":"pt-BR","@id":"https:\/\/regiaonews.net.br\/2022\/2024\/03\/25\/advogada-barretense-e-destaque-em-duas-categorias-de-anuario-do-direito\/#primaryimage","url":"https:\/\/regiaonews.net.br\/2022\/wp-content\/uploads\/2024\/03\/WhatsApp-Image-2024-03-25-at-18.00.23.jpeg","contentUrl":"https:\/\/regiaonews.net.br\/2022\/wp-content\/uploads\/2024\/03\/WhatsApp-Image-2024-03-25-at-18.00.23.jpeg","width":1067,"height":1600},{"@type":"BreadcrumbList","@id":"https:\/\/regiaonews.net.br\/2022\/2024\/03\/25\/advogada-barretense-e-destaque-em-duas-categorias-de-anuario-do-direito\/#breadcrumb","itemListElement":[{"@type":"ListItem","position":1,"name":"In\u00edcio","item":"https:\/\/regiaonews.net.br\/2022\/"},{"@type":"ListItem","position":2,"name":"Advogada barretense \u00e9 destaque em duas categorias de anu\u00e1rio do direito"}]},{"@type":"WebSite","@id":"https:\/\/regiaonews.net.br\/2022\/#website","url":"https:\/\/regiaonews.net.br\/2022\/","name":"Regi\u00e3o News","description":"Site de Not\u00edcias de Barretos e regi\u00e3o","publisher":{"@id":"https:\/\/regiaonews.net.br\/2022\/#organization"},"potentialAction":[{"@type":"SearchAction","target":{"@type":"EntryPoint","urlTemplate":"https:\/\/regiaonews.net.br\/2022\/?s={search_term_string}"},"query-input":{"@type":"PropertyValueSpecification","valueRequired":true,"valueName":"search_term_string"}}],"inLanguage":"pt-BR"},{"@type":"Organization","@id":"https:\/\/regiaonews.net.br\/2022\/#organization","name":"Regi\u00e3o News","url":"https:\/\/regiaonews.net.br\/2022\/","logo":{"@type":"ImageObject","inLanguage":"pt-BR","@id":"https:\/\/regiaonews.net.br\/2022\/#\/schema\/logo\/image\/","url":"https:\/\/regiaonews.net.br\/2022\/wp-content\/uploads\/2026\/03\/regiao-13-anos-scaled.jpg","contentUrl":"https:\/\/regiaonews.net.br\/2022\/wp-content\/uploads\/2026\/03\/regiao-13-anos-scaled.jpg","width":2560,"height":635,"caption":"Regi\u00e3o News"},"image":{"@id":"https:\/\/regiaonews.net.br\/2022\/#\/schema\/logo\/image\/"}},{"@type":"Person","@id":"https:\/\/regiaonews.net.br\/2022\/#\/schema\/person\/2d205a608a5aa97ac279d7a5e6d89ad8","name":"Roberto","image":{"@type":"ImageObject","inLanguage":"pt-BR","@id":"https:\/\/secure.gravatar.com\/avatar\/42749d8b712ff9d59ca93dc150494e5b55a44134482993f5baeb97e61b7ecc89?s=96&d=mm&r=g","url":"https:\/\/secure.gravatar.com\/avatar\/42749d8b712ff9d59ca93dc150494e5b55a44134482993f5baeb97e61b7ecc89?s=96&d=mm&r=g","contentUrl":"https:\/\/secure.gravatar.com\/avatar\/42749d8b712ff9d59ca93dc150494e5b55a44134482993f5baeb97e61b7ecc89?s=96&d=mm&r=g","caption":"Roberto"},"url":"https:\/\/regiaonews.net.br\/2022\/author\/roberto\/"}]}},"publishpress_future_action":{"enabled":false,"date":"2026-05-03 17:35:45","action":"change-status","newStatus":"draft","terms":[],"taxonomy":"category","extraData":[]},"publishpress_future_workflow_manual_trigger":{"enabledWorkflows":[]},"_links":{"self":[{"href":"https:\/\/regiaonews.net.br\/2022\/wp-json\/wp\/v2\/posts\/102855","targetHints":{"allow":["GET"]}}],"collection":[{"href":"https:\/\/regiaonews.net.br\/2022\/wp-json\/wp\/v2\/posts"}],"about":[{"href":"https:\/\/regiaonews.net.br\/2022\/wp-json\/wp\/v2\/types\/post"}],"author":[{"embeddable":true,"href":"https:\/\/regiaonews.net.br\/2022\/wp-json\/wp\/v2\/users\/2"}],"replies":[{"embeddable":true,"href":"https:\/\/regiaonews.net.br\/2022\/wp-json\/wp\/v2\/comments?post=102855"}],"version-history":[{"count":1,"href":"https:\/\/regiaonews.net.br\/2022\/wp-json\/wp\/v2\/posts\/102855\/revisions"}],"predecessor-version":[{"id":102856,"href":"https:\/\/regiaonews.net.br\/2022\/wp-json\/wp\/v2\/posts\/102855\/revisions\/102856"}],"wp:featuredmedia":[{"embeddable":true,"href":"https:\/\/regiaonews.net.br\/2022\/wp-json\/wp\/v2\/media\/102857"}],"wp:attachment":[{"href":"https:\/\/regiaonews.net.br\/2022\/wp-json\/wp\/v2\/media?parent=102855"}],"wp:term":[{"taxonomy":"category","embeddable":true,"href":"https:\/\/regiaonews.net.br\/2022\/wp-json\/wp\/v2\/categories?post=102855"},{"taxonomy":"post_tag","embeddable":true,"href":"https:\/\/regiaonews.net.br\/2022\/wp-json\/wp\/v2\/tags?post=102855"}],"curies":[{"name":"wp","href":"https:\/\/api.w.org\/{rel}","templated":true}]}}