{"id":102853,"date":"2024-03-25T18:08:13","date_gmt":"2024-03-25T21:08:13","guid":{"rendered":"https:\/\/regiaonews.net.br\/2022\/?p=102853"},"modified":"2024-03-25T18:11:31","modified_gmt":"2024-03-25T21:11:31","slug":"caasp-e-oab-sp-inauguram-casa-de-apoio-e-acolhimento-de-barretos-no-dia-1o-de-abril","status":"publish","type":"post","link":"https:\/\/regiaonews.net.br\/2022\/2024\/03\/25\/caasp-e-oab-sp-inauguram-casa-de-apoio-e-acolhimento-de-barretos-no-dia-1o-de-abril\/","title":{"rendered":"CAASP e OAB SP inauguram Casa de Apoio e Acolhimento de Barretos no dia 1\u00ba de abril"},"content":{"rendered":"<p>&nbsp;<\/p>\n<p>Primeiro do Brasil nesse modelo, local vai abrigar advogadas e advogados em tratamento oncol\u00f3gico no Hospital de Amor<\/p>\n<p>No dia 1\u00ba de abril, em solenidade marcada para as 10h30, a CAASP e a OAB SP, juntamente com a OAB Barretos, inauguram a Casa de Apoio e Acolhimento que abrigar\u00e1 advogadas e advogados do Estado de S\u00e3o Paulo que se encontrem em tratamento oncol\u00f3gico no Hospital de Amor e n\u00e3o possam arcar com hospedagem na cidade. O Hospital de Amor de Barretos \u00e9 refer\u00eancia nacional em oncologia e recebe pacientes de todo o pa\u00eds, entre os quais muitos advogados.<\/p>\n<p>&nbsp;<\/p>\n<p>\u201cA Casa de Apoio supre a necessidade de acolhida, de conforto e de seguran\u00e7a, para que advogados com c\u00e2ncer fa\u00e7am seu tratamento nas melhores condi\u00e7\u00f5es, com toda a ajuda da nossa entidade. Trata-se de uma iniciativa humanit\u00e1ria pioneira, em sintonia com a fun\u00e7\u00e3o prec\u00edpua da Caixa de Assist\u00eancia\u201d, afirmou a presidente da CAASP, Adriana Galv\u00e3o.<\/p>\n<p>&nbsp;<\/p>\n<p>&#8220;O tratamento contra o c\u00e2ncer muitas vezes pode se prolongar e a inten\u00e7\u00e3o desta Casa de Apoio em Barretos \u00e9 que ela seja um lar tempor\u00e1rio, um porto seguro, para advogadas e advogados que se encontrem neste momento delicado da vida\u201d, declarou a presidente da OAB SP, Patr\u00edcia Vanzolini.<\/p>\n<p>&nbsp;<\/p>\n<p>A Casa de Apoio fica na Avenida Ilnah de Lima Bezerra, 1.190, no Jardim Soares, endere\u00e7o pr\u00f3ximo ao Hospital de Amor, e possui quartos mobiliados para garantir todo conforto aos usu\u00e1rios, com arm\u00e1rios e banheiros internos, al\u00e9m de \u00e1reas comuns como cozinha, sala de estar, espa\u00e7o de trabalho com computador e internet e jardim.<\/p>\n<p>&nbsp;<\/p>\n<p>Para a presidente da Subse\u00e7\u00e3o de Barretos da OAB SP, Arany L\u2019Apiccitella, que colaborou decisivamente para o \u00eaxito do projeto, \u201ca Casa de Apoio decorre de uma vis\u00e3o focada na advocacia, especialmente numa parcela da advocacia que se encontra em momento de fragilidade\u201d.<\/p>\n<p>A ideia de montar em Barretos uma unidade de apoio aos advogados pacientes do Hospital de Amor, anos atr\u00e1s, foi do ent\u00e3o presidente da Subse\u00e7\u00e3o de Jales da OAB SP, Marlon Livramento. \u201cO Hospital de Amor \u00e9 uma funda\u00e7\u00e3o mantida com doa\u00e7\u00f5es, que realiza tratamento oncol\u00f3gico gratuitamente, sendo possivelmente um dos maiores do mundo nessa \u00e1rea\u201d, relata Marlon.<\/p>\n<p>&nbsp;<\/p>\n<p>As condi\u00e7\u00f5es para recep\u00e7\u00e3o dos pacientes do Hospital de Amor foram definidas pela Diretoria da CAASP a partir do regimento e das diretrizes do setor de Benef\u00edcios da entidade. O advogado ou advogada em tratamento no Hospital de Amor que desejar hospedar-se na Casa de Apoio dever\u00e1 encaminhar solicita\u00e7\u00e3o para benef\u00edcios@caasp.org.br ou telefonar para (11) 3292-4523.<\/p>\n","protected":false},"excerpt":{"rendered":"<p>&nbsp; Primeiro do Brasil nesse modelo, local vai abrigar advogadas<\/p>\n","protected":false},"author":2,"featured_media":75741,"comment_status":"open","ping_status":"open","sticky":false,"template":"","format":"standard","meta":{"footnotes":""},"categories":[14,25],"tags":[],"class_list":["post-102853","post","type-post","status-publish","format-standard","has-post-thumbnail","hentry","category-barretos","category-cidades"],"yoast_head":"<!-- This site is optimized with the Yoast SEO plugin v27.4 - https:\/\/yoast.com\/product\/yoast-seo-wordpress\/ -->\n<title>CAASP e OAB SP inauguram Casa de Apoio e Acolhimento de Barretos no dia 1\u00ba de abril - Regi\u00e3o News<\/title>\n<meta name=\"robots\" content=\"index, follow, max-snippet:-1, max-image-preview:large, max-video-preview:-1\" \/>\n<link rel=\"canonical\" href=\"https:\/\/regiaonews.net.br\/2022\/2024\/03\/25\/caasp-e-oab-sp-inauguram-casa-de-apoio-e-acolhimento-de-barretos-no-dia-1o-de-abril\/\" \/>\n<meta property=\"og:locale\" content=\"pt_BR\" \/>\n<meta property=\"og:type\" content=\"article\" \/>\n<meta property=\"og:title\" content=\"CAASP e OAB SP inauguram Casa de Apoio e Acolhimento de Barretos no dia 1\u00ba de abril - Regi\u00e3o News\" \/>\n<meta property=\"og:description\" content=\"&nbsp; Primeiro do Brasil nesse modelo, local vai abrigar advogadas\" \/>\n<meta property=\"og:url\" content=\"https:\/\/regiaonews.net.br\/2022\/2024\/03\/25\/caasp-e-oab-sp-inauguram-casa-de-apoio-e-acolhimento-de-barretos-no-dia-1o-de-abril\/\" \/>\n<meta property=\"og:site_name\" content=\"Regi\u00e3o News\" \/>\n<meta property=\"article:published_time\" content=\"2024-03-25T21:08:13+00:00\" \/>\n<meta property=\"article:modified_time\" content=\"2024-03-25T21:11:31+00:00\" \/>\n<meta property=\"og:image\" content=\"https:\/\/regiaonews.net.br\/2022\/wp-content\/uploads\/2022\/07\/materia-hospital-de-amor-barretos-fachada-credito-divulgacao.jpg\" \/>\n\t<meta property=\"og:image:width\" content=\"600\" \/>\n\t<meta property=\"og:image:height\" content=\"338\" \/>\n\t<meta property=\"og:image:type\" content=\"image\/jpeg\" \/>\n<meta name=\"author\" content=\"Roberto\" \/>\n<meta name=\"twitter:card\" content=\"summary_large_image\" \/>\n<meta name=\"twitter:label1\" content=\"Escrito por\" \/>\n\t<meta name=\"twitter:data1\" content=\"Roberto\" \/>\n\t<meta name=\"twitter:label2\" content=\"Est. tempo de leitura\" \/>\n\t<meta name=\"twitter:data2\" content=\"3 minutos\" \/>\n<script type=\"application\/ld+json\" class=\"yoast-schema-graph\">{\"@context\":\"https:\\\/\\\/schema.org\",\"@graph\":[{\"@type\":\"Article\",\"@id\":\"https:\\\/\\\/regiaonews.net.br\\\/2022\\\/2024\\\/03\\\/25\\\/caasp-e-oab-sp-inauguram-casa-de-apoio-e-acolhimento-de-barretos-no-dia-1o-de-abril\\\/#article\",\"isPartOf\":{\"@id\":\"https:\\\/\\\/regiaonews.net.br\\\/2022\\\/2024\\\/03\\\/25\\\/caasp-e-oab-sp-inauguram-casa-de-apoio-e-acolhimento-de-barretos-no-dia-1o-de-abril\\\/\"},\"author\":{\"name\":\"Roberto\",\"@id\":\"https:\\\/\\\/regiaonews.net.br\\\/2022\\\/#\\\/schema\\\/person\\\/2d205a608a5aa97ac279d7a5e6d89ad8\"},\"headline\":\"CAASP e OAB SP inauguram Casa de Apoio e Acolhimento de Barretos no dia 1\u00ba de abril\",\"datePublished\":\"2024-03-25T21:08:13+00:00\",\"dateModified\":\"2024-03-25T21:11:31+00:00\",\"mainEntityOfPage\":{\"@id\":\"https:\\\/\\\/regiaonews.net.br\\\/2022\\\/2024\\\/03\\\/25\\\/caasp-e-oab-sp-inauguram-casa-de-apoio-e-acolhimento-de-barretos-no-dia-1o-de-abril\\\/\"},\"wordCount\":471,\"commentCount\":0,\"publisher\":{\"@id\":\"https:\\\/\\\/regiaonews.net.br\\\/2022\\\/#organization\"},\"image\":{\"@id\":\"https:\\\/\\\/regiaonews.net.br\\\/2022\\\/2024\\\/03\\\/25\\\/caasp-e-oab-sp-inauguram-casa-de-apoio-e-acolhimento-de-barretos-no-dia-1o-de-abril\\\/#primaryimage\"},\"thumbnailUrl\":\"https:\\\/\\\/regiaonews.net.br\\\/2022\\\/wp-content\\\/uploads\\\/2022\\\/07\\\/materia-hospital-de-amor-barretos-fachada-credito-divulgacao.jpg\",\"articleSection\":[\"Barretos\",\"Cidades\"],\"inLanguage\":\"pt-BR\",\"potentialAction\":[{\"@type\":\"CommentAction\",\"name\":\"Comment\",\"target\":[\"https:\\\/\\\/regiaonews.net.br\\\/2022\\\/2024\\\/03\\\/25\\\/caasp-e-oab-sp-inauguram-casa-de-apoio-e-acolhimento-de-barretos-no-dia-1o-de-abril\\\/#respond\"]}]},{\"@type\":\"WebPage\",\"@id\":\"https:\\\/\\\/regiaonews.net.br\\\/2022\\\/2024\\\/03\\\/25\\\/caasp-e-oab-sp-inauguram-casa-de-apoio-e-acolhimento-de-barretos-no-dia-1o-de-abril\\\/\",\"url\":\"https:\\\/\\\/regiaonews.net.br\\\/2022\\\/2024\\\/03\\\/25\\\/caasp-e-oab-sp-inauguram-casa-de-apoio-e-acolhimento-de-barretos-no-dia-1o-de-abril\\\/\",\"name\":\"CAASP e OAB SP inauguram Casa de Apoio e Acolhimento de Barretos no dia 1\u00ba de abril - Regi\u00e3o News\",\"isPartOf\":{\"@id\":\"https:\\\/\\\/regiaonews.net.br\\\/2022\\\/#website\"},\"primaryImageOfPage\":{\"@id\":\"https:\\\/\\\/regiaonews.net.br\\\/2022\\\/2024\\\/03\\\/25\\\/caasp-e-oab-sp-inauguram-casa-de-apoio-e-acolhimento-de-barretos-no-dia-1o-de-abril\\\/#primaryimage\"},\"image\":{\"@id\":\"https:\\\/\\\/regiaonews.net.br\\\/2022\\\/2024\\\/03\\\/25\\\/caasp-e-oab-sp-inauguram-casa-de-apoio-e-acolhimento-de-barretos-no-dia-1o-de-abril\\\/#primaryimage\"},\"thumbnailUrl\":\"https:\\\/\\\/regiaonews.net.br\\\/2022\\\/wp-content\\\/uploads\\\/2022\\\/07\\\/materia-hospital-de-amor-barretos-fachada-credito-divulgacao.jpg\",\"datePublished\":\"2024-03-25T21:08:13+00:00\",\"dateModified\":\"2024-03-25T21:11:31+00:00\",\"breadcrumb\":{\"@id\":\"https:\\\/\\\/regiaonews.net.br\\\/2022\\\/2024\\\/03\\\/25\\\/caasp-e-oab-sp-inauguram-casa-de-apoio-e-acolhimento-de-barretos-no-dia-1o-de-abril\\\/#breadcrumb\"},\"inLanguage\":\"pt-BR\",\"potentialAction\":[{\"@type\":\"ReadAction\",\"target\":[\"https:\\\/\\\/regiaonews.net.br\\\/2022\\\/2024\\\/03\\\/25\\\/caasp-e-oab-sp-inauguram-casa-de-apoio-e-acolhimento-de-barretos-no-dia-1o-de-abril\\\/\"]}]},{\"@type\":\"ImageObject\",\"inLanguage\":\"pt-BR\",\"@id\":\"https:\\\/\\\/regiaonews.net.br\\\/2022\\\/2024\\\/03\\\/25\\\/caasp-e-oab-sp-inauguram-casa-de-apoio-e-acolhimento-de-barretos-no-dia-1o-de-abril\\\/#primaryimage\",\"url\":\"https:\\\/\\\/regiaonews.net.br\\\/2022\\\/wp-content\\\/uploads\\\/2022\\\/07\\\/materia-hospital-de-amor-barretos-fachada-credito-divulgacao.jpg\",\"contentUrl\":\"https:\\\/\\\/regiaonews.net.br\\\/2022\\\/wp-content\\\/uploads\\\/2022\\\/07\\\/materia-hospital-de-amor-barretos-fachada-credito-divulgacao.jpg\",\"width\":600,\"height\":338},{\"@type\":\"BreadcrumbList\",\"@id\":\"https:\\\/\\\/regiaonews.net.br\\\/2022\\\/2024\\\/03\\\/25\\\/caasp-e-oab-sp-inauguram-casa-de-apoio-e-acolhimento-de-barretos-no-dia-1o-de-abril\\\/#breadcrumb\",\"itemListElement\":[{\"@type\":\"ListItem\",\"position\":1,\"name\":\"In\u00edcio\",\"item\":\"https:\\\/\\\/regiaonews.net.br\\\/2022\\\/\"},{\"@type\":\"ListItem\",\"position\":2,\"name\":\"CAASP e OAB SP inauguram Casa de Apoio e Acolhimento de Barretos no dia 1\u00ba de abril\"}]},{\"@type\":\"WebSite\",\"@id\":\"https:\\\/\\\/regiaonews.net.br\\\/2022\\\/#website\",\"url\":\"https:\\\/\\\/regiaonews.net.br\\\/2022\\\/\",\"name\":\"Regi\u00e3o News\",\"description\":\"Site de Not\u00edcias de Barretos e regi\u00e3o\",\"publisher\":{\"@id\":\"https:\\\/\\\/regiaonews.net.br\\\/2022\\\/#organization\"},\"potentialAction\":[{\"@type\":\"SearchAction\",\"target\":{\"@type\":\"EntryPoint\",\"urlTemplate\":\"https:\\\/\\\/regiaonews.net.br\\\/2022\\\/?s={search_term_string}\"},\"query-input\":{\"@type\":\"PropertyValueSpecification\",\"valueRequired\":true,\"valueName\":\"search_term_string\"}}],\"inLanguage\":\"pt-BR\"},{\"@type\":\"Organization\",\"@id\":\"https:\\\/\\\/regiaonews.net.br\\\/2022\\\/#organization\",\"name\":\"Regi\u00e3o News\",\"url\":\"https:\\\/\\\/regiaonews.net.br\\\/2022\\\/\",\"logo\":{\"@type\":\"ImageObject\",\"inLanguage\":\"pt-BR\",\"@id\":\"https:\\\/\\\/regiaonews.net.br\\\/2022\\\/#\\\/schema\\\/logo\\\/image\\\/\",\"url\":\"https:\\\/\\\/regiaonews.net.br\\\/2022\\\/wp-content\\\/uploads\\\/2026\\\/03\\\/regiao-13-anos-scaled.jpg\",\"contentUrl\":\"https:\\\/\\\/regiaonews.net.br\\\/2022\\\/wp-content\\\/uploads\\\/2026\\\/03\\\/regiao-13-anos-scaled.jpg\",\"width\":2560,\"height\":635,\"caption\":\"Regi\u00e3o News\"},\"image\":{\"@id\":\"https:\\\/\\\/regiaonews.net.br\\\/2022\\\/#\\\/schema\\\/logo\\\/image\\\/\"}},{\"@type\":\"Person\",\"@id\":\"https:\\\/\\\/regiaonews.net.br\\\/2022\\\/#\\\/schema\\\/person\\\/2d205a608a5aa97ac279d7a5e6d89ad8\",\"name\":\"Roberto\",\"image\":{\"@type\":\"ImageObject\",\"inLanguage\":\"pt-BR\",\"@id\":\"https:\\\/\\\/secure.gravatar.com\\\/avatar\\\/42749d8b712ff9d59ca93dc150494e5b55a44134482993f5baeb97e61b7ecc89?s=96&d=mm&r=g\",\"url\":\"https:\\\/\\\/secure.gravatar.com\\\/avatar\\\/42749d8b712ff9d59ca93dc150494e5b55a44134482993f5baeb97e61b7ecc89?s=96&d=mm&r=g\",\"contentUrl\":\"https:\\\/\\\/secure.gravatar.com\\\/avatar\\\/42749d8b712ff9d59ca93dc150494e5b55a44134482993f5baeb97e61b7ecc89?s=96&d=mm&r=g\",\"caption\":\"Roberto\"},\"url\":\"https:\\\/\\\/regiaonews.net.br\\\/2022\\\/author\\\/roberto\\\/\"}]}<\/script>\n<!-- \/ Yoast SEO plugin. -->","yoast_head_json":{"title":"CAASP e OAB SP inauguram Casa de Apoio e Acolhimento de Barretos no dia 1\u00ba de abril - Regi\u00e3o News","robots":{"index":"index","follow":"follow","max-snippet":"max-snippet:-1","max-image-preview":"max-image-preview:large","max-video-preview":"max-video-preview:-1"},"canonical":"https:\/\/regiaonews.net.br\/2022\/2024\/03\/25\/caasp-e-oab-sp-inauguram-casa-de-apoio-e-acolhimento-de-barretos-no-dia-1o-de-abril\/","og_locale":"pt_BR","og_type":"article","og_title":"CAASP e OAB SP inauguram Casa de Apoio e Acolhimento de Barretos no dia 1\u00ba de abril - Regi\u00e3o News","og_description":"&nbsp; Primeiro do Brasil nesse modelo, local vai abrigar advogadas","og_url":"https:\/\/regiaonews.net.br\/2022\/2024\/03\/25\/caasp-e-oab-sp-inauguram-casa-de-apoio-e-acolhimento-de-barretos-no-dia-1o-de-abril\/","og_site_name":"Regi\u00e3o News","article_published_time":"2024-03-25T21:08:13+00:00","article_modified_time":"2024-03-25T21:11:31+00:00","og_image":[{"width":600,"height":338,"url":"https:\/\/regiaonews.net.br\/2022\/wp-content\/uploads\/2022\/07\/materia-hospital-de-amor-barretos-fachada-credito-divulgacao.jpg","type":"image\/jpeg"}],"author":"Roberto","twitter_card":"summary_large_image","twitter_misc":{"Escrito por":"Roberto","Est. tempo de leitura":"3 minutos"},"schema":{"@context":"https:\/\/schema.org","@graph":[{"@type":"Article","@id":"https:\/\/regiaonews.net.br\/2022\/2024\/03\/25\/caasp-e-oab-sp-inauguram-casa-de-apoio-e-acolhimento-de-barretos-no-dia-1o-de-abril\/#article","isPartOf":{"@id":"https:\/\/regiaonews.net.br\/2022\/2024\/03\/25\/caasp-e-oab-sp-inauguram-casa-de-apoio-e-acolhimento-de-barretos-no-dia-1o-de-abril\/"},"author":{"name":"Roberto","@id":"https:\/\/regiaonews.net.br\/2022\/#\/schema\/person\/2d205a608a5aa97ac279d7a5e6d89ad8"},"headline":"CAASP e OAB SP inauguram Casa de Apoio e Acolhimento de Barretos no dia 1\u00ba de abril","datePublished":"2024-03-25T21:08:13+00:00","dateModified":"2024-03-25T21:11:31+00:00","mainEntityOfPage":{"@id":"https:\/\/regiaonews.net.br\/2022\/2024\/03\/25\/caasp-e-oab-sp-inauguram-casa-de-apoio-e-acolhimento-de-barretos-no-dia-1o-de-abril\/"},"wordCount":471,"commentCount":0,"publisher":{"@id":"https:\/\/regiaonews.net.br\/2022\/#organization"},"image":{"@id":"https:\/\/regiaonews.net.br\/2022\/2024\/03\/25\/caasp-e-oab-sp-inauguram-casa-de-apoio-e-acolhimento-de-barretos-no-dia-1o-de-abril\/#primaryimage"},"thumbnailUrl":"https:\/\/regiaonews.net.br\/2022\/wp-content\/uploads\/2022\/07\/materia-hospital-de-amor-barretos-fachada-credito-divulgacao.jpg","articleSection":["Barretos","Cidades"],"inLanguage":"pt-BR","potentialAction":[{"@type":"CommentAction","name":"Comment","target":["https:\/\/regiaonews.net.br\/2022\/2024\/03\/25\/caasp-e-oab-sp-inauguram-casa-de-apoio-e-acolhimento-de-barretos-no-dia-1o-de-abril\/#respond"]}]},{"@type":"WebPage","@id":"https:\/\/regiaonews.net.br\/2022\/2024\/03\/25\/caasp-e-oab-sp-inauguram-casa-de-apoio-e-acolhimento-de-barretos-no-dia-1o-de-abril\/","url":"https:\/\/regiaonews.net.br\/2022\/2024\/03\/25\/caasp-e-oab-sp-inauguram-casa-de-apoio-e-acolhimento-de-barretos-no-dia-1o-de-abril\/","name":"CAASP e OAB SP inauguram Casa de Apoio e Acolhimento de Barretos no dia 1\u00ba de abril - Regi\u00e3o News","isPartOf":{"@id":"https:\/\/regiaonews.net.br\/2022\/#website"},"primaryImageOfPage":{"@id":"https:\/\/regiaonews.net.br\/2022\/2024\/03\/25\/caasp-e-oab-sp-inauguram-casa-de-apoio-e-acolhimento-de-barretos-no-dia-1o-de-abril\/#primaryimage"},"image":{"@id":"https:\/\/regiaonews.net.br\/2022\/2024\/03\/25\/caasp-e-oab-sp-inauguram-casa-de-apoio-e-acolhimento-de-barretos-no-dia-1o-de-abril\/#primaryimage"},"thumbnailUrl":"https:\/\/regiaonews.net.br\/2022\/wp-content\/uploads\/2022\/07\/materia-hospital-de-amor-barretos-fachada-credito-divulgacao.jpg","datePublished":"2024-03-25T21:08:13+00:00","dateModified":"2024-03-25T21:11:31+00:00","breadcrumb":{"@id":"https:\/\/regiaonews.net.br\/2022\/2024\/03\/25\/caasp-e-oab-sp-inauguram-casa-de-apoio-e-acolhimento-de-barretos-no-dia-1o-de-abril\/#breadcrumb"},"inLanguage":"pt-BR","potentialAction":[{"@type":"ReadAction","target":["https:\/\/regiaonews.net.br\/2022\/2024\/03\/25\/caasp-e-oab-sp-inauguram-casa-de-apoio-e-acolhimento-de-barretos-no-dia-1o-de-abril\/"]}]},{"@type":"ImageObject","inLanguage":"pt-BR","@id":"https:\/\/regiaonews.net.br\/2022\/2024\/03\/25\/caasp-e-oab-sp-inauguram-casa-de-apoio-e-acolhimento-de-barretos-no-dia-1o-de-abril\/#primaryimage","url":"https:\/\/regiaonews.net.br\/2022\/wp-content\/uploads\/2022\/07\/materia-hospital-de-amor-barretos-fachada-credito-divulgacao.jpg","contentUrl":"https:\/\/regiaonews.net.br\/2022\/wp-content\/uploads\/2022\/07\/materia-hospital-de-amor-barretos-fachada-credito-divulgacao.jpg","width":600,"height":338},{"@type":"BreadcrumbList","@id":"https:\/\/regiaonews.net.br\/2022\/2024\/03\/25\/caasp-e-oab-sp-inauguram-casa-de-apoio-e-acolhimento-de-barretos-no-dia-1o-de-abril\/#breadcrumb","itemListElement":[{"@type":"ListItem","position":1,"name":"In\u00edcio","item":"https:\/\/regiaonews.net.br\/2022\/"},{"@type":"ListItem","position":2,"name":"CAASP e OAB SP inauguram Casa de Apoio e Acolhimento de Barretos no dia 1\u00ba de abril"}]},{"@type":"WebSite","@id":"https:\/\/regiaonews.net.br\/2022\/#website","url":"https:\/\/regiaonews.net.br\/2022\/","name":"Regi\u00e3o News","description":"Site de Not\u00edcias de Barretos e regi\u00e3o","publisher":{"@id":"https:\/\/regiaonews.net.br\/2022\/#organization"},"potentialAction":[{"@type":"SearchAction","target":{"@type":"EntryPoint","urlTemplate":"https:\/\/regiaonews.net.br\/2022\/?s={search_term_string}"},"query-input":{"@type":"PropertyValueSpecification","valueRequired":true,"valueName":"search_term_string"}}],"inLanguage":"pt-BR"},{"@type":"Organization","@id":"https:\/\/regiaonews.net.br\/2022\/#organization","name":"Regi\u00e3o News","url":"https:\/\/regiaonews.net.br\/2022\/","logo":{"@type":"ImageObject","inLanguage":"pt-BR","@id":"https:\/\/regiaonews.net.br\/2022\/#\/schema\/logo\/image\/","url":"https:\/\/regiaonews.net.br\/2022\/wp-content\/uploads\/2026\/03\/regiao-13-anos-scaled.jpg","contentUrl":"https:\/\/regiaonews.net.br\/2022\/wp-content\/uploads\/2026\/03\/regiao-13-anos-scaled.jpg","width":2560,"height":635,"caption":"Regi\u00e3o News"},"image":{"@id":"https:\/\/regiaonews.net.br\/2022\/#\/schema\/logo\/image\/"}},{"@type":"Person","@id":"https:\/\/regiaonews.net.br\/2022\/#\/schema\/person\/2d205a608a5aa97ac279d7a5e6d89ad8","name":"Roberto","image":{"@type":"ImageObject","inLanguage":"pt-BR","@id":"https:\/\/secure.gravatar.com\/avatar\/42749d8b712ff9d59ca93dc150494e5b55a44134482993f5baeb97e61b7ecc89?s=96&d=mm&r=g","url":"https:\/\/secure.gravatar.com\/avatar\/42749d8b712ff9d59ca93dc150494e5b55a44134482993f5baeb97e61b7ecc89?s=96&d=mm&r=g","contentUrl":"https:\/\/secure.gravatar.com\/avatar\/42749d8b712ff9d59ca93dc150494e5b55a44134482993f5baeb97e61b7ecc89?s=96&d=mm&r=g","caption":"Roberto"},"url":"https:\/\/regiaonews.net.br\/2022\/author\/roberto\/"}]}},"publishpress_future_action":{"enabled":false,"date":"2026-05-03 17:35:51","action":"change-status","newStatus":"draft","terms":[],"taxonomy":"category","extraData":[]},"publishpress_future_workflow_manual_trigger":{"enabledWorkflows":[]},"_links":{"self":[{"href":"https:\/\/regiaonews.net.br\/2022\/wp-json\/wp\/v2\/posts\/102853","targetHints":{"allow":["GET"]}}],"collection":[{"href":"https:\/\/regiaonews.net.br\/2022\/wp-json\/wp\/v2\/posts"}],"about":[{"href":"https:\/\/regiaonews.net.br\/2022\/wp-json\/wp\/v2\/types\/post"}],"author":[{"embeddable":true,"href":"https:\/\/regiaonews.net.br\/2022\/wp-json\/wp\/v2\/users\/2"}],"replies":[{"embeddable":true,"href":"https:\/\/regiaonews.net.br\/2022\/wp-json\/wp\/v2\/comments?post=102853"}],"version-history":[{"count":1,"href":"https:\/\/regiaonews.net.br\/2022\/wp-json\/wp\/v2\/posts\/102853\/revisions"}],"predecessor-version":[{"id":102854,"href":"https:\/\/regiaonews.net.br\/2022\/wp-json\/wp\/v2\/posts\/102853\/revisions\/102854"}],"wp:featuredmedia":[{"embeddable":true,"href":"https:\/\/regiaonews.net.br\/2022\/wp-json\/wp\/v2\/media\/75741"}],"wp:attachment":[{"href":"https:\/\/regiaonews.net.br\/2022\/wp-json\/wp\/v2\/media?parent=102853"}],"wp:term":[{"taxonomy":"category","embeddable":true,"href":"https:\/\/regiaonews.net.br\/2022\/wp-json\/wp\/v2\/categories?post=102853"},{"taxonomy":"post_tag","embeddable":true,"href":"https:\/\/regiaonews.net.br\/2022\/wp-json\/wp\/v2\/tags?post=102853"}],"curies":[{"name":"wp","href":"https:\/\/api.w.org\/{rel}","templated":true}]}}