{"id":102850,"date":"2024-03-25T18:05:09","date_gmt":"2024-03-25T21:05:09","guid":{"rendered":"https:\/\/regiaonews.net.br\/2022\/?p=102850"},"modified":"2024-03-25T18:05:09","modified_gmt":"2024-03-25T21:05:09","slug":"xande-de-pilares-e-a-atracao-confirmada-no-samba-da-santa-2024","status":"publish","type":"post","link":"https:\/\/regiaonews.net.br\/2022\/2024\/03\/25\/xande-de-pilares-e-a-atracao-confirmada-no-samba-da-santa-2024\/","title":{"rendered":"Xande de Pilares \u00e9 a atra\u00e7\u00e3o confirmada no Samba da Santa 2024"},"content":{"rendered":"<p>&nbsp;<\/p>\n<p>Evento acontece no dia 28 de julho, domingo, no Villa Eccny, com renda destinada \u00e0 Casa de Santa Clara<\/p>\n<p>Aconteceu na sexta, 22 de mar\u00e7o, o lan\u00e7amento oficial do Samba da Santa 2024, uma das express\u00f5es da solidariedade e celebra\u00e7\u00e3o dos \u201canjos\u201d que participam voluntariamente do grupo que arrecada recursos financeiros para a Casa de Santa Clara, de Bebedouro. O lan\u00e7amento contou com a presen\u00e7a de diretores e diretoras da Casa de Santa Clara, de seu presidente Frei Valmir Ramos; de diretores do Instituto de Compromisso com o Desenvolvimento Humano \u2013 ICDH, de sua fundadora Denise Marconi, e do prefeito de Bebedouro, Lucas Seren, entre outras autoridades e imprensa. O Samba da Santa tornou-se, em duas edi\u00e7\u00f5es, um dos eventos mais aguardados pelo p\u00fablico da regi\u00e3o, por reunir boa m\u00fasica, boa comida, gente animada e um clima em que o amor ao pr\u00f3ximo \u00e9 presen\u00e7a confirmada.<br \/>\nNeste ano, o evento traz, no dia 28 de julho, um domingo, o show de Xande de Pilares como principal atra\u00e7\u00e3o, al\u00e9m da apresenta\u00e7\u00e3o de banda. O Samba da Santa \u00e9 uma realiza\u00e7\u00e3o do ICDH \u2013 Instituto de Compromisso com o Desenvolvimento Humano, que apoia integralmente a obra da Casa de Santa Clara, entidade que \u00e9 respons\u00e1vel por atender anualmente 98 crian\u00e7as e adolescente, al\u00e9m de acolher e abrigar 20 crian\u00e7as e adolescentes, com idade de 0 a 18 anos, que est\u00e3o em situa\u00e7\u00e3o de risco pessoal e social ou de abandono.<br \/>\nToda obra da Casa de Santa Clara, que neste ano completa seus 20 anos de atua\u00e7\u00e3o, contempla tamb\u00e9m projetos de suporte \u00e0s fam\u00edlias das crian\u00e7as abrigadas, e tem a\u00e7\u00f5es de acompanhamento junto \u00e0s crian\u00e7as que foram reintegradas \u00e0 fam\u00edlia, \u00e9 oferecida gratuitamente e seu custeio vem conv\u00eanios e projetos patrocinados, no entanto, as verbas s\u00e3o insuficientes para que o local atue com a qualidade, por isso, ela conta com iniciativas como do Samba da Santa para complementa\u00e7\u00e3o de renda.<\/p>\n<p>&nbsp;<\/p>\n<p>Xande de Pilares<\/p>\n<p>Eleito pelo pr\u00eamio Multishow o melhor de 2023 nas categorias \u201cSamba e Pagode\u201d, \u201cMPB\u201d e \u201c\u00c1lbum do Ano\u201d, ele \u00e9 um dos artistas brasileiros mais concorridos do momento. Sua carreira solo tem dez anos, mas Xande de Pilares est\u00e1 na estrada profissionalmente h\u00e1 mais de tr\u00eas d\u00e9cadas, n\u00e3o s\u00f3 como cantor, foi um dos vocalistas do hist\u00f3rico grupo Revela\u00e7\u00e3o, mas tamb\u00e9m como compositor de m\u00fasicas que viraram cl\u00e1ssicos do samba. Atualmente \u00e9 considerado um dos mais respeitados artistas do cen\u00e1rio nacional, no ano passado lan\u00e7ou um trabalho em que interpreta can\u00e7\u00f5es de Caetano Veloso, elogiado pelo pr\u00f3prio. Sua voz \u00e9 considerada uma das mais potentes do samba e para o show do Samba da Santa traz um repert\u00f3rio cheio de sucessos para que o p\u00fablico possa cantar junto.<\/p>\n<p>&nbsp;<\/p>\n<p>Os convites para o Samba da Santa 2024 podem ser adquiridos na pr\u00f3pria Casa de Santa Clara, com diferentes tipos de ades\u00e3o. S\u00e3o mesas de dez, oito e seis lugares, bistr\u00f4s de tr\u00eas lugares, tudo vendido de maneira parcelada, em at\u00e9 dez vezes no cart\u00e3o de cr\u00e9dito, d\u00e9bito programado, transfer\u00eancia banc\u00e1ria ou boleto. Toda renda l\u00edquida do evento vai para a entidade.<\/p>\n","protected":false},"excerpt":{"rendered":"<p>&nbsp; Evento acontece no dia 28 de julho, domingo, no<\/p>\n","protected":false},"author":2,"featured_media":102851,"comment_status":"open","ping_status":"open","sticky":false,"template":"","format":"standard","meta":{"footnotes":""},"categories":[4],"tags":[],"class_list":["post-102850","post","type-post","status-publish","format-standard","has-post-thumbnail","hentry","category-bebedouro"],"yoast_head":"<!-- This site is optimized with the Yoast SEO plugin v27.4 - https:\/\/yoast.com\/product\/yoast-seo-wordpress\/ -->\n<title>Xande de Pilares \u00e9 a atra\u00e7\u00e3o confirmada no Samba da Santa 2024 - Regi\u00e3o News<\/title>\n<meta name=\"robots\" content=\"index, follow, max-snippet:-1, max-image-preview:large, max-video-preview:-1\" \/>\n<link rel=\"canonical\" href=\"https:\/\/regiaonews.net.br\/2022\/2024\/03\/25\/xande-de-pilares-e-a-atracao-confirmada-no-samba-da-santa-2024\/\" \/>\n<meta property=\"og:locale\" content=\"pt_BR\" \/>\n<meta property=\"og:type\" content=\"article\" \/>\n<meta property=\"og:title\" content=\"Xande de Pilares \u00e9 a atra\u00e7\u00e3o confirmada no Samba da Santa 2024 - Regi\u00e3o News\" \/>\n<meta property=\"og:description\" content=\"&nbsp; Evento acontece no dia 28 de julho, domingo, no\" \/>\n<meta property=\"og:url\" content=\"https:\/\/regiaonews.net.br\/2022\/2024\/03\/25\/xande-de-pilares-e-a-atracao-confirmada-no-samba-da-santa-2024\/\" \/>\n<meta property=\"og:site_name\" content=\"Regi\u00e3o News\" \/>\n<meta property=\"article:published_time\" content=\"2024-03-25T21:05:09+00:00\" \/>\n<meta property=\"og:image\" content=\"https:\/\/regiaonews.net.br\/2022\/wp-content\/uploads\/2024\/03\/WhatsApp-Image-2024-03-25-at-18.00.17.jpeg\" \/>\n\t<meta property=\"og:image:width\" content=\"1440\" \/>\n\t<meta property=\"og:image:height\" content=\"961\" \/>\n\t<meta property=\"og:image:type\" content=\"image\/jpeg\" \/>\n<meta name=\"author\" content=\"Roberto\" \/>\n<meta name=\"twitter:card\" content=\"summary_large_image\" \/>\n<meta name=\"twitter:label1\" content=\"Escrito por\" \/>\n\t<meta name=\"twitter:data1\" content=\"Roberto\" \/>\n\t<meta name=\"twitter:label2\" content=\"Est. tempo de leitura\" \/>\n\t<meta name=\"twitter:data2\" content=\"4 minutos\" \/>\n<script type=\"application\/ld+json\" class=\"yoast-schema-graph\">{\"@context\":\"https:\\\/\\\/schema.org\",\"@graph\":[{\"@type\":\"Article\",\"@id\":\"https:\\\/\\\/regiaonews.net.br\\\/2022\\\/2024\\\/03\\\/25\\\/xande-de-pilares-e-a-atracao-confirmada-no-samba-da-santa-2024\\\/#article\",\"isPartOf\":{\"@id\":\"https:\\\/\\\/regiaonews.net.br\\\/2022\\\/2024\\\/03\\\/25\\\/xande-de-pilares-e-a-atracao-confirmada-no-samba-da-santa-2024\\\/\"},\"author\":{\"name\":\"Roberto\",\"@id\":\"https:\\\/\\\/regiaonews.net.br\\\/2022\\\/#\\\/schema\\\/person\\\/2d205a608a5aa97ac279d7a5e6d89ad8\"},\"headline\":\"Xande de Pilares \u00e9 a atra\u00e7\u00e3o confirmada no Samba da Santa 2024\",\"datePublished\":\"2024-03-25T21:05:09+00:00\",\"mainEntityOfPage\":{\"@id\":\"https:\\\/\\\/regiaonews.net.br\\\/2022\\\/2024\\\/03\\\/25\\\/xande-de-pilares-e-a-atracao-confirmada-no-samba-da-santa-2024\\\/\"},\"wordCount\":560,\"commentCount\":0,\"publisher\":{\"@id\":\"https:\\\/\\\/regiaonews.net.br\\\/2022\\\/#organization\"},\"image\":{\"@id\":\"https:\\\/\\\/regiaonews.net.br\\\/2022\\\/2024\\\/03\\\/25\\\/xande-de-pilares-e-a-atracao-confirmada-no-samba-da-santa-2024\\\/#primaryimage\"},\"thumbnailUrl\":\"https:\\\/\\\/regiaonews.net.br\\\/2022\\\/wp-content\\\/uploads\\\/2024\\\/03\\\/WhatsApp-Image-2024-03-25-at-18.00.17.jpeg\",\"articleSection\":[\"Bebedouro\"],\"inLanguage\":\"pt-BR\",\"potentialAction\":[{\"@type\":\"CommentAction\",\"name\":\"Comment\",\"target\":[\"https:\\\/\\\/regiaonews.net.br\\\/2022\\\/2024\\\/03\\\/25\\\/xande-de-pilares-e-a-atracao-confirmada-no-samba-da-santa-2024\\\/#respond\"]}]},{\"@type\":\"WebPage\",\"@id\":\"https:\\\/\\\/regiaonews.net.br\\\/2022\\\/2024\\\/03\\\/25\\\/xande-de-pilares-e-a-atracao-confirmada-no-samba-da-santa-2024\\\/\",\"url\":\"https:\\\/\\\/regiaonews.net.br\\\/2022\\\/2024\\\/03\\\/25\\\/xande-de-pilares-e-a-atracao-confirmada-no-samba-da-santa-2024\\\/\",\"name\":\"Xande de Pilares \u00e9 a atra\u00e7\u00e3o confirmada no Samba da Santa 2024 - Regi\u00e3o News\",\"isPartOf\":{\"@id\":\"https:\\\/\\\/regiaonews.net.br\\\/2022\\\/#website\"},\"primaryImageOfPage\":{\"@id\":\"https:\\\/\\\/regiaonews.net.br\\\/2022\\\/2024\\\/03\\\/25\\\/xande-de-pilares-e-a-atracao-confirmada-no-samba-da-santa-2024\\\/#primaryimage\"},\"image\":{\"@id\":\"https:\\\/\\\/regiaonews.net.br\\\/2022\\\/2024\\\/03\\\/25\\\/xande-de-pilares-e-a-atracao-confirmada-no-samba-da-santa-2024\\\/#primaryimage\"},\"thumbnailUrl\":\"https:\\\/\\\/regiaonews.net.br\\\/2022\\\/wp-content\\\/uploads\\\/2024\\\/03\\\/WhatsApp-Image-2024-03-25-at-18.00.17.jpeg\",\"datePublished\":\"2024-03-25T21:05:09+00:00\",\"breadcrumb\":{\"@id\":\"https:\\\/\\\/regiaonews.net.br\\\/2022\\\/2024\\\/03\\\/25\\\/xande-de-pilares-e-a-atracao-confirmada-no-samba-da-santa-2024\\\/#breadcrumb\"},\"inLanguage\":\"pt-BR\",\"potentialAction\":[{\"@type\":\"ReadAction\",\"target\":[\"https:\\\/\\\/regiaonews.net.br\\\/2022\\\/2024\\\/03\\\/25\\\/xande-de-pilares-e-a-atracao-confirmada-no-samba-da-santa-2024\\\/\"]}]},{\"@type\":\"ImageObject\",\"inLanguage\":\"pt-BR\",\"@id\":\"https:\\\/\\\/regiaonews.net.br\\\/2022\\\/2024\\\/03\\\/25\\\/xande-de-pilares-e-a-atracao-confirmada-no-samba-da-santa-2024\\\/#primaryimage\",\"url\":\"https:\\\/\\\/regiaonews.net.br\\\/2022\\\/wp-content\\\/uploads\\\/2024\\\/03\\\/WhatsApp-Image-2024-03-25-at-18.00.17.jpeg\",\"contentUrl\":\"https:\\\/\\\/regiaonews.net.br\\\/2022\\\/wp-content\\\/uploads\\\/2024\\\/03\\\/WhatsApp-Image-2024-03-25-at-18.00.17.jpeg\",\"width\":1440,\"height\":961},{\"@type\":\"BreadcrumbList\",\"@id\":\"https:\\\/\\\/regiaonews.net.br\\\/2022\\\/2024\\\/03\\\/25\\\/xande-de-pilares-e-a-atracao-confirmada-no-samba-da-santa-2024\\\/#breadcrumb\",\"itemListElement\":[{\"@type\":\"ListItem\",\"position\":1,\"name\":\"In\u00edcio\",\"item\":\"https:\\\/\\\/regiaonews.net.br\\\/2022\\\/\"},{\"@type\":\"ListItem\",\"position\":2,\"name\":\"Xande de Pilares \u00e9 a atra\u00e7\u00e3o confirmada no Samba da Santa 2024\"}]},{\"@type\":\"WebSite\",\"@id\":\"https:\\\/\\\/regiaonews.net.br\\\/2022\\\/#website\",\"url\":\"https:\\\/\\\/regiaonews.net.br\\\/2022\\\/\",\"name\":\"Regi\u00e3o News\",\"description\":\"Site de Not\u00edcias de Barretos e regi\u00e3o\",\"publisher\":{\"@id\":\"https:\\\/\\\/regiaonews.net.br\\\/2022\\\/#organization\"},\"potentialAction\":[{\"@type\":\"SearchAction\",\"target\":{\"@type\":\"EntryPoint\",\"urlTemplate\":\"https:\\\/\\\/regiaonews.net.br\\\/2022\\\/?s={search_term_string}\"},\"query-input\":{\"@type\":\"PropertyValueSpecification\",\"valueRequired\":true,\"valueName\":\"search_term_string\"}}],\"inLanguage\":\"pt-BR\"},{\"@type\":\"Organization\",\"@id\":\"https:\\\/\\\/regiaonews.net.br\\\/2022\\\/#organization\",\"name\":\"Regi\u00e3o News\",\"url\":\"https:\\\/\\\/regiaonews.net.br\\\/2022\\\/\",\"logo\":{\"@type\":\"ImageObject\",\"inLanguage\":\"pt-BR\",\"@id\":\"https:\\\/\\\/regiaonews.net.br\\\/2022\\\/#\\\/schema\\\/logo\\\/image\\\/\",\"url\":\"https:\\\/\\\/regiaonews.net.br\\\/2022\\\/wp-content\\\/uploads\\\/2026\\\/03\\\/regiao-13-anos-scaled.jpg\",\"contentUrl\":\"https:\\\/\\\/regiaonews.net.br\\\/2022\\\/wp-content\\\/uploads\\\/2026\\\/03\\\/regiao-13-anos-scaled.jpg\",\"width\":2560,\"height\":635,\"caption\":\"Regi\u00e3o News\"},\"image\":{\"@id\":\"https:\\\/\\\/regiaonews.net.br\\\/2022\\\/#\\\/schema\\\/logo\\\/image\\\/\"}},{\"@type\":\"Person\",\"@id\":\"https:\\\/\\\/regiaonews.net.br\\\/2022\\\/#\\\/schema\\\/person\\\/2d205a608a5aa97ac279d7a5e6d89ad8\",\"name\":\"Roberto\",\"image\":{\"@type\":\"ImageObject\",\"inLanguage\":\"pt-BR\",\"@id\":\"https:\\\/\\\/secure.gravatar.com\\\/avatar\\\/42749d8b712ff9d59ca93dc150494e5b55a44134482993f5baeb97e61b7ecc89?s=96&d=mm&r=g\",\"url\":\"https:\\\/\\\/secure.gravatar.com\\\/avatar\\\/42749d8b712ff9d59ca93dc150494e5b55a44134482993f5baeb97e61b7ecc89?s=96&d=mm&r=g\",\"contentUrl\":\"https:\\\/\\\/secure.gravatar.com\\\/avatar\\\/42749d8b712ff9d59ca93dc150494e5b55a44134482993f5baeb97e61b7ecc89?s=96&d=mm&r=g\",\"caption\":\"Roberto\"},\"url\":\"https:\\\/\\\/regiaonews.net.br\\\/2022\\\/author\\\/roberto\\\/\"}]}<\/script>\n<!-- \/ Yoast SEO plugin. -->","yoast_head_json":{"title":"Xande de Pilares \u00e9 a atra\u00e7\u00e3o confirmada no Samba da Santa 2024 - Regi\u00e3o News","robots":{"index":"index","follow":"follow","max-snippet":"max-snippet:-1","max-image-preview":"max-image-preview:large","max-video-preview":"max-video-preview:-1"},"canonical":"https:\/\/regiaonews.net.br\/2022\/2024\/03\/25\/xande-de-pilares-e-a-atracao-confirmada-no-samba-da-santa-2024\/","og_locale":"pt_BR","og_type":"article","og_title":"Xande de Pilares \u00e9 a atra\u00e7\u00e3o confirmada no Samba da Santa 2024 - Regi\u00e3o News","og_description":"&nbsp; Evento acontece no dia 28 de julho, domingo, no","og_url":"https:\/\/regiaonews.net.br\/2022\/2024\/03\/25\/xande-de-pilares-e-a-atracao-confirmada-no-samba-da-santa-2024\/","og_site_name":"Regi\u00e3o News","article_published_time":"2024-03-25T21:05:09+00:00","og_image":[{"width":1440,"height":961,"url":"https:\/\/regiaonews.net.br\/2022\/wp-content\/uploads\/2024\/03\/WhatsApp-Image-2024-03-25-at-18.00.17.jpeg","type":"image\/jpeg"}],"author":"Roberto","twitter_card":"summary_large_image","twitter_misc":{"Escrito por":"Roberto","Est. tempo de leitura":"4 minutos"},"schema":{"@context":"https:\/\/schema.org","@graph":[{"@type":"Article","@id":"https:\/\/regiaonews.net.br\/2022\/2024\/03\/25\/xande-de-pilares-e-a-atracao-confirmada-no-samba-da-santa-2024\/#article","isPartOf":{"@id":"https:\/\/regiaonews.net.br\/2022\/2024\/03\/25\/xande-de-pilares-e-a-atracao-confirmada-no-samba-da-santa-2024\/"},"author":{"name":"Roberto","@id":"https:\/\/regiaonews.net.br\/2022\/#\/schema\/person\/2d205a608a5aa97ac279d7a5e6d89ad8"},"headline":"Xande de Pilares \u00e9 a atra\u00e7\u00e3o confirmada no Samba da Santa 2024","datePublished":"2024-03-25T21:05:09+00:00","mainEntityOfPage":{"@id":"https:\/\/regiaonews.net.br\/2022\/2024\/03\/25\/xande-de-pilares-e-a-atracao-confirmada-no-samba-da-santa-2024\/"},"wordCount":560,"commentCount":0,"publisher":{"@id":"https:\/\/regiaonews.net.br\/2022\/#organization"},"image":{"@id":"https:\/\/regiaonews.net.br\/2022\/2024\/03\/25\/xande-de-pilares-e-a-atracao-confirmada-no-samba-da-santa-2024\/#primaryimage"},"thumbnailUrl":"https:\/\/regiaonews.net.br\/2022\/wp-content\/uploads\/2024\/03\/WhatsApp-Image-2024-03-25-at-18.00.17.jpeg","articleSection":["Bebedouro"],"inLanguage":"pt-BR","potentialAction":[{"@type":"CommentAction","name":"Comment","target":["https:\/\/regiaonews.net.br\/2022\/2024\/03\/25\/xande-de-pilares-e-a-atracao-confirmada-no-samba-da-santa-2024\/#respond"]}]},{"@type":"WebPage","@id":"https:\/\/regiaonews.net.br\/2022\/2024\/03\/25\/xande-de-pilares-e-a-atracao-confirmada-no-samba-da-santa-2024\/","url":"https:\/\/regiaonews.net.br\/2022\/2024\/03\/25\/xande-de-pilares-e-a-atracao-confirmada-no-samba-da-santa-2024\/","name":"Xande de Pilares \u00e9 a atra\u00e7\u00e3o confirmada no Samba da Santa 2024 - Regi\u00e3o News","isPartOf":{"@id":"https:\/\/regiaonews.net.br\/2022\/#website"},"primaryImageOfPage":{"@id":"https:\/\/regiaonews.net.br\/2022\/2024\/03\/25\/xande-de-pilares-e-a-atracao-confirmada-no-samba-da-santa-2024\/#primaryimage"},"image":{"@id":"https:\/\/regiaonews.net.br\/2022\/2024\/03\/25\/xande-de-pilares-e-a-atracao-confirmada-no-samba-da-santa-2024\/#primaryimage"},"thumbnailUrl":"https:\/\/regiaonews.net.br\/2022\/wp-content\/uploads\/2024\/03\/WhatsApp-Image-2024-03-25-at-18.00.17.jpeg","datePublished":"2024-03-25T21:05:09+00:00","breadcrumb":{"@id":"https:\/\/regiaonews.net.br\/2022\/2024\/03\/25\/xande-de-pilares-e-a-atracao-confirmada-no-samba-da-santa-2024\/#breadcrumb"},"inLanguage":"pt-BR","potentialAction":[{"@type":"ReadAction","target":["https:\/\/regiaonews.net.br\/2022\/2024\/03\/25\/xande-de-pilares-e-a-atracao-confirmada-no-samba-da-santa-2024\/"]}]},{"@type":"ImageObject","inLanguage":"pt-BR","@id":"https:\/\/regiaonews.net.br\/2022\/2024\/03\/25\/xande-de-pilares-e-a-atracao-confirmada-no-samba-da-santa-2024\/#primaryimage","url":"https:\/\/regiaonews.net.br\/2022\/wp-content\/uploads\/2024\/03\/WhatsApp-Image-2024-03-25-at-18.00.17.jpeg","contentUrl":"https:\/\/regiaonews.net.br\/2022\/wp-content\/uploads\/2024\/03\/WhatsApp-Image-2024-03-25-at-18.00.17.jpeg","width":1440,"height":961},{"@type":"BreadcrumbList","@id":"https:\/\/regiaonews.net.br\/2022\/2024\/03\/25\/xande-de-pilares-e-a-atracao-confirmada-no-samba-da-santa-2024\/#breadcrumb","itemListElement":[{"@type":"ListItem","position":1,"name":"In\u00edcio","item":"https:\/\/regiaonews.net.br\/2022\/"},{"@type":"ListItem","position":2,"name":"Xande de Pilares \u00e9 a atra\u00e7\u00e3o confirmada no Samba da Santa 2024"}]},{"@type":"WebSite","@id":"https:\/\/regiaonews.net.br\/2022\/#website","url":"https:\/\/regiaonews.net.br\/2022\/","name":"Regi\u00e3o News","description":"Site de Not\u00edcias de Barretos e regi\u00e3o","publisher":{"@id":"https:\/\/regiaonews.net.br\/2022\/#organization"},"potentialAction":[{"@type":"SearchAction","target":{"@type":"EntryPoint","urlTemplate":"https:\/\/regiaonews.net.br\/2022\/?s={search_term_string}"},"query-input":{"@type":"PropertyValueSpecification","valueRequired":true,"valueName":"search_term_string"}}],"inLanguage":"pt-BR"},{"@type":"Organization","@id":"https:\/\/regiaonews.net.br\/2022\/#organization","name":"Regi\u00e3o News","url":"https:\/\/regiaonews.net.br\/2022\/","logo":{"@type":"ImageObject","inLanguage":"pt-BR","@id":"https:\/\/regiaonews.net.br\/2022\/#\/schema\/logo\/image\/","url":"https:\/\/regiaonews.net.br\/2022\/wp-content\/uploads\/2026\/03\/regiao-13-anos-scaled.jpg","contentUrl":"https:\/\/regiaonews.net.br\/2022\/wp-content\/uploads\/2026\/03\/regiao-13-anos-scaled.jpg","width":2560,"height":635,"caption":"Regi\u00e3o News"},"image":{"@id":"https:\/\/regiaonews.net.br\/2022\/#\/schema\/logo\/image\/"}},{"@type":"Person","@id":"https:\/\/regiaonews.net.br\/2022\/#\/schema\/person\/2d205a608a5aa97ac279d7a5e6d89ad8","name":"Roberto","image":{"@type":"ImageObject","inLanguage":"pt-BR","@id":"https:\/\/secure.gravatar.com\/avatar\/42749d8b712ff9d59ca93dc150494e5b55a44134482993f5baeb97e61b7ecc89?s=96&d=mm&r=g","url":"https:\/\/secure.gravatar.com\/avatar\/42749d8b712ff9d59ca93dc150494e5b55a44134482993f5baeb97e61b7ecc89?s=96&d=mm&r=g","contentUrl":"https:\/\/secure.gravatar.com\/avatar\/42749d8b712ff9d59ca93dc150494e5b55a44134482993f5baeb97e61b7ecc89?s=96&d=mm&r=g","caption":"Roberto"},"url":"https:\/\/regiaonews.net.br\/2022\/author\/roberto\/"}]}},"publishpress_future_action":{"enabled":false,"date":"2026-05-03 17:57:35","action":"change-status","newStatus":"draft","terms":[],"taxonomy":"category","extraData":[]},"publishpress_future_workflow_manual_trigger":{"enabledWorkflows":[]},"_links":{"self":[{"href":"https:\/\/regiaonews.net.br\/2022\/wp-json\/wp\/v2\/posts\/102850","targetHints":{"allow":["GET"]}}],"collection":[{"href":"https:\/\/regiaonews.net.br\/2022\/wp-json\/wp\/v2\/posts"}],"about":[{"href":"https:\/\/regiaonews.net.br\/2022\/wp-json\/wp\/v2\/types\/post"}],"author":[{"embeddable":true,"href":"https:\/\/regiaonews.net.br\/2022\/wp-json\/wp\/v2\/users\/2"}],"replies":[{"embeddable":true,"href":"https:\/\/regiaonews.net.br\/2022\/wp-json\/wp\/v2\/comments?post=102850"}],"version-history":[{"count":1,"href":"https:\/\/regiaonews.net.br\/2022\/wp-json\/wp\/v2\/posts\/102850\/revisions"}],"predecessor-version":[{"id":102852,"href":"https:\/\/regiaonews.net.br\/2022\/wp-json\/wp\/v2\/posts\/102850\/revisions\/102852"}],"wp:featuredmedia":[{"embeddable":true,"href":"https:\/\/regiaonews.net.br\/2022\/wp-json\/wp\/v2\/media\/102851"}],"wp:attachment":[{"href":"https:\/\/regiaonews.net.br\/2022\/wp-json\/wp\/v2\/media?parent=102850"}],"wp:term":[{"taxonomy":"category","embeddable":true,"href":"https:\/\/regiaonews.net.br\/2022\/wp-json\/wp\/v2\/categories?post=102850"},{"taxonomy":"post_tag","embeddable":true,"href":"https:\/\/regiaonews.net.br\/2022\/wp-json\/wp\/v2\/tags?post=102850"}],"curies":[{"name":"wp","href":"https:\/\/api.w.org\/{rel}","templated":true}]}}