{"id":102842,"date":"2024-03-25T17:52:29","date_gmt":"2024-03-25T20:52:29","guid":{"rendered":"https:\/\/regiaonews.net.br\/2022\/?p=102842"},"modified":"2024-03-25T18:01:39","modified_gmt":"2024-03-25T21:01:39","slug":"shows-de-manobras-radicais-estao-confirmados-na-edicao-de-20-anos-do-barretos-motorcycles","status":"publish","type":"post","link":"https:\/\/regiaonews.net.br\/2022\/2024\/03\/25\/shows-de-manobras-radicais-estao-confirmados-na-edicao-de-20-anos-do-barretos-motorcycles\/","title":{"rendered":"Shows de manobras radicais est\u00e3o confirmados na edi\u00e7\u00e3o de 20 anos do Barretos Motorcycles"},"content":{"rendered":"<p>Encontro de motociclistas re\u00fane apaixonados pelo segmento de 3 a 5 de maio no Parque do Pe\u00e3o<\/p>\n<p>A adrenalina est\u00e1 garantida na edi\u00e7\u00e3o especial de 20 anos do Barretos Motorcycles e as equipes de acrobacias com motos, bicicletas, carros e at\u00e9 kart adaptado j\u00e1 est\u00e3o confirmadas. O encontro de motociclistas, acontece de 3 a 5 de maio, no Parque do Pe\u00e3o, recebendo apaixonados pelo segmento de todo Brasil.<\/p>\n<p>Entre as equipes confirmadas nas apresenta\u00e7\u00f5es est\u00e3o a Xtreme Manobras Radicais, Luquinha Wheeling e Cachorr\u00e3o Moto Show.<\/p>\n<p>Montada exclusivamente para a apresenta\u00e7\u00e3o dos profissionais, a pista de exibi\u00e7\u00e3o receber\u00e1 apresenta\u00e7\u00f5es todos os dias. A estrutura conta com arquibancadas para receber o p\u00fablico e a participa\u00e7\u00e3o de locutores especializados nas narra\u00e7\u00f5es.<\/p>\n<p>Sobre as equipes<br \/>\nCom quatro pilotos qualificados, a equipe Xtreme Manobras Radicais se apresenta com uma Saveiro, um Fusca, um Gol e as motos Honda CB1000, Kawasaki 600 e Hornet 600, todos com adapta\u00e7\u00f5es para realizar o show.<\/p>\n<p>J\u00e1 Luquinha Wheeling, hexacampe\u00e3o brasileiro na modalidade, faz um show solo com quatro motos: CBR600RR, Kawasaki z800, KTM Duke 390 e a mini moto Pit Bike TR125f.<\/p>\n<p>Outra presen\u00e7a confirmada \u00e9 o Cachorr\u00e3o Moto Show, apresentado por Wesley Rodrigues. Com carreira s\u00f3lida de mais de 20 anos, ele faz manobras malucas com um kart, uma bicicleta S&amp;M Sabbath e cinco motos, s\u00e3o elas, RD 135cc, CBR600RR, SRAD GSX 750, Hornet 600 e TR 100.<\/p>\n<p>Programa\u00e7\u00e3o musical<br \/>\nA edi\u00e7\u00e3o comemorativa de 20 anos do Barretos Motorcycles vai misturar rock e o pop que, mais uma vez, tomam conta dos tr\u00eas palcos espalhados pelo evento: o Palco Motorcycles, Tenda Motor e o Motor Rock Bar.<\/p>\n<p>A programa\u00e7\u00e3o come\u00e7a no dia 03\/05, sexta-feira, com os shows de Renato Quase Russo e Banda Lemon no Palco Motorcycles, Java\u2019s Rock e Rock Veras na Tenda Motor e Mik\u00e9ias Ac\u00fastico no Motor Rock Bar.<\/p>\n<p>No s\u00e1bado, 04\/05 o grande destaque fica por conta do Motor Music Fest, uma maratona com grandes shows no Palco Motorcycles a partir das 18h com Bar\u00e3o Vermelho, Paulo Miklos, Ventania e Last Lover.<\/p>\n<p>No mesmo dia, o palco Tenda Motor recebe Trecho Urbano, Lady Bad Luck, Tia Zicca e Asquerosa, al\u00e9m de show ac\u00fastico no Motor Rock Bar.<\/p>\n<p>No domingo, 05\/05, os shows j\u00e1 confirmados s\u00e3o de BPM, Banda Mila e Trecho Urbano.<\/p>\n<p>Ingressos<br \/>\nOs ingressos para o evento est\u00e3o \u00e0 venda pelo site oficial independentes.com.br\/motorcycles. Est\u00e3o dispon\u00edveis pacotes para acesso de motociclistas (entrada com moto) e ingressos di\u00e1rios para pedestres (entrada sem moto).<\/p>\n<p>Mais informa\u00e7\u00f5es no site: https:\/\/www.independentes.com.br\/motorcycles\/<\/p>\n<p><a href=\"https:\/\/regiaonews.net.br\/2022\/wp-content\/uploads\/2024\/03\/WhatsApp-Image-2024-03-25-at-17.07.17.jpeg\"><img loading=\"lazy\" decoding=\"async\" class=\"alignnone size-medium wp-image-102846\" src=\"https:\/\/regiaonews.net.br\/2022\/wp-content\/uploads\/2024\/03\/WhatsApp-Image-2024-03-25-at-17.07.17-300x200.jpeg\" alt=\"\" width=\"300\" height=\"200\" srcset=\"https:\/\/regiaonews.net.br\/2022\/wp-content\/uploads\/2024\/03\/WhatsApp-Image-2024-03-25-at-17.07.17-300x200.jpeg 300w, https:\/\/regiaonews.net.br\/2022\/wp-content\/uploads\/2024\/03\/WhatsApp-Image-2024-03-25-at-17.07.17-1024x684.jpeg 1024w, https:\/\/regiaonews.net.br\/2022\/wp-content\/uploads\/2024\/03\/WhatsApp-Image-2024-03-25-at-17.07.17-768x513.jpeg 768w, https:\/\/regiaonews.net.br\/2022\/wp-content\/uploads\/2024\/03\/WhatsApp-Image-2024-03-25-at-17.07.17-250x167.jpeg 250w, https:\/\/regiaonews.net.br\/2022\/wp-content\/uploads\/2024\/03\/WhatsApp-Image-2024-03-25-at-17.07.17-900x600.jpeg 900w, https:\/\/regiaonews.net.br\/2022\/wp-content\/uploads\/2024\/03\/WhatsApp-Image-2024-03-25-at-17.07.17.jpeg 1504w\" sizes=\"auto, (max-width: 300px) 100vw, 300px\" \/><\/a><\/p>\n<p>Cachorr\u00e3o Moto Show est\u00e1 confirmado todos os dias no Barretos Motorcycles &#8211; Foto Cr\u00e9dito: Andr\u00e9 Monteiro<\/p>\n<p><a href=\"https:\/\/regiaonews.net.br\/2022\/wp-content\/uploads\/2024\/03\/WhatsApp-Image-2024-03-25-at-17.08.15.jpeg\"><img loading=\"lazy\" decoding=\"async\" class=\"alignnone size-medium wp-image-102847\" src=\"https:\/\/regiaonews.net.br\/2022\/wp-content\/uploads\/2024\/03\/WhatsApp-Image-2024-03-25-at-17.08.15-300x200.jpeg\" alt=\"\" width=\"300\" height=\"200\" srcset=\"https:\/\/regiaonews.net.br\/2022\/wp-content\/uploads\/2024\/03\/WhatsApp-Image-2024-03-25-at-17.08.15-300x200.jpeg 300w, https:\/\/regiaonews.net.br\/2022\/wp-content\/uploads\/2024\/03\/WhatsApp-Image-2024-03-25-at-17.08.15-1024x683.jpeg 1024w, https:\/\/regiaonews.net.br\/2022\/wp-content\/uploads\/2024\/03\/WhatsApp-Image-2024-03-25-at-17.08.15-768x512.jpeg 768w, https:\/\/regiaonews.net.br\/2022\/wp-content\/uploads\/2024\/03\/WhatsApp-Image-2024-03-25-at-17.08.15-250x167.jpeg 250w, https:\/\/regiaonews.net.br\/2022\/wp-content\/uploads\/2024\/03\/WhatsApp-Image-2024-03-25-at-17.08.15-900x600.jpeg 900w, https:\/\/regiaonews.net.br\/2022\/wp-content\/uploads\/2024\/03\/WhatsApp-Image-2024-03-25-at-17.08.15.jpeg 1500w\" sizes=\"auto, (max-width: 300px) 100vw, 300px\" \/><\/a><\/p>\n<p>Equipe Xtreme Manobras Radicais est\u00e1 confirmada todos os dias no Barretos Motorcycles &#8211;\u00a0 Foto Cr\u00e9dito: Mathias Losonczi<\/p>\n<p><a href=\"https:\/\/regiaonews.net.br\/2022\/wp-content\/uploads\/2024\/03\/WhatsApp-Image-2024-03-25-at-17.06.54.jpeg\"><img loading=\"lazy\" decoding=\"async\" class=\"alignnone size-medium wp-image-102843\" src=\"https:\/\/regiaonews.net.br\/2022\/wp-content\/uploads\/2024\/03\/WhatsApp-Image-2024-03-25-at-17.06.54-300x200.jpeg\" alt=\"\" width=\"300\" height=\"200\" srcset=\"https:\/\/regiaonews.net.br\/2022\/wp-content\/uploads\/2024\/03\/WhatsApp-Image-2024-03-25-at-17.06.54-300x200.jpeg 300w, https:\/\/regiaonews.net.br\/2022\/wp-content\/uploads\/2024\/03\/WhatsApp-Image-2024-03-25-at-17.06.54-1024x683.jpeg 1024w, https:\/\/regiaonews.net.br\/2022\/wp-content\/uploads\/2024\/03\/WhatsApp-Image-2024-03-25-at-17.06.54-768x512.jpeg 768w, https:\/\/regiaonews.net.br\/2022\/wp-content\/uploads\/2024\/03\/WhatsApp-Image-2024-03-25-at-17.06.54-250x167.jpeg 250w, https:\/\/regiaonews.net.br\/2022\/wp-content\/uploads\/2024\/03\/WhatsApp-Image-2024-03-25-at-17.06.54-900x600.jpeg 900w, https:\/\/regiaonews.net.br\/2022\/wp-content\/uploads\/2024\/03\/WhatsApp-Image-2024-03-25-at-17.06.54.jpeg 1500w\" sizes=\"auto, (max-width: 300px) 100vw, 300px\" \/><\/a><\/p>\n<p>Luquinha Wheeling est\u00e1 confirmado todos os dias no Barretos Motorcycles &#8211; Foto Cr\u00e9dito: Mathias Losonczi<\/p>\n","protected":false},"excerpt":{"rendered":"<p>Encontro de motociclistas re\u00fane apaixonados pelo segmento de 3 a<\/p>\n","protected":false},"author":2,"featured_media":102843,"comment_status":"open","ping_status":"open","sticky":false,"template":"","format":"standard","meta":{"footnotes":""},"categories":[14,25],"tags":[],"class_list":["post-102842","post","type-post","status-publish","format-standard","has-post-thumbnail","hentry","category-barretos","category-cidades"],"yoast_head":"<!-- This site is optimized with the Yoast SEO plugin v27.4 - https:\/\/yoast.com\/product\/yoast-seo-wordpress\/ -->\n<title>Shows de manobras radicais est\u00e3o confirmados na edi\u00e7\u00e3o de 20 anos do Barretos Motorcycles - Regi\u00e3o News<\/title>\n<meta name=\"robots\" content=\"index, follow, max-snippet:-1, max-image-preview:large, max-video-preview:-1\" \/>\n<link rel=\"canonical\" href=\"https:\/\/regiaonews.net.br\/2022\/2024\/03\/25\/shows-de-manobras-radicais-estao-confirmados-na-edicao-de-20-anos-do-barretos-motorcycles\/\" \/>\n<meta property=\"og:locale\" content=\"pt_BR\" \/>\n<meta property=\"og:type\" content=\"article\" \/>\n<meta property=\"og:title\" content=\"Shows de manobras radicais est\u00e3o confirmados na edi\u00e7\u00e3o de 20 anos do Barretos Motorcycles - Regi\u00e3o News\" \/>\n<meta property=\"og:description\" content=\"Encontro de motociclistas re\u00fane apaixonados pelo segmento de 3 a\" \/>\n<meta property=\"og:url\" content=\"https:\/\/regiaonews.net.br\/2022\/2024\/03\/25\/shows-de-manobras-radicais-estao-confirmados-na-edicao-de-20-anos-do-barretos-motorcycles\/\" \/>\n<meta property=\"og:site_name\" content=\"Regi\u00e3o News\" \/>\n<meta property=\"article:published_time\" content=\"2024-03-25T20:52:29+00:00\" \/>\n<meta property=\"article:modified_time\" content=\"2024-03-25T21:01:39+00:00\" \/>\n<meta property=\"og:image\" content=\"https:\/\/regiaonews.net.br\/2022\/wp-content\/uploads\/2024\/03\/WhatsApp-Image-2024-03-25-at-17.06.54.jpeg\" \/>\n\t<meta property=\"og:image:width\" content=\"1500\" \/>\n\t<meta property=\"og:image:height\" content=\"1000\" \/>\n\t<meta property=\"og:image:type\" content=\"image\/jpeg\" \/>\n<meta name=\"author\" content=\"Roberto\" \/>\n<meta name=\"twitter:card\" content=\"summary_large_image\" \/>\n<meta name=\"twitter:label1\" content=\"Escrito por\" \/>\n\t<meta name=\"twitter:data1\" content=\"Roberto\" \/>\n\t<meta name=\"twitter:label2\" content=\"Est. tempo de leitura\" \/>\n\t<meta name=\"twitter:data2\" content=\"4 minutos\" \/>\n<script type=\"application\/ld+json\" class=\"yoast-schema-graph\">{\"@context\":\"https:\\\/\\\/schema.org\",\"@graph\":[{\"@type\":\"Article\",\"@id\":\"https:\\\/\\\/regiaonews.net.br\\\/2022\\\/2024\\\/03\\\/25\\\/shows-de-manobras-radicais-estao-confirmados-na-edicao-de-20-anos-do-barretos-motorcycles\\\/#article\",\"isPartOf\":{\"@id\":\"https:\\\/\\\/regiaonews.net.br\\\/2022\\\/2024\\\/03\\\/25\\\/shows-de-manobras-radicais-estao-confirmados-na-edicao-de-20-anos-do-barretos-motorcycles\\\/\"},\"author\":{\"name\":\"Roberto\",\"@id\":\"https:\\\/\\\/regiaonews.net.br\\\/2022\\\/#\\\/schema\\\/person\\\/2d205a608a5aa97ac279d7a5e6d89ad8\"},\"headline\":\"Shows de manobras radicais est\u00e3o confirmados na edi\u00e7\u00e3o de 20 anos do Barretos Motorcycles\",\"datePublished\":\"2024-03-25T20:52:29+00:00\",\"dateModified\":\"2024-03-25T21:01:39+00:00\",\"mainEntityOfPage\":{\"@id\":\"https:\\\/\\\/regiaonews.net.br\\\/2022\\\/2024\\\/03\\\/25\\\/shows-de-manobras-radicais-estao-confirmados-na-edicao-de-20-anos-do-barretos-motorcycles\\\/\"},\"wordCount\":514,\"commentCount\":0,\"publisher\":{\"@id\":\"https:\\\/\\\/regiaonews.net.br\\\/2022\\\/#organization\"},\"image\":{\"@id\":\"https:\\\/\\\/regiaonews.net.br\\\/2022\\\/2024\\\/03\\\/25\\\/shows-de-manobras-radicais-estao-confirmados-na-edicao-de-20-anos-do-barretos-motorcycles\\\/#primaryimage\"},\"thumbnailUrl\":\"https:\\\/\\\/regiaonews.net.br\\\/2022\\\/wp-content\\\/uploads\\\/2024\\\/03\\\/WhatsApp-Image-2024-03-25-at-17.06.54.jpeg\",\"articleSection\":[\"Barretos\",\"Cidades\"],\"inLanguage\":\"pt-BR\",\"potentialAction\":[{\"@type\":\"CommentAction\",\"name\":\"Comment\",\"target\":[\"https:\\\/\\\/regiaonews.net.br\\\/2022\\\/2024\\\/03\\\/25\\\/shows-de-manobras-radicais-estao-confirmados-na-edicao-de-20-anos-do-barretos-motorcycles\\\/#respond\"]}]},{\"@type\":\"WebPage\",\"@id\":\"https:\\\/\\\/regiaonews.net.br\\\/2022\\\/2024\\\/03\\\/25\\\/shows-de-manobras-radicais-estao-confirmados-na-edicao-de-20-anos-do-barretos-motorcycles\\\/\",\"url\":\"https:\\\/\\\/regiaonews.net.br\\\/2022\\\/2024\\\/03\\\/25\\\/shows-de-manobras-radicais-estao-confirmados-na-edicao-de-20-anos-do-barretos-motorcycles\\\/\",\"name\":\"Shows de manobras radicais est\u00e3o confirmados na edi\u00e7\u00e3o de 20 anos do Barretos Motorcycles - Regi\u00e3o News\",\"isPartOf\":{\"@id\":\"https:\\\/\\\/regiaonews.net.br\\\/2022\\\/#website\"},\"primaryImageOfPage\":{\"@id\":\"https:\\\/\\\/regiaonews.net.br\\\/2022\\\/2024\\\/03\\\/25\\\/shows-de-manobras-radicais-estao-confirmados-na-edicao-de-20-anos-do-barretos-motorcycles\\\/#primaryimage\"},\"image\":{\"@id\":\"https:\\\/\\\/regiaonews.net.br\\\/2022\\\/2024\\\/03\\\/25\\\/shows-de-manobras-radicais-estao-confirmados-na-edicao-de-20-anos-do-barretos-motorcycles\\\/#primaryimage\"},\"thumbnailUrl\":\"https:\\\/\\\/regiaonews.net.br\\\/2022\\\/wp-content\\\/uploads\\\/2024\\\/03\\\/WhatsApp-Image-2024-03-25-at-17.06.54.jpeg\",\"datePublished\":\"2024-03-25T20:52:29+00:00\",\"dateModified\":\"2024-03-25T21:01:39+00:00\",\"breadcrumb\":{\"@id\":\"https:\\\/\\\/regiaonews.net.br\\\/2022\\\/2024\\\/03\\\/25\\\/shows-de-manobras-radicais-estao-confirmados-na-edicao-de-20-anos-do-barretos-motorcycles\\\/#breadcrumb\"},\"inLanguage\":\"pt-BR\",\"potentialAction\":[{\"@type\":\"ReadAction\",\"target\":[\"https:\\\/\\\/regiaonews.net.br\\\/2022\\\/2024\\\/03\\\/25\\\/shows-de-manobras-radicais-estao-confirmados-na-edicao-de-20-anos-do-barretos-motorcycles\\\/\"]}]},{\"@type\":\"ImageObject\",\"inLanguage\":\"pt-BR\",\"@id\":\"https:\\\/\\\/regiaonews.net.br\\\/2022\\\/2024\\\/03\\\/25\\\/shows-de-manobras-radicais-estao-confirmados-na-edicao-de-20-anos-do-barretos-motorcycles\\\/#primaryimage\",\"url\":\"https:\\\/\\\/regiaonews.net.br\\\/2022\\\/wp-content\\\/uploads\\\/2024\\\/03\\\/WhatsApp-Image-2024-03-25-at-17.06.54.jpeg\",\"contentUrl\":\"https:\\\/\\\/regiaonews.net.br\\\/2022\\\/wp-content\\\/uploads\\\/2024\\\/03\\\/WhatsApp-Image-2024-03-25-at-17.06.54.jpeg\",\"width\":1500,\"height\":1000},{\"@type\":\"BreadcrumbList\",\"@id\":\"https:\\\/\\\/regiaonews.net.br\\\/2022\\\/2024\\\/03\\\/25\\\/shows-de-manobras-radicais-estao-confirmados-na-edicao-de-20-anos-do-barretos-motorcycles\\\/#breadcrumb\",\"itemListElement\":[{\"@type\":\"ListItem\",\"position\":1,\"name\":\"In\u00edcio\",\"item\":\"https:\\\/\\\/regiaonews.net.br\\\/2022\\\/\"},{\"@type\":\"ListItem\",\"position\":2,\"name\":\"Shows de manobras radicais est\u00e3o confirmados na edi\u00e7\u00e3o de 20 anos do Barretos Motorcycles\"}]},{\"@type\":\"WebSite\",\"@id\":\"https:\\\/\\\/regiaonews.net.br\\\/2022\\\/#website\",\"url\":\"https:\\\/\\\/regiaonews.net.br\\\/2022\\\/\",\"name\":\"Regi\u00e3o News\",\"description\":\"Site de Not\u00edcias de Barretos e regi\u00e3o\",\"publisher\":{\"@id\":\"https:\\\/\\\/regiaonews.net.br\\\/2022\\\/#organization\"},\"potentialAction\":[{\"@type\":\"SearchAction\",\"target\":{\"@type\":\"EntryPoint\",\"urlTemplate\":\"https:\\\/\\\/regiaonews.net.br\\\/2022\\\/?s={search_term_string}\"},\"query-input\":{\"@type\":\"PropertyValueSpecification\",\"valueRequired\":true,\"valueName\":\"search_term_string\"}}],\"inLanguage\":\"pt-BR\"},{\"@type\":\"Organization\",\"@id\":\"https:\\\/\\\/regiaonews.net.br\\\/2022\\\/#organization\",\"name\":\"Regi\u00e3o News\",\"url\":\"https:\\\/\\\/regiaonews.net.br\\\/2022\\\/\",\"logo\":{\"@type\":\"ImageObject\",\"inLanguage\":\"pt-BR\",\"@id\":\"https:\\\/\\\/regiaonews.net.br\\\/2022\\\/#\\\/schema\\\/logo\\\/image\\\/\",\"url\":\"https:\\\/\\\/regiaonews.net.br\\\/2022\\\/wp-content\\\/uploads\\\/2026\\\/03\\\/regiao-13-anos-scaled.jpg\",\"contentUrl\":\"https:\\\/\\\/regiaonews.net.br\\\/2022\\\/wp-content\\\/uploads\\\/2026\\\/03\\\/regiao-13-anos-scaled.jpg\",\"width\":2560,\"height\":635,\"caption\":\"Regi\u00e3o News\"},\"image\":{\"@id\":\"https:\\\/\\\/regiaonews.net.br\\\/2022\\\/#\\\/schema\\\/logo\\\/image\\\/\"}},{\"@type\":\"Person\",\"@id\":\"https:\\\/\\\/regiaonews.net.br\\\/2022\\\/#\\\/schema\\\/person\\\/2d205a608a5aa97ac279d7a5e6d89ad8\",\"name\":\"Roberto\",\"image\":{\"@type\":\"ImageObject\",\"inLanguage\":\"pt-BR\",\"@id\":\"https:\\\/\\\/secure.gravatar.com\\\/avatar\\\/42749d8b712ff9d59ca93dc150494e5b55a44134482993f5baeb97e61b7ecc89?s=96&d=mm&r=g\",\"url\":\"https:\\\/\\\/secure.gravatar.com\\\/avatar\\\/42749d8b712ff9d59ca93dc150494e5b55a44134482993f5baeb97e61b7ecc89?s=96&d=mm&r=g\",\"contentUrl\":\"https:\\\/\\\/secure.gravatar.com\\\/avatar\\\/42749d8b712ff9d59ca93dc150494e5b55a44134482993f5baeb97e61b7ecc89?s=96&d=mm&r=g\",\"caption\":\"Roberto\"},\"url\":\"https:\\\/\\\/regiaonews.net.br\\\/2022\\\/author\\\/roberto\\\/\"}]}<\/script>\n<!-- \/ Yoast SEO plugin. -->","yoast_head_json":{"title":"Shows de manobras radicais est\u00e3o confirmados na edi\u00e7\u00e3o de 20 anos do Barretos Motorcycles - Regi\u00e3o News","robots":{"index":"index","follow":"follow","max-snippet":"max-snippet:-1","max-image-preview":"max-image-preview:large","max-video-preview":"max-video-preview:-1"},"canonical":"https:\/\/regiaonews.net.br\/2022\/2024\/03\/25\/shows-de-manobras-radicais-estao-confirmados-na-edicao-de-20-anos-do-barretos-motorcycles\/","og_locale":"pt_BR","og_type":"article","og_title":"Shows de manobras radicais est\u00e3o confirmados na edi\u00e7\u00e3o de 20 anos do Barretos Motorcycles - Regi\u00e3o News","og_description":"Encontro de motociclistas re\u00fane apaixonados pelo segmento de 3 a","og_url":"https:\/\/regiaonews.net.br\/2022\/2024\/03\/25\/shows-de-manobras-radicais-estao-confirmados-na-edicao-de-20-anos-do-barretos-motorcycles\/","og_site_name":"Regi\u00e3o News","article_published_time":"2024-03-25T20:52:29+00:00","article_modified_time":"2024-03-25T21:01:39+00:00","og_image":[{"width":1500,"height":1000,"url":"https:\/\/regiaonews.net.br\/2022\/wp-content\/uploads\/2024\/03\/WhatsApp-Image-2024-03-25-at-17.06.54.jpeg","type":"image\/jpeg"}],"author":"Roberto","twitter_card":"summary_large_image","twitter_misc":{"Escrito por":"Roberto","Est. tempo de leitura":"4 minutos"},"schema":{"@context":"https:\/\/schema.org","@graph":[{"@type":"Article","@id":"https:\/\/regiaonews.net.br\/2022\/2024\/03\/25\/shows-de-manobras-radicais-estao-confirmados-na-edicao-de-20-anos-do-barretos-motorcycles\/#article","isPartOf":{"@id":"https:\/\/regiaonews.net.br\/2022\/2024\/03\/25\/shows-de-manobras-radicais-estao-confirmados-na-edicao-de-20-anos-do-barretos-motorcycles\/"},"author":{"name":"Roberto","@id":"https:\/\/regiaonews.net.br\/2022\/#\/schema\/person\/2d205a608a5aa97ac279d7a5e6d89ad8"},"headline":"Shows de manobras radicais est\u00e3o confirmados na edi\u00e7\u00e3o de 20 anos do Barretos Motorcycles","datePublished":"2024-03-25T20:52:29+00:00","dateModified":"2024-03-25T21:01:39+00:00","mainEntityOfPage":{"@id":"https:\/\/regiaonews.net.br\/2022\/2024\/03\/25\/shows-de-manobras-radicais-estao-confirmados-na-edicao-de-20-anos-do-barretos-motorcycles\/"},"wordCount":514,"commentCount":0,"publisher":{"@id":"https:\/\/regiaonews.net.br\/2022\/#organization"},"image":{"@id":"https:\/\/regiaonews.net.br\/2022\/2024\/03\/25\/shows-de-manobras-radicais-estao-confirmados-na-edicao-de-20-anos-do-barretos-motorcycles\/#primaryimage"},"thumbnailUrl":"https:\/\/regiaonews.net.br\/2022\/wp-content\/uploads\/2024\/03\/WhatsApp-Image-2024-03-25-at-17.06.54.jpeg","articleSection":["Barretos","Cidades"],"inLanguage":"pt-BR","potentialAction":[{"@type":"CommentAction","name":"Comment","target":["https:\/\/regiaonews.net.br\/2022\/2024\/03\/25\/shows-de-manobras-radicais-estao-confirmados-na-edicao-de-20-anos-do-barretos-motorcycles\/#respond"]}]},{"@type":"WebPage","@id":"https:\/\/regiaonews.net.br\/2022\/2024\/03\/25\/shows-de-manobras-radicais-estao-confirmados-na-edicao-de-20-anos-do-barretos-motorcycles\/","url":"https:\/\/regiaonews.net.br\/2022\/2024\/03\/25\/shows-de-manobras-radicais-estao-confirmados-na-edicao-de-20-anos-do-barretos-motorcycles\/","name":"Shows de manobras radicais est\u00e3o confirmados na edi\u00e7\u00e3o de 20 anos do Barretos Motorcycles - Regi\u00e3o News","isPartOf":{"@id":"https:\/\/regiaonews.net.br\/2022\/#website"},"primaryImageOfPage":{"@id":"https:\/\/regiaonews.net.br\/2022\/2024\/03\/25\/shows-de-manobras-radicais-estao-confirmados-na-edicao-de-20-anos-do-barretos-motorcycles\/#primaryimage"},"image":{"@id":"https:\/\/regiaonews.net.br\/2022\/2024\/03\/25\/shows-de-manobras-radicais-estao-confirmados-na-edicao-de-20-anos-do-barretos-motorcycles\/#primaryimage"},"thumbnailUrl":"https:\/\/regiaonews.net.br\/2022\/wp-content\/uploads\/2024\/03\/WhatsApp-Image-2024-03-25-at-17.06.54.jpeg","datePublished":"2024-03-25T20:52:29+00:00","dateModified":"2024-03-25T21:01:39+00:00","breadcrumb":{"@id":"https:\/\/regiaonews.net.br\/2022\/2024\/03\/25\/shows-de-manobras-radicais-estao-confirmados-na-edicao-de-20-anos-do-barretos-motorcycles\/#breadcrumb"},"inLanguage":"pt-BR","potentialAction":[{"@type":"ReadAction","target":["https:\/\/regiaonews.net.br\/2022\/2024\/03\/25\/shows-de-manobras-radicais-estao-confirmados-na-edicao-de-20-anos-do-barretos-motorcycles\/"]}]},{"@type":"ImageObject","inLanguage":"pt-BR","@id":"https:\/\/regiaonews.net.br\/2022\/2024\/03\/25\/shows-de-manobras-radicais-estao-confirmados-na-edicao-de-20-anos-do-barretos-motorcycles\/#primaryimage","url":"https:\/\/regiaonews.net.br\/2022\/wp-content\/uploads\/2024\/03\/WhatsApp-Image-2024-03-25-at-17.06.54.jpeg","contentUrl":"https:\/\/regiaonews.net.br\/2022\/wp-content\/uploads\/2024\/03\/WhatsApp-Image-2024-03-25-at-17.06.54.jpeg","width":1500,"height":1000},{"@type":"BreadcrumbList","@id":"https:\/\/regiaonews.net.br\/2022\/2024\/03\/25\/shows-de-manobras-radicais-estao-confirmados-na-edicao-de-20-anos-do-barretos-motorcycles\/#breadcrumb","itemListElement":[{"@type":"ListItem","position":1,"name":"In\u00edcio","item":"https:\/\/regiaonews.net.br\/2022\/"},{"@type":"ListItem","position":2,"name":"Shows de manobras radicais est\u00e3o confirmados na edi\u00e7\u00e3o de 20 anos do Barretos Motorcycles"}]},{"@type":"WebSite","@id":"https:\/\/regiaonews.net.br\/2022\/#website","url":"https:\/\/regiaonews.net.br\/2022\/","name":"Regi\u00e3o News","description":"Site de Not\u00edcias de Barretos e regi\u00e3o","publisher":{"@id":"https:\/\/regiaonews.net.br\/2022\/#organization"},"potentialAction":[{"@type":"SearchAction","target":{"@type":"EntryPoint","urlTemplate":"https:\/\/regiaonews.net.br\/2022\/?s={search_term_string}"},"query-input":{"@type":"PropertyValueSpecification","valueRequired":true,"valueName":"search_term_string"}}],"inLanguage":"pt-BR"},{"@type":"Organization","@id":"https:\/\/regiaonews.net.br\/2022\/#organization","name":"Regi\u00e3o News","url":"https:\/\/regiaonews.net.br\/2022\/","logo":{"@type":"ImageObject","inLanguage":"pt-BR","@id":"https:\/\/regiaonews.net.br\/2022\/#\/schema\/logo\/image\/","url":"https:\/\/regiaonews.net.br\/2022\/wp-content\/uploads\/2026\/03\/regiao-13-anos-scaled.jpg","contentUrl":"https:\/\/regiaonews.net.br\/2022\/wp-content\/uploads\/2026\/03\/regiao-13-anos-scaled.jpg","width":2560,"height":635,"caption":"Regi\u00e3o News"},"image":{"@id":"https:\/\/regiaonews.net.br\/2022\/#\/schema\/logo\/image\/"}},{"@type":"Person","@id":"https:\/\/regiaonews.net.br\/2022\/#\/schema\/person\/2d205a608a5aa97ac279d7a5e6d89ad8","name":"Roberto","image":{"@type":"ImageObject","inLanguage":"pt-BR","@id":"https:\/\/secure.gravatar.com\/avatar\/42749d8b712ff9d59ca93dc150494e5b55a44134482993f5baeb97e61b7ecc89?s=96&d=mm&r=g","url":"https:\/\/secure.gravatar.com\/avatar\/42749d8b712ff9d59ca93dc150494e5b55a44134482993f5baeb97e61b7ecc89?s=96&d=mm&r=g","contentUrl":"https:\/\/secure.gravatar.com\/avatar\/42749d8b712ff9d59ca93dc150494e5b55a44134482993f5baeb97e61b7ecc89?s=96&d=mm&r=g","caption":"Roberto"},"url":"https:\/\/regiaonews.net.br\/2022\/author\/roberto\/"}]}},"publishpress_future_action":{"enabled":false,"date":"2026-05-03 17:35:51","action":"change-status","newStatus":"draft","terms":[],"taxonomy":"category","extraData":[]},"publishpress_future_workflow_manual_trigger":{"enabledWorkflows":[]},"_links":{"self":[{"href":"https:\/\/regiaonews.net.br\/2022\/wp-json\/wp\/v2\/posts\/102842","targetHints":{"allow":["GET"]}}],"collection":[{"href":"https:\/\/regiaonews.net.br\/2022\/wp-json\/wp\/v2\/posts"}],"about":[{"href":"https:\/\/regiaonews.net.br\/2022\/wp-json\/wp\/v2\/types\/post"}],"author":[{"embeddable":true,"href":"https:\/\/regiaonews.net.br\/2022\/wp-json\/wp\/v2\/users\/2"}],"replies":[{"embeddable":true,"href":"https:\/\/regiaonews.net.br\/2022\/wp-json\/wp\/v2\/comments?post=102842"}],"version-history":[{"count":4,"href":"https:\/\/regiaonews.net.br\/2022\/wp-json\/wp\/v2\/posts\/102842\/revisions"}],"predecessor-version":[{"id":102849,"href":"https:\/\/regiaonews.net.br\/2022\/wp-json\/wp\/v2\/posts\/102842\/revisions\/102849"}],"wp:featuredmedia":[{"embeddable":true,"href":"https:\/\/regiaonews.net.br\/2022\/wp-json\/wp\/v2\/media\/102843"}],"wp:attachment":[{"href":"https:\/\/regiaonews.net.br\/2022\/wp-json\/wp\/v2\/media?parent=102842"}],"wp:term":[{"taxonomy":"category","embeddable":true,"href":"https:\/\/regiaonews.net.br\/2022\/wp-json\/wp\/v2\/categories?post=102842"},{"taxonomy":"post_tag","embeddable":true,"href":"https:\/\/regiaonews.net.br\/2022\/wp-json\/wp\/v2\/tags?post=102842"}],"curies":[{"name":"wp","href":"https:\/\/api.w.org\/{rel}","templated":true}]}}