{"id":102840,"date":"2024-03-25T17:45:36","date_gmt":"2024-03-25T20:45:36","guid":{"rendered":"https:\/\/regiaonews.net.br\/2022\/?p=102840"},"modified":"2024-03-25T17:45:36","modified_gmt":"2024-03-25T20:45:36","slug":"interior-de-sp-tem-queda-em-todos-os-indices-criminais-em-fevereiro","status":"publish","type":"post","link":"https:\/\/regiaonews.net.br\/2022\/2024\/03\/25\/interior-de-sp-tem-queda-em-todos-os-indices-criminais-em-fevereiro\/","title":{"rendered":"Interior de SP tem queda em todos os \u00edndices criminais em fevereiro"},"content":{"rendered":"<div class=\"col-lg-12 mt-4\">\n<h3><\/h3>\n<\/div>\n<div class=\"col-lg-12 justify\">\n<p>Por Assessoria de Imprensa e Comunica\u00e7\u00e3o da Secretaria da Seguran\u00e7a P\u00fablica<\/p>\n<\/div>\n<div class=\"col-lg-12 mt-2 justify\">\n<h5 class=\"justify\">Crimes contra a vida e o patrim\u00f4nio sofreram redu\u00e7\u00e3o significativa no per\u00edodo<\/h5>\n<\/div>\n<div class=\"col-lg-12 mt-3 justify\">\n<div>\n<div>As cidades do interior de S\u00e3o Paulo tiveram uma queda significativa em todas as modalidades criminosas durante o m\u00eas de fevereiro, conforme o balan\u00e7o estat\u00edstico da Secretaria da Seguran\u00e7a P\u00fablica.<\/div>\n<div><\/div>\n<div>Os roubos em geral, que incluem de carga e a banco, passaram de 3.339 para 2.895, queda de 13,3% na compara\u00e7\u00e3o com fevereiro de de 2023. Os roubos de ve\u00edculos tiveram uma redu\u00e7\u00e3o ainda maior: de 799 ocorr\u00eancias um ano antes para 512 no m\u00eas passado, ou seja, 35,9% a menos.<\/div>\n<div><\/div>\n<div>Os casos de furtos em geral, incluindo os de carga, apresentaram diminui\u00e7\u00e3o de 1,3%, chegando a 17.913 em fevereiro de 2024. Os furtos de ve\u00edculos fecharam o m\u00eas passado em 2.073 registros, 4,6% a menos na compara\u00e7\u00e3o com igual per\u00edodo do ano passado.<\/div>\n<div><\/div>\n<div><b>Crimes contra a vida<\/b><\/div>\n<div><\/div>\n<div>Os casos de homic\u00eddios dolosos ca\u00edram 2%, passando de 147 delitos um ano antes para 144 registros no segundo m\u00eas deste ano. Tamb\u00e9m houve menos casos de latroc\u00ednio \u2014 roubo seguido de morte \u2014, com duas ocorr\u00eancias a menos no per\u00edodo.<\/div>\n<div><\/div>\n<div>Os estupros tamb\u00e9m apresentaram uma redu\u00e7\u00e3o. Depois de uma tend\u00eancia de alta no ano passado, houve uma estabilidade em janeiro, seguido de queda de 4,6% em fevereiro deste ano, chegando a 605 registros em todo o interior de S\u00e3o Paulo.<\/div>\n<div><\/div>\n<div><b>Mais de 10 toneladas de drogas apreendidas em fevereiro<\/b><\/div>\n<div><\/div>\n<div>As For\u00e7as de Seguran\u00e7a apreenderam 10,4 toneladas de drogas no interior do estado em fevereiro deste ano. O n\u00famero representa uma quantidade 33,5% maior na compara\u00e7\u00e3o com o mesmo per\u00edodo de 2023, quando foram 7,7 toneladas. A maior parte das ocorr\u00eancias foi de maconha, chegando a 8,1 toneladas. A de coca\u00edna representou 1,8 tonelada.<\/div>\n<div><\/div>\n<div>A quantidade de infratores presos e apreendidos tamb\u00e9m teve um aumento no per\u00edodo. Foram 10.688 detidos em fevereiro, ante 9.867 no mesmo m\u00eas de 2023, um acr\u00e9scimo de 8,3%<\/div>\n<div><\/div>\n<div>No segundo m\u00eas do ano, 805 armas de fogo ilegais foram retiradas das ruas. Em compara\u00e7\u00e3o com o ano anterior, foram 218 armas a mais, alta de 37,1%.<\/div>\n<div><\/div>\n<div>Outro dado que refor\u00e7a a atua\u00e7\u00e3o das Pol\u00edcias Civil e Militar \u00e9 referente \u00e0 recupera\u00e7\u00e3o de ve\u00edculos. Em fevereiro, o n\u00famero subiu 14,6% na compara\u00e7\u00e3o com o ano anterior, chegando a 1.572.<\/div>\n<\/div>\n<\/div>\n","protected":false},"excerpt":{"rendered":"<p>Por Assessoria de Imprensa e Comunica\u00e7\u00e3o da Secretaria da Seguran\u00e7a<\/p>\n","protected":false},"author":2,"featured_media":92645,"comment_status":"open","ping_status":"open","sticky":false,"template":"","format":"standard","meta":{"footnotes":""},"categories":[7,23],"tags":[],"class_list":["post-102840","post","type-post","status-publish","format-standard","has-post-thumbnail","hentry","category-estado-de-sao-paulo","category-policia"],"yoast_head":"<!-- This site is optimized with the Yoast SEO plugin v27.4 - https:\/\/yoast.com\/product\/yoast-seo-wordpress\/ -->\n<title>Interior de SP tem queda em todos os \u00edndices criminais em fevereiro - Regi\u00e3o News<\/title>\n<meta name=\"robots\" content=\"index, follow, max-snippet:-1, max-image-preview:large, max-video-preview:-1\" \/>\n<link rel=\"canonical\" href=\"https:\/\/regiaonews.net.br\/2022\/2024\/03\/25\/interior-de-sp-tem-queda-em-todos-os-indices-criminais-em-fevereiro\/\" \/>\n<meta property=\"og:locale\" content=\"pt_BR\" \/>\n<meta property=\"og:type\" content=\"article\" \/>\n<meta property=\"og:title\" content=\"Interior de SP tem queda em todos os \u00edndices criminais em fevereiro - Regi\u00e3o News\" \/>\n<meta property=\"og:description\" content=\"Por Assessoria de Imprensa e Comunica\u00e7\u00e3o da Secretaria da Seguran\u00e7a\" \/>\n<meta property=\"og:url\" content=\"https:\/\/regiaonews.net.br\/2022\/2024\/03\/25\/interior-de-sp-tem-queda-em-todos-os-indices-criminais-em-fevereiro\/\" \/>\n<meta property=\"og:site_name\" content=\"Regi\u00e3o News\" \/>\n<meta property=\"article:published_time\" content=\"2024-03-25T20:45:36+00:00\" \/>\n<meta property=\"og:image\" content=\"https:\/\/regiaonews.net.br\/2022\/wp-content\/uploads\/2023\/08\/img_8935.jpg\" \/>\n\t<meta property=\"og:image:width\" content=\"1170\" \/>\n\t<meta property=\"og:image:height\" content=\"700\" \/>\n\t<meta property=\"og:image:type\" content=\"image\/jpeg\" \/>\n<meta name=\"author\" content=\"Roberto\" \/>\n<meta name=\"twitter:card\" content=\"summary_large_image\" \/>\n<meta name=\"twitter:label1\" content=\"Escrito por\" \/>\n\t<meta name=\"twitter:data1\" content=\"Roberto\" \/>\n\t<meta name=\"twitter:label2\" content=\"Est. tempo de leitura\" \/>\n\t<meta name=\"twitter:data2\" content=\"3 minutos\" \/>\n<script type=\"application\/ld+json\" class=\"yoast-schema-graph\">{\"@context\":\"https:\\\/\\\/schema.org\",\"@graph\":[{\"@type\":\"Article\",\"@id\":\"https:\\\/\\\/regiaonews.net.br\\\/2022\\\/2024\\\/03\\\/25\\\/interior-de-sp-tem-queda-em-todos-os-indices-criminais-em-fevereiro\\\/#article\",\"isPartOf\":{\"@id\":\"https:\\\/\\\/regiaonews.net.br\\\/2022\\\/2024\\\/03\\\/25\\\/interior-de-sp-tem-queda-em-todos-os-indices-criminais-em-fevereiro\\\/\"},\"author\":{\"name\":\"Roberto\",\"@id\":\"https:\\\/\\\/regiaonews.net.br\\\/2022\\\/#\\\/schema\\\/person\\\/2d205a608a5aa97ac279d7a5e6d89ad8\"},\"headline\":\"Interior de SP tem queda em todos os \u00edndices criminais em fevereiro\",\"datePublished\":\"2024-03-25T20:45:36+00:00\",\"mainEntityOfPage\":{\"@id\":\"https:\\\/\\\/regiaonews.net.br\\\/2022\\\/2024\\\/03\\\/25\\\/interior-de-sp-tem-queda-em-todos-os-indices-criminais-em-fevereiro\\\/\"},\"wordCount\":412,\"commentCount\":0,\"publisher\":{\"@id\":\"https:\\\/\\\/regiaonews.net.br\\\/2022\\\/#organization\"},\"image\":{\"@id\":\"https:\\\/\\\/regiaonews.net.br\\\/2022\\\/2024\\\/03\\\/25\\\/interior-de-sp-tem-queda-em-todos-os-indices-criminais-em-fevereiro\\\/#primaryimage\"},\"thumbnailUrl\":\"https:\\\/\\\/regiaonews.net.br\\\/2022\\\/wp-content\\\/uploads\\\/2023\\\/08\\\/img_8935.jpg\",\"articleSection\":[\"Estado de S\u00e3o Paulo\",\"Policia\"],\"inLanguage\":\"pt-BR\",\"potentialAction\":[{\"@type\":\"CommentAction\",\"name\":\"Comment\",\"target\":[\"https:\\\/\\\/regiaonews.net.br\\\/2022\\\/2024\\\/03\\\/25\\\/interior-de-sp-tem-queda-em-todos-os-indices-criminais-em-fevereiro\\\/#respond\"]}]},{\"@type\":\"WebPage\",\"@id\":\"https:\\\/\\\/regiaonews.net.br\\\/2022\\\/2024\\\/03\\\/25\\\/interior-de-sp-tem-queda-em-todos-os-indices-criminais-em-fevereiro\\\/\",\"url\":\"https:\\\/\\\/regiaonews.net.br\\\/2022\\\/2024\\\/03\\\/25\\\/interior-de-sp-tem-queda-em-todos-os-indices-criminais-em-fevereiro\\\/\",\"name\":\"Interior de SP tem queda em todos os \u00edndices criminais em fevereiro - Regi\u00e3o News\",\"isPartOf\":{\"@id\":\"https:\\\/\\\/regiaonews.net.br\\\/2022\\\/#website\"},\"primaryImageOfPage\":{\"@id\":\"https:\\\/\\\/regiaonews.net.br\\\/2022\\\/2024\\\/03\\\/25\\\/interior-de-sp-tem-queda-em-todos-os-indices-criminais-em-fevereiro\\\/#primaryimage\"},\"image\":{\"@id\":\"https:\\\/\\\/regiaonews.net.br\\\/2022\\\/2024\\\/03\\\/25\\\/interior-de-sp-tem-queda-em-todos-os-indices-criminais-em-fevereiro\\\/#primaryimage\"},\"thumbnailUrl\":\"https:\\\/\\\/regiaonews.net.br\\\/2022\\\/wp-content\\\/uploads\\\/2023\\\/08\\\/img_8935.jpg\",\"datePublished\":\"2024-03-25T20:45:36+00:00\",\"breadcrumb\":{\"@id\":\"https:\\\/\\\/regiaonews.net.br\\\/2022\\\/2024\\\/03\\\/25\\\/interior-de-sp-tem-queda-em-todos-os-indices-criminais-em-fevereiro\\\/#breadcrumb\"},\"inLanguage\":\"pt-BR\",\"potentialAction\":[{\"@type\":\"ReadAction\",\"target\":[\"https:\\\/\\\/regiaonews.net.br\\\/2022\\\/2024\\\/03\\\/25\\\/interior-de-sp-tem-queda-em-todos-os-indices-criminais-em-fevereiro\\\/\"]}]},{\"@type\":\"ImageObject\",\"inLanguage\":\"pt-BR\",\"@id\":\"https:\\\/\\\/regiaonews.net.br\\\/2022\\\/2024\\\/03\\\/25\\\/interior-de-sp-tem-queda-em-todos-os-indices-criminais-em-fevereiro\\\/#primaryimage\",\"url\":\"https:\\\/\\\/regiaonews.net.br\\\/2022\\\/wp-content\\\/uploads\\\/2023\\\/08\\\/img_8935.jpg\",\"contentUrl\":\"https:\\\/\\\/regiaonews.net.br\\\/2022\\\/wp-content\\\/uploads\\\/2023\\\/08\\\/img_8935.jpg\",\"width\":1170,\"height\":700,\"caption\":\"C\u00e2meras em viaturas da Pol\u00edcia Militar\"},{\"@type\":\"BreadcrumbList\",\"@id\":\"https:\\\/\\\/regiaonews.net.br\\\/2022\\\/2024\\\/03\\\/25\\\/interior-de-sp-tem-queda-em-todos-os-indices-criminais-em-fevereiro\\\/#breadcrumb\",\"itemListElement\":[{\"@type\":\"ListItem\",\"position\":1,\"name\":\"In\u00edcio\",\"item\":\"https:\\\/\\\/regiaonews.net.br\\\/2022\\\/\"},{\"@type\":\"ListItem\",\"position\":2,\"name\":\"Interior de SP tem queda em todos os \u00edndices criminais em fevereiro\"}]},{\"@type\":\"WebSite\",\"@id\":\"https:\\\/\\\/regiaonews.net.br\\\/2022\\\/#website\",\"url\":\"https:\\\/\\\/regiaonews.net.br\\\/2022\\\/\",\"name\":\"Regi\u00e3o News\",\"description\":\"Site de Not\u00edcias de Barretos e regi\u00e3o\",\"publisher\":{\"@id\":\"https:\\\/\\\/regiaonews.net.br\\\/2022\\\/#organization\"},\"potentialAction\":[{\"@type\":\"SearchAction\",\"target\":{\"@type\":\"EntryPoint\",\"urlTemplate\":\"https:\\\/\\\/regiaonews.net.br\\\/2022\\\/?s={search_term_string}\"},\"query-input\":{\"@type\":\"PropertyValueSpecification\",\"valueRequired\":true,\"valueName\":\"search_term_string\"}}],\"inLanguage\":\"pt-BR\"},{\"@type\":\"Organization\",\"@id\":\"https:\\\/\\\/regiaonews.net.br\\\/2022\\\/#organization\",\"name\":\"Regi\u00e3o News\",\"url\":\"https:\\\/\\\/regiaonews.net.br\\\/2022\\\/\",\"logo\":{\"@type\":\"ImageObject\",\"inLanguage\":\"pt-BR\",\"@id\":\"https:\\\/\\\/regiaonews.net.br\\\/2022\\\/#\\\/schema\\\/logo\\\/image\\\/\",\"url\":\"https:\\\/\\\/regiaonews.net.br\\\/2022\\\/wp-content\\\/uploads\\\/2026\\\/03\\\/regiao-13-anos-scaled.jpg\",\"contentUrl\":\"https:\\\/\\\/regiaonews.net.br\\\/2022\\\/wp-content\\\/uploads\\\/2026\\\/03\\\/regiao-13-anos-scaled.jpg\",\"width\":2560,\"height\":635,\"caption\":\"Regi\u00e3o News\"},\"image\":{\"@id\":\"https:\\\/\\\/regiaonews.net.br\\\/2022\\\/#\\\/schema\\\/logo\\\/image\\\/\"}},{\"@type\":\"Person\",\"@id\":\"https:\\\/\\\/regiaonews.net.br\\\/2022\\\/#\\\/schema\\\/person\\\/2d205a608a5aa97ac279d7a5e6d89ad8\",\"name\":\"Roberto\",\"image\":{\"@type\":\"ImageObject\",\"inLanguage\":\"pt-BR\",\"@id\":\"https:\\\/\\\/secure.gravatar.com\\\/avatar\\\/42749d8b712ff9d59ca93dc150494e5b55a44134482993f5baeb97e61b7ecc89?s=96&d=mm&r=g\",\"url\":\"https:\\\/\\\/secure.gravatar.com\\\/avatar\\\/42749d8b712ff9d59ca93dc150494e5b55a44134482993f5baeb97e61b7ecc89?s=96&d=mm&r=g\",\"contentUrl\":\"https:\\\/\\\/secure.gravatar.com\\\/avatar\\\/42749d8b712ff9d59ca93dc150494e5b55a44134482993f5baeb97e61b7ecc89?s=96&d=mm&r=g\",\"caption\":\"Roberto\"},\"url\":\"https:\\\/\\\/regiaonews.net.br\\\/2022\\\/author\\\/roberto\\\/\"}]}<\/script>\n<!-- \/ Yoast SEO plugin. -->","yoast_head_json":{"title":"Interior de SP tem queda em todos os \u00edndices criminais em fevereiro - Regi\u00e3o News","robots":{"index":"index","follow":"follow","max-snippet":"max-snippet:-1","max-image-preview":"max-image-preview:large","max-video-preview":"max-video-preview:-1"},"canonical":"https:\/\/regiaonews.net.br\/2022\/2024\/03\/25\/interior-de-sp-tem-queda-em-todos-os-indices-criminais-em-fevereiro\/","og_locale":"pt_BR","og_type":"article","og_title":"Interior de SP tem queda em todos os \u00edndices criminais em fevereiro - Regi\u00e3o News","og_description":"Por Assessoria de Imprensa e Comunica\u00e7\u00e3o da Secretaria da Seguran\u00e7a","og_url":"https:\/\/regiaonews.net.br\/2022\/2024\/03\/25\/interior-de-sp-tem-queda-em-todos-os-indices-criminais-em-fevereiro\/","og_site_name":"Regi\u00e3o News","article_published_time":"2024-03-25T20:45:36+00:00","og_image":[{"width":1170,"height":700,"url":"https:\/\/regiaonews.net.br\/2022\/wp-content\/uploads\/2023\/08\/img_8935.jpg","type":"image\/jpeg"}],"author":"Roberto","twitter_card":"summary_large_image","twitter_misc":{"Escrito por":"Roberto","Est. tempo de leitura":"3 minutos"},"schema":{"@context":"https:\/\/schema.org","@graph":[{"@type":"Article","@id":"https:\/\/regiaonews.net.br\/2022\/2024\/03\/25\/interior-de-sp-tem-queda-em-todos-os-indices-criminais-em-fevereiro\/#article","isPartOf":{"@id":"https:\/\/regiaonews.net.br\/2022\/2024\/03\/25\/interior-de-sp-tem-queda-em-todos-os-indices-criminais-em-fevereiro\/"},"author":{"name":"Roberto","@id":"https:\/\/regiaonews.net.br\/2022\/#\/schema\/person\/2d205a608a5aa97ac279d7a5e6d89ad8"},"headline":"Interior de SP tem queda em todos os \u00edndices criminais em fevereiro","datePublished":"2024-03-25T20:45:36+00:00","mainEntityOfPage":{"@id":"https:\/\/regiaonews.net.br\/2022\/2024\/03\/25\/interior-de-sp-tem-queda-em-todos-os-indices-criminais-em-fevereiro\/"},"wordCount":412,"commentCount":0,"publisher":{"@id":"https:\/\/regiaonews.net.br\/2022\/#organization"},"image":{"@id":"https:\/\/regiaonews.net.br\/2022\/2024\/03\/25\/interior-de-sp-tem-queda-em-todos-os-indices-criminais-em-fevereiro\/#primaryimage"},"thumbnailUrl":"https:\/\/regiaonews.net.br\/2022\/wp-content\/uploads\/2023\/08\/img_8935.jpg","articleSection":["Estado de S\u00e3o Paulo","Policia"],"inLanguage":"pt-BR","potentialAction":[{"@type":"CommentAction","name":"Comment","target":["https:\/\/regiaonews.net.br\/2022\/2024\/03\/25\/interior-de-sp-tem-queda-em-todos-os-indices-criminais-em-fevereiro\/#respond"]}]},{"@type":"WebPage","@id":"https:\/\/regiaonews.net.br\/2022\/2024\/03\/25\/interior-de-sp-tem-queda-em-todos-os-indices-criminais-em-fevereiro\/","url":"https:\/\/regiaonews.net.br\/2022\/2024\/03\/25\/interior-de-sp-tem-queda-em-todos-os-indices-criminais-em-fevereiro\/","name":"Interior de SP tem queda em todos os \u00edndices criminais em fevereiro - Regi\u00e3o News","isPartOf":{"@id":"https:\/\/regiaonews.net.br\/2022\/#website"},"primaryImageOfPage":{"@id":"https:\/\/regiaonews.net.br\/2022\/2024\/03\/25\/interior-de-sp-tem-queda-em-todos-os-indices-criminais-em-fevereiro\/#primaryimage"},"image":{"@id":"https:\/\/regiaonews.net.br\/2022\/2024\/03\/25\/interior-de-sp-tem-queda-em-todos-os-indices-criminais-em-fevereiro\/#primaryimage"},"thumbnailUrl":"https:\/\/regiaonews.net.br\/2022\/wp-content\/uploads\/2023\/08\/img_8935.jpg","datePublished":"2024-03-25T20:45:36+00:00","breadcrumb":{"@id":"https:\/\/regiaonews.net.br\/2022\/2024\/03\/25\/interior-de-sp-tem-queda-em-todos-os-indices-criminais-em-fevereiro\/#breadcrumb"},"inLanguage":"pt-BR","potentialAction":[{"@type":"ReadAction","target":["https:\/\/regiaonews.net.br\/2022\/2024\/03\/25\/interior-de-sp-tem-queda-em-todos-os-indices-criminais-em-fevereiro\/"]}]},{"@type":"ImageObject","inLanguage":"pt-BR","@id":"https:\/\/regiaonews.net.br\/2022\/2024\/03\/25\/interior-de-sp-tem-queda-em-todos-os-indices-criminais-em-fevereiro\/#primaryimage","url":"https:\/\/regiaonews.net.br\/2022\/wp-content\/uploads\/2023\/08\/img_8935.jpg","contentUrl":"https:\/\/regiaonews.net.br\/2022\/wp-content\/uploads\/2023\/08\/img_8935.jpg","width":1170,"height":700,"caption":"C\u00e2meras em viaturas da Pol\u00edcia Militar"},{"@type":"BreadcrumbList","@id":"https:\/\/regiaonews.net.br\/2022\/2024\/03\/25\/interior-de-sp-tem-queda-em-todos-os-indices-criminais-em-fevereiro\/#breadcrumb","itemListElement":[{"@type":"ListItem","position":1,"name":"In\u00edcio","item":"https:\/\/regiaonews.net.br\/2022\/"},{"@type":"ListItem","position":2,"name":"Interior de SP tem queda em todos os \u00edndices criminais em fevereiro"}]},{"@type":"WebSite","@id":"https:\/\/regiaonews.net.br\/2022\/#website","url":"https:\/\/regiaonews.net.br\/2022\/","name":"Regi\u00e3o News","description":"Site de Not\u00edcias de Barretos e regi\u00e3o","publisher":{"@id":"https:\/\/regiaonews.net.br\/2022\/#organization"},"potentialAction":[{"@type":"SearchAction","target":{"@type":"EntryPoint","urlTemplate":"https:\/\/regiaonews.net.br\/2022\/?s={search_term_string}"},"query-input":{"@type":"PropertyValueSpecification","valueRequired":true,"valueName":"search_term_string"}}],"inLanguage":"pt-BR"},{"@type":"Organization","@id":"https:\/\/regiaonews.net.br\/2022\/#organization","name":"Regi\u00e3o News","url":"https:\/\/regiaonews.net.br\/2022\/","logo":{"@type":"ImageObject","inLanguage":"pt-BR","@id":"https:\/\/regiaonews.net.br\/2022\/#\/schema\/logo\/image\/","url":"https:\/\/regiaonews.net.br\/2022\/wp-content\/uploads\/2026\/03\/regiao-13-anos-scaled.jpg","contentUrl":"https:\/\/regiaonews.net.br\/2022\/wp-content\/uploads\/2026\/03\/regiao-13-anos-scaled.jpg","width":2560,"height":635,"caption":"Regi\u00e3o News"},"image":{"@id":"https:\/\/regiaonews.net.br\/2022\/#\/schema\/logo\/image\/"}},{"@type":"Person","@id":"https:\/\/regiaonews.net.br\/2022\/#\/schema\/person\/2d205a608a5aa97ac279d7a5e6d89ad8","name":"Roberto","image":{"@type":"ImageObject","inLanguage":"pt-BR","@id":"https:\/\/secure.gravatar.com\/avatar\/42749d8b712ff9d59ca93dc150494e5b55a44134482993f5baeb97e61b7ecc89?s=96&d=mm&r=g","url":"https:\/\/secure.gravatar.com\/avatar\/42749d8b712ff9d59ca93dc150494e5b55a44134482993f5baeb97e61b7ecc89?s=96&d=mm&r=g","contentUrl":"https:\/\/secure.gravatar.com\/avatar\/42749d8b712ff9d59ca93dc150494e5b55a44134482993f5baeb97e61b7ecc89?s=96&d=mm&r=g","caption":"Roberto"},"url":"https:\/\/regiaonews.net.br\/2022\/author\/roberto\/"}]}},"publishpress_future_action":{"enabled":false,"date":"2026-05-03 15:54:23","action":"change-status","newStatus":"draft","terms":[],"taxonomy":"category","extraData":[]},"publishpress_future_workflow_manual_trigger":{"enabledWorkflows":[]},"_links":{"self":[{"href":"https:\/\/regiaonews.net.br\/2022\/wp-json\/wp\/v2\/posts\/102840","targetHints":{"allow":["GET"]}}],"collection":[{"href":"https:\/\/regiaonews.net.br\/2022\/wp-json\/wp\/v2\/posts"}],"about":[{"href":"https:\/\/regiaonews.net.br\/2022\/wp-json\/wp\/v2\/types\/post"}],"author":[{"embeddable":true,"href":"https:\/\/regiaonews.net.br\/2022\/wp-json\/wp\/v2\/users\/2"}],"replies":[{"embeddable":true,"href":"https:\/\/regiaonews.net.br\/2022\/wp-json\/wp\/v2\/comments?post=102840"}],"version-history":[{"count":1,"href":"https:\/\/regiaonews.net.br\/2022\/wp-json\/wp\/v2\/posts\/102840\/revisions"}],"predecessor-version":[{"id":102841,"href":"https:\/\/regiaonews.net.br\/2022\/wp-json\/wp\/v2\/posts\/102840\/revisions\/102841"}],"wp:featuredmedia":[{"embeddable":true,"href":"https:\/\/regiaonews.net.br\/2022\/wp-json\/wp\/v2\/media\/92645"}],"wp:attachment":[{"href":"https:\/\/regiaonews.net.br\/2022\/wp-json\/wp\/v2\/media?parent=102840"}],"wp:term":[{"taxonomy":"category","embeddable":true,"href":"https:\/\/regiaonews.net.br\/2022\/wp-json\/wp\/v2\/categories?post=102840"},{"taxonomy":"post_tag","embeddable":true,"href":"https:\/\/regiaonews.net.br\/2022\/wp-json\/wp\/v2\/tags?post=102840"}],"curies":[{"name":"wp","href":"https:\/\/api.w.org\/{rel}","templated":true}]}}