{"id":102777,"date":"2024-03-23T14:31:33","date_gmt":"2024-03-23T17:31:33","guid":{"rendered":"https:\/\/regiaonews.net.br\/2022\/?p=102777"},"modified":"2024-03-23T14:32:31","modified_gmt":"2024-03-23T17:32:31","slug":"prefeitura-de-bebedouro-realizara-entrega-de-ovos-de-pascoa-as-criancas-da-rede-municipal","status":"publish","type":"post","link":"https:\/\/regiaonews.net.br\/2022\/2024\/03\/23\/prefeitura-de-bebedouro-realizara-entrega-de-ovos-de-pascoa-as-criancas-da-rede-municipal\/","title":{"rendered":"Prefeitura de Bebedouro realizar\u00e1 entrega de ovos de P\u00e1scoa \u00e0s crian\u00e7as da Rede Municipal"},"content":{"rendered":"<p>&nbsp;<\/p>\n<p>A Prefeitura de Bebedouro, por meio da Central de Alimenta\u00e7\u00e3o e Secretaria Municipal de Educa\u00e7\u00e3o (SEMEB), realizar\u00e1 a distribui\u00e7\u00e3o de ovos de p\u00e1scoa \u00e0s crian\u00e7as da Rede Municipal, incluindo os distritos de Turv\u00ednia, Botafogo e Povoado de Andes.<\/p>\n<p>Na ocasi\u00e3o, foram produzidas 7.500 unidades de ovos de P\u00e1scoa, acompanhados de bombons sortidos. Para as crian\u00e7as com algum tipo de restri\u00e7\u00e3o alimentar, ser\u00e3o distribu\u00eddos ovos de P\u00e1scoa que n\u00e3o contenham a\u00e7\u00facar, gl\u00faten, leite e soja.<\/p>\n<p>As entregas dos ovos de P\u00e1scoa ser\u00e3o realizadas de forma programada em cada unidade escolar.<\/p>\n","protected":false},"excerpt":{"rendered":"<p>&nbsp; A Prefeitura de Bebedouro, por meio da Central de<\/p>\n","protected":false},"author":2,"featured_media":102778,"comment_status":"open","ping_status":"open","sticky":false,"template":"","format":"standard","meta":{"footnotes":""},"categories":[4,25],"tags":[],"class_list":["post-102777","post","type-post","status-publish","format-standard","has-post-thumbnail","hentry","category-bebedouro","category-cidades"],"yoast_head":"<!-- This site is optimized with the Yoast SEO plugin v27.4 - https:\/\/yoast.com\/product\/yoast-seo-wordpress\/ -->\n<title>Prefeitura de Bebedouro realizar\u00e1 entrega de ovos de P\u00e1scoa \u00e0s crian\u00e7as da Rede Municipal - Regi\u00e3o News<\/title>\n<meta name=\"robots\" content=\"index, follow, max-snippet:-1, max-image-preview:large, max-video-preview:-1\" \/>\n<link rel=\"canonical\" href=\"https:\/\/regiaonews.net.br\/2022\/2024\/03\/23\/prefeitura-de-bebedouro-realizara-entrega-de-ovos-de-pascoa-as-criancas-da-rede-municipal\/\" \/>\n<meta property=\"og:locale\" content=\"pt_BR\" \/>\n<meta property=\"og:type\" content=\"article\" \/>\n<meta property=\"og:title\" content=\"Prefeitura de Bebedouro realizar\u00e1 entrega de ovos de P\u00e1scoa \u00e0s crian\u00e7as da Rede Municipal - Regi\u00e3o News\" \/>\n<meta property=\"og:description\" content=\"&nbsp; A Prefeitura de Bebedouro, por meio da Central de\" \/>\n<meta property=\"og:url\" content=\"https:\/\/regiaonews.net.br\/2022\/2024\/03\/23\/prefeitura-de-bebedouro-realizara-entrega-de-ovos-de-pascoa-as-criancas-da-rede-municipal\/\" \/>\n<meta property=\"og:site_name\" content=\"Regi\u00e3o News\" \/>\n<meta property=\"article:published_time\" content=\"2024-03-23T17:31:33+00:00\" \/>\n<meta property=\"article:modified_time\" content=\"2024-03-23T17:32:31+00:00\" \/>\n<meta property=\"og:image\" content=\"https:\/\/regiaonews.net.br\/2022\/wp-content\/uploads\/2024\/03\/IMG-20240323-WA0118.jpg\" \/>\n\t<meta property=\"og:image:width\" content=\"1200\" \/>\n\t<meta property=\"og:image:height\" content=\"1600\" \/>\n\t<meta property=\"og:image:type\" content=\"image\/jpeg\" \/>\n<meta name=\"author\" content=\"Roberto\" \/>\n<meta name=\"twitter:card\" content=\"summary_large_image\" \/>\n<meta name=\"twitter:label1\" content=\"Escrito por\" \/>\n\t<meta name=\"twitter:data1\" content=\"Roberto\" \/>\n\t<meta name=\"twitter:label2\" content=\"Est. tempo de leitura\" \/>\n\t<meta name=\"twitter:data2\" content=\"1 minuto\" \/>\n<script type=\"application\/ld+json\" class=\"yoast-schema-graph\">{\"@context\":\"https:\\\/\\\/schema.org\",\"@graph\":[{\"@type\":\"Article\",\"@id\":\"https:\\\/\\\/regiaonews.net.br\\\/2022\\\/2024\\\/03\\\/23\\\/prefeitura-de-bebedouro-realizara-entrega-de-ovos-de-pascoa-as-criancas-da-rede-municipal\\\/#article\",\"isPartOf\":{\"@id\":\"https:\\\/\\\/regiaonews.net.br\\\/2022\\\/2024\\\/03\\\/23\\\/prefeitura-de-bebedouro-realizara-entrega-de-ovos-de-pascoa-as-criancas-da-rede-municipal\\\/\"},\"author\":{\"name\":\"Roberto\",\"@id\":\"https:\\\/\\\/regiaonews.net.br\\\/2022\\\/#\\\/schema\\\/person\\\/2d205a608a5aa97ac279d7a5e6d89ad8\"},\"headline\":\"Prefeitura de Bebedouro realizar\u00e1 entrega de ovos de P\u00e1scoa \u00e0s crian\u00e7as da Rede Municipal\",\"datePublished\":\"2024-03-23T17:31:33+00:00\",\"dateModified\":\"2024-03-23T17:32:31+00:00\",\"mainEntityOfPage\":{\"@id\":\"https:\\\/\\\/regiaonews.net.br\\\/2022\\\/2024\\\/03\\\/23\\\/prefeitura-de-bebedouro-realizara-entrega-de-ovos-de-pascoa-as-criancas-da-rede-municipal\\\/\"},\"wordCount\":123,\"commentCount\":0,\"publisher\":{\"@id\":\"https:\\\/\\\/regiaonews.net.br\\\/2022\\\/#organization\"},\"image\":{\"@id\":\"https:\\\/\\\/regiaonews.net.br\\\/2022\\\/2024\\\/03\\\/23\\\/prefeitura-de-bebedouro-realizara-entrega-de-ovos-de-pascoa-as-criancas-da-rede-municipal\\\/#primaryimage\"},\"thumbnailUrl\":\"https:\\\/\\\/regiaonews.net.br\\\/2022\\\/wp-content\\\/uploads\\\/2024\\\/03\\\/IMG-20240323-WA0118.jpg\",\"articleSection\":[\"Bebedouro\",\"Cidades\"],\"inLanguage\":\"pt-BR\",\"potentialAction\":[{\"@type\":\"CommentAction\",\"name\":\"Comment\",\"target\":[\"https:\\\/\\\/regiaonews.net.br\\\/2022\\\/2024\\\/03\\\/23\\\/prefeitura-de-bebedouro-realizara-entrega-de-ovos-de-pascoa-as-criancas-da-rede-municipal\\\/#respond\"]}]},{\"@type\":\"WebPage\",\"@id\":\"https:\\\/\\\/regiaonews.net.br\\\/2022\\\/2024\\\/03\\\/23\\\/prefeitura-de-bebedouro-realizara-entrega-de-ovos-de-pascoa-as-criancas-da-rede-municipal\\\/\",\"url\":\"https:\\\/\\\/regiaonews.net.br\\\/2022\\\/2024\\\/03\\\/23\\\/prefeitura-de-bebedouro-realizara-entrega-de-ovos-de-pascoa-as-criancas-da-rede-municipal\\\/\",\"name\":\"Prefeitura de Bebedouro realizar\u00e1 entrega de ovos de P\u00e1scoa \u00e0s crian\u00e7as da Rede Municipal - Regi\u00e3o News\",\"isPartOf\":{\"@id\":\"https:\\\/\\\/regiaonews.net.br\\\/2022\\\/#website\"},\"primaryImageOfPage\":{\"@id\":\"https:\\\/\\\/regiaonews.net.br\\\/2022\\\/2024\\\/03\\\/23\\\/prefeitura-de-bebedouro-realizara-entrega-de-ovos-de-pascoa-as-criancas-da-rede-municipal\\\/#primaryimage\"},\"image\":{\"@id\":\"https:\\\/\\\/regiaonews.net.br\\\/2022\\\/2024\\\/03\\\/23\\\/prefeitura-de-bebedouro-realizara-entrega-de-ovos-de-pascoa-as-criancas-da-rede-municipal\\\/#primaryimage\"},\"thumbnailUrl\":\"https:\\\/\\\/regiaonews.net.br\\\/2022\\\/wp-content\\\/uploads\\\/2024\\\/03\\\/IMG-20240323-WA0118.jpg\",\"datePublished\":\"2024-03-23T17:31:33+00:00\",\"dateModified\":\"2024-03-23T17:32:31+00:00\",\"breadcrumb\":{\"@id\":\"https:\\\/\\\/regiaonews.net.br\\\/2022\\\/2024\\\/03\\\/23\\\/prefeitura-de-bebedouro-realizara-entrega-de-ovos-de-pascoa-as-criancas-da-rede-municipal\\\/#breadcrumb\"},\"inLanguage\":\"pt-BR\",\"potentialAction\":[{\"@type\":\"ReadAction\",\"target\":[\"https:\\\/\\\/regiaonews.net.br\\\/2022\\\/2024\\\/03\\\/23\\\/prefeitura-de-bebedouro-realizara-entrega-de-ovos-de-pascoa-as-criancas-da-rede-municipal\\\/\"]}]},{\"@type\":\"ImageObject\",\"inLanguage\":\"pt-BR\",\"@id\":\"https:\\\/\\\/regiaonews.net.br\\\/2022\\\/2024\\\/03\\\/23\\\/prefeitura-de-bebedouro-realizara-entrega-de-ovos-de-pascoa-as-criancas-da-rede-municipal\\\/#primaryimage\",\"url\":\"https:\\\/\\\/regiaonews.net.br\\\/2022\\\/wp-content\\\/uploads\\\/2024\\\/03\\\/IMG-20240323-WA0118.jpg\",\"contentUrl\":\"https:\\\/\\\/regiaonews.net.br\\\/2022\\\/wp-content\\\/uploads\\\/2024\\\/03\\\/IMG-20240323-WA0118.jpg\",\"width\":1200,\"height\":1600},{\"@type\":\"BreadcrumbList\",\"@id\":\"https:\\\/\\\/regiaonews.net.br\\\/2022\\\/2024\\\/03\\\/23\\\/prefeitura-de-bebedouro-realizara-entrega-de-ovos-de-pascoa-as-criancas-da-rede-municipal\\\/#breadcrumb\",\"itemListElement\":[{\"@type\":\"ListItem\",\"position\":1,\"name\":\"In\u00edcio\",\"item\":\"https:\\\/\\\/regiaonews.net.br\\\/2022\\\/\"},{\"@type\":\"ListItem\",\"position\":2,\"name\":\"Prefeitura de Bebedouro realizar\u00e1 entrega de ovos de P\u00e1scoa \u00e0s crian\u00e7as da Rede Municipal\"}]},{\"@type\":\"WebSite\",\"@id\":\"https:\\\/\\\/regiaonews.net.br\\\/2022\\\/#website\",\"url\":\"https:\\\/\\\/regiaonews.net.br\\\/2022\\\/\",\"name\":\"Regi\u00e3o News\",\"description\":\"Site de Not\u00edcias de Barretos e regi\u00e3o\",\"publisher\":{\"@id\":\"https:\\\/\\\/regiaonews.net.br\\\/2022\\\/#organization\"},\"potentialAction\":[{\"@type\":\"SearchAction\",\"target\":{\"@type\":\"EntryPoint\",\"urlTemplate\":\"https:\\\/\\\/regiaonews.net.br\\\/2022\\\/?s={search_term_string}\"},\"query-input\":{\"@type\":\"PropertyValueSpecification\",\"valueRequired\":true,\"valueName\":\"search_term_string\"}}],\"inLanguage\":\"pt-BR\"},{\"@type\":\"Organization\",\"@id\":\"https:\\\/\\\/regiaonews.net.br\\\/2022\\\/#organization\",\"name\":\"Regi\u00e3o News\",\"url\":\"https:\\\/\\\/regiaonews.net.br\\\/2022\\\/\",\"logo\":{\"@type\":\"ImageObject\",\"inLanguage\":\"pt-BR\",\"@id\":\"https:\\\/\\\/regiaonews.net.br\\\/2022\\\/#\\\/schema\\\/logo\\\/image\\\/\",\"url\":\"https:\\\/\\\/regiaonews.net.br\\\/2022\\\/wp-content\\\/uploads\\\/2026\\\/03\\\/regiao-13-anos-scaled.jpg\",\"contentUrl\":\"https:\\\/\\\/regiaonews.net.br\\\/2022\\\/wp-content\\\/uploads\\\/2026\\\/03\\\/regiao-13-anos-scaled.jpg\",\"width\":2560,\"height\":635,\"caption\":\"Regi\u00e3o News\"},\"image\":{\"@id\":\"https:\\\/\\\/regiaonews.net.br\\\/2022\\\/#\\\/schema\\\/logo\\\/image\\\/\"}},{\"@type\":\"Person\",\"@id\":\"https:\\\/\\\/regiaonews.net.br\\\/2022\\\/#\\\/schema\\\/person\\\/2d205a608a5aa97ac279d7a5e6d89ad8\",\"name\":\"Roberto\",\"image\":{\"@type\":\"ImageObject\",\"inLanguage\":\"pt-BR\",\"@id\":\"https:\\\/\\\/secure.gravatar.com\\\/avatar\\\/42749d8b712ff9d59ca93dc150494e5b55a44134482993f5baeb97e61b7ecc89?s=96&d=mm&r=g\",\"url\":\"https:\\\/\\\/secure.gravatar.com\\\/avatar\\\/42749d8b712ff9d59ca93dc150494e5b55a44134482993f5baeb97e61b7ecc89?s=96&d=mm&r=g\",\"contentUrl\":\"https:\\\/\\\/secure.gravatar.com\\\/avatar\\\/42749d8b712ff9d59ca93dc150494e5b55a44134482993f5baeb97e61b7ecc89?s=96&d=mm&r=g\",\"caption\":\"Roberto\"},\"url\":\"https:\\\/\\\/regiaonews.net.br\\\/2022\\\/author\\\/roberto\\\/\"}]}<\/script>\n<!-- \/ Yoast SEO plugin. -->","yoast_head_json":{"title":"Prefeitura de Bebedouro realizar\u00e1 entrega de ovos de P\u00e1scoa \u00e0s crian\u00e7as da Rede Municipal - Regi\u00e3o News","robots":{"index":"index","follow":"follow","max-snippet":"max-snippet:-1","max-image-preview":"max-image-preview:large","max-video-preview":"max-video-preview:-1"},"canonical":"https:\/\/regiaonews.net.br\/2022\/2024\/03\/23\/prefeitura-de-bebedouro-realizara-entrega-de-ovos-de-pascoa-as-criancas-da-rede-municipal\/","og_locale":"pt_BR","og_type":"article","og_title":"Prefeitura de Bebedouro realizar\u00e1 entrega de ovos de P\u00e1scoa \u00e0s crian\u00e7as da Rede Municipal - Regi\u00e3o News","og_description":"&nbsp; A Prefeitura de Bebedouro, por meio da Central de","og_url":"https:\/\/regiaonews.net.br\/2022\/2024\/03\/23\/prefeitura-de-bebedouro-realizara-entrega-de-ovos-de-pascoa-as-criancas-da-rede-municipal\/","og_site_name":"Regi\u00e3o News","article_published_time":"2024-03-23T17:31:33+00:00","article_modified_time":"2024-03-23T17:32:31+00:00","og_image":[{"width":1200,"height":1600,"url":"https:\/\/regiaonews.net.br\/2022\/wp-content\/uploads\/2024\/03\/IMG-20240323-WA0118.jpg","type":"image\/jpeg"}],"author":"Roberto","twitter_card":"summary_large_image","twitter_misc":{"Escrito por":"Roberto","Est. tempo de leitura":"1 minuto"},"schema":{"@context":"https:\/\/schema.org","@graph":[{"@type":"Article","@id":"https:\/\/regiaonews.net.br\/2022\/2024\/03\/23\/prefeitura-de-bebedouro-realizara-entrega-de-ovos-de-pascoa-as-criancas-da-rede-municipal\/#article","isPartOf":{"@id":"https:\/\/regiaonews.net.br\/2022\/2024\/03\/23\/prefeitura-de-bebedouro-realizara-entrega-de-ovos-de-pascoa-as-criancas-da-rede-municipal\/"},"author":{"name":"Roberto","@id":"https:\/\/regiaonews.net.br\/2022\/#\/schema\/person\/2d205a608a5aa97ac279d7a5e6d89ad8"},"headline":"Prefeitura de Bebedouro realizar\u00e1 entrega de ovos de P\u00e1scoa \u00e0s crian\u00e7as da Rede Municipal","datePublished":"2024-03-23T17:31:33+00:00","dateModified":"2024-03-23T17:32:31+00:00","mainEntityOfPage":{"@id":"https:\/\/regiaonews.net.br\/2022\/2024\/03\/23\/prefeitura-de-bebedouro-realizara-entrega-de-ovos-de-pascoa-as-criancas-da-rede-municipal\/"},"wordCount":123,"commentCount":0,"publisher":{"@id":"https:\/\/regiaonews.net.br\/2022\/#organization"},"image":{"@id":"https:\/\/regiaonews.net.br\/2022\/2024\/03\/23\/prefeitura-de-bebedouro-realizara-entrega-de-ovos-de-pascoa-as-criancas-da-rede-municipal\/#primaryimage"},"thumbnailUrl":"https:\/\/regiaonews.net.br\/2022\/wp-content\/uploads\/2024\/03\/IMG-20240323-WA0118.jpg","articleSection":["Bebedouro","Cidades"],"inLanguage":"pt-BR","potentialAction":[{"@type":"CommentAction","name":"Comment","target":["https:\/\/regiaonews.net.br\/2022\/2024\/03\/23\/prefeitura-de-bebedouro-realizara-entrega-de-ovos-de-pascoa-as-criancas-da-rede-municipal\/#respond"]}]},{"@type":"WebPage","@id":"https:\/\/regiaonews.net.br\/2022\/2024\/03\/23\/prefeitura-de-bebedouro-realizara-entrega-de-ovos-de-pascoa-as-criancas-da-rede-municipal\/","url":"https:\/\/regiaonews.net.br\/2022\/2024\/03\/23\/prefeitura-de-bebedouro-realizara-entrega-de-ovos-de-pascoa-as-criancas-da-rede-municipal\/","name":"Prefeitura de Bebedouro realizar\u00e1 entrega de ovos de P\u00e1scoa \u00e0s crian\u00e7as da Rede Municipal - Regi\u00e3o News","isPartOf":{"@id":"https:\/\/regiaonews.net.br\/2022\/#website"},"primaryImageOfPage":{"@id":"https:\/\/regiaonews.net.br\/2022\/2024\/03\/23\/prefeitura-de-bebedouro-realizara-entrega-de-ovos-de-pascoa-as-criancas-da-rede-municipal\/#primaryimage"},"image":{"@id":"https:\/\/regiaonews.net.br\/2022\/2024\/03\/23\/prefeitura-de-bebedouro-realizara-entrega-de-ovos-de-pascoa-as-criancas-da-rede-municipal\/#primaryimage"},"thumbnailUrl":"https:\/\/regiaonews.net.br\/2022\/wp-content\/uploads\/2024\/03\/IMG-20240323-WA0118.jpg","datePublished":"2024-03-23T17:31:33+00:00","dateModified":"2024-03-23T17:32:31+00:00","breadcrumb":{"@id":"https:\/\/regiaonews.net.br\/2022\/2024\/03\/23\/prefeitura-de-bebedouro-realizara-entrega-de-ovos-de-pascoa-as-criancas-da-rede-municipal\/#breadcrumb"},"inLanguage":"pt-BR","potentialAction":[{"@type":"ReadAction","target":["https:\/\/regiaonews.net.br\/2022\/2024\/03\/23\/prefeitura-de-bebedouro-realizara-entrega-de-ovos-de-pascoa-as-criancas-da-rede-municipal\/"]}]},{"@type":"ImageObject","inLanguage":"pt-BR","@id":"https:\/\/regiaonews.net.br\/2022\/2024\/03\/23\/prefeitura-de-bebedouro-realizara-entrega-de-ovos-de-pascoa-as-criancas-da-rede-municipal\/#primaryimage","url":"https:\/\/regiaonews.net.br\/2022\/wp-content\/uploads\/2024\/03\/IMG-20240323-WA0118.jpg","contentUrl":"https:\/\/regiaonews.net.br\/2022\/wp-content\/uploads\/2024\/03\/IMG-20240323-WA0118.jpg","width":1200,"height":1600},{"@type":"BreadcrumbList","@id":"https:\/\/regiaonews.net.br\/2022\/2024\/03\/23\/prefeitura-de-bebedouro-realizara-entrega-de-ovos-de-pascoa-as-criancas-da-rede-municipal\/#breadcrumb","itemListElement":[{"@type":"ListItem","position":1,"name":"In\u00edcio","item":"https:\/\/regiaonews.net.br\/2022\/"},{"@type":"ListItem","position":2,"name":"Prefeitura de Bebedouro realizar\u00e1 entrega de ovos de P\u00e1scoa \u00e0s crian\u00e7as da Rede Municipal"}]},{"@type":"WebSite","@id":"https:\/\/regiaonews.net.br\/2022\/#website","url":"https:\/\/regiaonews.net.br\/2022\/","name":"Regi\u00e3o News","description":"Site de Not\u00edcias de Barretos e regi\u00e3o","publisher":{"@id":"https:\/\/regiaonews.net.br\/2022\/#organization"},"potentialAction":[{"@type":"SearchAction","target":{"@type":"EntryPoint","urlTemplate":"https:\/\/regiaonews.net.br\/2022\/?s={search_term_string}"},"query-input":{"@type":"PropertyValueSpecification","valueRequired":true,"valueName":"search_term_string"}}],"inLanguage":"pt-BR"},{"@type":"Organization","@id":"https:\/\/regiaonews.net.br\/2022\/#organization","name":"Regi\u00e3o News","url":"https:\/\/regiaonews.net.br\/2022\/","logo":{"@type":"ImageObject","inLanguage":"pt-BR","@id":"https:\/\/regiaonews.net.br\/2022\/#\/schema\/logo\/image\/","url":"https:\/\/regiaonews.net.br\/2022\/wp-content\/uploads\/2026\/03\/regiao-13-anos-scaled.jpg","contentUrl":"https:\/\/regiaonews.net.br\/2022\/wp-content\/uploads\/2026\/03\/regiao-13-anos-scaled.jpg","width":2560,"height":635,"caption":"Regi\u00e3o News"},"image":{"@id":"https:\/\/regiaonews.net.br\/2022\/#\/schema\/logo\/image\/"}},{"@type":"Person","@id":"https:\/\/regiaonews.net.br\/2022\/#\/schema\/person\/2d205a608a5aa97ac279d7a5e6d89ad8","name":"Roberto","image":{"@type":"ImageObject","inLanguage":"pt-BR","@id":"https:\/\/secure.gravatar.com\/avatar\/42749d8b712ff9d59ca93dc150494e5b55a44134482993f5baeb97e61b7ecc89?s=96&d=mm&r=g","url":"https:\/\/secure.gravatar.com\/avatar\/42749d8b712ff9d59ca93dc150494e5b55a44134482993f5baeb97e61b7ecc89?s=96&d=mm&r=g","contentUrl":"https:\/\/secure.gravatar.com\/avatar\/42749d8b712ff9d59ca93dc150494e5b55a44134482993f5baeb97e61b7ecc89?s=96&d=mm&r=g","caption":"Roberto"},"url":"https:\/\/regiaonews.net.br\/2022\/author\/roberto\/"}]}},"publishpress_future_action":{"enabled":false,"date":"2026-05-03 15:45:06","action":"change-status","newStatus":"draft","terms":[],"taxonomy":"category","extraData":[]},"publishpress_future_workflow_manual_trigger":{"enabledWorkflows":[]},"_links":{"self":[{"href":"https:\/\/regiaonews.net.br\/2022\/wp-json\/wp\/v2\/posts\/102777","targetHints":{"allow":["GET"]}}],"collection":[{"href":"https:\/\/regiaonews.net.br\/2022\/wp-json\/wp\/v2\/posts"}],"about":[{"href":"https:\/\/regiaonews.net.br\/2022\/wp-json\/wp\/v2\/types\/post"}],"author":[{"embeddable":true,"href":"https:\/\/regiaonews.net.br\/2022\/wp-json\/wp\/v2\/users\/2"}],"replies":[{"embeddable":true,"href":"https:\/\/regiaonews.net.br\/2022\/wp-json\/wp\/v2\/comments?post=102777"}],"version-history":[{"count":1,"href":"https:\/\/regiaonews.net.br\/2022\/wp-json\/wp\/v2\/posts\/102777\/revisions"}],"predecessor-version":[{"id":102779,"href":"https:\/\/regiaonews.net.br\/2022\/wp-json\/wp\/v2\/posts\/102777\/revisions\/102779"}],"wp:featuredmedia":[{"embeddable":true,"href":"https:\/\/regiaonews.net.br\/2022\/wp-json\/wp\/v2\/media\/102778"}],"wp:attachment":[{"href":"https:\/\/regiaonews.net.br\/2022\/wp-json\/wp\/v2\/media?parent=102777"}],"wp:term":[{"taxonomy":"category","embeddable":true,"href":"https:\/\/regiaonews.net.br\/2022\/wp-json\/wp\/v2\/categories?post=102777"},{"taxonomy":"post_tag","embeddable":true,"href":"https:\/\/regiaonews.net.br\/2022\/wp-json\/wp\/v2\/tags?post=102777"}],"curies":[{"name":"wp","href":"https:\/\/api.w.org\/{rel}","templated":true}]}}