{"id":102721,"date":"2024-03-22T12:06:55","date_gmt":"2024-03-22T15:06:55","guid":{"rendered":"https:\/\/regiaonews.net.br\/2022\/?p=102721"},"modified":"2024-03-22T12:06:55","modified_gmt":"2024-03-22T15:06:55","slug":"motoristas-tem-ate-o-dia-31-para-fazer-exame-toxicologico","status":"publish","type":"post","link":"https:\/\/regiaonews.net.br\/2022\/2024\/03\/22\/motoristas-tem-ate-o-dia-31-para-fazer-exame-toxicologico\/","title":{"rendered":"Motoristas t\u00eam at\u00e9 o dia 31 para fazer exame toxicol\u00f3gico"},"content":{"rendered":"<div class=\"row\">\n<h3 class=\"col-10 offset-1 animated fadeInDown dealy-900 display-8 display-md-8 alt-font font-italic my-1 text-center\" style=\"text-align: center;\">Medida vale para condutores das categorias C, D e E<\/h3>\n<p>Termina no dia 31 de mar\u00e7o o prazo para a realiza\u00e7\u00e3o do exame toxicol\u00f3gico dos motoristas das categorias C, D e E\u00a0que t\u00eam carteira vencendo\u00a0entre janeiro e junho. A Secretaria Nacional de Tr\u00e2nsito (Senatran) alerta que a n\u00e3o realiza\u00e7\u00e3o do exame \u00e9 infra\u00e7\u00e3o grav\u00edssima, com multa de R$ 1.467,35 e perda de sete pontos na Carteira Nacional de Habilita\u00e7\u00e3o (CNH).<img decoding=\"async\" src=\"https:\/\/agenciabrasil.ebc.com.br\/ebc.png?id=1586826&amp;o=node\" \/><img decoding=\"async\" src=\"https:\/\/agenciabrasil.ebc.com.br\/ebc.gif?id=1586826&amp;o=node\" \/><\/p>\n<p>O exame toxicol\u00f3gico de larga janela de detec\u00e7\u00e3o verifica o consumo, ativo ou n\u00e3o, de subst\u00e2ncias psicoativas com an\u00e1lise retrospectiva m\u00ednima de 90 dias.<\/p>\n<p>De acordo com levantamento da\u00a0Senatran em 20 de mar\u00e7o, 2,4 milh\u00f5es de motoristas das categorias C, D e E, com CNHs\u00a0v\u00e1lidas e vencidas, ainda n\u00e3o haviam feito o exame toxicol\u00f3gico em todo o pa\u00eds.<\/p>\n<p>O \u00f3rg\u00e3o alerta que a\u00a0infra\u00e7\u00e3o pelo descumprimento do prazo estabelecido ser\u00e1 verificada\u00a0diretamente pelos sistemas eletr\u00f4nicos dos departamentos de Tr\u00e2nsito (Detrans) estaduais e do Distrito Federal.<\/p>\n<p>Na pr\u00e1tica, isso significa que, ap\u00f3s o trig\u00e9simo dia do vencimento do exame, o condutor j\u00e1 poder\u00e1 ser multado, com a aplica\u00e7\u00e3o da pena a partir de 1\u00ba de maio. A penalidade ser\u00e1 aplicada a todos os condutores das tr\u00eas categorias.<\/p>\n<p>O condutor pode verificar se o seu exame toxicol\u00f3gico est\u00e1 em dia por meio do aplicativo da carteira digital de tr\u00e2nsito (CDT). Basta acessar a \u00e1rea do condutor na CDT, clicar no bot\u00e3o \u201cExame Toxicol\u00f3gico\u201d e verificar se o prazo est\u00e1 vencido.<\/p>\n<p>Caso o exame esteja vencido, o motorista deve procurar um dos laborat\u00f3rios credenciados a fim de\u00a0fazer a coleta para realiza\u00e7\u00e3o do exame toxicol\u00f3gico.<\/p>\n<p>A Senatran lembra que os condutores das mesmas categorias com a CNH vencendo entre julho e dezembro t\u00eam at\u00e9 30 de abril para fazer\u00a0o teste.<\/p>\n<\/div>\n","protected":false},"excerpt":{"rendered":"<p>Medida vale para condutores das categorias C, D e E<\/p>\n","protected":false},"author":2,"featured_media":102722,"comment_status":"open","ping_status":"open","sticky":false,"template":"","format":"standard","meta":{"footnotes":""},"categories":[24,3],"tags":[],"class_list":["post-102721","post","type-post","status-publish","format-standard","has-post-thumbnail","hentry","category-brasil","category-geral"],"yoast_head":"<!-- This site is optimized with the Yoast SEO plugin v27.4 - https:\/\/yoast.com\/product\/yoast-seo-wordpress\/ -->\n<title>Motoristas t\u00eam at\u00e9 o dia 31 para fazer exame toxicol\u00f3gico - Regi\u00e3o News<\/title>\n<meta name=\"robots\" content=\"index, follow, max-snippet:-1, max-image-preview:large, max-video-preview:-1\" \/>\n<link rel=\"canonical\" href=\"https:\/\/regiaonews.net.br\/2022\/2024\/03\/22\/motoristas-tem-ate-o-dia-31-para-fazer-exame-toxicologico\/\" \/>\n<meta property=\"og:locale\" content=\"pt_BR\" \/>\n<meta property=\"og:type\" content=\"article\" \/>\n<meta property=\"og:title\" content=\"Motoristas t\u00eam at\u00e9 o dia 31 para fazer exame toxicol\u00f3gico - Regi\u00e3o News\" \/>\n<meta property=\"og:description\" content=\"Medida vale para condutores das categorias C, D e E\" \/>\n<meta property=\"og:url\" content=\"https:\/\/regiaonews.net.br\/2022\/2024\/03\/22\/motoristas-tem-ate-o-dia-31-para-fazer-exame-toxicologico\/\" \/>\n<meta property=\"og:site_name\" content=\"Regi\u00e3o News\" \/>\n<meta property=\"article:published_time\" content=\"2024-03-22T15:06:55+00:00\" \/>\n<meta property=\"og:image\" content=\"https:\/\/regiaonews.net.br\/2022\/wp-content\/uploads\/2024\/03\/caminhoes_transporte_de_cargas010720143046.webp\" \/>\n\t<meta property=\"og:image:width\" content=\"1170\" \/>\n\t<meta property=\"og:image:height\" content=\"700\" \/>\n\t<meta property=\"og:image:type\" content=\"image\/webp\" \/>\n<meta name=\"author\" content=\"Roberto\" \/>\n<meta name=\"twitter:card\" content=\"summary_large_image\" \/>\n<meta name=\"twitter:label1\" content=\"Escrito por\" \/>\n\t<meta name=\"twitter:data1\" content=\"Roberto\" \/>\n\t<meta name=\"twitter:label2\" content=\"Est. tempo de leitura\" \/>\n\t<meta name=\"twitter:data2\" content=\"3 minutos\" \/>\n<script type=\"application\/ld+json\" class=\"yoast-schema-graph\">{\"@context\":\"https:\\\/\\\/schema.org\",\"@graph\":[{\"@type\":\"Article\",\"@id\":\"https:\\\/\\\/regiaonews.net.br\\\/2022\\\/2024\\\/03\\\/22\\\/motoristas-tem-ate-o-dia-31-para-fazer-exame-toxicologico\\\/#article\",\"isPartOf\":{\"@id\":\"https:\\\/\\\/regiaonews.net.br\\\/2022\\\/2024\\\/03\\\/22\\\/motoristas-tem-ate-o-dia-31-para-fazer-exame-toxicologico\\\/\"},\"author\":{\"name\":\"Roberto\",\"@id\":\"https:\\\/\\\/regiaonews.net.br\\\/2022\\\/#\\\/schema\\\/person\\\/2d205a608a5aa97ac279d7a5e6d89ad8\"},\"headline\":\"Motoristas t\u00eam at\u00e9 o dia 31 para fazer exame toxicol\u00f3gico\",\"datePublished\":\"2024-03-22T15:06:55+00:00\",\"mainEntityOfPage\":{\"@id\":\"https:\\\/\\\/regiaonews.net.br\\\/2022\\\/2024\\\/03\\\/22\\\/motoristas-tem-ate-o-dia-31-para-fazer-exame-toxicologico\\\/\"},\"wordCount\":334,\"commentCount\":0,\"publisher\":{\"@id\":\"https:\\\/\\\/regiaonews.net.br\\\/2022\\\/#organization\"},\"image\":{\"@id\":\"https:\\\/\\\/regiaonews.net.br\\\/2022\\\/2024\\\/03\\\/22\\\/motoristas-tem-ate-o-dia-31-para-fazer-exame-toxicologico\\\/#primaryimage\"},\"thumbnailUrl\":\"https:\\\/\\\/regiaonews.net.br\\\/2022\\\/wp-content\\\/uploads\\\/2024\\\/03\\\/caminhoes_transporte_de_cargas010720143046.webp\",\"articleSection\":[\"Brasil\",\"Geral\"],\"inLanguage\":\"pt-BR\",\"potentialAction\":[{\"@type\":\"CommentAction\",\"name\":\"Comment\",\"target\":[\"https:\\\/\\\/regiaonews.net.br\\\/2022\\\/2024\\\/03\\\/22\\\/motoristas-tem-ate-o-dia-31-para-fazer-exame-toxicologico\\\/#respond\"]}]},{\"@type\":\"WebPage\",\"@id\":\"https:\\\/\\\/regiaonews.net.br\\\/2022\\\/2024\\\/03\\\/22\\\/motoristas-tem-ate-o-dia-31-para-fazer-exame-toxicologico\\\/\",\"url\":\"https:\\\/\\\/regiaonews.net.br\\\/2022\\\/2024\\\/03\\\/22\\\/motoristas-tem-ate-o-dia-31-para-fazer-exame-toxicologico\\\/\",\"name\":\"Motoristas t\u00eam at\u00e9 o dia 31 para fazer exame toxicol\u00f3gico - Regi\u00e3o News\",\"isPartOf\":{\"@id\":\"https:\\\/\\\/regiaonews.net.br\\\/2022\\\/#website\"},\"primaryImageOfPage\":{\"@id\":\"https:\\\/\\\/regiaonews.net.br\\\/2022\\\/2024\\\/03\\\/22\\\/motoristas-tem-ate-o-dia-31-para-fazer-exame-toxicologico\\\/#primaryimage\"},\"image\":{\"@id\":\"https:\\\/\\\/regiaonews.net.br\\\/2022\\\/2024\\\/03\\\/22\\\/motoristas-tem-ate-o-dia-31-para-fazer-exame-toxicologico\\\/#primaryimage\"},\"thumbnailUrl\":\"https:\\\/\\\/regiaonews.net.br\\\/2022\\\/wp-content\\\/uploads\\\/2024\\\/03\\\/caminhoes_transporte_de_cargas010720143046.webp\",\"datePublished\":\"2024-03-22T15:06:55+00:00\",\"breadcrumb\":{\"@id\":\"https:\\\/\\\/regiaonews.net.br\\\/2022\\\/2024\\\/03\\\/22\\\/motoristas-tem-ate-o-dia-31-para-fazer-exame-toxicologico\\\/#breadcrumb\"},\"inLanguage\":\"pt-BR\",\"potentialAction\":[{\"@type\":\"ReadAction\",\"target\":[\"https:\\\/\\\/regiaonews.net.br\\\/2022\\\/2024\\\/03\\\/22\\\/motoristas-tem-ate-o-dia-31-para-fazer-exame-toxicologico\\\/\"]}]},{\"@type\":\"ImageObject\",\"inLanguage\":\"pt-BR\",\"@id\":\"https:\\\/\\\/regiaonews.net.br\\\/2022\\\/2024\\\/03\\\/22\\\/motoristas-tem-ate-o-dia-31-para-fazer-exame-toxicologico\\\/#primaryimage\",\"url\":\"https:\\\/\\\/regiaonews.net.br\\\/2022\\\/wp-content\\\/uploads\\\/2024\\\/03\\\/caminhoes_transporte_de_cargas010720143046.webp\",\"contentUrl\":\"https:\\\/\\\/regiaonews.net.br\\\/2022\\\/wp-content\\\/uploads\\\/2024\\\/03\\\/caminhoes_transporte_de_cargas010720143046.webp\",\"width\":1170,\"height\":700},{\"@type\":\"BreadcrumbList\",\"@id\":\"https:\\\/\\\/regiaonews.net.br\\\/2022\\\/2024\\\/03\\\/22\\\/motoristas-tem-ate-o-dia-31-para-fazer-exame-toxicologico\\\/#breadcrumb\",\"itemListElement\":[{\"@type\":\"ListItem\",\"position\":1,\"name\":\"In\u00edcio\",\"item\":\"https:\\\/\\\/regiaonews.net.br\\\/2022\\\/\"},{\"@type\":\"ListItem\",\"position\":2,\"name\":\"Motoristas t\u00eam at\u00e9 o dia 31 para fazer exame toxicol\u00f3gico\"}]},{\"@type\":\"WebSite\",\"@id\":\"https:\\\/\\\/regiaonews.net.br\\\/2022\\\/#website\",\"url\":\"https:\\\/\\\/regiaonews.net.br\\\/2022\\\/\",\"name\":\"Regi\u00e3o News\",\"description\":\"Site de Not\u00edcias de Barretos e regi\u00e3o\",\"publisher\":{\"@id\":\"https:\\\/\\\/regiaonews.net.br\\\/2022\\\/#organization\"},\"potentialAction\":[{\"@type\":\"SearchAction\",\"target\":{\"@type\":\"EntryPoint\",\"urlTemplate\":\"https:\\\/\\\/regiaonews.net.br\\\/2022\\\/?s={search_term_string}\"},\"query-input\":{\"@type\":\"PropertyValueSpecification\",\"valueRequired\":true,\"valueName\":\"search_term_string\"}}],\"inLanguage\":\"pt-BR\"},{\"@type\":\"Organization\",\"@id\":\"https:\\\/\\\/regiaonews.net.br\\\/2022\\\/#organization\",\"name\":\"Regi\u00e3o News\",\"url\":\"https:\\\/\\\/regiaonews.net.br\\\/2022\\\/\",\"logo\":{\"@type\":\"ImageObject\",\"inLanguage\":\"pt-BR\",\"@id\":\"https:\\\/\\\/regiaonews.net.br\\\/2022\\\/#\\\/schema\\\/logo\\\/image\\\/\",\"url\":\"https:\\\/\\\/regiaonews.net.br\\\/2022\\\/wp-content\\\/uploads\\\/2026\\\/03\\\/regiao-13-anos-scaled.jpg\",\"contentUrl\":\"https:\\\/\\\/regiaonews.net.br\\\/2022\\\/wp-content\\\/uploads\\\/2026\\\/03\\\/regiao-13-anos-scaled.jpg\",\"width\":2560,\"height\":635,\"caption\":\"Regi\u00e3o News\"},\"image\":{\"@id\":\"https:\\\/\\\/regiaonews.net.br\\\/2022\\\/#\\\/schema\\\/logo\\\/image\\\/\"}},{\"@type\":\"Person\",\"@id\":\"https:\\\/\\\/regiaonews.net.br\\\/2022\\\/#\\\/schema\\\/person\\\/2d205a608a5aa97ac279d7a5e6d89ad8\",\"name\":\"Roberto\",\"image\":{\"@type\":\"ImageObject\",\"inLanguage\":\"pt-BR\",\"@id\":\"https:\\\/\\\/secure.gravatar.com\\\/avatar\\\/42749d8b712ff9d59ca93dc150494e5b55a44134482993f5baeb97e61b7ecc89?s=96&d=mm&r=g\",\"url\":\"https:\\\/\\\/secure.gravatar.com\\\/avatar\\\/42749d8b712ff9d59ca93dc150494e5b55a44134482993f5baeb97e61b7ecc89?s=96&d=mm&r=g\",\"contentUrl\":\"https:\\\/\\\/secure.gravatar.com\\\/avatar\\\/42749d8b712ff9d59ca93dc150494e5b55a44134482993f5baeb97e61b7ecc89?s=96&d=mm&r=g\",\"caption\":\"Roberto\"},\"url\":\"https:\\\/\\\/regiaonews.net.br\\\/2022\\\/author\\\/roberto\\\/\"}]}<\/script>\n<!-- \/ Yoast SEO plugin. -->","yoast_head_json":{"title":"Motoristas t\u00eam at\u00e9 o dia 31 para fazer exame toxicol\u00f3gico - Regi\u00e3o News","robots":{"index":"index","follow":"follow","max-snippet":"max-snippet:-1","max-image-preview":"max-image-preview:large","max-video-preview":"max-video-preview:-1"},"canonical":"https:\/\/regiaonews.net.br\/2022\/2024\/03\/22\/motoristas-tem-ate-o-dia-31-para-fazer-exame-toxicologico\/","og_locale":"pt_BR","og_type":"article","og_title":"Motoristas t\u00eam at\u00e9 o dia 31 para fazer exame toxicol\u00f3gico - Regi\u00e3o News","og_description":"Medida vale para condutores das categorias C, D e E","og_url":"https:\/\/regiaonews.net.br\/2022\/2024\/03\/22\/motoristas-tem-ate-o-dia-31-para-fazer-exame-toxicologico\/","og_site_name":"Regi\u00e3o News","article_published_time":"2024-03-22T15:06:55+00:00","og_image":[{"width":1170,"height":700,"url":"https:\/\/regiaonews.net.br\/2022\/wp-content\/uploads\/2024\/03\/caminhoes_transporte_de_cargas010720143046.webp","type":"image\/webp"}],"author":"Roberto","twitter_card":"summary_large_image","twitter_misc":{"Escrito por":"Roberto","Est. tempo de leitura":"3 minutos"},"schema":{"@context":"https:\/\/schema.org","@graph":[{"@type":"Article","@id":"https:\/\/regiaonews.net.br\/2022\/2024\/03\/22\/motoristas-tem-ate-o-dia-31-para-fazer-exame-toxicologico\/#article","isPartOf":{"@id":"https:\/\/regiaonews.net.br\/2022\/2024\/03\/22\/motoristas-tem-ate-o-dia-31-para-fazer-exame-toxicologico\/"},"author":{"name":"Roberto","@id":"https:\/\/regiaonews.net.br\/2022\/#\/schema\/person\/2d205a608a5aa97ac279d7a5e6d89ad8"},"headline":"Motoristas t\u00eam at\u00e9 o dia 31 para fazer exame toxicol\u00f3gico","datePublished":"2024-03-22T15:06:55+00:00","mainEntityOfPage":{"@id":"https:\/\/regiaonews.net.br\/2022\/2024\/03\/22\/motoristas-tem-ate-o-dia-31-para-fazer-exame-toxicologico\/"},"wordCount":334,"commentCount":0,"publisher":{"@id":"https:\/\/regiaonews.net.br\/2022\/#organization"},"image":{"@id":"https:\/\/regiaonews.net.br\/2022\/2024\/03\/22\/motoristas-tem-ate-o-dia-31-para-fazer-exame-toxicologico\/#primaryimage"},"thumbnailUrl":"https:\/\/regiaonews.net.br\/2022\/wp-content\/uploads\/2024\/03\/caminhoes_transporte_de_cargas010720143046.webp","articleSection":["Brasil","Geral"],"inLanguage":"pt-BR","potentialAction":[{"@type":"CommentAction","name":"Comment","target":["https:\/\/regiaonews.net.br\/2022\/2024\/03\/22\/motoristas-tem-ate-o-dia-31-para-fazer-exame-toxicologico\/#respond"]}]},{"@type":"WebPage","@id":"https:\/\/regiaonews.net.br\/2022\/2024\/03\/22\/motoristas-tem-ate-o-dia-31-para-fazer-exame-toxicologico\/","url":"https:\/\/regiaonews.net.br\/2022\/2024\/03\/22\/motoristas-tem-ate-o-dia-31-para-fazer-exame-toxicologico\/","name":"Motoristas t\u00eam at\u00e9 o dia 31 para fazer exame toxicol\u00f3gico - Regi\u00e3o News","isPartOf":{"@id":"https:\/\/regiaonews.net.br\/2022\/#website"},"primaryImageOfPage":{"@id":"https:\/\/regiaonews.net.br\/2022\/2024\/03\/22\/motoristas-tem-ate-o-dia-31-para-fazer-exame-toxicologico\/#primaryimage"},"image":{"@id":"https:\/\/regiaonews.net.br\/2022\/2024\/03\/22\/motoristas-tem-ate-o-dia-31-para-fazer-exame-toxicologico\/#primaryimage"},"thumbnailUrl":"https:\/\/regiaonews.net.br\/2022\/wp-content\/uploads\/2024\/03\/caminhoes_transporte_de_cargas010720143046.webp","datePublished":"2024-03-22T15:06:55+00:00","breadcrumb":{"@id":"https:\/\/regiaonews.net.br\/2022\/2024\/03\/22\/motoristas-tem-ate-o-dia-31-para-fazer-exame-toxicologico\/#breadcrumb"},"inLanguage":"pt-BR","potentialAction":[{"@type":"ReadAction","target":["https:\/\/regiaonews.net.br\/2022\/2024\/03\/22\/motoristas-tem-ate-o-dia-31-para-fazer-exame-toxicologico\/"]}]},{"@type":"ImageObject","inLanguage":"pt-BR","@id":"https:\/\/regiaonews.net.br\/2022\/2024\/03\/22\/motoristas-tem-ate-o-dia-31-para-fazer-exame-toxicologico\/#primaryimage","url":"https:\/\/regiaonews.net.br\/2022\/wp-content\/uploads\/2024\/03\/caminhoes_transporte_de_cargas010720143046.webp","contentUrl":"https:\/\/regiaonews.net.br\/2022\/wp-content\/uploads\/2024\/03\/caminhoes_transporte_de_cargas010720143046.webp","width":1170,"height":700},{"@type":"BreadcrumbList","@id":"https:\/\/regiaonews.net.br\/2022\/2024\/03\/22\/motoristas-tem-ate-o-dia-31-para-fazer-exame-toxicologico\/#breadcrumb","itemListElement":[{"@type":"ListItem","position":1,"name":"In\u00edcio","item":"https:\/\/regiaonews.net.br\/2022\/"},{"@type":"ListItem","position":2,"name":"Motoristas t\u00eam at\u00e9 o dia 31 para fazer exame toxicol\u00f3gico"}]},{"@type":"WebSite","@id":"https:\/\/regiaonews.net.br\/2022\/#website","url":"https:\/\/regiaonews.net.br\/2022\/","name":"Regi\u00e3o News","description":"Site de Not\u00edcias de Barretos e regi\u00e3o","publisher":{"@id":"https:\/\/regiaonews.net.br\/2022\/#organization"},"potentialAction":[{"@type":"SearchAction","target":{"@type":"EntryPoint","urlTemplate":"https:\/\/regiaonews.net.br\/2022\/?s={search_term_string}"},"query-input":{"@type":"PropertyValueSpecification","valueRequired":true,"valueName":"search_term_string"}}],"inLanguage":"pt-BR"},{"@type":"Organization","@id":"https:\/\/regiaonews.net.br\/2022\/#organization","name":"Regi\u00e3o News","url":"https:\/\/regiaonews.net.br\/2022\/","logo":{"@type":"ImageObject","inLanguage":"pt-BR","@id":"https:\/\/regiaonews.net.br\/2022\/#\/schema\/logo\/image\/","url":"https:\/\/regiaonews.net.br\/2022\/wp-content\/uploads\/2026\/03\/regiao-13-anos-scaled.jpg","contentUrl":"https:\/\/regiaonews.net.br\/2022\/wp-content\/uploads\/2026\/03\/regiao-13-anos-scaled.jpg","width":2560,"height":635,"caption":"Regi\u00e3o News"},"image":{"@id":"https:\/\/regiaonews.net.br\/2022\/#\/schema\/logo\/image\/"}},{"@type":"Person","@id":"https:\/\/regiaonews.net.br\/2022\/#\/schema\/person\/2d205a608a5aa97ac279d7a5e6d89ad8","name":"Roberto","image":{"@type":"ImageObject","inLanguage":"pt-BR","@id":"https:\/\/secure.gravatar.com\/avatar\/42749d8b712ff9d59ca93dc150494e5b55a44134482993f5baeb97e61b7ecc89?s=96&d=mm&r=g","url":"https:\/\/secure.gravatar.com\/avatar\/42749d8b712ff9d59ca93dc150494e5b55a44134482993f5baeb97e61b7ecc89?s=96&d=mm&r=g","contentUrl":"https:\/\/secure.gravatar.com\/avatar\/42749d8b712ff9d59ca93dc150494e5b55a44134482993f5baeb97e61b7ecc89?s=96&d=mm&r=g","caption":"Roberto"},"url":"https:\/\/regiaonews.net.br\/2022\/author\/roberto\/"}]}},"publishpress_future_action":{"enabled":false,"date":"2026-05-03 17:23:43","action":"change-status","newStatus":"draft","terms":[],"taxonomy":"category","extraData":[]},"publishpress_future_workflow_manual_trigger":{"enabledWorkflows":[]},"_links":{"self":[{"href":"https:\/\/regiaonews.net.br\/2022\/wp-json\/wp\/v2\/posts\/102721","targetHints":{"allow":["GET"]}}],"collection":[{"href":"https:\/\/regiaonews.net.br\/2022\/wp-json\/wp\/v2\/posts"}],"about":[{"href":"https:\/\/regiaonews.net.br\/2022\/wp-json\/wp\/v2\/types\/post"}],"author":[{"embeddable":true,"href":"https:\/\/regiaonews.net.br\/2022\/wp-json\/wp\/v2\/users\/2"}],"replies":[{"embeddable":true,"href":"https:\/\/regiaonews.net.br\/2022\/wp-json\/wp\/v2\/comments?post=102721"}],"version-history":[{"count":1,"href":"https:\/\/regiaonews.net.br\/2022\/wp-json\/wp\/v2\/posts\/102721\/revisions"}],"predecessor-version":[{"id":102723,"href":"https:\/\/regiaonews.net.br\/2022\/wp-json\/wp\/v2\/posts\/102721\/revisions\/102723"}],"wp:featuredmedia":[{"embeddable":true,"href":"https:\/\/regiaonews.net.br\/2022\/wp-json\/wp\/v2\/media\/102722"}],"wp:attachment":[{"href":"https:\/\/regiaonews.net.br\/2022\/wp-json\/wp\/v2\/media?parent=102721"}],"wp:term":[{"taxonomy":"category","embeddable":true,"href":"https:\/\/regiaonews.net.br\/2022\/wp-json\/wp\/v2\/categories?post=102721"},{"taxonomy":"post_tag","embeddable":true,"href":"https:\/\/regiaonews.net.br\/2022\/wp-json\/wp\/v2\/tags?post=102721"}],"curies":[{"name":"wp","href":"https:\/\/api.w.org\/{rel}","templated":true}]}}