{"id":102719,"date":"2024-03-22T12:06:08","date_gmt":"2024-03-22T15:06:08","guid":{"rendered":"https:\/\/regiaonews.net.br\/2022\/?p=102719"},"modified":"2024-03-22T14:44:57","modified_gmt":"2024-03-22T17:44:57","slug":"operacao-dia-mundial-da-agua","status":"publish","type":"post","link":"https:\/\/regiaonews.net.br\/2022\/2024\/03\/22\/operacao-dia-mundial-da-agua\/","title":{"rendered":"Pol\u00edcia Ambiental realiza Opera\u00e7\u00e3o Dia Mundial da \u00c1gua"},"content":{"rendered":"<p>Em conson\u00e2ncia com o esp\u00edrito do Dia Mundial da \u00c1gua, celebrado anualmente desde sua institui\u00e7\u00e3o pela Organiza\u00e7\u00e3o das Na\u00e7\u00f5es Unidas em 22 de mar\u00e7o de 1992, a Pol\u00edcia Militar Ambiental realizar\u00e1 uma grande opera\u00e7\u00e3o nos dias 22 e 23 de mar\u00e7o de 2024, em todo o Estado de S\u00e3o Paulo.<\/p>\n<p>A Opera\u00e7\u00e3o conta ainda com a parceria da Secretaria de Meio Ambiente, Infraestrutura e Log\u00edstica (SEMIL) do Estado de S\u00e3o Paulo em diversas iniciativas voltadas para a conserva\u00e7\u00e3o e recupera\u00e7\u00e3o dos recursos h\u00eddricos. Entre elas, destaca-se o Programa Nascentes, que atua na restaura\u00e7\u00e3o ecol\u00f3gica, incluindo empresas p\u00fablicas e privadas, aproximando o poder p\u00fablico e a sociedade civil nos esfor\u00e7os comuns da conserva\u00e7\u00e3o ambiental; e o Fundo Estadual de Recursos H\u00eddricos (FEHIDRO), operado pela SEMIL, que tem desempenhado um papel crucial no financiamento de programas e a\u00e7\u00f5es na \u00e1rea de recursos h\u00eddricos, promovendo a melhoria e a prote\u00e7\u00e3o dos corpos d\u2019\u00e1gua e das bacias hidrogr\u00e1ficas paulistas.<\/p>\n<p>Conscientes da necessidade premente de proteger e preservar os recursos h\u00eddricos em face dos desafios ambientais contempor\u00e2neos, a a\u00e7\u00e3o tem como objetivo primordial prevenir e reprimir infra\u00e7\u00f5es ambientais que possam comprometer a qualidade e a disponibilidade da \u00e1gua, especialmente aquelas relacionadas ao abastecimento p\u00fablico e \u00e0 manuten\u00e7\u00e3o da qualidade de vida.<\/p>\n<p>\u00c0 medida que o mundo enfrenta desafios cada vez mais urgentes relacionados \u00e0 escassez de \u00e1gua e \u00e0 degrada\u00e7\u00e3o ambiental, \u00e9 imperativo que medidas eficazes sejam adotadas para garantir a seguran\u00e7a h\u00eddrica das gera\u00e7\u00f5es presentes e futuras.<\/p>\n<p>Nesse contexto, a parceria Pol\u00edcia Militar Ambiental e SEMIL empreende uma s\u00e9rie de a\u00e7\u00f5es direcionadas \u00e0 fiscaliza\u00e7\u00e3o e prote\u00e7\u00e3o das \u00c1reas de Preserva\u00e7\u00e3o Permanente (APP), dos Mananciais e dos Reservat\u00f3rios, visando assegurar a qualidade e a disponibilidade dos recursos h\u00eddricos para a popula\u00e7\u00e3o paulista. A preserva\u00e7\u00e3o dessas \u00e1reas \u00e9 vital para garantir a sustentabilidade ambiental e o bem-estar das comunidades.<\/p>\n<p>Durante a opera\u00e7\u00e3o, ser\u00e3o fiscalizados poss\u00edveis desmatamentos em propriedades que abrigam nascentes ou cursos d&#8217;\u00e1gua, identificados por meio de relat\u00f3rios t\u00e9cnicos ou den\u00fancias. Al\u00e9m disso, ser\u00e3o intensificados os esfor\u00e7os para fiscalizar \u00e1reas embargadas situadas em \u00c1reas de Prote\u00e7\u00e3o aos Mananciais (APM) ou em APP, com \u00eanfase naquelas cujos infratores n\u00e3o cumpriram os termos de compromisso de recupera\u00e7\u00e3o ambiental.<\/p>\n<p>Destaca-se ainda a realiza\u00e7\u00e3o de uma opera\u00e7\u00e3o no \u00e2mbito da Opera\u00e7\u00e3o Integrada Defesa das \u00c1guas (OIDA) dentro de uma \u00c1rea de Prote\u00e7\u00e3o e Recupera\u00e7\u00e3o dos Mananciais (APRM) na Capital do Estado. Paralelamente, ser\u00e3o desenvolvidas atividades de Educa\u00e7\u00e3o Ambiental em escolas de educa\u00e7\u00e3o infantil, ensino fundamental e m\u00e9dio, bem como em outras institui\u00e7\u00f5es, com foco na conscientiza\u00e7\u00e3o sobre a import\u00e2ncia da prote\u00e7\u00e3o dos recursos h\u00eddricos e seu uso racional.<\/p>\n<p>A opera\u00e7\u00e3o realizada em comemora\u00e7\u00e3o ao Dia Mundial da \u00c1gua simboliza o compromisso das for\u00e7as de seguran\u00e7a com a preserva\u00e7\u00e3o ambiental e o bem-estar da sociedade. Continuaremos empenhados em proteger nossos recursos h\u00eddricos e promover uma cultura de sustentabilidade, garantindo um futuro pr\u00f3spero para as gera\u00e7\u00f5es vindouras.<\/p>\n","protected":false},"excerpt":{"rendered":"<p>Em conson\u00e2ncia com o esp\u00edrito do Dia Mundial da \u00c1gua,<\/p>\n","protected":false},"author":2,"featured_media":65590,"comment_status":"open","ping_status":"open","sticky":false,"template":"","format":"standard","meta":{"footnotes":""},"categories":[3,23],"tags":[],"class_list":["post-102719","post","type-post","status-publish","format-standard","has-post-thumbnail","hentry","category-geral","category-policia"],"yoast_head":"<!-- This site is optimized with the Yoast SEO plugin v27.4 - https:\/\/yoast.com\/product\/yoast-seo-wordpress\/ -->\n<title>Pol\u00edcia Ambiental realiza Opera\u00e7\u00e3o Dia Mundial da \u00c1gua - Regi\u00e3o News<\/title>\n<meta name=\"robots\" content=\"index, follow, max-snippet:-1, max-image-preview:large, max-video-preview:-1\" \/>\n<link rel=\"canonical\" href=\"https:\/\/regiaonews.net.br\/2022\/2024\/03\/22\/operacao-dia-mundial-da-agua\/\" \/>\n<meta property=\"og:locale\" content=\"pt_BR\" \/>\n<meta property=\"og:type\" content=\"article\" \/>\n<meta property=\"og:title\" content=\"Pol\u00edcia Ambiental realiza Opera\u00e7\u00e3o Dia Mundial da \u00c1gua - Regi\u00e3o News\" \/>\n<meta property=\"og:description\" content=\"Em conson\u00e2ncia com o esp\u00edrito do Dia Mundial da \u00c1gua,\" \/>\n<meta property=\"og:url\" content=\"https:\/\/regiaonews.net.br\/2022\/2024\/03\/22\/operacao-dia-mundial-da-agua\/\" \/>\n<meta property=\"og:site_name\" content=\"Regi\u00e3o News\" \/>\n<meta property=\"article:published_time\" content=\"2024-03-22T15:06:08+00:00\" \/>\n<meta property=\"article:modified_time\" content=\"2024-03-22T17:44:57+00:00\" \/>\n<meta property=\"og:image\" content=\"https:\/\/regiaonews.net.br\/2022\/wp-content\/uploads\/2022\/01\/Policia-Ambiental-1.jpg\" \/>\n\t<meta property=\"og:image:width\" content=\"1280\" \/>\n\t<meta property=\"og:image:height\" content=\"960\" \/>\n\t<meta property=\"og:image:type\" content=\"image\/jpeg\" \/>\n<meta name=\"author\" content=\"Roberto\" \/>\n<meta name=\"twitter:card\" content=\"summary_large_image\" \/>\n<meta name=\"twitter:label1\" content=\"Escrito por\" \/>\n\t<meta name=\"twitter:data1\" content=\"Roberto\" \/>\n\t<meta name=\"twitter:label2\" content=\"Est. tempo de leitura\" \/>\n\t<meta name=\"twitter:data2\" content=\"3 minutos\" \/>\n<script type=\"application\/ld+json\" class=\"yoast-schema-graph\">{\"@context\":\"https:\\\/\\\/schema.org\",\"@graph\":[{\"@type\":\"Article\",\"@id\":\"https:\\\/\\\/regiaonews.net.br\\\/2022\\\/2024\\\/03\\\/22\\\/operacao-dia-mundial-da-agua\\\/#article\",\"isPartOf\":{\"@id\":\"https:\\\/\\\/regiaonews.net.br\\\/2022\\\/2024\\\/03\\\/22\\\/operacao-dia-mundial-da-agua\\\/\"},\"author\":{\"name\":\"Roberto\",\"@id\":\"https:\\\/\\\/regiaonews.net.br\\\/2022\\\/#\\\/schema\\\/person\\\/2d205a608a5aa97ac279d7a5e6d89ad8\"},\"headline\":\"Pol\u00edcia Ambiental realiza Opera\u00e7\u00e3o Dia Mundial da \u00c1gua\",\"datePublished\":\"2024-03-22T15:06:08+00:00\",\"dateModified\":\"2024-03-22T17:44:57+00:00\",\"mainEntityOfPage\":{\"@id\":\"https:\\\/\\\/regiaonews.net.br\\\/2022\\\/2024\\\/03\\\/22\\\/operacao-dia-mundial-da-agua\\\/\"},\"wordCount\":557,\"commentCount\":0,\"publisher\":{\"@id\":\"https:\\\/\\\/regiaonews.net.br\\\/2022\\\/#organization\"},\"image\":{\"@id\":\"https:\\\/\\\/regiaonews.net.br\\\/2022\\\/2024\\\/03\\\/22\\\/operacao-dia-mundial-da-agua\\\/#primaryimage\"},\"thumbnailUrl\":\"https:\\\/\\\/regiaonews.net.br\\\/2022\\\/wp-content\\\/uploads\\\/2022\\\/01\\\/Policia-Ambiental-1.jpg\",\"articleSection\":[\"Geral\",\"Policia\"],\"inLanguage\":\"pt-BR\",\"potentialAction\":[{\"@type\":\"CommentAction\",\"name\":\"Comment\",\"target\":[\"https:\\\/\\\/regiaonews.net.br\\\/2022\\\/2024\\\/03\\\/22\\\/operacao-dia-mundial-da-agua\\\/#respond\"]}]},{\"@type\":\"WebPage\",\"@id\":\"https:\\\/\\\/regiaonews.net.br\\\/2022\\\/2024\\\/03\\\/22\\\/operacao-dia-mundial-da-agua\\\/\",\"url\":\"https:\\\/\\\/regiaonews.net.br\\\/2022\\\/2024\\\/03\\\/22\\\/operacao-dia-mundial-da-agua\\\/\",\"name\":\"Pol\u00edcia Ambiental realiza Opera\u00e7\u00e3o Dia Mundial da \u00c1gua - Regi\u00e3o News\",\"isPartOf\":{\"@id\":\"https:\\\/\\\/regiaonews.net.br\\\/2022\\\/#website\"},\"primaryImageOfPage\":{\"@id\":\"https:\\\/\\\/regiaonews.net.br\\\/2022\\\/2024\\\/03\\\/22\\\/operacao-dia-mundial-da-agua\\\/#primaryimage\"},\"image\":{\"@id\":\"https:\\\/\\\/regiaonews.net.br\\\/2022\\\/2024\\\/03\\\/22\\\/operacao-dia-mundial-da-agua\\\/#primaryimage\"},\"thumbnailUrl\":\"https:\\\/\\\/regiaonews.net.br\\\/2022\\\/wp-content\\\/uploads\\\/2022\\\/01\\\/Policia-Ambiental-1.jpg\",\"datePublished\":\"2024-03-22T15:06:08+00:00\",\"dateModified\":\"2024-03-22T17:44:57+00:00\",\"breadcrumb\":{\"@id\":\"https:\\\/\\\/regiaonews.net.br\\\/2022\\\/2024\\\/03\\\/22\\\/operacao-dia-mundial-da-agua\\\/#breadcrumb\"},\"inLanguage\":\"pt-BR\",\"potentialAction\":[{\"@type\":\"ReadAction\",\"target\":[\"https:\\\/\\\/regiaonews.net.br\\\/2022\\\/2024\\\/03\\\/22\\\/operacao-dia-mundial-da-agua\\\/\"]}]},{\"@type\":\"ImageObject\",\"inLanguage\":\"pt-BR\",\"@id\":\"https:\\\/\\\/regiaonews.net.br\\\/2022\\\/2024\\\/03\\\/22\\\/operacao-dia-mundial-da-agua\\\/#primaryimage\",\"url\":\"https:\\\/\\\/regiaonews.net.br\\\/2022\\\/wp-content\\\/uploads\\\/2022\\\/01\\\/Policia-Ambiental-1.jpg\",\"contentUrl\":\"https:\\\/\\\/regiaonews.net.br\\\/2022\\\/wp-content\\\/uploads\\\/2022\\\/01\\\/Policia-Ambiental-1.jpg\",\"width\":1280,\"height\":960},{\"@type\":\"BreadcrumbList\",\"@id\":\"https:\\\/\\\/regiaonews.net.br\\\/2022\\\/2024\\\/03\\\/22\\\/operacao-dia-mundial-da-agua\\\/#breadcrumb\",\"itemListElement\":[{\"@type\":\"ListItem\",\"position\":1,\"name\":\"In\u00edcio\",\"item\":\"https:\\\/\\\/regiaonews.net.br\\\/2022\\\/\"},{\"@type\":\"ListItem\",\"position\":2,\"name\":\"Pol\u00edcia Ambiental realiza Opera\u00e7\u00e3o Dia Mundial da \u00c1gua\"}]},{\"@type\":\"WebSite\",\"@id\":\"https:\\\/\\\/regiaonews.net.br\\\/2022\\\/#website\",\"url\":\"https:\\\/\\\/regiaonews.net.br\\\/2022\\\/\",\"name\":\"Regi\u00e3o News\",\"description\":\"Site de Not\u00edcias de Barretos e regi\u00e3o\",\"publisher\":{\"@id\":\"https:\\\/\\\/regiaonews.net.br\\\/2022\\\/#organization\"},\"potentialAction\":[{\"@type\":\"SearchAction\",\"target\":{\"@type\":\"EntryPoint\",\"urlTemplate\":\"https:\\\/\\\/regiaonews.net.br\\\/2022\\\/?s={search_term_string}\"},\"query-input\":{\"@type\":\"PropertyValueSpecification\",\"valueRequired\":true,\"valueName\":\"search_term_string\"}}],\"inLanguage\":\"pt-BR\"},{\"@type\":\"Organization\",\"@id\":\"https:\\\/\\\/regiaonews.net.br\\\/2022\\\/#organization\",\"name\":\"Regi\u00e3o News\",\"url\":\"https:\\\/\\\/regiaonews.net.br\\\/2022\\\/\",\"logo\":{\"@type\":\"ImageObject\",\"inLanguage\":\"pt-BR\",\"@id\":\"https:\\\/\\\/regiaonews.net.br\\\/2022\\\/#\\\/schema\\\/logo\\\/image\\\/\",\"url\":\"https:\\\/\\\/regiaonews.net.br\\\/2022\\\/wp-content\\\/uploads\\\/2026\\\/03\\\/regiao-13-anos-scaled.jpg\",\"contentUrl\":\"https:\\\/\\\/regiaonews.net.br\\\/2022\\\/wp-content\\\/uploads\\\/2026\\\/03\\\/regiao-13-anos-scaled.jpg\",\"width\":2560,\"height\":635,\"caption\":\"Regi\u00e3o News\"},\"image\":{\"@id\":\"https:\\\/\\\/regiaonews.net.br\\\/2022\\\/#\\\/schema\\\/logo\\\/image\\\/\"}},{\"@type\":\"Person\",\"@id\":\"https:\\\/\\\/regiaonews.net.br\\\/2022\\\/#\\\/schema\\\/person\\\/2d205a608a5aa97ac279d7a5e6d89ad8\",\"name\":\"Roberto\",\"image\":{\"@type\":\"ImageObject\",\"inLanguage\":\"pt-BR\",\"@id\":\"https:\\\/\\\/secure.gravatar.com\\\/avatar\\\/42749d8b712ff9d59ca93dc150494e5b55a44134482993f5baeb97e61b7ecc89?s=96&d=mm&r=g\",\"url\":\"https:\\\/\\\/secure.gravatar.com\\\/avatar\\\/42749d8b712ff9d59ca93dc150494e5b55a44134482993f5baeb97e61b7ecc89?s=96&d=mm&r=g\",\"contentUrl\":\"https:\\\/\\\/secure.gravatar.com\\\/avatar\\\/42749d8b712ff9d59ca93dc150494e5b55a44134482993f5baeb97e61b7ecc89?s=96&d=mm&r=g\",\"caption\":\"Roberto\"},\"url\":\"https:\\\/\\\/regiaonews.net.br\\\/2022\\\/author\\\/roberto\\\/\"}]}<\/script>\n<!-- \/ Yoast SEO plugin. -->","yoast_head_json":{"title":"Pol\u00edcia Ambiental realiza Opera\u00e7\u00e3o Dia Mundial da \u00c1gua - Regi\u00e3o News","robots":{"index":"index","follow":"follow","max-snippet":"max-snippet:-1","max-image-preview":"max-image-preview:large","max-video-preview":"max-video-preview:-1"},"canonical":"https:\/\/regiaonews.net.br\/2022\/2024\/03\/22\/operacao-dia-mundial-da-agua\/","og_locale":"pt_BR","og_type":"article","og_title":"Pol\u00edcia Ambiental realiza Opera\u00e7\u00e3o Dia Mundial da \u00c1gua - Regi\u00e3o News","og_description":"Em conson\u00e2ncia com o esp\u00edrito do Dia Mundial da \u00c1gua,","og_url":"https:\/\/regiaonews.net.br\/2022\/2024\/03\/22\/operacao-dia-mundial-da-agua\/","og_site_name":"Regi\u00e3o News","article_published_time":"2024-03-22T15:06:08+00:00","article_modified_time":"2024-03-22T17:44:57+00:00","og_image":[{"width":1280,"height":960,"url":"https:\/\/regiaonews.net.br\/2022\/wp-content\/uploads\/2022\/01\/Policia-Ambiental-1.jpg","type":"image\/jpeg"}],"author":"Roberto","twitter_card":"summary_large_image","twitter_misc":{"Escrito por":"Roberto","Est. tempo de leitura":"3 minutos"},"schema":{"@context":"https:\/\/schema.org","@graph":[{"@type":"Article","@id":"https:\/\/regiaonews.net.br\/2022\/2024\/03\/22\/operacao-dia-mundial-da-agua\/#article","isPartOf":{"@id":"https:\/\/regiaonews.net.br\/2022\/2024\/03\/22\/operacao-dia-mundial-da-agua\/"},"author":{"name":"Roberto","@id":"https:\/\/regiaonews.net.br\/2022\/#\/schema\/person\/2d205a608a5aa97ac279d7a5e6d89ad8"},"headline":"Pol\u00edcia Ambiental realiza Opera\u00e7\u00e3o Dia Mundial da \u00c1gua","datePublished":"2024-03-22T15:06:08+00:00","dateModified":"2024-03-22T17:44:57+00:00","mainEntityOfPage":{"@id":"https:\/\/regiaonews.net.br\/2022\/2024\/03\/22\/operacao-dia-mundial-da-agua\/"},"wordCount":557,"commentCount":0,"publisher":{"@id":"https:\/\/regiaonews.net.br\/2022\/#organization"},"image":{"@id":"https:\/\/regiaonews.net.br\/2022\/2024\/03\/22\/operacao-dia-mundial-da-agua\/#primaryimage"},"thumbnailUrl":"https:\/\/regiaonews.net.br\/2022\/wp-content\/uploads\/2022\/01\/Policia-Ambiental-1.jpg","articleSection":["Geral","Policia"],"inLanguage":"pt-BR","potentialAction":[{"@type":"CommentAction","name":"Comment","target":["https:\/\/regiaonews.net.br\/2022\/2024\/03\/22\/operacao-dia-mundial-da-agua\/#respond"]}]},{"@type":"WebPage","@id":"https:\/\/regiaonews.net.br\/2022\/2024\/03\/22\/operacao-dia-mundial-da-agua\/","url":"https:\/\/regiaonews.net.br\/2022\/2024\/03\/22\/operacao-dia-mundial-da-agua\/","name":"Pol\u00edcia Ambiental realiza Opera\u00e7\u00e3o Dia Mundial da \u00c1gua - Regi\u00e3o News","isPartOf":{"@id":"https:\/\/regiaonews.net.br\/2022\/#website"},"primaryImageOfPage":{"@id":"https:\/\/regiaonews.net.br\/2022\/2024\/03\/22\/operacao-dia-mundial-da-agua\/#primaryimage"},"image":{"@id":"https:\/\/regiaonews.net.br\/2022\/2024\/03\/22\/operacao-dia-mundial-da-agua\/#primaryimage"},"thumbnailUrl":"https:\/\/regiaonews.net.br\/2022\/wp-content\/uploads\/2022\/01\/Policia-Ambiental-1.jpg","datePublished":"2024-03-22T15:06:08+00:00","dateModified":"2024-03-22T17:44:57+00:00","breadcrumb":{"@id":"https:\/\/regiaonews.net.br\/2022\/2024\/03\/22\/operacao-dia-mundial-da-agua\/#breadcrumb"},"inLanguage":"pt-BR","potentialAction":[{"@type":"ReadAction","target":["https:\/\/regiaonews.net.br\/2022\/2024\/03\/22\/operacao-dia-mundial-da-agua\/"]}]},{"@type":"ImageObject","inLanguage":"pt-BR","@id":"https:\/\/regiaonews.net.br\/2022\/2024\/03\/22\/operacao-dia-mundial-da-agua\/#primaryimage","url":"https:\/\/regiaonews.net.br\/2022\/wp-content\/uploads\/2022\/01\/Policia-Ambiental-1.jpg","contentUrl":"https:\/\/regiaonews.net.br\/2022\/wp-content\/uploads\/2022\/01\/Policia-Ambiental-1.jpg","width":1280,"height":960},{"@type":"BreadcrumbList","@id":"https:\/\/regiaonews.net.br\/2022\/2024\/03\/22\/operacao-dia-mundial-da-agua\/#breadcrumb","itemListElement":[{"@type":"ListItem","position":1,"name":"In\u00edcio","item":"https:\/\/regiaonews.net.br\/2022\/"},{"@type":"ListItem","position":2,"name":"Pol\u00edcia Ambiental realiza Opera\u00e7\u00e3o Dia Mundial da \u00c1gua"}]},{"@type":"WebSite","@id":"https:\/\/regiaonews.net.br\/2022\/#website","url":"https:\/\/regiaonews.net.br\/2022\/","name":"Regi\u00e3o News","description":"Site de Not\u00edcias de Barretos e regi\u00e3o","publisher":{"@id":"https:\/\/regiaonews.net.br\/2022\/#organization"},"potentialAction":[{"@type":"SearchAction","target":{"@type":"EntryPoint","urlTemplate":"https:\/\/regiaonews.net.br\/2022\/?s={search_term_string}"},"query-input":{"@type":"PropertyValueSpecification","valueRequired":true,"valueName":"search_term_string"}}],"inLanguage":"pt-BR"},{"@type":"Organization","@id":"https:\/\/regiaonews.net.br\/2022\/#organization","name":"Regi\u00e3o News","url":"https:\/\/regiaonews.net.br\/2022\/","logo":{"@type":"ImageObject","inLanguage":"pt-BR","@id":"https:\/\/regiaonews.net.br\/2022\/#\/schema\/logo\/image\/","url":"https:\/\/regiaonews.net.br\/2022\/wp-content\/uploads\/2026\/03\/regiao-13-anos-scaled.jpg","contentUrl":"https:\/\/regiaonews.net.br\/2022\/wp-content\/uploads\/2026\/03\/regiao-13-anos-scaled.jpg","width":2560,"height":635,"caption":"Regi\u00e3o News"},"image":{"@id":"https:\/\/regiaonews.net.br\/2022\/#\/schema\/logo\/image\/"}},{"@type":"Person","@id":"https:\/\/regiaonews.net.br\/2022\/#\/schema\/person\/2d205a608a5aa97ac279d7a5e6d89ad8","name":"Roberto","image":{"@type":"ImageObject","inLanguage":"pt-BR","@id":"https:\/\/secure.gravatar.com\/avatar\/42749d8b712ff9d59ca93dc150494e5b55a44134482993f5baeb97e61b7ecc89?s=96&d=mm&r=g","url":"https:\/\/secure.gravatar.com\/avatar\/42749d8b712ff9d59ca93dc150494e5b55a44134482993f5baeb97e61b7ecc89?s=96&d=mm&r=g","contentUrl":"https:\/\/secure.gravatar.com\/avatar\/42749d8b712ff9d59ca93dc150494e5b55a44134482993f5baeb97e61b7ecc89?s=96&d=mm&r=g","caption":"Roberto"},"url":"https:\/\/regiaonews.net.br\/2022\/author\/roberto\/"}]}},"publishpress_future_action":{"enabled":false,"date":"2026-05-03 15:33:45","action":"change-status","newStatus":"draft","terms":[],"taxonomy":"category","extraData":[]},"publishpress_future_workflow_manual_trigger":{"enabledWorkflows":[]},"_links":{"self":[{"href":"https:\/\/regiaonews.net.br\/2022\/wp-json\/wp\/v2\/posts\/102719","targetHints":{"allow":["GET"]}}],"collection":[{"href":"https:\/\/regiaonews.net.br\/2022\/wp-json\/wp\/v2\/posts"}],"about":[{"href":"https:\/\/regiaonews.net.br\/2022\/wp-json\/wp\/v2\/types\/post"}],"author":[{"embeddable":true,"href":"https:\/\/regiaonews.net.br\/2022\/wp-json\/wp\/v2\/users\/2"}],"replies":[{"embeddable":true,"href":"https:\/\/regiaonews.net.br\/2022\/wp-json\/wp\/v2\/comments?post=102719"}],"version-history":[{"count":2,"href":"https:\/\/regiaonews.net.br\/2022\/wp-json\/wp\/v2\/posts\/102719\/revisions"}],"predecessor-version":[{"id":102736,"href":"https:\/\/regiaonews.net.br\/2022\/wp-json\/wp\/v2\/posts\/102719\/revisions\/102736"}],"wp:featuredmedia":[{"embeddable":true,"href":"https:\/\/regiaonews.net.br\/2022\/wp-json\/wp\/v2\/media\/65590"}],"wp:attachment":[{"href":"https:\/\/regiaonews.net.br\/2022\/wp-json\/wp\/v2\/media?parent=102719"}],"wp:term":[{"taxonomy":"category","embeddable":true,"href":"https:\/\/regiaonews.net.br\/2022\/wp-json\/wp\/v2\/categories?post=102719"},{"taxonomy":"post_tag","embeddable":true,"href":"https:\/\/regiaonews.net.br\/2022\/wp-json\/wp\/v2\/tags?post=102719"}],"curies":[{"name":"wp","href":"https:\/\/api.w.org\/{rel}","templated":true}]}}