{"id":102716,"date":"2024-03-22T11:27:37","date_gmt":"2024-03-22T14:27:37","guid":{"rendered":"https:\/\/regiaonews.net.br\/2022\/?p=102716"},"modified":"2024-03-22T17:24:17","modified_gmt":"2024-03-22T20:24:17","slug":"destaque-a-tradicao-da-familia-muzetti-andrade","status":"publish","type":"post","link":"https:\/\/regiaonews.net.br\/2022\/2024\/03\/22\/destaque-a-tradicao-da-familia-muzetti-andrade\/","title":{"rendered":"Destaque: A tradi\u00e7\u00e3o da fam\u00edlia Muzetti Andrade"},"content":{"rendered":"<p>\u201cA uni\u00e3o e o orgulho as nossas ra\u00edzes sempre foram pilares muito fortes da minha fam\u00edlia. Por isso, \u00e9 uma alegria poder contar um pouco da nossa hist\u00f3ria e como tudo come\u00e7ou\u201d, diz Tatiane Muzetti.<\/p>\n<p>Meu av\u00f4, Mario Muzetti, pai de minha m\u00e3e Marta Muzetti foi quem come\u00e7ou esta hist\u00f3ria na pecu\u00e1ria leiteira e no agroneg\u00f3cio. Tendo em suas propriedades rurais o gado leiteiro.<\/p>\n<p>Minha m\u00e3e conta que na fazenda da fam\u00edlia tudo era muito r\u00fastico, n\u00e3o se tinha um curral coberto, meu av\u00f4 e os pe\u00f5es ordenhavam o gado no curral, expostos as intemp\u00e9ries do tempo, sentado em banquinhos. E a lida come\u00e7ava \u00e0 meia noite, pois todo o leite tinha que estar retirado at\u00e9 \u00e0s 7h da manh\u00e3, hor\u00e1rio em que o leiteiro passava para busca-lo. Eram mais de mil litros de leite retirados diariamente e manualmente.<\/p>\n<p>Desde muito pequena, mais precisamente aos 4 anos de idade, minha m\u00e3e j\u00e1 acompanhava meu av\u00f4 M\u00e1rio Muzetti na rotina da fazenda. Acordava \u00e0s 4h da manh\u00e3 e ia ajudar abrindo a porteira para soltar os bezerros um de cada vez quando se terminava de tirar o leite de uma vaca. O que te trouxe uma viv\u00eancia intensa e mem\u00f3rias muito ricas e de muito amor da sua inf\u00e2ncia.<\/p>\n<p>Sempre criada nesse meio rural, ela conta que conheceu meu pai em uma festa tradicional que meu av\u00f4 fazia anualmente no primeiro dia do ano onde reunia toda a fam\u00edlia na fazenda. Em uma destas comemora\u00e7\u00f5es o meu pai que era amigo de um de seus primos foi convidado a ir. Foi desde esse primeiro encontro e troca de olhares por parte do meu pai que a hist\u00f3ria dos dois come\u00e7ou a ser escrita. Determinado meu pai ao v\u00ea-la pela primeira vez j\u00e1 disse: \u201cEu vou casar com voc\u00ea\u201d!<\/p>\n<p>Mas foi no Baile de Ano Novo de um dos clubes tradicionais de Barretos, Uni\u00e3o dos Empregados do Com\u00e9rcio, que eles ficaram juntos e assim est\u00e3o a 51 anos.<\/p>\n<p>Ouvir essas hist\u00f3rias da minha m\u00e3e me faz lembrar da minha inf\u00e2ncia. Onde eu era acordada com o som das vacas mugindo no curral, rapidamente me levantava e j\u00e1 pegava a caneca, colocava a\u00e7\u00facar e caf\u00e9, e ia para o curral tomar o leite tirado na hora. Eu amo o cheiro do curral porque me leva exatamente a essas viv\u00eancias que me fizeram e me fazem muito feliz.<\/p>\n<p>Meu pai, Afonso, n\u00e3o veio do mundo rural e nem mesmo do agroneg\u00f3cio, mas se eu pude ter essas boas experi\u00eancias na minha inf\u00e2ncia eu tamb\u00e9m devo a ele, que herdou esta tradi\u00e7\u00e3o e deu continuidade ao neg\u00f3cio dos meus av\u00f3s.<\/p>\n<p>Vindo de uma hist\u00f3ria de trabalho dentro da constru\u00e7\u00e3o civil, ele teve que aprender como era a vida no campo. N\u00e3o demorou para que ele come\u00e7asse a modernizar o meio r\u00fastico da fazenda e da ordenha de leite, aprimorar o gado, e o resultado foi que em pouco tempo se tornou o segundo maior produtor de leite de Barretos. Tendo resultados positivos com o neg\u00f3cio. Com o passar dos anos tudo foi mudando, minha m\u00e3e se recorda que o valor do litro de leite custava o mesmo que o litro da gasolina, o leite era um produto valorizado, um neg\u00f3cio rend\u00e1vel.<\/p>\n<p>J\u00e1 n\u00e3o \u00e9 a mesma realidade que vemos atualmente. Houve um retrocesso na pecu\u00e1ria leiteira. Falta incentivo do Governo Federal, um olhar mais cl\u00ednico aos pecuaristas por parte dos deputados e senadores, segundo meu pai.<\/p>\n<p>Eu Tatiane Muzetti, vejo que falta a valoriza\u00e7\u00e3o do mercado interno. Com toda essa dificuldade vemos que grandes produtores criaram o seu sistema pr\u00f3prio para conseguirem sobreviver a esta nova realidade do mercado. Como a cria\u00e7\u00e3o de lactic\u00ednios, produ\u00e7\u00e3o de queijo e derivados do leite.<\/p>\n<p>Minha m\u00e3e \u00e9 um grande exemplo desta mudan\u00e7a, ela faz queijos e doces at\u00e9 hoje. Deliciosos inclusive! Que aprendeu com a minha av\u00f3 aos 7 anos de idade.<\/p>\n<p>Como veem, tenho grandes exemplos de for\u00e7a, determina\u00e7\u00e3o, uni\u00e3o e resili\u00eancia. Meus pais souberam atravessar todas essas fases e mantiveram a nossa tradi\u00e7\u00e3o at\u00e9 hoje. Como fam\u00edlia temos como base a uni\u00e3o, e eu tenho um grande orgulho de ter estas tradi\u00e7\u00f5es preservadas, onde hoje posso passar aos meus filhos.<\/p>\n<p>A cultura sertaneja, o agroneg\u00f3cio faz parte n\u00e3o s\u00f3 da minha hist\u00f3ria de vida, mas se entrela\u00e7a na de todos os barretenses. Essas s\u00e3o as nossas ra\u00edzes que n\u00e3o devem ser esquecidas e sim lembradas e valorizadas.<\/p>\n<p>Tatiane Muzetti<br \/>\nBarretense e apaixonada por Barretos<\/p>\n","protected":false},"excerpt":{"rendered":"<p>\u201cA uni\u00e3o e o orgulho as nossas ra\u00edzes sempre foram<\/p>\n","protected":false},"author":2,"featured_media":102717,"comment_status":"open","ping_status":"open","sticky":false,"template":"","format":"standard","meta":{"footnotes":""},"categories":[14,25],"tags":[],"class_list":["post-102716","post","type-post","status-publish","format-standard","has-post-thumbnail","hentry","category-barretos","category-cidades"],"yoast_head":"<!-- This site is optimized with the Yoast SEO plugin v27.4 - https:\/\/yoast.com\/product\/yoast-seo-wordpress\/ -->\n<title>Destaque: A tradi\u00e7\u00e3o da fam\u00edlia Muzetti Andrade - Regi\u00e3o News<\/title>\n<meta name=\"robots\" content=\"index, follow, max-snippet:-1, max-image-preview:large, max-video-preview:-1\" \/>\n<link rel=\"canonical\" href=\"https:\/\/regiaonews.net.br\/2022\/2024\/03\/22\/destaque-a-tradicao-da-familia-muzetti-andrade\/\" \/>\n<meta property=\"og:locale\" content=\"pt_BR\" \/>\n<meta property=\"og:type\" content=\"article\" \/>\n<meta property=\"og:title\" content=\"Destaque: A tradi\u00e7\u00e3o da fam\u00edlia Muzetti Andrade - Regi\u00e3o News\" \/>\n<meta property=\"og:description\" content=\"\u201cA uni\u00e3o e o orgulho as nossas ra\u00edzes sempre foram\" \/>\n<meta property=\"og:url\" content=\"https:\/\/regiaonews.net.br\/2022\/2024\/03\/22\/destaque-a-tradicao-da-familia-muzetti-andrade\/\" \/>\n<meta property=\"og:site_name\" content=\"Regi\u00e3o News\" \/>\n<meta property=\"article:published_time\" content=\"2024-03-22T14:27:37+00:00\" \/>\n<meta property=\"article:modified_time\" content=\"2024-03-22T20:24:17+00:00\" \/>\n<meta property=\"og:image\" content=\"https:\/\/regiaonews.net.br\/2022\/wp-content\/uploads\/2024\/03\/WhatsApp-Image-2024-03-22-at-09.33.10.jpeg\" \/>\n\t<meta property=\"og:image:width\" content=\"1280\" \/>\n\t<meta property=\"og:image:height\" content=\"853\" \/>\n\t<meta property=\"og:image:type\" content=\"image\/jpeg\" \/>\n<meta name=\"author\" content=\"Roberto\" \/>\n<meta name=\"twitter:card\" content=\"summary_large_image\" \/>\n<meta name=\"twitter:label1\" content=\"Escrito por\" \/>\n\t<meta name=\"twitter:data1\" content=\"Roberto\" \/>\n\t<meta name=\"twitter:label2\" content=\"Est. tempo de leitura\" \/>\n\t<meta name=\"twitter:data2\" content=\"5 minutos\" \/>\n<script type=\"application\/ld+json\" class=\"yoast-schema-graph\">{\"@context\":\"https:\\\/\\\/schema.org\",\"@graph\":[{\"@type\":\"Article\",\"@id\":\"https:\\\/\\\/regiaonews.net.br\\\/2022\\\/2024\\\/03\\\/22\\\/destaque-a-tradicao-da-familia-muzetti-andrade\\\/#article\",\"isPartOf\":{\"@id\":\"https:\\\/\\\/regiaonews.net.br\\\/2022\\\/2024\\\/03\\\/22\\\/destaque-a-tradicao-da-familia-muzetti-andrade\\\/\"},\"author\":{\"name\":\"Roberto\",\"@id\":\"https:\\\/\\\/regiaonews.net.br\\\/2022\\\/#\\\/schema\\\/person\\\/2d205a608a5aa97ac279d7a5e6d89ad8\"},\"headline\":\"Destaque: A tradi\u00e7\u00e3o da fam\u00edlia Muzetti Andrade\",\"datePublished\":\"2024-03-22T14:27:37+00:00\",\"dateModified\":\"2024-03-22T20:24:17+00:00\",\"mainEntityOfPage\":{\"@id\":\"https:\\\/\\\/regiaonews.net.br\\\/2022\\\/2024\\\/03\\\/22\\\/destaque-a-tradicao-da-familia-muzetti-andrade\\\/\"},\"wordCount\":818,\"commentCount\":0,\"publisher\":{\"@id\":\"https:\\\/\\\/regiaonews.net.br\\\/2022\\\/#organization\"},\"image\":{\"@id\":\"https:\\\/\\\/regiaonews.net.br\\\/2022\\\/2024\\\/03\\\/22\\\/destaque-a-tradicao-da-familia-muzetti-andrade\\\/#primaryimage\"},\"thumbnailUrl\":\"https:\\\/\\\/regiaonews.net.br\\\/2022\\\/wp-content\\\/uploads\\\/2024\\\/03\\\/WhatsApp-Image-2024-03-22-at-09.33.10.jpeg\",\"articleSection\":[\"Barretos\",\"Cidades\"],\"inLanguage\":\"pt-BR\",\"potentialAction\":[{\"@type\":\"CommentAction\",\"name\":\"Comment\",\"target\":[\"https:\\\/\\\/regiaonews.net.br\\\/2022\\\/2024\\\/03\\\/22\\\/destaque-a-tradicao-da-familia-muzetti-andrade\\\/#respond\"]}]},{\"@type\":\"WebPage\",\"@id\":\"https:\\\/\\\/regiaonews.net.br\\\/2022\\\/2024\\\/03\\\/22\\\/destaque-a-tradicao-da-familia-muzetti-andrade\\\/\",\"url\":\"https:\\\/\\\/regiaonews.net.br\\\/2022\\\/2024\\\/03\\\/22\\\/destaque-a-tradicao-da-familia-muzetti-andrade\\\/\",\"name\":\"Destaque: A tradi\u00e7\u00e3o da fam\u00edlia Muzetti Andrade - Regi\u00e3o News\",\"isPartOf\":{\"@id\":\"https:\\\/\\\/regiaonews.net.br\\\/2022\\\/#website\"},\"primaryImageOfPage\":{\"@id\":\"https:\\\/\\\/regiaonews.net.br\\\/2022\\\/2024\\\/03\\\/22\\\/destaque-a-tradicao-da-familia-muzetti-andrade\\\/#primaryimage\"},\"image\":{\"@id\":\"https:\\\/\\\/regiaonews.net.br\\\/2022\\\/2024\\\/03\\\/22\\\/destaque-a-tradicao-da-familia-muzetti-andrade\\\/#primaryimage\"},\"thumbnailUrl\":\"https:\\\/\\\/regiaonews.net.br\\\/2022\\\/wp-content\\\/uploads\\\/2024\\\/03\\\/WhatsApp-Image-2024-03-22-at-09.33.10.jpeg\",\"datePublished\":\"2024-03-22T14:27:37+00:00\",\"dateModified\":\"2024-03-22T20:24:17+00:00\",\"breadcrumb\":{\"@id\":\"https:\\\/\\\/regiaonews.net.br\\\/2022\\\/2024\\\/03\\\/22\\\/destaque-a-tradicao-da-familia-muzetti-andrade\\\/#breadcrumb\"},\"inLanguage\":\"pt-BR\",\"potentialAction\":[{\"@type\":\"ReadAction\",\"target\":[\"https:\\\/\\\/regiaonews.net.br\\\/2022\\\/2024\\\/03\\\/22\\\/destaque-a-tradicao-da-familia-muzetti-andrade\\\/\"]}]},{\"@type\":\"ImageObject\",\"inLanguage\":\"pt-BR\",\"@id\":\"https:\\\/\\\/regiaonews.net.br\\\/2022\\\/2024\\\/03\\\/22\\\/destaque-a-tradicao-da-familia-muzetti-andrade\\\/#primaryimage\",\"url\":\"https:\\\/\\\/regiaonews.net.br\\\/2022\\\/wp-content\\\/uploads\\\/2024\\\/03\\\/WhatsApp-Image-2024-03-22-at-09.33.10.jpeg\",\"contentUrl\":\"https:\\\/\\\/regiaonews.net.br\\\/2022\\\/wp-content\\\/uploads\\\/2024\\\/03\\\/WhatsApp-Image-2024-03-22-at-09.33.10.jpeg\",\"width\":1280,\"height\":853},{\"@type\":\"BreadcrumbList\",\"@id\":\"https:\\\/\\\/regiaonews.net.br\\\/2022\\\/2024\\\/03\\\/22\\\/destaque-a-tradicao-da-familia-muzetti-andrade\\\/#breadcrumb\",\"itemListElement\":[{\"@type\":\"ListItem\",\"position\":1,\"name\":\"In\u00edcio\",\"item\":\"https:\\\/\\\/regiaonews.net.br\\\/2022\\\/\"},{\"@type\":\"ListItem\",\"position\":2,\"name\":\"Destaque: A tradi\u00e7\u00e3o da fam\u00edlia Muzetti Andrade\"}]},{\"@type\":\"WebSite\",\"@id\":\"https:\\\/\\\/regiaonews.net.br\\\/2022\\\/#website\",\"url\":\"https:\\\/\\\/regiaonews.net.br\\\/2022\\\/\",\"name\":\"Regi\u00e3o News\",\"description\":\"Site de Not\u00edcias de Barretos e regi\u00e3o\",\"publisher\":{\"@id\":\"https:\\\/\\\/regiaonews.net.br\\\/2022\\\/#organization\"},\"potentialAction\":[{\"@type\":\"SearchAction\",\"target\":{\"@type\":\"EntryPoint\",\"urlTemplate\":\"https:\\\/\\\/regiaonews.net.br\\\/2022\\\/?s={search_term_string}\"},\"query-input\":{\"@type\":\"PropertyValueSpecification\",\"valueRequired\":true,\"valueName\":\"search_term_string\"}}],\"inLanguage\":\"pt-BR\"},{\"@type\":\"Organization\",\"@id\":\"https:\\\/\\\/regiaonews.net.br\\\/2022\\\/#organization\",\"name\":\"Regi\u00e3o News\",\"url\":\"https:\\\/\\\/regiaonews.net.br\\\/2022\\\/\",\"logo\":{\"@type\":\"ImageObject\",\"inLanguage\":\"pt-BR\",\"@id\":\"https:\\\/\\\/regiaonews.net.br\\\/2022\\\/#\\\/schema\\\/logo\\\/image\\\/\",\"url\":\"https:\\\/\\\/regiaonews.net.br\\\/2022\\\/wp-content\\\/uploads\\\/2026\\\/03\\\/regiao-13-anos-scaled.jpg\",\"contentUrl\":\"https:\\\/\\\/regiaonews.net.br\\\/2022\\\/wp-content\\\/uploads\\\/2026\\\/03\\\/regiao-13-anos-scaled.jpg\",\"width\":2560,\"height\":635,\"caption\":\"Regi\u00e3o News\"},\"image\":{\"@id\":\"https:\\\/\\\/regiaonews.net.br\\\/2022\\\/#\\\/schema\\\/logo\\\/image\\\/\"}},{\"@type\":\"Person\",\"@id\":\"https:\\\/\\\/regiaonews.net.br\\\/2022\\\/#\\\/schema\\\/person\\\/2d205a608a5aa97ac279d7a5e6d89ad8\",\"name\":\"Roberto\",\"image\":{\"@type\":\"ImageObject\",\"inLanguage\":\"pt-BR\",\"@id\":\"https:\\\/\\\/secure.gravatar.com\\\/avatar\\\/42749d8b712ff9d59ca93dc150494e5b55a44134482993f5baeb97e61b7ecc89?s=96&d=mm&r=g\",\"url\":\"https:\\\/\\\/secure.gravatar.com\\\/avatar\\\/42749d8b712ff9d59ca93dc150494e5b55a44134482993f5baeb97e61b7ecc89?s=96&d=mm&r=g\",\"contentUrl\":\"https:\\\/\\\/secure.gravatar.com\\\/avatar\\\/42749d8b712ff9d59ca93dc150494e5b55a44134482993f5baeb97e61b7ecc89?s=96&d=mm&r=g\",\"caption\":\"Roberto\"},\"url\":\"https:\\\/\\\/regiaonews.net.br\\\/2022\\\/author\\\/roberto\\\/\"}]}<\/script>\n<!-- \/ Yoast SEO plugin. -->","yoast_head_json":{"title":"Destaque: A tradi\u00e7\u00e3o da fam\u00edlia Muzetti Andrade - Regi\u00e3o News","robots":{"index":"index","follow":"follow","max-snippet":"max-snippet:-1","max-image-preview":"max-image-preview:large","max-video-preview":"max-video-preview:-1"},"canonical":"https:\/\/regiaonews.net.br\/2022\/2024\/03\/22\/destaque-a-tradicao-da-familia-muzetti-andrade\/","og_locale":"pt_BR","og_type":"article","og_title":"Destaque: A tradi\u00e7\u00e3o da fam\u00edlia Muzetti Andrade - Regi\u00e3o News","og_description":"\u201cA uni\u00e3o e o orgulho as nossas ra\u00edzes sempre foram","og_url":"https:\/\/regiaonews.net.br\/2022\/2024\/03\/22\/destaque-a-tradicao-da-familia-muzetti-andrade\/","og_site_name":"Regi\u00e3o News","article_published_time":"2024-03-22T14:27:37+00:00","article_modified_time":"2024-03-22T20:24:17+00:00","og_image":[{"width":1280,"height":853,"url":"https:\/\/regiaonews.net.br\/2022\/wp-content\/uploads\/2024\/03\/WhatsApp-Image-2024-03-22-at-09.33.10.jpeg","type":"image\/jpeg"}],"author":"Roberto","twitter_card":"summary_large_image","twitter_misc":{"Escrito por":"Roberto","Est. tempo de leitura":"5 minutos"},"schema":{"@context":"https:\/\/schema.org","@graph":[{"@type":"Article","@id":"https:\/\/regiaonews.net.br\/2022\/2024\/03\/22\/destaque-a-tradicao-da-familia-muzetti-andrade\/#article","isPartOf":{"@id":"https:\/\/regiaonews.net.br\/2022\/2024\/03\/22\/destaque-a-tradicao-da-familia-muzetti-andrade\/"},"author":{"name":"Roberto","@id":"https:\/\/regiaonews.net.br\/2022\/#\/schema\/person\/2d205a608a5aa97ac279d7a5e6d89ad8"},"headline":"Destaque: A tradi\u00e7\u00e3o da fam\u00edlia Muzetti Andrade","datePublished":"2024-03-22T14:27:37+00:00","dateModified":"2024-03-22T20:24:17+00:00","mainEntityOfPage":{"@id":"https:\/\/regiaonews.net.br\/2022\/2024\/03\/22\/destaque-a-tradicao-da-familia-muzetti-andrade\/"},"wordCount":818,"commentCount":0,"publisher":{"@id":"https:\/\/regiaonews.net.br\/2022\/#organization"},"image":{"@id":"https:\/\/regiaonews.net.br\/2022\/2024\/03\/22\/destaque-a-tradicao-da-familia-muzetti-andrade\/#primaryimage"},"thumbnailUrl":"https:\/\/regiaonews.net.br\/2022\/wp-content\/uploads\/2024\/03\/WhatsApp-Image-2024-03-22-at-09.33.10.jpeg","articleSection":["Barretos","Cidades"],"inLanguage":"pt-BR","potentialAction":[{"@type":"CommentAction","name":"Comment","target":["https:\/\/regiaonews.net.br\/2022\/2024\/03\/22\/destaque-a-tradicao-da-familia-muzetti-andrade\/#respond"]}]},{"@type":"WebPage","@id":"https:\/\/regiaonews.net.br\/2022\/2024\/03\/22\/destaque-a-tradicao-da-familia-muzetti-andrade\/","url":"https:\/\/regiaonews.net.br\/2022\/2024\/03\/22\/destaque-a-tradicao-da-familia-muzetti-andrade\/","name":"Destaque: A tradi\u00e7\u00e3o da fam\u00edlia Muzetti Andrade - Regi\u00e3o News","isPartOf":{"@id":"https:\/\/regiaonews.net.br\/2022\/#website"},"primaryImageOfPage":{"@id":"https:\/\/regiaonews.net.br\/2022\/2024\/03\/22\/destaque-a-tradicao-da-familia-muzetti-andrade\/#primaryimage"},"image":{"@id":"https:\/\/regiaonews.net.br\/2022\/2024\/03\/22\/destaque-a-tradicao-da-familia-muzetti-andrade\/#primaryimage"},"thumbnailUrl":"https:\/\/regiaonews.net.br\/2022\/wp-content\/uploads\/2024\/03\/WhatsApp-Image-2024-03-22-at-09.33.10.jpeg","datePublished":"2024-03-22T14:27:37+00:00","dateModified":"2024-03-22T20:24:17+00:00","breadcrumb":{"@id":"https:\/\/regiaonews.net.br\/2022\/2024\/03\/22\/destaque-a-tradicao-da-familia-muzetti-andrade\/#breadcrumb"},"inLanguage":"pt-BR","potentialAction":[{"@type":"ReadAction","target":["https:\/\/regiaonews.net.br\/2022\/2024\/03\/22\/destaque-a-tradicao-da-familia-muzetti-andrade\/"]}]},{"@type":"ImageObject","inLanguage":"pt-BR","@id":"https:\/\/regiaonews.net.br\/2022\/2024\/03\/22\/destaque-a-tradicao-da-familia-muzetti-andrade\/#primaryimage","url":"https:\/\/regiaonews.net.br\/2022\/wp-content\/uploads\/2024\/03\/WhatsApp-Image-2024-03-22-at-09.33.10.jpeg","contentUrl":"https:\/\/regiaonews.net.br\/2022\/wp-content\/uploads\/2024\/03\/WhatsApp-Image-2024-03-22-at-09.33.10.jpeg","width":1280,"height":853},{"@type":"BreadcrumbList","@id":"https:\/\/regiaonews.net.br\/2022\/2024\/03\/22\/destaque-a-tradicao-da-familia-muzetti-andrade\/#breadcrumb","itemListElement":[{"@type":"ListItem","position":1,"name":"In\u00edcio","item":"https:\/\/regiaonews.net.br\/2022\/"},{"@type":"ListItem","position":2,"name":"Destaque: A tradi\u00e7\u00e3o da fam\u00edlia Muzetti Andrade"}]},{"@type":"WebSite","@id":"https:\/\/regiaonews.net.br\/2022\/#website","url":"https:\/\/regiaonews.net.br\/2022\/","name":"Regi\u00e3o News","description":"Site de Not\u00edcias de Barretos e regi\u00e3o","publisher":{"@id":"https:\/\/regiaonews.net.br\/2022\/#organization"},"potentialAction":[{"@type":"SearchAction","target":{"@type":"EntryPoint","urlTemplate":"https:\/\/regiaonews.net.br\/2022\/?s={search_term_string}"},"query-input":{"@type":"PropertyValueSpecification","valueRequired":true,"valueName":"search_term_string"}}],"inLanguage":"pt-BR"},{"@type":"Organization","@id":"https:\/\/regiaonews.net.br\/2022\/#organization","name":"Regi\u00e3o News","url":"https:\/\/regiaonews.net.br\/2022\/","logo":{"@type":"ImageObject","inLanguage":"pt-BR","@id":"https:\/\/regiaonews.net.br\/2022\/#\/schema\/logo\/image\/","url":"https:\/\/regiaonews.net.br\/2022\/wp-content\/uploads\/2026\/03\/regiao-13-anos-scaled.jpg","contentUrl":"https:\/\/regiaonews.net.br\/2022\/wp-content\/uploads\/2026\/03\/regiao-13-anos-scaled.jpg","width":2560,"height":635,"caption":"Regi\u00e3o News"},"image":{"@id":"https:\/\/regiaonews.net.br\/2022\/#\/schema\/logo\/image\/"}},{"@type":"Person","@id":"https:\/\/regiaonews.net.br\/2022\/#\/schema\/person\/2d205a608a5aa97ac279d7a5e6d89ad8","name":"Roberto","image":{"@type":"ImageObject","inLanguage":"pt-BR","@id":"https:\/\/secure.gravatar.com\/avatar\/42749d8b712ff9d59ca93dc150494e5b55a44134482993f5baeb97e61b7ecc89?s=96&d=mm&r=g","url":"https:\/\/secure.gravatar.com\/avatar\/42749d8b712ff9d59ca93dc150494e5b55a44134482993f5baeb97e61b7ecc89?s=96&d=mm&r=g","contentUrl":"https:\/\/secure.gravatar.com\/avatar\/42749d8b712ff9d59ca93dc150494e5b55a44134482993f5baeb97e61b7ecc89?s=96&d=mm&r=g","caption":"Roberto"},"url":"https:\/\/regiaonews.net.br\/2022\/author\/roberto\/"}]}},"publishpress_future_action":{"enabled":false,"date":"2026-05-03 17:11:31","action":"change-status","newStatus":"draft","terms":[],"taxonomy":"category","extraData":[]},"publishpress_future_workflow_manual_trigger":{"enabledWorkflows":[]},"_links":{"self":[{"href":"https:\/\/regiaonews.net.br\/2022\/wp-json\/wp\/v2\/posts\/102716","targetHints":{"allow":["GET"]}}],"collection":[{"href":"https:\/\/regiaonews.net.br\/2022\/wp-json\/wp\/v2\/posts"}],"about":[{"href":"https:\/\/regiaonews.net.br\/2022\/wp-json\/wp\/v2\/types\/post"}],"author":[{"embeddable":true,"href":"https:\/\/regiaonews.net.br\/2022\/wp-json\/wp\/v2\/users\/2"}],"replies":[{"embeddable":true,"href":"https:\/\/regiaonews.net.br\/2022\/wp-json\/wp\/v2\/comments?post=102716"}],"version-history":[{"count":2,"href":"https:\/\/regiaonews.net.br\/2022\/wp-json\/wp\/v2\/posts\/102716\/revisions"}],"predecessor-version":[{"id":102735,"href":"https:\/\/regiaonews.net.br\/2022\/wp-json\/wp\/v2\/posts\/102716\/revisions\/102735"}],"wp:featuredmedia":[{"embeddable":true,"href":"https:\/\/regiaonews.net.br\/2022\/wp-json\/wp\/v2\/media\/102717"}],"wp:attachment":[{"href":"https:\/\/regiaonews.net.br\/2022\/wp-json\/wp\/v2\/media?parent=102716"}],"wp:term":[{"taxonomy":"category","embeddable":true,"href":"https:\/\/regiaonews.net.br\/2022\/wp-json\/wp\/v2\/categories?post=102716"},{"taxonomy":"post_tag","embeddable":true,"href":"https:\/\/regiaonews.net.br\/2022\/wp-json\/wp\/v2\/tags?post=102716"}],"curies":[{"name":"wp","href":"https:\/\/api.w.org\/{rel}","templated":true}]}}