{"id":102690,"date":"2024-03-21T19:41:02","date_gmt":"2024-03-21T22:41:02","guid":{"rendered":"https:\/\/regiaonews.net.br\/2022\/?p=102690"},"modified":"2024-03-21T19:41:02","modified_gmt":"2024-03-21T22:41:02","slug":"prefeitura-exibe-filme-down-quixote-com-elenco-100-composto-por-atores-com-sindrome-de-down","status":"publish","type":"post","link":"https:\/\/regiaonews.net.br\/2022\/2024\/03\/21\/prefeitura-exibe-filme-down-quixote-com-elenco-100-composto-por-atores-com-sindrome-de-down\/","title":{"rendered":"Prefeitura exibe filme \u201cDown Quixote\u201d, com elenco 100% composto por atores com S\u00edndrome de Down"},"content":{"rendered":"<p>Sess\u00e3o ser\u00e1 seguida de um bate-papo com o escritor e diretor, Leonardo Cortez<\/p>\n<p>Em meio \u00e0s a\u00e7\u00f5es de comemora\u00e7\u00e3o ao Dia Internacional da S\u00edndrome de Down, a Est\u00e2ncia Tur\u00edstica de Barretos exibe o filme \u201cDown Quixote\u201d nesta sexta-feira, 22, \u00e0s 19h, no Centro Cultural \u201cOs\u00f3rio Falleiros da Rocha\u201d \u2013 Teatro Cine Barretos. O longa-metragem \u00e9 o primeiro filme brasileiro com elenco 100% composto por atores com S\u00edndrome de Down.<br \/>\n\u201cDown Quixote\u201d recria a cl\u00e1ssica hist\u00f3ria de Cervantes na imagina\u00e7\u00e3o de Diogo Junqueira. Confinado em Tiradentes (MG) por conta da pandemia de Covid-19, o personagem preenche seus dias decorando uma adapta\u00e7\u00e3o de Dom Quixote. O enredo traz discuss\u00f5es sociais e de inclus\u00e3o \u00e0 tona e faz refer\u00eancias a grandes obras liter\u00e1rias.<br \/>\nO evento, que tem o objetivo de conscientizar a popula\u00e7\u00e3o sobre a inclus\u00e3o e promover a visibilidade da pessoa com S\u00edndrome de Down, \u00e9 gratuito e ser\u00e1 seguido de um bate-papo com o escritor e diretor, Leonardo Cortez.<br \/>\nA a\u00e7\u00e3o \u00e9 realizada pela Prefeitura, por meio da Secretaria Municipal de Educa\u00e7\u00e3o (SME).<br \/>\nPiquenique<br \/>\nAs comemora\u00e7\u00f5es come\u00e7am \u00e0s 8h30, com um piquenique promovido pelo Setor de Inclus\u00e3o da SME. Na ocasi\u00e3o, alunos de diversas Unidades Escolares da Rede Municipal de Ensino, da Associa\u00e7\u00e3o de Pais e Amigos dos Excepcionais (Apae) e seus familiares se reunir\u00e3o na Pra\u00e7a Poeta Nidoval Reis, a Pracinha da Primavera, onde ser\u00e3o realizadas brincadeiras e uma s\u00e9rie de atividades dirigidas, com lanches para as crian\u00e7as e muita divers\u00e3o.<\/p>\n","protected":false},"excerpt":{"rendered":"<p>Sess\u00e3o ser\u00e1 seguida de um bate-papo com o escritor e<\/p>\n","protected":false},"author":2,"featured_media":102691,"comment_status":"open","ping_status":"open","sticky":false,"template":"","format":"standard","meta":{"footnotes":""},"categories":[14,25],"tags":[],"class_list":["post-102690","post","type-post","status-publish","format-standard","has-post-thumbnail","hentry","category-barretos","category-cidades"],"yoast_head":"<!-- This site is optimized with the Yoast SEO plugin v27.4 - https:\/\/yoast.com\/product\/yoast-seo-wordpress\/ -->\n<title>Prefeitura exibe filme \u201cDown Quixote\u201d, com elenco 100% composto por atores com S\u00edndrome de Down - Regi\u00e3o News<\/title>\n<meta name=\"robots\" content=\"index, follow, max-snippet:-1, max-image-preview:large, max-video-preview:-1\" \/>\n<link rel=\"canonical\" href=\"https:\/\/regiaonews.net.br\/2022\/2024\/03\/21\/prefeitura-exibe-filme-down-quixote-com-elenco-100-composto-por-atores-com-sindrome-de-down\/\" \/>\n<meta property=\"og:locale\" content=\"pt_BR\" \/>\n<meta property=\"og:type\" content=\"article\" \/>\n<meta property=\"og:title\" content=\"Prefeitura exibe filme \u201cDown Quixote\u201d, com elenco 100% composto por atores com S\u00edndrome de Down - Regi\u00e3o News\" \/>\n<meta property=\"og:description\" content=\"Sess\u00e3o ser\u00e1 seguida de um bate-papo com o escritor e\" \/>\n<meta property=\"og:url\" content=\"https:\/\/regiaonews.net.br\/2022\/2024\/03\/21\/prefeitura-exibe-filme-down-quixote-com-elenco-100-composto-por-atores-com-sindrome-de-down\/\" \/>\n<meta property=\"og:site_name\" content=\"Regi\u00e3o News\" \/>\n<meta property=\"article:published_time\" content=\"2024-03-21T22:41:02+00:00\" \/>\n<meta property=\"og:image\" content=\"https:\/\/regiaonews.net.br\/2022\/wp-content\/uploads\/2024\/03\/WhatsApp-Image-2024-03-21-at-16.26.45.jpeg\" \/>\n\t<meta property=\"og:image:width\" content=\"1564\" \/>\n\t<meta property=\"og:image:height\" content=\"1564\" \/>\n\t<meta property=\"og:image:type\" content=\"image\/jpeg\" \/>\n<meta name=\"author\" content=\"Roberto\" \/>\n<meta name=\"twitter:card\" content=\"summary_large_image\" \/>\n<meta name=\"twitter:label1\" content=\"Escrito por\" \/>\n\t<meta name=\"twitter:data1\" content=\"Roberto\" \/>\n\t<meta name=\"twitter:label2\" content=\"Est. tempo de leitura\" \/>\n\t<meta name=\"twitter:data2\" content=\"2 minutos\" \/>\n<script type=\"application\/ld+json\" class=\"yoast-schema-graph\">{\"@context\":\"https:\\\/\\\/schema.org\",\"@graph\":[{\"@type\":\"Article\",\"@id\":\"https:\\\/\\\/regiaonews.net.br\\\/2022\\\/2024\\\/03\\\/21\\\/prefeitura-exibe-filme-down-quixote-com-elenco-100-composto-por-atores-com-sindrome-de-down\\\/#article\",\"isPartOf\":{\"@id\":\"https:\\\/\\\/regiaonews.net.br\\\/2022\\\/2024\\\/03\\\/21\\\/prefeitura-exibe-filme-down-quixote-com-elenco-100-composto-por-atores-com-sindrome-de-down\\\/\"},\"author\":{\"name\":\"Roberto\",\"@id\":\"https:\\\/\\\/regiaonews.net.br\\\/2022\\\/#\\\/schema\\\/person\\\/2d205a608a5aa97ac279d7a5e6d89ad8\"},\"headline\":\"Prefeitura exibe filme \u201cDown Quixote\u201d, com elenco 100% composto por atores com S\u00edndrome de Down\",\"datePublished\":\"2024-03-21T22:41:02+00:00\",\"mainEntityOfPage\":{\"@id\":\"https:\\\/\\\/regiaonews.net.br\\\/2022\\\/2024\\\/03\\\/21\\\/prefeitura-exibe-filme-down-quixote-com-elenco-100-composto-por-atores-com-sindrome-de-down\\\/\"},\"wordCount\":281,\"commentCount\":0,\"publisher\":{\"@id\":\"https:\\\/\\\/regiaonews.net.br\\\/2022\\\/#organization\"},\"image\":{\"@id\":\"https:\\\/\\\/regiaonews.net.br\\\/2022\\\/2024\\\/03\\\/21\\\/prefeitura-exibe-filme-down-quixote-com-elenco-100-composto-por-atores-com-sindrome-de-down\\\/#primaryimage\"},\"thumbnailUrl\":\"https:\\\/\\\/regiaonews.net.br\\\/2022\\\/wp-content\\\/uploads\\\/2024\\\/03\\\/WhatsApp-Image-2024-03-21-at-16.26.45.jpeg\",\"articleSection\":[\"Barretos\",\"Cidades\"],\"inLanguage\":\"pt-BR\",\"potentialAction\":[{\"@type\":\"CommentAction\",\"name\":\"Comment\",\"target\":[\"https:\\\/\\\/regiaonews.net.br\\\/2022\\\/2024\\\/03\\\/21\\\/prefeitura-exibe-filme-down-quixote-com-elenco-100-composto-por-atores-com-sindrome-de-down\\\/#respond\"]}]},{\"@type\":\"WebPage\",\"@id\":\"https:\\\/\\\/regiaonews.net.br\\\/2022\\\/2024\\\/03\\\/21\\\/prefeitura-exibe-filme-down-quixote-com-elenco-100-composto-por-atores-com-sindrome-de-down\\\/\",\"url\":\"https:\\\/\\\/regiaonews.net.br\\\/2022\\\/2024\\\/03\\\/21\\\/prefeitura-exibe-filme-down-quixote-com-elenco-100-composto-por-atores-com-sindrome-de-down\\\/\",\"name\":\"Prefeitura exibe filme \u201cDown Quixote\u201d, com elenco 100% composto por atores com S\u00edndrome de Down - Regi\u00e3o News\",\"isPartOf\":{\"@id\":\"https:\\\/\\\/regiaonews.net.br\\\/2022\\\/#website\"},\"primaryImageOfPage\":{\"@id\":\"https:\\\/\\\/regiaonews.net.br\\\/2022\\\/2024\\\/03\\\/21\\\/prefeitura-exibe-filme-down-quixote-com-elenco-100-composto-por-atores-com-sindrome-de-down\\\/#primaryimage\"},\"image\":{\"@id\":\"https:\\\/\\\/regiaonews.net.br\\\/2022\\\/2024\\\/03\\\/21\\\/prefeitura-exibe-filme-down-quixote-com-elenco-100-composto-por-atores-com-sindrome-de-down\\\/#primaryimage\"},\"thumbnailUrl\":\"https:\\\/\\\/regiaonews.net.br\\\/2022\\\/wp-content\\\/uploads\\\/2024\\\/03\\\/WhatsApp-Image-2024-03-21-at-16.26.45.jpeg\",\"datePublished\":\"2024-03-21T22:41:02+00:00\",\"breadcrumb\":{\"@id\":\"https:\\\/\\\/regiaonews.net.br\\\/2022\\\/2024\\\/03\\\/21\\\/prefeitura-exibe-filme-down-quixote-com-elenco-100-composto-por-atores-com-sindrome-de-down\\\/#breadcrumb\"},\"inLanguage\":\"pt-BR\",\"potentialAction\":[{\"@type\":\"ReadAction\",\"target\":[\"https:\\\/\\\/regiaonews.net.br\\\/2022\\\/2024\\\/03\\\/21\\\/prefeitura-exibe-filme-down-quixote-com-elenco-100-composto-por-atores-com-sindrome-de-down\\\/\"]}]},{\"@type\":\"ImageObject\",\"inLanguage\":\"pt-BR\",\"@id\":\"https:\\\/\\\/regiaonews.net.br\\\/2022\\\/2024\\\/03\\\/21\\\/prefeitura-exibe-filme-down-quixote-com-elenco-100-composto-por-atores-com-sindrome-de-down\\\/#primaryimage\",\"url\":\"https:\\\/\\\/regiaonews.net.br\\\/2022\\\/wp-content\\\/uploads\\\/2024\\\/03\\\/WhatsApp-Image-2024-03-21-at-16.26.45.jpeg\",\"contentUrl\":\"https:\\\/\\\/regiaonews.net.br\\\/2022\\\/wp-content\\\/uploads\\\/2024\\\/03\\\/WhatsApp-Image-2024-03-21-at-16.26.45.jpeg\",\"width\":1564,\"height\":1564},{\"@type\":\"BreadcrumbList\",\"@id\":\"https:\\\/\\\/regiaonews.net.br\\\/2022\\\/2024\\\/03\\\/21\\\/prefeitura-exibe-filme-down-quixote-com-elenco-100-composto-por-atores-com-sindrome-de-down\\\/#breadcrumb\",\"itemListElement\":[{\"@type\":\"ListItem\",\"position\":1,\"name\":\"In\u00edcio\",\"item\":\"https:\\\/\\\/regiaonews.net.br\\\/2022\\\/\"},{\"@type\":\"ListItem\",\"position\":2,\"name\":\"Prefeitura exibe filme \u201cDown Quixote\u201d, com elenco 100% composto por atores com S\u00edndrome de Down\"}]},{\"@type\":\"WebSite\",\"@id\":\"https:\\\/\\\/regiaonews.net.br\\\/2022\\\/#website\",\"url\":\"https:\\\/\\\/regiaonews.net.br\\\/2022\\\/\",\"name\":\"Regi\u00e3o News\",\"description\":\"Site de Not\u00edcias de Barretos e regi\u00e3o\",\"publisher\":{\"@id\":\"https:\\\/\\\/regiaonews.net.br\\\/2022\\\/#organization\"},\"potentialAction\":[{\"@type\":\"SearchAction\",\"target\":{\"@type\":\"EntryPoint\",\"urlTemplate\":\"https:\\\/\\\/regiaonews.net.br\\\/2022\\\/?s={search_term_string}\"},\"query-input\":{\"@type\":\"PropertyValueSpecification\",\"valueRequired\":true,\"valueName\":\"search_term_string\"}}],\"inLanguage\":\"pt-BR\"},{\"@type\":\"Organization\",\"@id\":\"https:\\\/\\\/regiaonews.net.br\\\/2022\\\/#organization\",\"name\":\"Regi\u00e3o News\",\"url\":\"https:\\\/\\\/regiaonews.net.br\\\/2022\\\/\",\"logo\":{\"@type\":\"ImageObject\",\"inLanguage\":\"pt-BR\",\"@id\":\"https:\\\/\\\/regiaonews.net.br\\\/2022\\\/#\\\/schema\\\/logo\\\/image\\\/\",\"url\":\"https:\\\/\\\/regiaonews.net.br\\\/2022\\\/wp-content\\\/uploads\\\/2026\\\/03\\\/regiao-13-anos-scaled.jpg\",\"contentUrl\":\"https:\\\/\\\/regiaonews.net.br\\\/2022\\\/wp-content\\\/uploads\\\/2026\\\/03\\\/regiao-13-anos-scaled.jpg\",\"width\":2560,\"height\":635,\"caption\":\"Regi\u00e3o News\"},\"image\":{\"@id\":\"https:\\\/\\\/regiaonews.net.br\\\/2022\\\/#\\\/schema\\\/logo\\\/image\\\/\"}},{\"@type\":\"Person\",\"@id\":\"https:\\\/\\\/regiaonews.net.br\\\/2022\\\/#\\\/schema\\\/person\\\/2d205a608a5aa97ac279d7a5e6d89ad8\",\"name\":\"Roberto\",\"image\":{\"@type\":\"ImageObject\",\"inLanguage\":\"pt-BR\",\"@id\":\"https:\\\/\\\/secure.gravatar.com\\\/avatar\\\/42749d8b712ff9d59ca93dc150494e5b55a44134482993f5baeb97e61b7ecc89?s=96&d=mm&r=g\",\"url\":\"https:\\\/\\\/secure.gravatar.com\\\/avatar\\\/42749d8b712ff9d59ca93dc150494e5b55a44134482993f5baeb97e61b7ecc89?s=96&d=mm&r=g\",\"contentUrl\":\"https:\\\/\\\/secure.gravatar.com\\\/avatar\\\/42749d8b712ff9d59ca93dc150494e5b55a44134482993f5baeb97e61b7ecc89?s=96&d=mm&r=g\",\"caption\":\"Roberto\"},\"url\":\"https:\\\/\\\/regiaonews.net.br\\\/2022\\\/author\\\/roberto\\\/\"}]}<\/script>\n<!-- \/ Yoast SEO plugin. -->","yoast_head_json":{"title":"Prefeitura exibe filme \u201cDown Quixote\u201d, com elenco 100% composto por atores com S\u00edndrome de Down - Regi\u00e3o News","robots":{"index":"index","follow":"follow","max-snippet":"max-snippet:-1","max-image-preview":"max-image-preview:large","max-video-preview":"max-video-preview:-1"},"canonical":"https:\/\/regiaonews.net.br\/2022\/2024\/03\/21\/prefeitura-exibe-filme-down-quixote-com-elenco-100-composto-por-atores-com-sindrome-de-down\/","og_locale":"pt_BR","og_type":"article","og_title":"Prefeitura exibe filme \u201cDown Quixote\u201d, com elenco 100% composto por atores com S\u00edndrome de Down - Regi\u00e3o News","og_description":"Sess\u00e3o ser\u00e1 seguida de um bate-papo com o escritor e","og_url":"https:\/\/regiaonews.net.br\/2022\/2024\/03\/21\/prefeitura-exibe-filme-down-quixote-com-elenco-100-composto-por-atores-com-sindrome-de-down\/","og_site_name":"Regi\u00e3o News","article_published_time":"2024-03-21T22:41:02+00:00","og_image":[{"width":1564,"height":1564,"url":"https:\/\/regiaonews.net.br\/2022\/wp-content\/uploads\/2024\/03\/WhatsApp-Image-2024-03-21-at-16.26.45.jpeg","type":"image\/jpeg"}],"author":"Roberto","twitter_card":"summary_large_image","twitter_misc":{"Escrito por":"Roberto","Est. tempo de leitura":"2 minutos"},"schema":{"@context":"https:\/\/schema.org","@graph":[{"@type":"Article","@id":"https:\/\/regiaonews.net.br\/2022\/2024\/03\/21\/prefeitura-exibe-filme-down-quixote-com-elenco-100-composto-por-atores-com-sindrome-de-down\/#article","isPartOf":{"@id":"https:\/\/regiaonews.net.br\/2022\/2024\/03\/21\/prefeitura-exibe-filme-down-quixote-com-elenco-100-composto-por-atores-com-sindrome-de-down\/"},"author":{"name":"Roberto","@id":"https:\/\/regiaonews.net.br\/2022\/#\/schema\/person\/2d205a608a5aa97ac279d7a5e6d89ad8"},"headline":"Prefeitura exibe filme \u201cDown Quixote\u201d, com elenco 100% composto por atores com S\u00edndrome de Down","datePublished":"2024-03-21T22:41:02+00:00","mainEntityOfPage":{"@id":"https:\/\/regiaonews.net.br\/2022\/2024\/03\/21\/prefeitura-exibe-filme-down-quixote-com-elenco-100-composto-por-atores-com-sindrome-de-down\/"},"wordCount":281,"commentCount":0,"publisher":{"@id":"https:\/\/regiaonews.net.br\/2022\/#organization"},"image":{"@id":"https:\/\/regiaonews.net.br\/2022\/2024\/03\/21\/prefeitura-exibe-filme-down-quixote-com-elenco-100-composto-por-atores-com-sindrome-de-down\/#primaryimage"},"thumbnailUrl":"https:\/\/regiaonews.net.br\/2022\/wp-content\/uploads\/2024\/03\/WhatsApp-Image-2024-03-21-at-16.26.45.jpeg","articleSection":["Barretos","Cidades"],"inLanguage":"pt-BR","potentialAction":[{"@type":"CommentAction","name":"Comment","target":["https:\/\/regiaonews.net.br\/2022\/2024\/03\/21\/prefeitura-exibe-filme-down-quixote-com-elenco-100-composto-por-atores-com-sindrome-de-down\/#respond"]}]},{"@type":"WebPage","@id":"https:\/\/regiaonews.net.br\/2022\/2024\/03\/21\/prefeitura-exibe-filme-down-quixote-com-elenco-100-composto-por-atores-com-sindrome-de-down\/","url":"https:\/\/regiaonews.net.br\/2022\/2024\/03\/21\/prefeitura-exibe-filme-down-quixote-com-elenco-100-composto-por-atores-com-sindrome-de-down\/","name":"Prefeitura exibe filme \u201cDown Quixote\u201d, com elenco 100% composto por atores com S\u00edndrome de Down - Regi\u00e3o News","isPartOf":{"@id":"https:\/\/regiaonews.net.br\/2022\/#website"},"primaryImageOfPage":{"@id":"https:\/\/regiaonews.net.br\/2022\/2024\/03\/21\/prefeitura-exibe-filme-down-quixote-com-elenco-100-composto-por-atores-com-sindrome-de-down\/#primaryimage"},"image":{"@id":"https:\/\/regiaonews.net.br\/2022\/2024\/03\/21\/prefeitura-exibe-filme-down-quixote-com-elenco-100-composto-por-atores-com-sindrome-de-down\/#primaryimage"},"thumbnailUrl":"https:\/\/regiaonews.net.br\/2022\/wp-content\/uploads\/2024\/03\/WhatsApp-Image-2024-03-21-at-16.26.45.jpeg","datePublished":"2024-03-21T22:41:02+00:00","breadcrumb":{"@id":"https:\/\/regiaonews.net.br\/2022\/2024\/03\/21\/prefeitura-exibe-filme-down-quixote-com-elenco-100-composto-por-atores-com-sindrome-de-down\/#breadcrumb"},"inLanguage":"pt-BR","potentialAction":[{"@type":"ReadAction","target":["https:\/\/regiaonews.net.br\/2022\/2024\/03\/21\/prefeitura-exibe-filme-down-quixote-com-elenco-100-composto-por-atores-com-sindrome-de-down\/"]}]},{"@type":"ImageObject","inLanguage":"pt-BR","@id":"https:\/\/regiaonews.net.br\/2022\/2024\/03\/21\/prefeitura-exibe-filme-down-quixote-com-elenco-100-composto-por-atores-com-sindrome-de-down\/#primaryimage","url":"https:\/\/regiaonews.net.br\/2022\/wp-content\/uploads\/2024\/03\/WhatsApp-Image-2024-03-21-at-16.26.45.jpeg","contentUrl":"https:\/\/regiaonews.net.br\/2022\/wp-content\/uploads\/2024\/03\/WhatsApp-Image-2024-03-21-at-16.26.45.jpeg","width":1564,"height":1564},{"@type":"BreadcrumbList","@id":"https:\/\/regiaonews.net.br\/2022\/2024\/03\/21\/prefeitura-exibe-filme-down-quixote-com-elenco-100-composto-por-atores-com-sindrome-de-down\/#breadcrumb","itemListElement":[{"@type":"ListItem","position":1,"name":"In\u00edcio","item":"https:\/\/regiaonews.net.br\/2022\/"},{"@type":"ListItem","position":2,"name":"Prefeitura exibe filme \u201cDown Quixote\u201d, com elenco 100% composto por atores com S\u00edndrome de Down"}]},{"@type":"WebSite","@id":"https:\/\/regiaonews.net.br\/2022\/#website","url":"https:\/\/regiaonews.net.br\/2022\/","name":"Regi\u00e3o News","description":"Site de Not\u00edcias de Barretos e regi\u00e3o","publisher":{"@id":"https:\/\/regiaonews.net.br\/2022\/#organization"},"potentialAction":[{"@type":"SearchAction","target":{"@type":"EntryPoint","urlTemplate":"https:\/\/regiaonews.net.br\/2022\/?s={search_term_string}"},"query-input":{"@type":"PropertyValueSpecification","valueRequired":true,"valueName":"search_term_string"}}],"inLanguage":"pt-BR"},{"@type":"Organization","@id":"https:\/\/regiaonews.net.br\/2022\/#organization","name":"Regi\u00e3o News","url":"https:\/\/regiaonews.net.br\/2022\/","logo":{"@type":"ImageObject","inLanguage":"pt-BR","@id":"https:\/\/regiaonews.net.br\/2022\/#\/schema\/logo\/image\/","url":"https:\/\/regiaonews.net.br\/2022\/wp-content\/uploads\/2026\/03\/regiao-13-anos-scaled.jpg","contentUrl":"https:\/\/regiaonews.net.br\/2022\/wp-content\/uploads\/2026\/03\/regiao-13-anos-scaled.jpg","width":2560,"height":635,"caption":"Regi\u00e3o News"},"image":{"@id":"https:\/\/regiaonews.net.br\/2022\/#\/schema\/logo\/image\/"}},{"@type":"Person","@id":"https:\/\/regiaonews.net.br\/2022\/#\/schema\/person\/2d205a608a5aa97ac279d7a5e6d89ad8","name":"Roberto","image":{"@type":"ImageObject","inLanguage":"pt-BR","@id":"https:\/\/secure.gravatar.com\/avatar\/42749d8b712ff9d59ca93dc150494e5b55a44134482993f5baeb97e61b7ecc89?s=96&d=mm&r=g","url":"https:\/\/secure.gravatar.com\/avatar\/42749d8b712ff9d59ca93dc150494e5b55a44134482993f5baeb97e61b7ecc89?s=96&d=mm&r=g","contentUrl":"https:\/\/secure.gravatar.com\/avatar\/42749d8b712ff9d59ca93dc150494e5b55a44134482993f5baeb97e61b7ecc89?s=96&d=mm&r=g","caption":"Roberto"},"url":"https:\/\/regiaonews.net.br\/2022\/author\/roberto\/"}]}},"publishpress_future_action":{"enabled":false,"date":"2026-05-03 15:23:32","action":"change-status","newStatus":"draft","terms":[],"taxonomy":"category","extraData":[]},"publishpress_future_workflow_manual_trigger":{"enabledWorkflows":[]},"_links":{"self":[{"href":"https:\/\/regiaonews.net.br\/2022\/wp-json\/wp\/v2\/posts\/102690","targetHints":{"allow":["GET"]}}],"collection":[{"href":"https:\/\/regiaonews.net.br\/2022\/wp-json\/wp\/v2\/posts"}],"about":[{"href":"https:\/\/regiaonews.net.br\/2022\/wp-json\/wp\/v2\/types\/post"}],"author":[{"embeddable":true,"href":"https:\/\/regiaonews.net.br\/2022\/wp-json\/wp\/v2\/users\/2"}],"replies":[{"embeddable":true,"href":"https:\/\/regiaonews.net.br\/2022\/wp-json\/wp\/v2\/comments?post=102690"}],"version-history":[{"count":1,"href":"https:\/\/regiaonews.net.br\/2022\/wp-json\/wp\/v2\/posts\/102690\/revisions"}],"predecessor-version":[{"id":102692,"href":"https:\/\/regiaonews.net.br\/2022\/wp-json\/wp\/v2\/posts\/102690\/revisions\/102692"}],"wp:featuredmedia":[{"embeddable":true,"href":"https:\/\/regiaonews.net.br\/2022\/wp-json\/wp\/v2\/media\/102691"}],"wp:attachment":[{"href":"https:\/\/regiaonews.net.br\/2022\/wp-json\/wp\/v2\/media?parent=102690"}],"wp:term":[{"taxonomy":"category","embeddable":true,"href":"https:\/\/regiaonews.net.br\/2022\/wp-json\/wp\/v2\/categories?post=102690"},{"taxonomy":"post_tag","embeddable":true,"href":"https:\/\/regiaonews.net.br\/2022\/wp-json\/wp\/v2\/tags?post=102690"}],"curies":[{"name":"wp","href":"https:\/\/api.w.org\/{rel}","templated":true}]}}