{"id":102687,"date":"2024-03-21T19:35:38","date_gmt":"2024-03-21T22:35:38","guid":{"rendered":"https:\/\/regiaonews.net.br\/2022\/?p=102687"},"modified":"2024-03-21T19:35:38","modified_gmt":"2024-03-21T22:35:38","slug":"cartorio-eleitoral-realiza-recontagem-dos-votos-apos-vereadores-do-republicanos-perderem-o-mandato","status":"publish","type":"post","link":"https:\/\/regiaonews.net.br\/2022\/2024\/03\/21\/cartorio-eleitoral-realiza-recontagem-dos-votos-apos-vereadores-do-republicanos-perderem-o-mandato\/","title":{"rendered":"Cart\u00f3rio Eleitoral realiza recontagem dos votos ap\u00f3s vereadores do Republicanos perderem o mandato"},"content":{"rendered":"<p>Na manh\u00e3 de ontem, o Cart\u00f3rio Eleitoral de Barretos procedeu com a recontagem dos votos das Elei\u00e7\u00f5es de 2020, ap\u00f3s a <a href=\"https:\/\/www.noticiascolombiasp.com.br\/noticia\/3015\/vereadores-do-republicanos-tem-mandatos-cassados-pelo-tse.html\" target=\"_blank\" rel=\"noopener\"><b>perda de mandato dos quatro vereadores do partido Republicanos de Col\u00f4mbia<\/b><\/a>. Esta decis\u00e3o foi tomada pelo Tribunal Superior Eleitoral (TSE) devido \u00e0 constata\u00e7\u00e3o de candidaturas fict\u00edcias no partido.<\/p>\n<p>&nbsp;<\/p>\n<p>Os vereadores Aparecido Daniel Pimenta (conhecido como D\u00e1 Pimenta), Geraldo dos Reis (Geraldinho), Diogo Silva Zaggo e Ricardo Alves Palmeira (Ricardinho) foram destitu\u00eddos de seus mandatos pela decis\u00e3o do TSE, que identificou irregularidades na composi\u00e7\u00e3o da chapa em rela\u00e7\u00e3o \u00e0 cota de g\u00eanero. Como resultado, os suplentes n\u00e3o assumiram, tornando necess\u00e1ria a recontagem dos votos das \u00faltimas elei\u00e7\u00f5es municipais, visto que todos os votos do partido foram anulados.<\/p>\n<p>O partido Republicanos alegou ter interposto recurso contra a decis\u00e3o, tendo passado pela primeira e segunda inst\u00e2ncia. Sobre a alega\u00e7\u00e3o de poss\u00edvel fraude na cota de g\u00eanero, o partido afirmou que uma das candidatas, que obteve tr\u00eas votos, comprovou ter realizado campanha, al\u00e9m de ter prestado contas de suas despesas eleitorais.<\/p>\n<p>A lei das cotas de g\u00eanero garante 30% das candidaturas dos partidos para as mulheres, previsto na Lei das Elei\u00e7\u00f5es (artigo 10, par\u00e1grafo 3\u00ba da Lei n\u00ba 9.504\/97).<\/p>\n<p>Ap\u00f3s a recontagem, supervisionada pelo Juiz Eleitoral Dr. Luiz Antonio Dela Marta, os novos ocupantes das cadeiras na casa legislativa colombiense s\u00e3o Arnaldo Silvio Romani Junior, que recebeu 81 votos nas elei\u00e7\u00f5es, Kelli Cristina de Souza Zazenon, com 74 votos, Tatiana Togo Camilo, com 57 votos, e Wesley Rodrigues da Silva, que recebeu 49 votos nas \u00faltimas elei\u00e7\u00f5es.<\/p>\n<p>Da Pimenta estava em seu segundo mandato como vereador. Ele foi eleito, sendo o segundo mais votado, com 271 votos em seu primeiro mandato e 241 em seu segundo. Diogo Zaggo somou 100 votos na \u00faltima elei\u00e7\u00e3o, Ricardo Palmeira obteve 132 votos, enquanto Geraldo dos Reis calculou 167 votos.<\/p>\n<p>&nbsp;<\/p>\n<p><a href=\"https:\/\/www.noticiascolombiasp.com.br\/noticia\/3015\/vereadores-do-republicanos-tem-mandatos-cassados-pelo-tse.html\" target=\"_blank\" rel=\"noopener\"><b>Vereadores do Republicanos tem mandatos cassados pelo TSE<\/b><\/a><\/p>\n<p>&nbsp;<\/p>\n<div class=\"meta pull-left\"><span class=\"author\">\u00a0Portal Not\u00edcias Col\u00f4mbia SP\u00a0<\/span><\/div>\n<div class=\"pull-right\">\n<div class=\"social\"><\/div>\n<\/div>\n","protected":false},"excerpt":{"rendered":"<p>Na manh\u00e3 de ontem, o Cart\u00f3rio Eleitoral de Barretos procedeu<\/p>\n","protected":false},"author":2,"featured_media":102688,"comment_status":"open","ping_status":"open","sticky":false,"template":"","format":"standard","meta":{"footnotes":""},"categories":[6,22],"tags":[],"class_list":["post-102687","post","type-post","status-publish","format-standard","has-post-thumbnail","hentry","category-colombia","category-politica"],"yoast_head":"<!-- This site is optimized with the Yoast SEO plugin v27.4 - https:\/\/yoast.com\/product\/yoast-seo-wordpress\/ -->\n<title>Cart\u00f3rio Eleitoral realiza recontagem dos votos ap\u00f3s vereadores do Republicanos perderem o mandato - Regi\u00e3o News<\/title>\n<meta name=\"robots\" content=\"index, follow, max-snippet:-1, max-image-preview:large, max-video-preview:-1\" \/>\n<link rel=\"canonical\" href=\"https:\/\/regiaonews.net.br\/2022\/2024\/03\/21\/cartorio-eleitoral-realiza-recontagem-dos-votos-apos-vereadores-do-republicanos-perderem-o-mandato\/\" \/>\n<meta property=\"og:locale\" content=\"pt_BR\" \/>\n<meta property=\"og:type\" content=\"article\" \/>\n<meta property=\"og:title\" content=\"Cart\u00f3rio Eleitoral realiza recontagem dos votos ap\u00f3s vereadores do Republicanos perderem o mandato - Regi\u00e3o News\" \/>\n<meta property=\"og:description\" content=\"Na manh\u00e3 de ontem, o Cart\u00f3rio Eleitoral de Barretos procedeu\" \/>\n<meta property=\"og:url\" content=\"https:\/\/regiaonews.net.br\/2022\/2024\/03\/21\/cartorio-eleitoral-realiza-recontagem-dos-votos-apos-vereadores-do-republicanos-perderem-o-mandato\/\" \/>\n<meta property=\"og:site_name\" content=\"Regi\u00e3o News\" \/>\n<meta property=\"article:published_time\" content=\"2024-03-21T22:35:38+00:00\" \/>\n<meta property=\"og:image\" content=\"https:\/\/regiaonews.net.br\/2022\/wp-content\/uploads\/2024\/03\/3029_img-2801-jpg-scaled.jpg\" \/>\n\t<meta property=\"og:image:width\" content=\"2560\" \/>\n\t<meta property=\"og:image:height\" content=\"1920\" \/>\n\t<meta property=\"og:image:type\" content=\"image\/jpeg\" \/>\n<meta name=\"author\" content=\"Roberto\" \/>\n<meta name=\"twitter:card\" content=\"summary_large_image\" \/>\n<meta name=\"twitter:label1\" content=\"Escrito por\" \/>\n\t<meta name=\"twitter:data1\" content=\"Roberto\" \/>\n\t<meta name=\"twitter:label2\" content=\"Est. tempo de leitura\" \/>\n\t<meta name=\"twitter:data2\" content=\"2 minutos\" \/>\n<script type=\"application\/ld+json\" class=\"yoast-schema-graph\">{\"@context\":\"https:\\\/\\\/schema.org\",\"@graph\":[{\"@type\":\"Article\",\"@id\":\"https:\\\/\\\/regiaonews.net.br\\\/2022\\\/2024\\\/03\\\/21\\\/cartorio-eleitoral-realiza-recontagem-dos-votos-apos-vereadores-do-republicanos-perderem-o-mandato\\\/#article\",\"isPartOf\":{\"@id\":\"https:\\\/\\\/regiaonews.net.br\\\/2022\\\/2024\\\/03\\\/21\\\/cartorio-eleitoral-realiza-recontagem-dos-votos-apos-vereadores-do-republicanos-perderem-o-mandato\\\/\"},\"author\":{\"name\":\"Roberto\",\"@id\":\"https:\\\/\\\/regiaonews.net.br\\\/2022\\\/#\\\/schema\\\/person\\\/2d205a608a5aa97ac279d7a5e6d89ad8\"},\"headline\":\"Cart\u00f3rio Eleitoral realiza recontagem dos votos ap\u00f3s vereadores do Republicanos perderem o mandato\",\"datePublished\":\"2024-03-21T22:35:38+00:00\",\"mainEntityOfPage\":{\"@id\":\"https:\\\/\\\/regiaonews.net.br\\\/2022\\\/2024\\\/03\\\/21\\\/cartorio-eleitoral-realiza-recontagem-dos-votos-apos-vereadores-do-republicanos-perderem-o-mandato\\\/\"},\"wordCount\":349,\"commentCount\":0,\"publisher\":{\"@id\":\"https:\\\/\\\/regiaonews.net.br\\\/2022\\\/#organization\"},\"image\":{\"@id\":\"https:\\\/\\\/regiaonews.net.br\\\/2022\\\/2024\\\/03\\\/21\\\/cartorio-eleitoral-realiza-recontagem-dos-votos-apos-vereadores-do-republicanos-perderem-o-mandato\\\/#primaryimage\"},\"thumbnailUrl\":\"https:\\\/\\\/regiaonews.net.br\\\/2022\\\/wp-content\\\/uploads\\\/2024\\\/03\\\/3029_img-2801-jpg-scaled.jpg\",\"articleSection\":[\"Col\u00f4mbia\",\"Pol\u00edtica\"],\"inLanguage\":\"pt-BR\",\"potentialAction\":[{\"@type\":\"CommentAction\",\"name\":\"Comment\",\"target\":[\"https:\\\/\\\/regiaonews.net.br\\\/2022\\\/2024\\\/03\\\/21\\\/cartorio-eleitoral-realiza-recontagem-dos-votos-apos-vereadores-do-republicanos-perderem-o-mandato\\\/#respond\"]}]},{\"@type\":\"WebPage\",\"@id\":\"https:\\\/\\\/regiaonews.net.br\\\/2022\\\/2024\\\/03\\\/21\\\/cartorio-eleitoral-realiza-recontagem-dos-votos-apos-vereadores-do-republicanos-perderem-o-mandato\\\/\",\"url\":\"https:\\\/\\\/regiaonews.net.br\\\/2022\\\/2024\\\/03\\\/21\\\/cartorio-eleitoral-realiza-recontagem-dos-votos-apos-vereadores-do-republicanos-perderem-o-mandato\\\/\",\"name\":\"Cart\u00f3rio Eleitoral realiza recontagem dos votos ap\u00f3s vereadores do Republicanos perderem o mandato - Regi\u00e3o News\",\"isPartOf\":{\"@id\":\"https:\\\/\\\/regiaonews.net.br\\\/2022\\\/#website\"},\"primaryImageOfPage\":{\"@id\":\"https:\\\/\\\/regiaonews.net.br\\\/2022\\\/2024\\\/03\\\/21\\\/cartorio-eleitoral-realiza-recontagem-dos-votos-apos-vereadores-do-republicanos-perderem-o-mandato\\\/#primaryimage\"},\"image\":{\"@id\":\"https:\\\/\\\/regiaonews.net.br\\\/2022\\\/2024\\\/03\\\/21\\\/cartorio-eleitoral-realiza-recontagem-dos-votos-apos-vereadores-do-republicanos-perderem-o-mandato\\\/#primaryimage\"},\"thumbnailUrl\":\"https:\\\/\\\/regiaonews.net.br\\\/2022\\\/wp-content\\\/uploads\\\/2024\\\/03\\\/3029_img-2801-jpg-scaled.jpg\",\"datePublished\":\"2024-03-21T22:35:38+00:00\",\"breadcrumb\":{\"@id\":\"https:\\\/\\\/regiaonews.net.br\\\/2022\\\/2024\\\/03\\\/21\\\/cartorio-eleitoral-realiza-recontagem-dos-votos-apos-vereadores-do-republicanos-perderem-o-mandato\\\/#breadcrumb\"},\"inLanguage\":\"pt-BR\",\"potentialAction\":[{\"@type\":\"ReadAction\",\"target\":[\"https:\\\/\\\/regiaonews.net.br\\\/2022\\\/2024\\\/03\\\/21\\\/cartorio-eleitoral-realiza-recontagem-dos-votos-apos-vereadores-do-republicanos-perderem-o-mandato\\\/\"]}]},{\"@type\":\"ImageObject\",\"inLanguage\":\"pt-BR\",\"@id\":\"https:\\\/\\\/regiaonews.net.br\\\/2022\\\/2024\\\/03\\\/21\\\/cartorio-eleitoral-realiza-recontagem-dos-votos-apos-vereadores-do-republicanos-perderem-o-mandato\\\/#primaryimage\",\"url\":\"https:\\\/\\\/regiaonews.net.br\\\/2022\\\/wp-content\\\/uploads\\\/2024\\\/03\\\/3029_img-2801-jpg-scaled.jpg\",\"contentUrl\":\"https:\\\/\\\/regiaonews.net.br\\\/2022\\\/wp-content\\\/uploads\\\/2024\\\/03\\\/3029_img-2801-jpg-scaled.jpg\",\"width\":2560,\"height\":1920},{\"@type\":\"BreadcrumbList\",\"@id\":\"https:\\\/\\\/regiaonews.net.br\\\/2022\\\/2024\\\/03\\\/21\\\/cartorio-eleitoral-realiza-recontagem-dos-votos-apos-vereadores-do-republicanos-perderem-o-mandato\\\/#breadcrumb\",\"itemListElement\":[{\"@type\":\"ListItem\",\"position\":1,\"name\":\"In\u00edcio\",\"item\":\"https:\\\/\\\/regiaonews.net.br\\\/2022\\\/\"},{\"@type\":\"ListItem\",\"position\":2,\"name\":\"Cart\u00f3rio Eleitoral realiza recontagem dos votos ap\u00f3s vereadores do Republicanos perderem o mandato\"}]},{\"@type\":\"WebSite\",\"@id\":\"https:\\\/\\\/regiaonews.net.br\\\/2022\\\/#website\",\"url\":\"https:\\\/\\\/regiaonews.net.br\\\/2022\\\/\",\"name\":\"Regi\u00e3o News\",\"description\":\"Site de Not\u00edcias de Barretos e regi\u00e3o\",\"publisher\":{\"@id\":\"https:\\\/\\\/regiaonews.net.br\\\/2022\\\/#organization\"},\"potentialAction\":[{\"@type\":\"SearchAction\",\"target\":{\"@type\":\"EntryPoint\",\"urlTemplate\":\"https:\\\/\\\/regiaonews.net.br\\\/2022\\\/?s={search_term_string}\"},\"query-input\":{\"@type\":\"PropertyValueSpecification\",\"valueRequired\":true,\"valueName\":\"search_term_string\"}}],\"inLanguage\":\"pt-BR\"},{\"@type\":\"Organization\",\"@id\":\"https:\\\/\\\/regiaonews.net.br\\\/2022\\\/#organization\",\"name\":\"Regi\u00e3o News\",\"url\":\"https:\\\/\\\/regiaonews.net.br\\\/2022\\\/\",\"logo\":{\"@type\":\"ImageObject\",\"inLanguage\":\"pt-BR\",\"@id\":\"https:\\\/\\\/regiaonews.net.br\\\/2022\\\/#\\\/schema\\\/logo\\\/image\\\/\",\"url\":\"https:\\\/\\\/regiaonews.net.br\\\/2022\\\/wp-content\\\/uploads\\\/2026\\\/03\\\/regiao-13-anos-scaled.jpg\",\"contentUrl\":\"https:\\\/\\\/regiaonews.net.br\\\/2022\\\/wp-content\\\/uploads\\\/2026\\\/03\\\/regiao-13-anos-scaled.jpg\",\"width\":2560,\"height\":635,\"caption\":\"Regi\u00e3o News\"},\"image\":{\"@id\":\"https:\\\/\\\/regiaonews.net.br\\\/2022\\\/#\\\/schema\\\/logo\\\/image\\\/\"}},{\"@type\":\"Person\",\"@id\":\"https:\\\/\\\/regiaonews.net.br\\\/2022\\\/#\\\/schema\\\/person\\\/2d205a608a5aa97ac279d7a5e6d89ad8\",\"name\":\"Roberto\",\"image\":{\"@type\":\"ImageObject\",\"inLanguage\":\"pt-BR\",\"@id\":\"https:\\\/\\\/secure.gravatar.com\\\/avatar\\\/42749d8b712ff9d59ca93dc150494e5b55a44134482993f5baeb97e61b7ecc89?s=96&d=mm&r=g\",\"url\":\"https:\\\/\\\/secure.gravatar.com\\\/avatar\\\/42749d8b712ff9d59ca93dc150494e5b55a44134482993f5baeb97e61b7ecc89?s=96&d=mm&r=g\",\"contentUrl\":\"https:\\\/\\\/secure.gravatar.com\\\/avatar\\\/42749d8b712ff9d59ca93dc150494e5b55a44134482993f5baeb97e61b7ecc89?s=96&d=mm&r=g\",\"caption\":\"Roberto\"},\"url\":\"https:\\\/\\\/regiaonews.net.br\\\/2022\\\/author\\\/roberto\\\/\"}]}<\/script>\n<!-- \/ Yoast SEO plugin. -->","yoast_head_json":{"title":"Cart\u00f3rio Eleitoral realiza recontagem dos votos ap\u00f3s vereadores do Republicanos perderem o mandato - Regi\u00e3o News","robots":{"index":"index","follow":"follow","max-snippet":"max-snippet:-1","max-image-preview":"max-image-preview:large","max-video-preview":"max-video-preview:-1"},"canonical":"https:\/\/regiaonews.net.br\/2022\/2024\/03\/21\/cartorio-eleitoral-realiza-recontagem-dos-votos-apos-vereadores-do-republicanos-perderem-o-mandato\/","og_locale":"pt_BR","og_type":"article","og_title":"Cart\u00f3rio Eleitoral realiza recontagem dos votos ap\u00f3s vereadores do Republicanos perderem o mandato - Regi\u00e3o News","og_description":"Na manh\u00e3 de ontem, o Cart\u00f3rio Eleitoral de Barretos procedeu","og_url":"https:\/\/regiaonews.net.br\/2022\/2024\/03\/21\/cartorio-eleitoral-realiza-recontagem-dos-votos-apos-vereadores-do-republicanos-perderem-o-mandato\/","og_site_name":"Regi\u00e3o News","article_published_time":"2024-03-21T22:35:38+00:00","og_image":[{"width":2560,"height":1920,"url":"https:\/\/regiaonews.net.br\/2022\/wp-content\/uploads\/2024\/03\/3029_img-2801-jpg-scaled.jpg","type":"image\/jpeg"}],"author":"Roberto","twitter_card":"summary_large_image","twitter_misc":{"Escrito por":"Roberto","Est. tempo de leitura":"2 minutos"},"schema":{"@context":"https:\/\/schema.org","@graph":[{"@type":"Article","@id":"https:\/\/regiaonews.net.br\/2022\/2024\/03\/21\/cartorio-eleitoral-realiza-recontagem-dos-votos-apos-vereadores-do-republicanos-perderem-o-mandato\/#article","isPartOf":{"@id":"https:\/\/regiaonews.net.br\/2022\/2024\/03\/21\/cartorio-eleitoral-realiza-recontagem-dos-votos-apos-vereadores-do-republicanos-perderem-o-mandato\/"},"author":{"name":"Roberto","@id":"https:\/\/regiaonews.net.br\/2022\/#\/schema\/person\/2d205a608a5aa97ac279d7a5e6d89ad8"},"headline":"Cart\u00f3rio Eleitoral realiza recontagem dos votos ap\u00f3s vereadores do Republicanos perderem o mandato","datePublished":"2024-03-21T22:35:38+00:00","mainEntityOfPage":{"@id":"https:\/\/regiaonews.net.br\/2022\/2024\/03\/21\/cartorio-eleitoral-realiza-recontagem-dos-votos-apos-vereadores-do-republicanos-perderem-o-mandato\/"},"wordCount":349,"commentCount":0,"publisher":{"@id":"https:\/\/regiaonews.net.br\/2022\/#organization"},"image":{"@id":"https:\/\/regiaonews.net.br\/2022\/2024\/03\/21\/cartorio-eleitoral-realiza-recontagem-dos-votos-apos-vereadores-do-republicanos-perderem-o-mandato\/#primaryimage"},"thumbnailUrl":"https:\/\/regiaonews.net.br\/2022\/wp-content\/uploads\/2024\/03\/3029_img-2801-jpg-scaled.jpg","articleSection":["Col\u00f4mbia","Pol\u00edtica"],"inLanguage":"pt-BR","potentialAction":[{"@type":"CommentAction","name":"Comment","target":["https:\/\/regiaonews.net.br\/2022\/2024\/03\/21\/cartorio-eleitoral-realiza-recontagem-dos-votos-apos-vereadores-do-republicanos-perderem-o-mandato\/#respond"]}]},{"@type":"WebPage","@id":"https:\/\/regiaonews.net.br\/2022\/2024\/03\/21\/cartorio-eleitoral-realiza-recontagem-dos-votos-apos-vereadores-do-republicanos-perderem-o-mandato\/","url":"https:\/\/regiaonews.net.br\/2022\/2024\/03\/21\/cartorio-eleitoral-realiza-recontagem-dos-votos-apos-vereadores-do-republicanos-perderem-o-mandato\/","name":"Cart\u00f3rio Eleitoral realiza recontagem dos votos ap\u00f3s vereadores do Republicanos perderem o mandato - Regi\u00e3o News","isPartOf":{"@id":"https:\/\/regiaonews.net.br\/2022\/#website"},"primaryImageOfPage":{"@id":"https:\/\/regiaonews.net.br\/2022\/2024\/03\/21\/cartorio-eleitoral-realiza-recontagem-dos-votos-apos-vereadores-do-republicanos-perderem-o-mandato\/#primaryimage"},"image":{"@id":"https:\/\/regiaonews.net.br\/2022\/2024\/03\/21\/cartorio-eleitoral-realiza-recontagem-dos-votos-apos-vereadores-do-republicanos-perderem-o-mandato\/#primaryimage"},"thumbnailUrl":"https:\/\/regiaonews.net.br\/2022\/wp-content\/uploads\/2024\/03\/3029_img-2801-jpg-scaled.jpg","datePublished":"2024-03-21T22:35:38+00:00","breadcrumb":{"@id":"https:\/\/regiaonews.net.br\/2022\/2024\/03\/21\/cartorio-eleitoral-realiza-recontagem-dos-votos-apos-vereadores-do-republicanos-perderem-o-mandato\/#breadcrumb"},"inLanguage":"pt-BR","potentialAction":[{"@type":"ReadAction","target":["https:\/\/regiaonews.net.br\/2022\/2024\/03\/21\/cartorio-eleitoral-realiza-recontagem-dos-votos-apos-vereadores-do-republicanos-perderem-o-mandato\/"]}]},{"@type":"ImageObject","inLanguage":"pt-BR","@id":"https:\/\/regiaonews.net.br\/2022\/2024\/03\/21\/cartorio-eleitoral-realiza-recontagem-dos-votos-apos-vereadores-do-republicanos-perderem-o-mandato\/#primaryimage","url":"https:\/\/regiaonews.net.br\/2022\/wp-content\/uploads\/2024\/03\/3029_img-2801-jpg-scaled.jpg","contentUrl":"https:\/\/regiaonews.net.br\/2022\/wp-content\/uploads\/2024\/03\/3029_img-2801-jpg-scaled.jpg","width":2560,"height":1920},{"@type":"BreadcrumbList","@id":"https:\/\/regiaonews.net.br\/2022\/2024\/03\/21\/cartorio-eleitoral-realiza-recontagem-dos-votos-apos-vereadores-do-republicanos-perderem-o-mandato\/#breadcrumb","itemListElement":[{"@type":"ListItem","position":1,"name":"In\u00edcio","item":"https:\/\/regiaonews.net.br\/2022\/"},{"@type":"ListItem","position":2,"name":"Cart\u00f3rio Eleitoral realiza recontagem dos votos ap\u00f3s vereadores do Republicanos perderem o mandato"}]},{"@type":"WebSite","@id":"https:\/\/regiaonews.net.br\/2022\/#website","url":"https:\/\/regiaonews.net.br\/2022\/","name":"Regi\u00e3o News","description":"Site de Not\u00edcias de Barretos e regi\u00e3o","publisher":{"@id":"https:\/\/regiaonews.net.br\/2022\/#organization"},"potentialAction":[{"@type":"SearchAction","target":{"@type":"EntryPoint","urlTemplate":"https:\/\/regiaonews.net.br\/2022\/?s={search_term_string}"},"query-input":{"@type":"PropertyValueSpecification","valueRequired":true,"valueName":"search_term_string"}}],"inLanguage":"pt-BR"},{"@type":"Organization","@id":"https:\/\/regiaonews.net.br\/2022\/#organization","name":"Regi\u00e3o News","url":"https:\/\/regiaonews.net.br\/2022\/","logo":{"@type":"ImageObject","inLanguage":"pt-BR","@id":"https:\/\/regiaonews.net.br\/2022\/#\/schema\/logo\/image\/","url":"https:\/\/regiaonews.net.br\/2022\/wp-content\/uploads\/2026\/03\/regiao-13-anos-scaled.jpg","contentUrl":"https:\/\/regiaonews.net.br\/2022\/wp-content\/uploads\/2026\/03\/regiao-13-anos-scaled.jpg","width":2560,"height":635,"caption":"Regi\u00e3o News"},"image":{"@id":"https:\/\/regiaonews.net.br\/2022\/#\/schema\/logo\/image\/"}},{"@type":"Person","@id":"https:\/\/regiaonews.net.br\/2022\/#\/schema\/person\/2d205a608a5aa97ac279d7a5e6d89ad8","name":"Roberto","image":{"@type":"ImageObject","inLanguage":"pt-BR","@id":"https:\/\/secure.gravatar.com\/avatar\/42749d8b712ff9d59ca93dc150494e5b55a44134482993f5baeb97e61b7ecc89?s=96&d=mm&r=g","url":"https:\/\/secure.gravatar.com\/avatar\/42749d8b712ff9d59ca93dc150494e5b55a44134482993f5baeb97e61b7ecc89?s=96&d=mm&r=g","contentUrl":"https:\/\/secure.gravatar.com\/avatar\/42749d8b712ff9d59ca93dc150494e5b55a44134482993f5baeb97e61b7ecc89?s=96&d=mm&r=g","caption":"Roberto"},"url":"https:\/\/regiaonews.net.br\/2022\/author\/roberto\/"}]}},"publishpress_future_action":{"enabled":false,"date":"2026-05-03 13:54:05","action":"change-status","newStatus":"draft","terms":[],"taxonomy":"category","extraData":[]},"publishpress_future_workflow_manual_trigger":{"enabledWorkflows":[]},"_links":{"self":[{"href":"https:\/\/regiaonews.net.br\/2022\/wp-json\/wp\/v2\/posts\/102687","targetHints":{"allow":["GET"]}}],"collection":[{"href":"https:\/\/regiaonews.net.br\/2022\/wp-json\/wp\/v2\/posts"}],"about":[{"href":"https:\/\/regiaonews.net.br\/2022\/wp-json\/wp\/v2\/types\/post"}],"author":[{"embeddable":true,"href":"https:\/\/regiaonews.net.br\/2022\/wp-json\/wp\/v2\/users\/2"}],"replies":[{"embeddable":true,"href":"https:\/\/regiaonews.net.br\/2022\/wp-json\/wp\/v2\/comments?post=102687"}],"version-history":[{"count":1,"href":"https:\/\/regiaonews.net.br\/2022\/wp-json\/wp\/v2\/posts\/102687\/revisions"}],"predecessor-version":[{"id":102689,"href":"https:\/\/regiaonews.net.br\/2022\/wp-json\/wp\/v2\/posts\/102687\/revisions\/102689"}],"wp:featuredmedia":[{"embeddable":true,"href":"https:\/\/regiaonews.net.br\/2022\/wp-json\/wp\/v2\/media\/102688"}],"wp:attachment":[{"href":"https:\/\/regiaonews.net.br\/2022\/wp-json\/wp\/v2\/media?parent=102687"}],"wp:term":[{"taxonomy":"category","embeddable":true,"href":"https:\/\/regiaonews.net.br\/2022\/wp-json\/wp\/v2\/categories?post=102687"},{"taxonomy":"post_tag","embeddable":true,"href":"https:\/\/regiaonews.net.br\/2022\/wp-json\/wp\/v2\/tags?post=102687"}],"curies":[{"name":"wp","href":"https:\/\/api.w.org\/{rel}","templated":true}]}}