{"id":102681,"date":"2024-03-21T16:46:14","date_gmt":"2024-03-21T19:46:14","guid":{"rendered":"https:\/\/regiaonews.net.br\/2022\/?p=102681"},"modified":"2024-03-21T16:46:14","modified_gmt":"2024-03-21T19:46:14","slug":"lei-que-obriga-codigo-de-barras-em-placas-de-obras-publicas-e-sancionada","status":"publish","type":"post","link":"https:\/\/regiaonews.net.br\/2022\/2024\/03\/21\/lei-que-obriga-codigo-de-barras-em-placas-de-obras-publicas-e-sancionada\/","title":{"rendered":"Lei que obriga c\u00f3digo de barras em placas de obras p\u00fablicas \u00e9 sancionada."},"content":{"rendered":"<p>Foi sancionada a lei n\u00famero 6.843, de 19 de mar\u00e7o de 2024, de autoria do vereador Ricardo Bodinho (PP), que determina a obrigatoriedade de inser\u00e7\u00e3o de c\u00f3digo de barras nas placas de obras p\u00fablicas.\u00a0A lei, que entrar\u00e1 em vigor 60 dias ap\u00f3s sua publica\u00e7\u00e3o em 19 de mar\u00e7o, tem como objetivo proporcionar mais transpar\u00eancia e acesso \u00e0s informa\u00e7\u00f5es sobre as obras realizadas pelo poder p\u00fablico.<\/p>\n<p>De acordo com a nova legisla\u00e7\u00e3o, as placas de obras p\u00fablicas dever\u00e3o conter um QR Code que direcionar\u00e1 o cidad\u00e3o para a p\u00e1gina vinculada ao portal da transpar\u00eancia, onde estar\u00e3o dispon\u00edveis informa\u00e7\u00f5es completas e atualizadas sobre a obra.\u00a0Entre as informa\u00e7\u00f5es que devem constar no c\u00f3digo est\u00e3o o valor previsto da obra, o objeto, o nome das empresas executoras, o cronograma, os dados de previs\u00e3o da conclus\u00e3o e o nome do agente p\u00fablico respons\u00e1vel.<\/p>\n<p>Al\u00e9m disso, caso a obra n\u00e3o seja conclu\u00edda nos dados previstos, o c\u00f3digo dever\u00e1 ser atualizado com uma justificativa e os documentos que comprovem a causa do atraso.\u00a0As despesas com a inser\u00e7\u00e3o do QR Code ser\u00e3o de responsabilidade da empresa executora, enquanto a atualiza\u00e7\u00e3o das informa\u00e7\u00f5es no portal da transpar\u00eancia ficar\u00e1 a cargo do Poder P\u00fablico.<\/p>\n<p>\u201cCom a implementa\u00e7\u00e3o dessa nova medida, esperamos que haja maior controle e fiscaliza\u00e7\u00e3o por parte da sociedade em rela\u00e7\u00e3o \u00e0s obras p\u00fablicas, garantindo assim mais transpar\u00eancia e efici\u00eancia na utiliza\u00e7\u00e3o dos recursos p\u00fablicos\u201d, disse Bodinho.<\/p>\n","protected":false},"excerpt":{"rendered":"<p>Foi sancionada a lei n\u00famero 6.843, de 19 de mar\u00e7o<\/p>\n","protected":false},"author":2,"featured_media":102682,"comment_status":"open","ping_status":"open","sticky":false,"template":"","format":"standard","meta":{"footnotes":""},"categories":[14,3,1],"tags":[],"class_list":["post-102681","post","type-post","status-publish","format-standard","has-post-thumbnail","hentry","category-barretos","category-geral","category-indefinido"],"yoast_head":"<!-- This site is optimized with the Yoast SEO plugin v27.4 - https:\/\/yoast.com\/product\/yoast-seo-wordpress\/ -->\n<title>Lei que obriga c\u00f3digo de barras em placas de obras p\u00fablicas \u00e9 sancionada. - Regi\u00e3o News<\/title>\n<meta name=\"robots\" content=\"index, follow, max-snippet:-1, max-image-preview:large, max-video-preview:-1\" \/>\n<link rel=\"canonical\" href=\"https:\/\/regiaonews.net.br\/2022\/2024\/03\/21\/lei-que-obriga-codigo-de-barras-em-placas-de-obras-publicas-e-sancionada\/\" \/>\n<meta property=\"og:locale\" content=\"pt_BR\" \/>\n<meta property=\"og:type\" content=\"article\" \/>\n<meta property=\"og:title\" content=\"Lei que obriga c\u00f3digo de barras em placas de obras p\u00fablicas \u00e9 sancionada. - Regi\u00e3o News\" \/>\n<meta property=\"og:description\" content=\"Foi sancionada a lei n\u00famero 6.843, de 19 de mar\u00e7o\" \/>\n<meta property=\"og:url\" content=\"https:\/\/regiaonews.net.br\/2022\/2024\/03\/21\/lei-que-obriga-codigo-de-barras-em-placas-de-obras-publicas-e-sancionada\/\" \/>\n<meta property=\"og:site_name\" content=\"Regi\u00e3o News\" \/>\n<meta property=\"article:published_time\" content=\"2024-03-21T19:46:14+00:00\" \/>\n<meta property=\"og:image\" content=\"https:\/\/regiaonews.net.br\/2022\/wp-content\/uploads\/2024\/03\/Bodinho-24-scaled.jpg\" \/>\n\t<meta property=\"og:image:width\" content=\"2560\" \/>\n\t<meta property=\"og:image:height\" content=\"2560\" \/>\n\t<meta property=\"og:image:type\" content=\"image\/jpeg\" \/>\n<meta name=\"author\" content=\"Roberto\" \/>\n<meta name=\"twitter:card\" content=\"summary_large_image\" \/>\n<meta name=\"twitter:label1\" content=\"Escrito por\" \/>\n\t<meta name=\"twitter:data1\" content=\"Roberto\" \/>\n\t<meta name=\"twitter:label2\" content=\"Est. tempo de leitura\" \/>\n\t<meta name=\"twitter:data2\" content=\"2 minutos\" \/>\n<script type=\"application\/ld+json\" class=\"yoast-schema-graph\">{\"@context\":\"https:\\\/\\\/schema.org\",\"@graph\":[{\"@type\":\"Article\",\"@id\":\"https:\\\/\\\/regiaonews.net.br\\\/2022\\\/2024\\\/03\\\/21\\\/lei-que-obriga-codigo-de-barras-em-placas-de-obras-publicas-e-sancionada\\\/#article\",\"isPartOf\":{\"@id\":\"https:\\\/\\\/regiaonews.net.br\\\/2022\\\/2024\\\/03\\\/21\\\/lei-que-obriga-codigo-de-barras-em-placas-de-obras-publicas-e-sancionada\\\/\"},\"author\":{\"name\":\"Roberto\",\"@id\":\"https:\\\/\\\/regiaonews.net.br\\\/2022\\\/#\\\/schema\\\/person\\\/2d205a608a5aa97ac279d7a5e6d89ad8\"},\"headline\":\"Lei que obriga c\u00f3digo de barras em placas de obras p\u00fablicas \u00e9 sancionada.\",\"datePublished\":\"2024-03-21T19:46:14+00:00\",\"mainEntityOfPage\":{\"@id\":\"https:\\\/\\\/regiaonews.net.br\\\/2022\\\/2024\\\/03\\\/21\\\/lei-que-obriga-codigo-de-barras-em-placas-de-obras-publicas-e-sancionada\\\/\"},\"wordCount\":286,\"commentCount\":0,\"publisher\":{\"@id\":\"https:\\\/\\\/regiaonews.net.br\\\/2022\\\/#organization\"},\"image\":{\"@id\":\"https:\\\/\\\/regiaonews.net.br\\\/2022\\\/2024\\\/03\\\/21\\\/lei-que-obriga-codigo-de-barras-em-placas-de-obras-publicas-e-sancionada\\\/#primaryimage\"},\"thumbnailUrl\":\"https:\\\/\\\/regiaonews.net.br\\\/2022\\\/wp-content\\\/uploads\\\/2024\\\/03\\\/Bodinho-24-scaled.jpg\",\"articleSection\":[\"Barretos\",\"Geral\",\"Indefinido\"],\"inLanguage\":\"pt-BR\",\"potentialAction\":[{\"@type\":\"CommentAction\",\"name\":\"Comment\",\"target\":[\"https:\\\/\\\/regiaonews.net.br\\\/2022\\\/2024\\\/03\\\/21\\\/lei-que-obriga-codigo-de-barras-em-placas-de-obras-publicas-e-sancionada\\\/#respond\"]}]},{\"@type\":\"WebPage\",\"@id\":\"https:\\\/\\\/regiaonews.net.br\\\/2022\\\/2024\\\/03\\\/21\\\/lei-que-obriga-codigo-de-barras-em-placas-de-obras-publicas-e-sancionada\\\/\",\"url\":\"https:\\\/\\\/regiaonews.net.br\\\/2022\\\/2024\\\/03\\\/21\\\/lei-que-obriga-codigo-de-barras-em-placas-de-obras-publicas-e-sancionada\\\/\",\"name\":\"Lei que obriga c\u00f3digo de barras em placas de obras p\u00fablicas \u00e9 sancionada. - Regi\u00e3o News\",\"isPartOf\":{\"@id\":\"https:\\\/\\\/regiaonews.net.br\\\/2022\\\/#website\"},\"primaryImageOfPage\":{\"@id\":\"https:\\\/\\\/regiaonews.net.br\\\/2022\\\/2024\\\/03\\\/21\\\/lei-que-obriga-codigo-de-barras-em-placas-de-obras-publicas-e-sancionada\\\/#primaryimage\"},\"image\":{\"@id\":\"https:\\\/\\\/regiaonews.net.br\\\/2022\\\/2024\\\/03\\\/21\\\/lei-que-obriga-codigo-de-barras-em-placas-de-obras-publicas-e-sancionada\\\/#primaryimage\"},\"thumbnailUrl\":\"https:\\\/\\\/regiaonews.net.br\\\/2022\\\/wp-content\\\/uploads\\\/2024\\\/03\\\/Bodinho-24-scaled.jpg\",\"datePublished\":\"2024-03-21T19:46:14+00:00\",\"breadcrumb\":{\"@id\":\"https:\\\/\\\/regiaonews.net.br\\\/2022\\\/2024\\\/03\\\/21\\\/lei-que-obriga-codigo-de-barras-em-placas-de-obras-publicas-e-sancionada\\\/#breadcrumb\"},\"inLanguage\":\"pt-BR\",\"potentialAction\":[{\"@type\":\"ReadAction\",\"target\":[\"https:\\\/\\\/regiaonews.net.br\\\/2022\\\/2024\\\/03\\\/21\\\/lei-que-obriga-codigo-de-barras-em-placas-de-obras-publicas-e-sancionada\\\/\"]}]},{\"@type\":\"ImageObject\",\"inLanguage\":\"pt-BR\",\"@id\":\"https:\\\/\\\/regiaonews.net.br\\\/2022\\\/2024\\\/03\\\/21\\\/lei-que-obriga-codigo-de-barras-em-placas-de-obras-publicas-e-sancionada\\\/#primaryimage\",\"url\":\"https:\\\/\\\/regiaonews.net.br\\\/2022\\\/wp-content\\\/uploads\\\/2024\\\/03\\\/Bodinho-24-scaled.jpg\",\"contentUrl\":\"https:\\\/\\\/regiaonews.net.br\\\/2022\\\/wp-content\\\/uploads\\\/2024\\\/03\\\/Bodinho-24-scaled.jpg\",\"width\":2560,\"height\":2560},{\"@type\":\"BreadcrumbList\",\"@id\":\"https:\\\/\\\/regiaonews.net.br\\\/2022\\\/2024\\\/03\\\/21\\\/lei-que-obriga-codigo-de-barras-em-placas-de-obras-publicas-e-sancionada\\\/#breadcrumb\",\"itemListElement\":[{\"@type\":\"ListItem\",\"position\":1,\"name\":\"In\u00edcio\",\"item\":\"https:\\\/\\\/regiaonews.net.br\\\/2022\\\/\"},{\"@type\":\"ListItem\",\"position\":2,\"name\":\"Lei que obriga c\u00f3digo de barras em placas de obras p\u00fablicas \u00e9 sancionada.\"}]},{\"@type\":\"WebSite\",\"@id\":\"https:\\\/\\\/regiaonews.net.br\\\/2022\\\/#website\",\"url\":\"https:\\\/\\\/regiaonews.net.br\\\/2022\\\/\",\"name\":\"Regi\u00e3o News\",\"description\":\"Site de Not\u00edcias de Barretos e regi\u00e3o\",\"publisher\":{\"@id\":\"https:\\\/\\\/regiaonews.net.br\\\/2022\\\/#organization\"},\"potentialAction\":[{\"@type\":\"SearchAction\",\"target\":{\"@type\":\"EntryPoint\",\"urlTemplate\":\"https:\\\/\\\/regiaonews.net.br\\\/2022\\\/?s={search_term_string}\"},\"query-input\":{\"@type\":\"PropertyValueSpecification\",\"valueRequired\":true,\"valueName\":\"search_term_string\"}}],\"inLanguage\":\"pt-BR\"},{\"@type\":\"Organization\",\"@id\":\"https:\\\/\\\/regiaonews.net.br\\\/2022\\\/#organization\",\"name\":\"Regi\u00e3o News\",\"url\":\"https:\\\/\\\/regiaonews.net.br\\\/2022\\\/\",\"logo\":{\"@type\":\"ImageObject\",\"inLanguage\":\"pt-BR\",\"@id\":\"https:\\\/\\\/regiaonews.net.br\\\/2022\\\/#\\\/schema\\\/logo\\\/image\\\/\",\"url\":\"https:\\\/\\\/regiaonews.net.br\\\/2022\\\/wp-content\\\/uploads\\\/2026\\\/03\\\/regiao-13-anos-scaled.jpg\",\"contentUrl\":\"https:\\\/\\\/regiaonews.net.br\\\/2022\\\/wp-content\\\/uploads\\\/2026\\\/03\\\/regiao-13-anos-scaled.jpg\",\"width\":2560,\"height\":635,\"caption\":\"Regi\u00e3o News\"},\"image\":{\"@id\":\"https:\\\/\\\/regiaonews.net.br\\\/2022\\\/#\\\/schema\\\/logo\\\/image\\\/\"}},{\"@type\":\"Person\",\"@id\":\"https:\\\/\\\/regiaonews.net.br\\\/2022\\\/#\\\/schema\\\/person\\\/2d205a608a5aa97ac279d7a5e6d89ad8\",\"name\":\"Roberto\",\"image\":{\"@type\":\"ImageObject\",\"inLanguage\":\"pt-BR\",\"@id\":\"https:\\\/\\\/secure.gravatar.com\\\/avatar\\\/42749d8b712ff9d59ca93dc150494e5b55a44134482993f5baeb97e61b7ecc89?s=96&d=mm&r=g\",\"url\":\"https:\\\/\\\/secure.gravatar.com\\\/avatar\\\/42749d8b712ff9d59ca93dc150494e5b55a44134482993f5baeb97e61b7ecc89?s=96&d=mm&r=g\",\"contentUrl\":\"https:\\\/\\\/secure.gravatar.com\\\/avatar\\\/42749d8b712ff9d59ca93dc150494e5b55a44134482993f5baeb97e61b7ecc89?s=96&d=mm&r=g\",\"caption\":\"Roberto\"},\"url\":\"https:\\\/\\\/regiaonews.net.br\\\/2022\\\/author\\\/roberto\\\/\"}]}<\/script>\n<!-- \/ Yoast SEO plugin. -->","yoast_head_json":{"title":"Lei que obriga c\u00f3digo de barras em placas de obras p\u00fablicas \u00e9 sancionada. - Regi\u00e3o News","robots":{"index":"index","follow":"follow","max-snippet":"max-snippet:-1","max-image-preview":"max-image-preview:large","max-video-preview":"max-video-preview:-1"},"canonical":"https:\/\/regiaonews.net.br\/2022\/2024\/03\/21\/lei-que-obriga-codigo-de-barras-em-placas-de-obras-publicas-e-sancionada\/","og_locale":"pt_BR","og_type":"article","og_title":"Lei que obriga c\u00f3digo de barras em placas de obras p\u00fablicas \u00e9 sancionada. - Regi\u00e3o News","og_description":"Foi sancionada a lei n\u00famero 6.843, de 19 de mar\u00e7o","og_url":"https:\/\/regiaonews.net.br\/2022\/2024\/03\/21\/lei-que-obriga-codigo-de-barras-em-placas-de-obras-publicas-e-sancionada\/","og_site_name":"Regi\u00e3o News","article_published_time":"2024-03-21T19:46:14+00:00","og_image":[{"width":2560,"height":2560,"url":"https:\/\/regiaonews.net.br\/2022\/wp-content\/uploads\/2024\/03\/Bodinho-24-scaled.jpg","type":"image\/jpeg"}],"author":"Roberto","twitter_card":"summary_large_image","twitter_misc":{"Escrito por":"Roberto","Est. tempo de leitura":"2 minutos"},"schema":{"@context":"https:\/\/schema.org","@graph":[{"@type":"Article","@id":"https:\/\/regiaonews.net.br\/2022\/2024\/03\/21\/lei-que-obriga-codigo-de-barras-em-placas-de-obras-publicas-e-sancionada\/#article","isPartOf":{"@id":"https:\/\/regiaonews.net.br\/2022\/2024\/03\/21\/lei-que-obriga-codigo-de-barras-em-placas-de-obras-publicas-e-sancionada\/"},"author":{"name":"Roberto","@id":"https:\/\/regiaonews.net.br\/2022\/#\/schema\/person\/2d205a608a5aa97ac279d7a5e6d89ad8"},"headline":"Lei que obriga c\u00f3digo de barras em placas de obras p\u00fablicas \u00e9 sancionada.","datePublished":"2024-03-21T19:46:14+00:00","mainEntityOfPage":{"@id":"https:\/\/regiaonews.net.br\/2022\/2024\/03\/21\/lei-que-obriga-codigo-de-barras-em-placas-de-obras-publicas-e-sancionada\/"},"wordCount":286,"commentCount":0,"publisher":{"@id":"https:\/\/regiaonews.net.br\/2022\/#organization"},"image":{"@id":"https:\/\/regiaonews.net.br\/2022\/2024\/03\/21\/lei-que-obriga-codigo-de-barras-em-placas-de-obras-publicas-e-sancionada\/#primaryimage"},"thumbnailUrl":"https:\/\/regiaonews.net.br\/2022\/wp-content\/uploads\/2024\/03\/Bodinho-24-scaled.jpg","articleSection":["Barretos","Geral","Indefinido"],"inLanguage":"pt-BR","potentialAction":[{"@type":"CommentAction","name":"Comment","target":["https:\/\/regiaonews.net.br\/2022\/2024\/03\/21\/lei-que-obriga-codigo-de-barras-em-placas-de-obras-publicas-e-sancionada\/#respond"]}]},{"@type":"WebPage","@id":"https:\/\/regiaonews.net.br\/2022\/2024\/03\/21\/lei-que-obriga-codigo-de-barras-em-placas-de-obras-publicas-e-sancionada\/","url":"https:\/\/regiaonews.net.br\/2022\/2024\/03\/21\/lei-que-obriga-codigo-de-barras-em-placas-de-obras-publicas-e-sancionada\/","name":"Lei que obriga c\u00f3digo de barras em placas de obras p\u00fablicas \u00e9 sancionada. - Regi\u00e3o News","isPartOf":{"@id":"https:\/\/regiaonews.net.br\/2022\/#website"},"primaryImageOfPage":{"@id":"https:\/\/regiaonews.net.br\/2022\/2024\/03\/21\/lei-que-obriga-codigo-de-barras-em-placas-de-obras-publicas-e-sancionada\/#primaryimage"},"image":{"@id":"https:\/\/regiaonews.net.br\/2022\/2024\/03\/21\/lei-que-obriga-codigo-de-barras-em-placas-de-obras-publicas-e-sancionada\/#primaryimage"},"thumbnailUrl":"https:\/\/regiaonews.net.br\/2022\/wp-content\/uploads\/2024\/03\/Bodinho-24-scaled.jpg","datePublished":"2024-03-21T19:46:14+00:00","breadcrumb":{"@id":"https:\/\/regiaonews.net.br\/2022\/2024\/03\/21\/lei-que-obriga-codigo-de-barras-em-placas-de-obras-publicas-e-sancionada\/#breadcrumb"},"inLanguage":"pt-BR","potentialAction":[{"@type":"ReadAction","target":["https:\/\/regiaonews.net.br\/2022\/2024\/03\/21\/lei-que-obriga-codigo-de-barras-em-placas-de-obras-publicas-e-sancionada\/"]}]},{"@type":"ImageObject","inLanguage":"pt-BR","@id":"https:\/\/regiaonews.net.br\/2022\/2024\/03\/21\/lei-que-obriga-codigo-de-barras-em-placas-de-obras-publicas-e-sancionada\/#primaryimage","url":"https:\/\/regiaonews.net.br\/2022\/wp-content\/uploads\/2024\/03\/Bodinho-24-scaled.jpg","contentUrl":"https:\/\/regiaonews.net.br\/2022\/wp-content\/uploads\/2024\/03\/Bodinho-24-scaled.jpg","width":2560,"height":2560},{"@type":"BreadcrumbList","@id":"https:\/\/regiaonews.net.br\/2022\/2024\/03\/21\/lei-que-obriga-codigo-de-barras-em-placas-de-obras-publicas-e-sancionada\/#breadcrumb","itemListElement":[{"@type":"ListItem","position":1,"name":"In\u00edcio","item":"https:\/\/regiaonews.net.br\/2022\/"},{"@type":"ListItem","position":2,"name":"Lei que obriga c\u00f3digo de barras em placas de obras p\u00fablicas \u00e9 sancionada."}]},{"@type":"WebSite","@id":"https:\/\/regiaonews.net.br\/2022\/#website","url":"https:\/\/regiaonews.net.br\/2022\/","name":"Regi\u00e3o News","description":"Site de Not\u00edcias de Barretos e regi\u00e3o","publisher":{"@id":"https:\/\/regiaonews.net.br\/2022\/#organization"},"potentialAction":[{"@type":"SearchAction","target":{"@type":"EntryPoint","urlTemplate":"https:\/\/regiaonews.net.br\/2022\/?s={search_term_string}"},"query-input":{"@type":"PropertyValueSpecification","valueRequired":true,"valueName":"search_term_string"}}],"inLanguage":"pt-BR"},{"@type":"Organization","@id":"https:\/\/regiaonews.net.br\/2022\/#organization","name":"Regi\u00e3o News","url":"https:\/\/regiaonews.net.br\/2022\/","logo":{"@type":"ImageObject","inLanguage":"pt-BR","@id":"https:\/\/regiaonews.net.br\/2022\/#\/schema\/logo\/image\/","url":"https:\/\/regiaonews.net.br\/2022\/wp-content\/uploads\/2026\/03\/regiao-13-anos-scaled.jpg","contentUrl":"https:\/\/regiaonews.net.br\/2022\/wp-content\/uploads\/2026\/03\/regiao-13-anos-scaled.jpg","width":2560,"height":635,"caption":"Regi\u00e3o News"},"image":{"@id":"https:\/\/regiaonews.net.br\/2022\/#\/schema\/logo\/image\/"}},{"@type":"Person","@id":"https:\/\/regiaonews.net.br\/2022\/#\/schema\/person\/2d205a608a5aa97ac279d7a5e6d89ad8","name":"Roberto","image":{"@type":"ImageObject","inLanguage":"pt-BR","@id":"https:\/\/secure.gravatar.com\/avatar\/42749d8b712ff9d59ca93dc150494e5b55a44134482993f5baeb97e61b7ecc89?s=96&d=mm&r=g","url":"https:\/\/secure.gravatar.com\/avatar\/42749d8b712ff9d59ca93dc150494e5b55a44134482993f5baeb97e61b7ecc89?s=96&d=mm&r=g","contentUrl":"https:\/\/secure.gravatar.com\/avatar\/42749d8b712ff9d59ca93dc150494e5b55a44134482993f5baeb97e61b7ecc89?s=96&d=mm&r=g","caption":"Roberto"},"url":"https:\/\/regiaonews.net.br\/2022\/author\/roberto\/"}]}},"publishpress_future_action":{"enabled":false,"date":"2026-05-03 09:23:46","action":"change-status","newStatus":"draft","terms":[],"taxonomy":"category","extraData":[]},"publishpress_future_workflow_manual_trigger":{"enabledWorkflows":[]},"_links":{"self":[{"href":"https:\/\/regiaonews.net.br\/2022\/wp-json\/wp\/v2\/posts\/102681","targetHints":{"allow":["GET"]}}],"collection":[{"href":"https:\/\/regiaonews.net.br\/2022\/wp-json\/wp\/v2\/posts"}],"about":[{"href":"https:\/\/regiaonews.net.br\/2022\/wp-json\/wp\/v2\/types\/post"}],"author":[{"embeddable":true,"href":"https:\/\/regiaonews.net.br\/2022\/wp-json\/wp\/v2\/users\/2"}],"replies":[{"embeddable":true,"href":"https:\/\/regiaonews.net.br\/2022\/wp-json\/wp\/v2\/comments?post=102681"}],"version-history":[{"count":1,"href":"https:\/\/regiaonews.net.br\/2022\/wp-json\/wp\/v2\/posts\/102681\/revisions"}],"predecessor-version":[{"id":102684,"href":"https:\/\/regiaonews.net.br\/2022\/wp-json\/wp\/v2\/posts\/102681\/revisions\/102684"}],"wp:featuredmedia":[{"embeddable":true,"href":"https:\/\/regiaonews.net.br\/2022\/wp-json\/wp\/v2\/media\/102682"}],"wp:attachment":[{"href":"https:\/\/regiaonews.net.br\/2022\/wp-json\/wp\/v2\/media?parent=102681"}],"wp:term":[{"taxonomy":"category","embeddable":true,"href":"https:\/\/regiaonews.net.br\/2022\/wp-json\/wp\/v2\/categories?post=102681"},{"taxonomy":"post_tag","embeddable":true,"href":"https:\/\/regiaonews.net.br\/2022\/wp-json\/wp\/v2\/tags?post=102681"}],"curies":[{"name":"wp","href":"https:\/\/api.w.org\/{rel}","templated":true}]}}