{"id":102673,"date":"2024-03-21T14:42:15","date_gmt":"2024-03-21T17:42:15","guid":{"rendered":"https:\/\/regiaonews.net.br\/2022\/?p=102673"},"modified":"2024-03-21T14:43:05","modified_gmt":"2024-03-21T17:43:05","slug":"vecol-volkswagen-recebe-novo-lote-de-veiculos","status":"publish","type":"post","link":"https:\/\/regiaonews.net.br\/2022\/2024\/03\/21\/vecol-volkswagen-recebe-novo-lote-de-veiculos\/","title":{"rendered":"Vecol Volkswagen recebe novo lote de ve\u00edculos"},"content":{"rendered":"<p>As Concession\u00e1rias Vecol Volkswagen que tem unidades em 10 cidades do Estado de S\u00e3o Paulo realizam neste s\u00e1bado (23), das 9h \u00e0s 18h, mais uma\u00a0 promo\u00e7\u00e3o de vendas da Opera\u00e7\u00e3o Volkswagen com mais um lote de 78 ve\u00edculos liberados pela f\u00e1brica da Volkswagen. A promo\u00e7\u00e3o est\u00e1 acess\u00edvel nas ag\u00eancias de Piracicaba, Botucatu, S\u00e3o Manuel, Len\u00e7\u00f3is Paulista, Ja\u00fa, Ibitinga, Barretos, Colina, Bebedouro e Jaboticabal.<\/p>\n<p>Segundo o diretor do Grupo Vecol, Dario Monteiro , ap\u00f3s pedido feito a f\u00e1brica, o novo lote foi liberado para vendas para o Grupo Vecol. &#8220;Devido ao sucesso da Opera\u00e7\u00e3o de Vendas do final de semana, foram liberadas as 78 unidades com as mesmas condi\u00e7\u00f5es. Est\u00e3o mantidas as taxas de juros e a condi\u00e7\u00e3o da Vecol com 1 ano sem pagar nada e tendo ainda a melhor avalia\u00e7\u00e3o do seu usado. Venha conferir na Vecol, que \u00e9 a boa de neg\u00f3cio&#8221;, explicou Dario.<\/p>\n<p>&nbsp;<\/p>\n<p>Confira as informa\u00e7\u00f5es com Dario Monteiro<\/p>\n<div style=\"width: 640px;\" class=\"wp-video\"><video class=\"wp-video-shortcode\" id=\"video-102673-1\" width=\"640\" height=\"1138\" preload=\"metadata\" controls=\"controls\"><source type=\"video\/mp4\" src=\"https:\/\/regiaonews.net.br\/2022\/wp-content\/uploads\/2024\/03\/WhatsApp-Video-2024-03-21-at-12.42.53.mp4?_=1\" \/><a href=\"https:\/\/regiaonews.net.br\/2022\/wp-content\/uploads\/2024\/03\/WhatsApp-Video-2024-03-21-at-12.42.53.mp4\">https:\/\/regiaonews.net.br\/2022\/wp-content\/uploads\/2024\/03\/WhatsApp-Video-2024-03-21-at-12.42.53.mp4<\/a><\/video><\/div>\n","protected":false},"excerpt":{"rendered":"<p>As Concession\u00e1rias Vecol Volkswagen que tem unidades em 10 cidades<\/p>\n","protected":false},"author":2,"featured_media":102675,"comment_status":"open","ping_status":"open","sticky":false,"template":"","format":"standard","meta":{"footnotes":""},"categories":[14,7,1],"tags":[],"class_list":["post-102673","post","type-post","status-publish","format-standard","has-post-thumbnail","hentry","category-barretos","category-estado-de-sao-paulo","category-indefinido"],"yoast_head":"<!-- This site is optimized with the Yoast SEO plugin v27.4 - https:\/\/yoast.com\/product\/yoast-seo-wordpress\/ -->\n<title>Vecol Volkswagen recebe novo lote de ve\u00edculos - Regi\u00e3o News<\/title>\n<meta name=\"robots\" content=\"index, follow, max-snippet:-1, max-image-preview:large, max-video-preview:-1\" \/>\n<link rel=\"canonical\" href=\"https:\/\/regiaonews.net.br\/2022\/2024\/03\/21\/vecol-volkswagen-recebe-novo-lote-de-veiculos\/\" \/>\n<meta property=\"og:locale\" content=\"pt_BR\" \/>\n<meta property=\"og:type\" content=\"article\" \/>\n<meta property=\"og:title\" content=\"Vecol Volkswagen recebe novo lote de ve\u00edculos - Regi\u00e3o News\" \/>\n<meta property=\"og:description\" content=\"As Concession\u00e1rias Vecol Volkswagen que tem unidades em 10 cidades\" \/>\n<meta property=\"og:url\" content=\"https:\/\/regiaonews.net.br\/2022\/2024\/03\/21\/vecol-volkswagen-recebe-novo-lote-de-veiculos\/\" \/>\n<meta property=\"og:site_name\" content=\"Regi\u00e3o News\" \/>\n<meta property=\"article:published_time\" content=\"2024-03-21T17:42:15+00:00\" \/>\n<meta property=\"article:modified_time\" content=\"2024-03-21T17:43:05+00:00\" \/>\n<meta property=\"og:image\" content=\"https:\/\/regiaonews.net.br\/2022\/wp-content\/uploads\/2024\/03\/Screenshot_20240321-133643_WhatsApp.jpg\" \/>\n\t<meta property=\"og:image:width\" content=\"1065\" \/>\n\t<meta property=\"og:image:height\" content=\"1027\" \/>\n\t<meta property=\"og:image:type\" content=\"image\/jpeg\" \/>\n<meta name=\"author\" content=\"Roberto\" \/>\n<meta name=\"twitter:card\" content=\"summary_large_image\" \/>\n<meta name=\"twitter:label1\" content=\"Escrito por\" \/>\n\t<meta name=\"twitter:data1\" content=\"Roberto\" \/>\n\t<meta name=\"twitter:label2\" content=\"Est. tempo de leitura\" \/>\n\t<meta name=\"twitter:data2\" content=\"2 minutos\" \/>\n<script type=\"application\/ld+json\" class=\"yoast-schema-graph\">{\"@context\":\"https:\\\/\\\/schema.org\",\"@graph\":[{\"@type\":\"Article\",\"@id\":\"https:\\\/\\\/regiaonews.net.br\\\/2022\\\/2024\\\/03\\\/21\\\/vecol-volkswagen-recebe-novo-lote-de-veiculos\\\/#article\",\"isPartOf\":{\"@id\":\"https:\\\/\\\/regiaonews.net.br\\\/2022\\\/2024\\\/03\\\/21\\\/vecol-volkswagen-recebe-novo-lote-de-veiculos\\\/\"},\"author\":{\"name\":\"Roberto\",\"@id\":\"https:\\\/\\\/regiaonews.net.br\\\/2022\\\/#\\\/schema\\\/person\\\/2d205a608a5aa97ac279d7a5e6d89ad8\"},\"headline\":\"Vecol Volkswagen recebe novo lote de ve\u00edculos\",\"datePublished\":\"2024-03-21T17:42:15+00:00\",\"dateModified\":\"2024-03-21T17:43:05+00:00\",\"mainEntityOfPage\":{\"@id\":\"https:\\\/\\\/regiaonews.net.br\\\/2022\\\/2024\\\/03\\\/21\\\/vecol-volkswagen-recebe-novo-lote-de-veiculos\\\/\"},\"wordCount\":191,\"commentCount\":0,\"publisher\":{\"@id\":\"https:\\\/\\\/regiaonews.net.br\\\/2022\\\/#organization\"},\"image\":{\"@id\":\"https:\\\/\\\/regiaonews.net.br\\\/2022\\\/2024\\\/03\\\/21\\\/vecol-volkswagen-recebe-novo-lote-de-veiculos\\\/#primaryimage\"},\"thumbnailUrl\":\"https:\\\/\\\/regiaonews.net.br\\\/2022\\\/wp-content\\\/uploads\\\/2024\\\/03\\\/Screenshot_20240321-133643_WhatsApp.jpg\",\"articleSection\":[\"Barretos\",\"Estado de S\u00e3o Paulo\",\"Indefinido\"],\"inLanguage\":\"pt-BR\",\"potentialAction\":[{\"@type\":\"CommentAction\",\"name\":\"Comment\",\"target\":[\"https:\\\/\\\/regiaonews.net.br\\\/2022\\\/2024\\\/03\\\/21\\\/vecol-volkswagen-recebe-novo-lote-de-veiculos\\\/#respond\"]}]},{\"@type\":\"WebPage\",\"@id\":\"https:\\\/\\\/regiaonews.net.br\\\/2022\\\/2024\\\/03\\\/21\\\/vecol-volkswagen-recebe-novo-lote-de-veiculos\\\/\",\"url\":\"https:\\\/\\\/regiaonews.net.br\\\/2022\\\/2024\\\/03\\\/21\\\/vecol-volkswagen-recebe-novo-lote-de-veiculos\\\/\",\"name\":\"Vecol Volkswagen recebe novo lote de ve\u00edculos - Regi\u00e3o News\",\"isPartOf\":{\"@id\":\"https:\\\/\\\/regiaonews.net.br\\\/2022\\\/#website\"},\"primaryImageOfPage\":{\"@id\":\"https:\\\/\\\/regiaonews.net.br\\\/2022\\\/2024\\\/03\\\/21\\\/vecol-volkswagen-recebe-novo-lote-de-veiculos\\\/#primaryimage\"},\"image\":{\"@id\":\"https:\\\/\\\/regiaonews.net.br\\\/2022\\\/2024\\\/03\\\/21\\\/vecol-volkswagen-recebe-novo-lote-de-veiculos\\\/#primaryimage\"},\"thumbnailUrl\":\"https:\\\/\\\/regiaonews.net.br\\\/2022\\\/wp-content\\\/uploads\\\/2024\\\/03\\\/Screenshot_20240321-133643_WhatsApp.jpg\",\"datePublished\":\"2024-03-21T17:42:15+00:00\",\"dateModified\":\"2024-03-21T17:43:05+00:00\",\"breadcrumb\":{\"@id\":\"https:\\\/\\\/regiaonews.net.br\\\/2022\\\/2024\\\/03\\\/21\\\/vecol-volkswagen-recebe-novo-lote-de-veiculos\\\/#breadcrumb\"},\"inLanguage\":\"pt-BR\",\"potentialAction\":[{\"@type\":\"ReadAction\",\"target\":[\"https:\\\/\\\/regiaonews.net.br\\\/2022\\\/2024\\\/03\\\/21\\\/vecol-volkswagen-recebe-novo-lote-de-veiculos\\\/\"]}]},{\"@type\":\"ImageObject\",\"inLanguage\":\"pt-BR\",\"@id\":\"https:\\\/\\\/regiaonews.net.br\\\/2022\\\/2024\\\/03\\\/21\\\/vecol-volkswagen-recebe-novo-lote-de-veiculos\\\/#primaryimage\",\"url\":\"https:\\\/\\\/regiaonews.net.br\\\/2022\\\/wp-content\\\/uploads\\\/2024\\\/03\\\/Screenshot_20240321-133643_WhatsApp.jpg\",\"contentUrl\":\"https:\\\/\\\/regiaonews.net.br\\\/2022\\\/wp-content\\\/uploads\\\/2024\\\/03\\\/Screenshot_20240321-133643_WhatsApp.jpg\",\"width\":1065,\"height\":1027},{\"@type\":\"BreadcrumbList\",\"@id\":\"https:\\\/\\\/regiaonews.net.br\\\/2022\\\/2024\\\/03\\\/21\\\/vecol-volkswagen-recebe-novo-lote-de-veiculos\\\/#breadcrumb\",\"itemListElement\":[{\"@type\":\"ListItem\",\"position\":1,\"name\":\"In\u00edcio\",\"item\":\"https:\\\/\\\/regiaonews.net.br\\\/2022\\\/\"},{\"@type\":\"ListItem\",\"position\":2,\"name\":\"Vecol Volkswagen recebe novo lote de ve\u00edculos\"}]},{\"@type\":\"WebSite\",\"@id\":\"https:\\\/\\\/regiaonews.net.br\\\/2022\\\/#website\",\"url\":\"https:\\\/\\\/regiaonews.net.br\\\/2022\\\/\",\"name\":\"Regi\u00e3o News\",\"description\":\"Site de Not\u00edcias de Barretos e regi\u00e3o\",\"publisher\":{\"@id\":\"https:\\\/\\\/regiaonews.net.br\\\/2022\\\/#organization\"},\"potentialAction\":[{\"@type\":\"SearchAction\",\"target\":{\"@type\":\"EntryPoint\",\"urlTemplate\":\"https:\\\/\\\/regiaonews.net.br\\\/2022\\\/?s={search_term_string}\"},\"query-input\":{\"@type\":\"PropertyValueSpecification\",\"valueRequired\":true,\"valueName\":\"search_term_string\"}}],\"inLanguage\":\"pt-BR\"},{\"@type\":\"Organization\",\"@id\":\"https:\\\/\\\/regiaonews.net.br\\\/2022\\\/#organization\",\"name\":\"Regi\u00e3o News\",\"url\":\"https:\\\/\\\/regiaonews.net.br\\\/2022\\\/\",\"logo\":{\"@type\":\"ImageObject\",\"inLanguage\":\"pt-BR\",\"@id\":\"https:\\\/\\\/regiaonews.net.br\\\/2022\\\/#\\\/schema\\\/logo\\\/image\\\/\",\"url\":\"https:\\\/\\\/regiaonews.net.br\\\/2022\\\/wp-content\\\/uploads\\\/2026\\\/03\\\/regiao-13-anos-scaled.jpg\",\"contentUrl\":\"https:\\\/\\\/regiaonews.net.br\\\/2022\\\/wp-content\\\/uploads\\\/2026\\\/03\\\/regiao-13-anos-scaled.jpg\",\"width\":2560,\"height\":635,\"caption\":\"Regi\u00e3o News\"},\"image\":{\"@id\":\"https:\\\/\\\/regiaonews.net.br\\\/2022\\\/#\\\/schema\\\/logo\\\/image\\\/\"}},{\"@type\":\"Person\",\"@id\":\"https:\\\/\\\/regiaonews.net.br\\\/2022\\\/#\\\/schema\\\/person\\\/2d205a608a5aa97ac279d7a5e6d89ad8\",\"name\":\"Roberto\",\"image\":{\"@type\":\"ImageObject\",\"inLanguage\":\"pt-BR\",\"@id\":\"https:\\\/\\\/secure.gravatar.com\\\/avatar\\\/42749d8b712ff9d59ca93dc150494e5b55a44134482993f5baeb97e61b7ecc89?s=96&d=mm&r=g\",\"url\":\"https:\\\/\\\/secure.gravatar.com\\\/avatar\\\/42749d8b712ff9d59ca93dc150494e5b55a44134482993f5baeb97e61b7ecc89?s=96&d=mm&r=g\",\"contentUrl\":\"https:\\\/\\\/secure.gravatar.com\\\/avatar\\\/42749d8b712ff9d59ca93dc150494e5b55a44134482993f5baeb97e61b7ecc89?s=96&d=mm&r=g\",\"caption\":\"Roberto\"},\"url\":\"https:\\\/\\\/regiaonews.net.br\\\/2022\\\/author\\\/roberto\\\/\"}]}<\/script>\n<!-- \/ Yoast SEO plugin. -->","yoast_head_json":{"title":"Vecol Volkswagen recebe novo lote de ve\u00edculos - Regi\u00e3o News","robots":{"index":"index","follow":"follow","max-snippet":"max-snippet:-1","max-image-preview":"max-image-preview:large","max-video-preview":"max-video-preview:-1"},"canonical":"https:\/\/regiaonews.net.br\/2022\/2024\/03\/21\/vecol-volkswagen-recebe-novo-lote-de-veiculos\/","og_locale":"pt_BR","og_type":"article","og_title":"Vecol Volkswagen recebe novo lote de ve\u00edculos - Regi\u00e3o News","og_description":"As Concession\u00e1rias Vecol Volkswagen que tem unidades em 10 cidades","og_url":"https:\/\/regiaonews.net.br\/2022\/2024\/03\/21\/vecol-volkswagen-recebe-novo-lote-de-veiculos\/","og_site_name":"Regi\u00e3o News","article_published_time":"2024-03-21T17:42:15+00:00","article_modified_time":"2024-03-21T17:43:05+00:00","og_image":[{"width":1065,"height":1027,"url":"https:\/\/regiaonews.net.br\/2022\/wp-content\/uploads\/2024\/03\/Screenshot_20240321-133643_WhatsApp.jpg","type":"image\/jpeg"}],"author":"Roberto","twitter_card":"summary_large_image","twitter_misc":{"Escrito por":"Roberto","Est. tempo de leitura":"2 minutos"},"schema":{"@context":"https:\/\/schema.org","@graph":[{"@type":"Article","@id":"https:\/\/regiaonews.net.br\/2022\/2024\/03\/21\/vecol-volkswagen-recebe-novo-lote-de-veiculos\/#article","isPartOf":{"@id":"https:\/\/regiaonews.net.br\/2022\/2024\/03\/21\/vecol-volkswagen-recebe-novo-lote-de-veiculos\/"},"author":{"name":"Roberto","@id":"https:\/\/regiaonews.net.br\/2022\/#\/schema\/person\/2d205a608a5aa97ac279d7a5e6d89ad8"},"headline":"Vecol Volkswagen recebe novo lote de ve\u00edculos","datePublished":"2024-03-21T17:42:15+00:00","dateModified":"2024-03-21T17:43:05+00:00","mainEntityOfPage":{"@id":"https:\/\/regiaonews.net.br\/2022\/2024\/03\/21\/vecol-volkswagen-recebe-novo-lote-de-veiculos\/"},"wordCount":191,"commentCount":0,"publisher":{"@id":"https:\/\/regiaonews.net.br\/2022\/#organization"},"image":{"@id":"https:\/\/regiaonews.net.br\/2022\/2024\/03\/21\/vecol-volkswagen-recebe-novo-lote-de-veiculos\/#primaryimage"},"thumbnailUrl":"https:\/\/regiaonews.net.br\/2022\/wp-content\/uploads\/2024\/03\/Screenshot_20240321-133643_WhatsApp.jpg","articleSection":["Barretos","Estado de S\u00e3o Paulo","Indefinido"],"inLanguage":"pt-BR","potentialAction":[{"@type":"CommentAction","name":"Comment","target":["https:\/\/regiaonews.net.br\/2022\/2024\/03\/21\/vecol-volkswagen-recebe-novo-lote-de-veiculos\/#respond"]}]},{"@type":"WebPage","@id":"https:\/\/regiaonews.net.br\/2022\/2024\/03\/21\/vecol-volkswagen-recebe-novo-lote-de-veiculos\/","url":"https:\/\/regiaonews.net.br\/2022\/2024\/03\/21\/vecol-volkswagen-recebe-novo-lote-de-veiculos\/","name":"Vecol Volkswagen recebe novo lote de ve\u00edculos - Regi\u00e3o News","isPartOf":{"@id":"https:\/\/regiaonews.net.br\/2022\/#website"},"primaryImageOfPage":{"@id":"https:\/\/regiaonews.net.br\/2022\/2024\/03\/21\/vecol-volkswagen-recebe-novo-lote-de-veiculos\/#primaryimage"},"image":{"@id":"https:\/\/regiaonews.net.br\/2022\/2024\/03\/21\/vecol-volkswagen-recebe-novo-lote-de-veiculos\/#primaryimage"},"thumbnailUrl":"https:\/\/regiaonews.net.br\/2022\/wp-content\/uploads\/2024\/03\/Screenshot_20240321-133643_WhatsApp.jpg","datePublished":"2024-03-21T17:42:15+00:00","dateModified":"2024-03-21T17:43:05+00:00","breadcrumb":{"@id":"https:\/\/regiaonews.net.br\/2022\/2024\/03\/21\/vecol-volkswagen-recebe-novo-lote-de-veiculos\/#breadcrumb"},"inLanguage":"pt-BR","potentialAction":[{"@type":"ReadAction","target":["https:\/\/regiaonews.net.br\/2022\/2024\/03\/21\/vecol-volkswagen-recebe-novo-lote-de-veiculos\/"]}]},{"@type":"ImageObject","inLanguage":"pt-BR","@id":"https:\/\/regiaonews.net.br\/2022\/2024\/03\/21\/vecol-volkswagen-recebe-novo-lote-de-veiculos\/#primaryimage","url":"https:\/\/regiaonews.net.br\/2022\/wp-content\/uploads\/2024\/03\/Screenshot_20240321-133643_WhatsApp.jpg","contentUrl":"https:\/\/regiaonews.net.br\/2022\/wp-content\/uploads\/2024\/03\/Screenshot_20240321-133643_WhatsApp.jpg","width":1065,"height":1027},{"@type":"BreadcrumbList","@id":"https:\/\/regiaonews.net.br\/2022\/2024\/03\/21\/vecol-volkswagen-recebe-novo-lote-de-veiculos\/#breadcrumb","itemListElement":[{"@type":"ListItem","position":1,"name":"In\u00edcio","item":"https:\/\/regiaonews.net.br\/2022\/"},{"@type":"ListItem","position":2,"name":"Vecol Volkswagen recebe novo lote de ve\u00edculos"}]},{"@type":"WebSite","@id":"https:\/\/regiaonews.net.br\/2022\/#website","url":"https:\/\/regiaonews.net.br\/2022\/","name":"Regi\u00e3o News","description":"Site de Not\u00edcias de Barretos e regi\u00e3o","publisher":{"@id":"https:\/\/regiaonews.net.br\/2022\/#organization"},"potentialAction":[{"@type":"SearchAction","target":{"@type":"EntryPoint","urlTemplate":"https:\/\/regiaonews.net.br\/2022\/?s={search_term_string}"},"query-input":{"@type":"PropertyValueSpecification","valueRequired":true,"valueName":"search_term_string"}}],"inLanguage":"pt-BR"},{"@type":"Organization","@id":"https:\/\/regiaonews.net.br\/2022\/#organization","name":"Regi\u00e3o News","url":"https:\/\/regiaonews.net.br\/2022\/","logo":{"@type":"ImageObject","inLanguage":"pt-BR","@id":"https:\/\/regiaonews.net.br\/2022\/#\/schema\/logo\/image\/","url":"https:\/\/regiaonews.net.br\/2022\/wp-content\/uploads\/2026\/03\/regiao-13-anos-scaled.jpg","contentUrl":"https:\/\/regiaonews.net.br\/2022\/wp-content\/uploads\/2026\/03\/regiao-13-anos-scaled.jpg","width":2560,"height":635,"caption":"Regi\u00e3o News"},"image":{"@id":"https:\/\/regiaonews.net.br\/2022\/#\/schema\/logo\/image\/"}},{"@type":"Person","@id":"https:\/\/regiaonews.net.br\/2022\/#\/schema\/person\/2d205a608a5aa97ac279d7a5e6d89ad8","name":"Roberto","image":{"@type":"ImageObject","inLanguage":"pt-BR","@id":"https:\/\/secure.gravatar.com\/avatar\/42749d8b712ff9d59ca93dc150494e5b55a44134482993f5baeb97e61b7ecc89?s=96&d=mm&r=g","url":"https:\/\/secure.gravatar.com\/avatar\/42749d8b712ff9d59ca93dc150494e5b55a44134482993f5baeb97e61b7ecc89?s=96&d=mm&r=g","contentUrl":"https:\/\/secure.gravatar.com\/avatar\/42749d8b712ff9d59ca93dc150494e5b55a44134482993f5baeb97e61b7ecc89?s=96&d=mm&r=g","caption":"Roberto"},"url":"https:\/\/regiaonews.net.br\/2022\/author\/roberto\/"}]}},"publishpress_future_action":{"enabled":false,"date":"2026-05-03 07:54:05","action":"change-status","newStatus":"draft","terms":[],"taxonomy":"category","extraData":[]},"publishpress_future_workflow_manual_trigger":{"enabledWorkflows":[]},"_links":{"self":[{"href":"https:\/\/regiaonews.net.br\/2022\/wp-json\/wp\/v2\/posts\/102673","targetHints":{"allow":["GET"]}}],"collection":[{"href":"https:\/\/regiaonews.net.br\/2022\/wp-json\/wp\/v2\/posts"}],"about":[{"href":"https:\/\/regiaonews.net.br\/2022\/wp-json\/wp\/v2\/types\/post"}],"author":[{"embeddable":true,"href":"https:\/\/regiaonews.net.br\/2022\/wp-json\/wp\/v2\/users\/2"}],"replies":[{"embeddable":true,"href":"https:\/\/regiaonews.net.br\/2022\/wp-json\/wp\/v2\/comments?post=102673"}],"version-history":[{"count":1,"href":"https:\/\/regiaonews.net.br\/2022\/wp-json\/wp\/v2\/posts\/102673\/revisions"}],"predecessor-version":[{"id":102679,"href":"https:\/\/regiaonews.net.br\/2022\/wp-json\/wp\/v2\/posts\/102673\/revisions\/102679"}],"wp:featuredmedia":[{"embeddable":true,"href":"https:\/\/regiaonews.net.br\/2022\/wp-json\/wp\/v2\/media\/102675"}],"wp:attachment":[{"href":"https:\/\/regiaonews.net.br\/2022\/wp-json\/wp\/v2\/media?parent=102673"}],"wp:term":[{"taxonomy":"category","embeddable":true,"href":"https:\/\/regiaonews.net.br\/2022\/wp-json\/wp\/v2\/categories?post=102673"},{"taxonomy":"post_tag","embeddable":true,"href":"https:\/\/regiaonews.net.br\/2022\/wp-json\/wp\/v2\/tags?post=102673"}],"curies":[{"name":"wp","href":"https:\/\/api.w.org\/{rel}","templated":true}]}}