{"id":102591,"date":"2024-03-19T13:42:08","date_gmt":"2024-03-19T16:42:08","guid":{"rendered":"https:\/\/regiaonews.net.br\/2022\/?p=102591"},"modified":"2024-03-19T13:42:08","modified_gmt":"2024-03-19T16:42:08","slug":"curso-gratuito-de-soldador-inscricoes-ate-quarta-feira-dia-20","status":"publish","type":"post","link":"https:\/\/regiaonews.net.br\/2022\/2024\/03\/19\/curso-gratuito-de-soldador-inscricoes-ate-quarta-feira-dia-20\/","title":{"rendered":"Curso gratuito de soldador: inscri\u00e7\u00f5es at\u00e9 quarta-feira, dia 20"},"content":{"rendered":"<h3 style=\"text-align: center;\">Forma\u00e7\u00e3o \u00e9 oferecida em Barretos por meio do Programa Qualifica SP \u2013 Novo Emprego<\/h3>\n<p>Termina nesta quarta-feira, dia 20 de mar\u00e7o, o prazo de inscri\u00e7\u00e3o para o curso profissionalizante gratuito de Soldador B\u00e1sico (Soldagem MIG\/MAG) oferecido pelo Programa Qualifica SP &#8211; Novo Emprego, da Secretaria de Desenvolvimento Econ\u00f4mico (SDE) do Governo do Estado de S\u00e3o Paulo, na Est\u00e2ncia Tur\u00edstica de Barretos.<br \/>\nAo todo ser\u00e3o 60 vagas, com turmas divididas nos per\u00edodos da manh\u00e3, tarde e noite, carga hor\u00e1ria de 100h e certifica\u00e7\u00e3o. As aulas ser\u00e3o presenciais e est\u00e3o previstas para iniciar no dia 26, na escola m\u00f3vel instalada no Recinto Paulo de Lima Correa. Para receber o certificado, o aluno deve ter ao menos 75% de presen\u00e7a nas aulas.<br \/>\nA secret\u00e1ria municipal de Desenvolvimento Econ\u00f4mico &amp; Inova\u00e7\u00e3o, Juliana Luciana dos Santos, destacou que esta \u00e9 uma grande oportunidade de qualifica\u00e7\u00e3o. \u201cEstamos falando de um curso gratuito, que com certeza ser\u00e1 um grande diferencial para alcan\u00e7ar uma vaga de emprego na \u00e1rea de ind\u00fastria e mec\u00e2nica\u201d, comentou.<br \/>\nInscri\u00e7\u00f5es<br \/>\nAs inscri\u00e7\u00f5es devem ser realizadas pelo site qualificasp.sp.gov.br e os candidatos quem n\u00e3o tiverem acesso \u00e0 internet ou dificuldade para se inscrever poder\u00e3o utilizar o Conecta Barretos, na antiga Prefeitura, que fica na Rua 30, entre avenidas 33 e 35, n\u00b0 564. Podem se inscrever pessoas que tenham idade m\u00ednima de 16 anos, sejam alfabetizados e domiciliados no estado de S\u00e3o Paulo.<br \/>\nCaso o n\u00famero de inscritos seja superior ao n\u00famero de vagas, ser\u00e3o priorizadas as pessoas desempregadas, com baixa renda e com defici\u00eancia. A convoca\u00e7\u00e3o dos candidatos selecionados ocorrer\u00e1 por e-mail.<\/p>\n<p>Servi\u00e7o:<br \/>\n60 vagas para o curso presencial de Soldador B\u00e1sico (Soldagem MIG\/MAG)<br \/>\nLocal: Recinto Paulo de Lima Correa &#8211; Av. Vinte e Tr\u00eas \u2013 Centro<br \/>\nInscri\u00e7\u00f5es: at\u00e9 20 de mar\u00e7o https:\/\/www.qualificasp.sp.gov.br\/novoemprego\/details\/8103<br \/>\nIn\u00edcio das aulas: 26 de mar\u00e7o (previs\u00e3o)<br \/>\nDura\u00e7\u00e3o do curso: 100 horas<\/p>\n","protected":false},"excerpt":{"rendered":"<p>Forma\u00e7\u00e3o \u00e9 oferecida em Barretos por meio do Programa Qualifica<\/p>\n","protected":false},"author":2,"featured_media":102592,"comment_status":"open","ping_status":"open","sticky":false,"template":"","format":"standard","meta":{"footnotes":""},"categories":[14,3],"tags":[],"class_list":["post-102591","post","type-post","status-publish","format-standard","has-post-thumbnail","hentry","category-barretos","category-geral"],"yoast_head":"<!-- This site is optimized with the Yoast SEO plugin v27.4 - https:\/\/yoast.com\/product\/yoast-seo-wordpress\/ -->\n<title>Curso gratuito de soldador: inscri\u00e7\u00f5es at\u00e9 quarta-feira, dia 20 - Regi\u00e3o News<\/title>\n<meta name=\"robots\" content=\"index, follow, max-snippet:-1, max-image-preview:large, max-video-preview:-1\" \/>\n<link rel=\"canonical\" href=\"https:\/\/regiaonews.net.br\/2022\/2024\/03\/19\/curso-gratuito-de-soldador-inscricoes-ate-quarta-feira-dia-20\/\" \/>\n<meta property=\"og:locale\" content=\"pt_BR\" \/>\n<meta property=\"og:type\" content=\"article\" \/>\n<meta property=\"og:title\" content=\"Curso gratuito de soldador: inscri\u00e7\u00f5es at\u00e9 quarta-feira, dia 20 - Regi\u00e3o News\" \/>\n<meta property=\"og:description\" content=\"Forma\u00e7\u00e3o \u00e9 oferecida em Barretos por meio do Programa Qualifica\" \/>\n<meta property=\"og:url\" content=\"https:\/\/regiaonews.net.br\/2022\/2024\/03\/19\/curso-gratuito-de-soldador-inscricoes-ate-quarta-feira-dia-20\/\" \/>\n<meta property=\"og:site_name\" content=\"Regi\u00e3o News\" \/>\n<meta property=\"article:published_time\" content=\"2024-03-19T16:42:08+00:00\" \/>\n<meta property=\"og:image\" content=\"https:\/\/regiaonews.net.br\/2022\/wp-content\/uploads\/2024\/03\/Imagem-do-WhatsApp-de-2024-03-19-as-11.26.37_75400691.jpg\" \/>\n\t<meta property=\"og:image:width\" content=\"1080\" \/>\n\t<meta property=\"og:image:height\" content=\"1080\" \/>\n\t<meta property=\"og:image:type\" content=\"image\/jpeg\" \/>\n<meta name=\"author\" content=\"Roberto\" \/>\n<meta name=\"twitter:card\" content=\"summary_large_image\" \/>\n<meta name=\"twitter:label1\" content=\"Escrito por\" \/>\n\t<meta name=\"twitter:data1\" content=\"Roberto\" \/>\n\t<meta name=\"twitter:label2\" content=\"Est. tempo de leitura\" \/>\n\t<meta name=\"twitter:data2\" content=\"2 minutos\" \/>\n<script type=\"application\/ld+json\" class=\"yoast-schema-graph\">{\"@context\":\"https:\\\/\\\/schema.org\",\"@graph\":[{\"@type\":\"Article\",\"@id\":\"https:\\\/\\\/regiaonews.net.br\\\/2022\\\/2024\\\/03\\\/19\\\/curso-gratuito-de-soldador-inscricoes-ate-quarta-feira-dia-20\\\/#article\",\"isPartOf\":{\"@id\":\"https:\\\/\\\/regiaonews.net.br\\\/2022\\\/2024\\\/03\\\/19\\\/curso-gratuito-de-soldador-inscricoes-ate-quarta-feira-dia-20\\\/\"},\"author\":{\"name\":\"Roberto\",\"@id\":\"https:\\\/\\\/regiaonews.net.br\\\/2022\\\/#\\\/schema\\\/person\\\/2d205a608a5aa97ac279d7a5e6d89ad8\"},\"headline\":\"Curso gratuito de soldador: inscri\u00e7\u00f5es at\u00e9 quarta-feira, dia 20\",\"datePublished\":\"2024-03-19T16:42:08+00:00\",\"mainEntityOfPage\":{\"@id\":\"https:\\\/\\\/regiaonews.net.br\\\/2022\\\/2024\\\/03\\\/19\\\/curso-gratuito-de-soldador-inscricoes-ate-quarta-feira-dia-20\\\/\"},\"wordCount\":348,\"commentCount\":0,\"publisher\":{\"@id\":\"https:\\\/\\\/regiaonews.net.br\\\/2022\\\/#organization\"},\"image\":{\"@id\":\"https:\\\/\\\/regiaonews.net.br\\\/2022\\\/2024\\\/03\\\/19\\\/curso-gratuito-de-soldador-inscricoes-ate-quarta-feira-dia-20\\\/#primaryimage\"},\"thumbnailUrl\":\"https:\\\/\\\/regiaonews.net.br\\\/2022\\\/wp-content\\\/uploads\\\/2024\\\/03\\\/Imagem-do-WhatsApp-de-2024-03-19-as-11.26.37_75400691.jpg\",\"articleSection\":[\"Barretos\",\"Geral\"],\"inLanguage\":\"pt-BR\",\"potentialAction\":[{\"@type\":\"CommentAction\",\"name\":\"Comment\",\"target\":[\"https:\\\/\\\/regiaonews.net.br\\\/2022\\\/2024\\\/03\\\/19\\\/curso-gratuito-de-soldador-inscricoes-ate-quarta-feira-dia-20\\\/#respond\"]}]},{\"@type\":\"WebPage\",\"@id\":\"https:\\\/\\\/regiaonews.net.br\\\/2022\\\/2024\\\/03\\\/19\\\/curso-gratuito-de-soldador-inscricoes-ate-quarta-feira-dia-20\\\/\",\"url\":\"https:\\\/\\\/regiaonews.net.br\\\/2022\\\/2024\\\/03\\\/19\\\/curso-gratuito-de-soldador-inscricoes-ate-quarta-feira-dia-20\\\/\",\"name\":\"Curso gratuito de soldador: inscri\u00e7\u00f5es at\u00e9 quarta-feira, dia 20 - Regi\u00e3o News\",\"isPartOf\":{\"@id\":\"https:\\\/\\\/regiaonews.net.br\\\/2022\\\/#website\"},\"primaryImageOfPage\":{\"@id\":\"https:\\\/\\\/regiaonews.net.br\\\/2022\\\/2024\\\/03\\\/19\\\/curso-gratuito-de-soldador-inscricoes-ate-quarta-feira-dia-20\\\/#primaryimage\"},\"image\":{\"@id\":\"https:\\\/\\\/regiaonews.net.br\\\/2022\\\/2024\\\/03\\\/19\\\/curso-gratuito-de-soldador-inscricoes-ate-quarta-feira-dia-20\\\/#primaryimage\"},\"thumbnailUrl\":\"https:\\\/\\\/regiaonews.net.br\\\/2022\\\/wp-content\\\/uploads\\\/2024\\\/03\\\/Imagem-do-WhatsApp-de-2024-03-19-as-11.26.37_75400691.jpg\",\"datePublished\":\"2024-03-19T16:42:08+00:00\",\"breadcrumb\":{\"@id\":\"https:\\\/\\\/regiaonews.net.br\\\/2022\\\/2024\\\/03\\\/19\\\/curso-gratuito-de-soldador-inscricoes-ate-quarta-feira-dia-20\\\/#breadcrumb\"},\"inLanguage\":\"pt-BR\",\"potentialAction\":[{\"@type\":\"ReadAction\",\"target\":[\"https:\\\/\\\/regiaonews.net.br\\\/2022\\\/2024\\\/03\\\/19\\\/curso-gratuito-de-soldador-inscricoes-ate-quarta-feira-dia-20\\\/\"]}]},{\"@type\":\"ImageObject\",\"inLanguage\":\"pt-BR\",\"@id\":\"https:\\\/\\\/regiaonews.net.br\\\/2022\\\/2024\\\/03\\\/19\\\/curso-gratuito-de-soldador-inscricoes-ate-quarta-feira-dia-20\\\/#primaryimage\",\"url\":\"https:\\\/\\\/regiaonews.net.br\\\/2022\\\/wp-content\\\/uploads\\\/2024\\\/03\\\/Imagem-do-WhatsApp-de-2024-03-19-as-11.26.37_75400691.jpg\",\"contentUrl\":\"https:\\\/\\\/regiaonews.net.br\\\/2022\\\/wp-content\\\/uploads\\\/2024\\\/03\\\/Imagem-do-WhatsApp-de-2024-03-19-as-11.26.37_75400691.jpg\",\"width\":1080,\"height\":1080},{\"@type\":\"BreadcrumbList\",\"@id\":\"https:\\\/\\\/regiaonews.net.br\\\/2022\\\/2024\\\/03\\\/19\\\/curso-gratuito-de-soldador-inscricoes-ate-quarta-feira-dia-20\\\/#breadcrumb\",\"itemListElement\":[{\"@type\":\"ListItem\",\"position\":1,\"name\":\"In\u00edcio\",\"item\":\"https:\\\/\\\/regiaonews.net.br\\\/2022\\\/\"},{\"@type\":\"ListItem\",\"position\":2,\"name\":\"Curso gratuito de soldador: inscri\u00e7\u00f5es at\u00e9 quarta-feira, dia 20\"}]},{\"@type\":\"WebSite\",\"@id\":\"https:\\\/\\\/regiaonews.net.br\\\/2022\\\/#website\",\"url\":\"https:\\\/\\\/regiaonews.net.br\\\/2022\\\/\",\"name\":\"Regi\u00e3o News\",\"description\":\"Site de Not\u00edcias de Barretos e regi\u00e3o\",\"publisher\":{\"@id\":\"https:\\\/\\\/regiaonews.net.br\\\/2022\\\/#organization\"},\"potentialAction\":[{\"@type\":\"SearchAction\",\"target\":{\"@type\":\"EntryPoint\",\"urlTemplate\":\"https:\\\/\\\/regiaonews.net.br\\\/2022\\\/?s={search_term_string}\"},\"query-input\":{\"@type\":\"PropertyValueSpecification\",\"valueRequired\":true,\"valueName\":\"search_term_string\"}}],\"inLanguage\":\"pt-BR\"},{\"@type\":\"Organization\",\"@id\":\"https:\\\/\\\/regiaonews.net.br\\\/2022\\\/#organization\",\"name\":\"Regi\u00e3o News\",\"url\":\"https:\\\/\\\/regiaonews.net.br\\\/2022\\\/\",\"logo\":{\"@type\":\"ImageObject\",\"inLanguage\":\"pt-BR\",\"@id\":\"https:\\\/\\\/regiaonews.net.br\\\/2022\\\/#\\\/schema\\\/logo\\\/image\\\/\",\"url\":\"https:\\\/\\\/regiaonews.net.br\\\/2022\\\/wp-content\\\/uploads\\\/2026\\\/03\\\/regiao-13-anos-scaled.jpg\",\"contentUrl\":\"https:\\\/\\\/regiaonews.net.br\\\/2022\\\/wp-content\\\/uploads\\\/2026\\\/03\\\/regiao-13-anos-scaled.jpg\",\"width\":2560,\"height\":635,\"caption\":\"Regi\u00e3o News\"},\"image\":{\"@id\":\"https:\\\/\\\/regiaonews.net.br\\\/2022\\\/#\\\/schema\\\/logo\\\/image\\\/\"}},{\"@type\":\"Person\",\"@id\":\"https:\\\/\\\/regiaonews.net.br\\\/2022\\\/#\\\/schema\\\/person\\\/2d205a608a5aa97ac279d7a5e6d89ad8\",\"name\":\"Roberto\",\"image\":{\"@type\":\"ImageObject\",\"inLanguage\":\"pt-BR\",\"@id\":\"https:\\\/\\\/secure.gravatar.com\\\/avatar\\\/42749d8b712ff9d59ca93dc150494e5b55a44134482993f5baeb97e61b7ecc89?s=96&d=mm&r=g\",\"url\":\"https:\\\/\\\/secure.gravatar.com\\\/avatar\\\/42749d8b712ff9d59ca93dc150494e5b55a44134482993f5baeb97e61b7ecc89?s=96&d=mm&r=g\",\"contentUrl\":\"https:\\\/\\\/secure.gravatar.com\\\/avatar\\\/42749d8b712ff9d59ca93dc150494e5b55a44134482993f5baeb97e61b7ecc89?s=96&d=mm&r=g\",\"caption\":\"Roberto\"},\"url\":\"https:\\\/\\\/regiaonews.net.br\\\/2022\\\/author\\\/roberto\\\/\"}]}<\/script>\n<!-- \/ Yoast SEO plugin. -->","yoast_head_json":{"title":"Curso gratuito de soldador: inscri\u00e7\u00f5es at\u00e9 quarta-feira, dia 20 - Regi\u00e3o News","robots":{"index":"index","follow":"follow","max-snippet":"max-snippet:-1","max-image-preview":"max-image-preview:large","max-video-preview":"max-video-preview:-1"},"canonical":"https:\/\/regiaonews.net.br\/2022\/2024\/03\/19\/curso-gratuito-de-soldador-inscricoes-ate-quarta-feira-dia-20\/","og_locale":"pt_BR","og_type":"article","og_title":"Curso gratuito de soldador: inscri\u00e7\u00f5es at\u00e9 quarta-feira, dia 20 - Regi\u00e3o News","og_description":"Forma\u00e7\u00e3o \u00e9 oferecida em Barretos por meio do Programa Qualifica","og_url":"https:\/\/regiaonews.net.br\/2022\/2024\/03\/19\/curso-gratuito-de-soldador-inscricoes-ate-quarta-feira-dia-20\/","og_site_name":"Regi\u00e3o News","article_published_time":"2024-03-19T16:42:08+00:00","og_image":[{"width":1080,"height":1080,"url":"https:\/\/regiaonews.net.br\/2022\/wp-content\/uploads\/2024\/03\/Imagem-do-WhatsApp-de-2024-03-19-as-11.26.37_75400691.jpg","type":"image\/jpeg"}],"author":"Roberto","twitter_card":"summary_large_image","twitter_misc":{"Escrito por":"Roberto","Est. tempo de leitura":"2 minutos"},"schema":{"@context":"https:\/\/schema.org","@graph":[{"@type":"Article","@id":"https:\/\/regiaonews.net.br\/2022\/2024\/03\/19\/curso-gratuito-de-soldador-inscricoes-ate-quarta-feira-dia-20\/#article","isPartOf":{"@id":"https:\/\/regiaonews.net.br\/2022\/2024\/03\/19\/curso-gratuito-de-soldador-inscricoes-ate-quarta-feira-dia-20\/"},"author":{"name":"Roberto","@id":"https:\/\/regiaonews.net.br\/2022\/#\/schema\/person\/2d205a608a5aa97ac279d7a5e6d89ad8"},"headline":"Curso gratuito de soldador: inscri\u00e7\u00f5es at\u00e9 quarta-feira, dia 20","datePublished":"2024-03-19T16:42:08+00:00","mainEntityOfPage":{"@id":"https:\/\/regiaonews.net.br\/2022\/2024\/03\/19\/curso-gratuito-de-soldador-inscricoes-ate-quarta-feira-dia-20\/"},"wordCount":348,"commentCount":0,"publisher":{"@id":"https:\/\/regiaonews.net.br\/2022\/#organization"},"image":{"@id":"https:\/\/regiaonews.net.br\/2022\/2024\/03\/19\/curso-gratuito-de-soldador-inscricoes-ate-quarta-feira-dia-20\/#primaryimage"},"thumbnailUrl":"https:\/\/regiaonews.net.br\/2022\/wp-content\/uploads\/2024\/03\/Imagem-do-WhatsApp-de-2024-03-19-as-11.26.37_75400691.jpg","articleSection":["Barretos","Geral"],"inLanguage":"pt-BR","potentialAction":[{"@type":"CommentAction","name":"Comment","target":["https:\/\/regiaonews.net.br\/2022\/2024\/03\/19\/curso-gratuito-de-soldador-inscricoes-ate-quarta-feira-dia-20\/#respond"]}]},{"@type":"WebPage","@id":"https:\/\/regiaonews.net.br\/2022\/2024\/03\/19\/curso-gratuito-de-soldador-inscricoes-ate-quarta-feira-dia-20\/","url":"https:\/\/regiaonews.net.br\/2022\/2024\/03\/19\/curso-gratuito-de-soldador-inscricoes-ate-quarta-feira-dia-20\/","name":"Curso gratuito de soldador: inscri\u00e7\u00f5es at\u00e9 quarta-feira, dia 20 - Regi\u00e3o News","isPartOf":{"@id":"https:\/\/regiaonews.net.br\/2022\/#website"},"primaryImageOfPage":{"@id":"https:\/\/regiaonews.net.br\/2022\/2024\/03\/19\/curso-gratuito-de-soldador-inscricoes-ate-quarta-feira-dia-20\/#primaryimage"},"image":{"@id":"https:\/\/regiaonews.net.br\/2022\/2024\/03\/19\/curso-gratuito-de-soldador-inscricoes-ate-quarta-feira-dia-20\/#primaryimage"},"thumbnailUrl":"https:\/\/regiaonews.net.br\/2022\/wp-content\/uploads\/2024\/03\/Imagem-do-WhatsApp-de-2024-03-19-as-11.26.37_75400691.jpg","datePublished":"2024-03-19T16:42:08+00:00","breadcrumb":{"@id":"https:\/\/regiaonews.net.br\/2022\/2024\/03\/19\/curso-gratuito-de-soldador-inscricoes-ate-quarta-feira-dia-20\/#breadcrumb"},"inLanguage":"pt-BR","potentialAction":[{"@type":"ReadAction","target":["https:\/\/regiaonews.net.br\/2022\/2024\/03\/19\/curso-gratuito-de-soldador-inscricoes-ate-quarta-feira-dia-20\/"]}]},{"@type":"ImageObject","inLanguage":"pt-BR","@id":"https:\/\/regiaonews.net.br\/2022\/2024\/03\/19\/curso-gratuito-de-soldador-inscricoes-ate-quarta-feira-dia-20\/#primaryimage","url":"https:\/\/regiaonews.net.br\/2022\/wp-content\/uploads\/2024\/03\/Imagem-do-WhatsApp-de-2024-03-19-as-11.26.37_75400691.jpg","contentUrl":"https:\/\/regiaonews.net.br\/2022\/wp-content\/uploads\/2024\/03\/Imagem-do-WhatsApp-de-2024-03-19-as-11.26.37_75400691.jpg","width":1080,"height":1080},{"@type":"BreadcrumbList","@id":"https:\/\/regiaonews.net.br\/2022\/2024\/03\/19\/curso-gratuito-de-soldador-inscricoes-ate-quarta-feira-dia-20\/#breadcrumb","itemListElement":[{"@type":"ListItem","position":1,"name":"In\u00edcio","item":"https:\/\/regiaonews.net.br\/2022\/"},{"@type":"ListItem","position":2,"name":"Curso gratuito de soldador: inscri\u00e7\u00f5es at\u00e9 quarta-feira, dia 20"}]},{"@type":"WebSite","@id":"https:\/\/regiaonews.net.br\/2022\/#website","url":"https:\/\/regiaonews.net.br\/2022\/","name":"Regi\u00e3o News","description":"Site de Not\u00edcias de Barretos e regi\u00e3o","publisher":{"@id":"https:\/\/regiaonews.net.br\/2022\/#organization"},"potentialAction":[{"@type":"SearchAction","target":{"@type":"EntryPoint","urlTemplate":"https:\/\/regiaonews.net.br\/2022\/?s={search_term_string}"},"query-input":{"@type":"PropertyValueSpecification","valueRequired":true,"valueName":"search_term_string"}}],"inLanguage":"pt-BR"},{"@type":"Organization","@id":"https:\/\/regiaonews.net.br\/2022\/#organization","name":"Regi\u00e3o News","url":"https:\/\/regiaonews.net.br\/2022\/","logo":{"@type":"ImageObject","inLanguage":"pt-BR","@id":"https:\/\/regiaonews.net.br\/2022\/#\/schema\/logo\/image\/","url":"https:\/\/regiaonews.net.br\/2022\/wp-content\/uploads\/2026\/03\/regiao-13-anos-scaled.jpg","contentUrl":"https:\/\/regiaonews.net.br\/2022\/wp-content\/uploads\/2026\/03\/regiao-13-anos-scaled.jpg","width":2560,"height":635,"caption":"Regi\u00e3o News"},"image":{"@id":"https:\/\/regiaonews.net.br\/2022\/#\/schema\/logo\/image\/"}},{"@type":"Person","@id":"https:\/\/regiaonews.net.br\/2022\/#\/schema\/person\/2d205a608a5aa97ac279d7a5e6d89ad8","name":"Roberto","image":{"@type":"ImageObject","inLanguage":"pt-BR","@id":"https:\/\/secure.gravatar.com\/avatar\/42749d8b712ff9d59ca93dc150494e5b55a44134482993f5baeb97e61b7ecc89?s=96&d=mm&r=g","url":"https:\/\/secure.gravatar.com\/avatar\/42749d8b712ff9d59ca93dc150494e5b55a44134482993f5baeb97e61b7ecc89?s=96&d=mm&r=g","contentUrl":"https:\/\/secure.gravatar.com\/avatar\/42749d8b712ff9d59ca93dc150494e5b55a44134482993f5baeb97e61b7ecc89?s=96&d=mm&r=g","caption":"Roberto"},"url":"https:\/\/regiaonews.net.br\/2022\/author\/roberto\/"}]}},"publishpress_future_action":{"enabled":false,"date":"2026-05-03 18:58:13","action":"change-status","newStatus":"draft","terms":[],"taxonomy":"category","extraData":[]},"publishpress_future_workflow_manual_trigger":{"enabledWorkflows":[]},"_links":{"self":[{"href":"https:\/\/regiaonews.net.br\/2022\/wp-json\/wp\/v2\/posts\/102591","targetHints":{"allow":["GET"]}}],"collection":[{"href":"https:\/\/regiaonews.net.br\/2022\/wp-json\/wp\/v2\/posts"}],"about":[{"href":"https:\/\/regiaonews.net.br\/2022\/wp-json\/wp\/v2\/types\/post"}],"author":[{"embeddable":true,"href":"https:\/\/regiaonews.net.br\/2022\/wp-json\/wp\/v2\/users\/2"}],"replies":[{"embeddable":true,"href":"https:\/\/regiaonews.net.br\/2022\/wp-json\/wp\/v2\/comments?post=102591"}],"version-history":[{"count":1,"href":"https:\/\/regiaonews.net.br\/2022\/wp-json\/wp\/v2\/posts\/102591\/revisions"}],"predecessor-version":[{"id":102593,"href":"https:\/\/regiaonews.net.br\/2022\/wp-json\/wp\/v2\/posts\/102591\/revisions\/102593"}],"wp:featuredmedia":[{"embeddable":true,"href":"https:\/\/regiaonews.net.br\/2022\/wp-json\/wp\/v2\/media\/102592"}],"wp:attachment":[{"href":"https:\/\/regiaonews.net.br\/2022\/wp-json\/wp\/v2\/media?parent=102591"}],"wp:term":[{"taxonomy":"category","embeddable":true,"href":"https:\/\/regiaonews.net.br\/2022\/wp-json\/wp\/v2\/categories?post=102591"},{"taxonomy":"post_tag","embeddable":true,"href":"https:\/\/regiaonews.net.br\/2022\/wp-json\/wp\/v2\/tags?post=102591"}],"curies":[{"name":"wp","href":"https:\/\/api.w.org\/{rel}","templated":true}]}}