{"id":102580,"date":"2024-03-18T18:51:56","date_gmt":"2024-03-18T21:51:56","guid":{"rendered":"https:\/\/regiaonews.net.br\/2022\/?p=102580"},"modified":"2024-03-18T18:51:56","modified_gmt":"2024-03-18T21:51:56","slug":"barretao-tem-mais-uma-grande-atracao-confirmada-zeze-di-camargo-luciano","status":"publish","type":"post","link":"https:\/\/regiaonews.net.br\/2022\/2024\/03\/18\/barretao-tem-mais-uma-grande-atracao-confirmada-zeze-di-camargo-luciano\/","title":{"rendered":"Barret\u00e3o tem mais uma grande atra\u00e7\u00e3o confirmada: Zez\u00e9 Di Camargo &#038; Luciano"},"content":{"rendered":"<p>Dupla vai unir gera\u00e7\u00f5es de apaixonados pelo sertanejo na sexta-feira, dia 23 de agosto. Os acessos ao evento, que acontece de 15 a 25 de agosto, j\u00e1 est\u00e3o \u00e0 venda<\/p>\n<p>A 69\u00aa Festa do Pe\u00e3o de Boiadeiro de Barretos (15 a 25 de agosto) anunciou mais um grande show. Os irm\u00e3os Zez\u00e9 Di Camargo &amp; Luciano v\u00e3o se apresentar no dia 23 de agosto, sexta-feira, no Est\u00e1dio de Rodeios.<\/p>\n<p>Sucesso desde a d\u00e9cada de 1990, quando estourou a m\u00fasica \u201c\u00c9 o amor\u201d, Zez\u00e9 Di Camargo &amp; Luciano apresentar\u00e3o grandes hits do sertanejo, unindo gera\u00e7\u00f5es e at\u00e9 estilos diferentes. Veterana na arena do Barret\u00e3o, a dupla est\u00e1 entre as atra\u00e7\u00f5es mais pedidas nas redes sociais do evento.<\/p>\n<p>Outras atra\u00e7\u00f5es confirmadas<br \/>\nNo mesmo dia da dupla Zez\u00e9 Di Camargo &amp; Luciano, 23\/08, j\u00e1 est\u00e1 confirmado o show do cantor Luan Santana.<\/p>\n<p>No dia 15\/08, quinta, a grade musical conta com os shows do cantor revela\u00e7\u00e3o Luan Pereira e da cantora Lauana Prado. No dia 16\/08, sexta, o evento j\u00e1 confirmou a apresenta\u00e7\u00e3o de Simone Mendes e da dupla Bruno &amp; Marrone no Est\u00e1dio de Rodeios.<\/p>\n<p>J\u00e1 no s\u00e1bado, 17\/08, os shows s\u00e3o dos embaixadores C\u00e9sar Menotti e Fabiano, da dupla Jorge &amp; Mateus e Ana Castela. No dia 24 de agosto, \u00e9 a vez do show internacional do \u00eddolo country, Cody Johnson.<\/p>\n<p>Ingressos<br \/>\nOs acessos para a 69\u00aa Festa do Pe\u00e3o de Boiadeiro de Barretos, que acontece de 15 a 25 de agosto, est\u00e3o \u00e0 venda exclusivamente por meio do site oficial https:\/\/barretos.totalacesso.com\/.<\/p>\n<p>Est\u00e3o dispon\u00edveis lotes para os nove setores que integram o evento, s\u00e3o eles: Parque\/Rodeio\/Show, \u00c1rea Vip, Pista Prime, Pista Gold e Stage Prime; Camarotes Arena Premium, Brahma, Open Super Bull e Dagente. Tamb\u00e9m j\u00e1 \u00e9 poss\u00edvel adquirir pacotes para a \u00e1rea de Camping, que funciona dentro do Parque do Pe\u00e3o.<\/p>\n<p>Mais informa\u00e7\u00f5es: https:\/\/www.independentes.com.br\/festadopeao<\/p>\n<p>Cr\u00e9dito da foto: Alisson Demetrio<\/p>\n","protected":false},"excerpt":{"rendered":"<p>Dupla vai unir gera\u00e7\u00f5es de apaixonados pelo sertanejo na sexta-feira,<\/p>\n","protected":false},"author":2,"featured_media":102582,"comment_status":"open","ping_status":"open","sticky":false,"template":"","format":"standard","meta":{"footnotes":""},"categories":[14,45],"tags":[],"class_list":["post-102580","post","type-post","status-publish","format-standard","has-post-thumbnail","hentry","category-barretos","category-festa-do-peao"],"yoast_head":"<!-- This site is optimized with the Yoast SEO plugin v27.4 - https:\/\/yoast.com\/product\/yoast-seo-wordpress\/ -->\n<title>Barret\u00e3o tem mais uma grande atra\u00e7\u00e3o confirmada: Zez\u00e9 Di Camargo &amp; Luciano - Regi\u00e3o News<\/title>\n<meta name=\"robots\" content=\"index, follow, max-snippet:-1, max-image-preview:large, max-video-preview:-1\" \/>\n<link rel=\"canonical\" href=\"https:\/\/regiaonews.net.br\/2022\/2024\/03\/18\/barretao-tem-mais-uma-grande-atracao-confirmada-zeze-di-camargo-luciano\/\" \/>\n<meta property=\"og:locale\" content=\"pt_BR\" \/>\n<meta property=\"og:type\" content=\"article\" \/>\n<meta property=\"og:title\" content=\"Barret\u00e3o tem mais uma grande atra\u00e7\u00e3o confirmada: Zez\u00e9 Di Camargo &amp; Luciano - Regi\u00e3o News\" \/>\n<meta property=\"og:description\" content=\"Dupla vai unir gera\u00e7\u00f5es de apaixonados pelo sertanejo na sexta-feira,\" \/>\n<meta property=\"og:url\" content=\"https:\/\/regiaonews.net.br\/2022\/2024\/03\/18\/barretao-tem-mais-uma-grande-atracao-confirmada-zeze-di-camargo-luciano\/\" \/>\n<meta property=\"og:site_name\" content=\"Regi\u00e3o News\" \/>\n<meta property=\"article:published_time\" content=\"2024-03-18T21:51:56+00:00\" \/>\n<meta property=\"og:image\" content=\"https:\/\/regiaonews.net.br\/2022\/wp-content\/uploads\/2024\/03\/WhatsApp-Image-2024-03-18-at-17.36.51.jpeg\" \/>\n\t<meta property=\"og:image:width\" content=\"1600\" \/>\n\t<meta property=\"og:image:height\" content=\"1066\" \/>\n\t<meta property=\"og:image:type\" content=\"image\/jpeg\" \/>\n<meta name=\"author\" content=\"Roberto\" \/>\n<meta name=\"twitter:card\" content=\"summary_large_image\" \/>\n<meta name=\"twitter:label1\" content=\"Escrito por\" \/>\n\t<meta name=\"twitter:data1\" content=\"Roberto\" \/>\n\t<meta name=\"twitter:label2\" content=\"Est. tempo de leitura\" \/>\n\t<meta name=\"twitter:data2\" content=\"2 minutos\" \/>\n<script type=\"application\/ld+json\" class=\"yoast-schema-graph\">{\"@context\":\"https:\\\/\\\/schema.org\",\"@graph\":[{\"@type\":\"Article\",\"@id\":\"https:\\\/\\\/regiaonews.net.br\\\/2022\\\/2024\\\/03\\\/18\\\/barretao-tem-mais-uma-grande-atracao-confirmada-zeze-di-camargo-luciano\\\/#article\",\"isPartOf\":{\"@id\":\"https:\\\/\\\/regiaonews.net.br\\\/2022\\\/2024\\\/03\\\/18\\\/barretao-tem-mais-uma-grande-atracao-confirmada-zeze-di-camargo-luciano\\\/\"},\"author\":{\"name\":\"Roberto\",\"@id\":\"https:\\\/\\\/regiaonews.net.br\\\/2022\\\/#\\\/schema\\\/person\\\/2d205a608a5aa97ac279d7a5e6d89ad8\"},\"headline\":\"Barret\u00e3o tem mais uma grande atra\u00e7\u00e3o confirmada: Zez\u00e9 Di Camargo &#038; Luciano\",\"datePublished\":\"2024-03-18T21:51:56+00:00\",\"mainEntityOfPage\":{\"@id\":\"https:\\\/\\\/regiaonews.net.br\\\/2022\\\/2024\\\/03\\\/18\\\/barretao-tem-mais-uma-grande-atracao-confirmada-zeze-di-camargo-luciano\\\/\"},\"wordCount\":340,\"commentCount\":0,\"publisher\":{\"@id\":\"https:\\\/\\\/regiaonews.net.br\\\/2022\\\/#organization\"},\"image\":{\"@id\":\"https:\\\/\\\/regiaonews.net.br\\\/2022\\\/2024\\\/03\\\/18\\\/barretao-tem-mais-uma-grande-atracao-confirmada-zeze-di-camargo-luciano\\\/#primaryimage\"},\"thumbnailUrl\":\"https:\\\/\\\/regiaonews.net.br\\\/2022\\\/wp-content\\\/uploads\\\/2024\\\/03\\\/WhatsApp-Image-2024-03-18-at-17.36.51.jpeg\",\"articleSection\":[\"Barretos\",\"Festa do Pe\u00e3o\"],\"inLanguage\":\"pt-BR\",\"potentialAction\":[{\"@type\":\"CommentAction\",\"name\":\"Comment\",\"target\":[\"https:\\\/\\\/regiaonews.net.br\\\/2022\\\/2024\\\/03\\\/18\\\/barretao-tem-mais-uma-grande-atracao-confirmada-zeze-di-camargo-luciano\\\/#respond\"]}]},{\"@type\":\"WebPage\",\"@id\":\"https:\\\/\\\/regiaonews.net.br\\\/2022\\\/2024\\\/03\\\/18\\\/barretao-tem-mais-uma-grande-atracao-confirmada-zeze-di-camargo-luciano\\\/\",\"url\":\"https:\\\/\\\/regiaonews.net.br\\\/2022\\\/2024\\\/03\\\/18\\\/barretao-tem-mais-uma-grande-atracao-confirmada-zeze-di-camargo-luciano\\\/\",\"name\":\"Barret\u00e3o tem mais uma grande atra\u00e7\u00e3o confirmada: Zez\u00e9 Di Camargo & Luciano - Regi\u00e3o News\",\"isPartOf\":{\"@id\":\"https:\\\/\\\/regiaonews.net.br\\\/2022\\\/#website\"},\"primaryImageOfPage\":{\"@id\":\"https:\\\/\\\/regiaonews.net.br\\\/2022\\\/2024\\\/03\\\/18\\\/barretao-tem-mais-uma-grande-atracao-confirmada-zeze-di-camargo-luciano\\\/#primaryimage\"},\"image\":{\"@id\":\"https:\\\/\\\/regiaonews.net.br\\\/2022\\\/2024\\\/03\\\/18\\\/barretao-tem-mais-uma-grande-atracao-confirmada-zeze-di-camargo-luciano\\\/#primaryimage\"},\"thumbnailUrl\":\"https:\\\/\\\/regiaonews.net.br\\\/2022\\\/wp-content\\\/uploads\\\/2024\\\/03\\\/WhatsApp-Image-2024-03-18-at-17.36.51.jpeg\",\"datePublished\":\"2024-03-18T21:51:56+00:00\",\"breadcrumb\":{\"@id\":\"https:\\\/\\\/regiaonews.net.br\\\/2022\\\/2024\\\/03\\\/18\\\/barretao-tem-mais-uma-grande-atracao-confirmada-zeze-di-camargo-luciano\\\/#breadcrumb\"},\"inLanguage\":\"pt-BR\",\"potentialAction\":[{\"@type\":\"ReadAction\",\"target\":[\"https:\\\/\\\/regiaonews.net.br\\\/2022\\\/2024\\\/03\\\/18\\\/barretao-tem-mais-uma-grande-atracao-confirmada-zeze-di-camargo-luciano\\\/\"]}]},{\"@type\":\"ImageObject\",\"inLanguage\":\"pt-BR\",\"@id\":\"https:\\\/\\\/regiaonews.net.br\\\/2022\\\/2024\\\/03\\\/18\\\/barretao-tem-mais-uma-grande-atracao-confirmada-zeze-di-camargo-luciano\\\/#primaryimage\",\"url\":\"https:\\\/\\\/regiaonews.net.br\\\/2022\\\/wp-content\\\/uploads\\\/2024\\\/03\\\/WhatsApp-Image-2024-03-18-at-17.36.51.jpeg\",\"contentUrl\":\"https:\\\/\\\/regiaonews.net.br\\\/2022\\\/wp-content\\\/uploads\\\/2024\\\/03\\\/WhatsApp-Image-2024-03-18-at-17.36.51.jpeg\",\"width\":1600,\"height\":1066},{\"@type\":\"BreadcrumbList\",\"@id\":\"https:\\\/\\\/regiaonews.net.br\\\/2022\\\/2024\\\/03\\\/18\\\/barretao-tem-mais-uma-grande-atracao-confirmada-zeze-di-camargo-luciano\\\/#breadcrumb\",\"itemListElement\":[{\"@type\":\"ListItem\",\"position\":1,\"name\":\"In\u00edcio\",\"item\":\"https:\\\/\\\/regiaonews.net.br\\\/2022\\\/\"},{\"@type\":\"ListItem\",\"position\":2,\"name\":\"Barret\u00e3o tem mais uma grande atra\u00e7\u00e3o confirmada: Zez\u00e9 Di Camargo &#038; Luciano\"}]},{\"@type\":\"WebSite\",\"@id\":\"https:\\\/\\\/regiaonews.net.br\\\/2022\\\/#website\",\"url\":\"https:\\\/\\\/regiaonews.net.br\\\/2022\\\/\",\"name\":\"Regi\u00e3o News\",\"description\":\"Site de Not\u00edcias de Barretos e regi\u00e3o\",\"publisher\":{\"@id\":\"https:\\\/\\\/regiaonews.net.br\\\/2022\\\/#organization\"},\"potentialAction\":[{\"@type\":\"SearchAction\",\"target\":{\"@type\":\"EntryPoint\",\"urlTemplate\":\"https:\\\/\\\/regiaonews.net.br\\\/2022\\\/?s={search_term_string}\"},\"query-input\":{\"@type\":\"PropertyValueSpecification\",\"valueRequired\":true,\"valueName\":\"search_term_string\"}}],\"inLanguage\":\"pt-BR\"},{\"@type\":\"Organization\",\"@id\":\"https:\\\/\\\/regiaonews.net.br\\\/2022\\\/#organization\",\"name\":\"Regi\u00e3o News\",\"url\":\"https:\\\/\\\/regiaonews.net.br\\\/2022\\\/\",\"logo\":{\"@type\":\"ImageObject\",\"inLanguage\":\"pt-BR\",\"@id\":\"https:\\\/\\\/regiaonews.net.br\\\/2022\\\/#\\\/schema\\\/logo\\\/image\\\/\",\"url\":\"https:\\\/\\\/regiaonews.net.br\\\/2022\\\/wp-content\\\/uploads\\\/2026\\\/03\\\/regiao-13-anos-scaled.jpg\",\"contentUrl\":\"https:\\\/\\\/regiaonews.net.br\\\/2022\\\/wp-content\\\/uploads\\\/2026\\\/03\\\/regiao-13-anos-scaled.jpg\",\"width\":2560,\"height\":635,\"caption\":\"Regi\u00e3o News\"},\"image\":{\"@id\":\"https:\\\/\\\/regiaonews.net.br\\\/2022\\\/#\\\/schema\\\/logo\\\/image\\\/\"}},{\"@type\":\"Person\",\"@id\":\"https:\\\/\\\/regiaonews.net.br\\\/2022\\\/#\\\/schema\\\/person\\\/2d205a608a5aa97ac279d7a5e6d89ad8\",\"name\":\"Roberto\",\"image\":{\"@type\":\"ImageObject\",\"inLanguage\":\"pt-BR\",\"@id\":\"https:\\\/\\\/secure.gravatar.com\\\/avatar\\\/42749d8b712ff9d59ca93dc150494e5b55a44134482993f5baeb97e61b7ecc89?s=96&d=mm&r=g\",\"url\":\"https:\\\/\\\/secure.gravatar.com\\\/avatar\\\/42749d8b712ff9d59ca93dc150494e5b55a44134482993f5baeb97e61b7ecc89?s=96&d=mm&r=g\",\"contentUrl\":\"https:\\\/\\\/secure.gravatar.com\\\/avatar\\\/42749d8b712ff9d59ca93dc150494e5b55a44134482993f5baeb97e61b7ecc89?s=96&d=mm&r=g\",\"caption\":\"Roberto\"},\"url\":\"https:\\\/\\\/regiaonews.net.br\\\/2022\\\/author\\\/roberto\\\/\"}]}<\/script>\n<!-- \/ Yoast SEO plugin. -->","yoast_head_json":{"title":"Barret\u00e3o tem mais uma grande atra\u00e7\u00e3o confirmada: Zez\u00e9 Di Camargo & Luciano - Regi\u00e3o News","robots":{"index":"index","follow":"follow","max-snippet":"max-snippet:-1","max-image-preview":"max-image-preview:large","max-video-preview":"max-video-preview:-1"},"canonical":"https:\/\/regiaonews.net.br\/2022\/2024\/03\/18\/barretao-tem-mais-uma-grande-atracao-confirmada-zeze-di-camargo-luciano\/","og_locale":"pt_BR","og_type":"article","og_title":"Barret\u00e3o tem mais uma grande atra\u00e7\u00e3o confirmada: Zez\u00e9 Di Camargo & Luciano - Regi\u00e3o News","og_description":"Dupla vai unir gera\u00e7\u00f5es de apaixonados pelo sertanejo na sexta-feira,","og_url":"https:\/\/regiaonews.net.br\/2022\/2024\/03\/18\/barretao-tem-mais-uma-grande-atracao-confirmada-zeze-di-camargo-luciano\/","og_site_name":"Regi\u00e3o News","article_published_time":"2024-03-18T21:51:56+00:00","og_image":[{"width":1600,"height":1066,"url":"https:\/\/regiaonews.net.br\/2022\/wp-content\/uploads\/2024\/03\/WhatsApp-Image-2024-03-18-at-17.36.51.jpeg","type":"image\/jpeg"}],"author":"Roberto","twitter_card":"summary_large_image","twitter_misc":{"Escrito por":"Roberto","Est. tempo de leitura":"2 minutos"},"schema":{"@context":"https:\/\/schema.org","@graph":[{"@type":"Article","@id":"https:\/\/regiaonews.net.br\/2022\/2024\/03\/18\/barretao-tem-mais-uma-grande-atracao-confirmada-zeze-di-camargo-luciano\/#article","isPartOf":{"@id":"https:\/\/regiaonews.net.br\/2022\/2024\/03\/18\/barretao-tem-mais-uma-grande-atracao-confirmada-zeze-di-camargo-luciano\/"},"author":{"name":"Roberto","@id":"https:\/\/regiaonews.net.br\/2022\/#\/schema\/person\/2d205a608a5aa97ac279d7a5e6d89ad8"},"headline":"Barret\u00e3o tem mais uma grande atra\u00e7\u00e3o confirmada: Zez\u00e9 Di Camargo &#038; Luciano","datePublished":"2024-03-18T21:51:56+00:00","mainEntityOfPage":{"@id":"https:\/\/regiaonews.net.br\/2022\/2024\/03\/18\/barretao-tem-mais-uma-grande-atracao-confirmada-zeze-di-camargo-luciano\/"},"wordCount":340,"commentCount":0,"publisher":{"@id":"https:\/\/regiaonews.net.br\/2022\/#organization"},"image":{"@id":"https:\/\/regiaonews.net.br\/2022\/2024\/03\/18\/barretao-tem-mais-uma-grande-atracao-confirmada-zeze-di-camargo-luciano\/#primaryimage"},"thumbnailUrl":"https:\/\/regiaonews.net.br\/2022\/wp-content\/uploads\/2024\/03\/WhatsApp-Image-2024-03-18-at-17.36.51.jpeg","articleSection":["Barretos","Festa do Pe\u00e3o"],"inLanguage":"pt-BR","potentialAction":[{"@type":"CommentAction","name":"Comment","target":["https:\/\/regiaonews.net.br\/2022\/2024\/03\/18\/barretao-tem-mais-uma-grande-atracao-confirmada-zeze-di-camargo-luciano\/#respond"]}]},{"@type":"WebPage","@id":"https:\/\/regiaonews.net.br\/2022\/2024\/03\/18\/barretao-tem-mais-uma-grande-atracao-confirmada-zeze-di-camargo-luciano\/","url":"https:\/\/regiaonews.net.br\/2022\/2024\/03\/18\/barretao-tem-mais-uma-grande-atracao-confirmada-zeze-di-camargo-luciano\/","name":"Barret\u00e3o tem mais uma grande atra\u00e7\u00e3o confirmada: Zez\u00e9 Di Camargo & Luciano - Regi\u00e3o News","isPartOf":{"@id":"https:\/\/regiaonews.net.br\/2022\/#website"},"primaryImageOfPage":{"@id":"https:\/\/regiaonews.net.br\/2022\/2024\/03\/18\/barretao-tem-mais-uma-grande-atracao-confirmada-zeze-di-camargo-luciano\/#primaryimage"},"image":{"@id":"https:\/\/regiaonews.net.br\/2022\/2024\/03\/18\/barretao-tem-mais-uma-grande-atracao-confirmada-zeze-di-camargo-luciano\/#primaryimage"},"thumbnailUrl":"https:\/\/regiaonews.net.br\/2022\/wp-content\/uploads\/2024\/03\/WhatsApp-Image-2024-03-18-at-17.36.51.jpeg","datePublished":"2024-03-18T21:51:56+00:00","breadcrumb":{"@id":"https:\/\/regiaonews.net.br\/2022\/2024\/03\/18\/barretao-tem-mais-uma-grande-atracao-confirmada-zeze-di-camargo-luciano\/#breadcrumb"},"inLanguage":"pt-BR","potentialAction":[{"@type":"ReadAction","target":["https:\/\/regiaonews.net.br\/2022\/2024\/03\/18\/barretao-tem-mais-uma-grande-atracao-confirmada-zeze-di-camargo-luciano\/"]}]},{"@type":"ImageObject","inLanguage":"pt-BR","@id":"https:\/\/regiaonews.net.br\/2022\/2024\/03\/18\/barretao-tem-mais-uma-grande-atracao-confirmada-zeze-di-camargo-luciano\/#primaryimage","url":"https:\/\/regiaonews.net.br\/2022\/wp-content\/uploads\/2024\/03\/WhatsApp-Image-2024-03-18-at-17.36.51.jpeg","contentUrl":"https:\/\/regiaonews.net.br\/2022\/wp-content\/uploads\/2024\/03\/WhatsApp-Image-2024-03-18-at-17.36.51.jpeg","width":1600,"height":1066},{"@type":"BreadcrumbList","@id":"https:\/\/regiaonews.net.br\/2022\/2024\/03\/18\/barretao-tem-mais-uma-grande-atracao-confirmada-zeze-di-camargo-luciano\/#breadcrumb","itemListElement":[{"@type":"ListItem","position":1,"name":"In\u00edcio","item":"https:\/\/regiaonews.net.br\/2022\/"},{"@type":"ListItem","position":2,"name":"Barret\u00e3o tem mais uma grande atra\u00e7\u00e3o confirmada: Zez\u00e9 Di Camargo &#038; Luciano"}]},{"@type":"WebSite","@id":"https:\/\/regiaonews.net.br\/2022\/#website","url":"https:\/\/regiaonews.net.br\/2022\/","name":"Regi\u00e3o News","description":"Site de Not\u00edcias de Barretos e regi\u00e3o","publisher":{"@id":"https:\/\/regiaonews.net.br\/2022\/#organization"},"potentialAction":[{"@type":"SearchAction","target":{"@type":"EntryPoint","urlTemplate":"https:\/\/regiaonews.net.br\/2022\/?s={search_term_string}"},"query-input":{"@type":"PropertyValueSpecification","valueRequired":true,"valueName":"search_term_string"}}],"inLanguage":"pt-BR"},{"@type":"Organization","@id":"https:\/\/regiaonews.net.br\/2022\/#organization","name":"Regi\u00e3o News","url":"https:\/\/regiaonews.net.br\/2022\/","logo":{"@type":"ImageObject","inLanguage":"pt-BR","@id":"https:\/\/regiaonews.net.br\/2022\/#\/schema\/logo\/image\/","url":"https:\/\/regiaonews.net.br\/2022\/wp-content\/uploads\/2026\/03\/regiao-13-anos-scaled.jpg","contentUrl":"https:\/\/regiaonews.net.br\/2022\/wp-content\/uploads\/2026\/03\/regiao-13-anos-scaled.jpg","width":2560,"height":635,"caption":"Regi\u00e3o News"},"image":{"@id":"https:\/\/regiaonews.net.br\/2022\/#\/schema\/logo\/image\/"}},{"@type":"Person","@id":"https:\/\/regiaonews.net.br\/2022\/#\/schema\/person\/2d205a608a5aa97ac279d7a5e6d89ad8","name":"Roberto","image":{"@type":"ImageObject","inLanguage":"pt-BR","@id":"https:\/\/secure.gravatar.com\/avatar\/42749d8b712ff9d59ca93dc150494e5b55a44134482993f5baeb97e61b7ecc89?s=96&d=mm&r=g","url":"https:\/\/secure.gravatar.com\/avatar\/42749d8b712ff9d59ca93dc150494e5b55a44134482993f5baeb97e61b7ecc89?s=96&d=mm&r=g","contentUrl":"https:\/\/secure.gravatar.com\/avatar\/42749d8b712ff9d59ca93dc150494e5b55a44134482993f5baeb97e61b7ecc89?s=96&d=mm&r=g","caption":"Roberto"},"url":"https:\/\/regiaonews.net.br\/2022\/author\/roberto\/"}]}},"publishpress_future_action":{"enabled":false,"date":"2026-05-03 18:44:30","action":"change-status","newStatus":"draft","terms":[],"taxonomy":"category","extraData":[]},"publishpress_future_workflow_manual_trigger":{"enabledWorkflows":[]},"_links":{"self":[{"href":"https:\/\/regiaonews.net.br\/2022\/wp-json\/wp\/v2\/posts\/102580","targetHints":{"allow":["GET"]}}],"collection":[{"href":"https:\/\/regiaonews.net.br\/2022\/wp-json\/wp\/v2\/posts"}],"about":[{"href":"https:\/\/regiaonews.net.br\/2022\/wp-json\/wp\/v2\/types\/post"}],"author":[{"embeddable":true,"href":"https:\/\/regiaonews.net.br\/2022\/wp-json\/wp\/v2\/users\/2"}],"replies":[{"embeddable":true,"href":"https:\/\/regiaonews.net.br\/2022\/wp-json\/wp\/v2\/comments?post=102580"}],"version-history":[{"count":1,"href":"https:\/\/regiaonews.net.br\/2022\/wp-json\/wp\/v2\/posts\/102580\/revisions"}],"predecessor-version":[{"id":102583,"href":"https:\/\/regiaonews.net.br\/2022\/wp-json\/wp\/v2\/posts\/102580\/revisions\/102583"}],"wp:featuredmedia":[{"embeddable":true,"href":"https:\/\/regiaonews.net.br\/2022\/wp-json\/wp\/v2\/media\/102582"}],"wp:attachment":[{"href":"https:\/\/regiaonews.net.br\/2022\/wp-json\/wp\/v2\/media?parent=102580"}],"wp:term":[{"taxonomy":"category","embeddable":true,"href":"https:\/\/regiaonews.net.br\/2022\/wp-json\/wp\/v2\/categories?post=102580"},{"taxonomy":"post_tag","embeddable":true,"href":"https:\/\/regiaonews.net.br\/2022\/wp-json\/wp\/v2\/tags?post=102580"}],"curies":[{"name":"wp","href":"https:\/\/api.w.org\/{rel}","templated":true}]}}