{"id":102562,"date":"2024-03-18T18:37:51","date_gmt":"2024-03-18T21:37:51","guid":{"rendered":"https:\/\/regiaonews.net.br\/2022\/?p=102562"},"modified":"2024-03-18T18:37:51","modified_gmt":"2024-03-18T21:37:51","slug":"prefeitura-de-barretos-anuncia-chegada-de-mais-de-r-850-mil-reais-pela-lei-adir-blanc","status":"publish","type":"post","link":"https:\/\/regiaonews.net.br\/2022\/2024\/03\/18\/prefeitura-de-barretos-anuncia-chegada-de-mais-de-r-850-mil-reais-pela-lei-adir-blanc\/","title":{"rendered":"Prefeitura de Barretos anuncia chegada de mais de R$ 850 mil reais pela Lei Adir Blanc"},"content":{"rendered":"<p>&nbsp;<\/p>\n<p>Recurso ser\u00e1 destinado a projetos culturais local; artistas s\u00e3o convidados a apresentar propostas<\/p>\n<p>A Prefeitura da Est\u00e2ncia Tur\u00edstica de Barretos, anunciou a chegada de recursos no valor de R$ 859.753,57, destinados a investimentos na cultura local, provenientes da Lei Aldir Blanc em Barretos. Os recursos foram destinados ao munic\u00edpio, ap\u00f3s assinatura do Termo de Ades\u00e3o, com a aprova\u00e7\u00e3o de seu plano de A\u00e7\u00e3o da Pol\u00edtica Nacional Aldir Blanc pelo MINC \u2013 Minist\u00e9rio da Cultura.<\/p>\n<p>O an\u00fancio foi feito durante coletiva realizada na tarde de quinta-feira, 14 de mar\u00e7o, com a presen\u00e7a da prefeita de Barretos, Paula Lemos, do secret\u00e1rio municipal de Cultura e Economia Criativa, Rog\u00e9rio Teod\u00f3sio, da gestora de projetos, Sueli Fernandes e do chefe de gabinete da Secretaria de Cultura e Economia Criativa, Igor Santos. A coletiva foi realizada no audit\u00f3rio da Prefeitura, AV. Almirante Gago Coutinho.<\/p>\n<p>As metas e as a\u00e7\u00f5es para a implementa\u00e7\u00e3o dos recursos devem ser definidas junto \u00e0 sociedade civil, que deve auxiliar na constru\u00e7\u00e3o do Plano Anual de Aplica\u00e7\u00e3o dos Recursos &#8211; PAAR, que conter\u00e1 o detalhamento do planejamento referente \u00e0s a\u00e7\u00f5es para a execu\u00e7\u00e3o dos recursos da Aldir Blanc.<br \/>\nA Lei Aldir Blanc, diferentemente da sua primeira vers\u00e3o em car\u00e1ter emergencial, durante o per\u00edodo da pandemia da Covid 19, chega em 2024 de forma mais estruturada, possibilitando uma melhor aplica\u00e7\u00e3o no munic\u00edpio.<\/p>\n<p>Paula Lemos, prefeita de Barretos, destacou a import\u00e2ncia de investimentos no setor cultural e de economia criativa e disse que a not\u00edcia \u00e9 sin\u00f4nimo de felicidade e de desenvolvimento para a Est\u00e2ncia Tur\u00edstica de Barretos. \u201cEstou muito feliz hoje com essa not\u00edcia que coroa 4 anos de trabalho. Sa\u00edmos de um or\u00e7amento de 4 milh\u00f5es de reais para 8 milh\u00f5es, um or\u00e7amento que quase dobrou mediante o nosso compromisso com a cultura aliada \u00e0 educa\u00e7\u00e3o e outros setores. Acreditamos na cultura, na sua import\u00e2ncia e a chegada desses recursos deve contribuir ainda mais no desenvolvimento cultural em nossa cidade\u201d, disse.<\/p>\n<p>Aplica\u00e7\u00e3o do recurso da Aldir Blanc<br \/>\nDe acordo com o Plano Municipal de A\u00e7\u00e3o da Pol\u00edtica Nacional Aldir Blanc, os recursos devem ser destinadas:<br \/>\nR$ 214.938,39 no fortalecimento de a\u00e7\u00f5es da Pol\u00edtica Nacional de Cultura Viva<br \/>\nR$ 644.815,18 em:<\/p>\n<p>1-80%<br \/>\na)Editais, chamadas p\u00fablicas, pr\u00eamios, aquisi\u00e7\u00e3o de bens e servi\u00e7os vinculados ao setor cultural e outros instrumentos destinados \u00e0 manuten\u00e7\u00e3o de agentes, de espa\u00e7os, de iniciativas, de cursos, de produ\u00e7\u00f5es, de desenvolvimento de atividades de economia criativa e de economia solid\u00e1ria, de produ\u00e7\u00f5es audiovisuais, de manifesta\u00e7\u00f5es culturais, bem como \u00e0 realiza\u00e7\u00e3o de atividades art\u00edsticas e culturais que possam ser transmitidas por meios telem\u00e1ticos e digitais;<br \/>\nb)Subs\u00eddio para manuten\u00e7\u00e3o de espa\u00e7os art\u00edsticos e de ambientes culturais que desenvolvam atividades regulares de forma permanente em seus territ\u00f3rios e comunidades;<\/p>\n<p>2 \u2013 20% do valor total do recurso recebido pelo ente federativo deve ser utilizado a fim de fomentar a\u00e7\u00f5es, projetos e programas realizados em \u00e1reas perif\u00e9ricas, urbanas e rurais, bem como em \u00e1reas de povos e comunidades tradicionais, por meio de editais de chamamento p\u00fablico, e outros instrumentos que permitam o apoio \u00e0 produ\u00e7\u00e3o cultural nesses territ\u00f3rios<\/p>\n<p>3 &#8211; 5% &#8211; 42.987,68 &#8211; operacionaliza\u00e7\u00e3o (oficinas, consultorias, pareceristas etc..)<br \/>\nTOTAL: R$ 859.753,57<\/p>\n<p>Convite \u00e0 classe art\u00edstica<\/p>\n<p>Durante a coletiva foi feito convite \u00e0 classe art\u00edstica para participar dos processos de defini\u00e7\u00e3o para aplica\u00e7\u00e3o do recurso no munic\u00edpio. Para a participa\u00e7\u00e3o \u00e9 preciso preencher um cadastro em formato google forms que ser\u00e1 disponibilizado no site da Prefeitura de Barretos, aba Secretaria Municipal de Cultura e Economia Criativa, conforme explica o secret\u00e1rio municipal de cultura, Rog\u00e9rio Teod\u00f3sio: \u201cN\u00f3s vamos utilizar as redes sociais da secretaria e site para que tanto artistas, quanto representantes de espa\u00e7os culturais possam participar desse processo\u201d, disse.<br \/>\nA defini\u00e7\u00e3o da utiliza\u00e7\u00e3o desses recursos ser\u00e1 definida junto \u00e0 sociedade civil, conforme explica a gestora de projetos, Sueli Fernandes \u201cPrecisamos fazer uma escuta com a sociedade civil para entendermos onde e como esses recursos devem ser investidos. As reuni\u00f5es ser\u00e3o realizadas nos dias 22 e 27 de mar\u00e7o \u00e0s 19h em formato on-line. O link ser\u00e1 disponibilizado pelo Instagram da Secretaria Municipal de Cultura @culturabarretos2023 e pelo grupo de WhatsApp que ser\u00e1 montado para essa finalidade. Interessados em participar podem entrar em contato pelo Instagram ou presencialmente na Secretaria Municipal de Cultura\u201d, explicou.<\/p>\n<p>Homenagens<\/p>\n<p>Durante a coletiva, a prefeita de Barretos, Paula Lemos disse que quer homenagear os artistas Adonias Garcia e Jos\u00e9 Ant\u00f4nio Merenda durante o processo de cadastro dos artistas de Barretos \u201cQuero fazer essa homenagem a pessoas que viveram suas vidas em prol de uma causa, de defender a arte e a cultura\u201d, contou.<\/p>\n","protected":false},"excerpt":{"rendered":"<p>&nbsp; Recurso ser\u00e1 destinado a projetos culturais local; artistas s\u00e3o<\/p>\n","protected":false},"author":2,"featured_media":102563,"comment_status":"open","ping_status":"open","sticky":false,"template":"","format":"standard","meta":{"footnotes":""},"categories":[14,25],"tags":[],"class_list":["post-102562","post","type-post","status-publish","format-standard","has-post-thumbnail","hentry","category-barretos","category-cidades"],"yoast_head":"<!-- This site is optimized with the Yoast SEO plugin v27.4 - https:\/\/yoast.com\/product\/yoast-seo-wordpress\/ -->\n<title>Prefeitura de Barretos anuncia chegada de mais de R$ 850 mil reais pela Lei Adir Blanc - Regi\u00e3o News<\/title>\n<meta name=\"robots\" content=\"index, follow, max-snippet:-1, max-image-preview:large, max-video-preview:-1\" \/>\n<link rel=\"canonical\" href=\"https:\/\/regiaonews.net.br\/2022\/2024\/03\/18\/prefeitura-de-barretos-anuncia-chegada-de-mais-de-r-850-mil-reais-pela-lei-adir-blanc\/\" \/>\n<meta property=\"og:locale\" content=\"pt_BR\" \/>\n<meta property=\"og:type\" content=\"article\" \/>\n<meta property=\"og:title\" content=\"Prefeitura de Barretos anuncia chegada de mais de R$ 850 mil reais pela Lei Adir Blanc - Regi\u00e3o News\" \/>\n<meta property=\"og:description\" content=\"&nbsp; Recurso ser\u00e1 destinado a projetos culturais local; artistas s\u00e3o\" \/>\n<meta property=\"og:url\" content=\"https:\/\/regiaonews.net.br\/2022\/2024\/03\/18\/prefeitura-de-barretos-anuncia-chegada-de-mais-de-r-850-mil-reais-pela-lei-adir-blanc\/\" \/>\n<meta property=\"og:site_name\" content=\"Regi\u00e3o News\" \/>\n<meta property=\"article:published_time\" content=\"2024-03-18T21:37:51+00:00\" \/>\n<meta property=\"og:image\" content=\"https:\/\/regiaonews.net.br\/2022\/wp-content\/uploads\/2024\/03\/WhatsApp-Image-2024-03-18-at-15.59.26.jpeg\" \/>\n\t<meta property=\"og:image:width\" content=\"1600\" \/>\n\t<meta property=\"og:image:height\" content=\"1069\" \/>\n\t<meta property=\"og:image:type\" content=\"image\/jpeg\" \/>\n<meta name=\"author\" content=\"Roberto\" \/>\n<meta name=\"twitter:card\" content=\"summary_large_image\" \/>\n<meta name=\"twitter:label1\" content=\"Escrito por\" \/>\n\t<meta name=\"twitter:data1\" content=\"Roberto\" \/>\n\t<meta name=\"twitter:label2\" content=\"Est. tempo de leitura\" \/>\n\t<meta name=\"twitter:data2\" content=\"5 minutos\" \/>\n<script type=\"application\/ld+json\" class=\"yoast-schema-graph\">{\"@context\":\"https:\\\/\\\/schema.org\",\"@graph\":[{\"@type\":\"Article\",\"@id\":\"https:\\\/\\\/regiaonews.net.br\\\/2022\\\/2024\\\/03\\\/18\\\/prefeitura-de-barretos-anuncia-chegada-de-mais-de-r-850-mil-reais-pela-lei-adir-blanc\\\/#article\",\"isPartOf\":{\"@id\":\"https:\\\/\\\/regiaonews.net.br\\\/2022\\\/2024\\\/03\\\/18\\\/prefeitura-de-barretos-anuncia-chegada-de-mais-de-r-850-mil-reais-pela-lei-adir-blanc\\\/\"},\"author\":{\"name\":\"Roberto\",\"@id\":\"https:\\\/\\\/regiaonews.net.br\\\/2022\\\/#\\\/schema\\\/person\\\/2d205a608a5aa97ac279d7a5e6d89ad8\"},\"headline\":\"Prefeitura de Barretos anuncia chegada de mais de R$ 850 mil reais pela Lei Adir Blanc\",\"datePublished\":\"2024-03-18T21:37:51+00:00\",\"mainEntityOfPage\":{\"@id\":\"https:\\\/\\\/regiaonews.net.br\\\/2022\\\/2024\\\/03\\\/18\\\/prefeitura-de-barretos-anuncia-chegada-de-mais-de-r-850-mil-reais-pela-lei-adir-blanc\\\/\"},\"wordCount\":829,\"commentCount\":0,\"publisher\":{\"@id\":\"https:\\\/\\\/regiaonews.net.br\\\/2022\\\/#organization\"},\"image\":{\"@id\":\"https:\\\/\\\/regiaonews.net.br\\\/2022\\\/2024\\\/03\\\/18\\\/prefeitura-de-barretos-anuncia-chegada-de-mais-de-r-850-mil-reais-pela-lei-adir-blanc\\\/#primaryimage\"},\"thumbnailUrl\":\"https:\\\/\\\/regiaonews.net.br\\\/2022\\\/wp-content\\\/uploads\\\/2024\\\/03\\\/WhatsApp-Image-2024-03-18-at-15.59.26.jpeg\",\"articleSection\":[\"Barretos\",\"Cidades\"],\"inLanguage\":\"pt-BR\",\"potentialAction\":[{\"@type\":\"CommentAction\",\"name\":\"Comment\",\"target\":[\"https:\\\/\\\/regiaonews.net.br\\\/2022\\\/2024\\\/03\\\/18\\\/prefeitura-de-barretos-anuncia-chegada-de-mais-de-r-850-mil-reais-pela-lei-adir-blanc\\\/#respond\"]}]},{\"@type\":\"WebPage\",\"@id\":\"https:\\\/\\\/regiaonews.net.br\\\/2022\\\/2024\\\/03\\\/18\\\/prefeitura-de-barretos-anuncia-chegada-de-mais-de-r-850-mil-reais-pela-lei-adir-blanc\\\/\",\"url\":\"https:\\\/\\\/regiaonews.net.br\\\/2022\\\/2024\\\/03\\\/18\\\/prefeitura-de-barretos-anuncia-chegada-de-mais-de-r-850-mil-reais-pela-lei-adir-blanc\\\/\",\"name\":\"Prefeitura de Barretos anuncia chegada de mais de R$ 850 mil reais pela Lei Adir Blanc - Regi\u00e3o News\",\"isPartOf\":{\"@id\":\"https:\\\/\\\/regiaonews.net.br\\\/2022\\\/#website\"},\"primaryImageOfPage\":{\"@id\":\"https:\\\/\\\/regiaonews.net.br\\\/2022\\\/2024\\\/03\\\/18\\\/prefeitura-de-barretos-anuncia-chegada-de-mais-de-r-850-mil-reais-pela-lei-adir-blanc\\\/#primaryimage\"},\"image\":{\"@id\":\"https:\\\/\\\/regiaonews.net.br\\\/2022\\\/2024\\\/03\\\/18\\\/prefeitura-de-barretos-anuncia-chegada-de-mais-de-r-850-mil-reais-pela-lei-adir-blanc\\\/#primaryimage\"},\"thumbnailUrl\":\"https:\\\/\\\/regiaonews.net.br\\\/2022\\\/wp-content\\\/uploads\\\/2024\\\/03\\\/WhatsApp-Image-2024-03-18-at-15.59.26.jpeg\",\"datePublished\":\"2024-03-18T21:37:51+00:00\",\"breadcrumb\":{\"@id\":\"https:\\\/\\\/regiaonews.net.br\\\/2022\\\/2024\\\/03\\\/18\\\/prefeitura-de-barretos-anuncia-chegada-de-mais-de-r-850-mil-reais-pela-lei-adir-blanc\\\/#breadcrumb\"},\"inLanguage\":\"pt-BR\",\"potentialAction\":[{\"@type\":\"ReadAction\",\"target\":[\"https:\\\/\\\/regiaonews.net.br\\\/2022\\\/2024\\\/03\\\/18\\\/prefeitura-de-barretos-anuncia-chegada-de-mais-de-r-850-mil-reais-pela-lei-adir-blanc\\\/\"]}]},{\"@type\":\"ImageObject\",\"inLanguage\":\"pt-BR\",\"@id\":\"https:\\\/\\\/regiaonews.net.br\\\/2022\\\/2024\\\/03\\\/18\\\/prefeitura-de-barretos-anuncia-chegada-de-mais-de-r-850-mil-reais-pela-lei-adir-blanc\\\/#primaryimage\",\"url\":\"https:\\\/\\\/regiaonews.net.br\\\/2022\\\/wp-content\\\/uploads\\\/2024\\\/03\\\/WhatsApp-Image-2024-03-18-at-15.59.26.jpeg\",\"contentUrl\":\"https:\\\/\\\/regiaonews.net.br\\\/2022\\\/wp-content\\\/uploads\\\/2024\\\/03\\\/WhatsApp-Image-2024-03-18-at-15.59.26.jpeg\",\"width\":1600,\"height\":1069},{\"@type\":\"BreadcrumbList\",\"@id\":\"https:\\\/\\\/regiaonews.net.br\\\/2022\\\/2024\\\/03\\\/18\\\/prefeitura-de-barretos-anuncia-chegada-de-mais-de-r-850-mil-reais-pela-lei-adir-blanc\\\/#breadcrumb\",\"itemListElement\":[{\"@type\":\"ListItem\",\"position\":1,\"name\":\"In\u00edcio\",\"item\":\"https:\\\/\\\/regiaonews.net.br\\\/2022\\\/\"},{\"@type\":\"ListItem\",\"position\":2,\"name\":\"Prefeitura de Barretos anuncia chegada de mais de R$ 850 mil reais pela Lei Adir Blanc\"}]},{\"@type\":\"WebSite\",\"@id\":\"https:\\\/\\\/regiaonews.net.br\\\/2022\\\/#website\",\"url\":\"https:\\\/\\\/regiaonews.net.br\\\/2022\\\/\",\"name\":\"Regi\u00e3o News\",\"description\":\"Site de Not\u00edcias de Barretos e regi\u00e3o\",\"publisher\":{\"@id\":\"https:\\\/\\\/regiaonews.net.br\\\/2022\\\/#organization\"},\"potentialAction\":[{\"@type\":\"SearchAction\",\"target\":{\"@type\":\"EntryPoint\",\"urlTemplate\":\"https:\\\/\\\/regiaonews.net.br\\\/2022\\\/?s={search_term_string}\"},\"query-input\":{\"@type\":\"PropertyValueSpecification\",\"valueRequired\":true,\"valueName\":\"search_term_string\"}}],\"inLanguage\":\"pt-BR\"},{\"@type\":\"Organization\",\"@id\":\"https:\\\/\\\/regiaonews.net.br\\\/2022\\\/#organization\",\"name\":\"Regi\u00e3o News\",\"url\":\"https:\\\/\\\/regiaonews.net.br\\\/2022\\\/\",\"logo\":{\"@type\":\"ImageObject\",\"inLanguage\":\"pt-BR\",\"@id\":\"https:\\\/\\\/regiaonews.net.br\\\/2022\\\/#\\\/schema\\\/logo\\\/image\\\/\",\"url\":\"https:\\\/\\\/regiaonews.net.br\\\/2022\\\/wp-content\\\/uploads\\\/2026\\\/03\\\/regiao-13-anos-scaled.jpg\",\"contentUrl\":\"https:\\\/\\\/regiaonews.net.br\\\/2022\\\/wp-content\\\/uploads\\\/2026\\\/03\\\/regiao-13-anos-scaled.jpg\",\"width\":2560,\"height\":635,\"caption\":\"Regi\u00e3o News\"},\"image\":{\"@id\":\"https:\\\/\\\/regiaonews.net.br\\\/2022\\\/#\\\/schema\\\/logo\\\/image\\\/\"}},{\"@type\":\"Person\",\"@id\":\"https:\\\/\\\/regiaonews.net.br\\\/2022\\\/#\\\/schema\\\/person\\\/2d205a608a5aa97ac279d7a5e6d89ad8\",\"name\":\"Roberto\",\"image\":{\"@type\":\"ImageObject\",\"inLanguage\":\"pt-BR\",\"@id\":\"https:\\\/\\\/secure.gravatar.com\\\/avatar\\\/42749d8b712ff9d59ca93dc150494e5b55a44134482993f5baeb97e61b7ecc89?s=96&d=mm&r=g\",\"url\":\"https:\\\/\\\/secure.gravatar.com\\\/avatar\\\/42749d8b712ff9d59ca93dc150494e5b55a44134482993f5baeb97e61b7ecc89?s=96&d=mm&r=g\",\"contentUrl\":\"https:\\\/\\\/secure.gravatar.com\\\/avatar\\\/42749d8b712ff9d59ca93dc150494e5b55a44134482993f5baeb97e61b7ecc89?s=96&d=mm&r=g\",\"caption\":\"Roberto\"},\"url\":\"https:\\\/\\\/regiaonews.net.br\\\/2022\\\/author\\\/roberto\\\/\"}]}<\/script>\n<!-- \/ Yoast SEO plugin. -->","yoast_head_json":{"title":"Prefeitura de Barretos anuncia chegada de mais de R$ 850 mil reais pela Lei Adir Blanc - Regi\u00e3o News","robots":{"index":"index","follow":"follow","max-snippet":"max-snippet:-1","max-image-preview":"max-image-preview:large","max-video-preview":"max-video-preview:-1"},"canonical":"https:\/\/regiaonews.net.br\/2022\/2024\/03\/18\/prefeitura-de-barretos-anuncia-chegada-de-mais-de-r-850-mil-reais-pela-lei-adir-blanc\/","og_locale":"pt_BR","og_type":"article","og_title":"Prefeitura de Barretos anuncia chegada de mais de R$ 850 mil reais pela Lei Adir Blanc - Regi\u00e3o News","og_description":"&nbsp; Recurso ser\u00e1 destinado a projetos culturais local; artistas s\u00e3o","og_url":"https:\/\/regiaonews.net.br\/2022\/2024\/03\/18\/prefeitura-de-barretos-anuncia-chegada-de-mais-de-r-850-mil-reais-pela-lei-adir-blanc\/","og_site_name":"Regi\u00e3o News","article_published_time":"2024-03-18T21:37:51+00:00","og_image":[{"width":1600,"height":1069,"url":"https:\/\/regiaonews.net.br\/2022\/wp-content\/uploads\/2024\/03\/WhatsApp-Image-2024-03-18-at-15.59.26.jpeg","type":"image\/jpeg"}],"author":"Roberto","twitter_card":"summary_large_image","twitter_misc":{"Escrito por":"Roberto","Est. tempo de leitura":"5 minutos"},"schema":{"@context":"https:\/\/schema.org","@graph":[{"@type":"Article","@id":"https:\/\/regiaonews.net.br\/2022\/2024\/03\/18\/prefeitura-de-barretos-anuncia-chegada-de-mais-de-r-850-mil-reais-pela-lei-adir-blanc\/#article","isPartOf":{"@id":"https:\/\/regiaonews.net.br\/2022\/2024\/03\/18\/prefeitura-de-barretos-anuncia-chegada-de-mais-de-r-850-mil-reais-pela-lei-adir-blanc\/"},"author":{"name":"Roberto","@id":"https:\/\/regiaonews.net.br\/2022\/#\/schema\/person\/2d205a608a5aa97ac279d7a5e6d89ad8"},"headline":"Prefeitura de Barretos anuncia chegada de mais de R$ 850 mil reais pela Lei Adir Blanc","datePublished":"2024-03-18T21:37:51+00:00","mainEntityOfPage":{"@id":"https:\/\/regiaonews.net.br\/2022\/2024\/03\/18\/prefeitura-de-barretos-anuncia-chegada-de-mais-de-r-850-mil-reais-pela-lei-adir-blanc\/"},"wordCount":829,"commentCount":0,"publisher":{"@id":"https:\/\/regiaonews.net.br\/2022\/#organization"},"image":{"@id":"https:\/\/regiaonews.net.br\/2022\/2024\/03\/18\/prefeitura-de-barretos-anuncia-chegada-de-mais-de-r-850-mil-reais-pela-lei-adir-blanc\/#primaryimage"},"thumbnailUrl":"https:\/\/regiaonews.net.br\/2022\/wp-content\/uploads\/2024\/03\/WhatsApp-Image-2024-03-18-at-15.59.26.jpeg","articleSection":["Barretos","Cidades"],"inLanguage":"pt-BR","potentialAction":[{"@type":"CommentAction","name":"Comment","target":["https:\/\/regiaonews.net.br\/2022\/2024\/03\/18\/prefeitura-de-barretos-anuncia-chegada-de-mais-de-r-850-mil-reais-pela-lei-adir-blanc\/#respond"]}]},{"@type":"WebPage","@id":"https:\/\/regiaonews.net.br\/2022\/2024\/03\/18\/prefeitura-de-barretos-anuncia-chegada-de-mais-de-r-850-mil-reais-pela-lei-adir-blanc\/","url":"https:\/\/regiaonews.net.br\/2022\/2024\/03\/18\/prefeitura-de-barretos-anuncia-chegada-de-mais-de-r-850-mil-reais-pela-lei-adir-blanc\/","name":"Prefeitura de Barretos anuncia chegada de mais de R$ 850 mil reais pela Lei Adir Blanc - Regi\u00e3o News","isPartOf":{"@id":"https:\/\/regiaonews.net.br\/2022\/#website"},"primaryImageOfPage":{"@id":"https:\/\/regiaonews.net.br\/2022\/2024\/03\/18\/prefeitura-de-barretos-anuncia-chegada-de-mais-de-r-850-mil-reais-pela-lei-adir-blanc\/#primaryimage"},"image":{"@id":"https:\/\/regiaonews.net.br\/2022\/2024\/03\/18\/prefeitura-de-barretos-anuncia-chegada-de-mais-de-r-850-mil-reais-pela-lei-adir-blanc\/#primaryimage"},"thumbnailUrl":"https:\/\/regiaonews.net.br\/2022\/wp-content\/uploads\/2024\/03\/WhatsApp-Image-2024-03-18-at-15.59.26.jpeg","datePublished":"2024-03-18T21:37:51+00:00","breadcrumb":{"@id":"https:\/\/regiaonews.net.br\/2022\/2024\/03\/18\/prefeitura-de-barretos-anuncia-chegada-de-mais-de-r-850-mil-reais-pela-lei-adir-blanc\/#breadcrumb"},"inLanguage":"pt-BR","potentialAction":[{"@type":"ReadAction","target":["https:\/\/regiaonews.net.br\/2022\/2024\/03\/18\/prefeitura-de-barretos-anuncia-chegada-de-mais-de-r-850-mil-reais-pela-lei-adir-blanc\/"]}]},{"@type":"ImageObject","inLanguage":"pt-BR","@id":"https:\/\/regiaonews.net.br\/2022\/2024\/03\/18\/prefeitura-de-barretos-anuncia-chegada-de-mais-de-r-850-mil-reais-pela-lei-adir-blanc\/#primaryimage","url":"https:\/\/regiaonews.net.br\/2022\/wp-content\/uploads\/2024\/03\/WhatsApp-Image-2024-03-18-at-15.59.26.jpeg","contentUrl":"https:\/\/regiaonews.net.br\/2022\/wp-content\/uploads\/2024\/03\/WhatsApp-Image-2024-03-18-at-15.59.26.jpeg","width":1600,"height":1069},{"@type":"BreadcrumbList","@id":"https:\/\/regiaonews.net.br\/2022\/2024\/03\/18\/prefeitura-de-barretos-anuncia-chegada-de-mais-de-r-850-mil-reais-pela-lei-adir-blanc\/#breadcrumb","itemListElement":[{"@type":"ListItem","position":1,"name":"In\u00edcio","item":"https:\/\/regiaonews.net.br\/2022\/"},{"@type":"ListItem","position":2,"name":"Prefeitura de Barretos anuncia chegada de mais de R$ 850 mil reais pela Lei Adir Blanc"}]},{"@type":"WebSite","@id":"https:\/\/regiaonews.net.br\/2022\/#website","url":"https:\/\/regiaonews.net.br\/2022\/","name":"Regi\u00e3o News","description":"Site de Not\u00edcias de Barretos e regi\u00e3o","publisher":{"@id":"https:\/\/regiaonews.net.br\/2022\/#organization"},"potentialAction":[{"@type":"SearchAction","target":{"@type":"EntryPoint","urlTemplate":"https:\/\/regiaonews.net.br\/2022\/?s={search_term_string}"},"query-input":{"@type":"PropertyValueSpecification","valueRequired":true,"valueName":"search_term_string"}}],"inLanguage":"pt-BR"},{"@type":"Organization","@id":"https:\/\/regiaonews.net.br\/2022\/#organization","name":"Regi\u00e3o News","url":"https:\/\/regiaonews.net.br\/2022\/","logo":{"@type":"ImageObject","inLanguage":"pt-BR","@id":"https:\/\/regiaonews.net.br\/2022\/#\/schema\/logo\/image\/","url":"https:\/\/regiaonews.net.br\/2022\/wp-content\/uploads\/2026\/03\/regiao-13-anos-scaled.jpg","contentUrl":"https:\/\/regiaonews.net.br\/2022\/wp-content\/uploads\/2026\/03\/regiao-13-anos-scaled.jpg","width":2560,"height":635,"caption":"Regi\u00e3o News"},"image":{"@id":"https:\/\/regiaonews.net.br\/2022\/#\/schema\/logo\/image\/"}},{"@type":"Person","@id":"https:\/\/regiaonews.net.br\/2022\/#\/schema\/person\/2d205a608a5aa97ac279d7a5e6d89ad8","name":"Roberto","image":{"@type":"ImageObject","inLanguage":"pt-BR","@id":"https:\/\/secure.gravatar.com\/avatar\/42749d8b712ff9d59ca93dc150494e5b55a44134482993f5baeb97e61b7ecc89?s=96&d=mm&r=g","url":"https:\/\/secure.gravatar.com\/avatar\/42749d8b712ff9d59ca93dc150494e5b55a44134482993f5baeb97e61b7ecc89?s=96&d=mm&r=g","contentUrl":"https:\/\/secure.gravatar.com\/avatar\/42749d8b712ff9d59ca93dc150494e5b55a44134482993f5baeb97e61b7ecc89?s=96&d=mm&r=g","caption":"Roberto"},"url":"https:\/\/regiaonews.net.br\/2022\/author\/roberto\/"}]}},"publishpress_future_action":{"enabled":false,"date":"2026-05-03 18:58:13","action":"change-status","newStatus":"draft","terms":[],"taxonomy":"category","extraData":[]},"publishpress_future_workflow_manual_trigger":{"enabledWorkflows":[]},"_links":{"self":[{"href":"https:\/\/regiaonews.net.br\/2022\/wp-json\/wp\/v2\/posts\/102562","targetHints":{"allow":["GET"]}}],"collection":[{"href":"https:\/\/regiaonews.net.br\/2022\/wp-json\/wp\/v2\/posts"}],"about":[{"href":"https:\/\/regiaonews.net.br\/2022\/wp-json\/wp\/v2\/types\/post"}],"author":[{"embeddable":true,"href":"https:\/\/regiaonews.net.br\/2022\/wp-json\/wp\/v2\/users\/2"}],"replies":[{"embeddable":true,"href":"https:\/\/regiaonews.net.br\/2022\/wp-json\/wp\/v2\/comments?post=102562"}],"version-history":[{"count":1,"href":"https:\/\/regiaonews.net.br\/2022\/wp-json\/wp\/v2\/posts\/102562\/revisions"}],"predecessor-version":[{"id":102564,"href":"https:\/\/regiaonews.net.br\/2022\/wp-json\/wp\/v2\/posts\/102562\/revisions\/102564"}],"wp:featuredmedia":[{"embeddable":true,"href":"https:\/\/regiaonews.net.br\/2022\/wp-json\/wp\/v2\/media\/102563"}],"wp:attachment":[{"href":"https:\/\/regiaonews.net.br\/2022\/wp-json\/wp\/v2\/media?parent=102562"}],"wp:term":[{"taxonomy":"category","embeddable":true,"href":"https:\/\/regiaonews.net.br\/2022\/wp-json\/wp\/v2\/categories?post=102562"},{"taxonomy":"post_tag","embeddable":true,"href":"https:\/\/regiaonews.net.br\/2022\/wp-json\/wp\/v2\/tags?post=102562"}],"curies":[{"name":"wp","href":"https:\/\/api.w.org\/{rel}","templated":true}]}}