{"id":102556,"date":"2024-03-18T16:33:36","date_gmt":"2024-03-18T19:33:36","guid":{"rendered":"https:\/\/regiaonews.net.br\/2022\/?p=102556"},"modified":"2024-03-18T16:37:53","modified_gmt":"2024-03-18T19:37:53","slug":"dois-homens-foram-presos-temporariamente-por-suspeita-em-morte-de-mulher","status":"publish","type":"post","link":"https:\/\/regiaonews.net.br\/2022\/2024\/03\/18\/dois-homens-foram-presos-temporariamente-por-suspeita-em-morte-de-mulher\/","title":{"rendered":"Dois homens foram presos temporariamente por suspeita em morte de mulher trans em Gua\u00edra"},"content":{"rendered":"<p>A Pol\u00edcia Civil do Estado de S\u00e3o Paulo, por interm\u00e9dio da Delegacia de Pol\u00edcia de Gua\u00edra, no in\u00edcio da tarde de hoje, representou ao Poder Judici\u00e1rio pelas pris\u00f5es tempor\u00e1rias de dois homens, um de 24 e outros de 22 anos, suspeitos de terem envolvimento com o homic\u00eddio de uma mulher trans de 26 anos, naquele munic\u00edpio.<\/p>\n<p>Os policiais tomaram conhecimento de que, na \u00faltima quinta-feira, a v\u00edtima teria desaparecido, sem dar mais not\u00edcias aos seus familiares. Desde ent\u00e3o, as investiga\u00e7\u00f5es se iniciaram, sem \u00eaxito, no entanto na localiza\u00e7\u00e3o da mulher.<\/p>\n<p>Na manh\u00e3 de hoje, os agentes souberam que o corpo da mulher havia sido encontrado, em um terreno baldio no Bairro Eldorado. O corpo estava envolto em um colch\u00e3o e dentro de um &#8220;bag&#8221; (embalagem normalmente utilizada para armazenamento de gr\u00e3os).<\/p>\n<p>De forma conjunta com a Pol\u00edcia Militar de Gua\u00edra, os agentes identificaram testemunhas e analisaram imagens de c\u00e2meras de seguran\u00e7a, as quais mostravam um homem transportando uma &#8220;bag&#8221; e ingressando no terreno, na tarde do \u00faltimo s\u00e1bado.<\/p>\n<p>Rapidamente, os policiais civis e militares conseguiram identificar o homem de 22 anos, o qual teria se mudado recentemente para Gua\u00edra, proveniente do Estado do Pernambuco. De posse da qualifica\u00e7\u00e3o do homem, a Pol\u00edcia Militar de Gua\u00edra, por meio das equipes chefiadas pelo Cap PM Vilela o localizou na resid\u00eancia de seu pai, no bairro CECAP, tamb\u00e9m em Gua\u00edra.<\/p>\n<p>O homem foi apresentado ao Delegado de Pol\u00edcia e verificou-se que ele era &#8220;procurado&#8221; da Justi\u00e7a do Estado do Pernambuco. Ele cumpria regime semiaberto e n\u00e3o se apresentou de volta ao pres\u00eddio, onde cumpria pena de 17 anos pela pr\u00e1tica de crime de roubo naquele Estado.<\/p>\n<p>Diante disso, ele foi preso por conta do mandado daquele Estado. Interrogado pelo Delegado de Pol\u00edcia Rafael Faria Domingos, o indiv\u00edduo assumiu ter participado da oculta\u00e7\u00e3o de cad\u00e1ver. Disse, no entanto, que quem teria praticado o homic\u00eddio seria o outro homem, de 24 anos.<\/p>\n<p>A Pol\u00edcia Militar de Gua\u00edra localizou, em seguida, este outro homem. Na Delegacia, apurou-se que ele tamb\u00e9m era &#8220;procurado&#8221; da Justi\u00e7a pela pr\u00e1tica de tr\u00e1fico de drogas em Itanha\u00e9m, no litoral de S\u00e3o Paulo. Interrogado, ele negou participa\u00e7\u00e3o no crime, relatando que o outro homem havia admitido ter matado a v\u00edtima, mediante enforcamento.<\/p>\n<p>Diante de todos os elementos coletados, o Delegado de Pol\u00edcia representou ao Poder Judici\u00e1rio pela decreta\u00e7\u00e3o das pris\u00f5es tempor\u00e1rias dos dois homens, a fim de que as investiga\u00e7\u00f5es esclare\u00e7am de forma cabal o ocorrido.<\/p>\n<p>&nbsp;<\/p>\n<div style=\"width: 640px;\" class=\"wp-video\"><video class=\"wp-video-shortcode\" id=\"video-102556-1\" width=\"640\" height=\"361\" preload=\"metadata\" controls=\"controls\"><source type=\"video\/mp4\" src=\"https:\/\/regiaonews.net.br\/2022\/wp-content\/uploads\/2024\/03\/WhatsApp-Video-2024-03-18-at-15.54.57.mp4?_=1\" \/><a href=\"https:\/\/regiaonews.net.br\/2022\/wp-content\/uploads\/2024\/03\/WhatsApp-Video-2024-03-18-at-15.54.57.mp4\">https:\/\/regiaonews.net.br\/2022\/wp-content\/uploads\/2024\/03\/WhatsApp-Video-2024-03-18-at-15.54.57.mp4<\/a><\/video><\/div>\n<div style=\"width: 472px;\" class=\"wp-video\"><video class=\"wp-video-shortcode\" id=\"video-102556-2\" width=\"472\" height=\"850\" preload=\"metadata\" controls=\"controls\"><source type=\"video\/mp4\" src=\"https:\/\/regiaonews.net.br\/2022\/wp-content\/uploads\/2024\/03\/WhatsApp-Video-2024-03-18-at-15.54.58.mp4?_=2\" \/><a href=\"https:\/\/regiaonews.net.br\/2022\/wp-content\/uploads\/2024\/03\/WhatsApp-Video-2024-03-18-at-15.54.58.mp4\">https:\/\/regiaonews.net.br\/2022\/wp-content\/uploads\/2024\/03\/WhatsApp-Video-2024-03-18-at-15.54.58.mp4<\/a><\/video><\/div>\n<p>De toda forma, eles foram transferidos para Cadeia P\u00fablica de Colina em raz\u00e3o da exist\u00eancias dos mandados de pris\u00e3o por roubo e tr\u00e1fico de drogas, onde aguardam a decis\u00e3o judicial sobre suas pris\u00f5es tempor\u00e1rias.<\/p>\n","protected":false},"excerpt":{"rendered":"<p>A Pol\u00edcia Civil do Estado de S\u00e3o Paulo, por interm\u00e9dio<\/p>\n","protected":false},"author":2,"featured_media":102545,"comment_status":"open","ping_status":"open","sticky":false,"template":"","format":"standard","meta":{"footnotes":""},"categories":[8,23],"tags":[],"class_list":["post-102556","post","type-post","status-publish","format-standard","has-post-thumbnail","hentry","category-guaira","category-policia"],"yoast_head":"<!-- This site is optimized with the Yoast SEO plugin v27.4 - https:\/\/yoast.com\/product\/yoast-seo-wordpress\/ -->\n<title>Dois homens foram presos temporariamente por suspeita em morte de mulher trans em Gua\u00edra - Regi\u00e3o News<\/title>\n<meta name=\"robots\" content=\"index, follow, max-snippet:-1, max-image-preview:large, max-video-preview:-1\" \/>\n<link rel=\"canonical\" href=\"https:\/\/regiaonews.net.br\/2022\/2024\/03\/18\/dois-homens-foram-presos-temporariamente-por-suspeita-em-morte-de-mulher\/\" \/>\n<meta property=\"og:locale\" content=\"pt_BR\" \/>\n<meta property=\"og:type\" content=\"article\" \/>\n<meta property=\"og:title\" content=\"Dois homens foram presos temporariamente por suspeita em morte de mulher trans em Gua\u00edra - Regi\u00e3o News\" \/>\n<meta property=\"og:description\" content=\"A Pol\u00edcia Civil do Estado de S\u00e3o Paulo, por interm\u00e9dio\" \/>\n<meta property=\"og:url\" content=\"https:\/\/regiaonews.net.br\/2022\/2024\/03\/18\/dois-homens-foram-presos-temporariamente-por-suspeita-em-morte-de-mulher\/\" \/>\n<meta property=\"og:site_name\" content=\"Regi\u00e3o News\" \/>\n<meta property=\"article:published_time\" content=\"2024-03-18T19:33:36+00:00\" \/>\n<meta property=\"article:modified_time\" content=\"2024-03-18T19:37:53+00:00\" \/>\n<meta property=\"og:image\" content=\"https:\/\/regiaonews.net.br\/2022\/wp-content\/uploads\/2024\/03\/Jenifer.jpg\" \/>\n\t<meta property=\"og:image:width\" content=\"747\" \/>\n\t<meta property=\"og:image:height\" content=\"464\" \/>\n\t<meta property=\"og:image:type\" content=\"image\/jpeg\" \/>\n<meta name=\"author\" content=\"Roberto\" \/>\n<meta name=\"twitter:card\" content=\"summary_large_image\" \/>\n<meta name=\"twitter:label1\" content=\"Escrito por\" \/>\n\t<meta name=\"twitter:data1\" content=\"Roberto\" \/>\n\t<meta name=\"twitter:label2\" content=\"Est. tempo de leitura\" \/>\n\t<meta name=\"twitter:data2\" content=\"3 minutos\" \/>\n<script type=\"application\/ld+json\" class=\"yoast-schema-graph\">{\"@context\":\"https:\\\/\\\/schema.org\",\"@graph\":[{\"@type\":\"Article\",\"@id\":\"https:\\\/\\\/regiaonews.net.br\\\/2022\\\/2024\\\/03\\\/18\\\/dois-homens-foram-presos-temporariamente-por-suspeita-em-morte-de-mulher\\\/#article\",\"isPartOf\":{\"@id\":\"https:\\\/\\\/regiaonews.net.br\\\/2022\\\/2024\\\/03\\\/18\\\/dois-homens-foram-presos-temporariamente-por-suspeita-em-morte-de-mulher\\\/\"},\"author\":{\"name\":\"Roberto\",\"@id\":\"https:\\\/\\\/regiaonews.net.br\\\/2022\\\/#\\\/schema\\\/person\\\/2d205a608a5aa97ac279d7a5e6d89ad8\"},\"headline\":\"Dois homens foram presos temporariamente por suspeita em morte de mulher trans em Gua\u00edra\",\"datePublished\":\"2024-03-18T19:33:36+00:00\",\"dateModified\":\"2024-03-18T19:37:53+00:00\",\"mainEntityOfPage\":{\"@id\":\"https:\\\/\\\/regiaonews.net.br\\\/2022\\\/2024\\\/03\\\/18\\\/dois-homens-foram-presos-temporariamente-por-suspeita-em-morte-de-mulher\\\/\"},\"wordCount\":545,\"commentCount\":0,\"publisher\":{\"@id\":\"https:\\\/\\\/regiaonews.net.br\\\/2022\\\/#organization\"},\"image\":{\"@id\":\"https:\\\/\\\/regiaonews.net.br\\\/2022\\\/2024\\\/03\\\/18\\\/dois-homens-foram-presos-temporariamente-por-suspeita-em-morte-de-mulher\\\/#primaryimage\"},\"thumbnailUrl\":\"https:\\\/\\\/regiaonews.net.br\\\/2022\\\/wp-content\\\/uploads\\\/2024\\\/03\\\/Jenifer.jpg\",\"articleSection\":[\"Gua\u00edra\",\"Policia\"],\"inLanguage\":\"pt-BR\",\"potentialAction\":[{\"@type\":\"CommentAction\",\"name\":\"Comment\",\"target\":[\"https:\\\/\\\/regiaonews.net.br\\\/2022\\\/2024\\\/03\\\/18\\\/dois-homens-foram-presos-temporariamente-por-suspeita-em-morte-de-mulher\\\/#respond\"]}]},{\"@type\":\"WebPage\",\"@id\":\"https:\\\/\\\/regiaonews.net.br\\\/2022\\\/2024\\\/03\\\/18\\\/dois-homens-foram-presos-temporariamente-por-suspeita-em-morte-de-mulher\\\/\",\"url\":\"https:\\\/\\\/regiaonews.net.br\\\/2022\\\/2024\\\/03\\\/18\\\/dois-homens-foram-presos-temporariamente-por-suspeita-em-morte-de-mulher\\\/\",\"name\":\"Dois homens foram presos temporariamente por suspeita em morte de mulher trans em Gua\u00edra - Regi\u00e3o News\",\"isPartOf\":{\"@id\":\"https:\\\/\\\/regiaonews.net.br\\\/2022\\\/#website\"},\"primaryImageOfPage\":{\"@id\":\"https:\\\/\\\/regiaonews.net.br\\\/2022\\\/2024\\\/03\\\/18\\\/dois-homens-foram-presos-temporariamente-por-suspeita-em-morte-de-mulher\\\/#primaryimage\"},\"image\":{\"@id\":\"https:\\\/\\\/regiaonews.net.br\\\/2022\\\/2024\\\/03\\\/18\\\/dois-homens-foram-presos-temporariamente-por-suspeita-em-morte-de-mulher\\\/#primaryimage\"},\"thumbnailUrl\":\"https:\\\/\\\/regiaonews.net.br\\\/2022\\\/wp-content\\\/uploads\\\/2024\\\/03\\\/Jenifer.jpg\",\"datePublished\":\"2024-03-18T19:33:36+00:00\",\"dateModified\":\"2024-03-18T19:37:53+00:00\",\"breadcrumb\":{\"@id\":\"https:\\\/\\\/regiaonews.net.br\\\/2022\\\/2024\\\/03\\\/18\\\/dois-homens-foram-presos-temporariamente-por-suspeita-em-morte-de-mulher\\\/#breadcrumb\"},\"inLanguage\":\"pt-BR\",\"potentialAction\":[{\"@type\":\"ReadAction\",\"target\":[\"https:\\\/\\\/regiaonews.net.br\\\/2022\\\/2024\\\/03\\\/18\\\/dois-homens-foram-presos-temporariamente-por-suspeita-em-morte-de-mulher\\\/\"]}]},{\"@type\":\"ImageObject\",\"inLanguage\":\"pt-BR\",\"@id\":\"https:\\\/\\\/regiaonews.net.br\\\/2022\\\/2024\\\/03\\\/18\\\/dois-homens-foram-presos-temporariamente-por-suspeita-em-morte-de-mulher\\\/#primaryimage\",\"url\":\"https:\\\/\\\/regiaonews.net.br\\\/2022\\\/wp-content\\\/uploads\\\/2024\\\/03\\\/Jenifer.jpg\",\"contentUrl\":\"https:\\\/\\\/regiaonews.net.br\\\/2022\\\/wp-content\\\/uploads\\\/2024\\\/03\\\/Jenifer.jpg\",\"width\":747,\"height\":464},{\"@type\":\"BreadcrumbList\",\"@id\":\"https:\\\/\\\/regiaonews.net.br\\\/2022\\\/2024\\\/03\\\/18\\\/dois-homens-foram-presos-temporariamente-por-suspeita-em-morte-de-mulher\\\/#breadcrumb\",\"itemListElement\":[{\"@type\":\"ListItem\",\"position\":1,\"name\":\"In\u00edcio\",\"item\":\"https:\\\/\\\/regiaonews.net.br\\\/2022\\\/\"},{\"@type\":\"ListItem\",\"position\":2,\"name\":\"Dois homens foram presos temporariamente por suspeita em morte de mulher trans em Gua\u00edra\"}]},{\"@type\":\"WebSite\",\"@id\":\"https:\\\/\\\/regiaonews.net.br\\\/2022\\\/#website\",\"url\":\"https:\\\/\\\/regiaonews.net.br\\\/2022\\\/\",\"name\":\"Regi\u00e3o News\",\"description\":\"Site de Not\u00edcias de Barretos e regi\u00e3o\",\"publisher\":{\"@id\":\"https:\\\/\\\/regiaonews.net.br\\\/2022\\\/#organization\"},\"potentialAction\":[{\"@type\":\"SearchAction\",\"target\":{\"@type\":\"EntryPoint\",\"urlTemplate\":\"https:\\\/\\\/regiaonews.net.br\\\/2022\\\/?s={search_term_string}\"},\"query-input\":{\"@type\":\"PropertyValueSpecification\",\"valueRequired\":true,\"valueName\":\"search_term_string\"}}],\"inLanguage\":\"pt-BR\"},{\"@type\":\"Organization\",\"@id\":\"https:\\\/\\\/regiaonews.net.br\\\/2022\\\/#organization\",\"name\":\"Regi\u00e3o News\",\"url\":\"https:\\\/\\\/regiaonews.net.br\\\/2022\\\/\",\"logo\":{\"@type\":\"ImageObject\",\"inLanguage\":\"pt-BR\",\"@id\":\"https:\\\/\\\/regiaonews.net.br\\\/2022\\\/#\\\/schema\\\/logo\\\/image\\\/\",\"url\":\"https:\\\/\\\/regiaonews.net.br\\\/2022\\\/wp-content\\\/uploads\\\/2026\\\/03\\\/regiao-13-anos-scaled.jpg\",\"contentUrl\":\"https:\\\/\\\/regiaonews.net.br\\\/2022\\\/wp-content\\\/uploads\\\/2026\\\/03\\\/regiao-13-anos-scaled.jpg\",\"width\":2560,\"height\":635,\"caption\":\"Regi\u00e3o News\"},\"image\":{\"@id\":\"https:\\\/\\\/regiaonews.net.br\\\/2022\\\/#\\\/schema\\\/logo\\\/image\\\/\"}},{\"@type\":\"Person\",\"@id\":\"https:\\\/\\\/regiaonews.net.br\\\/2022\\\/#\\\/schema\\\/person\\\/2d205a608a5aa97ac279d7a5e6d89ad8\",\"name\":\"Roberto\",\"image\":{\"@type\":\"ImageObject\",\"inLanguage\":\"pt-BR\",\"@id\":\"https:\\\/\\\/secure.gravatar.com\\\/avatar\\\/42749d8b712ff9d59ca93dc150494e5b55a44134482993f5baeb97e61b7ecc89?s=96&d=mm&r=g\",\"url\":\"https:\\\/\\\/secure.gravatar.com\\\/avatar\\\/42749d8b712ff9d59ca93dc150494e5b55a44134482993f5baeb97e61b7ecc89?s=96&d=mm&r=g\",\"contentUrl\":\"https:\\\/\\\/secure.gravatar.com\\\/avatar\\\/42749d8b712ff9d59ca93dc150494e5b55a44134482993f5baeb97e61b7ecc89?s=96&d=mm&r=g\",\"caption\":\"Roberto\"},\"url\":\"https:\\\/\\\/regiaonews.net.br\\\/2022\\\/author\\\/roberto\\\/\"}]}<\/script>\n<!-- \/ Yoast SEO plugin. -->","yoast_head_json":{"title":"Dois homens foram presos temporariamente por suspeita em morte de mulher trans em Gua\u00edra - Regi\u00e3o News","robots":{"index":"index","follow":"follow","max-snippet":"max-snippet:-1","max-image-preview":"max-image-preview:large","max-video-preview":"max-video-preview:-1"},"canonical":"https:\/\/regiaonews.net.br\/2022\/2024\/03\/18\/dois-homens-foram-presos-temporariamente-por-suspeita-em-morte-de-mulher\/","og_locale":"pt_BR","og_type":"article","og_title":"Dois homens foram presos temporariamente por suspeita em morte de mulher trans em Gua\u00edra - Regi\u00e3o News","og_description":"A Pol\u00edcia Civil do Estado de S\u00e3o Paulo, por interm\u00e9dio","og_url":"https:\/\/regiaonews.net.br\/2022\/2024\/03\/18\/dois-homens-foram-presos-temporariamente-por-suspeita-em-morte-de-mulher\/","og_site_name":"Regi\u00e3o News","article_published_time":"2024-03-18T19:33:36+00:00","article_modified_time":"2024-03-18T19:37:53+00:00","og_image":[{"width":747,"height":464,"url":"https:\/\/regiaonews.net.br\/2022\/wp-content\/uploads\/2024\/03\/Jenifer.jpg","type":"image\/jpeg"}],"author":"Roberto","twitter_card":"summary_large_image","twitter_misc":{"Escrito por":"Roberto","Est. tempo de leitura":"3 minutos"},"schema":{"@context":"https:\/\/schema.org","@graph":[{"@type":"Article","@id":"https:\/\/regiaonews.net.br\/2022\/2024\/03\/18\/dois-homens-foram-presos-temporariamente-por-suspeita-em-morte-de-mulher\/#article","isPartOf":{"@id":"https:\/\/regiaonews.net.br\/2022\/2024\/03\/18\/dois-homens-foram-presos-temporariamente-por-suspeita-em-morte-de-mulher\/"},"author":{"name":"Roberto","@id":"https:\/\/regiaonews.net.br\/2022\/#\/schema\/person\/2d205a608a5aa97ac279d7a5e6d89ad8"},"headline":"Dois homens foram presos temporariamente por suspeita em morte de mulher trans em Gua\u00edra","datePublished":"2024-03-18T19:33:36+00:00","dateModified":"2024-03-18T19:37:53+00:00","mainEntityOfPage":{"@id":"https:\/\/regiaonews.net.br\/2022\/2024\/03\/18\/dois-homens-foram-presos-temporariamente-por-suspeita-em-morte-de-mulher\/"},"wordCount":545,"commentCount":0,"publisher":{"@id":"https:\/\/regiaonews.net.br\/2022\/#organization"},"image":{"@id":"https:\/\/regiaonews.net.br\/2022\/2024\/03\/18\/dois-homens-foram-presos-temporariamente-por-suspeita-em-morte-de-mulher\/#primaryimage"},"thumbnailUrl":"https:\/\/regiaonews.net.br\/2022\/wp-content\/uploads\/2024\/03\/Jenifer.jpg","articleSection":["Gua\u00edra","Policia"],"inLanguage":"pt-BR","potentialAction":[{"@type":"CommentAction","name":"Comment","target":["https:\/\/regiaonews.net.br\/2022\/2024\/03\/18\/dois-homens-foram-presos-temporariamente-por-suspeita-em-morte-de-mulher\/#respond"]}]},{"@type":"WebPage","@id":"https:\/\/regiaonews.net.br\/2022\/2024\/03\/18\/dois-homens-foram-presos-temporariamente-por-suspeita-em-morte-de-mulher\/","url":"https:\/\/regiaonews.net.br\/2022\/2024\/03\/18\/dois-homens-foram-presos-temporariamente-por-suspeita-em-morte-de-mulher\/","name":"Dois homens foram presos temporariamente por suspeita em morte de mulher trans em Gua\u00edra - Regi\u00e3o News","isPartOf":{"@id":"https:\/\/regiaonews.net.br\/2022\/#website"},"primaryImageOfPage":{"@id":"https:\/\/regiaonews.net.br\/2022\/2024\/03\/18\/dois-homens-foram-presos-temporariamente-por-suspeita-em-morte-de-mulher\/#primaryimage"},"image":{"@id":"https:\/\/regiaonews.net.br\/2022\/2024\/03\/18\/dois-homens-foram-presos-temporariamente-por-suspeita-em-morte-de-mulher\/#primaryimage"},"thumbnailUrl":"https:\/\/regiaonews.net.br\/2022\/wp-content\/uploads\/2024\/03\/Jenifer.jpg","datePublished":"2024-03-18T19:33:36+00:00","dateModified":"2024-03-18T19:37:53+00:00","breadcrumb":{"@id":"https:\/\/regiaonews.net.br\/2022\/2024\/03\/18\/dois-homens-foram-presos-temporariamente-por-suspeita-em-morte-de-mulher\/#breadcrumb"},"inLanguage":"pt-BR","potentialAction":[{"@type":"ReadAction","target":["https:\/\/regiaonews.net.br\/2022\/2024\/03\/18\/dois-homens-foram-presos-temporariamente-por-suspeita-em-morte-de-mulher\/"]}]},{"@type":"ImageObject","inLanguage":"pt-BR","@id":"https:\/\/regiaonews.net.br\/2022\/2024\/03\/18\/dois-homens-foram-presos-temporariamente-por-suspeita-em-morte-de-mulher\/#primaryimage","url":"https:\/\/regiaonews.net.br\/2022\/wp-content\/uploads\/2024\/03\/Jenifer.jpg","contentUrl":"https:\/\/regiaonews.net.br\/2022\/wp-content\/uploads\/2024\/03\/Jenifer.jpg","width":747,"height":464},{"@type":"BreadcrumbList","@id":"https:\/\/regiaonews.net.br\/2022\/2024\/03\/18\/dois-homens-foram-presos-temporariamente-por-suspeita-em-morte-de-mulher\/#breadcrumb","itemListElement":[{"@type":"ListItem","position":1,"name":"In\u00edcio","item":"https:\/\/regiaonews.net.br\/2022\/"},{"@type":"ListItem","position":2,"name":"Dois homens foram presos temporariamente por suspeita em morte de mulher trans em Gua\u00edra"}]},{"@type":"WebSite","@id":"https:\/\/regiaonews.net.br\/2022\/#website","url":"https:\/\/regiaonews.net.br\/2022\/","name":"Regi\u00e3o News","description":"Site de Not\u00edcias de Barretos e regi\u00e3o","publisher":{"@id":"https:\/\/regiaonews.net.br\/2022\/#organization"},"potentialAction":[{"@type":"SearchAction","target":{"@type":"EntryPoint","urlTemplate":"https:\/\/regiaonews.net.br\/2022\/?s={search_term_string}"},"query-input":{"@type":"PropertyValueSpecification","valueRequired":true,"valueName":"search_term_string"}}],"inLanguage":"pt-BR"},{"@type":"Organization","@id":"https:\/\/regiaonews.net.br\/2022\/#organization","name":"Regi\u00e3o News","url":"https:\/\/regiaonews.net.br\/2022\/","logo":{"@type":"ImageObject","inLanguage":"pt-BR","@id":"https:\/\/regiaonews.net.br\/2022\/#\/schema\/logo\/image\/","url":"https:\/\/regiaonews.net.br\/2022\/wp-content\/uploads\/2026\/03\/regiao-13-anos-scaled.jpg","contentUrl":"https:\/\/regiaonews.net.br\/2022\/wp-content\/uploads\/2026\/03\/regiao-13-anos-scaled.jpg","width":2560,"height":635,"caption":"Regi\u00e3o News"},"image":{"@id":"https:\/\/regiaonews.net.br\/2022\/#\/schema\/logo\/image\/"}},{"@type":"Person","@id":"https:\/\/regiaonews.net.br\/2022\/#\/schema\/person\/2d205a608a5aa97ac279d7a5e6d89ad8","name":"Roberto","image":{"@type":"ImageObject","inLanguage":"pt-BR","@id":"https:\/\/secure.gravatar.com\/avatar\/42749d8b712ff9d59ca93dc150494e5b55a44134482993f5baeb97e61b7ecc89?s=96&d=mm&r=g","url":"https:\/\/secure.gravatar.com\/avatar\/42749d8b712ff9d59ca93dc150494e5b55a44134482993f5baeb97e61b7ecc89?s=96&d=mm&r=g","contentUrl":"https:\/\/secure.gravatar.com\/avatar\/42749d8b712ff9d59ca93dc150494e5b55a44134482993f5baeb97e61b7ecc89?s=96&d=mm&r=g","caption":"Roberto"},"url":"https:\/\/regiaonews.net.br\/2022\/author\/roberto\/"}]}},"publishpress_future_action":{"enabled":false,"date":"2026-05-03 17:14:25","action":"change-status","newStatus":"draft","terms":[],"taxonomy":"category","extraData":[]},"publishpress_future_workflow_manual_trigger":{"enabledWorkflows":[]},"_links":{"self":[{"href":"https:\/\/regiaonews.net.br\/2022\/wp-json\/wp\/v2\/posts\/102556","targetHints":{"allow":["GET"]}}],"collection":[{"href":"https:\/\/regiaonews.net.br\/2022\/wp-json\/wp\/v2\/posts"}],"about":[{"href":"https:\/\/regiaonews.net.br\/2022\/wp-json\/wp\/v2\/types\/post"}],"author":[{"embeddable":true,"href":"https:\/\/regiaonews.net.br\/2022\/wp-json\/wp\/v2\/users\/2"}],"replies":[{"embeddable":true,"href":"https:\/\/regiaonews.net.br\/2022\/wp-json\/wp\/v2\/comments?post=102556"}],"version-history":[{"count":3,"href":"https:\/\/regiaonews.net.br\/2022\/wp-json\/wp\/v2\/posts\/102556\/revisions"}],"predecessor-version":[{"id":102561,"href":"https:\/\/regiaonews.net.br\/2022\/wp-json\/wp\/v2\/posts\/102556\/revisions\/102561"}],"wp:featuredmedia":[{"embeddable":true,"href":"https:\/\/regiaonews.net.br\/2022\/wp-json\/wp\/v2\/media\/102545"}],"wp:attachment":[{"href":"https:\/\/regiaonews.net.br\/2022\/wp-json\/wp\/v2\/media?parent=102556"}],"wp:term":[{"taxonomy":"category","embeddable":true,"href":"https:\/\/regiaonews.net.br\/2022\/wp-json\/wp\/v2\/categories?post=102556"},{"taxonomy":"post_tag","embeddable":true,"href":"https:\/\/regiaonews.net.br\/2022\/wp-json\/wp\/v2\/tags?post=102556"}],"curies":[{"name":"wp","href":"https:\/\/api.w.org\/{rel}","templated":true}]}}