{"id":102536,"date":"2024-03-17T15:58:20","date_gmt":"2024-03-17T18:58:20","guid":{"rendered":"https:\/\/regiaonews.net.br\/2022\/?p=102536"},"modified":"2024-03-17T15:58:20","modified_gmt":"2024-03-17T18:58:20","slug":"professoras-do-unifeb-participam-do-1o-encontro-de-mulheres-na-odontologia-de-barretos","status":"publish","type":"post","link":"https:\/\/regiaonews.net.br\/2022\/2024\/03\/17\/professoras-do-unifeb-participam-do-1o-encontro-de-mulheres-na-odontologia-de-barretos\/","title":{"rendered":"Professoras do UNIFEB participam do 1\u00ba Encontro de Mulheres na Odontologia de Barretos"},"content":{"rendered":"<p class=\"elementToProof\">\n<p><span data-ogsc=\"rgb(0, 0, 0)\"><b><i>O evento foi organizado pelas cirurgi\u00e3s-dentistas Cl\u00e1udia Martins de Lima e Renata Manzano<\/i><\/b><\/span><\/p>\n<p><span data-ogsc=\"rgb(0, 0, 0)\">\u00a0<\/span><\/p>\n<p><span data-ogsc=\"rgb(0, 0, 0)\">Em alus\u00e3o ao Dia Internacional da Mulher, comemorado no \u00faltimo dia 8 de mar\u00e7o, as cirurgi\u00e3s-dentistas Cl\u00e1udia Martins de Lima e Renata Manzano organizaram o 1\u00ba Encontro de Mulheres na Odontologia de Barretos. Al\u00e9m de sua renomada atua\u00e7\u00e3o como cirurgi\u00e3-dentista, Claudia tamb\u00e9m integra o Conselho Curador da FEB (Funda\u00e7\u00e3o Educacional de Barretos) representando o CRO (Conselho Regional de Odontologia).<\/span><\/p>\n<p><span data-ogsc=\"rgb(0, 0, 0)\">O objetivo do evento foi reunir cirurgi\u00e3s-dentistas da cidade para uma troca de viv\u00eancias profissionais e promover uma maior uni\u00e3o da categoria feminina. Na ocasi\u00e3o, a Profa. Silvia Davis, a Profa. Miriam Eiko Katuki Tanimoto e a Profa. Karina Macari, ambas docentes no curso de Odontologia do UNIFEB (Centro Universit\u00e1rio da Funda\u00e7\u00e3o Educacional de Barretos), al\u00e9m da aluna L\u00edvia Macedo, representaram a institui\u00e7\u00e3o, que j\u00e1 formou centenas de profissionais da \u00e1rea.<\/span><\/p>\n<p><span data-ogsc=\"rgb(0, 0, 0)\">O encontro foi um sucesso e as cirurgi\u00e3s-dentistas puderam fazer um panorama sobre a Odontologia em Barretos. A partir de agora, o evento passar\u00e1 a acontecer bimestralmente sempre com um tema espec\u00edfico de discuss\u00e3o. Na pr\u00f3xima ocasi\u00e3o, as profissionais v\u00e3o abordar sobre contabilidade na \u00e1rea da Odontologia, discutindo sobre imposto de renda, abertura de cl\u00ednicas, entre outros assuntos.<\/span><\/p>\n<p><span data-ogsc=\"rgb(0, 0, 0)\">\u00a0<\/span><\/p>\n","protected":false},"excerpt":{"rendered":"<p>O evento foi organizado pelas cirurgi\u00e3s-dentistas Cl\u00e1udia Martins de Lima<\/p>\n","protected":false},"author":2,"featured_media":102537,"comment_status":"open","ping_status":"open","sticky":false,"template":"","format":"standard","meta":{"footnotes":""},"categories":[14,25],"tags":[],"class_list":["post-102536","post","type-post","status-publish","format-standard","has-post-thumbnail","hentry","category-barretos","category-cidades"],"yoast_head":"<!-- This site is optimized with the Yoast SEO plugin v27.4 - https:\/\/yoast.com\/product\/yoast-seo-wordpress\/ -->\n<title>Professoras do UNIFEB participam do 1\u00ba Encontro de Mulheres na Odontologia de Barretos - Regi\u00e3o News<\/title>\n<meta name=\"robots\" content=\"index, follow, max-snippet:-1, max-image-preview:large, max-video-preview:-1\" \/>\n<link rel=\"canonical\" href=\"https:\/\/regiaonews.net.br\/2022\/2024\/03\/17\/professoras-do-unifeb-participam-do-1o-encontro-de-mulheres-na-odontologia-de-barretos\/\" \/>\n<meta property=\"og:locale\" content=\"pt_BR\" \/>\n<meta property=\"og:type\" content=\"article\" \/>\n<meta property=\"og:title\" content=\"Professoras do UNIFEB participam do 1\u00ba Encontro de Mulheres na Odontologia de Barretos - Regi\u00e3o News\" \/>\n<meta property=\"og:description\" content=\"O evento foi organizado pelas cirurgi\u00e3s-dentistas Cl\u00e1udia Martins de Lima\" \/>\n<meta property=\"og:url\" content=\"https:\/\/regiaonews.net.br\/2022\/2024\/03\/17\/professoras-do-unifeb-participam-do-1o-encontro-de-mulheres-na-odontologia-de-barretos\/\" \/>\n<meta property=\"og:site_name\" content=\"Regi\u00e3o News\" \/>\n<meta property=\"article:published_time\" content=\"2024-03-17T18:58:20+00:00\" \/>\n<meta property=\"og:image\" content=\"https:\/\/regiaonews.net.br\/2022\/wp-content\/uploads\/2024\/03\/Encontro-de-Mulheres-na-Odontologia-de-Barretos.jpg\" \/>\n\t<meta property=\"og:image:width\" content=\"1440\" \/>\n\t<meta property=\"og:image:height\" content=\"1078\" \/>\n\t<meta property=\"og:image:type\" content=\"image\/jpeg\" \/>\n<meta name=\"author\" content=\"Roberto\" \/>\n<meta name=\"twitter:card\" content=\"summary_large_image\" \/>\n<meta name=\"twitter:label1\" content=\"Escrito por\" \/>\n\t<meta name=\"twitter:data1\" content=\"Roberto\" \/>\n\t<meta name=\"twitter:label2\" content=\"Est. tempo de leitura\" \/>\n\t<meta name=\"twitter:data2\" content=\"2 minutos\" \/>\n<script type=\"application\/ld+json\" class=\"yoast-schema-graph\">{\"@context\":\"https:\\\/\\\/schema.org\",\"@graph\":[{\"@type\":\"Article\",\"@id\":\"https:\\\/\\\/regiaonews.net.br\\\/2022\\\/2024\\\/03\\\/17\\\/professoras-do-unifeb-participam-do-1o-encontro-de-mulheres-na-odontologia-de-barretos\\\/#article\",\"isPartOf\":{\"@id\":\"https:\\\/\\\/regiaonews.net.br\\\/2022\\\/2024\\\/03\\\/17\\\/professoras-do-unifeb-participam-do-1o-encontro-de-mulheres-na-odontologia-de-barretos\\\/\"},\"author\":{\"name\":\"Roberto\",\"@id\":\"https:\\\/\\\/regiaonews.net.br\\\/2022\\\/#\\\/schema\\\/person\\\/2d205a608a5aa97ac279d7a5e6d89ad8\"},\"headline\":\"Professoras do UNIFEB participam do 1\u00ba Encontro de Mulheres na Odontologia de Barretos\",\"datePublished\":\"2024-03-17T18:58:20+00:00\",\"mainEntityOfPage\":{\"@id\":\"https:\\\/\\\/regiaonews.net.br\\\/2022\\\/2024\\\/03\\\/17\\\/professoras-do-unifeb-participam-do-1o-encontro-de-mulheres-na-odontologia-de-barretos\\\/\"},\"wordCount\":238,\"commentCount\":0,\"publisher\":{\"@id\":\"https:\\\/\\\/regiaonews.net.br\\\/2022\\\/#organization\"},\"image\":{\"@id\":\"https:\\\/\\\/regiaonews.net.br\\\/2022\\\/2024\\\/03\\\/17\\\/professoras-do-unifeb-participam-do-1o-encontro-de-mulheres-na-odontologia-de-barretos\\\/#primaryimage\"},\"thumbnailUrl\":\"https:\\\/\\\/regiaonews.net.br\\\/2022\\\/wp-content\\\/uploads\\\/2024\\\/03\\\/Encontro-de-Mulheres-na-Odontologia-de-Barretos.jpg\",\"articleSection\":[\"Barretos\",\"Cidades\"],\"inLanguage\":\"pt-BR\",\"potentialAction\":[{\"@type\":\"CommentAction\",\"name\":\"Comment\",\"target\":[\"https:\\\/\\\/regiaonews.net.br\\\/2022\\\/2024\\\/03\\\/17\\\/professoras-do-unifeb-participam-do-1o-encontro-de-mulheres-na-odontologia-de-barretos\\\/#respond\"]}]},{\"@type\":\"WebPage\",\"@id\":\"https:\\\/\\\/regiaonews.net.br\\\/2022\\\/2024\\\/03\\\/17\\\/professoras-do-unifeb-participam-do-1o-encontro-de-mulheres-na-odontologia-de-barretos\\\/\",\"url\":\"https:\\\/\\\/regiaonews.net.br\\\/2022\\\/2024\\\/03\\\/17\\\/professoras-do-unifeb-participam-do-1o-encontro-de-mulheres-na-odontologia-de-barretos\\\/\",\"name\":\"Professoras do UNIFEB participam do 1\u00ba Encontro de Mulheres na Odontologia de Barretos - Regi\u00e3o News\",\"isPartOf\":{\"@id\":\"https:\\\/\\\/regiaonews.net.br\\\/2022\\\/#website\"},\"primaryImageOfPage\":{\"@id\":\"https:\\\/\\\/regiaonews.net.br\\\/2022\\\/2024\\\/03\\\/17\\\/professoras-do-unifeb-participam-do-1o-encontro-de-mulheres-na-odontologia-de-barretos\\\/#primaryimage\"},\"image\":{\"@id\":\"https:\\\/\\\/regiaonews.net.br\\\/2022\\\/2024\\\/03\\\/17\\\/professoras-do-unifeb-participam-do-1o-encontro-de-mulheres-na-odontologia-de-barretos\\\/#primaryimage\"},\"thumbnailUrl\":\"https:\\\/\\\/regiaonews.net.br\\\/2022\\\/wp-content\\\/uploads\\\/2024\\\/03\\\/Encontro-de-Mulheres-na-Odontologia-de-Barretos.jpg\",\"datePublished\":\"2024-03-17T18:58:20+00:00\",\"breadcrumb\":{\"@id\":\"https:\\\/\\\/regiaonews.net.br\\\/2022\\\/2024\\\/03\\\/17\\\/professoras-do-unifeb-participam-do-1o-encontro-de-mulheres-na-odontologia-de-barretos\\\/#breadcrumb\"},\"inLanguage\":\"pt-BR\",\"potentialAction\":[{\"@type\":\"ReadAction\",\"target\":[\"https:\\\/\\\/regiaonews.net.br\\\/2022\\\/2024\\\/03\\\/17\\\/professoras-do-unifeb-participam-do-1o-encontro-de-mulheres-na-odontologia-de-barretos\\\/\"]}]},{\"@type\":\"ImageObject\",\"inLanguage\":\"pt-BR\",\"@id\":\"https:\\\/\\\/regiaonews.net.br\\\/2022\\\/2024\\\/03\\\/17\\\/professoras-do-unifeb-participam-do-1o-encontro-de-mulheres-na-odontologia-de-barretos\\\/#primaryimage\",\"url\":\"https:\\\/\\\/regiaonews.net.br\\\/2022\\\/wp-content\\\/uploads\\\/2024\\\/03\\\/Encontro-de-Mulheres-na-Odontologia-de-Barretos.jpg\",\"contentUrl\":\"https:\\\/\\\/regiaonews.net.br\\\/2022\\\/wp-content\\\/uploads\\\/2024\\\/03\\\/Encontro-de-Mulheres-na-Odontologia-de-Barretos.jpg\",\"width\":1440,\"height\":1078},{\"@type\":\"BreadcrumbList\",\"@id\":\"https:\\\/\\\/regiaonews.net.br\\\/2022\\\/2024\\\/03\\\/17\\\/professoras-do-unifeb-participam-do-1o-encontro-de-mulheres-na-odontologia-de-barretos\\\/#breadcrumb\",\"itemListElement\":[{\"@type\":\"ListItem\",\"position\":1,\"name\":\"In\u00edcio\",\"item\":\"https:\\\/\\\/regiaonews.net.br\\\/2022\\\/\"},{\"@type\":\"ListItem\",\"position\":2,\"name\":\"Professoras do UNIFEB participam do 1\u00ba Encontro de Mulheres na Odontologia de Barretos\"}]},{\"@type\":\"WebSite\",\"@id\":\"https:\\\/\\\/regiaonews.net.br\\\/2022\\\/#website\",\"url\":\"https:\\\/\\\/regiaonews.net.br\\\/2022\\\/\",\"name\":\"Regi\u00e3o News\",\"description\":\"Site de Not\u00edcias de Barretos e regi\u00e3o\",\"publisher\":{\"@id\":\"https:\\\/\\\/regiaonews.net.br\\\/2022\\\/#organization\"},\"potentialAction\":[{\"@type\":\"SearchAction\",\"target\":{\"@type\":\"EntryPoint\",\"urlTemplate\":\"https:\\\/\\\/regiaonews.net.br\\\/2022\\\/?s={search_term_string}\"},\"query-input\":{\"@type\":\"PropertyValueSpecification\",\"valueRequired\":true,\"valueName\":\"search_term_string\"}}],\"inLanguage\":\"pt-BR\"},{\"@type\":\"Organization\",\"@id\":\"https:\\\/\\\/regiaonews.net.br\\\/2022\\\/#organization\",\"name\":\"Regi\u00e3o News\",\"url\":\"https:\\\/\\\/regiaonews.net.br\\\/2022\\\/\",\"logo\":{\"@type\":\"ImageObject\",\"inLanguage\":\"pt-BR\",\"@id\":\"https:\\\/\\\/regiaonews.net.br\\\/2022\\\/#\\\/schema\\\/logo\\\/image\\\/\",\"url\":\"https:\\\/\\\/regiaonews.net.br\\\/2022\\\/wp-content\\\/uploads\\\/2026\\\/03\\\/regiao-13-anos-scaled.jpg\",\"contentUrl\":\"https:\\\/\\\/regiaonews.net.br\\\/2022\\\/wp-content\\\/uploads\\\/2026\\\/03\\\/regiao-13-anos-scaled.jpg\",\"width\":2560,\"height\":635,\"caption\":\"Regi\u00e3o News\"},\"image\":{\"@id\":\"https:\\\/\\\/regiaonews.net.br\\\/2022\\\/#\\\/schema\\\/logo\\\/image\\\/\"}},{\"@type\":\"Person\",\"@id\":\"https:\\\/\\\/regiaonews.net.br\\\/2022\\\/#\\\/schema\\\/person\\\/2d205a608a5aa97ac279d7a5e6d89ad8\",\"name\":\"Roberto\",\"image\":{\"@type\":\"ImageObject\",\"inLanguage\":\"pt-BR\",\"@id\":\"https:\\\/\\\/secure.gravatar.com\\\/avatar\\\/42749d8b712ff9d59ca93dc150494e5b55a44134482993f5baeb97e61b7ecc89?s=96&d=mm&r=g\",\"url\":\"https:\\\/\\\/secure.gravatar.com\\\/avatar\\\/42749d8b712ff9d59ca93dc150494e5b55a44134482993f5baeb97e61b7ecc89?s=96&d=mm&r=g\",\"contentUrl\":\"https:\\\/\\\/secure.gravatar.com\\\/avatar\\\/42749d8b712ff9d59ca93dc150494e5b55a44134482993f5baeb97e61b7ecc89?s=96&d=mm&r=g\",\"caption\":\"Roberto\"},\"url\":\"https:\\\/\\\/regiaonews.net.br\\\/2022\\\/author\\\/roberto\\\/\"}]}<\/script>\n<!-- \/ Yoast SEO plugin. -->","yoast_head_json":{"title":"Professoras do UNIFEB participam do 1\u00ba Encontro de Mulheres na Odontologia de Barretos - Regi\u00e3o News","robots":{"index":"index","follow":"follow","max-snippet":"max-snippet:-1","max-image-preview":"max-image-preview:large","max-video-preview":"max-video-preview:-1"},"canonical":"https:\/\/regiaonews.net.br\/2022\/2024\/03\/17\/professoras-do-unifeb-participam-do-1o-encontro-de-mulheres-na-odontologia-de-barretos\/","og_locale":"pt_BR","og_type":"article","og_title":"Professoras do UNIFEB participam do 1\u00ba Encontro de Mulheres na Odontologia de Barretos - Regi\u00e3o News","og_description":"O evento foi organizado pelas cirurgi\u00e3s-dentistas Cl\u00e1udia Martins de Lima","og_url":"https:\/\/regiaonews.net.br\/2022\/2024\/03\/17\/professoras-do-unifeb-participam-do-1o-encontro-de-mulheres-na-odontologia-de-barretos\/","og_site_name":"Regi\u00e3o News","article_published_time":"2024-03-17T18:58:20+00:00","og_image":[{"width":1440,"height":1078,"url":"https:\/\/regiaonews.net.br\/2022\/wp-content\/uploads\/2024\/03\/Encontro-de-Mulheres-na-Odontologia-de-Barretos.jpg","type":"image\/jpeg"}],"author":"Roberto","twitter_card":"summary_large_image","twitter_misc":{"Escrito por":"Roberto","Est. tempo de leitura":"2 minutos"},"schema":{"@context":"https:\/\/schema.org","@graph":[{"@type":"Article","@id":"https:\/\/regiaonews.net.br\/2022\/2024\/03\/17\/professoras-do-unifeb-participam-do-1o-encontro-de-mulheres-na-odontologia-de-barretos\/#article","isPartOf":{"@id":"https:\/\/regiaonews.net.br\/2022\/2024\/03\/17\/professoras-do-unifeb-participam-do-1o-encontro-de-mulheres-na-odontologia-de-barretos\/"},"author":{"name":"Roberto","@id":"https:\/\/regiaonews.net.br\/2022\/#\/schema\/person\/2d205a608a5aa97ac279d7a5e6d89ad8"},"headline":"Professoras do UNIFEB participam do 1\u00ba Encontro de Mulheres na Odontologia de Barretos","datePublished":"2024-03-17T18:58:20+00:00","mainEntityOfPage":{"@id":"https:\/\/regiaonews.net.br\/2022\/2024\/03\/17\/professoras-do-unifeb-participam-do-1o-encontro-de-mulheres-na-odontologia-de-barretos\/"},"wordCount":238,"commentCount":0,"publisher":{"@id":"https:\/\/regiaonews.net.br\/2022\/#organization"},"image":{"@id":"https:\/\/regiaonews.net.br\/2022\/2024\/03\/17\/professoras-do-unifeb-participam-do-1o-encontro-de-mulheres-na-odontologia-de-barretos\/#primaryimage"},"thumbnailUrl":"https:\/\/regiaonews.net.br\/2022\/wp-content\/uploads\/2024\/03\/Encontro-de-Mulheres-na-Odontologia-de-Barretos.jpg","articleSection":["Barretos","Cidades"],"inLanguage":"pt-BR","potentialAction":[{"@type":"CommentAction","name":"Comment","target":["https:\/\/regiaonews.net.br\/2022\/2024\/03\/17\/professoras-do-unifeb-participam-do-1o-encontro-de-mulheres-na-odontologia-de-barretos\/#respond"]}]},{"@type":"WebPage","@id":"https:\/\/regiaonews.net.br\/2022\/2024\/03\/17\/professoras-do-unifeb-participam-do-1o-encontro-de-mulheres-na-odontologia-de-barretos\/","url":"https:\/\/regiaonews.net.br\/2022\/2024\/03\/17\/professoras-do-unifeb-participam-do-1o-encontro-de-mulheres-na-odontologia-de-barretos\/","name":"Professoras do UNIFEB participam do 1\u00ba Encontro de Mulheres na Odontologia de Barretos - Regi\u00e3o News","isPartOf":{"@id":"https:\/\/regiaonews.net.br\/2022\/#website"},"primaryImageOfPage":{"@id":"https:\/\/regiaonews.net.br\/2022\/2024\/03\/17\/professoras-do-unifeb-participam-do-1o-encontro-de-mulheres-na-odontologia-de-barretos\/#primaryimage"},"image":{"@id":"https:\/\/regiaonews.net.br\/2022\/2024\/03\/17\/professoras-do-unifeb-participam-do-1o-encontro-de-mulheres-na-odontologia-de-barretos\/#primaryimage"},"thumbnailUrl":"https:\/\/regiaonews.net.br\/2022\/wp-content\/uploads\/2024\/03\/Encontro-de-Mulheres-na-Odontologia-de-Barretos.jpg","datePublished":"2024-03-17T18:58:20+00:00","breadcrumb":{"@id":"https:\/\/regiaonews.net.br\/2022\/2024\/03\/17\/professoras-do-unifeb-participam-do-1o-encontro-de-mulheres-na-odontologia-de-barretos\/#breadcrumb"},"inLanguage":"pt-BR","potentialAction":[{"@type":"ReadAction","target":["https:\/\/regiaonews.net.br\/2022\/2024\/03\/17\/professoras-do-unifeb-participam-do-1o-encontro-de-mulheres-na-odontologia-de-barretos\/"]}]},{"@type":"ImageObject","inLanguage":"pt-BR","@id":"https:\/\/regiaonews.net.br\/2022\/2024\/03\/17\/professoras-do-unifeb-participam-do-1o-encontro-de-mulheres-na-odontologia-de-barretos\/#primaryimage","url":"https:\/\/regiaonews.net.br\/2022\/wp-content\/uploads\/2024\/03\/Encontro-de-Mulheres-na-Odontologia-de-Barretos.jpg","contentUrl":"https:\/\/regiaonews.net.br\/2022\/wp-content\/uploads\/2024\/03\/Encontro-de-Mulheres-na-Odontologia-de-Barretos.jpg","width":1440,"height":1078},{"@type":"BreadcrumbList","@id":"https:\/\/regiaonews.net.br\/2022\/2024\/03\/17\/professoras-do-unifeb-participam-do-1o-encontro-de-mulheres-na-odontologia-de-barretos\/#breadcrumb","itemListElement":[{"@type":"ListItem","position":1,"name":"In\u00edcio","item":"https:\/\/regiaonews.net.br\/2022\/"},{"@type":"ListItem","position":2,"name":"Professoras do UNIFEB participam do 1\u00ba Encontro de Mulheres na Odontologia de Barretos"}]},{"@type":"WebSite","@id":"https:\/\/regiaonews.net.br\/2022\/#website","url":"https:\/\/regiaonews.net.br\/2022\/","name":"Regi\u00e3o News","description":"Site de Not\u00edcias de Barretos e regi\u00e3o","publisher":{"@id":"https:\/\/regiaonews.net.br\/2022\/#organization"},"potentialAction":[{"@type":"SearchAction","target":{"@type":"EntryPoint","urlTemplate":"https:\/\/regiaonews.net.br\/2022\/?s={search_term_string}"},"query-input":{"@type":"PropertyValueSpecification","valueRequired":true,"valueName":"search_term_string"}}],"inLanguage":"pt-BR"},{"@type":"Organization","@id":"https:\/\/regiaonews.net.br\/2022\/#organization","name":"Regi\u00e3o News","url":"https:\/\/regiaonews.net.br\/2022\/","logo":{"@type":"ImageObject","inLanguage":"pt-BR","@id":"https:\/\/regiaonews.net.br\/2022\/#\/schema\/logo\/image\/","url":"https:\/\/regiaonews.net.br\/2022\/wp-content\/uploads\/2026\/03\/regiao-13-anos-scaled.jpg","contentUrl":"https:\/\/regiaonews.net.br\/2022\/wp-content\/uploads\/2026\/03\/regiao-13-anos-scaled.jpg","width":2560,"height":635,"caption":"Regi\u00e3o News"},"image":{"@id":"https:\/\/regiaonews.net.br\/2022\/#\/schema\/logo\/image\/"}},{"@type":"Person","@id":"https:\/\/regiaonews.net.br\/2022\/#\/schema\/person\/2d205a608a5aa97ac279d7a5e6d89ad8","name":"Roberto","image":{"@type":"ImageObject","inLanguage":"pt-BR","@id":"https:\/\/secure.gravatar.com\/avatar\/42749d8b712ff9d59ca93dc150494e5b55a44134482993f5baeb97e61b7ecc89?s=96&d=mm&r=g","url":"https:\/\/secure.gravatar.com\/avatar\/42749d8b712ff9d59ca93dc150494e5b55a44134482993f5baeb97e61b7ecc89?s=96&d=mm&r=g","contentUrl":"https:\/\/secure.gravatar.com\/avatar\/42749d8b712ff9d59ca93dc150494e5b55a44134482993f5baeb97e61b7ecc89?s=96&d=mm&r=g","caption":"Roberto"},"url":"https:\/\/regiaonews.net.br\/2022\/author\/roberto\/"}]}},"publishpress_future_action":{"enabled":false,"date":"2026-05-03 17:13:22","action":"change-status","newStatus":"draft","terms":[],"taxonomy":"category","extraData":[]},"publishpress_future_workflow_manual_trigger":{"enabledWorkflows":[]},"_links":{"self":[{"href":"https:\/\/regiaonews.net.br\/2022\/wp-json\/wp\/v2\/posts\/102536","targetHints":{"allow":["GET"]}}],"collection":[{"href":"https:\/\/regiaonews.net.br\/2022\/wp-json\/wp\/v2\/posts"}],"about":[{"href":"https:\/\/regiaonews.net.br\/2022\/wp-json\/wp\/v2\/types\/post"}],"author":[{"embeddable":true,"href":"https:\/\/regiaonews.net.br\/2022\/wp-json\/wp\/v2\/users\/2"}],"replies":[{"embeddable":true,"href":"https:\/\/regiaonews.net.br\/2022\/wp-json\/wp\/v2\/comments?post=102536"}],"version-history":[{"count":1,"href":"https:\/\/regiaonews.net.br\/2022\/wp-json\/wp\/v2\/posts\/102536\/revisions"}],"predecessor-version":[{"id":102538,"href":"https:\/\/regiaonews.net.br\/2022\/wp-json\/wp\/v2\/posts\/102536\/revisions\/102538"}],"wp:featuredmedia":[{"embeddable":true,"href":"https:\/\/regiaonews.net.br\/2022\/wp-json\/wp\/v2\/media\/102537"}],"wp:attachment":[{"href":"https:\/\/regiaonews.net.br\/2022\/wp-json\/wp\/v2\/media?parent=102536"}],"wp:term":[{"taxonomy":"category","embeddable":true,"href":"https:\/\/regiaonews.net.br\/2022\/wp-json\/wp\/v2\/categories?post=102536"},{"taxonomy":"post_tag","embeddable":true,"href":"https:\/\/regiaonews.net.br\/2022\/wp-json\/wp\/v2\/tags?post=102536"}],"curies":[{"name":"wp","href":"https:\/\/api.w.org\/{rel}","templated":true}]}}