{"id":102524,"date":"2024-03-17T07:40:37","date_gmt":"2024-03-17T10:40:37","guid":{"rendered":"https:\/\/regiaonews.net.br\/2022\/?p=102524"},"modified":"2024-03-17T07:40:37","modified_gmt":"2024-03-17T10:40:37","slug":"camara-entrega-quatro-titulos-de-cidadania","status":"publish","type":"post","link":"https:\/\/regiaonews.net.br\/2022\/2024\/03\/17\/camara-entrega-quatro-titulos-de-cidadania\/","title":{"rendered":"C\u00e2mara entrega quatro t\u00edtulos de cidadania"},"content":{"rendered":"<h1 class=\"mb-4\"><\/h1>\n<h3 class=\"mb-4\">Homenagens foram propostas pelo vereador Angelo Tegami<\/h3>\n<div class=\"news-btn d-flex justify-content-between mb-5 py-2 px-3 rounded\">\n<div class=\"share\">\n<div class=\"a2a_kit a2a_kit_size_32 a2a_default_style\">\n<div class=\"btn-share btn-share-general\"><\/div>\n<div class=\"btn-share btn-share-social-media btn-share-messenger\">\n<div class=\"txt-button\"><\/div>\n<\/div>\n<div class=\"btn-share btn-share-social-media btn-share-twitter\">\n<div class=\"txt-button\"><\/div>\n<\/div>\n<div class=\"btn-share btn-share-social-media btn-share-whatsapp\">\n<div class=\"txt-button\"><\/div>\n<\/div>\n<div class=\"btn-share btn-share-social-media btn-share-more\">\n<div class=\"txt-button\"><\/div>\n<\/div>\n<\/div>\n<\/div>\n<\/div>\n<p>Em\u00a0<strong>Sess\u00e3o Solene\u00a0<\/strong>realizada na noite de sexta-feira,\u00a0<strong>15 de mar\u00e7o,\u00a0<\/strong>a C\u00e2mara concedeu\u00a0<strong>T\u00edtulos de Cidadania a 4 (quatro) personalidades:<\/strong>\u00a0o Secret\u00e1rio Adjunto Estadual do partido PDT,\u00a0\u00a0<strong>Ewerton Roberto Silva Santos &#8220;Carreirinha&#8221;;\u00a0<\/strong>o Psicanalista e Apresentador da Rede Vida,\u00a0<strong>Fernando Tadeu Barduzzi Tavares;\u00a0\u00a0<\/strong>o Ju\u00edz de Direito e Palestrante Esp\u00edrita,\u00a0<strong>\u00a0Haroldo Dutra Dias;\u00a0\u00a0<\/strong>e<strong>\u00a0<\/strong>o\u00a0Procurador Municipal de S\u00e3o Paulo<strong>, Luiz Jos\u00e9 Tegami.<\/strong><\/p>\n<p>&nbsp;<\/p>\n<p><strong>Ewerton &#8220;Carreirinha&#8221;<\/strong>\u00a0e\u00a0<strong>Luiz Tegami<\/strong>\u00a0estiveram presentes na C\u00e2mara para receber as honrarias. J\u00e1\u00a0<strong>Fernando Barduzzi\u00a0<\/strong>e\u00a0<strong>Haroldo Dutra Dias<\/strong>\u00a0n\u00e3o puderam comparecer em Barretos, mas\u00a0<a href=\"https:\/\/youtu.be\/YgRWF5MjZOA?t=5320\">gravaram v\u00eddeos\u00a0de agradecimento que foram exibidos no tel\u00e3o.<\/a><\/p>\n<p>&nbsp;<\/p>\n<p>Todas as homenagens foram propostas pelo vereador\u00a0<strong>Angelo Tegami Neto (PV)<\/strong>, por meio dos\u00a0<strong>Projetos de Decreto Legislativo de n\u00ba<\/strong>\u00a0\u00a0<a href=\"http:\/\/consulta.camarabarretos.sp.gov.br\/Documentos\/Documento\/373169\">22\/2022<\/a>\u00a0(Ewerton Roberto da Silva Santos),\u00a0\u00a0<a href=\"http:\/\/consulta.camarabarretos.sp.gov.br\/Documentos\/Documento\/373436\">24\/2022<\/a>\u00a0(Luiz Jos\u00e9 Tegami),<a href=\"http:\/\/consulta.camarabarretos.sp.gov.br\/Documentos\/Documento\/386168\">\u00a09<\/a><a href=\"http:\/\/consulta.camarabarretos.sp.gov.br\/Documentos\/Documento\/371746\" target=\"_blank\" rel=\"noopener\">\/202<\/a><a href=\"http:\/\/consulta.camarabarretos.sp.gov.br\/Documentos\/Documento\/386168\">3<\/a>\u00a0(Fernando Tadeu Barduzzi Tavares) e\u00a0<a href=\"http:\/\/consulta.camarabarretos.sp.gov.br\/Documentos\/Documento\/395537\">28\/2023<\/a>\u00a0(Haroldo Dutra Dias), aprovados por todos os vereadores.<\/p>\n<p>&nbsp;<\/p>\n<p>A solenidade foi conduzida pelo vereador Angelo Tegami (PV) e contou contou com a presen\u00e7a dos vereadores Dr. Raphael Oliveira (PP) e Juninho Bandeira (PL). O vereador Dr. Rodrigo Malaman (PSDB) tamb\u00e9m\u00a0compareceu \u00e0 C\u00e2mara para parabenizar os homenageados.<\/p>\n<p>&nbsp;<\/p>\n<p>Al\u00e9m dos vereadores, a Mesa de Autoridades foi composta pelos suplentes de vereadores, Prof. Jhonny Barbosa, Merhej Najm Neto; o Presidente do\u00a0\u00d3rg\u00e3o Municipal Provis\u00f3rio\u00a0do PSB, Davi Aparecido Alcides; o Presidente do \u00d3rg\u00e3o Municipal Provis\u00f3rio do PDT, Jose Carlos Silva &#8220;Lambari&#8221;; o Presidente do \u00d3rg\u00e3o Provis\u00f3rio do Partido AGIR, Danilo Lucas; e a esposa do vereador Dr. Raphael Oliveira, Paula Maria Girardi Barcelos.<\/p>\n<p>&nbsp;<\/p>\n<p>Familiares e amigos dos homenageados compareceram \u00e0 C\u00e2mara para prestigiar a solenidade.<\/p>\n<p>&nbsp;<\/p>\n<p>O Diretor da Rede Vida de Televis\u00e3o, Luiz Ant\u00f4nio Monteiro de Barros\u00a0<a href=\"https:\/\/youtu.be\/YgRWF5MjZOA?t=3742\">gravou depoimento parabenizando o amigo Fernando Tadeu<\/a>. O v\u00eddeo foi exibido no tel\u00e3o.<\/p>\n<p>&nbsp;<\/p>\n<p>O evento teve transmiss\u00e3o ao vivo \u00a0pela\u00a0<strong>TV C\u00e2mara no canal 31.3, Facebook, Youtube.<\/strong><\/p>\n<p>&nbsp;<\/p>\n","protected":false},"excerpt":{"rendered":"<p>Homenagens foram propostas pelo vereador Angelo Tegami Em\u00a0Sess\u00e3o Solene\u00a0realizada na<\/p>\n","protected":false},"author":2,"featured_media":102525,"comment_status":"open","ping_status":"open","sticky":false,"template":"","format":"standard","meta":{"footnotes":""},"categories":[14,111],"tags":[],"class_list":["post-102524","post","type-post","status-publish","format-standard","has-post-thumbnail","hentry","category-barretos","category-cotidiano"],"yoast_head":"<!-- This site is optimized with the Yoast SEO plugin v27.4 - https:\/\/yoast.com\/product\/yoast-seo-wordpress\/ -->\n<title>C\u00e2mara entrega quatro t\u00edtulos de cidadania - Regi\u00e3o News<\/title>\n<meta name=\"robots\" content=\"index, follow, max-snippet:-1, max-image-preview:large, max-video-preview:-1\" \/>\n<link rel=\"canonical\" href=\"https:\/\/regiaonews.net.br\/2022\/2024\/03\/17\/camara-entrega-quatro-titulos-de-cidadania\/\" \/>\n<meta property=\"og:locale\" content=\"pt_BR\" \/>\n<meta property=\"og:type\" content=\"article\" \/>\n<meta property=\"og:title\" content=\"C\u00e2mara entrega quatro t\u00edtulos de cidadania - Regi\u00e3o News\" \/>\n<meta property=\"og:description\" content=\"Homenagens foram propostas pelo vereador Angelo Tegami Em\u00a0Sess\u00e3o Solene\u00a0realizada na\" \/>\n<meta property=\"og:url\" content=\"https:\/\/regiaonews.net.br\/2022\/2024\/03\/17\/camara-entrega-quatro-titulos-de-cidadania\/\" \/>\n<meta property=\"og:site_name\" content=\"Regi\u00e3o News\" \/>\n<meta property=\"article:published_time\" content=\"2024-03-17T10:40:37+00:00\" \/>\n<meta property=\"og:image\" content=\"https:\/\/regiaonews.net.br\/2022\/wp-content\/uploads\/2024\/03\/IMG-20240316-WA0161.jpg\" \/>\n\t<meta property=\"og:image:width\" content=\"1600\" \/>\n\t<meta property=\"og:image:height\" content=\"913\" \/>\n\t<meta property=\"og:image:type\" content=\"image\/jpeg\" \/>\n<meta name=\"author\" content=\"Roberto\" \/>\n<meta name=\"twitter:card\" content=\"summary_large_image\" \/>\n<meta name=\"twitter:label1\" content=\"Escrito por\" \/>\n\t<meta name=\"twitter:data1\" content=\"Roberto\" \/>\n\t<meta name=\"twitter:label2\" content=\"Est. tempo de leitura\" \/>\n\t<meta name=\"twitter:data2\" content=\"2 minutos\" \/>\n<script type=\"application\/ld+json\" class=\"yoast-schema-graph\">{\"@context\":\"https:\\\/\\\/schema.org\",\"@graph\":[{\"@type\":\"Article\",\"@id\":\"https:\\\/\\\/regiaonews.net.br\\\/2022\\\/2024\\\/03\\\/17\\\/camara-entrega-quatro-titulos-de-cidadania\\\/#article\",\"isPartOf\":{\"@id\":\"https:\\\/\\\/regiaonews.net.br\\\/2022\\\/2024\\\/03\\\/17\\\/camara-entrega-quatro-titulos-de-cidadania\\\/\"},\"author\":{\"name\":\"Roberto\",\"@id\":\"https:\\\/\\\/regiaonews.net.br\\\/2022\\\/#\\\/schema\\\/person\\\/2d205a608a5aa97ac279d7a5e6d89ad8\"},\"headline\":\"C\u00e2mara entrega quatro t\u00edtulos de cidadania\",\"datePublished\":\"2024-03-17T10:40:37+00:00\",\"mainEntityOfPage\":{\"@id\":\"https:\\\/\\\/regiaonews.net.br\\\/2022\\\/2024\\\/03\\\/17\\\/camara-entrega-quatro-titulos-de-cidadania\\\/\"},\"wordCount\":341,\"commentCount\":0,\"publisher\":{\"@id\":\"https:\\\/\\\/regiaonews.net.br\\\/2022\\\/#organization\"},\"image\":{\"@id\":\"https:\\\/\\\/regiaonews.net.br\\\/2022\\\/2024\\\/03\\\/17\\\/camara-entrega-quatro-titulos-de-cidadania\\\/#primaryimage\"},\"thumbnailUrl\":\"https:\\\/\\\/regiaonews.net.br\\\/2022\\\/wp-content\\\/uploads\\\/2024\\\/03\\\/IMG-20240316-WA0161.jpg\",\"articleSection\":[\"Barretos\",\"Cotidiano\"],\"inLanguage\":\"pt-BR\",\"potentialAction\":[{\"@type\":\"CommentAction\",\"name\":\"Comment\",\"target\":[\"https:\\\/\\\/regiaonews.net.br\\\/2022\\\/2024\\\/03\\\/17\\\/camara-entrega-quatro-titulos-de-cidadania\\\/#respond\"]}]},{\"@type\":\"WebPage\",\"@id\":\"https:\\\/\\\/regiaonews.net.br\\\/2022\\\/2024\\\/03\\\/17\\\/camara-entrega-quatro-titulos-de-cidadania\\\/\",\"url\":\"https:\\\/\\\/regiaonews.net.br\\\/2022\\\/2024\\\/03\\\/17\\\/camara-entrega-quatro-titulos-de-cidadania\\\/\",\"name\":\"C\u00e2mara entrega quatro t\u00edtulos de cidadania - Regi\u00e3o News\",\"isPartOf\":{\"@id\":\"https:\\\/\\\/regiaonews.net.br\\\/2022\\\/#website\"},\"primaryImageOfPage\":{\"@id\":\"https:\\\/\\\/regiaonews.net.br\\\/2022\\\/2024\\\/03\\\/17\\\/camara-entrega-quatro-titulos-de-cidadania\\\/#primaryimage\"},\"image\":{\"@id\":\"https:\\\/\\\/regiaonews.net.br\\\/2022\\\/2024\\\/03\\\/17\\\/camara-entrega-quatro-titulos-de-cidadania\\\/#primaryimage\"},\"thumbnailUrl\":\"https:\\\/\\\/regiaonews.net.br\\\/2022\\\/wp-content\\\/uploads\\\/2024\\\/03\\\/IMG-20240316-WA0161.jpg\",\"datePublished\":\"2024-03-17T10:40:37+00:00\",\"breadcrumb\":{\"@id\":\"https:\\\/\\\/regiaonews.net.br\\\/2022\\\/2024\\\/03\\\/17\\\/camara-entrega-quatro-titulos-de-cidadania\\\/#breadcrumb\"},\"inLanguage\":\"pt-BR\",\"potentialAction\":[{\"@type\":\"ReadAction\",\"target\":[\"https:\\\/\\\/regiaonews.net.br\\\/2022\\\/2024\\\/03\\\/17\\\/camara-entrega-quatro-titulos-de-cidadania\\\/\"]}]},{\"@type\":\"ImageObject\",\"inLanguage\":\"pt-BR\",\"@id\":\"https:\\\/\\\/regiaonews.net.br\\\/2022\\\/2024\\\/03\\\/17\\\/camara-entrega-quatro-titulos-de-cidadania\\\/#primaryimage\",\"url\":\"https:\\\/\\\/regiaonews.net.br\\\/2022\\\/wp-content\\\/uploads\\\/2024\\\/03\\\/IMG-20240316-WA0161.jpg\",\"contentUrl\":\"https:\\\/\\\/regiaonews.net.br\\\/2022\\\/wp-content\\\/uploads\\\/2024\\\/03\\\/IMG-20240316-WA0161.jpg\",\"width\":1600,\"height\":913},{\"@type\":\"BreadcrumbList\",\"@id\":\"https:\\\/\\\/regiaonews.net.br\\\/2022\\\/2024\\\/03\\\/17\\\/camara-entrega-quatro-titulos-de-cidadania\\\/#breadcrumb\",\"itemListElement\":[{\"@type\":\"ListItem\",\"position\":1,\"name\":\"In\u00edcio\",\"item\":\"https:\\\/\\\/regiaonews.net.br\\\/2022\\\/\"},{\"@type\":\"ListItem\",\"position\":2,\"name\":\"C\u00e2mara entrega quatro t\u00edtulos de cidadania\"}]},{\"@type\":\"WebSite\",\"@id\":\"https:\\\/\\\/regiaonews.net.br\\\/2022\\\/#website\",\"url\":\"https:\\\/\\\/regiaonews.net.br\\\/2022\\\/\",\"name\":\"Regi\u00e3o News\",\"description\":\"Site de Not\u00edcias de Barretos e regi\u00e3o\",\"publisher\":{\"@id\":\"https:\\\/\\\/regiaonews.net.br\\\/2022\\\/#organization\"},\"potentialAction\":[{\"@type\":\"SearchAction\",\"target\":{\"@type\":\"EntryPoint\",\"urlTemplate\":\"https:\\\/\\\/regiaonews.net.br\\\/2022\\\/?s={search_term_string}\"},\"query-input\":{\"@type\":\"PropertyValueSpecification\",\"valueRequired\":true,\"valueName\":\"search_term_string\"}}],\"inLanguage\":\"pt-BR\"},{\"@type\":\"Organization\",\"@id\":\"https:\\\/\\\/regiaonews.net.br\\\/2022\\\/#organization\",\"name\":\"Regi\u00e3o News\",\"url\":\"https:\\\/\\\/regiaonews.net.br\\\/2022\\\/\",\"logo\":{\"@type\":\"ImageObject\",\"inLanguage\":\"pt-BR\",\"@id\":\"https:\\\/\\\/regiaonews.net.br\\\/2022\\\/#\\\/schema\\\/logo\\\/image\\\/\",\"url\":\"https:\\\/\\\/regiaonews.net.br\\\/2022\\\/wp-content\\\/uploads\\\/2026\\\/03\\\/regiao-13-anos-scaled.jpg\",\"contentUrl\":\"https:\\\/\\\/regiaonews.net.br\\\/2022\\\/wp-content\\\/uploads\\\/2026\\\/03\\\/regiao-13-anos-scaled.jpg\",\"width\":2560,\"height\":635,\"caption\":\"Regi\u00e3o News\"},\"image\":{\"@id\":\"https:\\\/\\\/regiaonews.net.br\\\/2022\\\/#\\\/schema\\\/logo\\\/image\\\/\"}},{\"@type\":\"Person\",\"@id\":\"https:\\\/\\\/regiaonews.net.br\\\/2022\\\/#\\\/schema\\\/person\\\/2d205a608a5aa97ac279d7a5e6d89ad8\",\"name\":\"Roberto\",\"image\":{\"@type\":\"ImageObject\",\"inLanguage\":\"pt-BR\",\"@id\":\"https:\\\/\\\/secure.gravatar.com\\\/avatar\\\/42749d8b712ff9d59ca93dc150494e5b55a44134482993f5baeb97e61b7ecc89?s=96&d=mm&r=g\",\"url\":\"https:\\\/\\\/secure.gravatar.com\\\/avatar\\\/42749d8b712ff9d59ca93dc150494e5b55a44134482993f5baeb97e61b7ecc89?s=96&d=mm&r=g\",\"contentUrl\":\"https:\\\/\\\/secure.gravatar.com\\\/avatar\\\/42749d8b712ff9d59ca93dc150494e5b55a44134482993f5baeb97e61b7ecc89?s=96&d=mm&r=g\",\"caption\":\"Roberto\"},\"url\":\"https:\\\/\\\/regiaonews.net.br\\\/2022\\\/author\\\/roberto\\\/\"}]}<\/script>\n<!-- \/ Yoast SEO plugin. -->","yoast_head_json":{"title":"C\u00e2mara entrega quatro t\u00edtulos de cidadania - Regi\u00e3o News","robots":{"index":"index","follow":"follow","max-snippet":"max-snippet:-1","max-image-preview":"max-image-preview:large","max-video-preview":"max-video-preview:-1"},"canonical":"https:\/\/regiaonews.net.br\/2022\/2024\/03\/17\/camara-entrega-quatro-titulos-de-cidadania\/","og_locale":"pt_BR","og_type":"article","og_title":"C\u00e2mara entrega quatro t\u00edtulos de cidadania - Regi\u00e3o News","og_description":"Homenagens foram propostas pelo vereador Angelo Tegami Em\u00a0Sess\u00e3o Solene\u00a0realizada na","og_url":"https:\/\/regiaonews.net.br\/2022\/2024\/03\/17\/camara-entrega-quatro-titulos-de-cidadania\/","og_site_name":"Regi\u00e3o News","article_published_time":"2024-03-17T10:40:37+00:00","og_image":[{"width":1600,"height":913,"url":"https:\/\/regiaonews.net.br\/2022\/wp-content\/uploads\/2024\/03\/IMG-20240316-WA0161.jpg","type":"image\/jpeg"}],"author":"Roberto","twitter_card":"summary_large_image","twitter_misc":{"Escrito por":"Roberto","Est. tempo de leitura":"2 minutos"},"schema":{"@context":"https:\/\/schema.org","@graph":[{"@type":"Article","@id":"https:\/\/regiaonews.net.br\/2022\/2024\/03\/17\/camara-entrega-quatro-titulos-de-cidadania\/#article","isPartOf":{"@id":"https:\/\/regiaonews.net.br\/2022\/2024\/03\/17\/camara-entrega-quatro-titulos-de-cidadania\/"},"author":{"name":"Roberto","@id":"https:\/\/regiaonews.net.br\/2022\/#\/schema\/person\/2d205a608a5aa97ac279d7a5e6d89ad8"},"headline":"C\u00e2mara entrega quatro t\u00edtulos de cidadania","datePublished":"2024-03-17T10:40:37+00:00","mainEntityOfPage":{"@id":"https:\/\/regiaonews.net.br\/2022\/2024\/03\/17\/camara-entrega-quatro-titulos-de-cidadania\/"},"wordCount":341,"commentCount":0,"publisher":{"@id":"https:\/\/regiaonews.net.br\/2022\/#organization"},"image":{"@id":"https:\/\/regiaonews.net.br\/2022\/2024\/03\/17\/camara-entrega-quatro-titulos-de-cidadania\/#primaryimage"},"thumbnailUrl":"https:\/\/regiaonews.net.br\/2022\/wp-content\/uploads\/2024\/03\/IMG-20240316-WA0161.jpg","articleSection":["Barretos","Cotidiano"],"inLanguage":"pt-BR","potentialAction":[{"@type":"CommentAction","name":"Comment","target":["https:\/\/regiaonews.net.br\/2022\/2024\/03\/17\/camara-entrega-quatro-titulos-de-cidadania\/#respond"]}]},{"@type":"WebPage","@id":"https:\/\/regiaonews.net.br\/2022\/2024\/03\/17\/camara-entrega-quatro-titulos-de-cidadania\/","url":"https:\/\/regiaonews.net.br\/2022\/2024\/03\/17\/camara-entrega-quatro-titulos-de-cidadania\/","name":"C\u00e2mara entrega quatro t\u00edtulos de cidadania - Regi\u00e3o News","isPartOf":{"@id":"https:\/\/regiaonews.net.br\/2022\/#website"},"primaryImageOfPage":{"@id":"https:\/\/regiaonews.net.br\/2022\/2024\/03\/17\/camara-entrega-quatro-titulos-de-cidadania\/#primaryimage"},"image":{"@id":"https:\/\/regiaonews.net.br\/2022\/2024\/03\/17\/camara-entrega-quatro-titulos-de-cidadania\/#primaryimage"},"thumbnailUrl":"https:\/\/regiaonews.net.br\/2022\/wp-content\/uploads\/2024\/03\/IMG-20240316-WA0161.jpg","datePublished":"2024-03-17T10:40:37+00:00","breadcrumb":{"@id":"https:\/\/regiaonews.net.br\/2022\/2024\/03\/17\/camara-entrega-quatro-titulos-de-cidadania\/#breadcrumb"},"inLanguage":"pt-BR","potentialAction":[{"@type":"ReadAction","target":["https:\/\/regiaonews.net.br\/2022\/2024\/03\/17\/camara-entrega-quatro-titulos-de-cidadania\/"]}]},{"@type":"ImageObject","inLanguage":"pt-BR","@id":"https:\/\/regiaonews.net.br\/2022\/2024\/03\/17\/camara-entrega-quatro-titulos-de-cidadania\/#primaryimage","url":"https:\/\/regiaonews.net.br\/2022\/wp-content\/uploads\/2024\/03\/IMG-20240316-WA0161.jpg","contentUrl":"https:\/\/regiaonews.net.br\/2022\/wp-content\/uploads\/2024\/03\/IMG-20240316-WA0161.jpg","width":1600,"height":913},{"@type":"BreadcrumbList","@id":"https:\/\/regiaonews.net.br\/2022\/2024\/03\/17\/camara-entrega-quatro-titulos-de-cidadania\/#breadcrumb","itemListElement":[{"@type":"ListItem","position":1,"name":"In\u00edcio","item":"https:\/\/regiaonews.net.br\/2022\/"},{"@type":"ListItem","position":2,"name":"C\u00e2mara entrega quatro t\u00edtulos de cidadania"}]},{"@type":"WebSite","@id":"https:\/\/regiaonews.net.br\/2022\/#website","url":"https:\/\/regiaonews.net.br\/2022\/","name":"Regi\u00e3o News","description":"Site de Not\u00edcias de Barretos e regi\u00e3o","publisher":{"@id":"https:\/\/regiaonews.net.br\/2022\/#organization"},"potentialAction":[{"@type":"SearchAction","target":{"@type":"EntryPoint","urlTemplate":"https:\/\/regiaonews.net.br\/2022\/?s={search_term_string}"},"query-input":{"@type":"PropertyValueSpecification","valueRequired":true,"valueName":"search_term_string"}}],"inLanguage":"pt-BR"},{"@type":"Organization","@id":"https:\/\/regiaonews.net.br\/2022\/#organization","name":"Regi\u00e3o News","url":"https:\/\/regiaonews.net.br\/2022\/","logo":{"@type":"ImageObject","inLanguage":"pt-BR","@id":"https:\/\/regiaonews.net.br\/2022\/#\/schema\/logo\/image\/","url":"https:\/\/regiaonews.net.br\/2022\/wp-content\/uploads\/2026\/03\/regiao-13-anos-scaled.jpg","contentUrl":"https:\/\/regiaonews.net.br\/2022\/wp-content\/uploads\/2026\/03\/regiao-13-anos-scaled.jpg","width":2560,"height":635,"caption":"Regi\u00e3o News"},"image":{"@id":"https:\/\/regiaonews.net.br\/2022\/#\/schema\/logo\/image\/"}},{"@type":"Person","@id":"https:\/\/regiaonews.net.br\/2022\/#\/schema\/person\/2d205a608a5aa97ac279d7a5e6d89ad8","name":"Roberto","image":{"@type":"ImageObject","inLanguage":"pt-BR","@id":"https:\/\/secure.gravatar.com\/avatar\/42749d8b712ff9d59ca93dc150494e5b55a44134482993f5baeb97e61b7ecc89?s=96&d=mm&r=g","url":"https:\/\/secure.gravatar.com\/avatar\/42749d8b712ff9d59ca93dc150494e5b55a44134482993f5baeb97e61b7ecc89?s=96&d=mm&r=g","contentUrl":"https:\/\/secure.gravatar.com\/avatar\/42749d8b712ff9d59ca93dc150494e5b55a44134482993f5baeb97e61b7ecc89?s=96&d=mm&r=g","caption":"Roberto"},"url":"https:\/\/regiaonews.net.br\/2022\/author\/roberto\/"}]}},"publishpress_future_action":{"enabled":false,"date":"2026-05-05 02:43:57","action":"change-status","newStatus":"draft","terms":[],"taxonomy":"category","extraData":[]},"publishpress_future_workflow_manual_trigger":{"enabledWorkflows":[]},"_links":{"self":[{"href":"https:\/\/regiaonews.net.br\/2022\/wp-json\/wp\/v2\/posts\/102524","targetHints":{"allow":["GET"]}}],"collection":[{"href":"https:\/\/regiaonews.net.br\/2022\/wp-json\/wp\/v2\/posts"}],"about":[{"href":"https:\/\/regiaonews.net.br\/2022\/wp-json\/wp\/v2\/types\/post"}],"author":[{"embeddable":true,"href":"https:\/\/regiaonews.net.br\/2022\/wp-json\/wp\/v2\/users\/2"}],"replies":[{"embeddable":true,"href":"https:\/\/regiaonews.net.br\/2022\/wp-json\/wp\/v2\/comments?post=102524"}],"version-history":[{"count":1,"href":"https:\/\/regiaonews.net.br\/2022\/wp-json\/wp\/v2\/posts\/102524\/revisions"}],"predecessor-version":[{"id":102526,"href":"https:\/\/regiaonews.net.br\/2022\/wp-json\/wp\/v2\/posts\/102524\/revisions\/102526"}],"wp:featuredmedia":[{"embeddable":true,"href":"https:\/\/regiaonews.net.br\/2022\/wp-json\/wp\/v2\/media\/102525"}],"wp:attachment":[{"href":"https:\/\/regiaonews.net.br\/2022\/wp-json\/wp\/v2\/media?parent=102524"}],"wp:term":[{"taxonomy":"category","embeddable":true,"href":"https:\/\/regiaonews.net.br\/2022\/wp-json\/wp\/v2\/categories?post=102524"},{"taxonomy":"post_tag","embeddable":true,"href":"https:\/\/regiaonews.net.br\/2022\/wp-json\/wp\/v2\/tags?post=102524"}],"curies":[{"name":"wp","href":"https:\/\/api.w.org\/{rel}","templated":true}]}}