{"id":102491,"date":"2024-03-16T09:25:38","date_gmt":"2024-03-16T12:25:38","guid":{"rendered":"https:\/\/regiaonews.net.br\/2022\/?p=102491"},"modified":"2024-03-16T09:27:12","modified_gmt":"2024-03-16T12:27:12","slug":"bec-enfrenta-hoje-o-rio-branco-em-americana","status":"publish","type":"post","link":"https:\/\/regiaonews.net.br\/2022\/2024\/03\/16\/bec-enfrenta-hoje-o-rio-branco-em-americana\/","title":{"rendered":"BEC enfrenta hoje o Rio Branco, em Americana"},"content":{"rendered":"<p>&nbsp;<\/p>\n<p>Foto \u2013 J\u00e2nio Munhoz<\/p>\n<p>&nbsp;<\/p>\n<p>O Barretos Esporte Clube entra em campo hoje (16), \u00e0s 15h, onde enfrenta a equipe do Rio Branco de Americana, no est\u00e1dio D\u00e9cio Vitta, com transmiss\u00e3o da R\u00e1dio O Di\u00e1rio Independente, com narra\u00e7\u00e3o de C\u00e9lio Mendes. A partida \u00e9 v\u00e1lida pela 12\u00aa rodada, e o BEC entra em campo com o objetivo de se manter nas primeiras coloca\u00e7\u00f5es da competi\u00e7\u00e3o. Atualmente o BEC, ocupa o 3\u00ba lugar com 21 pontos, atr\u00e1s da Francana que lidera a competi\u00e7\u00e3o com 23\u00a0 e perdeu na noite de ontem por 2 a 1 para o SKA Brasil e do Gr\u00eamio S\u00e3o-Carlense que est\u00e1 em segundo com 22 pontos. O advers\u00e1rio de hoje, o Rio Branco de Americana, ocupa o 6\u00ba lugar com 17 pontos.<\/p>\n<p>Na manh\u00e3 de ontem, a equipe do Barretos Esporte Clube finalizou a prepara\u00e7\u00e3o para a partida com treinamento de bola parada, faltas e trabalhos t\u00e1ticos. De acordo com o treinador do BEC, Gustavo Marciano, a partida diante do Rio Branco \u00e9 um jogo muito dif\u00edcil e pode ser considerado de seis pontos. \u201cPraticamente um jogo de seis pontos, porque voc\u00ea pega o Rio Branco com 17 pontos e a gente com 21 \u00e9 um jogo muito\u00a0 importante dentro da classifica\u00e7\u00e3o\u00a0 para se manter dentro do G-4. HOJE temos que fazer um grande jogo, e voltar a somar dentro da competi\u00e7\u00e3o, para o quanto antes buscar a nossa classifica\u00e7\u00e3o\u201d, destacou Marciano.<\/p>\n<p>O treinador barretense lembrou que ap\u00f3s a partida de hoje, o BEC ter\u00e1 mais dois jogos em casa e um fora, e pretende ter novamente o retorno de alguns atletas\u00a0 contundidos\u00a0 que desfalcam a equipe nos \u00faltimos jogos.<\/p>\n<p><strong>ARBITRAGEM:<\/strong> A Federa\u00e7\u00e3o Paulista de Futebol escalou o \u00e1rbitro Pietro Dimitrof Stefanelli, com os assistentes Eduardo Augusto Borges e Luiz Henrique Rodrigues Pimentel, tendo ainda como quarto \u00e1rbitro Marcel de Jesus Santos.<\/p>\n","protected":false},"excerpt":{"rendered":"<p>&nbsp; Foto \u2013 J\u00e2nio Munhoz &nbsp; O Barretos Esporte Clube<\/p>\n","protected":false},"author":2,"featured_media":102492,"comment_status":"open","ping_status":"open","sticky":false,"template":"","format":"standard","meta":{"footnotes":""},"categories":[183,21],"tags":[],"class_list":["post-102491","post","type-post","status-publish","format-standard","has-post-thumbnail","hentry","category-campeonato-paulista","category-esporte"],"yoast_head":"<!-- This site is optimized with the Yoast SEO plugin v27.4 - https:\/\/yoast.com\/product\/yoast-seo-wordpress\/ -->\n<title>BEC enfrenta hoje o Rio Branco, em Americana - Regi\u00e3o News<\/title>\n<meta name=\"robots\" content=\"index, follow, max-snippet:-1, max-image-preview:large, max-video-preview:-1\" \/>\n<link rel=\"canonical\" href=\"https:\/\/regiaonews.net.br\/2022\/2024\/03\/16\/bec-enfrenta-hoje-o-rio-branco-em-americana\/\" \/>\n<meta property=\"og:locale\" content=\"pt_BR\" \/>\n<meta property=\"og:type\" content=\"article\" \/>\n<meta property=\"og:title\" content=\"BEC enfrenta hoje o Rio Branco, em Americana - Regi\u00e3o News\" \/>\n<meta property=\"og:description\" content=\"&nbsp; Foto \u2013 J\u00e2nio Munhoz &nbsp; O Barretos Esporte Clube\" \/>\n<meta property=\"og:url\" content=\"https:\/\/regiaonews.net.br\/2022\/2024\/03\/16\/bec-enfrenta-hoje-o-rio-branco-em-americana\/\" \/>\n<meta property=\"og:site_name\" content=\"Regi\u00e3o News\" \/>\n<meta property=\"article:published_time\" content=\"2024-03-16T12:25:38+00:00\" \/>\n<meta property=\"article:modified_time\" content=\"2024-03-16T12:27:12+00:00\" \/>\n<meta property=\"og:image\" content=\"https:\/\/regiaonews.net.br\/2022\/wp-content\/uploads\/2024\/03\/DSC_3170-scaled.jpg\" \/>\n\t<meta property=\"og:image:width\" content=\"2560\" \/>\n\t<meta property=\"og:image:height\" content=\"1711\" \/>\n\t<meta property=\"og:image:type\" content=\"image\/jpeg\" \/>\n<meta name=\"author\" content=\"Roberto\" \/>\n<meta name=\"twitter:card\" content=\"summary_large_image\" \/>\n<meta name=\"twitter:label1\" content=\"Escrito por\" \/>\n\t<meta name=\"twitter:data1\" content=\"Roberto\" \/>\n\t<meta name=\"twitter:label2\" content=\"Est. tempo de leitura\" \/>\n\t<meta name=\"twitter:data2\" content=\"2 minutos\" \/>\n<script type=\"application\/ld+json\" class=\"yoast-schema-graph\">{\"@context\":\"https:\\\/\\\/schema.org\",\"@graph\":[{\"@type\":\"Article\",\"@id\":\"https:\\\/\\\/regiaonews.net.br\\\/2022\\\/2024\\\/03\\\/16\\\/bec-enfrenta-hoje-o-rio-branco-em-americana\\\/#article\",\"isPartOf\":{\"@id\":\"https:\\\/\\\/regiaonews.net.br\\\/2022\\\/2024\\\/03\\\/16\\\/bec-enfrenta-hoje-o-rio-branco-em-americana\\\/\"},\"author\":{\"name\":\"Roberto\",\"@id\":\"https:\\\/\\\/regiaonews.net.br\\\/2022\\\/#\\\/schema\\\/person\\\/2d205a608a5aa97ac279d7a5e6d89ad8\"},\"headline\":\"BEC enfrenta hoje o Rio Branco, em Americana\",\"datePublished\":\"2024-03-16T12:25:38+00:00\",\"dateModified\":\"2024-03-16T12:27:12+00:00\",\"mainEntityOfPage\":{\"@id\":\"https:\\\/\\\/regiaonews.net.br\\\/2022\\\/2024\\\/03\\\/16\\\/bec-enfrenta-hoje-o-rio-branco-em-americana\\\/\"},\"wordCount\":322,\"commentCount\":0,\"publisher\":{\"@id\":\"https:\\\/\\\/regiaonews.net.br\\\/2022\\\/#organization\"},\"image\":{\"@id\":\"https:\\\/\\\/regiaonews.net.br\\\/2022\\\/2024\\\/03\\\/16\\\/bec-enfrenta-hoje-o-rio-branco-em-americana\\\/#primaryimage\"},\"thumbnailUrl\":\"https:\\\/\\\/regiaonews.net.br\\\/2022\\\/wp-content\\\/uploads\\\/2024\\\/03\\\/DSC_3170-scaled.jpg\",\"articleSection\":[\"Campeonato Paulista\",\"Esporte\"],\"inLanguage\":\"pt-BR\",\"potentialAction\":[{\"@type\":\"CommentAction\",\"name\":\"Comment\",\"target\":[\"https:\\\/\\\/regiaonews.net.br\\\/2022\\\/2024\\\/03\\\/16\\\/bec-enfrenta-hoje-o-rio-branco-em-americana\\\/#respond\"]}]},{\"@type\":\"WebPage\",\"@id\":\"https:\\\/\\\/regiaonews.net.br\\\/2022\\\/2024\\\/03\\\/16\\\/bec-enfrenta-hoje-o-rio-branco-em-americana\\\/\",\"url\":\"https:\\\/\\\/regiaonews.net.br\\\/2022\\\/2024\\\/03\\\/16\\\/bec-enfrenta-hoje-o-rio-branco-em-americana\\\/\",\"name\":\"BEC enfrenta hoje o Rio Branco, em Americana - Regi\u00e3o News\",\"isPartOf\":{\"@id\":\"https:\\\/\\\/regiaonews.net.br\\\/2022\\\/#website\"},\"primaryImageOfPage\":{\"@id\":\"https:\\\/\\\/regiaonews.net.br\\\/2022\\\/2024\\\/03\\\/16\\\/bec-enfrenta-hoje-o-rio-branco-em-americana\\\/#primaryimage\"},\"image\":{\"@id\":\"https:\\\/\\\/regiaonews.net.br\\\/2022\\\/2024\\\/03\\\/16\\\/bec-enfrenta-hoje-o-rio-branco-em-americana\\\/#primaryimage\"},\"thumbnailUrl\":\"https:\\\/\\\/regiaonews.net.br\\\/2022\\\/wp-content\\\/uploads\\\/2024\\\/03\\\/DSC_3170-scaled.jpg\",\"datePublished\":\"2024-03-16T12:25:38+00:00\",\"dateModified\":\"2024-03-16T12:27:12+00:00\",\"breadcrumb\":{\"@id\":\"https:\\\/\\\/regiaonews.net.br\\\/2022\\\/2024\\\/03\\\/16\\\/bec-enfrenta-hoje-o-rio-branco-em-americana\\\/#breadcrumb\"},\"inLanguage\":\"pt-BR\",\"potentialAction\":[{\"@type\":\"ReadAction\",\"target\":[\"https:\\\/\\\/regiaonews.net.br\\\/2022\\\/2024\\\/03\\\/16\\\/bec-enfrenta-hoje-o-rio-branco-em-americana\\\/\"]}]},{\"@type\":\"ImageObject\",\"inLanguage\":\"pt-BR\",\"@id\":\"https:\\\/\\\/regiaonews.net.br\\\/2022\\\/2024\\\/03\\\/16\\\/bec-enfrenta-hoje-o-rio-branco-em-americana\\\/#primaryimage\",\"url\":\"https:\\\/\\\/regiaonews.net.br\\\/2022\\\/wp-content\\\/uploads\\\/2024\\\/03\\\/DSC_3170-scaled.jpg\",\"contentUrl\":\"https:\\\/\\\/regiaonews.net.br\\\/2022\\\/wp-content\\\/uploads\\\/2024\\\/03\\\/DSC_3170-scaled.jpg\",\"width\":2560,\"height\":1711},{\"@type\":\"BreadcrumbList\",\"@id\":\"https:\\\/\\\/regiaonews.net.br\\\/2022\\\/2024\\\/03\\\/16\\\/bec-enfrenta-hoje-o-rio-branco-em-americana\\\/#breadcrumb\",\"itemListElement\":[{\"@type\":\"ListItem\",\"position\":1,\"name\":\"In\u00edcio\",\"item\":\"https:\\\/\\\/regiaonews.net.br\\\/2022\\\/\"},{\"@type\":\"ListItem\",\"position\":2,\"name\":\"BEC enfrenta hoje o Rio Branco, em Americana\"}]},{\"@type\":\"WebSite\",\"@id\":\"https:\\\/\\\/regiaonews.net.br\\\/2022\\\/#website\",\"url\":\"https:\\\/\\\/regiaonews.net.br\\\/2022\\\/\",\"name\":\"Regi\u00e3o News\",\"description\":\"Site de Not\u00edcias de Barretos e regi\u00e3o\",\"publisher\":{\"@id\":\"https:\\\/\\\/regiaonews.net.br\\\/2022\\\/#organization\"},\"potentialAction\":[{\"@type\":\"SearchAction\",\"target\":{\"@type\":\"EntryPoint\",\"urlTemplate\":\"https:\\\/\\\/regiaonews.net.br\\\/2022\\\/?s={search_term_string}\"},\"query-input\":{\"@type\":\"PropertyValueSpecification\",\"valueRequired\":true,\"valueName\":\"search_term_string\"}}],\"inLanguage\":\"pt-BR\"},{\"@type\":\"Organization\",\"@id\":\"https:\\\/\\\/regiaonews.net.br\\\/2022\\\/#organization\",\"name\":\"Regi\u00e3o News\",\"url\":\"https:\\\/\\\/regiaonews.net.br\\\/2022\\\/\",\"logo\":{\"@type\":\"ImageObject\",\"inLanguage\":\"pt-BR\",\"@id\":\"https:\\\/\\\/regiaonews.net.br\\\/2022\\\/#\\\/schema\\\/logo\\\/image\\\/\",\"url\":\"https:\\\/\\\/regiaonews.net.br\\\/2022\\\/wp-content\\\/uploads\\\/2026\\\/03\\\/regiao-13-anos-scaled.jpg\",\"contentUrl\":\"https:\\\/\\\/regiaonews.net.br\\\/2022\\\/wp-content\\\/uploads\\\/2026\\\/03\\\/regiao-13-anos-scaled.jpg\",\"width\":2560,\"height\":635,\"caption\":\"Regi\u00e3o News\"},\"image\":{\"@id\":\"https:\\\/\\\/regiaonews.net.br\\\/2022\\\/#\\\/schema\\\/logo\\\/image\\\/\"}},{\"@type\":\"Person\",\"@id\":\"https:\\\/\\\/regiaonews.net.br\\\/2022\\\/#\\\/schema\\\/person\\\/2d205a608a5aa97ac279d7a5e6d89ad8\",\"name\":\"Roberto\",\"image\":{\"@type\":\"ImageObject\",\"inLanguage\":\"pt-BR\",\"@id\":\"https:\\\/\\\/secure.gravatar.com\\\/avatar\\\/42749d8b712ff9d59ca93dc150494e5b55a44134482993f5baeb97e61b7ecc89?s=96&d=mm&r=g\",\"url\":\"https:\\\/\\\/secure.gravatar.com\\\/avatar\\\/42749d8b712ff9d59ca93dc150494e5b55a44134482993f5baeb97e61b7ecc89?s=96&d=mm&r=g\",\"contentUrl\":\"https:\\\/\\\/secure.gravatar.com\\\/avatar\\\/42749d8b712ff9d59ca93dc150494e5b55a44134482993f5baeb97e61b7ecc89?s=96&d=mm&r=g\",\"caption\":\"Roberto\"},\"url\":\"https:\\\/\\\/regiaonews.net.br\\\/2022\\\/author\\\/roberto\\\/\"}]}<\/script>\n<!-- \/ Yoast SEO plugin. -->","yoast_head_json":{"title":"BEC enfrenta hoje o Rio Branco, em Americana - Regi\u00e3o News","robots":{"index":"index","follow":"follow","max-snippet":"max-snippet:-1","max-image-preview":"max-image-preview:large","max-video-preview":"max-video-preview:-1"},"canonical":"https:\/\/regiaonews.net.br\/2022\/2024\/03\/16\/bec-enfrenta-hoje-o-rio-branco-em-americana\/","og_locale":"pt_BR","og_type":"article","og_title":"BEC enfrenta hoje o Rio Branco, em Americana - Regi\u00e3o News","og_description":"&nbsp; Foto \u2013 J\u00e2nio Munhoz &nbsp; O Barretos Esporte Clube","og_url":"https:\/\/regiaonews.net.br\/2022\/2024\/03\/16\/bec-enfrenta-hoje-o-rio-branco-em-americana\/","og_site_name":"Regi\u00e3o News","article_published_time":"2024-03-16T12:25:38+00:00","article_modified_time":"2024-03-16T12:27:12+00:00","og_image":[{"width":2560,"height":1711,"url":"https:\/\/regiaonews.net.br\/2022\/wp-content\/uploads\/2024\/03\/DSC_3170-scaled.jpg","type":"image\/jpeg"}],"author":"Roberto","twitter_card":"summary_large_image","twitter_misc":{"Escrito por":"Roberto","Est. tempo de leitura":"2 minutos"},"schema":{"@context":"https:\/\/schema.org","@graph":[{"@type":"Article","@id":"https:\/\/regiaonews.net.br\/2022\/2024\/03\/16\/bec-enfrenta-hoje-o-rio-branco-em-americana\/#article","isPartOf":{"@id":"https:\/\/regiaonews.net.br\/2022\/2024\/03\/16\/bec-enfrenta-hoje-o-rio-branco-em-americana\/"},"author":{"name":"Roberto","@id":"https:\/\/regiaonews.net.br\/2022\/#\/schema\/person\/2d205a608a5aa97ac279d7a5e6d89ad8"},"headline":"BEC enfrenta hoje o Rio Branco, em Americana","datePublished":"2024-03-16T12:25:38+00:00","dateModified":"2024-03-16T12:27:12+00:00","mainEntityOfPage":{"@id":"https:\/\/regiaonews.net.br\/2022\/2024\/03\/16\/bec-enfrenta-hoje-o-rio-branco-em-americana\/"},"wordCount":322,"commentCount":0,"publisher":{"@id":"https:\/\/regiaonews.net.br\/2022\/#organization"},"image":{"@id":"https:\/\/regiaonews.net.br\/2022\/2024\/03\/16\/bec-enfrenta-hoje-o-rio-branco-em-americana\/#primaryimage"},"thumbnailUrl":"https:\/\/regiaonews.net.br\/2022\/wp-content\/uploads\/2024\/03\/DSC_3170-scaled.jpg","articleSection":["Campeonato Paulista","Esporte"],"inLanguage":"pt-BR","potentialAction":[{"@type":"CommentAction","name":"Comment","target":["https:\/\/regiaonews.net.br\/2022\/2024\/03\/16\/bec-enfrenta-hoje-o-rio-branco-em-americana\/#respond"]}]},{"@type":"WebPage","@id":"https:\/\/regiaonews.net.br\/2022\/2024\/03\/16\/bec-enfrenta-hoje-o-rio-branco-em-americana\/","url":"https:\/\/regiaonews.net.br\/2022\/2024\/03\/16\/bec-enfrenta-hoje-o-rio-branco-em-americana\/","name":"BEC enfrenta hoje o Rio Branco, em Americana - Regi\u00e3o News","isPartOf":{"@id":"https:\/\/regiaonews.net.br\/2022\/#website"},"primaryImageOfPage":{"@id":"https:\/\/regiaonews.net.br\/2022\/2024\/03\/16\/bec-enfrenta-hoje-o-rio-branco-em-americana\/#primaryimage"},"image":{"@id":"https:\/\/regiaonews.net.br\/2022\/2024\/03\/16\/bec-enfrenta-hoje-o-rio-branco-em-americana\/#primaryimage"},"thumbnailUrl":"https:\/\/regiaonews.net.br\/2022\/wp-content\/uploads\/2024\/03\/DSC_3170-scaled.jpg","datePublished":"2024-03-16T12:25:38+00:00","dateModified":"2024-03-16T12:27:12+00:00","breadcrumb":{"@id":"https:\/\/regiaonews.net.br\/2022\/2024\/03\/16\/bec-enfrenta-hoje-o-rio-branco-em-americana\/#breadcrumb"},"inLanguage":"pt-BR","potentialAction":[{"@type":"ReadAction","target":["https:\/\/regiaonews.net.br\/2022\/2024\/03\/16\/bec-enfrenta-hoje-o-rio-branco-em-americana\/"]}]},{"@type":"ImageObject","inLanguage":"pt-BR","@id":"https:\/\/regiaonews.net.br\/2022\/2024\/03\/16\/bec-enfrenta-hoje-o-rio-branco-em-americana\/#primaryimage","url":"https:\/\/regiaonews.net.br\/2022\/wp-content\/uploads\/2024\/03\/DSC_3170-scaled.jpg","contentUrl":"https:\/\/regiaonews.net.br\/2022\/wp-content\/uploads\/2024\/03\/DSC_3170-scaled.jpg","width":2560,"height":1711},{"@type":"BreadcrumbList","@id":"https:\/\/regiaonews.net.br\/2022\/2024\/03\/16\/bec-enfrenta-hoje-o-rio-branco-em-americana\/#breadcrumb","itemListElement":[{"@type":"ListItem","position":1,"name":"In\u00edcio","item":"https:\/\/regiaonews.net.br\/2022\/"},{"@type":"ListItem","position":2,"name":"BEC enfrenta hoje o Rio Branco, em Americana"}]},{"@type":"WebSite","@id":"https:\/\/regiaonews.net.br\/2022\/#website","url":"https:\/\/regiaonews.net.br\/2022\/","name":"Regi\u00e3o News","description":"Site de Not\u00edcias de Barretos e regi\u00e3o","publisher":{"@id":"https:\/\/regiaonews.net.br\/2022\/#organization"},"potentialAction":[{"@type":"SearchAction","target":{"@type":"EntryPoint","urlTemplate":"https:\/\/regiaonews.net.br\/2022\/?s={search_term_string}"},"query-input":{"@type":"PropertyValueSpecification","valueRequired":true,"valueName":"search_term_string"}}],"inLanguage":"pt-BR"},{"@type":"Organization","@id":"https:\/\/regiaonews.net.br\/2022\/#organization","name":"Regi\u00e3o News","url":"https:\/\/regiaonews.net.br\/2022\/","logo":{"@type":"ImageObject","inLanguage":"pt-BR","@id":"https:\/\/regiaonews.net.br\/2022\/#\/schema\/logo\/image\/","url":"https:\/\/regiaonews.net.br\/2022\/wp-content\/uploads\/2026\/03\/regiao-13-anos-scaled.jpg","contentUrl":"https:\/\/regiaonews.net.br\/2022\/wp-content\/uploads\/2026\/03\/regiao-13-anos-scaled.jpg","width":2560,"height":635,"caption":"Regi\u00e3o News"},"image":{"@id":"https:\/\/regiaonews.net.br\/2022\/#\/schema\/logo\/image\/"}},{"@type":"Person","@id":"https:\/\/regiaonews.net.br\/2022\/#\/schema\/person\/2d205a608a5aa97ac279d7a5e6d89ad8","name":"Roberto","image":{"@type":"ImageObject","inLanguage":"pt-BR","@id":"https:\/\/secure.gravatar.com\/avatar\/42749d8b712ff9d59ca93dc150494e5b55a44134482993f5baeb97e61b7ecc89?s=96&d=mm&r=g","url":"https:\/\/secure.gravatar.com\/avatar\/42749d8b712ff9d59ca93dc150494e5b55a44134482993f5baeb97e61b7ecc89?s=96&d=mm&r=g","contentUrl":"https:\/\/secure.gravatar.com\/avatar\/42749d8b712ff9d59ca93dc150494e5b55a44134482993f5baeb97e61b7ecc89?s=96&d=mm&r=g","caption":"Roberto"},"url":"https:\/\/regiaonews.net.br\/2022\/author\/roberto\/"}]}},"publishpress_future_action":{"enabled":false,"date":"2026-05-04 14:18:24","action":"change-status","newStatus":"draft","terms":[],"taxonomy":"category","extraData":[]},"publishpress_future_workflow_manual_trigger":{"enabledWorkflows":[]},"_links":{"self":[{"href":"https:\/\/regiaonews.net.br\/2022\/wp-json\/wp\/v2\/posts\/102491","targetHints":{"allow":["GET"]}}],"collection":[{"href":"https:\/\/regiaonews.net.br\/2022\/wp-json\/wp\/v2\/posts"}],"about":[{"href":"https:\/\/regiaonews.net.br\/2022\/wp-json\/wp\/v2\/types\/post"}],"author":[{"embeddable":true,"href":"https:\/\/regiaonews.net.br\/2022\/wp-json\/wp\/v2\/users\/2"}],"replies":[{"embeddable":true,"href":"https:\/\/regiaonews.net.br\/2022\/wp-json\/wp\/v2\/comments?post=102491"}],"version-history":[{"count":1,"href":"https:\/\/regiaonews.net.br\/2022\/wp-json\/wp\/v2\/posts\/102491\/revisions"}],"predecessor-version":[{"id":102494,"href":"https:\/\/regiaonews.net.br\/2022\/wp-json\/wp\/v2\/posts\/102491\/revisions\/102494"}],"wp:featuredmedia":[{"embeddable":true,"href":"https:\/\/regiaonews.net.br\/2022\/wp-json\/wp\/v2\/media\/102492"}],"wp:attachment":[{"href":"https:\/\/regiaonews.net.br\/2022\/wp-json\/wp\/v2\/media?parent=102491"}],"wp:term":[{"taxonomy":"category","embeddable":true,"href":"https:\/\/regiaonews.net.br\/2022\/wp-json\/wp\/v2\/categories?post=102491"},{"taxonomy":"post_tag","embeddable":true,"href":"https:\/\/regiaonews.net.br\/2022\/wp-json\/wp\/v2\/tags?post=102491"}],"curies":[{"name":"wp","href":"https:\/\/api.w.org\/{rel}","templated":true}]}}